{"id":3366,"date":"2023-09-16T07:05:32","date_gmt":"2023-09-16T07:05:32","guid":{"rendered":"https:\/\/bale.ch\/journal\/?p=3366"},"modified":"2023-09-16T08:34:40","modified_gmt":"2023-09-16T08:34:40","slug":"degat-des-eaux-a-la-bibliotheque-universitaire-de-bale-plus-de-1100-livres-touches","status":"publish","type":"post","link":"https:\/\/bale.ch\/journal\/degat-des-eaux-a-la-bibliotheque-universitaire-de-bale-plus-de-1100-livres-touches\/","title":{"rendered":"D\u00e9g\u00e2t des eaux \u00e0 la biblioth\u00e8que universitaire de B\u00e2le: plus de 1100 livres touch\u00e9s"},"content":{"rendered":"\n<p class=\"wp-block-paragraph\">Universit\u00e4tsbibliothek | <strong>Dans la nuit du vendredi 15 septembre 2023, de l&rsquo;eau s&rsquo;est infiltr\u00e9e par le plafond dans les \u00e9tages sup\u00e9rieurs du magasin \u00e0 ciel ouvert en raison de dommages \u00e0 la chaudi\u00e8re. <\/strong><\/p>\n\n\n\n<p class=\"wp-block-paragraph\">Plusieurs \u00e9tages et plus de 1100 ouvrages sont concern\u00e9s. Il s\u2019agit cependant exclusivement de stocks de livres modernes. Les collaborateurs de l&rsquo;UB ont travaill\u00e9 \u00e0 grande \u00e9chelle depuis le petit matin pour s\u00e9curiser les stocks et s\u00e9cher les salles avec l&rsquo;aide des pompier. <\/p>\n\n\n\n<h2 class=\"wp-block-heading\">Acc\u00e8s limit\u00e9 <\/h2>\n\n\n\n<p class=\"wp-block-paragraph\">L&rsquo;entrep\u00f4t en libre acc\u00e8s restera ferm\u00e9 jusqu&rsquo;\u00e0 14 heures et m\u00eame apr\u00e8s cela, une partie de l&rsquo;inventaire ne sera disponible que dans une mesure limit\u00e9e. La salle de lecture sp\u00e9ciale est \u00e9galement ferm\u00e9e jusqu&rsquo;\u00e0 nouvel ordre pour le tri et le s\u00e9chage des livres concern\u00e9s. Les autres salles de lecture et salles d&rsquo;\u00e9tude sont ouvertes normalement.<\/p><div id=\"crieu-3734153490\" class=\"crieu-content crieu-entity-placement\"><script async src=\"\/\/pagead2.googlesyndication.com\/pagead\/js\/adsbygoogle.js?client=ca-pub-5271584769416742\" crossorigin=\"anonymous\"><\/script><ins class=\"adsbygoogle\" style=\"display:block;\" data-ad-client=\"ca-pub-5271584769416742\" \ndata-ad-slot=\"9321250718\" \ndata-ad-format=\"auto\"><\/ins>\n<script> \n(adsbygoogle = window.adsbygoogle || []).push({}); \n<\/script>\n<\/div>\n\n\n\n<p class=\"wp-block-paragraph\"><em>Photo: zur Verf\u00fcgung gestellt &#8211; Unibas<\/em><\/p>\n<div id=\"crieu-1923984848\" class=\"crieu-apres-le-contenu crieu-entity-placement\" style=\"margin-left: auto;margin-right: auto;text-align: center;\"><script async src=\"\/\/pagead2.googlesyndication.com\/pagead\/js\/adsbygoogle.js?client=ca-pub-5271584769416742\" crossorigin=\"anonymous\"><\/script><ins class=\"adsbygoogle\" style=\"display:block;\" data-ad-client=\"ca-pub-5271584769416742\" \ndata-ad-slot=\"9321250718\" \ndata-ad-format=\"auto\"><\/ins>\n<script> \n(adsbygoogle = window.adsbygoogle || []).push({}); \n<\/script>\n<\/div>","protected":false},"excerpt":{"rendered":"<p>Universit\u00e4tsbibliothek | Dans la nuit du vendredi 15 septembre 2023, de l&rsquo;eau s&rsquo;est infiltr\u00e9e par le plafond dans les \u00e9tages sup\u00e9rieurs du magasin \u00e0 ciel ouvert en raison de dommages <a href=\"https:\/\/bale.ch\/journal\/degat-des-eaux-a-la-bibliotheque-universitaire-de-bale-plus-de-1100-livres-touches\/\" class=\"read-more button-fancy -red\"><span class=\"btn-arrow\"><\/span><span class=\"twp-read-more text\">Continuer la lecture<\/span><\/a><\/p>\n","protected":false},"author":2,"featured_media":3367,"comment_status":"closed","ping_status":"closed","sticky":false,"template":"","format":"standard","meta":{"footnotes":""},"categories":[103,7],"tags":[60,152,27],"class_list":["post-3366","post","type-post","status-publish","format-standard","has-post-thumbnail","hentry","category-actu","category-bale","tag-bale","tag-bibliotheque","tag-universite-de-bale"],"yoast_head":"<!-- This site is optimized with the Yoast SEO plugin v28.3 - https:\/\/yoast.com\/product\/yoast-seo-wordpress\/ -->\n<title>D\u00e9g\u00e2t des eaux \u00e0 la biblioth\u00e8que universitaire de B\u00e2le: plus de 1100 livres touch\u00e9s - Journal de B\u00e2le et Gen\u00e8ve<\/title>\n<meta name=\"robots\" content=\"index, follow, max-snippet:-1, max-image-preview:large, max-video-preview:-1\" \/>\n<link rel=\"canonical\" href=\"https:\/\/bale.ch\/journal\/degat-des-eaux-a-la-bibliotheque-universitaire-de-bale-plus-de-1100-livres-touches\/\" \/>\n<meta property=\"og:locale\" content=\"fr_FR\" \/>\n<meta property=\"og:type\" content=\"article\" \/>\n<meta property=\"og:title\" content=\"D\u00e9g\u00e2t des eaux \u00e0 la biblioth\u00e8que universitaire de B\u00e2le: plus de 1100 livres touch\u00e9s - Journal de B\u00e2le et Gen\u00e8ve\" \/>\n<meta property=\"og:description\" content=\"Universit\u00e4tsbibliothek | Dans la nuit du vendredi 15 septembre 2023, de l&rsquo;eau s&rsquo;est infiltr\u00e9e par le plafond dans les \u00e9tages sup\u00e9rieurs du magasin \u00e0 ciel ouvert en raison de dommages Continuer la lecture\" \/>\n<meta property=\"og:url\" content=\"https:\/\/bale.ch\/journal\/degat-des-eaux-a-la-bibliotheque-universitaire-de-bale-plus-de-1100-livres-touches\/\" \/>\n<meta property=\"og:site_name\" content=\"Journal de B\u00e2le et Gen\u00e8ve\" \/>\n<meta property=\"article:published_time\" content=\"2023-09-16T07:05:32+00:00\" \/>\n<meta property=\"article:modified_time\" content=\"2023-09-16T08:34:40+00:00\" \/>\n<meta property=\"og:image\" content=\"https:\/\/bale.ch\/journal\/wp-content\/uploads\/2023\/09\/unibibliothek_basel_bibliotheque_bale.jpg\" \/>\n\t<meta property=\"og:image:width\" content=\"900\" \/>\n\t<meta property=\"og:image:height\" content=\"484\" \/>\n\t<meta property=\"og:image:type\" content=\"image\/jpeg\" \/>\n<meta name=\"author\" content=\"La R\u00e9daction\" \/>\n<meta name=\"twitter:card\" content=\"summary_large_image\" \/>\n<meta name=\"twitter:label1\" content=\"\u00c9crit par\" \/>\n\t<meta name=\"twitter:data1\" content=\"La R\u00e9daction\" \/>\n\t<meta name=\"twitter:label2\" content=\"Dur\u00e9e de lecture estim\u00e9e\" \/>\n\t<meta name=\"twitter:data2\" content=\"1 minute\" \/>\n<script type=\"application\/ld+json\" class=\"yoast-schema-graph\">{\"@context\":\"https:\\\/\\\/schema.org\",\"@graph\":[{\"@type\":\"Article\",\"@id\":\"https:\\\/\\\/bale.ch\\\/journal\\\/degat-des-eaux-a-la-bibliotheque-universitaire-de-bale-plus-de-1100-livres-touches\\\/#article\",\"isPartOf\":{\"@id\":\"https:\\\/\\\/bale.ch\\\/journal\\\/degat-des-eaux-a-la-bibliotheque-universitaire-de-bale-plus-de-1100-livres-touches\\\/\"},\"author\":{\"name\":\"La R\u00e9daction\",\"@id\":\"https:\\\/\\\/bale.ch\\\/journal\\\/#\\\/schema\\\/person\\\/03ced978db3b7a5274c5cef003f352f5\"},\"headline\":\"D\u00e9g\u00e2t des eaux \u00e0 la biblioth\u00e8que universitaire de B\u00e2le: plus de 1100 livres touch\u00e9s\",\"datePublished\":\"2023-09-16T07:05:32+00:00\",\"dateModified\":\"2023-09-16T08:34:40+00:00\",\"mainEntityOfPage\":{\"@id\":\"https:\\\/\\\/bale.ch\\\/journal\\\/degat-des-eaux-a-la-bibliotheque-universitaire-de-bale-plus-de-1100-livres-touches\\\/\"},\"wordCount\":175,\"publisher\":{\"@id\":\"https:\\\/\\\/bale.ch\\\/journal\\\/#organization\"},\"image\":{\"@id\":\"https:\\\/\\\/bale.ch\\\/journal\\\/degat-des-eaux-a-la-bibliotheque-universitaire-de-bale-plus-de-1100-livres-touches\\\/#primaryimage\"},\"thumbnailUrl\":\"https:\\\/\\\/bale.ch\\\/journal\\\/wp-content\\\/uploads\\\/2023\\\/09\\\/unibibliothek_basel_bibliotheque_bale.jpg\",\"keywords\":[\"B\u00e2le\",\"Biblioth\u00e8que\",\"Universit\u00e9 de B\u00e2le\"],\"articleSection\":[\"Actualit\u00e9s\",\"B\u00e2le Trinationale\"],\"inLanguage\":\"fr-FR\"},{\"@type\":\"WebPage\",\"@id\":\"https:\\\/\\\/bale.ch\\\/journal\\\/degat-des-eaux-a-la-bibliotheque-universitaire-de-bale-plus-de-1100-livres-touches\\\/\",\"url\":\"https:\\\/\\\/bale.ch\\\/journal\\\/degat-des-eaux-a-la-bibliotheque-universitaire-de-bale-plus-de-1100-livres-touches\\\/\",\"name\":\"D\u00e9g\u00e2t des eaux \u00e0 la biblioth\u00e8que universitaire de B\u00e2le: plus de 1100 livres touch\u00e9s - Journal de B\u00e2le et Gen\u00e8ve\",\"isPartOf\":{\"@id\":\"https:\\\/\\\/bale.ch\\\/journal\\\/#website\"},\"primaryImageOfPage\":{\"@id\":\"https:\\\/\\\/bale.ch\\\/journal\\\/degat-des-eaux-a-la-bibliotheque-universitaire-de-bale-plus-de-1100-livres-touches\\\/#primaryimage\"},\"image\":{\"@id\":\"https:\\\/\\\/bale.ch\\\/journal\\\/degat-des-eaux-a-la-bibliotheque-universitaire-de-bale-plus-de-1100-livres-touches\\\/#primaryimage\"},\"thumbnailUrl\":\"https:\\\/\\\/bale.ch\\\/journal\\\/wp-content\\\/uploads\\\/2023\\\/09\\\/unibibliothek_basel_bibliotheque_bale.jpg\",\"datePublished\":\"2023-09-16T07:05:32+00:00\",\"dateModified\":\"2023-09-16T08:34:40+00:00\",\"breadcrumb\":{\"@id\":\"https:\\\/\\\/bale.ch\\\/journal\\\/degat-des-eaux-a-la-bibliotheque-universitaire-de-bale-plus-de-1100-livres-touches\\\/#breadcrumb\"},\"inLanguage\":\"fr-FR\",\"potentialAction\":[{\"@type\":\"ReadAction\",\"target\":[\"https:\\\/\\\/bale.ch\\\/journal\\\/degat-des-eaux-a-la-bibliotheque-universitaire-de-bale-plus-de-1100-livres-touches\\\/\"]}]},{\"@type\":\"ImageObject\",\"inLanguage\":\"fr-FR\",\"@id\":\"https:\\\/\\\/bale.ch\\\/journal\\\/degat-des-eaux-a-la-bibliotheque-universitaire-de-bale-plus-de-1100-livres-touches\\\/#primaryimage\",\"url\":\"https:\\\/\\\/bale.ch\\\/journal\\\/wp-content\\\/uploads\\\/2023\\\/09\\\/unibibliothek_basel_bibliotheque_bale.jpg\",\"contentUrl\":\"https:\\\/\\\/bale.ch\\\/journal\\\/wp-content\\\/uploads\\\/2023\\\/09\\\/unibibliothek_basel_bibliotheque_bale.jpg\",\"width\":900,\"height\":484},{\"@type\":\"BreadcrumbList\",\"@id\":\"https:\\\/\\\/bale.ch\\\/journal\\\/degat-des-eaux-a-la-bibliotheque-universitaire-de-bale-plus-de-1100-livres-touches\\\/#breadcrumb\",\"itemListElement\":[{\"@type\":\"ListItem\",\"position\":1,\"name\":\"Accueil\",\"item\":\"https:\\\/\\\/bale.ch\\\/journal\\\/\"},{\"@type\":\"ListItem\",\"position\":2,\"name\":\"D\u00e9g\u00e2t des eaux \u00e0 la biblioth\u00e8que universitaire de B\u00e2le: plus de 1100 livres touch\u00e9s\"}]},{\"@type\":\"WebSite\",\"@id\":\"https:\\\/\\\/bale.ch\\\/journal\\\/#website\",\"url\":\"https:\\\/\\\/bale.ch\\\/journal\\\/\",\"name\":\"Journal de B\u00e2le et Gen\u00e8ve\",\"description\":\"M\u00e9dia transfrontalier d&#039;actualit\u00e9s - News\",\"publisher\":{\"@id\":\"https:\\\/\\\/bale.ch\\\/journal\\\/#organization\"},\"potentialAction\":[{\"@type\":\"SearchAction\",\"target\":{\"@type\":\"EntryPoint\",\"urlTemplate\":\"https:\\\/\\\/bale.ch\\\/journal\\\/?s={search_term_string}\"},\"query-input\":{\"@type\":\"PropertyValueSpecification\",\"valueRequired\":true,\"valueName\":\"search_term_string\"}}],\"inLanguage\":\"fr-FR\"},{\"@type\":\"Organization\",\"@id\":\"https:\\\/\\\/bale.ch\\\/journal\\\/#organization\",\"name\":\"Journal de B\u00e2le et Gen\u00e8ve\",\"url\":\"https:\\\/\\\/bale.ch\\\/journal\\\/\",\"logo\":{\"@type\":\"ImageObject\",\"inLanguage\":\"fr-FR\",\"@id\":\"https:\\\/\\\/bale.ch\\\/journal\\\/#\\\/schema\\\/logo\\\/image\\\/\",\"url\":\"https:\\\/\\\/bale.ch\\\/journal\\\/wp-content\\\/uploads\\\/2023\\\/07\\\/journaldebale_logo_2023_nb.png\",\"contentUrl\":\"https:\\\/\\\/bale.ch\\\/journal\\\/wp-content\\\/uploads\\\/2023\\\/07\\\/journaldebale_logo_2023_nb.png\",\"width\":371,\"height\":127,\"caption\":\"Journal de B\u00e2le et Gen\u00e8ve\"},\"image\":{\"@id\":\"https:\\\/\\\/bale.ch\\\/journal\\\/#\\\/schema\\\/logo\\\/image\\\/\"}},{\"@type\":\"Person\",\"@id\":\"https:\\\/\\\/bale.ch\\\/journal\\\/#\\\/schema\\\/person\\\/03ced978db3b7a5274c5cef003f352f5\",\"name\":\"La R\u00e9daction\",\"image\":{\"@type\":\"ImageObject\",\"inLanguage\":\"fr-FR\",\"@id\":\"https:\\\/\\\/secure.gravatar.com\\\/avatar\\\/d1327e2ce8d2b860112f968a3f34686c9bdda7a463a1502cdd1070ac9d88cf1e?s=96&d=mm&r=g\",\"url\":\"https:\\\/\\\/secure.gravatar.com\\\/avatar\\\/d1327e2ce8d2b860112f968a3f34686c9bdda7a463a1502cdd1070ac9d88cf1e?s=96&d=mm&r=g\",\"contentUrl\":\"https:\\\/\\\/secure.gravatar.com\\\/avatar\\\/d1327e2ce8d2b860112f968a3f34686c9bdda7a463a1502cdd1070ac9d88cf1e?s=96&d=mm&r=g\",\"caption\":\"La R\u00e9daction\"},\"url\":\"https:\\\/\\\/bale.ch\\\/journal\\\/author\\\/laredaction\\\/\"}]}<\/script>\n<!-- \/ Yoast SEO plugin. -->","yoast_head_json":{"title":"D\u00e9g\u00e2t des eaux \u00e0 la biblioth\u00e8que universitaire de B\u00e2le: plus de 1100 livres touch\u00e9s - Journal de B\u00e2le et Gen\u00e8ve","robots":{"index":"index","follow":"follow","max-snippet":"max-snippet:-1","max-image-preview":"max-image-preview:large","max-video-preview":"max-video-preview:-1"},"canonical":"https:\/\/bale.ch\/journal\/degat-des-eaux-a-la-bibliotheque-universitaire-de-bale-plus-de-1100-livres-touches\/","og_locale":"fr_FR","og_type":"article","og_title":"D\u00e9g\u00e2t des eaux \u00e0 la biblioth\u00e8que universitaire de B\u00e2le: plus de 1100 livres touch\u00e9s - Journal de B\u00e2le et Gen\u00e8ve","og_description":"Universit\u00e4tsbibliothek | Dans la nuit du vendredi 15 septembre 2023, de l&rsquo;eau s&rsquo;est infiltr\u00e9e par le plafond dans les \u00e9tages sup\u00e9rieurs du magasin \u00e0 ciel ouvert en raison de dommages Continuer la lecture","og_url":"https:\/\/bale.ch\/journal\/degat-des-eaux-a-la-bibliotheque-universitaire-de-bale-plus-de-1100-livres-touches\/","og_site_name":"Journal de B\u00e2le et Gen\u00e8ve","article_published_time":"2023-09-16T07:05:32+00:00","article_modified_time":"2023-09-16T08:34:40+00:00","og_image":[{"width":900,"height":484,"url":"https:\/\/bale.ch\/journal\/wp-content\/uploads\/2023\/09\/unibibliothek_basel_bibliotheque_bale.jpg","type":"image\/jpeg"}],"author":"La R\u00e9daction","twitter_card":"summary_large_image","twitter_misc":{"\u00c9crit par":"La R\u00e9daction","Dur\u00e9e de lecture estim\u00e9e":"1 minute"},"schema":{"@context":"https:\/\/schema.org","@graph":[{"@type":"Article","@id":"https:\/\/bale.ch\/journal\/degat-des-eaux-a-la-bibliotheque-universitaire-de-bale-plus-de-1100-livres-touches\/#article","isPartOf":{"@id":"https:\/\/bale.ch\/journal\/degat-des-eaux-a-la-bibliotheque-universitaire-de-bale-plus-de-1100-livres-touches\/"},"author":{"name":"La R\u00e9daction","@id":"https:\/\/bale.ch\/journal\/#\/schema\/person\/03ced978db3b7a5274c5cef003f352f5"},"headline":"D\u00e9g\u00e2t des eaux \u00e0 la biblioth\u00e8que universitaire de B\u00e2le: plus de 1100 livres touch\u00e9s","datePublished":"2023-09-16T07:05:32+00:00","dateModified":"2023-09-16T08:34:40+00:00","mainEntityOfPage":{"@id":"https:\/\/bale.ch\/journal\/degat-des-eaux-a-la-bibliotheque-universitaire-de-bale-plus-de-1100-livres-touches\/"},"wordCount":175,"publisher":{"@id":"https:\/\/bale.ch\/journal\/#organization"},"image":{"@id":"https:\/\/bale.ch\/journal\/degat-des-eaux-a-la-bibliotheque-universitaire-de-bale-plus-de-1100-livres-touches\/#primaryimage"},"thumbnailUrl":"https:\/\/bale.ch\/journal\/wp-content\/uploads\/2023\/09\/unibibliothek_basel_bibliotheque_bale.jpg","keywords":["B\u00e2le","Biblioth\u00e8que","Universit\u00e9 de B\u00e2le"],"articleSection":["Actualit\u00e9s","B\u00e2le Trinationale"],"inLanguage":"fr-FR"},{"@type":"WebPage","@id":"https:\/\/bale.ch\/journal\/degat-des-eaux-a-la-bibliotheque-universitaire-de-bale-plus-de-1100-livres-touches\/","url":"https:\/\/bale.ch\/journal\/degat-des-eaux-a-la-bibliotheque-universitaire-de-bale-plus-de-1100-livres-touches\/","name":"D\u00e9g\u00e2t des eaux \u00e0 la biblioth\u00e8que universitaire de B\u00e2le: plus de 1100 livres touch\u00e9s - Journal de B\u00e2le et Gen\u00e8ve","isPartOf":{"@id":"https:\/\/bale.ch\/journal\/#website"},"primaryImageOfPage":{"@id":"https:\/\/bale.ch\/journal\/degat-des-eaux-a-la-bibliotheque-universitaire-de-bale-plus-de-1100-livres-touches\/#primaryimage"},"image":{"@id":"https:\/\/bale.ch\/journal\/degat-des-eaux-a-la-bibliotheque-universitaire-de-bale-plus-de-1100-livres-touches\/#primaryimage"},"thumbnailUrl":"https:\/\/bale.ch\/journal\/wp-content\/uploads\/2023\/09\/unibibliothek_basel_bibliotheque_bale.jpg","datePublished":"2023-09-16T07:05:32+00:00","dateModified":"2023-09-16T08:34:40+00:00","breadcrumb":{"@id":"https:\/\/bale.ch\/journal\/degat-des-eaux-a-la-bibliotheque-universitaire-de-bale-plus-de-1100-livres-touches\/#breadcrumb"},"inLanguage":"fr-FR","potentialAction":[{"@type":"ReadAction","target":["https:\/\/bale.ch\/journal\/degat-des-eaux-a-la-bibliotheque-universitaire-de-bale-plus-de-1100-livres-touches\/"]}]},{"@type":"ImageObject","inLanguage":"fr-FR","@id":"https:\/\/bale.ch\/journal\/degat-des-eaux-a-la-bibliotheque-universitaire-de-bale-plus-de-1100-livres-touches\/#primaryimage","url":"https:\/\/bale.ch\/journal\/wp-content\/uploads\/2023\/09\/unibibliothek_basel_bibliotheque_bale.jpg","contentUrl":"https:\/\/bale.ch\/journal\/wp-content\/uploads\/2023\/09\/unibibliothek_basel_bibliotheque_bale.jpg","width":900,"height":484},{"@type":"BreadcrumbList","@id":"https:\/\/bale.ch\/journal\/degat-des-eaux-a-la-bibliotheque-universitaire-de-bale-plus-de-1100-livres-touches\/#breadcrumb","itemListElement":[{"@type":"ListItem","position":1,"name":"Accueil","item":"https:\/\/bale.ch\/journal\/"},{"@type":"ListItem","position":2,"name":"D\u00e9g\u00e2t des eaux \u00e0 la biblioth\u00e8que universitaire de B\u00e2le: plus de 1100 livres touch\u00e9s"}]},{"@type":"WebSite","@id":"https:\/\/bale.ch\/journal\/#website","url":"https:\/\/bale.ch\/journal\/","name":"Journal de B\u00e2le et Gen\u00e8ve","description":"M\u00e9dia transfrontalier d&#039;actualit\u00e9s - News","publisher":{"@id":"https:\/\/bale.ch\/journal\/#organization"},"potentialAction":[{"@type":"SearchAction","target":{"@type":"EntryPoint","urlTemplate":"https:\/\/bale.ch\/journal\/?s={search_term_string}"},"query-input":{"@type":"PropertyValueSpecification","valueRequired":true,"valueName":"search_term_string"}}],"inLanguage":"fr-FR"},{"@type":"Organization","@id":"https:\/\/bale.ch\/journal\/#organization","name":"Journal de B\u00e2le et Gen\u00e8ve","url":"https:\/\/bale.ch\/journal\/","logo":{"@type":"ImageObject","inLanguage":"fr-FR","@id":"https:\/\/bale.ch\/journal\/#\/schema\/logo\/image\/","url":"https:\/\/bale.ch\/journal\/wp-content\/uploads\/2023\/07\/journaldebale_logo_2023_nb.png","contentUrl":"https:\/\/bale.ch\/journal\/wp-content\/uploads\/2023\/07\/journaldebale_logo_2023_nb.png","width":371,"height":127,"caption":"Journal de B\u00e2le et Gen\u00e8ve"},"image":{"@id":"https:\/\/bale.ch\/journal\/#\/schema\/logo\/image\/"}},{"@type":"Person","@id":"https:\/\/bale.ch\/journal\/#\/schema\/person\/03ced978db3b7a5274c5cef003f352f5","name":"La R\u00e9daction","image":{"@type":"ImageObject","inLanguage":"fr-FR","@id":"https:\/\/secure.gravatar.com\/avatar\/d1327e2ce8d2b860112f968a3f34686c9bdda7a463a1502cdd1070ac9d88cf1e?s=96&d=mm&r=g","url":"https:\/\/secure.gravatar.com\/avatar\/d1327e2ce8d2b860112f968a3f34686c9bdda7a463a1502cdd1070ac9d88cf1e?s=96&d=mm&r=g","contentUrl":"https:\/\/secure.gravatar.com\/avatar\/d1327e2ce8d2b860112f968a3f34686c9bdda7a463a1502cdd1070ac9d88cf1e?s=96&d=mm&r=g","caption":"La R\u00e9daction"},"url":"https:\/\/bale.ch\/journal\/author\/laredaction\/"}]}},"_links":{"self":[{"href":"https:\/\/bale.ch\/journal\/wp-json\/wp\/v2\/posts\/3366","targetHints":{"allow":["GET"]}}],"collection":[{"href":"https:\/\/bale.ch\/journal\/wp-json\/wp\/v2\/posts"}],"about":[{"href":"https:\/\/bale.ch\/journal\/wp-json\/wp\/v2\/types\/post"}],"author":[{"embeddable":true,"href":"https:\/\/bale.ch\/journal\/wp-json\/wp\/v2\/users\/2"}],"replies":[{"embeddable":true,"href":"https:\/\/bale.ch\/journal\/wp-json\/wp\/v2\/comments?post=3366"}],"version-history":[{"count":2,"href":"https:\/\/bale.ch\/journal\/wp-json\/wp\/v2\/posts\/3366\/revisions"}],"predecessor-version":[{"id":3370,"href":"https:\/\/bale.ch\/journal\/wp-json\/wp\/v2\/posts\/3366\/revisions\/3370"}],"wp:featuredmedia":[{"embeddable":true,"href":"https:\/\/bale.ch\/journal\/wp-json\/wp\/v2\/media\/3367"}],"wp:attachment":[{"href":"https:\/\/bale.ch\/journal\/wp-json\/wp\/v2\/media?parent=3366"}],"wp:term":[{"taxonomy":"category","embeddable":true,"href":"https:\/\/bale.ch\/journal\/wp-json\/wp\/v2\/categories?post=3366"},{"taxonomy":"post_tag","embeddable":true,"href":"https:\/\/bale.ch\/journal\/wp-json\/wp\/v2\/tags?post=3366"}],"curies":[{"name":"wp","href":"https:\/\/api.w.org\/{rel}","templated":true}]}}