{"id":3371,"date":"2023-09-18T12:20:15","date_gmt":"2023-09-18T12:20:15","guid":{"rendered":"https:\/\/bale.ch\/journal\/?p=3371"},"modified":"2023-09-18T12:26:59","modified_gmt":"2023-09-18T12:26:59","slug":"pres-de-cinquante-mille-participants-pour-la-quinzieme-edition-de-slowup-basel-dreiland","status":"publish","type":"post","link":"https:\/\/bale.ch\/journal\/pres-de-cinquante-mille-participants-pour-la-quinzieme-edition-de-slowup-basel-dreiland\/","title":{"rendered":"Plus de 50&rsquo;000 participants pour la quinzi\u00e8me \u00e9dition de SlowUp Basel-Dreiland"},"content":{"rendered":"\n<p class=\"wp-block-paragraph\"><strong>Dans des conditions optimales de fin d&rsquo;\u00e9t\u00e9, plus de 52&rsquo;000 participants ont pris part hier aux trois boucles du slowUp B\u00e2le-Dreiland. <\/strong><\/p>\n\n\n\n<p class=\"wp-block-paragraph\">En plus de l&rsquo;itin\u00e9raire qui traverse les zones rurales et la ville de B\u00e2le, les participants ont pu se restaurer sur onze sites du festival. On y a trouv\u00e9 aussi un atelier de r\u00e9paration et des guides touristiques. De nombreuses animations \u00e9taient propos\u00e9es tout au long du parcours, notamment \u00e0 Huningue o\u00f9 un beau programme attendait petits et grands. Les clubs locaux n&rsquo;ont pas non plus \u00e9t\u00e9 en reste : six clubs r\u00e9gionaux ont pu pr\u00e9senter leur sport sur le site du festival du B\u00e4umlihof et ont \u00e9t\u00e9 ravis du grand nombre de visiteurs. <\/p>\n\n\n\n<p class=\"wp-block-paragraph\">L&rsquo;acte d&rsquo;ouverture officiel de slowUp Basel-Dreiland a eu lieu au milieu de la Semaine de la mobilit\u00e9 sur la Barf\u00fcsserplatz \u00e0 B\u00e2le. Le discours de bienvenue de la ville h\u00f4te de B\u00e2le a \u00e9t\u00e9 prononc\u00e9 par le pr\u00e9sident du district, Beat Jans. Tous les intervenants invit\u00e9s de France, d&rsquo;Allemagne et de Suisse ont salu\u00e9 le slowUp Basel-Dreiland comme un grand \u00e9v\u00e9nement familial et transfrontalier.<\/p><div id=\"crieu-2254275972\" class=\"crieu-content crieu-entity-placement\"><script async src=\"\/\/pagead2.googlesyndication.com\/pagead\/js\/adsbygoogle.js?client=ca-pub-5271584769416742\" crossorigin=\"anonymous\"><\/script><ins class=\"adsbygoogle\" style=\"display:block;\" data-ad-client=\"ca-pub-5271584769416742\" \ndata-ad-slot=\"9321250718\" \ndata-ad-format=\"auto\"><\/ins>\n<script> \n(adsbygoogle = window.adsbygoogle || []).push({}); \n<\/script>\n<\/div>\n<div id=\"crieu-986210300\" class=\"crieu-apres-le-contenu crieu-entity-placement\" style=\"margin-left: auto;margin-right: auto;text-align: center;\"><script async src=\"\/\/pagead2.googlesyndication.com\/pagead\/js\/adsbygoogle.js?client=ca-pub-5271584769416742\" crossorigin=\"anonymous\"><\/script><ins class=\"adsbygoogle\" style=\"display:block;\" data-ad-client=\"ca-pub-5271584769416742\" \ndata-ad-slot=\"9321250718\" \ndata-ad-format=\"auto\"><\/ins>\n<script> \n(adsbygoogle = window.adsbygoogle || []).push({}); \n<\/script>\n<\/div>","protected":false},"excerpt":{"rendered":"<p>Dans des conditions optimales de fin d&rsquo;\u00e9t\u00e9, plus de 52&rsquo;000 participants ont pris part hier aux trois boucles du slowUp B\u00e2le-Dreiland. En plus de l&rsquo;itin\u00e9raire qui traverse les zones rurales <a href=\"https:\/\/bale.ch\/journal\/pres-de-cinquante-mille-participants-pour-la-quinzieme-edition-de-slowup-basel-dreiland\/\" class=\"read-more button-fancy -red\"><span class=\"btn-arrow\"><\/span><span class=\"twp-read-more text\">Continuer la lecture<\/span><\/a><\/p>\n","protected":false},"author":45,"featured_media":3372,"comment_status":"closed","ping_status":"closed","sticky":false,"template":"","format":"standard","meta":{"footnotes":""},"categories":[103,7],"tags":[60],"class_list":["post-3371","post","type-post","status-publish","format-standard","has-post-thumbnail","hentry","category-actu","category-bale","tag-bale"],"yoast_head":"<!-- This site is optimized with the Yoast SEO plugin v28.3 - https:\/\/yoast.com\/product\/yoast-seo-wordpress\/ -->\n<title>Plus de 50&#039;000 participants pour la quinzi\u00e8me \u00e9dition de SlowUp Basel-Dreiland - Journal de B\u00e2le et Gen\u00e8ve<\/title>\n<meta name=\"robots\" content=\"index, follow, max-snippet:-1, max-image-preview:large, max-video-preview:-1\" \/>\n<link rel=\"canonical\" href=\"https:\/\/bale.ch\/journal\/pres-de-cinquante-mille-participants-pour-la-quinzieme-edition-de-slowup-basel-dreiland\/\" \/>\n<meta property=\"og:locale\" content=\"fr_FR\" \/>\n<meta property=\"og:type\" content=\"article\" \/>\n<meta property=\"og:title\" content=\"Plus de 50&#039;000 participants pour la quinzi\u00e8me \u00e9dition de SlowUp Basel-Dreiland - Journal de B\u00e2le et Gen\u00e8ve\" \/>\n<meta property=\"og:description\" content=\"Dans des conditions optimales de fin d&rsquo;\u00e9t\u00e9, plus de 52&rsquo;000 participants ont pris part hier aux trois boucles du slowUp B\u00e2le-Dreiland. En plus de l&rsquo;itin\u00e9raire qui traverse les zones rurales Continuer la lecture\" \/>\n<meta property=\"og:url\" content=\"https:\/\/bale.ch\/journal\/pres-de-cinquante-mille-participants-pour-la-quinzieme-edition-de-slowup-basel-dreiland\/\" \/>\n<meta property=\"og:site_name\" content=\"Journal de B\u00e2le et Gen\u00e8ve\" \/>\n<meta property=\"article:published_time\" content=\"2023-09-18T12:20:15+00:00\" \/>\n<meta property=\"article:modified_time\" content=\"2023-09-18T12:26:59+00:00\" \/>\n<meta property=\"og:image\" content=\"https:\/\/bale.ch\/journal\/wp-content\/uploads\/2023\/09\/slowup_basel_dreiland_bale_huningue.jpg\" \/>\n\t<meta property=\"og:image:width\" content=\"900\" \/>\n\t<meta property=\"og:image:height\" content=\"484\" \/>\n\t<meta property=\"og:image:type\" content=\"image\/jpeg\" \/>\n<meta name=\"author\" content=\"Milli Rodriguez\" \/>\n<meta name=\"twitter:card\" content=\"summary_large_image\" \/>\n<meta name=\"twitter:label1\" content=\"\u00c9crit par\" \/>\n\t<meta name=\"twitter:data1\" content=\"Milli Rodriguez\" \/>\n\t<meta name=\"twitter:label2\" content=\"Dur\u00e9e de lecture estim\u00e9e\" \/>\n\t<meta name=\"twitter:data2\" content=\"1 minute\" \/>\n<script type=\"application\/ld+json\" class=\"yoast-schema-graph\">{\"@context\":\"https:\\\/\\\/schema.org\",\"@graph\":[{\"@type\":\"Article\",\"@id\":\"https:\\\/\\\/bale.ch\\\/journal\\\/pres-de-cinquante-mille-participants-pour-la-quinzieme-edition-de-slowup-basel-dreiland\\\/#article\",\"isPartOf\":{\"@id\":\"https:\\\/\\\/bale.ch\\\/journal\\\/pres-de-cinquante-mille-participants-pour-la-quinzieme-edition-de-slowup-basel-dreiland\\\/\"},\"author\":{\"name\":\"Milli Rodriguez\",\"@id\":\"https:\\\/\\\/bale.ch\\\/journal\\\/#\\\/schema\\\/person\\\/d2c51eb26e5f44eeca94459e0c72dc31\"},\"headline\":\"Plus de 50&rsquo;000 participants pour la quinzi\u00e8me \u00e9dition de SlowUp Basel-Dreiland\",\"datePublished\":\"2023-09-18T12:20:15+00:00\",\"dateModified\":\"2023-09-18T12:26:59+00:00\",\"mainEntityOfPage\":{\"@id\":\"https:\\\/\\\/bale.ch\\\/journal\\\/pres-de-cinquante-mille-participants-pour-la-quinzieme-edition-de-slowup-basel-dreiland\\\/\"},\"wordCount\":207,\"publisher\":{\"@id\":\"https:\\\/\\\/bale.ch\\\/journal\\\/#organization\"},\"image\":{\"@id\":\"https:\\\/\\\/bale.ch\\\/journal\\\/pres-de-cinquante-mille-participants-pour-la-quinzieme-edition-de-slowup-basel-dreiland\\\/#primaryimage\"},\"thumbnailUrl\":\"https:\\\/\\\/bale.ch\\\/journal\\\/wp-content\\\/uploads\\\/2023\\\/09\\\/slowup_basel_dreiland_bale_huningue.jpg\",\"keywords\":[\"B\u00e2le\"],\"articleSection\":[\"Actualit\u00e9s\",\"B\u00e2le Trinationale\"],\"inLanguage\":\"fr-FR\"},{\"@type\":\"WebPage\",\"@id\":\"https:\\\/\\\/bale.ch\\\/journal\\\/pres-de-cinquante-mille-participants-pour-la-quinzieme-edition-de-slowup-basel-dreiland\\\/\",\"url\":\"https:\\\/\\\/bale.ch\\\/journal\\\/pres-de-cinquante-mille-participants-pour-la-quinzieme-edition-de-slowup-basel-dreiland\\\/\",\"name\":\"Plus de 50'000 participants pour la quinzi\u00e8me \u00e9dition de SlowUp Basel-Dreiland - Journal de B\u00e2le et Gen\u00e8ve\",\"isPartOf\":{\"@id\":\"https:\\\/\\\/bale.ch\\\/journal\\\/#website\"},\"primaryImageOfPage\":{\"@id\":\"https:\\\/\\\/bale.ch\\\/journal\\\/pres-de-cinquante-mille-participants-pour-la-quinzieme-edition-de-slowup-basel-dreiland\\\/#primaryimage\"},\"image\":{\"@id\":\"https:\\\/\\\/bale.ch\\\/journal\\\/pres-de-cinquante-mille-participants-pour-la-quinzieme-edition-de-slowup-basel-dreiland\\\/#primaryimage\"},\"thumbnailUrl\":\"https:\\\/\\\/bale.ch\\\/journal\\\/wp-content\\\/uploads\\\/2023\\\/09\\\/slowup_basel_dreiland_bale_huningue.jpg\",\"datePublished\":\"2023-09-18T12:20:15+00:00\",\"dateModified\":\"2023-09-18T12:26:59+00:00\",\"breadcrumb\":{\"@id\":\"https:\\\/\\\/bale.ch\\\/journal\\\/pres-de-cinquante-mille-participants-pour-la-quinzieme-edition-de-slowup-basel-dreiland\\\/#breadcrumb\"},\"inLanguage\":\"fr-FR\",\"potentialAction\":[{\"@type\":\"ReadAction\",\"target\":[\"https:\\\/\\\/bale.ch\\\/journal\\\/pres-de-cinquante-mille-participants-pour-la-quinzieme-edition-de-slowup-basel-dreiland\\\/\"]}]},{\"@type\":\"ImageObject\",\"inLanguage\":\"fr-FR\",\"@id\":\"https:\\\/\\\/bale.ch\\\/journal\\\/pres-de-cinquante-mille-participants-pour-la-quinzieme-edition-de-slowup-basel-dreiland\\\/#primaryimage\",\"url\":\"https:\\\/\\\/bale.ch\\\/journal\\\/wp-content\\\/uploads\\\/2023\\\/09\\\/slowup_basel_dreiland_bale_huningue.jpg\",\"contentUrl\":\"https:\\\/\\\/bale.ch\\\/journal\\\/wp-content\\\/uploads\\\/2023\\\/09\\\/slowup_basel_dreiland_bale_huningue.jpg\",\"width\":900,\"height\":484},{\"@type\":\"BreadcrumbList\",\"@id\":\"https:\\\/\\\/bale.ch\\\/journal\\\/pres-de-cinquante-mille-participants-pour-la-quinzieme-edition-de-slowup-basel-dreiland\\\/#breadcrumb\",\"itemListElement\":[{\"@type\":\"ListItem\",\"position\":1,\"name\":\"Accueil\",\"item\":\"https:\\\/\\\/bale.ch\\\/journal\\\/\"},{\"@type\":\"ListItem\",\"position\":2,\"name\":\"Plus de 50&rsquo;000 participants pour la quinzi\u00e8me \u00e9dition de SlowUp Basel-Dreiland\"}]},{\"@type\":\"WebSite\",\"@id\":\"https:\\\/\\\/bale.ch\\\/journal\\\/#website\",\"url\":\"https:\\\/\\\/bale.ch\\\/journal\\\/\",\"name\":\"Journal de B\u00e2le et Gen\u00e8ve\",\"description\":\"M\u00e9dia transfrontalier d&#039;actualit\u00e9s - News\",\"publisher\":{\"@id\":\"https:\\\/\\\/bale.ch\\\/journal\\\/#organization\"},\"potentialAction\":[{\"@type\":\"SearchAction\",\"target\":{\"@type\":\"EntryPoint\",\"urlTemplate\":\"https:\\\/\\\/bale.ch\\\/journal\\\/?s={search_term_string}\"},\"query-input\":{\"@type\":\"PropertyValueSpecification\",\"valueRequired\":true,\"valueName\":\"search_term_string\"}}],\"inLanguage\":\"fr-FR\"},{\"@type\":\"Organization\",\"@id\":\"https:\\\/\\\/bale.ch\\\/journal\\\/#organization\",\"name\":\"Journal de B\u00e2le et Gen\u00e8ve\",\"url\":\"https:\\\/\\\/bale.ch\\\/journal\\\/\",\"logo\":{\"@type\":\"ImageObject\",\"inLanguage\":\"fr-FR\",\"@id\":\"https:\\\/\\\/bale.ch\\\/journal\\\/#\\\/schema\\\/logo\\\/image\\\/\",\"url\":\"https:\\\/\\\/bale.ch\\\/journal\\\/wp-content\\\/uploads\\\/2023\\\/07\\\/journaldebale_logo_2023_nb.png\",\"contentUrl\":\"https:\\\/\\\/bale.ch\\\/journal\\\/wp-content\\\/uploads\\\/2023\\\/07\\\/journaldebale_logo_2023_nb.png\",\"width\":371,\"height\":127,\"caption\":\"Journal de B\u00e2le et Gen\u00e8ve\"},\"image\":{\"@id\":\"https:\\\/\\\/bale.ch\\\/journal\\\/#\\\/schema\\\/logo\\\/image\\\/\"}},{\"@type\":\"Person\",\"@id\":\"https:\\\/\\\/bale.ch\\\/journal\\\/#\\\/schema\\\/person\\\/d2c51eb26e5f44eeca94459e0c72dc31\",\"name\":\"Milli Rodriguez\",\"image\":{\"@type\":\"ImageObject\",\"inLanguage\":\"fr-FR\",\"@id\":\"https:\\\/\\\/secure.gravatar.com\\\/avatar\\\/4fe31ac16a7f9abbe085387e5af3ce8c31c2ec0e90cca7e34b75e5a6588e6bf6?s=96&d=mm&r=g\",\"url\":\"https:\\\/\\\/secure.gravatar.com\\\/avatar\\\/4fe31ac16a7f9abbe085387e5af3ce8c31c2ec0e90cca7e34b75e5a6588e6bf6?s=96&d=mm&r=g\",\"contentUrl\":\"https:\\\/\\\/secure.gravatar.com\\\/avatar\\\/4fe31ac16a7f9abbe085387e5af3ce8c31c2ec0e90cca7e34b75e5a6588e6bf6?s=96&d=mm&r=g\",\"caption\":\"Milli Rodriguez\"},\"url\":\"https:\\\/\\\/bale.ch\\\/journal\\\/author\\\/millirodriguez\\\/\"}]}<\/script>\n<!-- \/ Yoast SEO plugin. -->","yoast_head_json":{"title":"Plus de 50'000 participants pour la quinzi\u00e8me \u00e9dition de SlowUp Basel-Dreiland - Journal de B\u00e2le et Gen\u00e8ve","robots":{"index":"index","follow":"follow","max-snippet":"max-snippet:-1","max-image-preview":"max-image-preview:large","max-video-preview":"max-video-preview:-1"},"canonical":"https:\/\/bale.ch\/journal\/pres-de-cinquante-mille-participants-pour-la-quinzieme-edition-de-slowup-basel-dreiland\/","og_locale":"fr_FR","og_type":"article","og_title":"Plus de 50'000 participants pour la quinzi\u00e8me \u00e9dition de SlowUp Basel-Dreiland - Journal de B\u00e2le et Gen\u00e8ve","og_description":"Dans des conditions optimales de fin d&rsquo;\u00e9t\u00e9, plus de 52&rsquo;000 participants ont pris part hier aux trois boucles du slowUp B\u00e2le-Dreiland. En plus de l&rsquo;itin\u00e9raire qui traverse les zones rurales Continuer la lecture","og_url":"https:\/\/bale.ch\/journal\/pres-de-cinquante-mille-participants-pour-la-quinzieme-edition-de-slowup-basel-dreiland\/","og_site_name":"Journal de B\u00e2le et Gen\u00e8ve","article_published_time":"2023-09-18T12:20:15+00:00","article_modified_time":"2023-09-18T12:26:59+00:00","og_image":[{"width":900,"height":484,"url":"https:\/\/bale.ch\/journal\/wp-content\/uploads\/2023\/09\/slowup_basel_dreiland_bale_huningue.jpg","type":"image\/jpeg"}],"author":"Milli Rodriguez","twitter_card":"summary_large_image","twitter_misc":{"\u00c9crit par":"Milli Rodriguez","Dur\u00e9e de lecture estim\u00e9e":"1 minute"},"schema":{"@context":"https:\/\/schema.org","@graph":[{"@type":"Article","@id":"https:\/\/bale.ch\/journal\/pres-de-cinquante-mille-participants-pour-la-quinzieme-edition-de-slowup-basel-dreiland\/#article","isPartOf":{"@id":"https:\/\/bale.ch\/journal\/pres-de-cinquante-mille-participants-pour-la-quinzieme-edition-de-slowup-basel-dreiland\/"},"author":{"name":"Milli Rodriguez","@id":"https:\/\/bale.ch\/journal\/#\/schema\/person\/d2c51eb26e5f44eeca94459e0c72dc31"},"headline":"Plus de 50&rsquo;000 participants pour la quinzi\u00e8me \u00e9dition de SlowUp Basel-Dreiland","datePublished":"2023-09-18T12:20:15+00:00","dateModified":"2023-09-18T12:26:59+00:00","mainEntityOfPage":{"@id":"https:\/\/bale.ch\/journal\/pres-de-cinquante-mille-participants-pour-la-quinzieme-edition-de-slowup-basel-dreiland\/"},"wordCount":207,"publisher":{"@id":"https:\/\/bale.ch\/journal\/#organization"},"image":{"@id":"https:\/\/bale.ch\/journal\/pres-de-cinquante-mille-participants-pour-la-quinzieme-edition-de-slowup-basel-dreiland\/#primaryimage"},"thumbnailUrl":"https:\/\/bale.ch\/journal\/wp-content\/uploads\/2023\/09\/slowup_basel_dreiland_bale_huningue.jpg","keywords":["B\u00e2le"],"articleSection":["Actualit\u00e9s","B\u00e2le Trinationale"],"inLanguage":"fr-FR"},{"@type":"WebPage","@id":"https:\/\/bale.ch\/journal\/pres-de-cinquante-mille-participants-pour-la-quinzieme-edition-de-slowup-basel-dreiland\/","url":"https:\/\/bale.ch\/journal\/pres-de-cinquante-mille-participants-pour-la-quinzieme-edition-de-slowup-basel-dreiland\/","name":"Plus de 50'000 participants pour la quinzi\u00e8me \u00e9dition de SlowUp Basel-Dreiland - Journal de B\u00e2le et Gen\u00e8ve","isPartOf":{"@id":"https:\/\/bale.ch\/journal\/#website"},"primaryImageOfPage":{"@id":"https:\/\/bale.ch\/journal\/pres-de-cinquante-mille-participants-pour-la-quinzieme-edition-de-slowup-basel-dreiland\/#primaryimage"},"image":{"@id":"https:\/\/bale.ch\/journal\/pres-de-cinquante-mille-participants-pour-la-quinzieme-edition-de-slowup-basel-dreiland\/#primaryimage"},"thumbnailUrl":"https:\/\/bale.ch\/journal\/wp-content\/uploads\/2023\/09\/slowup_basel_dreiland_bale_huningue.jpg","datePublished":"2023-09-18T12:20:15+00:00","dateModified":"2023-09-18T12:26:59+00:00","breadcrumb":{"@id":"https:\/\/bale.ch\/journal\/pres-de-cinquante-mille-participants-pour-la-quinzieme-edition-de-slowup-basel-dreiland\/#breadcrumb"},"inLanguage":"fr-FR","potentialAction":[{"@type":"ReadAction","target":["https:\/\/bale.ch\/journal\/pres-de-cinquante-mille-participants-pour-la-quinzieme-edition-de-slowup-basel-dreiland\/"]}]},{"@type":"ImageObject","inLanguage":"fr-FR","@id":"https:\/\/bale.ch\/journal\/pres-de-cinquante-mille-participants-pour-la-quinzieme-edition-de-slowup-basel-dreiland\/#primaryimage","url":"https:\/\/bale.ch\/journal\/wp-content\/uploads\/2023\/09\/slowup_basel_dreiland_bale_huningue.jpg","contentUrl":"https:\/\/bale.ch\/journal\/wp-content\/uploads\/2023\/09\/slowup_basel_dreiland_bale_huningue.jpg","width":900,"height":484},{"@type":"BreadcrumbList","@id":"https:\/\/bale.ch\/journal\/pres-de-cinquante-mille-participants-pour-la-quinzieme-edition-de-slowup-basel-dreiland\/#breadcrumb","itemListElement":[{"@type":"ListItem","position":1,"name":"Accueil","item":"https:\/\/bale.ch\/journal\/"},{"@type":"ListItem","position":2,"name":"Plus de 50&rsquo;000 participants pour la quinzi\u00e8me \u00e9dition de SlowUp Basel-Dreiland"}]},{"@type":"WebSite","@id":"https:\/\/bale.ch\/journal\/#website","url":"https:\/\/bale.ch\/journal\/","name":"Journal de B\u00e2le et Gen\u00e8ve","description":"M\u00e9dia transfrontalier d&#039;actualit\u00e9s - News","publisher":{"@id":"https:\/\/bale.ch\/journal\/#organization"},"potentialAction":[{"@type":"SearchAction","target":{"@type":"EntryPoint","urlTemplate":"https:\/\/bale.ch\/journal\/?s={search_term_string}"},"query-input":{"@type":"PropertyValueSpecification","valueRequired":true,"valueName":"search_term_string"}}],"inLanguage":"fr-FR"},{"@type":"Organization","@id":"https:\/\/bale.ch\/journal\/#organization","name":"Journal de B\u00e2le et Gen\u00e8ve","url":"https:\/\/bale.ch\/journal\/","logo":{"@type":"ImageObject","inLanguage":"fr-FR","@id":"https:\/\/bale.ch\/journal\/#\/schema\/logo\/image\/","url":"https:\/\/bale.ch\/journal\/wp-content\/uploads\/2023\/07\/journaldebale_logo_2023_nb.png","contentUrl":"https:\/\/bale.ch\/journal\/wp-content\/uploads\/2023\/07\/journaldebale_logo_2023_nb.png","width":371,"height":127,"caption":"Journal de B\u00e2le et Gen\u00e8ve"},"image":{"@id":"https:\/\/bale.ch\/journal\/#\/schema\/logo\/image\/"}},{"@type":"Person","@id":"https:\/\/bale.ch\/journal\/#\/schema\/person\/d2c51eb26e5f44eeca94459e0c72dc31","name":"Milli Rodriguez","image":{"@type":"ImageObject","inLanguage":"fr-FR","@id":"https:\/\/secure.gravatar.com\/avatar\/4fe31ac16a7f9abbe085387e5af3ce8c31c2ec0e90cca7e34b75e5a6588e6bf6?s=96&d=mm&r=g","url":"https:\/\/secure.gravatar.com\/avatar\/4fe31ac16a7f9abbe085387e5af3ce8c31c2ec0e90cca7e34b75e5a6588e6bf6?s=96&d=mm&r=g","contentUrl":"https:\/\/secure.gravatar.com\/avatar\/4fe31ac16a7f9abbe085387e5af3ce8c31c2ec0e90cca7e34b75e5a6588e6bf6?s=96&d=mm&r=g","caption":"Milli Rodriguez"},"url":"https:\/\/bale.ch\/journal\/author\/millirodriguez\/"}]}},"_links":{"self":[{"href":"https:\/\/bale.ch\/journal\/wp-json\/wp\/v2\/posts\/3371","targetHints":{"allow":["GET"]}}],"collection":[{"href":"https:\/\/bale.ch\/journal\/wp-json\/wp\/v2\/posts"}],"about":[{"href":"https:\/\/bale.ch\/journal\/wp-json\/wp\/v2\/types\/post"}],"author":[{"embeddable":true,"href":"https:\/\/bale.ch\/journal\/wp-json\/wp\/v2\/users\/45"}],"replies":[{"embeddable":true,"href":"https:\/\/bale.ch\/journal\/wp-json\/wp\/v2\/comments?post=3371"}],"version-history":[{"count":7,"href":"https:\/\/bale.ch\/journal\/wp-json\/wp\/v2\/posts\/3371\/revisions"}],"predecessor-version":[{"id":3380,"href":"https:\/\/bale.ch\/journal\/wp-json\/wp\/v2\/posts\/3371\/revisions\/3380"}],"wp:featuredmedia":[{"embeddable":true,"href":"https:\/\/bale.ch\/journal\/wp-json\/wp\/v2\/media\/3372"}],"wp:attachment":[{"href":"https:\/\/bale.ch\/journal\/wp-json\/wp\/v2\/media?parent=3371"}],"wp:term":[{"taxonomy":"category","embeddable":true,"href":"https:\/\/bale.ch\/journal\/wp-json\/wp\/v2\/categories?post=3371"},{"taxonomy":"post_tag","embeddable":true,"href":"https:\/\/bale.ch\/journal\/wp-json\/wp\/v2\/tags?post=3371"}],"curies":[{"name":"wp","href":"https:\/\/api.w.org\/{rel}","templated":true}]}}