{"id":3382,"date":"2023-09-21T18:49:39","date_gmt":"2023-09-21T18:49:39","guid":{"rendered":"https:\/\/bale.ch\/journal\/?p=3382"},"modified":"2023-09-21T18:54:04","modified_gmt":"2023-09-21T18:54:04","slug":"luniversite-de-geneve-sera-bientot-dirigee-par-une-femme","status":"publish","type":"post","link":"https:\/\/bale.ch\/journal\/luniversite-de-geneve-sera-bientot-dirigee-par-une-femme\/","title":{"rendered":"L&rsquo;Universit\u00e9 de Gen\u00e8ve sera bient\u00f4t dirig\u00e9e par une femme"},"content":{"rendered":"\n<p class=\"wp-block-paragraph\">Dans sa s\u00e9ance pl\u00e9ni\u00e8re du 20 septembre, l\u2019Assembl\u00e9e de l\u2019UNIGE a auditionn\u00e9 les candidats au poste de recteur\/trice. Au terme de cette s\u00e9ance, les membres de l\u2019Assembl\u00e9e ont s\u00e9lectionn\u00e9 deux candidates finalistes:\u00a0<a rel=\"noreferrer noopener\" href=\"https:\/\/www.unige.ch\/assemblee\/designation_rectrice_recteur\/designation_rectrice_recteur\/Giovanna-di-marzo-serugendo\" target=\"_blank\"><strong>Giovanna Di Marzo Serugendo<\/strong><\/a>, professeure ordinaire et directrice du Centre Universitaire d\u2019Informatique, et\u00a0<a rel=\"noreferrer noopener\" href=\"https:\/\/www.unige.ch\/assemblee\/designation_rectrice_recteur\/designation_rectrice_recteur\/Audrey-leuba\" target=\"_blank\"><strong>Audrey Leuba<\/strong><\/a>, professeure ordinaire et doyenne de la Facult\u00e9 de droit de l\u2019Universit\u00e9 de Gen\u00e8ve.<\/p>\n\n\n\n<p class=\"wp-block-paragraph\">Le 1<sup>er<\/sup>&nbsp;novembre prochain, ces candidates pr\u00e9senteront leur programme lors d\u2019une s\u00e9ance publique \u00e0 Uni Dufour. L\u2019Assembl\u00e9e de l\u2019UNIGE annoncera la candidate d\u00e9sign\u00e9e le 22 novembre. Tout au long de cette proc\u00e9dure de d\u00e9signation, l\u2019Assembl\u00e9e est accompagn\u00e9e par le Conseil d\u2019orientation strat\u00e9gique de l\u2019UNIGE, une experte de la Commission \u00e9galit\u00e9 du Service \u00e9galit\u00e9 et diversit\u00e9 de l\u2019UNIGE et un cabinet de recrutement externe.<\/p>\n<div id=\"crieu-44291152\" class=\"crieu-apres-le-contenu crieu-entity-placement\" style=\"margin-left: auto;margin-right: auto;text-align: center;\"><script async src=\"\/\/pagead2.googlesyndication.com\/pagead\/js\/adsbygoogle.js?client=ca-pub-5271584769416742\" crossorigin=\"anonymous\"><\/script><ins class=\"adsbygoogle\" style=\"display:block;\" data-ad-client=\"ca-pub-5271584769416742\" \ndata-ad-slot=\"9321250718\" \ndata-ad-format=\"auto\"><\/ins>\n<script> \n(adsbygoogle = window.adsbygoogle || []).push({}); \n<\/script>\n<\/div>","protected":false},"excerpt":{"rendered":"<p>Dans sa s\u00e9ance pl\u00e9ni\u00e8re du 20 septembre, l\u2019Assembl\u00e9e de l\u2019UNIGE a auditionn\u00e9 les candidats au poste de recteur\/trice. Au terme de cette s\u00e9ance, les membres de l\u2019Assembl\u00e9e ont s\u00e9lectionn\u00e9 deux <a href=\"https:\/\/bale.ch\/journal\/luniversite-de-geneve-sera-bientot-dirigee-par-une-femme\/\" class=\"read-more button-fancy -red\"><span class=\"btn-arrow\"><\/span><span class=\"twp-read-more text\">Continuer la lecture<\/span><\/a><\/p>\n","protected":false},"author":2,"featured_media":3383,"comment_status":"closed","ping_status":"closed","sticky":false,"template":"","format":"standard","meta":{"footnotes":""},"categories":[103,4],"tags":[85],"class_list":["post-3382","post","type-post","status-publish","format-standard","has-post-thumbnail","hentry","category-actu","category-grand-geneve","tag-universite-de-geneve"],"yoast_head":"<!-- This site is optimized with the Yoast SEO plugin v28.3 - https:\/\/yoast.com\/product\/yoast-seo-wordpress\/ -->\n<title>L&#039;Universit\u00e9 de Gen\u00e8ve sera bient\u00f4t dirig\u00e9e par une femme - Journal de B\u00e2le et Gen\u00e8ve<\/title>\n<meta name=\"robots\" content=\"index, follow, max-snippet:-1, max-image-preview:large, max-video-preview:-1\" \/>\n<link rel=\"canonical\" href=\"https:\/\/bale.ch\/journal\/luniversite-de-geneve-sera-bientot-dirigee-par-une-femme\/\" \/>\n<meta property=\"og:locale\" content=\"fr_FR\" \/>\n<meta property=\"og:type\" content=\"article\" \/>\n<meta property=\"og:title\" content=\"L&#039;Universit\u00e9 de Gen\u00e8ve sera bient\u00f4t dirig\u00e9e par une femme - Journal de B\u00e2le et Gen\u00e8ve\" \/>\n<meta property=\"og:description\" content=\"Dans sa s\u00e9ance pl\u00e9ni\u00e8re du 20 septembre, l\u2019Assembl\u00e9e de l\u2019UNIGE a auditionn\u00e9 les candidats au poste de recteur\/trice. Au terme de cette s\u00e9ance, les membres de l\u2019Assembl\u00e9e ont s\u00e9lectionn\u00e9 deux Continuer la lecture\" \/>\n<meta property=\"og:url\" content=\"https:\/\/bale.ch\/journal\/luniversite-de-geneve-sera-bientot-dirigee-par-une-femme\/\" \/>\n<meta property=\"og:site_name\" content=\"Journal de B\u00e2le et Gen\u00e8ve\" \/>\n<meta property=\"article:published_time\" content=\"2023-09-21T18:49:39+00:00\" \/>\n<meta property=\"article:modified_time\" content=\"2023-09-21T18:54:04+00:00\" \/>\n<meta property=\"og:image\" content=\"https:\/\/bale.ch\/journal\/wp-content\/uploads\/2023\/09\/finalistes_unige.jpg\" \/>\n\t<meta property=\"og:image:width\" content=\"900\" \/>\n\t<meta property=\"og:image:height\" content=\"484\" \/>\n\t<meta property=\"og:image:type\" content=\"image\/jpeg\" \/>\n<meta name=\"author\" content=\"La R\u00e9daction\" \/>\n<meta name=\"twitter:card\" content=\"summary_large_image\" \/>\n<meta name=\"twitter:label1\" content=\"\u00c9crit par\" \/>\n\t<meta name=\"twitter:data1\" content=\"La R\u00e9daction\" \/>\n\t<meta name=\"twitter:label2\" content=\"Dur\u00e9e de lecture estim\u00e9e\" \/>\n\t<meta name=\"twitter:data2\" content=\"1 minute\" \/>\n<script type=\"application\/ld+json\" class=\"yoast-schema-graph\">{\"@context\":\"https:\\\/\\\/schema.org\",\"@graph\":[{\"@type\":\"Article\",\"@id\":\"https:\\\/\\\/bale.ch\\\/journal\\\/luniversite-de-geneve-sera-bientot-dirigee-par-une-femme\\\/#article\",\"isPartOf\":{\"@id\":\"https:\\\/\\\/bale.ch\\\/journal\\\/luniversite-de-geneve-sera-bientot-dirigee-par-une-femme\\\/\"},\"author\":{\"name\":\"La R\u00e9daction\",\"@id\":\"https:\\\/\\\/bale.ch\\\/journal\\\/#\\\/schema\\\/person\\\/03ced978db3b7a5274c5cef003f352f5\"},\"headline\":\"L&rsquo;Universit\u00e9 de Gen\u00e8ve sera bient\u00f4t dirig\u00e9e par une femme\",\"datePublished\":\"2023-09-21T18:49:39+00:00\",\"dateModified\":\"2023-09-21T18:54:04+00:00\",\"mainEntityOfPage\":{\"@id\":\"https:\\\/\\\/bale.ch\\\/journal\\\/luniversite-de-geneve-sera-bientot-dirigee-par-une-femme\\\/\"},\"wordCount\":165,\"publisher\":{\"@id\":\"https:\\\/\\\/bale.ch\\\/journal\\\/#organization\"},\"image\":{\"@id\":\"https:\\\/\\\/bale.ch\\\/journal\\\/luniversite-de-geneve-sera-bientot-dirigee-par-une-femme\\\/#primaryimage\"},\"thumbnailUrl\":\"https:\\\/\\\/bale.ch\\\/journal\\\/wp-content\\\/uploads\\\/2023\\\/09\\\/finalistes_unige.jpg\",\"keywords\":[\"Universit\u00e9 de Gen\u00e8ve\"],\"articleSection\":[\"Actualit\u00e9s\",\"Grand Gen\u00e8ve\"],\"inLanguage\":\"fr-FR\"},{\"@type\":\"WebPage\",\"@id\":\"https:\\\/\\\/bale.ch\\\/journal\\\/luniversite-de-geneve-sera-bientot-dirigee-par-une-femme\\\/\",\"url\":\"https:\\\/\\\/bale.ch\\\/journal\\\/luniversite-de-geneve-sera-bientot-dirigee-par-une-femme\\\/\",\"name\":\"L'Universit\u00e9 de Gen\u00e8ve sera bient\u00f4t dirig\u00e9e par une femme - Journal de B\u00e2le et Gen\u00e8ve\",\"isPartOf\":{\"@id\":\"https:\\\/\\\/bale.ch\\\/journal\\\/#website\"},\"primaryImageOfPage\":{\"@id\":\"https:\\\/\\\/bale.ch\\\/journal\\\/luniversite-de-geneve-sera-bientot-dirigee-par-une-femme\\\/#primaryimage\"},\"image\":{\"@id\":\"https:\\\/\\\/bale.ch\\\/journal\\\/luniversite-de-geneve-sera-bientot-dirigee-par-une-femme\\\/#primaryimage\"},\"thumbnailUrl\":\"https:\\\/\\\/bale.ch\\\/journal\\\/wp-content\\\/uploads\\\/2023\\\/09\\\/finalistes_unige.jpg\",\"datePublished\":\"2023-09-21T18:49:39+00:00\",\"dateModified\":\"2023-09-21T18:54:04+00:00\",\"breadcrumb\":{\"@id\":\"https:\\\/\\\/bale.ch\\\/journal\\\/luniversite-de-geneve-sera-bientot-dirigee-par-une-femme\\\/#breadcrumb\"},\"inLanguage\":\"fr-FR\",\"potentialAction\":[{\"@type\":\"ReadAction\",\"target\":[\"https:\\\/\\\/bale.ch\\\/journal\\\/luniversite-de-geneve-sera-bientot-dirigee-par-une-femme\\\/\"]}]},{\"@type\":\"ImageObject\",\"inLanguage\":\"fr-FR\",\"@id\":\"https:\\\/\\\/bale.ch\\\/journal\\\/luniversite-de-geneve-sera-bientot-dirigee-par-une-femme\\\/#primaryimage\",\"url\":\"https:\\\/\\\/bale.ch\\\/journal\\\/wp-content\\\/uploads\\\/2023\\\/09\\\/finalistes_unige.jpg\",\"contentUrl\":\"https:\\\/\\\/bale.ch\\\/journal\\\/wp-content\\\/uploads\\\/2023\\\/09\\\/finalistes_unige.jpg\",\"width\":900,\"height\":484},{\"@type\":\"BreadcrumbList\",\"@id\":\"https:\\\/\\\/bale.ch\\\/journal\\\/luniversite-de-geneve-sera-bientot-dirigee-par-une-femme\\\/#breadcrumb\",\"itemListElement\":[{\"@type\":\"ListItem\",\"position\":1,\"name\":\"Accueil\",\"item\":\"https:\\\/\\\/bale.ch\\\/journal\\\/\"},{\"@type\":\"ListItem\",\"position\":2,\"name\":\"L&rsquo;Universit\u00e9 de Gen\u00e8ve sera bient\u00f4t dirig\u00e9e par une femme\"}]},{\"@type\":\"WebSite\",\"@id\":\"https:\\\/\\\/bale.ch\\\/journal\\\/#website\",\"url\":\"https:\\\/\\\/bale.ch\\\/journal\\\/\",\"name\":\"Journal de B\u00e2le et Gen\u00e8ve\",\"description\":\"M\u00e9dia transfrontalier d&#039;actualit\u00e9s - News\",\"publisher\":{\"@id\":\"https:\\\/\\\/bale.ch\\\/journal\\\/#organization\"},\"potentialAction\":[{\"@type\":\"SearchAction\",\"target\":{\"@type\":\"EntryPoint\",\"urlTemplate\":\"https:\\\/\\\/bale.ch\\\/journal\\\/?s={search_term_string}\"},\"query-input\":{\"@type\":\"PropertyValueSpecification\",\"valueRequired\":true,\"valueName\":\"search_term_string\"}}],\"inLanguage\":\"fr-FR\"},{\"@type\":\"Organization\",\"@id\":\"https:\\\/\\\/bale.ch\\\/journal\\\/#organization\",\"name\":\"Journal de B\u00e2le et Gen\u00e8ve\",\"url\":\"https:\\\/\\\/bale.ch\\\/journal\\\/\",\"logo\":{\"@type\":\"ImageObject\",\"inLanguage\":\"fr-FR\",\"@id\":\"https:\\\/\\\/bale.ch\\\/journal\\\/#\\\/schema\\\/logo\\\/image\\\/\",\"url\":\"https:\\\/\\\/bale.ch\\\/journal\\\/wp-content\\\/uploads\\\/2023\\\/07\\\/journaldebale_logo_2023_nb.png\",\"contentUrl\":\"https:\\\/\\\/bale.ch\\\/journal\\\/wp-content\\\/uploads\\\/2023\\\/07\\\/journaldebale_logo_2023_nb.png\",\"width\":371,\"height\":127,\"caption\":\"Journal de B\u00e2le et Gen\u00e8ve\"},\"image\":{\"@id\":\"https:\\\/\\\/bale.ch\\\/journal\\\/#\\\/schema\\\/logo\\\/image\\\/\"}},{\"@type\":\"Person\",\"@id\":\"https:\\\/\\\/bale.ch\\\/journal\\\/#\\\/schema\\\/person\\\/03ced978db3b7a5274c5cef003f352f5\",\"name\":\"La R\u00e9daction\",\"image\":{\"@type\":\"ImageObject\",\"inLanguage\":\"fr-FR\",\"@id\":\"https:\\\/\\\/secure.gravatar.com\\\/avatar\\\/d1327e2ce8d2b860112f968a3f34686c9bdda7a463a1502cdd1070ac9d88cf1e?s=96&d=mm&r=g\",\"url\":\"https:\\\/\\\/secure.gravatar.com\\\/avatar\\\/d1327e2ce8d2b860112f968a3f34686c9bdda7a463a1502cdd1070ac9d88cf1e?s=96&d=mm&r=g\",\"contentUrl\":\"https:\\\/\\\/secure.gravatar.com\\\/avatar\\\/d1327e2ce8d2b860112f968a3f34686c9bdda7a463a1502cdd1070ac9d88cf1e?s=96&d=mm&r=g\",\"caption\":\"La R\u00e9daction\"},\"url\":\"https:\\\/\\\/bale.ch\\\/journal\\\/author\\\/laredaction\\\/\"}]}<\/script>\n<!-- \/ Yoast SEO plugin. -->","yoast_head_json":{"title":"L'Universit\u00e9 de Gen\u00e8ve sera bient\u00f4t dirig\u00e9e par une femme - Journal de B\u00e2le et Gen\u00e8ve","robots":{"index":"index","follow":"follow","max-snippet":"max-snippet:-1","max-image-preview":"max-image-preview:large","max-video-preview":"max-video-preview:-1"},"canonical":"https:\/\/bale.ch\/journal\/luniversite-de-geneve-sera-bientot-dirigee-par-une-femme\/","og_locale":"fr_FR","og_type":"article","og_title":"L'Universit\u00e9 de Gen\u00e8ve sera bient\u00f4t dirig\u00e9e par une femme - Journal de B\u00e2le et Gen\u00e8ve","og_description":"Dans sa s\u00e9ance pl\u00e9ni\u00e8re du 20 septembre, l\u2019Assembl\u00e9e de l\u2019UNIGE a auditionn\u00e9 les candidats au poste de recteur\/trice. Au terme de cette s\u00e9ance, les membres de l\u2019Assembl\u00e9e ont s\u00e9lectionn\u00e9 deux Continuer la lecture","og_url":"https:\/\/bale.ch\/journal\/luniversite-de-geneve-sera-bientot-dirigee-par-une-femme\/","og_site_name":"Journal de B\u00e2le et Gen\u00e8ve","article_published_time":"2023-09-21T18:49:39+00:00","article_modified_time":"2023-09-21T18:54:04+00:00","og_image":[{"width":900,"height":484,"url":"https:\/\/bale.ch\/journal\/wp-content\/uploads\/2023\/09\/finalistes_unige.jpg","type":"image\/jpeg"}],"author":"La R\u00e9daction","twitter_card":"summary_large_image","twitter_misc":{"\u00c9crit par":"La R\u00e9daction","Dur\u00e9e de lecture estim\u00e9e":"1 minute"},"schema":{"@context":"https:\/\/schema.org","@graph":[{"@type":"Article","@id":"https:\/\/bale.ch\/journal\/luniversite-de-geneve-sera-bientot-dirigee-par-une-femme\/#article","isPartOf":{"@id":"https:\/\/bale.ch\/journal\/luniversite-de-geneve-sera-bientot-dirigee-par-une-femme\/"},"author":{"name":"La R\u00e9daction","@id":"https:\/\/bale.ch\/journal\/#\/schema\/person\/03ced978db3b7a5274c5cef003f352f5"},"headline":"L&rsquo;Universit\u00e9 de Gen\u00e8ve sera bient\u00f4t dirig\u00e9e par une femme","datePublished":"2023-09-21T18:49:39+00:00","dateModified":"2023-09-21T18:54:04+00:00","mainEntityOfPage":{"@id":"https:\/\/bale.ch\/journal\/luniversite-de-geneve-sera-bientot-dirigee-par-une-femme\/"},"wordCount":165,"publisher":{"@id":"https:\/\/bale.ch\/journal\/#organization"},"image":{"@id":"https:\/\/bale.ch\/journal\/luniversite-de-geneve-sera-bientot-dirigee-par-une-femme\/#primaryimage"},"thumbnailUrl":"https:\/\/bale.ch\/journal\/wp-content\/uploads\/2023\/09\/finalistes_unige.jpg","keywords":["Universit\u00e9 de Gen\u00e8ve"],"articleSection":["Actualit\u00e9s","Grand Gen\u00e8ve"],"inLanguage":"fr-FR"},{"@type":"WebPage","@id":"https:\/\/bale.ch\/journal\/luniversite-de-geneve-sera-bientot-dirigee-par-une-femme\/","url":"https:\/\/bale.ch\/journal\/luniversite-de-geneve-sera-bientot-dirigee-par-une-femme\/","name":"L'Universit\u00e9 de Gen\u00e8ve sera bient\u00f4t dirig\u00e9e par une femme - Journal de B\u00e2le et Gen\u00e8ve","isPartOf":{"@id":"https:\/\/bale.ch\/journal\/#website"},"primaryImageOfPage":{"@id":"https:\/\/bale.ch\/journal\/luniversite-de-geneve-sera-bientot-dirigee-par-une-femme\/#primaryimage"},"image":{"@id":"https:\/\/bale.ch\/journal\/luniversite-de-geneve-sera-bientot-dirigee-par-une-femme\/#primaryimage"},"thumbnailUrl":"https:\/\/bale.ch\/journal\/wp-content\/uploads\/2023\/09\/finalistes_unige.jpg","datePublished":"2023-09-21T18:49:39+00:00","dateModified":"2023-09-21T18:54:04+00:00","breadcrumb":{"@id":"https:\/\/bale.ch\/journal\/luniversite-de-geneve-sera-bientot-dirigee-par-une-femme\/#breadcrumb"},"inLanguage":"fr-FR","potentialAction":[{"@type":"ReadAction","target":["https:\/\/bale.ch\/journal\/luniversite-de-geneve-sera-bientot-dirigee-par-une-femme\/"]}]},{"@type":"ImageObject","inLanguage":"fr-FR","@id":"https:\/\/bale.ch\/journal\/luniversite-de-geneve-sera-bientot-dirigee-par-une-femme\/#primaryimage","url":"https:\/\/bale.ch\/journal\/wp-content\/uploads\/2023\/09\/finalistes_unige.jpg","contentUrl":"https:\/\/bale.ch\/journal\/wp-content\/uploads\/2023\/09\/finalistes_unige.jpg","width":900,"height":484},{"@type":"BreadcrumbList","@id":"https:\/\/bale.ch\/journal\/luniversite-de-geneve-sera-bientot-dirigee-par-une-femme\/#breadcrumb","itemListElement":[{"@type":"ListItem","position":1,"name":"Accueil","item":"https:\/\/bale.ch\/journal\/"},{"@type":"ListItem","position":2,"name":"L&rsquo;Universit\u00e9 de Gen\u00e8ve sera bient\u00f4t dirig\u00e9e par une femme"}]},{"@type":"WebSite","@id":"https:\/\/bale.ch\/journal\/#website","url":"https:\/\/bale.ch\/journal\/","name":"Journal de B\u00e2le et Gen\u00e8ve","description":"M\u00e9dia transfrontalier d&#039;actualit\u00e9s - News","publisher":{"@id":"https:\/\/bale.ch\/journal\/#organization"},"potentialAction":[{"@type":"SearchAction","target":{"@type":"EntryPoint","urlTemplate":"https:\/\/bale.ch\/journal\/?s={search_term_string}"},"query-input":{"@type":"PropertyValueSpecification","valueRequired":true,"valueName":"search_term_string"}}],"inLanguage":"fr-FR"},{"@type":"Organization","@id":"https:\/\/bale.ch\/journal\/#organization","name":"Journal de B\u00e2le et Gen\u00e8ve","url":"https:\/\/bale.ch\/journal\/","logo":{"@type":"ImageObject","inLanguage":"fr-FR","@id":"https:\/\/bale.ch\/journal\/#\/schema\/logo\/image\/","url":"https:\/\/bale.ch\/journal\/wp-content\/uploads\/2023\/07\/journaldebale_logo_2023_nb.png","contentUrl":"https:\/\/bale.ch\/journal\/wp-content\/uploads\/2023\/07\/journaldebale_logo_2023_nb.png","width":371,"height":127,"caption":"Journal de B\u00e2le et Gen\u00e8ve"},"image":{"@id":"https:\/\/bale.ch\/journal\/#\/schema\/logo\/image\/"}},{"@type":"Person","@id":"https:\/\/bale.ch\/journal\/#\/schema\/person\/03ced978db3b7a5274c5cef003f352f5","name":"La R\u00e9daction","image":{"@type":"ImageObject","inLanguage":"fr-FR","@id":"https:\/\/secure.gravatar.com\/avatar\/d1327e2ce8d2b860112f968a3f34686c9bdda7a463a1502cdd1070ac9d88cf1e?s=96&d=mm&r=g","url":"https:\/\/secure.gravatar.com\/avatar\/d1327e2ce8d2b860112f968a3f34686c9bdda7a463a1502cdd1070ac9d88cf1e?s=96&d=mm&r=g","contentUrl":"https:\/\/secure.gravatar.com\/avatar\/d1327e2ce8d2b860112f968a3f34686c9bdda7a463a1502cdd1070ac9d88cf1e?s=96&d=mm&r=g","caption":"La R\u00e9daction"},"url":"https:\/\/bale.ch\/journal\/author\/laredaction\/"}]}},"_links":{"self":[{"href":"https:\/\/bale.ch\/journal\/wp-json\/wp\/v2\/posts\/3382","targetHints":{"allow":["GET"]}}],"collection":[{"href":"https:\/\/bale.ch\/journal\/wp-json\/wp\/v2\/posts"}],"about":[{"href":"https:\/\/bale.ch\/journal\/wp-json\/wp\/v2\/types\/post"}],"author":[{"embeddable":true,"href":"https:\/\/bale.ch\/journal\/wp-json\/wp\/v2\/users\/2"}],"replies":[{"embeddable":true,"href":"https:\/\/bale.ch\/journal\/wp-json\/wp\/v2\/comments?post=3382"}],"version-history":[{"count":2,"href":"https:\/\/bale.ch\/journal\/wp-json\/wp\/v2\/posts\/3382\/revisions"}],"predecessor-version":[{"id":3385,"href":"https:\/\/bale.ch\/journal\/wp-json\/wp\/v2\/posts\/3382\/revisions\/3385"}],"wp:featuredmedia":[{"embeddable":true,"href":"https:\/\/bale.ch\/journal\/wp-json\/wp\/v2\/media\/3383"}],"wp:attachment":[{"href":"https:\/\/bale.ch\/journal\/wp-json\/wp\/v2\/media?parent=3382"}],"wp:term":[{"taxonomy":"category","embeddable":true,"href":"https:\/\/bale.ch\/journal\/wp-json\/wp\/v2\/categories?post=3382"},{"taxonomy":"post_tag","embeddable":true,"href":"https:\/\/bale.ch\/journal\/wp-json\/wp\/v2\/tags?post=3382"}],"curies":[{"name":"wp","href":"https:\/\/api.w.org\/{rel}","templated":true}]}}