{"id":3400,"date":"2023-10-26T14:45:18","date_gmt":"2023-10-26T14:45:18","guid":{"rendered":"https:\/\/bale.ch\/journal\/?p=3400"},"modified":"2023-10-27T19:59:25","modified_gmt":"2023-10-27T19:59:25","slug":"a-geneve-la-fureur-de-lire-fete-ses-30-ans","status":"publish","type":"post","link":"https:\/\/bale.ch\/journal\/a-geneve-la-fureur-de-lire-fete-ses-30-ans\/","title":{"rendered":"\u00c0 Gen\u00e8ve, la \u00ab\u00a0Fureur de lire\u00a0\u00bb f\u00eate ses 30 ans"},"content":{"rendered":"\n<p class=\"wp-block-paragraph\">Du jeudi 23 au dimanche 26 novembre, La Fureur de lire prend ses quartiers au Commun, o\u00f9 se d\u00e9rouleront les \u00e9v\u00e9nements adultes et les expositions, \u00e0 la Maison Rousseau Litt\u00e9rature pour son programme jeunesse et dans une quinzaine de lieux partenaires pour sa programmation hors les murs. Pour sa 18\u00e8me \u00e9dition, elle propose \u00e0 ses divers publics, plus de 80 \u00e9v\u00e9nements, 20 performances, des expositions, des ateliers sur le th\u00e8me \u00ab les lettres ont du caract\u00e8re \u00bb, un atelier professionnel sur \u00ab la durabilit\u00e9 dans un cadre festivalier \u00bb et une quarantaine de rencontres pour les classes du DIP.<\/p>\n\n\n\n<p class=\"wp-block-paragraph\">La Fureur de lire, biennale trans- et pluridisciplinaire s\u2019engage depuis trente ans, \u00e0 pr\u00e9senter et diffuser la litt\u00e9rature sous toutes ses formes, ses caract\u00e8res et ses expressions. Enti\u00e8rement gratuite, elle soutient la litt\u00e9rature suisse romande tout en accueillant des talents litt\u00e9raires du monde entier. Une \u00e9dition, particuli\u00e8rement foisonnante, qui invite le public \u00e0 exp\u00e9rimenter, \u00e9couter, go\u00fbter, crier, \u00e9crire et bien s\u00fbr lire.<\/p>\n\n\n\n<h2 class=\"wp-block-heading\">Populaire, interdisciplinaire et performative<\/h2>\n\n\n\n<p class=\"wp-block-paragraph\">Cette ann\u00e9e, une dizaine d\u2019\u00e9crivain-e-s internationaux\u00b7ales viennent d\u2019au moins quatre continents, une trentaine de Suisse, pour des rencontres qui s\u2019annoncent \u00e9clectiques et g\u00e9n\u00e9reuses. Un appel \u00e0 projet a permis \u00e0 19 laur\u00e9at\u00b7e\u00b7s, acteurs\u00b7trices de la sc\u00e8ne romande, s\u00e9lectionn\u00e9\u00b7e\u00b7s par un jury compos\u00e9 de Yann Courtiau, libraire, Max Lobe et Carla Demierre, \u00e9crivain\u00b7e\u00b7s, Maud Mabillard, programmatrice, et Alexandra Ruiz, coordinatrice, de produire une pi\u00e8ce litt\u00e9raire in\u00e9dite destin\u00e9e \u00e0 \u00eatre pr\u00e9sent\u00e9e dans le cadre de la Fureur de lire 2023. <\/p><div id=\"crieu-1383437542\" class=\"crieu-content crieu-entity-placement\"><script async src=\"\/\/pagead2.googlesyndication.com\/pagead\/js\/adsbygoogle.js?client=ca-pub-5271584769416742\" crossorigin=\"anonymous\"><\/script><ins class=\"adsbygoogle\" style=\"display:block;\" data-ad-client=\"ca-pub-5271584769416742\" \ndata-ad-slot=\"9321250718\" \ndata-ad-format=\"auto\"><\/ins>\n<script> \n(adsbygoogle = window.adsbygoogle || []).push({}); \n<\/script>\n<\/div>\n\n\n\n<p class=\"wp-block-paragraph\">Pour rappeler l\u2019importance du livre comme lien social, des collaborations \u00e9troites avec plusieurs associations telles que La Marmite, \u00c9crire encore et le Centre d\u2019int\u00e9gration culturelle de la Croix-Rouge, se sont \u00e9galement d\u00e9velopp\u00e9es et permettront d\u2019atteindre des populations sous-repr\u00e9sent\u00e9es parmi les publics usuels suivant l\u2019offre culturelle propos\u00e9e \u00e0 Gen\u00e8ve.<\/p>\n\n\n\n<h2 class=\"wp-block-heading\">L&rsquo;Alg\u00e9rie \u00e0 l&rsquo;honneur<\/h2>\n\n\n\n<p class=\"wp-block-paragraph\">La Fureur de lire tisse, pour sa dix-huiti\u00e8me \u00e9dition, une toile d&rsquo;\u00e9v\u00e9nements litt\u00e9raires dont les fils s&rsquo;\u00e9tendent de l&rsquo;Alg\u00e9rie au Japon, embrassant des sujets aussi vastes que les peurs contemporaines et l&rsquo;\u00e9mergence de voix f\u00e9minines retentissantes. Une Fureur de lire engag\u00e9e : en association \u00e9troite avec les \u00e9ditions Barzakh, la Fureur de lire met \u00e0 l&rsquo;honneur l&rsquo;Alg\u00e9rie avec trois figures embl\u00e9matiques du paysage litt\u00e9raire alg\u00e9rien, Kamel Daoud, Mustapha Benfodil et Salah Badis.<\/p>\n\n\n\n<p class=\"wp-block-paragraph\">Mais le panorama litt\u00e9raire ne s&rsquo;arr\u00eate pas l\u00e0. D&rsquo;autres horizons s&rsquo;ouvrent avec des auteurs\u00b7trices issu\u00b7e\u00b7s de diverses cultures mais partageant la langue fran\u00e7aise comme vecteur d&rsquo;expression. Akira Mizubayashi, Nancy Huston et Rosie Pinhas-Delpuech, pour n&rsquo;en citer que quelques\u00b7un\u00b7e\u00b7s, viennent enrichir ce kal\u00e9idoscope culturel, t\u00e9moignant des potentiels de la litt\u00e9rature francophone.<\/p>\n\n\n\n<p class=\"wp-block-paragraph\">Le vendredi soir s&rsquo;annonce comme une immersion dans les angoisses et les questionnements du XXIe si\u00e8cle. Entre technologie et catastrophe naturelle, des plumes comme Solange Ghernaouti, Rinny Gremaud ou encore Andr\u00e9 Ourednik vont d\u00e9peindre nos peurs contemporaines, arm\u00e9s de leur talent d&rsquo;\u00e9crivain\u00b7e\u00b7s.<\/p>\n\n\n\n<p class=\"wp-block-paragraph\">Une vague prometteuse d\u2019auteures trentenaires s&rsquo;annonce \u00e9galement \u00e0 l&rsquo;horizon. Seynabou Sonko, Elisa Shua Dusapin, Lucie Rico, et bien d&rsquo;autres, \u00e9voquent notre \u00e9poque avec une pr\u00e9cision et un talent saisissant. Qu&rsquo;elles en soient \u00e0 leur premier ou cinqui\u00e8me roman, leur verve ne laisse personne indiff\u00e9rent.<\/p>\n\n\n\n<p class=\"wp-block-paragraph\">Le festival conserve aussi sa tradition d&rsquo;allier le verbe \u00e0 d&rsquo;autres formes artistiques. Les performances litt\u00e9raires y tiennent une place de choix. Des artistes comme Fr\u00e9d\u00e9ric Pajak, Anne-Sophie Subilia et Doroth\u00e9e Th\u00e9bert donnent corps et voix \u00e0 leurs textes, les sublimant \u00e0 travers la musique, l&rsquo;image et la performance sc\u00e9nique.<\/p>\n\n\n\n<p class=\"wp-block-paragraph\">En \u00e9cho au th\u00e8me de cette ann\u00e9e, \u00ab\u00a0Les lettres ont du caract\u00e8re\u00a0\u00bb, de nombreux ateliers et expositions seront d\u00e9di\u00e9s \u00e0 la c\u00e9l\u00e9bration du mot. De l&rsquo;\u00e9criture \u00e9rotique avec Litt\u00c9ros, \u00e0 l&rsquo;exploration typographique de \u00ab\u00a0Sacr\u00e9s caract\u00e8res\u00a0\u00bb par R\u00e9mi Berg\u00e9, en passant par un atelier de braille, le festival promet une exp\u00e9rience litt\u00e9raire sensorielle et singuli\u00e8re.<\/p>\n\n\n\n<h2 class=\"wp-block-heading\">Programme jeunesse<\/h2>\n\n\n\n<p class=\"wp-block-paragraph\">La Maison Rousseau et Litt\u00e9rature (MRL) se m\u00e9tamorphose lors du festival. Elle devient, le jour, une Maison des enfants et, le soir, un espace d\u00e9di\u00e9 aux adolescents et jeunes adultes.<\/p>\n\n\n\n<p class=\"wp-block-paragraph\">L&rsquo;\u00e9veil artistique et la cr\u00e9ativit\u00e9 des plus petits sont \u00e0 l&rsquo;honneur le samedi. Sous les pinceaux habiles d&rsquo;Anne Crausaz, les enfants sont invit\u00e9s \u00e0 explorer et \u00e0 dessiner en s&rsquo;inspirant de leurs cinq sens. Parall\u00e8lement, l&rsquo;univers prolifique du r\u00e8gne animal s&rsquo;invite dans leurs illustrations, guid\u00e9 par le talent d&rsquo;Adrienne Barman, qui les encourage \u00e0 illustrer leurs initiales.<\/p>\n\n\n\n<p class=\"wp-block-paragraph\">Le dimanche, c&rsquo;est dans un univers ludique et p\u00e9dagogique que les tout-petits, \u00e2g\u00e9s de 2 \u00e0 8 ans, sont plong\u00e9s. Le collectif Ribandelle les guide dans une aventure singuli\u00e8re o\u00f9 l&rsquo;\u00e9criture laisse place \u00e0 la d\u00e9couverte des lettres, jouant avec leurs formes basiques et leurs variations typographiques.<\/p>\n\n\n\n<p class=\"wp-block-paragraph\">Les soir\u00e9es, quant \u00e0 elles, r\u00e9sonnent des voix et des aspirations de la jeunesse. Le samedi, la MRL devient le th\u00e9\u00e2tre d&rsquo;un dialogue entre Fabrice Melquiot et des coll\u00e9gien\u00b7ne\u00b7s de la r\u00e9gion, autour du projet intrigant \u00ab\u00a0L&rsquo;\u00c9crivain fant\u00f4me\u00a0\u00bb.<\/p>\n\n\n\n<p class=\"wp-block-paragraph\">Le dimanche soir, les projecteurs illuminent une sc\u00e8ne vibrante o\u00f9 se tiendra un open-mic. En partenariat avec la Ville de Gen\u00e8ve, ce sera un moment phare o\u00f9 de jeunes rappeur\u00b7euse\u00b7s genevois\u00b7e\u00b7s s&#8217;empareront du micro, fusionnant litt\u00e9rature et rythmes contemporains.<\/p>\n\n\n\n<p class=\"wp-block-paragraph\">\u00ab\u00a0La Fureur de lire\u00a0\u00bb promet, cette ann\u00e9e encore, de c\u00e9l\u00e9brer la litt\u00e9rature sous toutes ses formes, invitant toutes les g\u00e9n\u00e9rations \u00e0 s&rsquo;exprimer et \u00e0 s&rsquo;immerger dans le monde merveilleux des mots.<\/p>\n\n\n\n<p class=\"wp-block-paragraph\">Face aux enjeux croissants li\u00e9s \u00e0 l&rsquo;environnement et \u00e0 la responsabilit\u00e9 soci\u00e9tale, comment peut-on inscrire un festival dans une d\u00e9marche durable tout en embrassant ses dimensions \u00e9ph\u00e9m\u00e8res ? C&rsquo;est sur cette question cruciale que se penchent Delphine Avrial, consultante dans le secteur culturel en durabilit\u00e9 et RSO ainsi que Laura Giudici et Stefanie G\u00fcnther Pizarro de l&rsquo;Association Vert le Futur lors d&rsquo;un atelier collaboratif. Cet atelier explore les multiples facettes de la durabilit\u00e9 &#8211; qu&rsquo;elles soient environnementales, sociales, humaines, mat\u00e9rielles ou programmatrices &#8211; et comment elles peuvent \u00eatre int\u00e9gr\u00e9es de mani\u00e8re harmonieuse dans la production d&rsquo;un \u00e9v\u00e9nement culturel. Une r\u00e9flexion profonde qui met en lumi\u00e8re la n\u00e9cessit\u00e9 de repenser nos modes de conception et de r\u00e9alisation dans le monde de la cr\u00e9ation. La Fureur de lire 2023, plus qu&rsquo;un festival, est une invitation \u00e0 voyager \u00e0 travers les mots et les mondes.<\/p>\n\n\n\n<p class=\"wp-block-paragraph\">Plus d&rsquo;infos sur <strong><a href=\"https:\/\/fureurdelire.ch\/\" target=\"_blank\" rel=\"noreferrer noopener\">fureurdelire.ch<\/a><\/strong><\/p>\n<div id=\"crieu-242887218\" class=\"crieu-apres-le-contenu crieu-entity-placement\" style=\"margin-left: auto;margin-right: auto;text-align: center;\"><script async src=\"\/\/pagead2.googlesyndication.com\/pagead\/js\/adsbygoogle.js?client=ca-pub-5271584769416742\" crossorigin=\"anonymous\"><\/script><ins class=\"adsbygoogle\" style=\"display:block;\" data-ad-client=\"ca-pub-5271584769416742\" \ndata-ad-slot=\"9321250718\" \ndata-ad-format=\"auto\"><\/ins>\n<script> \n(adsbygoogle = window.adsbygoogle || []).push({}); \n<\/script>\n<\/div>","protected":false},"excerpt":{"rendered":"<p>Du jeudi 23 au dimanche 26 novembre, La Fureur de lire prend ses quartiers au Commun, o\u00f9 se d\u00e9rouleront les \u00e9v\u00e9nements adultes et les expositions, \u00e0 la Maison Rousseau Litt\u00e9rature <a href=\"https:\/\/bale.ch\/journal\/a-geneve-la-fureur-de-lire-fete-ses-30-ans\/\" class=\"read-more button-fancy -red\"><span class=\"btn-arrow\"><\/span><span class=\"twp-read-more text\">Continuer la lecture<\/span><\/a><\/p>\n","protected":false},"author":2,"featured_media":3401,"comment_status":"closed","ping_status":"closed","sticky":false,"template":"","format":"standard","meta":{"footnotes":""},"categories":[103,10,4],"tags":[],"class_list":["post-3400","post","type-post","status-publish","format-standard","has-post-thumbnail","hentry","category-actu","category-culture","category-grand-geneve"],"yoast_head":"<!-- This site is optimized with the Yoast SEO plugin v28.3 - https:\/\/yoast.com\/product\/yoast-seo-wordpress\/ -->\n<title>\u00c0 Gen\u00e8ve, la &quot;Fureur de lire&quot; f\u00eate ses 30 ans - Journal de B\u00e2le et Gen\u00e8ve<\/title>\n<meta name=\"robots\" content=\"index, follow, max-snippet:-1, max-image-preview:large, max-video-preview:-1\" \/>\n<link rel=\"canonical\" href=\"https:\/\/bale.ch\/journal\/a-geneve-la-fureur-de-lire-fete-ses-30-ans\/\" \/>\n<meta property=\"og:locale\" content=\"fr_FR\" \/>\n<meta property=\"og:type\" content=\"article\" \/>\n<meta property=\"og:title\" content=\"\u00c0 Gen\u00e8ve, la &quot;Fureur de lire&quot; f\u00eate ses 30 ans - Journal de B\u00e2le et Gen\u00e8ve\" \/>\n<meta property=\"og:description\" content=\"Du jeudi 23 au dimanche 26 novembre, La Fureur de lire prend ses quartiers au Commun, o\u00f9 se d\u00e9rouleront les \u00e9v\u00e9nements adultes et les expositions, \u00e0 la Maison Rousseau Litt\u00e9rature Continuer la lecture\" \/>\n<meta property=\"og:url\" content=\"https:\/\/bale.ch\/journal\/a-geneve-la-fureur-de-lire-fete-ses-30-ans\/\" \/>\n<meta property=\"og:site_name\" content=\"Journal de B\u00e2le et Gen\u00e8ve\" \/>\n<meta property=\"article:published_time\" content=\"2023-10-26T14:45:18+00:00\" \/>\n<meta property=\"article:modified_time\" content=\"2023-10-27T19:59:25+00:00\" \/>\n<meta property=\"og:image\" content=\"https:\/\/bale.ch\/journal\/wp-content\/uploads\/2023\/10\/la_fureur_de_lire_geneve.jpg\" \/>\n\t<meta property=\"og:image:width\" content=\"900\" \/>\n\t<meta property=\"og:image:height\" content=\"484\" \/>\n\t<meta property=\"og:image:type\" content=\"image\/jpeg\" \/>\n<meta name=\"author\" content=\"La R\u00e9daction\" \/>\n<meta name=\"twitter:card\" content=\"summary_large_image\" \/>\n<meta name=\"twitter:label1\" content=\"\u00c9crit par\" \/>\n\t<meta name=\"twitter:data1\" content=\"La R\u00e9daction\" \/>\n\t<meta name=\"twitter:label2\" content=\"Dur\u00e9e de lecture estim\u00e9e\" \/>\n\t<meta name=\"twitter:data2\" content=\"6 minutes\" \/>\n<script type=\"application\/ld+json\" class=\"yoast-schema-graph\">{\"@context\":\"https:\\\/\\\/schema.org\",\"@graph\":[{\"@type\":\"Article\",\"@id\":\"https:\\\/\\\/bale.ch\\\/journal\\\/a-geneve-la-fureur-de-lire-fete-ses-30-ans\\\/#article\",\"isPartOf\":{\"@id\":\"https:\\\/\\\/bale.ch\\\/journal\\\/a-geneve-la-fureur-de-lire-fete-ses-30-ans\\\/\"},\"author\":{\"name\":\"La R\u00e9daction\",\"@id\":\"https:\\\/\\\/bale.ch\\\/journal\\\/#\\\/schema\\\/person\\\/03ced978db3b7a5274c5cef003f352f5\"},\"headline\":\"\u00c0 Gen\u00e8ve, la \u00ab\u00a0Fureur de lire\u00a0\u00bb f\u00eate ses 30 ans\",\"datePublished\":\"2023-10-26T14:45:18+00:00\",\"dateModified\":\"2023-10-27T19:59:25+00:00\",\"mainEntityOfPage\":{\"@id\":\"https:\\\/\\\/bale.ch\\\/journal\\\/a-geneve-la-fureur-de-lire-fete-ses-30-ans\\\/\"},\"wordCount\":1160,\"publisher\":{\"@id\":\"https:\\\/\\\/bale.ch\\\/journal\\\/#organization\"},\"image\":{\"@id\":\"https:\\\/\\\/bale.ch\\\/journal\\\/a-geneve-la-fureur-de-lire-fete-ses-30-ans\\\/#primaryimage\"},\"thumbnailUrl\":\"https:\\\/\\\/bale.ch\\\/journal\\\/wp-content\\\/uploads\\\/2023\\\/10\\\/la_fureur_de_lire_geneve.jpg\",\"articleSection\":[\"Actualit\u00e9s\",\"Culture\",\"Grand Gen\u00e8ve\"],\"inLanguage\":\"fr-FR\"},{\"@type\":\"WebPage\",\"@id\":\"https:\\\/\\\/bale.ch\\\/journal\\\/a-geneve-la-fureur-de-lire-fete-ses-30-ans\\\/\",\"url\":\"https:\\\/\\\/bale.ch\\\/journal\\\/a-geneve-la-fureur-de-lire-fete-ses-30-ans\\\/\",\"name\":\"\u00c0 Gen\u00e8ve, la \\\"Fureur de lire\\\" f\u00eate ses 30 ans - Journal de B\u00e2le et Gen\u00e8ve\",\"isPartOf\":{\"@id\":\"https:\\\/\\\/bale.ch\\\/journal\\\/#website\"},\"primaryImageOfPage\":{\"@id\":\"https:\\\/\\\/bale.ch\\\/journal\\\/a-geneve-la-fureur-de-lire-fete-ses-30-ans\\\/#primaryimage\"},\"image\":{\"@id\":\"https:\\\/\\\/bale.ch\\\/journal\\\/a-geneve-la-fureur-de-lire-fete-ses-30-ans\\\/#primaryimage\"},\"thumbnailUrl\":\"https:\\\/\\\/bale.ch\\\/journal\\\/wp-content\\\/uploads\\\/2023\\\/10\\\/la_fureur_de_lire_geneve.jpg\",\"datePublished\":\"2023-10-26T14:45:18+00:00\",\"dateModified\":\"2023-10-27T19:59:25+00:00\",\"breadcrumb\":{\"@id\":\"https:\\\/\\\/bale.ch\\\/journal\\\/a-geneve-la-fureur-de-lire-fete-ses-30-ans\\\/#breadcrumb\"},\"inLanguage\":\"fr-FR\",\"potentialAction\":[{\"@type\":\"ReadAction\",\"target\":[\"https:\\\/\\\/bale.ch\\\/journal\\\/a-geneve-la-fureur-de-lire-fete-ses-30-ans\\\/\"]}]},{\"@type\":\"ImageObject\",\"inLanguage\":\"fr-FR\",\"@id\":\"https:\\\/\\\/bale.ch\\\/journal\\\/a-geneve-la-fureur-de-lire-fete-ses-30-ans\\\/#primaryimage\",\"url\":\"https:\\\/\\\/bale.ch\\\/journal\\\/wp-content\\\/uploads\\\/2023\\\/10\\\/la_fureur_de_lire_geneve.jpg\",\"contentUrl\":\"https:\\\/\\\/bale.ch\\\/journal\\\/wp-content\\\/uploads\\\/2023\\\/10\\\/la_fureur_de_lire_geneve.jpg\",\"width\":900,\"height\":484},{\"@type\":\"BreadcrumbList\",\"@id\":\"https:\\\/\\\/bale.ch\\\/journal\\\/a-geneve-la-fureur-de-lire-fete-ses-30-ans\\\/#breadcrumb\",\"itemListElement\":[{\"@type\":\"ListItem\",\"position\":1,\"name\":\"Accueil\",\"item\":\"https:\\\/\\\/bale.ch\\\/journal\\\/\"},{\"@type\":\"ListItem\",\"position\":2,\"name\":\"\u00c0 Gen\u00e8ve, la \u00ab\u00a0Fureur de lire\u00a0\u00bb f\u00eate ses 30 ans\"}]},{\"@type\":\"WebSite\",\"@id\":\"https:\\\/\\\/bale.ch\\\/journal\\\/#website\",\"url\":\"https:\\\/\\\/bale.ch\\\/journal\\\/\",\"name\":\"Journal de B\u00e2le et Gen\u00e8ve\",\"description\":\"M\u00e9dia transfrontalier d&#039;actualit\u00e9s - News\",\"publisher\":{\"@id\":\"https:\\\/\\\/bale.ch\\\/journal\\\/#organization\"},\"potentialAction\":[{\"@type\":\"SearchAction\",\"target\":{\"@type\":\"EntryPoint\",\"urlTemplate\":\"https:\\\/\\\/bale.ch\\\/journal\\\/?s={search_term_string}\"},\"query-input\":{\"@type\":\"PropertyValueSpecification\",\"valueRequired\":true,\"valueName\":\"search_term_string\"}}],\"inLanguage\":\"fr-FR\"},{\"@type\":\"Organization\",\"@id\":\"https:\\\/\\\/bale.ch\\\/journal\\\/#organization\",\"name\":\"Journal de B\u00e2le et Gen\u00e8ve\",\"url\":\"https:\\\/\\\/bale.ch\\\/journal\\\/\",\"logo\":{\"@type\":\"ImageObject\",\"inLanguage\":\"fr-FR\",\"@id\":\"https:\\\/\\\/bale.ch\\\/journal\\\/#\\\/schema\\\/logo\\\/image\\\/\",\"url\":\"https:\\\/\\\/bale.ch\\\/journal\\\/wp-content\\\/uploads\\\/2023\\\/07\\\/journaldebale_logo_2023_nb.png\",\"contentUrl\":\"https:\\\/\\\/bale.ch\\\/journal\\\/wp-content\\\/uploads\\\/2023\\\/07\\\/journaldebale_logo_2023_nb.png\",\"width\":371,\"height\":127,\"caption\":\"Journal de B\u00e2le et Gen\u00e8ve\"},\"image\":{\"@id\":\"https:\\\/\\\/bale.ch\\\/journal\\\/#\\\/schema\\\/logo\\\/image\\\/\"}},{\"@type\":\"Person\",\"@id\":\"https:\\\/\\\/bale.ch\\\/journal\\\/#\\\/schema\\\/person\\\/03ced978db3b7a5274c5cef003f352f5\",\"name\":\"La R\u00e9daction\",\"image\":{\"@type\":\"ImageObject\",\"inLanguage\":\"fr-FR\",\"@id\":\"https:\\\/\\\/secure.gravatar.com\\\/avatar\\\/d1327e2ce8d2b860112f968a3f34686c9bdda7a463a1502cdd1070ac9d88cf1e?s=96&d=mm&r=g\",\"url\":\"https:\\\/\\\/secure.gravatar.com\\\/avatar\\\/d1327e2ce8d2b860112f968a3f34686c9bdda7a463a1502cdd1070ac9d88cf1e?s=96&d=mm&r=g\",\"contentUrl\":\"https:\\\/\\\/secure.gravatar.com\\\/avatar\\\/d1327e2ce8d2b860112f968a3f34686c9bdda7a463a1502cdd1070ac9d88cf1e?s=96&d=mm&r=g\",\"caption\":\"La R\u00e9daction\"},\"url\":\"https:\\\/\\\/bale.ch\\\/journal\\\/author\\\/laredaction\\\/\"}]}<\/script>\n<!-- \/ Yoast SEO plugin. -->","yoast_head_json":{"title":"\u00c0 Gen\u00e8ve, la \"Fureur de lire\" f\u00eate ses 30 ans - Journal de B\u00e2le et Gen\u00e8ve","robots":{"index":"index","follow":"follow","max-snippet":"max-snippet:-1","max-image-preview":"max-image-preview:large","max-video-preview":"max-video-preview:-1"},"canonical":"https:\/\/bale.ch\/journal\/a-geneve-la-fureur-de-lire-fete-ses-30-ans\/","og_locale":"fr_FR","og_type":"article","og_title":"\u00c0 Gen\u00e8ve, la \"Fureur de lire\" f\u00eate ses 30 ans - Journal de B\u00e2le et Gen\u00e8ve","og_description":"Du jeudi 23 au dimanche 26 novembre, La Fureur de lire prend ses quartiers au Commun, o\u00f9 se d\u00e9rouleront les \u00e9v\u00e9nements adultes et les expositions, \u00e0 la Maison Rousseau Litt\u00e9rature Continuer la lecture","og_url":"https:\/\/bale.ch\/journal\/a-geneve-la-fureur-de-lire-fete-ses-30-ans\/","og_site_name":"Journal de B\u00e2le et Gen\u00e8ve","article_published_time":"2023-10-26T14:45:18+00:00","article_modified_time":"2023-10-27T19:59:25+00:00","og_image":[{"width":900,"height":484,"url":"https:\/\/bale.ch\/journal\/wp-content\/uploads\/2023\/10\/la_fureur_de_lire_geneve.jpg","type":"image\/jpeg"}],"author":"La R\u00e9daction","twitter_card":"summary_large_image","twitter_misc":{"\u00c9crit par":"La R\u00e9daction","Dur\u00e9e de lecture estim\u00e9e":"6 minutes"},"schema":{"@context":"https:\/\/schema.org","@graph":[{"@type":"Article","@id":"https:\/\/bale.ch\/journal\/a-geneve-la-fureur-de-lire-fete-ses-30-ans\/#article","isPartOf":{"@id":"https:\/\/bale.ch\/journal\/a-geneve-la-fureur-de-lire-fete-ses-30-ans\/"},"author":{"name":"La R\u00e9daction","@id":"https:\/\/bale.ch\/journal\/#\/schema\/person\/03ced978db3b7a5274c5cef003f352f5"},"headline":"\u00c0 Gen\u00e8ve, la \u00ab\u00a0Fureur de lire\u00a0\u00bb f\u00eate ses 30 ans","datePublished":"2023-10-26T14:45:18+00:00","dateModified":"2023-10-27T19:59:25+00:00","mainEntityOfPage":{"@id":"https:\/\/bale.ch\/journal\/a-geneve-la-fureur-de-lire-fete-ses-30-ans\/"},"wordCount":1160,"publisher":{"@id":"https:\/\/bale.ch\/journal\/#organization"},"image":{"@id":"https:\/\/bale.ch\/journal\/a-geneve-la-fureur-de-lire-fete-ses-30-ans\/#primaryimage"},"thumbnailUrl":"https:\/\/bale.ch\/journal\/wp-content\/uploads\/2023\/10\/la_fureur_de_lire_geneve.jpg","articleSection":["Actualit\u00e9s","Culture","Grand Gen\u00e8ve"],"inLanguage":"fr-FR"},{"@type":"WebPage","@id":"https:\/\/bale.ch\/journal\/a-geneve-la-fureur-de-lire-fete-ses-30-ans\/","url":"https:\/\/bale.ch\/journal\/a-geneve-la-fureur-de-lire-fete-ses-30-ans\/","name":"\u00c0 Gen\u00e8ve, la \"Fureur de lire\" f\u00eate ses 30 ans - Journal de B\u00e2le et Gen\u00e8ve","isPartOf":{"@id":"https:\/\/bale.ch\/journal\/#website"},"primaryImageOfPage":{"@id":"https:\/\/bale.ch\/journal\/a-geneve-la-fureur-de-lire-fete-ses-30-ans\/#primaryimage"},"image":{"@id":"https:\/\/bale.ch\/journal\/a-geneve-la-fureur-de-lire-fete-ses-30-ans\/#primaryimage"},"thumbnailUrl":"https:\/\/bale.ch\/journal\/wp-content\/uploads\/2023\/10\/la_fureur_de_lire_geneve.jpg","datePublished":"2023-10-26T14:45:18+00:00","dateModified":"2023-10-27T19:59:25+00:00","breadcrumb":{"@id":"https:\/\/bale.ch\/journal\/a-geneve-la-fureur-de-lire-fete-ses-30-ans\/#breadcrumb"},"inLanguage":"fr-FR","potentialAction":[{"@type":"ReadAction","target":["https:\/\/bale.ch\/journal\/a-geneve-la-fureur-de-lire-fete-ses-30-ans\/"]}]},{"@type":"ImageObject","inLanguage":"fr-FR","@id":"https:\/\/bale.ch\/journal\/a-geneve-la-fureur-de-lire-fete-ses-30-ans\/#primaryimage","url":"https:\/\/bale.ch\/journal\/wp-content\/uploads\/2023\/10\/la_fureur_de_lire_geneve.jpg","contentUrl":"https:\/\/bale.ch\/journal\/wp-content\/uploads\/2023\/10\/la_fureur_de_lire_geneve.jpg","width":900,"height":484},{"@type":"BreadcrumbList","@id":"https:\/\/bale.ch\/journal\/a-geneve-la-fureur-de-lire-fete-ses-30-ans\/#breadcrumb","itemListElement":[{"@type":"ListItem","position":1,"name":"Accueil","item":"https:\/\/bale.ch\/journal\/"},{"@type":"ListItem","position":2,"name":"\u00c0 Gen\u00e8ve, la \u00ab\u00a0Fureur de lire\u00a0\u00bb f\u00eate ses 30 ans"}]},{"@type":"WebSite","@id":"https:\/\/bale.ch\/journal\/#website","url":"https:\/\/bale.ch\/journal\/","name":"Journal de B\u00e2le et Gen\u00e8ve","description":"M\u00e9dia transfrontalier d&#039;actualit\u00e9s - News","publisher":{"@id":"https:\/\/bale.ch\/journal\/#organization"},"potentialAction":[{"@type":"SearchAction","target":{"@type":"EntryPoint","urlTemplate":"https:\/\/bale.ch\/journal\/?s={search_term_string}"},"query-input":{"@type":"PropertyValueSpecification","valueRequired":true,"valueName":"search_term_string"}}],"inLanguage":"fr-FR"},{"@type":"Organization","@id":"https:\/\/bale.ch\/journal\/#organization","name":"Journal de B\u00e2le et Gen\u00e8ve","url":"https:\/\/bale.ch\/journal\/","logo":{"@type":"ImageObject","inLanguage":"fr-FR","@id":"https:\/\/bale.ch\/journal\/#\/schema\/logo\/image\/","url":"https:\/\/bale.ch\/journal\/wp-content\/uploads\/2023\/07\/journaldebale_logo_2023_nb.png","contentUrl":"https:\/\/bale.ch\/journal\/wp-content\/uploads\/2023\/07\/journaldebale_logo_2023_nb.png","width":371,"height":127,"caption":"Journal de B\u00e2le et Gen\u00e8ve"},"image":{"@id":"https:\/\/bale.ch\/journal\/#\/schema\/logo\/image\/"}},{"@type":"Person","@id":"https:\/\/bale.ch\/journal\/#\/schema\/person\/03ced978db3b7a5274c5cef003f352f5","name":"La R\u00e9daction","image":{"@type":"ImageObject","inLanguage":"fr-FR","@id":"https:\/\/secure.gravatar.com\/avatar\/d1327e2ce8d2b860112f968a3f34686c9bdda7a463a1502cdd1070ac9d88cf1e?s=96&d=mm&r=g","url":"https:\/\/secure.gravatar.com\/avatar\/d1327e2ce8d2b860112f968a3f34686c9bdda7a463a1502cdd1070ac9d88cf1e?s=96&d=mm&r=g","contentUrl":"https:\/\/secure.gravatar.com\/avatar\/d1327e2ce8d2b860112f968a3f34686c9bdda7a463a1502cdd1070ac9d88cf1e?s=96&d=mm&r=g","caption":"La R\u00e9daction"},"url":"https:\/\/bale.ch\/journal\/author\/laredaction\/"}]}},"_links":{"self":[{"href":"https:\/\/bale.ch\/journal\/wp-json\/wp\/v2\/posts\/3400","targetHints":{"allow":["GET"]}}],"collection":[{"href":"https:\/\/bale.ch\/journal\/wp-json\/wp\/v2\/posts"}],"about":[{"href":"https:\/\/bale.ch\/journal\/wp-json\/wp\/v2\/types\/post"}],"author":[{"embeddable":true,"href":"https:\/\/bale.ch\/journal\/wp-json\/wp\/v2\/users\/2"}],"replies":[{"embeddable":true,"href":"https:\/\/bale.ch\/journal\/wp-json\/wp\/v2\/comments?post=3400"}],"version-history":[{"count":3,"href":"https:\/\/bale.ch\/journal\/wp-json\/wp\/v2\/posts\/3400\/revisions"}],"predecessor-version":[{"id":3405,"href":"https:\/\/bale.ch\/journal\/wp-json\/wp\/v2\/posts\/3400\/revisions\/3405"}],"wp:featuredmedia":[{"embeddable":true,"href":"https:\/\/bale.ch\/journal\/wp-json\/wp\/v2\/media\/3401"}],"wp:attachment":[{"href":"https:\/\/bale.ch\/journal\/wp-json\/wp\/v2\/media?parent=3400"}],"wp:term":[{"taxonomy":"category","embeddable":true,"href":"https:\/\/bale.ch\/journal\/wp-json\/wp\/v2\/categories?post=3400"},{"taxonomy":"post_tag","embeddable":true,"href":"https:\/\/bale.ch\/journal\/wp-json\/wp\/v2\/tags?post=3400"}],"curies":[{"name":"wp","href":"https:\/\/api.w.org\/{rel}","templated":true}]}}