{"id":3407,"date":"2023-11-14T15:41:02","date_gmt":"2023-11-14T15:41:02","guid":{"rendered":"https:\/\/bale.ch\/journal\/?p=3407"},"modified":"2023-11-14T15:41:38","modified_gmt":"2023-11-14T15:41:38","slug":"25-ans-de-cinema-latino-americain-a-geneve","status":"publish","type":"post","link":"https:\/\/bale.ch\/journal\/25-ans-de-cinema-latino-americain-a-geneve\/","title":{"rendered":"\u00ab\u00a0Filmar\u00a0\u00bb: 25 ans de cin\u00e9ma latino-am\u00e9ricain \u00e0 Gen\u00e8ve"},"content":{"rendered":"\n<p class=\"wp-block-paragraph\"><strong>Le Festival FILMAR en Am\u00e9rica Latina s&rsquo;appr\u00eate \u00e0 c\u00e9l\u00e9brer son quart de si\u00e8cle avec une \u00e9dition exceptionnelle du 17 au 26 novembre 2023. Depuis ses modestes d\u00e9buts en 1998, initi\u00e9s par un groupe d&rsquo;\u00e9tudiant\u00b7e\u00b7s passionn\u00e9\u00b7e\u00b7s, le Festival est devenu aujourd\u2019hui le plus important \u00e9v\u00e9nement consacr\u00e9 au cin\u00e9ma et aux cultures latino-am\u00e9ricains en Suisse. La 25e \u00e9dition du Festival FILMAR s&rsquo;annonce comme un rendez-vous incontournable pour les amateurs de cin\u00e9ma et les amoureux\u00b7ses de l&rsquo;Am\u00e9rique latine, offrant une programmation riche, des invit\u00e9\u00b7e\u00b7s de renom, et des festivit\u00e9s m\u00ealant musiques et performances.<\/strong><\/p>\n\n\n\n<p class=\"wp-block-paragraph\">Au c\u0153ur de cette \u00e9dition anniversaire, le Festival d\u00e9voile une s\u00e9lection de 60 longs et courts-m\u00e9trages, dont 35 avant-premi\u00e8res suisses, issus d\u2019une dizaine de pays d\u2019Am\u00e9rique latine&nbsp;\u2013 Argentine, Bolivie, Br\u00e9sil, Chili, Colombie, Cuba, Honduras, Mexique, Nicaragua, P\u00e9rou, Uruguay \u2013 et de Suisse. Une vingtaine de personnalit\u00e9s du cin\u00e9ma, des artistes et des militant\u00b7e\u00b7s indig\u00e8nes ont annonc\u00e9 leur pr\u00e9sence afin de d\u00e9velopper les th\u00e8mes des films ou de pr\u00e9senter leurs \u0153uvres.<\/p>\n\n\n\n<p class=\"wp-block-paragraph\"><em>\u00ab\u00a0En 25 ans, FILMAR a partag\u00e9 avec passion la force et la qualit\u00e9 du cin\u00e9ma issu du continent latino-am\u00e9ricain. Il l\u2019a fait conna\u00eetre dans nos contr\u00e9es, lui conf\u00e9rant une audience indispensable. En 25 ans, le Festival a attir\u00e9 des centaines de milliers de personnes\u00a0\u00bb<\/em> a d\u00e9clar\u00e9 Sami Kanaan, Conseiller administratif de la Ville de Gen\u00e8ve en charge du D\u00e9partement de la Culture et de la transition num\u00e9rique.<\/p><div id=\"crieu-1762387557\" class=\"crieu-content crieu-entity-placement\"><script async src=\"\/\/pagead2.googlesyndication.com\/pagead\/js\/adsbygoogle.js?client=ca-pub-5271584769416742\" crossorigin=\"anonymous\"><\/script><ins class=\"adsbygoogle\" style=\"display:block;\" data-ad-client=\"ca-pub-5271584769416742\" \ndata-ad-slot=\"9321250718\" \ndata-ad-format=\"auto\"><\/ins>\n<script> \n(adsbygoogle = window.adsbygoogle || []).push({}); \n<\/script>\n<\/div>\n\n\n\n<p class=\"wp-block-paragraph\"><em>\u00ab\u00a0La reconnaissance d\u2019un c\u00f4t\u00e9 et la difficult\u00e9 annuelle de renouveler les subventions de l\u2019autre. FILMAR a su faire sa place dans le tissu culturel genevois, il a su convaincre. Malgr\u00e9 les obstacles, nous gardons espoir\u00a0\u00bb<\/em>, ajoute Zoya Anastassova, Pr\u00e9sidente de l\u2019Association Cin\u00e9ma des Trois Mondes qui chapeaute FILMAR.<\/p>\n\n\n\n<p class=\"wp-block-paragraph\">En c\u00e9l\u00e9bration de son 25e anniversaire, le Festival met en lumi\u00e8re la richesse du cin\u00e9ma latino-am\u00e9ricain \u00e0 travers une programmation diversifi\u00e9e. La s\u00e9lection comprend des \u0153uvres incontournables, actuellement \u00e0 l\u2019affiche des grandes salles de cin\u00e9ma en Am\u00e9rique latine et dans les festivals internationaux, telles que <strong>\u00ab\u00a0Blondi\u00a0\u00bb<\/strong>, premier long-m\u00e9trage r\u00e9alis\u00e9 par l\u2019actrice Dolores Fonzi (Argentine) et <strong>\u00ab\u00a0Perdidos en la noche\u00a0\u00bb<\/strong> du talentueux Amat Escalante (Mexique). En parall\u00e8le, le Festival rend hommage aux classiques qui ont laiss\u00e9 une empreinte ind\u00e9l\u00e9bile dans l\u2019Histoire du cin\u00e9ma depuis 1962, tels que <strong>\u00ab\u00a0Barravento\u00a0\u00bb<\/strong> de Glauber Rocha (Br\u00e9sil), <strong>\u00ab\u00a0La estrategia del caracol<\/strong>\u00a0\u00bb de Sergio Cabrera (Colombie) et <strong>\u00ab\u00a0La ni\u00f1a santa\u00a0\u00bb<\/strong> de Lucrecia Martel (Argentine).<\/p>\n\n\n\n<p class=\"wp-block-paragraph\"><em>\u00ab\u00a0FILMAR continue d\u2019avancer sur des chemins en marge, \u00e0 la recherche du meilleur, pour proposer aux spectateur\u00b7rice\u00b7s une programmation pointue\u00a0\u00bb<\/em>, affirme la Directrice de FILMAR Vania Aillon.<\/p>\n\n\n\n<p class=\"wp-block-paragraph\">La programmation 2023 se distingue \u00e9galement par cinq th\u00e9matiques captivantes: l&rsquo;\u00e9co-activisme et les droits des peuples indig\u00e8nes \u00e0 travers des documentaires marquants tels que \u00ab Berta soy yo \u00bb de Katia Lara (Honduras) et <strong>\u00ab\u00a0La rebeli\u00f3n de las flores\u00a0\u00bb<\/strong> de Mar\u00eda Laura V\u00e1squez (Argentine)&nbsp;; les parcours migratoires avec des films \u00e9vocateurs tels que <strong>\u00ab\u00a0Llamadas desde Mosc\u00fa\u00a0\u00bb<\/strong> de Luis Alejandro Yero (Cuba) et <strong>\u00ab\u00a0Lejos de casa\u00a0\u00bb<\/strong> de Carlos Hern\u00e1ndez V\u00e1zquez (Mexique)&nbsp;; les multiples facettes du f\u00e9minisme \u00e0 travers plusieurs portraits de femmes, dont <strong>\u00ab\u00a0Levante\u00a0\u00bb<\/strong> de Lillah Halla (Br\u00e9sil) et <strong>\u00ab\u00a0Autoer\u00f3tica\u00a0\u00bb<\/strong> d\u2019Andrea Hoyos (P\u00e9rou). Cette ann\u00e9e marquant aussi les 50 ans des coups d\u2019\u00c9tat au Chili et en Uruguay, FILMAR offre des cl\u00e9s de lecture de ces \u00e9v\u00e9nements avec, entre autres, <strong>\u00ab\u00a0Salvador Allende\u00a0\u00bb<\/strong> (Chili) de Patricio Guzm\u00e1n et <strong>\u00ab\u00a0Para no olvidar\u00a0\u00bb<\/strong> (Uruguay) de Laura Gabay. FILMAR propose aussi un focus cin\u00e9ma queer \u00e0 travers la section HISTORIAS QUEER et une Muestra d\u00e9di\u00e9e au r\u00e9alisateur argentin Marco Berger. FILMARcito, la section pour les enfants, invite \u00e0 d\u00e9couvrir des longs et courts m\u00e9trages ludiques autour de l\u2019amiti\u00e9 et de l\u2019environnement.<\/p>\n\n\n\n<p class=\"wp-block-paragraph\">Huit films concourront pour le Prix du public \u2013 FOCUS SUD, tandis que huit autres seront en lice pour le Prix du Jury des jeunes \u2013 OPERA PRIMA. Les deux r\u00e9compenses seront remises lors de la 25e c\u00e9r\u00e9monie de cl\u00f4ture, le 26 novembre \u00e0 19h00, \u00e0 l\u2019Auditorium de la Fondation Arditi.<\/p>\n\n\n\n<p class=\"wp-block-paragraph\">La c\u00e9r\u00e9monie d\u2019ouverture&nbsp;aura lieu le 17 novembre \u00e0 l\u2019Alhambra avec les projections du court-m\u00e9trage <strong>\u00ab\u00a0Flores del otro patio\u00a0\u00bb<\/strong> de Jorge Cadena (Colombie) et du film<strong> \u00ab\u00a0T\u00f3tem\u00a0\u00bb <\/strong>de Lila Avil\u00e9s (Mexique), suivies de festivit\u00e9s (verr\u00e9e, concert et performance).<\/p>\n\n\n\n<p class=\"wp-block-paragraph\">Plus d&rsquo;infos sur <a rel=\"noreferrer noopener\" href=\"https:\/\/filmar.ch\/\" target=\"_blank\"><strong>filmar.ch<\/strong><\/a><\/p>\n<div id=\"crieu-3765749368\" class=\"crieu-apres-le-contenu crieu-entity-placement\" style=\"margin-left: auto;margin-right: auto;text-align: center;\"><script async src=\"\/\/pagead2.googlesyndication.com\/pagead\/js\/adsbygoogle.js?client=ca-pub-5271584769416742\" crossorigin=\"anonymous\"><\/script><ins class=\"adsbygoogle\" style=\"display:block;\" data-ad-client=\"ca-pub-5271584769416742\" \ndata-ad-slot=\"9321250718\" \ndata-ad-format=\"auto\"><\/ins>\n<script> \n(adsbygoogle = window.adsbygoogle || []).push({}); \n<\/script>\n<\/div>","protected":false},"excerpt":{"rendered":"<p>Le Festival FILMAR en Am\u00e9rica Latina s&rsquo;appr\u00eate \u00e0 c\u00e9l\u00e9brer son quart de si\u00e8cle avec une \u00e9dition exceptionnelle du 17 au 26 novembre 2023. Depuis ses modestes d\u00e9buts en 1998, initi\u00e9s <a href=\"https:\/\/bale.ch\/journal\/25-ans-de-cinema-latino-americain-a-geneve\/\" class=\"read-more button-fancy -red\"><span class=\"btn-arrow\"><\/span><span class=\"twp-read-more text\">Continuer la lecture<\/span><\/a><\/p>\n","protected":false},"author":2,"featured_media":3412,"comment_status":"closed","ping_status":"closed","sticky":false,"template":"","format":"standard","meta":{"footnotes":""},"categories":[103,4],"tags":[23,93,74],"class_list":["post-3407","post","type-post","status-publish","format-standard","has-post-thumbnail","hentry","category-actu","category-grand-geneve","tag-cinema","tag-festival","tag-geneve"],"yoast_head":"<!-- This site is optimized with the Yoast SEO plugin v28.3 - https:\/\/yoast.com\/product\/yoast-seo-wordpress\/ -->\n<title>&quot;Filmar&quot;: 25 ans de cin\u00e9ma latino-am\u00e9ricain \u00e0 Gen\u00e8ve - Journal de B\u00e2le et Gen\u00e8ve<\/title>\n<meta name=\"robots\" content=\"index, follow, max-snippet:-1, max-image-preview:large, max-video-preview:-1\" \/>\n<link rel=\"canonical\" href=\"https:\/\/bale.ch\/journal\/25-ans-de-cinema-latino-americain-a-geneve\/\" \/>\n<meta property=\"og:locale\" content=\"fr_FR\" \/>\n<meta property=\"og:type\" content=\"article\" \/>\n<meta property=\"og:title\" content=\"&quot;Filmar&quot;: 25 ans de cin\u00e9ma latino-am\u00e9ricain \u00e0 Gen\u00e8ve - Journal de B\u00e2le et Gen\u00e8ve\" \/>\n<meta property=\"og:description\" content=\"Le Festival FILMAR en Am\u00e9rica Latina s&rsquo;appr\u00eate \u00e0 c\u00e9l\u00e9brer son quart de si\u00e8cle avec une \u00e9dition exceptionnelle du 17 au 26 novembre 2023. Depuis ses modestes d\u00e9buts en 1998, initi\u00e9s Continuer la lecture\" \/>\n<meta property=\"og:url\" content=\"https:\/\/bale.ch\/journal\/25-ans-de-cinema-latino-americain-a-geneve\/\" \/>\n<meta property=\"og:site_name\" content=\"Journal de B\u00e2le et Gen\u00e8ve\" \/>\n<meta property=\"article:published_time\" content=\"2023-11-14T15:41:02+00:00\" \/>\n<meta property=\"article:modified_time\" content=\"2023-11-14T15:41:38+00:00\" \/>\n<meta property=\"og:image\" content=\"https:\/\/bale.ch\/journal\/wp-content\/uploads\/2023\/11\/filmar_festival_2023_geneve_ginebra.jpg\" \/>\n\t<meta property=\"og:image:width\" content=\"900\" \/>\n\t<meta property=\"og:image:height\" content=\"484\" \/>\n\t<meta property=\"og:image:type\" content=\"image\/jpeg\" \/>\n<meta name=\"author\" content=\"La R\u00e9daction\" \/>\n<meta name=\"twitter:card\" content=\"summary_large_image\" \/>\n<meta name=\"twitter:label1\" content=\"\u00c9crit par\" \/>\n\t<meta name=\"twitter:data1\" content=\"La R\u00e9daction\" \/>\n\t<meta name=\"twitter:label2\" content=\"Dur\u00e9e de lecture estim\u00e9e\" \/>\n\t<meta name=\"twitter:data2\" content=\"4 minutes\" \/>\n<script type=\"application\/ld+json\" class=\"yoast-schema-graph\">{\"@context\":\"https:\\\/\\\/schema.org\",\"@graph\":[{\"@type\":\"Article\",\"@id\":\"https:\\\/\\\/bale.ch\\\/journal\\\/25-ans-de-cinema-latino-americain-a-geneve\\\/#article\",\"isPartOf\":{\"@id\":\"https:\\\/\\\/bale.ch\\\/journal\\\/25-ans-de-cinema-latino-americain-a-geneve\\\/\"},\"author\":{\"name\":\"La R\u00e9daction\",\"@id\":\"https:\\\/\\\/bale.ch\\\/journal\\\/#\\\/schema\\\/person\\\/03ced978db3b7a5274c5cef003f352f5\"},\"headline\":\"\u00ab\u00a0Filmar\u00a0\u00bb: 25 ans de cin\u00e9ma latino-am\u00e9ricain \u00e0 Gen\u00e8ve\",\"datePublished\":\"2023-11-14T15:41:02+00:00\",\"dateModified\":\"2023-11-14T15:41:38+00:00\",\"mainEntityOfPage\":{\"@id\":\"https:\\\/\\\/bale.ch\\\/journal\\\/25-ans-de-cinema-latino-americain-a-geneve\\\/\"},\"wordCount\":788,\"publisher\":{\"@id\":\"https:\\\/\\\/bale.ch\\\/journal\\\/#organization\"},\"image\":{\"@id\":\"https:\\\/\\\/bale.ch\\\/journal\\\/25-ans-de-cinema-latino-americain-a-geneve\\\/#primaryimage\"},\"thumbnailUrl\":\"https:\\\/\\\/bale.ch\\\/journal\\\/wp-content\\\/uploads\\\/2023\\\/11\\\/filmar_festival_2023_geneve_ginebra.jpg\",\"keywords\":[\"Cin\u00e9ma\",\"festival\",\"Gen\u00e8ve\"],\"articleSection\":[\"Actualit\u00e9s\",\"Grand Gen\u00e8ve\"],\"inLanguage\":\"fr-FR\"},{\"@type\":\"WebPage\",\"@id\":\"https:\\\/\\\/bale.ch\\\/journal\\\/25-ans-de-cinema-latino-americain-a-geneve\\\/\",\"url\":\"https:\\\/\\\/bale.ch\\\/journal\\\/25-ans-de-cinema-latino-americain-a-geneve\\\/\",\"name\":\"\\\"Filmar\\\": 25 ans de cin\u00e9ma latino-am\u00e9ricain \u00e0 Gen\u00e8ve - Journal de B\u00e2le et Gen\u00e8ve\",\"isPartOf\":{\"@id\":\"https:\\\/\\\/bale.ch\\\/journal\\\/#website\"},\"primaryImageOfPage\":{\"@id\":\"https:\\\/\\\/bale.ch\\\/journal\\\/25-ans-de-cinema-latino-americain-a-geneve\\\/#primaryimage\"},\"image\":{\"@id\":\"https:\\\/\\\/bale.ch\\\/journal\\\/25-ans-de-cinema-latino-americain-a-geneve\\\/#primaryimage\"},\"thumbnailUrl\":\"https:\\\/\\\/bale.ch\\\/journal\\\/wp-content\\\/uploads\\\/2023\\\/11\\\/filmar_festival_2023_geneve_ginebra.jpg\",\"datePublished\":\"2023-11-14T15:41:02+00:00\",\"dateModified\":\"2023-11-14T15:41:38+00:00\",\"breadcrumb\":{\"@id\":\"https:\\\/\\\/bale.ch\\\/journal\\\/25-ans-de-cinema-latino-americain-a-geneve\\\/#breadcrumb\"},\"inLanguage\":\"fr-FR\",\"potentialAction\":[{\"@type\":\"ReadAction\",\"target\":[\"https:\\\/\\\/bale.ch\\\/journal\\\/25-ans-de-cinema-latino-americain-a-geneve\\\/\"]}]},{\"@type\":\"ImageObject\",\"inLanguage\":\"fr-FR\",\"@id\":\"https:\\\/\\\/bale.ch\\\/journal\\\/25-ans-de-cinema-latino-americain-a-geneve\\\/#primaryimage\",\"url\":\"https:\\\/\\\/bale.ch\\\/journal\\\/wp-content\\\/uploads\\\/2023\\\/11\\\/filmar_festival_2023_geneve_ginebra.jpg\",\"contentUrl\":\"https:\\\/\\\/bale.ch\\\/journal\\\/wp-content\\\/uploads\\\/2023\\\/11\\\/filmar_festival_2023_geneve_ginebra.jpg\",\"width\":900,\"height\":484},{\"@type\":\"BreadcrumbList\",\"@id\":\"https:\\\/\\\/bale.ch\\\/journal\\\/25-ans-de-cinema-latino-americain-a-geneve\\\/#breadcrumb\",\"itemListElement\":[{\"@type\":\"ListItem\",\"position\":1,\"name\":\"Accueil\",\"item\":\"https:\\\/\\\/bale.ch\\\/journal\\\/\"},{\"@type\":\"ListItem\",\"position\":2,\"name\":\"\u00ab\u00a0Filmar\u00a0\u00bb: 25 ans de cin\u00e9ma latino-am\u00e9ricain \u00e0 Gen\u00e8ve\"}]},{\"@type\":\"WebSite\",\"@id\":\"https:\\\/\\\/bale.ch\\\/journal\\\/#website\",\"url\":\"https:\\\/\\\/bale.ch\\\/journal\\\/\",\"name\":\"Journal de B\u00e2le et Gen\u00e8ve\",\"description\":\"M\u00e9dia transfrontalier d&#039;actualit\u00e9s - News\",\"publisher\":{\"@id\":\"https:\\\/\\\/bale.ch\\\/journal\\\/#organization\"},\"potentialAction\":[{\"@type\":\"SearchAction\",\"target\":{\"@type\":\"EntryPoint\",\"urlTemplate\":\"https:\\\/\\\/bale.ch\\\/journal\\\/?s={search_term_string}\"},\"query-input\":{\"@type\":\"PropertyValueSpecification\",\"valueRequired\":true,\"valueName\":\"search_term_string\"}}],\"inLanguage\":\"fr-FR\"},{\"@type\":\"Organization\",\"@id\":\"https:\\\/\\\/bale.ch\\\/journal\\\/#organization\",\"name\":\"Journal de B\u00e2le et Gen\u00e8ve\",\"url\":\"https:\\\/\\\/bale.ch\\\/journal\\\/\",\"logo\":{\"@type\":\"ImageObject\",\"inLanguage\":\"fr-FR\",\"@id\":\"https:\\\/\\\/bale.ch\\\/journal\\\/#\\\/schema\\\/logo\\\/image\\\/\",\"url\":\"https:\\\/\\\/bale.ch\\\/journal\\\/wp-content\\\/uploads\\\/2023\\\/07\\\/journaldebale_logo_2023_nb.png\",\"contentUrl\":\"https:\\\/\\\/bale.ch\\\/journal\\\/wp-content\\\/uploads\\\/2023\\\/07\\\/journaldebale_logo_2023_nb.png\",\"width\":371,\"height\":127,\"caption\":\"Journal de B\u00e2le et Gen\u00e8ve\"},\"image\":{\"@id\":\"https:\\\/\\\/bale.ch\\\/journal\\\/#\\\/schema\\\/logo\\\/image\\\/\"}},{\"@type\":\"Person\",\"@id\":\"https:\\\/\\\/bale.ch\\\/journal\\\/#\\\/schema\\\/person\\\/03ced978db3b7a5274c5cef003f352f5\",\"name\":\"La R\u00e9daction\",\"image\":{\"@type\":\"ImageObject\",\"inLanguage\":\"fr-FR\",\"@id\":\"https:\\\/\\\/secure.gravatar.com\\\/avatar\\\/d1327e2ce8d2b860112f968a3f34686c9bdda7a463a1502cdd1070ac9d88cf1e?s=96&d=mm&r=g\",\"url\":\"https:\\\/\\\/secure.gravatar.com\\\/avatar\\\/d1327e2ce8d2b860112f968a3f34686c9bdda7a463a1502cdd1070ac9d88cf1e?s=96&d=mm&r=g\",\"contentUrl\":\"https:\\\/\\\/secure.gravatar.com\\\/avatar\\\/d1327e2ce8d2b860112f968a3f34686c9bdda7a463a1502cdd1070ac9d88cf1e?s=96&d=mm&r=g\",\"caption\":\"La R\u00e9daction\"},\"url\":\"https:\\\/\\\/bale.ch\\\/journal\\\/author\\\/laredaction\\\/\"}]}<\/script>\n<!-- \/ Yoast SEO plugin. -->","yoast_head_json":{"title":"\"Filmar\": 25 ans de cin\u00e9ma latino-am\u00e9ricain \u00e0 Gen\u00e8ve - Journal de B\u00e2le et Gen\u00e8ve","robots":{"index":"index","follow":"follow","max-snippet":"max-snippet:-1","max-image-preview":"max-image-preview:large","max-video-preview":"max-video-preview:-1"},"canonical":"https:\/\/bale.ch\/journal\/25-ans-de-cinema-latino-americain-a-geneve\/","og_locale":"fr_FR","og_type":"article","og_title":"\"Filmar\": 25 ans de cin\u00e9ma latino-am\u00e9ricain \u00e0 Gen\u00e8ve - Journal de B\u00e2le et Gen\u00e8ve","og_description":"Le Festival FILMAR en Am\u00e9rica Latina s&rsquo;appr\u00eate \u00e0 c\u00e9l\u00e9brer son quart de si\u00e8cle avec une \u00e9dition exceptionnelle du 17 au 26 novembre 2023. Depuis ses modestes d\u00e9buts en 1998, initi\u00e9s Continuer la lecture","og_url":"https:\/\/bale.ch\/journal\/25-ans-de-cinema-latino-americain-a-geneve\/","og_site_name":"Journal de B\u00e2le et Gen\u00e8ve","article_published_time":"2023-11-14T15:41:02+00:00","article_modified_time":"2023-11-14T15:41:38+00:00","og_image":[{"width":900,"height":484,"url":"https:\/\/bale.ch\/journal\/wp-content\/uploads\/2023\/11\/filmar_festival_2023_geneve_ginebra.jpg","type":"image\/jpeg"}],"author":"La R\u00e9daction","twitter_card":"summary_large_image","twitter_misc":{"\u00c9crit par":"La R\u00e9daction","Dur\u00e9e de lecture estim\u00e9e":"4 minutes"},"schema":{"@context":"https:\/\/schema.org","@graph":[{"@type":"Article","@id":"https:\/\/bale.ch\/journal\/25-ans-de-cinema-latino-americain-a-geneve\/#article","isPartOf":{"@id":"https:\/\/bale.ch\/journal\/25-ans-de-cinema-latino-americain-a-geneve\/"},"author":{"name":"La R\u00e9daction","@id":"https:\/\/bale.ch\/journal\/#\/schema\/person\/03ced978db3b7a5274c5cef003f352f5"},"headline":"\u00ab\u00a0Filmar\u00a0\u00bb: 25 ans de cin\u00e9ma latino-am\u00e9ricain \u00e0 Gen\u00e8ve","datePublished":"2023-11-14T15:41:02+00:00","dateModified":"2023-11-14T15:41:38+00:00","mainEntityOfPage":{"@id":"https:\/\/bale.ch\/journal\/25-ans-de-cinema-latino-americain-a-geneve\/"},"wordCount":788,"publisher":{"@id":"https:\/\/bale.ch\/journal\/#organization"},"image":{"@id":"https:\/\/bale.ch\/journal\/25-ans-de-cinema-latino-americain-a-geneve\/#primaryimage"},"thumbnailUrl":"https:\/\/bale.ch\/journal\/wp-content\/uploads\/2023\/11\/filmar_festival_2023_geneve_ginebra.jpg","keywords":["Cin\u00e9ma","festival","Gen\u00e8ve"],"articleSection":["Actualit\u00e9s","Grand Gen\u00e8ve"],"inLanguage":"fr-FR"},{"@type":"WebPage","@id":"https:\/\/bale.ch\/journal\/25-ans-de-cinema-latino-americain-a-geneve\/","url":"https:\/\/bale.ch\/journal\/25-ans-de-cinema-latino-americain-a-geneve\/","name":"\"Filmar\": 25 ans de cin\u00e9ma latino-am\u00e9ricain \u00e0 Gen\u00e8ve - Journal de B\u00e2le et Gen\u00e8ve","isPartOf":{"@id":"https:\/\/bale.ch\/journal\/#website"},"primaryImageOfPage":{"@id":"https:\/\/bale.ch\/journal\/25-ans-de-cinema-latino-americain-a-geneve\/#primaryimage"},"image":{"@id":"https:\/\/bale.ch\/journal\/25-ans-de-cinema-latino-americain-a-geneve\/#primaryimage"},"thumbnailUrl":"https:\/\/bale.ch\/journal\/wp-content\/uploads\/2023\/11\/filmar_festival_2023_geneve_ginebra.jpg","datePublished":"2023-11-14T15:41:02+00:00","dateModified":"2023-11-14T15:41:38+00:00","breadcrumb":{"@id":"https:\/\/bale.ch\/journal\/25-ans-de-cinema-latino-americain-a-geneve\/#breadcrumb"},"inLanguage":"fr-FR","potentialAction":[{"@type":"ReadAction","target":["https:\/\/bale.ch\/journal\/25-ans-de-cinema-latino-americain-a-geneve\/"]}]},{"@type":"ImageObject","inLanguage":"fr-FR","@id":"https:\/\/bale.ch\/journal\/25-ans-de-cinema-latino-americain-a-geneve\/#primaryimage","url":"https:\/\/bale.ch\/journal\/wp-content\/uploads\/2023\/11\/filmar_festival_2023_geneve_ginebra.jpg","contentUrl":"https:\/\/bale.ch\/journal\/wp-content\/uploads\/2023\/11\/filmar_festival_2023_geneve_ginebra.jpg","width":900,"height":484},{"@type":"BreadcrumbList","@id":"https:\/\/bale.ch\/journal\/25-ans-de-cinema-latino-americain-a-geneve\/#breadcrumb","itemListElement":[{"@type":"ListItem","position":1,"name":"Accueil","item":"https:\/\/bale.ch\/journal\/"},{"@type":"ListItem","position":2,"name":"\u00ab\u00a0Filmar\u00a0\u00bb: 25 ans de cin\u00e9ma latino-am\u00e9ricain \u00e0 Gen\u00e8ve"}]},{"@type":"WebSite","@id":"https:\/\/bale.ch\/journal\/#website","url":"https:\/\/bale.ch\/journal\/","name":"Journal de B\u00e2le et Gen\u00e8ve","description":"M\u00e9dia transfrontalier d&#039;actualit\u00e9s - News","publisher":{"@id":"https:\/\/bale.ch\/journal\/#organization"},"potentialAction":[{"@type":"SearchAction","target":{"@type":"EntryPoint","urlTemplate":"https:\/\/bale.ch\/journal\/?s={search_term_string}"},"query-input":{"@type":"PropertyValueSpecification","valueRequired":true,"valueName":"search_term_string"}}],"inLanguage":"fr-FR"},{"@type":"Organization","@id":"https:\/\/bale.ch\/journal\/#organization","name":"Journal de B\u00e2le et Gen\u00e8ve","url":"https:\/\/bale.ch\/journal\/","logo":{"@type":"ImageObject","inLanguage":"fr-FR","@id":"https:\/\/bale.ch\/journal\/#\/schema\/logo\/image\/","url":"https:\/\/bale.ch\/journal\/wp-content\/uploads\/2023\/07\/journaldebale_logo_2023_nb.png","contentUrl":"https:\/\/bale.ch\/journal\/wp-content\/uploads\/2023\/07\/journaldebale_logo_2023_nb.png","width":371,"height":127,"caption":"Journal de B\u00e2le et Gen\u00e8ve"},"image":{"@id":"https:\/\/bale.ch\/journal\/#\/schema\/logo\/image\/"}},{"@type":"Person","@id":"https:\/\/bale.ch\/journal\/#\/schema\/person\/03ced978db3b7a5274c5cef003f352f5","name":"La R\u00e9daction","image":{"@type":"ImageObject","inLanguage":"fr-FR","@id":"https:\/\/secure.gravatar.com\/avatar\/d1327e2ce8d2b860112f968a3f34686c9bdda7a463a1502cdd1070ac9d88cf1e?s=96&d=mm&r=g","url":"https:\/\/secure.gravatar.com\/avatar\/d1327e2ce8d2b860112f968a3f34686c9bdda7a463a1502cdd1070ac9d88cf1e?s=96&d=mm&r=g","contentUrl":"https:\/\/secure.gravatar.com\/avatar\/d1327e2ce8d2b860112f968a3f34686c9bdda7a463a1502cdd1070ac9d88cf1e?s=96&d=mm&r=g","caption":"La R\u00e9daction"},"url":"https:\/\/bale.ch\/journal\/author\/laredaction\/"}]}},"_links":{"self":[{"href":"https:\/\/bale.ch\/journal\/wp-json\/wp\/v2\/posts\/3407","targetHints":{"allow":["GET"]}}],"collection":[{"href":"https:\/\/bale.ch\/journal\/wp-json\/wp\/v2\/posts"}],"about":[{"href":"https:\/\/bale.ch\/journal\/wp-json\/wp\/v2\/types\/post"}],"author":[{"embeddable":true,"href":"https:\/\/bale.ch\/journal\/wp-json\/wp\/v2\/users\/2"}],"replies":[{"embeddable":true,"href":"https:\/\/bale.ch\/journal\/wp-json\/wp\/v2\/comments?post=3407"}],"version-history":[{"count":3,"href":"https:\/\/bale.ch\/journal\/wp-json\/wp\/v2\/posts\/3407\/revisions"}],"predecessor-version":[{"id":3415,"href":"https:\/\/bale.ch\/journal\/wp-json\/wp\/v2\/posts\/3407\/revisions\/3415"}],"wp:featuredmedia":[{"embeddable":true,"href":"https:\/\/bale.ch\/journal\/wp-json\/wp\/v2\/media\/3412"}],"wp:attachment":[{"href":"https:\/\/bale.ch\/journal\/wp-json\/wp\/v2\/media?parent=3407"}],"wp:term":[{"taxonomy":"category","embeddable":true,"href":"https:\/\/bale.ch\/journal\/wp-json\/wp\/v2\/categories?post=3407"},{"taxonomy":"post_tag","embeddable":true,"href":"https:\/\/bale.ch\/journal\/wp-json\/wp\/v2\/tags?post=3407"}],"curies":[{"name":"wp","href":"https:\/\/api.w.org\/{rel}","templated":true}]}}