{"id":342,"date":"2016-01-20T19:20:03","date_gmt":"2016-01-20T19:20:03","guid":{"rendered":"http:\/\/bale.ch\/journal\/?p=342"},"modified":"2016-01-20T19:23:09","modified_gmt":"2016-01-20T19:23:09","slug":"maison-enfants-geneve","status":"publish","type":"post","link":"https:\/\/bale.ch\/journal\/maison-enfants-geneve\/","title":{"rendered":"La \u00abpetite grande maison\u00bb aux Grottes"},"content":{"rendered":"<p><strong>Au c\u0153ur du quartier des Grottes, dans une rue annonciatrice de partage et de soleil, se love une institution bien particuli\u00e8re\u202f: La Maison des Enfants.\u00a0 En ce lundi gris et froid de d\u00e9cembre, j\u2019y trouve refuge aupr\u00e8s d\u2019\u00e9ducatrices, d\u2019enfants et de parents.\u00a0<\/strong><!--more--><\/p>\n<p>Atmosph\u00e8re d\u00e9tendue, chaleureuse et conviviale, on est comme \u00e0 la maison ici! Chacun a ses petites habitudes, ses petites affaires, ses jeux pr\u00e9f\u00e9r\u00e9s ou ses livres de pr\u00e9dilection. Paul arrive avec un CD qu&rsquo;il propose d&rsquo;\u00e9couter avec d&rsquo;autres enfants un peu plus tard, mais pour l&rsquo;instant c&rsquo;est la course aux escargots qui absorbe l&rsquo;\u00e9quipe pr\u00e9sente. En attendant que la troupe soit au complet \u00e0 14h30, les bambins savourent ce moment en jeux libres.<\/p>\n<p>Ici, un calendrier de l&rsquo;Avent d\u00e9guis\u00e9 en maison de poup\u00e9e est en construction, dans l&rsquo;autre salle, on a install\u00e9 un mobile qui grandit de jour en jour \u00e0 l&rsquo;approche du 24.<\/p><div id=\"crieu-1913300223\" class=\"crieu-content crieu-entity-placement\"><script async src=\"\/\/pagead2.googlesyndication.com\/pagead\/js\/adsbygoogle.js?client=ca-pub-5271584769416742\" crossorigin=\"anonymous\"><\/script><ins class=\"adsbygoogle\" style=\"display:block;\" data-ad-client=\"ca-pub-5271584769416742\" \ndata-ad-slot=\"9321250718\" \ndata-ad-format=\"auto\"><\/ins>\n<script> \n(adsbygoogle = window.adsbygoogle || []).push({}); \n<\/script>\n<\/div>\n<p><a href=\"https:\/\/bale.ch\/journal\/wp-content\/uploads\/2016\/01\/IMG_5131B.jpg\" rel=\"attachment wp-att-344\"><img loading=\"lazy\" decoding=\"async\" class=\"size-medium wp-image-344 aligncenter\" src=\"https:\/\/bale.ch\/journal\/wp-content\/uploads\/2016\/01\/IMG_5131B-300x225.jpg\" alt=\"IMG_5131B\" width=\"300\" height=\"225\" srcset=\"https:\/\/bale.ch\/journal\/wp-content\/uploads\/2016\/01\/IMG_5131B-300x225.jpg 300w, https:\/\/bale.ch\/journal\/wp-content\/uploads\/2016\/01\/IMG_5131B-768x576.jpg 768w, https:\/\/bale.ch\/journal\/wp-content\/uploads\/2016\/01\/IMG_5131B.jpg 1000w\" sizes=\"auto, (max-width: 300px) 100vw, 300px\" \/><\/a><\/p>\n<p>Activit\u00e9 bricolage avec paillettes et \u00e9toiles, saison oblige. Les petits bouts entre deux et quatre ans sont aux anges. Il faut dire que la maison porte bien son nom. J&rsquo;ai le sentiment d&rsquo;\u00eatre chez les Lilliputiens, rien n&rsquo;est \u00e0 ma taille! Serais-je devenue g\u00e9ante? Petites chaises color\u00e9es, petites tables, cuvettes de toilettes au ras du sol, lavabos version minus! Tout est adapt\u00e9!<\/p>\n<p>Bien que le temps ne soit pas particuli\u00e8rement cl\u00e9ment, nous nous appr\u00eatons \u00e0 sortir. Quelle chance! la maison dispose de son propre jardin! Jeux, toboggan notamment et espaces cr\u00e9atifs, bac \u00e0 sable par exemple. Tout est pris d&rsquo;assaut malgr\u00e9 les temp\u00e9ratures et l&rsquo;humidit\u00e9, sp\u00e9cialement le bac \u00e0 sable qui ne d\u00e9semplit gu\u00e8re! Mais sortir en d\u00e9cembre sous nos latitudes, c&rsquo;est tout une histoire, les chaussures, les bonnets, les gants, les \u00e9charpes! Festival de couleurs et de mati\u00e8res. Les enfants tous plus d\u00e9gourdis les uns que les autres s&rsquo;affairent et ne veulent pas d&rsquo;aide! Dehors, on court, on crie, on se poursuit, on tombe, on rit, on vit! Pendant ce temps, j&rsquo;essaie de me r\u00e9chauffer, une tasse de th\u00e9 entre les mains en discutant avec les \u00e9ducatrices! Finalement, l&rsquo;heure de la pause \u00ab\u00a0grand air\u00a0\u00bb sonne. Nous nous engouffrons tous au chaud, objectif go\u00fbter!<\/p>\n<p>Apr\u00e8s s&rsquo;\u00eatre d\u00e9lest\u00e9 de l&rsquo;\u00e9quipage n\u00e9cessaire pour r\u00e9sister au froid, c&rsquo;est la queue pour passer aux toilettes et se laver les mains. Les instructions \u00e9taient tr\u00e8s claires : \u00ab\u00a0il faut frotter\u00a0\u00bb! Eh oui, on apprend l&rsquo;hygi\u00e8ne! Quant \u00e0 moi, je virevolte. Je d\u00e9couvre un coin de pi\u00e8ce \u00ab\u00a0caverne d&rsquo;Ali Baba\u00a0\u00bb! Assiettes en plastiques color\u00e9es en forme de fleur, brosses \u00e0 dents impr\u00e9gn\u00e9es de peintures, palettes de peinture \u00e0 l&rsquo;eau, bouts de laine et de tissus, pinceaux en goguette&#8230; Pour votre exploratrice visuelle de son \u00e9tat : un vrai bonheur. Mon appareil photo n&rsquo;est pas au ch\u00f4mage! Je mitraille!<\/p>\n<p><a href=\"https:\/\/bale.ch\/journal\/wp-content\/uploads\/2016\/01\/IMG_5134B.jpg\" rel=\"attachment wp-att-345\"><img loading=\"lazy\" decoding=\"async\" class=\"size-medium wp-image-345 aligncenter\" src=\"https:\/\/bale.ch\/journal\/wp-content\/uploads\/2016\/01\/IMG_5134B-300x225.jpg\" alt=\"IMG_5134B\" width=\"300\" height=\"225\" srcset=\"https:\/\/bale.ch\/journal\/wp-content\/uploads\/2016\/01\/IMG_5134B-300x225.jpg 300w, https:\/\/bale.ch\/journal\/wp-content\/uploads\/2016\/01\/IMG_5134B-768x576.jpg 768w, https:\/\/bale.ch\/journal\/wp-content\/uploads\/2016\/01\/IMG_5134B.jpg 1000w\" sizes=\"auto, (max-width: 300px) 100vw, 300px\" \/><\/a><\/p>\n<p>Je me laisse absorber et voil\u00e0 que le go\u00fbter compos\u00e9 de cl\u00e9mentines, de biscuits, de jus de fruits se dresse sur la table. Ce sont les parents qui, tour \u00e0 tour, apportent les victuailles. Cela refl\u00e8te l&rsquo;esprit associatif de la maison et permet des d\u00e9couvertes culinaires enrichissantes, car certains d&rsquo;entre eux viennent d&rsquo;Inde, du Br\u00e9sil, de Russie, du Sri Lanka, d&rsquo;Argentine et j&rsquo;en passe! Les assiettes circulent, on se sert des petites portions par souci des autres, on se raconte des histoires, son week-end, on parle de ses go\u00fbts, la cl\u00e9mentine avec sa peau et ses p\u00e9pins remporte la comp\u00e9tition. Puis soudain, je deviens le centre d&rsquo;int\u00e9r\u00eat! L\u00e0 pour le coup, je ne me sens plus g\u00e9ante&#8230; Qui suis-je et pourquoi me suis-je assise sur une petite chaise rouge en bout de table? Alors j&rsquo;explique a raison de ma visite et mes r\u00e9ponses paraissent satisfaisantes! Ouf, j&rsquo;ai eu chaud!<\/p>\n<p>Le temps a vite pass\u00e9, la nuit est tomb\u00e9e. D&rsquo;autres aventures m&rsquo;attendent et je prends cong\u00e9 de mes compagnons de l&rsquo;apr\u00e8s-midi dont j&#8217;emporte un peu de bonne humeur et un sourire heureux!<\/p>\n<p>Ici, pas besoin de niveau, tout est horizontal!<\/p>\n<p>Je m&rsquo;installe par terre pour discuter avec Pascale \u00e9ducatrice, et Gustavo, du fonctionnement atypique de ce petit paradis ! Gustavo, papa tout aussi actif qu&rsquo;engag\u00e9 commence \u00e0 \u00e9voquer les pratiques associatives de la Maison.<\/p>\n<p>Les parents et les \u00e9ducateurs constituent les membres de l&rsquo;association. On comprend donc ais\u00e9ment, tout de suite, que le chemin se trace main dans la main, et que l&rsquo;harmonie se cherche gr\u00e2ce \u00e0 une \u00e9troite collaboration. Tout le monde joue le jeu, tout le monde s&rsquo;implique : commissions actives (Entretien, Relations du personnel, Quartier-contact, Int\u00e9gration&#8230;) et un comit\u00e9 infatigable r\u00e9pondent : \u00ab\u00a0pr\u00e9sent\u00a0\u00bb! Au sein de ces organes si\u00e8gent \u00e9ducateurs et parents. On y propose des sujets de r\u00e9flexions, des changements d&rsquo;organisation, des id\u00e9es d&rsquo;activit\u00e9s, etc. La volont\u00e9 premi\u00e8re s&rsquo;inscrit r\u00e9ellement dans la mixit\u00e9 des points de vues, des origines, en gardant \u00e0 l&rsquo;esprit le bien-\u00eatre et l&rsquo;\u00e9panouissement de ces ch\u00e9rubins. L&rsquo;avantage d&rsquo;un microcosme est que tout le monde se conna\u00eet. Les situations individuelles sont prises en compte notamment en ce qui concerne les aspects financiers. Ainsi, gr\u00e2ce au fond de solidarit\u00e9 de l&rsquo;association, certaines familles peuvent recevoir de l&rsquo;aide, lors du r\u00e8glement de telle ou telle sortie voire en cas de maladie prolong\u00e9e\/accident ou \u00e9colage difficile \u00e0 solder.<\/p>\n<p><a href=\"https:\/\/bale.ch\/journal\/wp-content\/uploads\/2016\/01\/IMG_5129B.jpg\" rel=\"attachment wp-att-346\"><img loading=\"lazy\" decoding=\"async\" class=\"size-medium wp-image-346 aligncenter\" src=\"https:\/\/bale.ch\/journal\/wp-content\/uploads\/2016\/01\/IMG_5129B-300x300.jpg\" alt=\"IMG_5129B\" width=\"300\" height=\"300\" srcset=\"https:\/\/bale.ch\/journal\/wp-content\/uploads\/2016\/01\/IMG_5129B-300x300.jpg 300w, https:\/\/bale.ch\/journal\/wp-content\/uploads\/2016\/01\/IMG_5129B-150x150.jpg 150w, https:\/\/bale.ch\/journal\/wp-content\/uploads\/2016\/01\/IMG_5129B-768x768.jpg 768w, https:\/\/bale.ch\/journal\/wp-content\/uploads\/2016\/01\/IMG_5129B.jpg 1000w\" sizes=\"auto, (max-width: 300px) 100vw, 300px\" \/><\/a><\/p>\n<p>La Maison des Enfants est subventionn\u00e9e la ville de Gen\u00e8ve. Elle applique les tarifs municipaux, les demandes d&rsquo;inscriptions lui sont transmises par BIPE (Bureau d&rsquo;Inscription de la Petite Enfance). \u00c0 ce titre, elle touche des subventions de m\u00eame que des institutions \u00e9quivalentes. Ce qui la distingue, c&rsquo;est sa structure associative totalement ind\u00e9pendante de la ville. Pas de directeur avec une batterie, pas de cogestion municipale, non! En lieu et place, un comit\u00e9 compos\u00e9 de parents et d&rsquo;\u00e9ducateurs uniquement. Ici chaque voix compte. C&rsquo;est dans la coresponsabilit\u00e9 et l&rsquo;investissement de tous, soit la cogestion ; que les liens se tissent, que le partage se cr\u00e9e, que les complicit\u00e9s naissent. L&rsquo;atmosph\u00e8re est agr\u00e9able. Les \u00e9ducateurs sont mis en valeur, leur travail directement reconnus par les parents qui sont partie prenante du processus : le comit\u00e9 est l&#8217;employeur ! Ces derniers quant \u00e0 eux, sont familiaris\u00e9s avec l&rsquo;environnement de leurs enfants, y contribuent directement et cr\u00e9ent un lien privil\u00e9gi\u00e9 avec celui-ci.<\/p>\n<p>Le travers de la forme associative est souvent qu&rsquo;un noyau dur se forme autour d&rsquo;inconditionnels et que les autres membres vivotent. C&rsquo;est loin d&rsquo;\u00eatre le cas de la \u00ab\u00a0Maison\u00a0\u00bb. Non seulement, les adh\u00e9rents sont renouvel\u00e9s tr\u00e8s r\u00e9guli\u00e8rement car les enfants ne restent que deux ans dans la structure (et donc les parents aussi, plus ou moins en fonction des fratries), mais aussi parce qu&rsquo;il est parfois plus \u00e9vident de d\u00e9fendre des id\u00e9es pour autrui que pour soi-m\u00eame, surtout lorsqu&rsquo;il s&rsquo;agit de sa prog\u00e9niture!<\/p>\n<p><a href=\"http:\/\/www.ville-geneve.ch\/plan-ville\/institutions-petite-enfance\/maison-enfants-jardin-enfants\/\" target=\"_blank\">La Maison des enfants aux Grottes \u2013 Jardin d&rsquo;enfants<\/a><\/p>\n<div id=\"crieu-238251138\" class=\"crieu-apres-le-contenu crieu-entity-placement\" style=\"margin-left: auto;margin-right: auto;text-align: center;\"><script async src=\"\/\/pagead2.googlesyndication.com\/pagead\/js\/adsbygoogle.js?client=ca-pub-5271584769416742\" crossorigin=\"anonymous\"><\/script><ins class=\"adsbygoogle\" style=\"display:block;\" data-ad-client=\"ca-pub-5271584769416742\" \ndata-ad-slot=\"9321250718\" \ndata-ad-format=\"auto\"><\/ins>\n<script> \n(adsbygoogle = window.adsbygoogle || []).push({}); \n<\/script>\n<\/div>","protected":false},"excerpt":{"rendered":"<p>Au c\u0153ur du quartier des Grottes, dans une rue annonciatrice de partage et de soleil, se love une institution bien particuli\u00e8re\u202f: La Maison des Enfants.\u00a0 En ce lundi gris et <a href=\"https:\/\/bale.ch\/journal\/maison-enfants-geneve\/\" class=\"read-more button-fancy -red\"><span class=\"btn-arrow\"><\/span><span class=\"twp-read-more text\">Continuer la lecture<\/span><\/a><\/p>\n","protected":false},"author":5,"featured_media":343,"comment_status":"closed","ping_status":"closed","sticky":false,"template":"","format":"standard","meta":{"footnotes":""},"categories":[38],"tags":[57],"class_list":["post-342","post","type-post","status-publish","format-standard","has-post-thumbnail","hentry","category-geneve-decouverte","tag-social"],"yoast_head":"<!-- This site is optimized with the Yoast SEO plugin v28.3 - https:\/\/yoast.com\/product\/yoast-seo-wordpress\/ -->\n<title>La \u00abpetite grande maison\u00bb aux Grottes - Journal de B\u00e2le et Gen\u00e8ve<\/title>\n<meta name=\"robots\" content=\"index, follow, max-snippet:-1, max-image-preview:large, max-video-preview:-1\" \/>\n<link rel=\"canonical\" href=\"https:\/\/bale.ch\/journal\/maison-enfants-geneve\/\" \/>\n<meta property=\"og:locale\" content=\"fr_FR\" \/>\n<meta property=\"og:type\" content=\"article\" \/>\n<meta property=\"og:title\" content=\"La \u00abpetite grande maison\u00bb aux Grottes - Journal de B\u00e2le et Gen\u00e8ve\" \/>\n<meta property=\"og:description\" content=\"Au c\u0153ur du quartier des Grottes, dans une rue annonciatrice de partage et de soleil, se love une institution bien particuli\u00e8re\u202f: La Maison des Enfants.\u00a0 En ce lundi gris et Continuer la lecture\" \/>\n<meta property=\"og:url\" content=\"https:\/\/bale.ch\/journal\/maison-enfants-geneve\/\" \/>\n<meta property=\"og:site_name\" content=\"Journal de B\u00e2le et Gen\u00e8ve\" \/>\n<meta property=\"article:published_time\" content=\"2016-01-20T19:20:03+00:00\" \/>\n<meta property=\"article:modified_time\" content=\"2016-01-20T19:23:09+00:00\" \/>\n<meta property=\"og:image\" content=\"https:\/\/bale.ch\/journal\/wp-content\/uploads\/2016\/01\/maison_des_enfants_grottes_geneve.jpg\" \/>\n\t<meta property=\"og:image:width\" content=\"1000\" \/>\n\t<meta property=\"og:image:height\" content=\"1000\" \/>\n\t<meta property=\"og:image:type\" content=\"image\/jpeg\" \/>\n<meta name=\"author\" content=\"Natacha de Santignac\" \/>\n<meta name=\"twitter:card\" content=\"summary_large_image\" \/>\n<meta name=\"twitter:label1\" content=\"\u00c9crit par\" \/>\n\t<meta name=\"twitter:data1\" content=\"Natacha de Santignac\" \/>\n\t<meta name=\"twitter:label2\" content=\"Dur\u00e9e de lecture estim\u00e9e\" \/>\n\t<meta name=\"twitter:data2\" content=\"6 minutes\" \/>\n<script type=\"application\/ld+json\" class=\"yoast-schema-graph\">{\"@context\":\"https:\\\/\\\/schema.org\",\"@graph\":[{\"@type\":\"Article\",\"@id\":\"https:\\\/\\\/bale.ch\\\/journal\\\/maison-enfants-geneve\\\/#article\",\"isPartOf\":{\"@id\":\"https:\\\/\\\/bale.ch\\\/journal\\\/maison-enfants-geneve\\\/\"},\"author\":{\"name\":\"Natacha de Santignac\",\"@id\":\"https:\\\/\\\/bale.ch\\\/journal\\\/#\\\/schema\\\/person\\\/c9c2f300463adf9091a28673ecb80750\"},\"headline\":\"La \u00abpetite grande maison\u00bb aux Grottes\",\"datePublished\":\"2016-01-20T19:20:03+00:00\",\"dateModified\":\"2016-01-20T19:23:09+00:00\",\"mainEntityOfPage\":{\"@id\":\"https:\\\/\\\/bale.ch\\\/journal\\\/maison-enfants-geneve\\\/\"},\"wordCount\":1233,\"publisher\":{\"@id\":\"https:\\\/\\\/bale.ch\\\/journal\\\/#organization\"},\"image\":{\"@id\":\"https:\\\/\\\/bale.ch\\\/journal\\\/maison-enfants-geneve\\\/#primaryimage\"},\"thumbnailUrl\":\"https:\\\/\\\/bale.ch\\\/journal\\\/wp-content\\\/uploads\\\/2016\\\/01\\\/maison_des_enfants_grottes_geneve.jpg\",\"keywords\":[\"Social\"],\"articleSection\":[\"Gen\u00e8ve D\u00e9couverte\"],\"inLanguage\":\"fr-FR\"},{\"@type\":\"WebPage\",\"@id\":\"https:\\\/\\\/bale.ch\\\/journal\\\/maison-enfants-geneve\\\/\",\"url\":\"https:\\\/\\\/bale.ch\\\/journal\\\/maison-enfants-geneve\\\/\",\"name\":\"La \u00abpetite grande maison\u00bb aux Grottes - Journal de B\u00e2le et Gen\u00e8ve\",\"isPartOf\":{\"@id\":\"https:\\\/\\\/bale.ch\\\/journal\\\/#website\"},\"primaryImageOfPage\":{\"@id\":\"https:\\\/\\\/bale.ch\\\/journal\\\/maison-enfants-geneve\\\/#primaryimage\"},\"image\":{\"@id\":\"https:\\\/\\\/bale.ch\\\/journal\\\/maison-enfants-geneve\\\/#primaryimage\"},\"thumbnailUrl\":\"https:\\\/\\\/bale.ch\\\/journal\\\/wp-content\\\/uploads\\\/2016\\\/01\\\/maison_des_enfants_grottes_geneve.jpg\",\"datePublished\":\"2016-01-20T19:20:03+00:00\",\"dateModified\":\"2016-01-20T19:23:09+00:00\",\"breadcrumb\":{\"@id\":\"https:\\\/\\\/bale.ch\\\/journal\\\/maison-enfants-geneve\\\/#breadcrumb\"},\"inLanguage\":\"fr-FR\",\"potentialAction\":[{\"@type\":\"ReadAction\",\"target\":[\"https:\\\/\\\/bale.ch\\\/journal\\\/maison-enfants-geneve\\\/\"]}]},{\"@type\":\"ImageObject\",\"inLanguage\":\"fr-FR\",\"@id\":\"https:\\\/\\\/bale.ch\\\/journal\\\/maison-enfants-geneve\\\/#primaryimage\",\"url\":\"https:\\\/\\\/bale.ch\\\/journal\\\/wp-content\\\/uploads\\\/2016\\\/01\\\/maison_des_enfants_grottes_geneve.jpg\",\"contentUrl\":\"https:\\\/\\\/bale.ch\\\/journal\\\/wp-content\\\/uploads\\\/2016\\\/01\\\/maison_des_enfants_grottes_geneve.jpg\",\"width\":1000,\"height\":1000},{\"@type\":\"BreadcrumbList\",\"@id\":\"https:\\\/\\\/bale.ch\\\/journal\\\/maison-enfants-geneve\\\/#breadcrumb\",\"itemListElement\":[{\"@type\":\"ListItem\",\"position\":1,\"name\":\"Accueil\",\"item\":\"https:\\\/\\\/bale.ch\\\/journal\\\/\"},{\"@type\":\"ListItem\",\"position\":2,\"name\":\"La \u00abpetite grande maison\u00bb aux Grottes\"}]},{\"@type\":\"WebSite\",\"@id\":\"https:\\\/\\\/bale.ch\\\/journal\\\/#website\",\"url\":\"https:\\\/\\\/bale.ch\\\/journal\\\/\",\"name\":\"Journal de B\u00e2le et Gen\u00e8ve\",\"description\":\"M\u00e9dia transfrontalier d&#039;actualit\u00e9s - News\",\"publisher\":{\"@id\":\"https:\\\/\\\/bale.ch\\\/journal\\\/#organization\"},\"potentialAction\":[{\"@type\":\"SearchAction\",\"target\":{\"@type\":\"EntryPoint\",\"urlTemplate\":\"https:\\\/\\\/bale.ch\\\/journal\\\/?s={search_term_string}\"},\"query-input\":{\"@type\":\"PropertyValueSpecification\",\"valueRequired\":true,\"valueName\":\"search_term_string\"}}],\"inLanguage\":\"fr-FR\"},{\"@type\":\"Organization\",\"@id\":\"https:\\\/\\\/bale.ch\\\/journal\\\/#organization\",\"name\":\"Journal de B\u00e2le et Gen\u00e8ve\",\"url\":\"https:\\\/\\\/bale.ch\\\/journal\\\/\",\"logo\":{\"@type\":\"ImageObject\",\"inLanguage\":\"fr-FR\",\"@id\":\"https:\\\/\\\/bale.ch\\\/journal\\\/#\\\/schema\\\/logo\\\/image\\\/\",\"url\":\"https:\\\/\\\/bale.ch\\\/journal\\\/wp-content\\\/uploads\\\/2023\\\/07\\\/journaldebale_logo_2023_nb.png\",\"contentUrl\":\"https:\\\/\\\/bale.ch\\\/journal\\\/wp-content\\\/uploads\\\/2023\\\/07\\\/journaldebale_logo_2023_nb.png\",\"width\":371,\"height\":127,\"caption\":\"Journal de B\u00e2le et Gen\u00e8ve\"},\"image\":{\"@id\":\"https:\\\/\\\/bale.ch\\\/journal\\\/#\\\/schema\\\/logo\\\/image\\\/\"}},{\"@type\":\"Person\",\"@id\":\"https:\\\/\\\/bale.ch\\\/journal\\\/#\\\/schema\\\/person\\\/c9c2f300463adf9091a28673ecb80750\",\"name\":\"Natacha de Santignac\",\"image\":{\"@type\":\"ImageObject\",\"inLanguage\":\"fr-FR\",\"@id\":\"https:\\\/\\\/secure.gravatar.com\\\/avatar\\\/bf2e26e0c999fa3e29ea55d852a513d13a609e3bf13537baf6fcc8306b6a0cdf?s=96&d=mm&r=g\",\"url\":\"https:\\\/\\\/secure.gravatar.com\\\/avatar\\\/bf2e26e0c999fa3e29ea55d852a513d13a609e3bf13537baf6fcc8306b6a0cdf?s=96&d=mm&r=g\",\"contentUrl\":\"https:\\\/\\\/secure.gravatar.com\\\/avatar\\\/bf2e26e0c999fa3e29ea55d852a513d13a609e3bf13537baf6fcc8306b6a0cdf?s=96&d=mm&r=g\",\"caption\":\"Natacha de Santignac\"},\"description\":\"kaleidoscopes.ch\",\"sameAs\":[\"http:\\\/\\\/kaleidoscopes.ch\"],\"url\":\"https:\\\/\\\/bale.ch\\\/journal\\\/author\\\/nds\\\/\"}]}<\/script>\n<!-- \/ Yoast SEO plugin. -->","yoast_head_json":{"title":"La \u00abpetite grande maison\u00bb aux Grottes - Journal de B\u00e2le et Gen\u00e8ve","robots":{"index":"index","follow":"follow","max-snippet":"max-snippet:-1","max-image-preview":"max-image-preview:large","max-video-preview":"max-video-preview:-1"},"canonical":"https:\/\/bale.ch\/journal\/maison-enfants-geneve\/","og_locale":"fr_FR","og_type":"article","og_title":"La \u00abpetite grande maison\u00bb aux Grottes - Journal de B\u00e2le et Gen\u00e8ve","og_description":"Au c\u0153ur du quartier des Grottes, dans une rue annonciatrice de partage et de soleil, se love une institution bien particuli\u00e8re\u202f: La Maison des Enfants.\u00a0 En ce lundi gris et Continuer la lecture","og_url":"https:\/\/bale.ch\/journal\/maison-enfants-geneve\/","og_site_name":"Journal de B\u00e2le et Gen\u00e8ve","article_published_time":"2016-01-20T19:20:03+00:00","article_modified_time":"2016-01-20T19:23:09+00:00","og_image":[{"width":1000,"height":1000,"url":"https:\/\/bale.ch\/journal\/wp-content\/uploads\/2016\/01\/maison_des_enfants_grottes_geneve.jpg","type":"image\/jpeg"}],"author":"Natacha de Santignac","twitter_card":"summary_large_image","twitter_misc":{"\u00c9crit par":"Natacha de Santignac","Dur\u00e9e de lecture estim\u00e9e":"6 minutes"},"schema":{"@context":"https:\/\/schema.org","@graph":[{"@type":"Article","@id":"https:\/\/bale.ch\/journal\/maison-enfants-geneve\/#article","isPartOf":{"@id":"https:\/\/bale.ch\/journal\/maison-enfants-geneve\/"},"author":{"name":"Natacha de Santignac","@id":"https:\/\/bale.ch\/journal\/#\/schema\/person\/c9c2f300463adf9091a28673ecb80750"},"headline":"La \u00abpetite grande maison\u00bb aux Grottes","datePublished":"2016-01-20T19:20:03+00:00","dateModified":"2016-01-20T19:23:09+00:00","mainEntityOfPage":{"@id":"https:\/\/bale.ch\/journal\/maison-enfants-geneve\/"},"wordCount":1233,"publisher":{"@id":"https:\/\/bale.ch\/journal\/#organization"},"image":{"@id":"https:\/\/bale.ch\/journal\/maison-enfants-geneve\/#primaryimage"},"thumbnailUrl":"https:\/\/bale.ch\/journal\/wp-content\/uploads\/2016\/01\/maison_des_enfants_grottes_geneve.jpg","keywords":["Social"],"articleSection":["Gen\u00e8ve D\u00e9couverte"],"inLanguage":"fr-FR"},{"@type":"WebPage","@id":"https:\/\/bale.ch\/journal\/maison-enfants-geneve\/","url":"https:\/\/bale.ch\/journal\/maison-enfants-geneve\/","name":"La \u00abpetite grande maison\u00bb aux Grottes - Journal de B\u00e2le et Gen\u00e8ve","isPartOf":{"@id":"https:\/\/bale.ch\/journal\/#website"},"primaryImageOfPage":{"@id":"https:\/\/bale.ch\/journal\/maison-enfants-geneve\/#primaryimage"},"image":{"@id":"https:\/\/bale.ch\/journal\/maison-enfants-geneve\/#primaryimage"},"thumbnailUrl":"https:\/\/bale.ch\/journal\/wp-content\/uploads\/2016\/01\/maison_des_enfants_grottes_geneve.jpg","datePublished":"2016-01-20T19:20:03+00:00","dateModified":"2016-01-20T19:23:09+00:00","breadcrumb":{"@id":"https:\/\/bale.ch\/journal\/maison-enfants-geneve\/#breadcrumb"},"inLanguage":"fr-FR","potentialAction":[{"@type":"ReadAction","target":["https:\/\/bale.ch\/journal\/maison-enfants-geneve\/"]}]},{"@type":"ImageObject","inLanguage":"fr-FR","@id":"https:\/\/bale.ch\/journal\/maison-enfants-geneve\/#primaryimage","url":"https:\/\/bale.ch\/journal\/wp-content\/uploads\/2016\/01\/maison_des_enfants_grottes_geneve.jpg","contentUrl":"https:\/\/bale.ch\/journal\/wp-content\/uploads\/2016\/01\/maison_des_enfants_grottes_geneve.jpg","width":1000,"height":1000},{"@type":"BreadcrumbList","@id":"https:\/\/bale.ch\/journal\/maison-enfants-geneve\/#breadcrumb","itemListElement":[{"@type":"ListItem","position":1,"name":"Accueil","item":"https:\/\/bale.ch\/journal\/"},{"@type":"ListItem","position":2,"name":"La \u00abpetite grande maison\u00bb aux Grottes"}]},{"@type":"WebSite","@id":"https:\/\/bale.ch\/journal\/#website","url":"https:\/\/bale.ch\/journal\/","name":"Journal de B\u00e2le et Gen\u00e8ve","description":"M\u00e9dia transfrontalier d&#039;actualit\u00e9s - News","publisher":{"@id":"https:\/\/bale.ch\/journal\/#organization"},"potentialAction":[{"@type":"SearchAction","target":{"@type":"EntryPoint","urlTemplate":"https:\/\/bale.ch\/journal\/?s={search_term_string}"},"query-input":{"@type":"PropertyValueSpecification","valueRequired":true,"valueName":"search_term_string"}}],"inLanguage":"fr-FR"},{"@type":"Organization","@id":"https:\/\/bale.ch\/journal\/#organization","name":"Journal de B\u00e2le et Gen\u00e8ve","url":"https:\/\/bale.ch\/journal\/","logo":{"@type":"ImageObject","inLanguage":"fr-FR","@id":"https:\/\/bale.ch\/journal\/#\/schema\/logo\/image\/","url":"https:\/\/bale.ch\/journal\/wp-content\/uploads\/2023\/07\/journaldebale_logo_2023_nb.png","contentUrl":"https:\/\/bale.ch\/journal\/wp-content\/uploads\/2023\/07\/journaldebale_logo_2023_nb.png","width":371,"height":127,"caption":"Journal de B\u00e2le et Gen\u00e8ve"},"image":{"@id":"https:\/\/bale.ch\/journal\/#\/schema\/logo\/image\/"}},{"@type":"Person","@id":"https:\/\/bale.ch\/journal\/#\/schema\/person\/c9c2f300463adf9091a28673ecb80750","name":"Natacha de Santignac","image":{"@type":"ImageObject","inLanguage":"fr-FR","@id":"https:\/\/secure.gravatar.com\/avatar\/bf2e26e0c999fa3e29ea55d852a513d13a609e3bf13537baf6fcc8306b6a0cdf?s=96&d=mm&r=g","url":"https:\/\/secure.gravatar.com\/avatar\/bf2e26e0c999fa3e29ea55d852a513d13a609e3bf13537baf6fcc8306b6a0cdf?s=96&d=mm&r=g","contentUrl":"https:\/\/secure.gravatar.com\/avatar\/bf2e26e0c999fa3e29ea55d852a513d13a609e3bf13537baf6fcc8306b6a0cdf?s=96&d=mm&r=g","caption":"Natacha de Santignac"},"description":"kaleidoscopes.ch","sameAs":["http:\/\/kaleidoscopes.ch"],"url":"https:\/\/bale.ch\/journal\/author\/nds\/"}]}},"_links":{"self":[{"href":"https:\/\/bale.ch\/journal\/wp-json\/wp\/v2\/posts\/342","targetHints":{"allow":["GET"]}}],"collection":[{"href":"https:\/\/bale.ch\/journal\/wp-json\/wp\/v2\/posts"}],"about":[{"href":"https:\/\/bale.ch\/journal\/wp-json\/wp\/v2\/types\/post"}],"author":[{"embeddable":true,"href":"https:\/\/bale.ch\/journal\/wp-json\/wp\/v2\/users\/5"}],"replies":[{"embeddable":true,"href":"https:\/\/bale.ch\/journal\/wp-json\/wp\/v2\/comments?post=342"}],"version-history":[{"count":5,"href":"https:\/\/bale.ch\/journal\/wp-json\/wp\/v2\/posts\/342\/revisions"}],"predecessor-version":[{"id":351,"href":"https:\/\/bale.ch\/journal\/wp-json\/wp\/v2\/posts\/342\/revisions\/351"}],"wp:featuredmedia":[{"embeddable":true,"href":"https:\/\/bale.ch\/journal\/wp-json\/wp\/v2\/media\/343"}],"wp:attachment":[{"href":"https:\/\/bale.ch\/journal\/wp-json\/wp\/v2\/media?parent=342"}],"wp:term":[{"taxonomy":"category","embeddable":true,"href":"https:\/\/bale.ch\/journal\/wp-json\/wp\/v2\/categories?post=342"},{"taxonomy":"post_tag","embeddable":true,"href":"https:\/\/bale.ch\/journal\/wp-json\/wp\/v2\/tags?post=342"}],"curies":[{"name":"wp","href":"https:\/\/api.w.org\/{rel}","templated":true}]}}