{"id":3434,"date":"2024-02-07T09:58:35","date_gmt":"2024-02-07T09:58:35","guid":{"rendered":"https:\/\/bale.ch\/journal\/?p=3434"},"modified":"2024-02-07T09:58:36","modified_gmt":"2024-02-07T09:58:36","slug":"le-musee-tinguely-presente-les-mondes-de-lart-experimental-dotto-pienes","status":"publish","type":"post","link":"https:\/\/bale.ch\/journal\/le-musee-tinguely-presente-les-mondes-de-lart-experimental-dotto-pienes\/","title":{"rendered":"Le mus\u00e9e Tinguely pr\u00e9sente les mondes de l&rsquo;art exp\u00e9rimental d&rsquo;Otto Pienes"},"content":{"rendered":"\n<p class=\"wp-block-paragraph\"><strong>B\u00c2LE | Jusqu&rsquo;au 12 mai 2024, le Mus\u00e9e Tinguely explore les univers artistiques exp\u00e9rimentaux d&rsquo;Otto Piene dans une r\u00e9trospective compl\u00e8te. L&rsquo;artiste allemand a con\u00e7u de nombreuses oeuvres destin\u00e9es \u00e0 tous les publics, dans une forme d&rsquo;opposition \u00e0 l&rsquo;\u00e9litisme du monde de l&rsquo;art, faisant souvent appel \u00e0 la technologie.<\/strong><\/p>\n\n\n\n<p class=\"wp-block-paragraph\">\u00ab\u00a0Otto Piene &#8211; Chemins vers le paradis\u00a0\u00bb rassemble des sculptures, des peintures, des dessins, des vid\u00e9os, des photographies et des documents de la seconde moiti\u00e9 du 20e si\u00e8cle jusqu&rsquo;au 21e si\u00e8cle. On peut aussi y admirer des projections lumineuses et des installations avec des structures gonflables.<\/p>\n\n\n\n<p class=\"wp-block-paragraph\">Piene avait une foi sans limite dans le potentiel de l&rsquo;art pour am\u00e9liorer la soci\u00e9t\u00e9. Dans un article publi\u00e9 en 1961 dans la revue ZERO 3, il avait publi\u00e9 un article intitul\u00e9 \u00ab\u00a0Chemins vers le paradis\u00a0\u00bb dans lequel il \u00e9crivait: <em>\u00ab\u00a0Oui, je r\u00eave d&rsquo;un monde meilleur. Dois-je r\u00eaver d&rsquo;un monde plus mauvais ?\u00a0\u00bb<\/em><\/p><div id=\"crieu-2125207871\" class=\"crieu-content crieu-entity-placement\"><script async src=\"\/\/pagead2.googlesyndication.com\/pagead\/js\/adsbygoogle.js?client=ca-pub-5271584769416742\" crossorigin=\"anonymous\"><\/script><ins class=\"adsbygoogle\" style=\"display:block;\" data-ad-client=\"ca-pub-5271584769416742\" \ndata-ad-slot=\"9321250718\" \ndata-ad-format=\"auto\"><\/ins>\n<script> \n(adsbygoogle = window.adsbygoogle || []).push({}); \n<\/script>\n<\/div>\n<div id=\"crieu-1401958345\" class=\"crieu-apres-le-contenu crieu-entity-placement\" style=\"margin-left: auto;margin-right: auto;text-align: center;\"><script async src=\"\/\/pagead2.googlesyndication.com\/pagead\/js\/adsbygoogle.js?client=ca-pub-5271584769416742\" crossorigin=\"anonymous\"><\/script><ins class=\"adsbygoogle\" style=\"display:block;\" data-ad-client=\"ca-pub-5271584769416742\" \ndata-ad-slot=\"9321250718\" \ndata-ad-format=\"auto\"><\/ins>\n<script> \n(adsbygoogle = window.adsbygoogle || []).push({}); \n<\/script>\n<\/div>","protected":false},"excerpt":{"rendered":"<p>B\u00c2LE | Jusqu&rsquo;au 12 mai 2024, le Mus\u00e9e Tinguely explore les univers artistiques exp\u00e9rimentaux d&rsquo;Otto Piene dans une r\u00e9trospective compl\u00e8te. L&rsquo;artiste allemand a con\u00e7u de nombreuses oeuvres destin\u00e9es \u00e0 tous <a href=\"https:\/\/bale.ch\/journal\/le-musee-tinguely-presente-les-mondes-de-lart-experimental-dotto-pienes\/\" class=\"read-more button-fancy -red\"><span class=\"btn-arrow\"><\/span><span class=\"twp-read-more text\">Continuer la lecture<\/span><\/a><\/p>\n","protected":false},"author":2,"featured_media":3435,"comment_status":"closed","ping_status":"closed","sticky":false,"template":"","format":"standard","meta":{"footnotes":""},"categories":[103,7,18],"tags":[60,36,225],"class_list":["post-3434","post","type-post","status-publish","format-standard","has-post-thumbnail","hentry","category-actu","category-bale","category-sortir","tag-bale","tag-musee","tag-tinguely"],"yoast_head":"<!-- This site is optimized with the Yoast SEO plugin v28.3 - https:\/\/yoast.com\/product\/yoast-seo-wordpress\/ -->\n<title>Le mus\u00e9e Tinguely pr\u00e9sente les mondes de l&#039;art exp\u00e9rimental d&#039;Otto Pienes - Journal de B\u00e2le et Gen\u00e8ve<\/title>\n<meta name=\"robots\" content=\"index, follow, max-snippet:-1, max-image-preview:large, max-video-preview:-1\" \/>\n<link rel=\"canonical\" href=\"https:\/\/bale.ch\/journal\/le-musee-tinguely-presente-les-mondes-de-lart-experimental-dotto-pienes\/\" \/>\n<meta property=\"og:locale\" content=\"fr_FR\" \/>\n<meta property=\"og:type\" content=\"article\" \/>\n<meta property=\"og:title\" content=\"Le mus\u00e9e Tinguely pr\u00e9sente les mondes de l&#039;art exp\u00e9rimental d&#039;Otto Pienes - Journal de B\u00e2le et Gen\u00e8ve\" \/>\n<meta property=\"og:description\" content=\"B\u00c2LE | Jusqu&rsquo;au 12 mai 2024, le Mus\u00e9e Tinguely explore les univers artistiques exp\u00e9rimentaux d&rsquo;Otto Piene dans une r\u00e9trospective compl\u00e8te. L&rsquo;artiste allemand a con\u00e7u de nombreuses oeuvres destin\u00e9es \u00e0 tous Continuer la lecture\" \/>\n<meta property=\"og:url\" content=\"https:\/\/bale.ch\/journal\/le-musee-tinguely-presente-les-mondes-de-lart-experimental-dotto-pienes\/\" \/>\n<meta property=\"og:site_name\" content=\"Journal de B\u00e2le et Gen\u00e8ve\" \/>\n<meta property=\"article:published_time\" content=\"2024-02-07T09:58:35+00:00\" \/>\n<meta property=\"article:modified_time\" content=\"2024-02-07T09:58:36+00:00\" \/>\n<meta property=\"og:image\" content=\"https:\/\/bale.ch\/journal\/wp-content\/uploads\/2024\/02\/otto_piene_tinguely_bale.jpg\" \/>\n\t<meta property=\"og:image:width\" content=\"900\" \/>\n\t<meta property=\"og:image:height\" content=\"484\" \/>\n\t<meta property=\"og:image:type\" content=\"image\/jpeg\" \/>\n<meta name=\"author\" content=\"La R\u00e9daction\" \/>\n<meta name=\"twitter:card\" content=\"summary_large_image\" \/>\n<meta name=\"twitter:label1\" content=\"\u00c9crit par\" \/>\n\t<meta name=\"twitter:data1\" content=\"La R\u00e9daction\" \/>\n\t<meta name=\"twitter:label2\" content=\"Dur\u00e9e de lecture estim\u00e9e\" \/>\n\t<meta name=\"twitter:data2\" content=\"1 minute\" \/>\n<script type=\"application\/ld+json\" class=\"yoast-schema-graph\">{\"@context\":\"https:\\\/\\\/schema.org\",\"@graph\":[{\"@type\":\"Article\",\"@id\":\"https:\\\/\\\/bale.ch\\\/journal\\\/le-musee-tinguely-presente-les-mondes-de-lart-experimental-dotto-pienes\\\/#article\",\"isPartOf\":{\"@id\":\"https:\\\/\\\/bale.ch\\\/journal\\\/le-musee-tinguely-presente-les-mondes-de-lart-experimental-dotto-pienes\\\/\"},\"author\":{\"name\":\"La R\u00e9daction\",\"@id\":\"https:\\\/\\\/bale.ch\\\/journal\\\/#\\\/schema\\\/person\\\/03ced978db3b7a5274c5cef003f352f5\"},\"headline\":\"Le mus\u00e9e Tinguely pr\u00e9sente les mondes de l&rsquo;art exp\u00e9rimental d&rsquo;Otto Pienes\",\"datePublished\":\"2024-02-07T09:58:35+00:00\",\"dateModified\":\"2024-02-07T09:58:36+00:00\",\"mainEntityOfPage\":{\"@id\":\"https:\\\/\\\/bale.ch\\\/journal\\\/le-musee-tinguely-presente-les-mondes-de-lart-experimental-dotto-pienes\\\/\"},\"wordCount\":178,\"publisher\":{\"@id\":\"https:\\\/\\\/bale.ch\\\/journal\\\/#organization\"},\"image\":{\"@id\":\"https:\\\/\\\/bale.ch\\\/journal\\\/le-musee-tinguely-presente-les-mondes-de-lart-experimental-dotto-pienes\\\/#primaryimage\"},\"thumbnailUrl\":\"https:\\\/\\\/bale.ch\\\/journal\\\/wp-content\\\/uploads\\\/2024\\\/02\\\/otto_piene_tinguely_bale.jpg\",\"keywords\":[\"B\u00e2le\",\"Mus\u00e9e\",\"Tinguely\"],\"articleSection\":[\"Actualit\u00e9s\",\"B\u00e2le Trinationale\",\"Sortir\"],\"inLanguage\":\"fr-FR\"},{\"@type\":\"WebPage\",\"@id\":\"https:\\\/\\\/bale.ch\\\/journal\\\/le-musee-tinguely-presente-les-mondes-de-lart-experimental-dotto-pienes\\\/\",\"url\":\"https:\\\/\\\/bale.ch\\\/journal\\\/le-musee-tinguely-presente-les-mondes-de-lart-experimental-dotto-pienes\\\/\",\"name\":\"Le mus\u00e9e Tinguely pr\u00e9sente les mondes de l'art exp\u00e9rimental d'Otto Pienes - Journal de B\u00e2le et Gen\u00e8ve\",\"isPartOf\":{\"@id\":\"https:\\\/\\\/bale.ch\\\/journal\\\/#website\"},\"primaryImageOfPage\":{\"@id\":\"https:\\\/\\\/bale.ch\\\/journal\\\/le-musee-tinguely-presente-les-mondes-de-lart-experimental-dotto-pienes\\\/#primaryimage\"},\"image\":{\"@id\":\"https:\\\/\\\/bale.ch\\\/journal\\\/le-musee-tinguely-presente-les-mondes-de-lart-experimental-dotto-pienes\\\/#primaryimage\"},\"thumbnailUrl\":\"https:\\\/\\\/bale.ch\\\/journal\\\/wp-content\\\/uploads\\\/2024\\\/02\\\/otto_piene_tinguely_bale.jpg\",\"datePublished\":\"2024-02-07T09:58:35+00:00\",\"dateModified\":\"2024-02-07T09:58:36+00:00\",\"breadcrumb\":{\"@id\":\"https:\\\/\\\/bale.ch\\\/journal\\\/le-musee-tinguely-presente-les-mondes-de-lart-experimental-dotto-pienes\\\/#breadcrumb\"},\"inLanguage\":\"fr-FR\",\"potentialAction\":[{\"@type\":\"ReadAction\",\"target\":[\"https:\\\/\\\/bale.ch\\\/journal\\\/le-musee-tinguely-presente-les-mondes-de-lart-experimental-dotto-pienes\\\/\"]}]},{\"@type\":\"ImageObject\",\"inLanguage\":\"fr-FR\",\"@id\":\"https:\\\/\\\/bale.ch\\\/journal\\\/le-musee-tinguely-presente-les-mondes-de-lart-experimental-dotto-pienes\\\/#primaryimage\",\"url\":\"https:\\\/\\\/bale.ch\\\/journal\\\/wp-content\\\/uploads\\\/2024\\\/02\\\/otto_piene_tinguely_bale.jpg\",\"contentUrl\":\"https:\\\/\\\/bale.ch\\\/journal\\\/wp-content\\\/uploads\\\/2024\\\/02\\\/otto_piene_tinguely_bale.jpg\",\"width\":900,\"height\":484},{\"@type\":\"BreadcrumbList\",\"@id\":\"https:\\\/\\\/bale.ch\\\/journal\\\/le-musee-tinguely-presente-les-mondes-de-lart-experimental-dotto-pienes\\\/#breadcrumb\",\"itemListElement\":[{\"@type\":\"ListItem\",\"position\":1,\"name\":\"Accueil\",\"item\":\"https:\\\/\\\/bale.ch\\\/journal\\\/\"},{\"@type\":\"ListItem\",\"position\":2,\"name\":\"Le mus\u00e9e Tinguely pr\u00e9sente les mondes de l&rsquo;art exp\u00e9rimental d&rsquo;Otto Pienes\"}]},{\"@type\":\"WebSite\",\"@id\":\"https:\\\/\\\/bale.ch\\\/journal\\\/#website\",\"url\":\"https:\\\/\\\/bale.ch\\\/journal\\\/\",\"name\":\"Journal de B\u00e2le et Gen\u00e8ve\",\"description\":\"M\u00e9dia transfrontalier d&#039;actualit\u00e9s - News\",\"publisher\":{\"@id\":\"https:\\\/\\\/bale.ch\\\/journal\\\/#organization\"},\"potentialAction\":[{\"@type\":\"SearchAction\",\"target\":{\"@type\":\"EntryPoint\",\"urlTemplate\":\"https:\\\/\\\/bale.ch\\\/journal\\\/?s={search_term_string}\"},\"query-input\":{\"@type\":\"PropertyValueSpecification\",\"valueRequired\":true,\"valueName\":\"search_term_string\"}}],\"inLanguage\":\"fr-FR\"},{\"@type\":\"Organization\",\"@id\":\"https:\\\/\\\/bale.ch\\\/journal\\\/#organization\",\"name\":\"Journal de B\u00e2le et Gen\u00e8ve\",\"url\":\"https:\\\/\\\/bale.ch\\\/journal\\\/\",\"logo\":{\"@type\":\"ImageObject\",\"inLanguage\":\"fr-FR\",\"@id\":\"https:\\\/\\\/bale.ch\\\/journal\\\/#\\\/schema\\\/logo\\\/image\\\/\",\"url\":\"https:\\\/\\\/bale.ch\\\/journal\\\/wp-content\\\/uploads\\\/2023\\\/07\\\/journaldebale_logo_2023_nb.png\",\"contentUrl\":\"https:\\\/\\\/bale.ch\\\/journal\\\/wp-content\\\/uploads\\\/2023\\\/07\\\/journaldebale_logo_2023_nb.png\",\"width\":371,\"height\":127,\"caption\":\"Journal de B\u00e2le et Gen\u00e8ve\"},\"image\":{\"@id\":\"https:\\\/\\\/bale.ch\\\/journal\\\/#\\\/schema\\\/logo\\\/image\\\/\"}},{\"@type\":\"Person\",\"@id\":\"https:\\\/\\\/bale.ch\\\/journal\\\/#\\\/schema\\\/person\\\/03ced978db3b7a5274c5cef003f352f5\",\"name\":\"La R\u00e9daction\",\"image\":{\"@type\":\"ImageObject\",\"inLanguage\":\"fr-FR\",\"@id\":\"https:\\\/\\\/secure.gravatar.com\\\/avatar\\\/d1327e2ce8d2b860112f968a3f34686c9bdda7a463a1502cdd1070ac9d88cf1e?s=96&d=mm&r=g\",\"url\":\"https:\\\/\\\/secure.gravatar.com\\\/avatar\\\/d1327e2ce8d2b860112f968a3f34686c9bdda7a463a1502cdd1070ac9d88cf1e?s=96&d=mm&r=g\",\"contentUrl\":\"https:\\\/\\\/secure.gravatar.com\\\/avatar\\\/d1327e2ce8d2b860112f968a3f34686c9bdda7a463a1502cdd1070ac9d88cf1e?s=96&d=mm&r=g\",\"caption\":\"La R\u00e9daction\"},\"url\":\"https:\\\/\\\/bale.ch\\\/journal\\\/author\\\/laredaction\\\/\"}]}<\/script>\n<!-- \/ Yoast SEO plugin. -->","yoast_head_json":{"title":"Le mus\u00e9e Tinguely pr\u00e9sente les mondes de l'art exp\u00e9rimental d'Otto Pienes - Journal de B\u00e2le et Gen\u00e8ve","robots":{"index":"index","follow":"follow","max-snippet":"max-snippet:-1","max-image-preview":"max-image-preview:large","max-video-preview":"max-video-preview:-1"},"canonical":"https:\/\/bale.ch\/journal\/le-musee-tinguely-presente-les-mondes-de-lart-experimental-dotto-pienes\/","og_locale":"fr_FR","og_type":"article","og_title":"Le mus\u00e9e Tinguely pr\u00e9sente les mondes de l'art exp\u00e9rimental d'Otto Pienes - Journal de B\u00e2le et Gen\u00e8ve","og_description":"B\u00c2LE | Jusqu&rsquo;au 12 mai 2024, le Mus\u00e9e Tinguely explore les univers artistiques exp\u00e9rimentaux d&rsquo;Otto Piene dans une r\u00e9trospective compl\u00e8te. L&rsquo;artiste allemand a con\u00e7u de nombreuses oeuvres destin\u00e9es \u00e0 tous Continuer la lecture","og_url":"https:\/\/bale.ch\/journal\/le-musee-tinguely-presente-les-mondes-de-lart-experimental-dotto-pienes\/","og_site_name":"Journal de B\u00e2le et Gen\u00e8ve","article_published_time":"2024-02-07T09:58:35+00:00","article_modified_time":"2024-02-07T09:58:36+00:00","og_image":[{"width":900,"height":484,"url":"https:\/\/bale.ch\/journal\/wp-content\/uploads\/2024\/02\/otto_piene_tinguely_bale.jpg","type":"image\/jpeg"}],"author":"La R\u00e9daction","twitter_card":"summary_large_image","twitter_misc":{"\u00c9crit par":"La R\u00e9daction","Dur\u00e9e de lecture estim\u00e9e":"1 minute"},"schema":{"@context":"https:\/\/schema.org","@graph":[{"@type":"Article","@id":"https:\/\/bale.ch\/journal\/le-musee-tinguely-presente-les-mondes-de-lart-experimental-dotto-pienes\/#article","isPartOf":{"@id":"https:\/\/bale.ch\/journal\/le-musee-tinguely-presente-les-mondes-de-lart-experimental-dotto-pienes\/"},"author":{"name":"La R\u00e9daction","@id":"https:\/\/bale.ch\/journal\/#\/schema\/person\/03ced978db3b7a5274c5cef003f352f5"},"headline":"Le mus\u00e9e Tinguely pr\u00e9sente les mondes de l&rsquo;art exp\u00e9rimental d&rsquo;Otto Pienes","datePublished":"2024-02-07T09:58:35+00:00","dateModified":"2024-02-07T09:58:36+00:00","mainEntityOfPage":{"@id":"https:\/\/bale.ch\/journal\/le-musee-tinguely-presente-les-mondes-de-lart-experimental-dotto-pienes\/"},"wordCount":178,"publisher":{"@id":"https:\/\/bale.ch\/journal\/#organization"},"image":{"@id":"https:\/\/bale.ch\/journal\/le-musee-tinguely-presente-les-mondes-de-lart-experimental-dotto-pienes\/#primaryimage"},"thumbnailUrl":"https:\/\/bale.ch\/journal\/wp-content\/uploads\/2024\/02\/otto_piene_tinguely_bale.jpg","keywords":["B\u00e2le","Mus\u00e9e","Tinguely"],"articleSection":["Actualit\u00e9s","B\u00e2le Trinationale","Sortir"],"inLanguage":"fr-FR"},{"@type":"WebPage","@id":"https:\/\/bale.ch\/journal\/le-musee-tinguely-presente-les-mondes-de-lart-experimental-dotto-pienes\/","url":"https:\/\/bale.ch\/journal\/le-musee-tinguely-presente-les-mondes-de-lart-experimental-dotto-pienes\/","name":"Le mus\u00e9e Tinguely pr\u00e9sente les mondes de l'art exp\u00e9rimental d'Otto Pienes - Journal de B\u00e2le et Gen\u00e8ve","isPartOf":{"@id":"https:\/\/bale.ch\/journal\/#website"},"primaryImageOfPage":{"@id":"https:\/\/bale.ch\/journal\/le-musee-tinguely-presente-les-mondes-de-lart-experimental-dotto-pienes\/#primaryimage"},"image":{"@id":"https:\/\/bale.ch\/journal\/le-musee-tinguely-presente-les-mondes-de-lart-experimental-dotto-pienes\/#primaryimage"},"thumbnailUrl":"https:\/\/bale.ch\/journal\/wp-content\/uploads\/2024\/02\/otto_piene_tinguely_bale.jpg","datePublished":"2024-02-07T09:58:35+00:00","dateModified":"2024-02-07T09:58:36+00:00","breadcrumb":{"@id":"https:\/\/bale.ch\/journal\/le-musee-tinguely-presente-les-mondes-de-lart-experimental-dotto-pienes\/#breadcrumb"},"inLanguage":"fr-FR","potentialAction":[{"@type":"ReadAction","target":["https:\/\/bale.ch\/journal\/le-musee-tinguely-presente-les-mondes-de-lart-experimental-dotto-pienes\/"]}]},{"@type":"ImageObject","inLanguage":"fr-FR","@id":"https:\/\/bale.ch\/journal\/le-musee-tinguely-presente-les-mondes-de-lart-experimental-dotto-pienes\/#primaryimage","url":"https:\/\/bale.ch\/journal\/wp-content\/uploads\/2024\/02\/otto_piene_tinguely_bale.jpg","contentUrl":"https:\/\/bale.ch\/journal\/wp-content\/uploads\/2024\/02\/otto_piene_tinguely_bale.jpg","width":900,"height":484},{"@type":"BreadcrumbList","@id":"https:\/\/bale.ch\/journal\/le-musee-tinguely-presente-les-mondes-de-lart-experimental-dotto-pienes\/#breadcrumb","itemListElement":[{"@type":"ListItem","position":1,"name":"Accueil","item":"https:\/\/bale.ch\/journal\/"},{"@type":"ListItem","position":2,"name":"Le mus\u00e9e Tinguely pr\u00e9sente les mondes de l&rsquo;art exp\u00e9rimental d&rsquo;Otto Pienes"}]},{"@type":"WebSite","@id":"https:\/\/bale.ch\/journal\/#website","url":"https:\/\/bale.ch\/journal\/","name":"Journal de B\u00e2le et Gen\u00e8ve","description":"M\u00e9dia transfrontalier d&#039;actualit\u00e9s - News","publisher":{"@id":"https:\/\/bale.ch\/journal\/#organization"},"potentialAction":[{"@type":"SearchAction","target":{"@type":"EntryPoint","urlTemplate":"https:\/\/bale.ch\/journal\/?s={search_term_string}"},"query-input":{"@type":"PropertyValueSpecification","valueRequired":true,"valueName":"search_term_string"}}],"inLanguage":"fr-FR"},{"@type":"Organization","@id":"https:\/\/bale.ch\/journal\/#organization","name":"Journal de B\u00e2le et Gen\u00e8ve","url":"https:\/\/bale.ch\/journal\/","logo":{"@type":"ImageObject","inLanguage":"fr-FR","@id":"https:\/\/bale.ch\/journal\/#\/schema\/logo\/image\/","url":"https:\/\/bale.ch\/journal\/wp-content\/uploads\/2023\/07\/journaldebale_logo_2023_nb.png","contentUrl":"https:\/\/bale.ch\/journal\/wp-content\/uploads\/2023\/07\/journaldebale_logo_2023_nb.png","width":371,"height":127,"caption":"Journal de B\u00e2le et Gen\u00e8ve"},"image":{"@id":"https:\/\/bale.ch\/journal\/#\/schema\/logo\/image\/"}},{"@type":"Person","@id":"https:\/\/bale.ch\/journal\/#\/schema\/person\/03ced978db3b7a5274c5cef003f352f5","name":"La R\u00e9daction","image":{"@type":"ImageObject","inLanguage":"fr-FR","@id":"https:\/\/secure.gravatar.com\/avatar\/d1327e2ce8d2b860112f968a3f34686c9bdda7a463a1502cdd1070ac9d88cf1e?s=96&d=mm&r=g","url":"https:\/\/secure.gravatar.com\/avatar\/d1327e2ce8d2b860112f968a3f34686c9bdda7a463a1502cdd1070ac9d88cf1e?s=96&d=mm&r=g","contentUrl":"https:\/\/secure.gravatar.com\/avatar\/d1327e2ce8d2b860112f968a3f34686c9bdda7a463a1502cdd1070ac9d88cf1e?s=96&d=mm&r=g","caption":"La R\u00e9daction"},"url":"https:\/\/bale.ch\/journal\/author\/laredaction\/"}]}},"_links":{"self":[{"href":"https:\/\/bale.ch\/journal\/wp-json\/wp\/v2\/posts\/3434","targetHints":{"allow":["GET"]}}],"collection":[{"href":"https:\/\/bale.ch\/journal\/wp-json\/wp\/v2\/posts"}],"about":[{"href":"https:\/\/bale.ch\/journal\/wp-json\/wp\/v2\/types\/post"}],"author":[{"embeddable":true,"href":"https:\/\/bale.ch\/journal\/wp-json\/wp\/v2\/users\/2"}],"replies":[{"embeddable":true,"href":"https:\/\/bale.ch\/journal\/wp-json\/wp\/v2\/comments?post=3434"}],"version-history":[{"count":1,"href":"https:\/\/bale.ch\/journal\/wp-json\/wp\/v2\/posts\/3434\/revisions"}],"predecessor-version":[{"id":3436,"href":"https:\/\/bale.ch\/journal\/wp-json\/wp\/v2\/posts\/3434\/revisions\/3436"}],"wp:featuredmedia":[{"embeddable":true,"href":"https:\/\/bale.ch\/journal\/wp-json\/wp\/v2\/media\/3435"}],"wp:attachment":[{"href":"https:\/\/bale.ch\/journal\/wp-json\/wp\/v2\/media?parent=3434"}],"wp:term":[{"taxonomy":"category","embeddable":true,"href":"https:\/\/bale.ch\/journal\/wp-json\/wp\/v2\/categories?post=3434"},{"taxonomy":"post_tag","embeddable":true,"href":"https:\/\/bale.ch\/journal\/wp-json\/wp\/v2\/tags?post=3434"}],"curies":[{"name":"wp","href":"https:\/\/api.w.org\/{rel}","templated":true}]}}