{"id":3437,"date":"2024-02-12T12:21:23","date_gmt":"2024-02-12T12:21:23","guid":{"rendered":"https:\/\/bale.ch\/journal\/?p=3437"},"modified":"2024-02-12T12:21:25","modified_gmt":"2024-02-12T12:21:25","slug":"tom-tirabosco-et-la-nouvelle-vague-belge-a-lhonneur-au-bdfil-de-lausanne","status":"publish","type":"post","link":"https:\/\/bale.ch\/journal\/tom-tirabosco-et-la-nouvelle-vague-belge-a-lhonneur-au-bdfil-de-lausanne\/","title":{"rendered":"Tom Tirabosco et la nouvelle vague belge \u00e0 l&rsquo;honneur au BDFIL de Lausanne"},"content":{"rendered":"\n<p class=\"wp-block-paragraph\"><strong><strong>Pour sa dix-huiti\u00e8me \u00e9ditions et seconde dans le quartier de la gare, le festival BDFIL accueillera comme invit\u00e9s d&rsquo;honneur l&rsquo;artiste genevois Tom Tirabosco, la nouvelle vague des b\u00e9d\u00e9istes de Belgique<\/strong> ainsi que les super-h\u00e9ro\u00efnes du quotidien Aya et Akissi.<\/strong> <strong><strong>Ce ne sont pas moins de dix expositions marqueront la manifestation, du 15 au 28 avril<\/strong><\/strong> <strong>dans le quartier de la gare \u00e0 Lausanne.<\/strong><\/p>\n\n\n\n<p class=\"wp-block-paragraph\">Apr\u00e8s Ta\u00efwan, pays invit\u00e9 en 2023, place \u00e0 la Belgique en 2024 pour <em><strong>\u00ab\u00a0Pages d\u2019hier, regards<br>d\u2019aujourd\u2019hui de la BD belge\u00a0\u00bb<\/strong><\/em>, une exposition d\u2019envergure dont le commissariat est assur\u00e9 par le<br>Centre Belge de la Bande Dessin\u00e9e (CBBD). Avec la venue d\u2019une quinzaine d\u2019artistes des deux r\u00e9gions<br>linguistiques de Belgique.<\/p>\n\n\n\n<h2 class=\"wp-block-heading\">Un engagement sinc\u00e8re pour la nature, le monde animal et l\u2019\u00e9cologie<\/h2>\n\n\n\n<p class=\"wp-block-paragraph\">Consid\u00e9r\u00e9 comme un dessinateur brillant, \u00e0 la technique reconnaissable entre toutes, et un sc\u00e9nariste imaginatif, \u00e0 l\u2019aise avec le mat\u00e9riel autobiographique ou surr\u00e9aliste comme avec les sujets sociocritiques ou humoristiques, Tom Tirabosco est l\u2019invit\u00e9 d\u2019honneur de l\u2019\u00e9dition 2024 de BDFIL. <\/p><div id=\"crieu-3533206533\" class=\"crieu-content crieu-entity-placement\"><script async src=\"\/\/pagead2.googlesyndication.com\/pagead\/js\/adsbygoogle.js?client=ca-pub-5271584769416742\" crossorigin=\"anonymous\"><\/script><ins class=\"adsbygoogle\" style=\"display:block;\" data-ad-client=\"ca-pub-5271584769416742\" \ndata-ad-slot=\"9321250718\" \ndata-ad-format=\"auto\"><\/ins>\n<script> \n(adsbygoogle = window.adsbygoogle || []).push({}); \n<\/script>\n<\/div>\n\n\n\n<p class=\"wp-block-paragraph\">Tom Tirabosco, artiste multiprim\u00e9 \u00e0 l\u2019ancrage r\u00e9gional et au rayonnement international, revient sur son riche parcours avec beaucoup de g\u00e9n\u00e9rosit\u00e9 pour BDFIL. En cinq chapitres, l\u2019exposition qui lui est consacr\u00e9e, <em>\u00ab\u00a0Tom Tirabosco, Monstres et merveilles\u00a0\u00bb<\/em>, met en valeur ses immenses qualit\u00e9s artistiques et la puissance de son propos, qui s\u2019exprime avec une grande diversit\u00e9, de la bande dessin\u00e9e pour adultes \u00e0 la production jeunesse, en passant par le dessin de presse.<\/p>\n\n\n\n<p class=\"wp-block-paragraph\">En pr\u00e9sentant de saisissants dessins grand format, ses illustrations pour la presse et de nombreux dessins originaux, l\u2019exposition traverse l\u2019ensemble de l\u2019\u0153uvre de Tom Tirabosco. Cette exposition est aussi l\u2019occasion de d\u00e9couvrir ou red\u00e9couvrir l\u2019engagement sinc\u00e8re de Tom Tirabosco pour la nature, le monde animal et l\u2019\u00e9cologie, qui s\u2019exprime avec beaucoup de po\u00e9sie, avec de la col\u00e8re et de l\u2019ironie parfois, toujours avec de la p\u00e9dagogie et l\u2019espoir de solutions communes.<\/p>\n\n\n\n<p class=\"wp-block-paragraph\">Sa prochaine \u0153uvre,<strong> Terra animalia<\/strong>, co-\u00e9crite avec Patrick Mallet,est un hommage aux animaux, \u00e0 la libert\u00e9 et \u00e0 la tol\u00e9rance ainsi qu\u2019aux films de Disney qu\u2019il a tant regard\u00e9 durant son enfance. L\u2019album publi\u00e9 \u00e0 La Joie de Lire (Gen\u00e8ve) sera verni \u00e0 l\u2019occasion du festival.<\/p>\n\n\n\n<h2 class=\"wp-block-heading\">Une soir\u00e9e de gala avec Couleur3<\/h2>\n\n\n\n<p class=\"wp-block-paragraph\">Pour lancer sa th\u00e9matique annuelle, <strong>l\u2019humour<\/strong>, BDFIL s\u2019associe \u00e0 Couleur 3, cha\u00eene de la RTS. Gr\u00e2ce notamment \u00e0 sa web s\u00e9rie Bon Ben Voil\u00e0, la cha\u00eene participe activement \u00e0 la cr\u00e9ation humoristique suisse et fait vivre une sc\u00e8ne romande de l\u2019humour plus vive que jamais. Une soir\u00e9e au Capitole le 19 avril qui fait dialoguer le 7e, le 8e et le 9e art, pour le plus grand plaisir de vos zygomatiques !<br><\/p>\n<div id=\"crieu-2276530851\" class=\"crieu-apres-le-contenu crieu-entity-placement\" style=\"margin-left: auto;margin-right: auto;text-align: center;\"><script async src=\"\/\/pagead2.googlesyndication.com\/pagead\/js\/adsbygoogle.js?client=ca-pub-5271584769416742\" crossorigin=\"anonymous\"><\/script><ins class=\"adsbygoogle\" style=\"display:block;\" data-ad-client=\"ca-pub-5271584769416742\" \ndata-ad-slot=\"9321250718\" \ndata-ad-format=\"auto\"><\/ins>\n<script> \n(adsbygoogle = window.adsbygoogle || []).push({}); \n<\/script>\n<\/div>","protected":false},"excerpt":{"rendered":"<p>Pour sa dix-huiti\u00e8me \u00e9ditions et seconde dans le quartier de la gare, le festival BDFIL accueillera comme invit\u00e9s d&rsquo;honneur l&rsquo;artiste genevois Tom Tirabosco, la nouvelle vague des b\u00e9d\u00e9istes de Belgique <a href=\"https:\/\/bale.ch\/journal\/tom-tirabosco-et-la-nouvelle-vague-belge-a-lhonneur-au-bdfil-de-lausanne\/\" class=\"read-more button-fancy -red\"><span class=\"btn-arrow\"><\/span><span class=\"twp-read-more text\">Continuer la lecture<\/span><\/a><\/p>\n","protected":false},"author":2,"featured_media":3439,"comment_status":"closed","ping_status":"closed","sticky":false,"template":"","format":"standard","meta":{"footnotes":""},"categories":[103,10,18],"tags":[20,93,55],"class_list":["post-3437","post","type-post","status-publish","format-standard","has-post-thumbnail","hentry","category-actu","category-culture","category-sortir","tag-bande-dessinee","tag-festival","tag-lausanne"],"yoast_head":"<!-- This site is optimized with the Yoast SEO plugin v28.3 - https:\/\/yoast.com\/product\/yoast-seo-wordpress\/ -->\n<title>Tom Tirabosco et la nouvelle vague belge \u00e0 l&#039;honneur au BDFIL de Lausanne - Journal de B\u00e2le et Gen\u00e8ve<\/title>\n<meta name=\"robots\" content=\"index, follow, max-snippet:-1, max-image-preview:large, max-video-preview:-1\" \/>\n<link rel=\"canonical\" href=\"https:\/\/bale.ch\/journal\/tom-tirabosco-et-la-nouvelle-vague-belge-a-lhonneur-au-bdfil-de-lausanne\/\" \/>\n<meta property=\"og:locale\" content=\"fr_FR\" \/>\n<meta property=\"og:type\" content=\"article\" \/>\n<meta property=\"og:title\" content=\"Tom Tirabosco et la nouvelle vague belge \u00e0 l&#039;honneur au BDFIL de Lausanne - Journal de B\u00e2le et Gen\u00e8ve\" \/>\n<meta property=\"og:description\" content=\"Pour sa dix-huiti\u00e8me \u00e9ditions et seconde dans le quartier de la gare, le festival BDFIL accueillera comme invit\u00e9s d&rsquo;honneur l&rsquo;artiste genevois Tom Tirabosco, la nouvelle vague des b\u00e9d\u00e9istes de Belgique Continuer la lecture\" \/>\n<meta property=\"og:url\" content=\"https:\/\/bale.ch\/journal\/tom-tirabosco-et-la-nouvelle-vague-belge-a-lhonneur-au-bdfil-de-lausanne\/\" \/>\n<meta property=\"og:site_name\" content=\"Journal de B\u00e2le et Gen\u00e8ve\" \/>\n<meta property=\"article:published_time\" content=\"2024-02-12T12:21:23+00:00\" \/>\n<meta property=\"article:modified_time\" content=\"2024-02-12T12:21:25+00:00\" \/>\n<meta property=\"og:image\" content=\"https:\/\/bale.ch\/journal\/wp-content\/uploads\/2024\/02\/bdfil_2024_lausanne_tom_tirabosco.jpg\" \/>\n\t<meta property=\"og:image:width\" content=\"900\" \/>\n\t<meta property=\"og:image:height\" content=\"484\" \/>\n\t<meta property=\"og:image:type\" content=\"image\/jpeg\" \/>\n<meta name=\"author\" content=\"La R\u00e9daction\" \/>\n<meta name=\"twitter:card\" content=\"summary_large_image\" \/>\n<meta name=\"twitter:label1\" content=\"\u00c9crit par\" \/>\n\t<meta name=\"twitter:data1\" content=\"La R\u00e9daction\" \/>\n\t<meta name=\"twitter:label2\" content=\"Dur\u00e9e de lecture estim\u00e9e\" \/>\n\t<meta name=\"twitter:data2\" content=\"2 minutes\" \/>\n<script type=\"application\/ld+json\" class=\"yoast-schema-graph\">{\"@context\":\"https:\\\/\\\/schema.org\",\"@graph\":[{\"@type\":\"Article\",\"@id\":\"https:\\\/\\\/bale.ch\\\/journal\\\/tom-tirabosco-et-la-nouvelle-vague-belge-a-lhonneur-au-bdfil-de-lausanne\\\/#article\",\"isPartOf\":{\"@id\":\"https:\\\/\\\/bale.ch\\\/journal\\\/tom-tirabosco-et-la-nouvelle-vague-belge-a-lhonneur-au-bdfil-de-lausanne\\\/\"},\"author\":{\"name\":\"La R\u00e9daction\",\"@id\":\"https:\\\/\\\/bale.ch\\\/journal\\\/#\\\/schema\\\/person\\\/03ced978db3b7a5274c5cef003f352f5\"},\"headline\":\"Tom Tirabosco et la nouvelle vague belge \u00e0 l&rsquo;honneur au BDFIL de Lausanne\",\"datePublished\":\"2024-02-12T12:21:23+00:00\",\"dateModified\":\"2024-02-12T12:21:25+00:00\",\"mainEntityOfPage\":{\"@id\":\"https:\\\/\\\/bale.ch\\\/journal\\\/tom-tirabosco-et-la-nouvelle-vague-belge-a-lhonneur-au-bdfil-de-lausanne\\\/\"},\"wordCount\":492,\"publisher\":{\"@id\":\"https:\\\/\\\/bale.ch\\\/journal\\\/#organization\"},\"image\":{\"@id\":\"https:\\\/\\\/bale.ch\\\/journal\\\/tom-tirabosco-et-la-nouvelle-vague-belge-a-lhonneur-au-bdfil-de-lausanne\\\/#primaryimage\"},\"thumbnailUrl\":\"https:\\\/\\\/bale.ch\\\/journal\\\/wp-content\\\/uploads\\\/2024\\\/02\\\/bdfil_2024_lausanne_tom_tirabosco.jpg\",\"keywords\":[\"bande dessin\u00e9e\",\"festival\",\"Lausanne\"],\"articleSection\":[\"Actualit\u00e9s\",\"Culture\",\"Sortir\"],\"inLanguage\":\"fr-FR\"},{\"@type\":\"WebPage\",\"@id\":\"https:\\\/\\\/bale.ch\\\/journal\\\/tom-tirabosco-et-la-nouvelle-vague-belge-a-lhonneur-au-bdfil-de-lausanne\\\/\",\"url\":\"https:\\\/\\\/bale.ch\\\/journal\\\/tom-tirabosco-et-la-nouvelle-vague-belge-a-lhonneur-au-bdfil-de-lausanne\\\/\",\"name\":\"Tom Tirabosco et la nouvelle vague belge \u00e0 l'honneur au BDFIL de Lausanne - Journal de B\u00e2le et Gen\u00e8ve\",\"isPartOf\":{\"@id\":\"https:\\\/\\\/bale.ch\\\/journal\\\/#website\"},\"primaryImageOfPage\":{\"@id\":\"https:\\\/\\\/bale.ch\\\/journal\\\/tom-tirabosco-et-la-nouvelle-vague-belge-a-lhonneur-au-bdfil-de-lausanne\\\/#primaryimage\"},\"image\":{\"@id\":\"https:\\\/\\\/bale.ch\\\/journal\\\/tom-tirabosco-et-la-nouvelle-vague-belge-a-lhonneur-au-bdfil-de-lausanne\\\/#primaryimage\"},\"thumbnailUrl\":\"https:\\\/\\\/bale.ch\\\/journal\\\/wp-content\\\/uploads\\\/2024\\\/02\\\/bdfil_2024_lausanne_tom_tirabosco.jpg\",\"datePublished\":\"2024-02-12T12:21:23+00:00\",\"dateModified\":\"2024-02-12T12:21:25+00:00\",\"breadcrumb\":{\"@id\":\"https:\\\/\\\/bale.ch\\\/journal\\\/tom-tirabosco-et-la-nouvelle-vague-belge-a-lhonneur-au-bdfil-de-lausanne\\\/#breadcrumb\"},\"inLanguage\":\"fr-FR\",\"potentialAction\":[{\"@type\":\"ReadAction\",\"target\":[\"https:\\\/\\\/bale.ch\\\/journal\\\/tom-tirabosco-et-la-nouvelle-vague-belge-a-lhonneur-au-bdfil-de-lausanne\\\/\"]}]},{\"@type\":\"ImageObject\",\"inLanguage\":\"fr-FR\",\"@id\":\"https:\\\/\\\/bale.ch\\\/journal\\\/tom-tirabosco-et-la-nouvelle-vague-belge-a-lhonneur-au-bdfil-de-lausanne\\\/#primaryimage\",\"url\":\"https:\\\/\\\/bale.ch\\\/journal\\\/wp-content\\\/uploads\\\/2024\\\/02\\\/bdfil_2024_lausanne_tom_tirabosco.jpg\",\"contentUrl\":\"https:\\\/\\\/bale.ch\\\/journal\\\/wp-content\\\/uploads\\\/2024\\\/02\\\/bdfil_2024_lausanne_tom_tirabosco.jpg\",\"width\":900,\"height\":484},{\"@type\":\"BreadcrumbList\",\"@id\":\"https:\\\/\\\/bale.ch\\\/journal\\\/tom-tirabosco-et-la-nouvelle-vague-belge-a-lhonneur-au-bdfil-de-lausanne\\\/#breadcrumb\",\"itemListElement\":[{\"@type\":\"ListItem\",\"position\":1,\"name\":\"Accueil\",\"item\":\"https:\\\/\\\/bale.ch\\\/journal\\\/\"},{\"@type\":\"ListItem\",\"position\":2,\"name\":\"Tom Tirabosco et la nouvelle vague belge \u00e0 l&rsquo;honneur au BDFIL de Lausanne\"}]},{\"@type\":\"WebSite\",\"@id\":\"https:\\\/\\\/bale.ch\\\/journal\\\/#website\",\"url\":\"https:\\\/\\\/bale.ch\\\/journal\\\/\",\"name\":\"Journal de B\u00e2le et Gen\u00e8ve\",\"description\":\"M\u00e9dia transfrontalier d&#039;actualit\u00e9s - News\",\"publisher\":{\"@id\":\"https:\\\/\\\/bale.ch\\\/journal\\\/#organization\"},\"potentialAction\":[{\"@type\":\"SearchAction\",\"target\":{\"@type\":\"EntryPoint\",\"urlTemplate\":\"https:\\\/\\\/bale.ch\\\/journal\\\/?s={search_term_string}\"},\"query-input\":{\"@type\":\"PropertyValueSpecification\",\"valueRequired\":true,\"valueName\":\"search_term_string\"}}],\"inLanguage\":\"fr-FR\"},{\"@type\":\"Organization\",\"@id\":\"https:\\\/\\\/bale.ch\\\/journal\\\/#organization\",\"name\":\"Journal de B\u00e2le et Gen\u00e8ve\",\"url\":\"https:\\\/\\\/bale.ch\\\/journal\\\/\",\"logo\":{\"@type\":\"ImageObject\",\"inLanguage\":\"fr-FR\",\"@id\":\"https:\\\/\\\/bale.ch\\\/journal\\\/#\\\/schema\\\/logo\\\/image\\\/\",\"url\":\"https:\\\/\\\/bale.ch\\\/journal\\\/wp-content\\\/uploads\\\/2023\\\/07\\\/journaldebale_logo_2023_nb.png\",\"contentUrl\":\"https:\\\/\\\/bale.ch\\\/journal\\\/wp-content\\\/uploads\\\/2023\\\/07\\\/journaldebale_logo_2023_nb.png\",\"width\":371,\"height\":127,\"caption\":\"Journal de B\u00e2le et Gen\u00e8ve\"},\"image\":{\"@id\":\"https:\\\/\\\/bale.ch\\\/journal\\\/#\\\/schema\\\/logo\\\/image\\\/\"}},{\"@type\":\"Person\",\"@id\":\"https:\\\/\\\/bale.ch\\\/journal\\\/#\\\/schema\\\/person\\\/03ced978db3b7a5274c5cef003f352f5\",\"name\":\"La R\u00e9daction\",\"image\":{\"@type\":\"ImageObject\",\"inLanguage\":\"fr-FR\",\"@id\":\"https:\\\/\\\/secure.gravatar.com\\\/avatar\\\/d1327e2ce8d2b860112f968a3f34686c9bdda7a463a1502cdd1070ac9d88cf1e?s=96&d=mm&r=g\",\"url\":\"https:\\\/\\\/secure.gravatar.com\\\/avatar\\\/d1327e2ce8d2b860112f968a3f34686c9bdda7a463a1502cdd1070ac9d88cf1e?s=96&d=mm&r=g\",\"contentUrl\":\"https:\\\/\\\/secure.gravatar.com\\\/avatar\\\/d1327e2ce8d2b860112f968a3f34686c9bdda7a463a1502cdd1070ac9d88cf1e?s=96&d=mm&r=g\",\"caption\":\"La R\u00e9daction\"},\"url\":\"https:\\\/\\\/bale.ch\\\/journal\\\/author\\\/laredaction\\\/\"}]}<\/script>\n<!-- \/ Yoast SEO plugin. -->","yoast_head_json":{"title":"Tom Tirabosco et la nouvelle vague belge \u00e0 l'honneur au BDFIL de Lausanne - Journal de B\u00e2le et Gen\u00e8ve","robots":{"index":"index","follow":"follow","max-snippet":"max-snippet:-1","max-image-preview":"max-image-preview:large","max-video-preview":"max-video-preview:-1"},"canonical":"https:\/\/bale.ch\/journal\/tom-tirabosco-et-la-nouvelle-vague-belge-a-lhonneur-au-bdfil-de-lausanne\/","og_locale":"fr_FR","og_type":"article","og_title":"Tom Tirabosco et la nouvelle vague belge \u00e0 l'honneur au BDFIL de Lausanne - Journal de B\u00e2le et Gen\u00e8ve","og_description":"Pour sa dix-huiti\u00e8me \u00e9ditions et seconde dans le quartier de la gare, le festival BDFIL accueillera comme invit\u00e9s d&rsquo;honneur l&rsquo;artiste genevois Tom Tirabosco, la nouvelle vague des b\u00e9d\u00e9istes de Belgique Continuer la lecture","og_url":"https:\/\/bale.ch\/journal\/tom-tirabosco-et-la-nouvelle-vague-belge-a-lhonneur-au-bdfil-de-lausanne\/","og_site_name":"Journal de B\u00e2le et Gen\u00e8ve","article_published_time":"2024-02-12T12:21:23+00:00","article_modified_time":"2024-02-12T12:21:25+00:00","og_image":[{"width":900,"height":484,"url":"https:\/\/bale.ch\/journal\/wp-content\/uploads\/2024\/02\/bdfil_2024_lausanne_tom_tirabosco.jpg","type":"image\/jpeg"}],"author":"La R\u00e9daction","twitter_card":"summary_large_image","twitter_misc":{"\u00c9crit par":"La R\u00e9daction","Dur\u00e9e de lecture estim\u00e9e":"2 minutes"},"schema":{"@context":"https:\/\/schema.org","@graph":[{"@type":"Article","@id":"https:\/\/bale.ch\/journal\/tom-tirabosco-et-la-nouvelle-vague-belge-a-lhonneur-au-bdfil-de-lausanne\/#article","isPartOf":{"@id":"https:\/\/bale.ch\/journal\/tom-tirabosco-et-la-nouvelle-vague-belge-a-lhonneur-au-bdfil-de-lausanne\/"},"author":{"name":"La R\u00e9daction","@id":"https:\/\/bale.ch\/journal\/#\/schema\/person\/03ced978db3b7a5274c5cef003f352f5"},"headline":"Tom Tirabosco et la nouvelle vague belge \u00e0 l&rsquo;honneur au BDFIL de Lausanne","datePublished":"2024-02-12T12:21:23+00:00","dateModified":"2024-02-12T12:21:25+00:00","mainEntityOfPage":{"@id":"https:\/\/bale.ch\/journal\/tom-tirabosco-et-la-nouvelle-vague-belge-a-lhonneur-au-bdfil-de-lausanne\/"},"wordCount":492,"publisher":{"@id":"https:\/\/bale.ch\/journal\/#organization"},"image":{"@id":"https:\/\/bale.ch\/journal\/tom-tirabosco-et-la-nouvelle-vague-belge-a-lhonneur-au-bdfil-de-lausanne\/#primaryimage"},"thumbnailUrl":"https:\/\/bale.ch\/journal\/wp-content\/uploads\/2024\/02\/bdfil_2024_lausanne_tom_tirabosco.jpg","keywords":["bande dessin\u00e9e","festival","Lausanne"],"articleSection":["Actualit\u00e9s","Culture","Sortir"],"inLanguage":"fr-FR"},{"@type":"WebPage","@id":"https:\/\/bale.ch\/journal\/tom-tirabosco-et-la-nouvelle-vague-belge-a-lhonneur-au-bdfil-de-lausanne\/","url":"https:\/\/bale.ch\/journal\/tom-tirabosco-et-la-nouvelle-vague-belge-a-lhonneur-au-bdfil-de-lausanne\/","name":"Tom Tirabosco et la nouvelle vague belge \u00e0 l'honneur au BDFIL de Lausanne - Journal de B\u00e2le et Gen\u00e8ve","isPartOf":{"@id":"https:\/\/bale.ch\/journal\/#website"},"primaryImageOfPage":{"@id":"https:\/\/bale.ch\/journal\/tom-tirabosco-et-la-nouvelle-vague-belge-a-lhonneur-au-bdfil-de-lausanne\/#primaryimage"},"image":{"@id":"https:\/\/bale.ch\/journal\/tom-tirabosco-et-la-nouvelle-vague-belge-a-lhonneur-au-bdfil-de-lausanne\/#primaryimage"},"thumbnailUrl":"https:\/\/bale.ch\/journal\/wp-content\/uploads\/2024\/02\/bdfil_2024_lausanne_tom_tirabosco.jpg","datePublished":"2024-02-12T12:21:23+00:00","dateModified":"2024-02-12T12:21:25+00:00","breadcrumb":{"@id":"https:\/\/bale.ch\/journal\/tom-tirabosco-et-la-nouvelle-vague-belge-a-lhonneur-au-bdfil-de-lausanne\/#breadcrumb"},"inLanguage":"fr-FR","potentialAction":[{"@type":"ReadAction","target":["https:\/\/bale.ch\/journal\/tom-tirabosco-et-la-nouvelle-vague-belge-a-lhonneur-au-bdfil-de-lausanne\/"]}]},{"@type":"ImageObject","inLanguage":"fr-FR","@id":"https:\/\/bale.ch\/journal\/tom-tirabosco-et-la-nouvelle-vague-belge-a-lhonneur-au-bdfil-de-lausanne\/#primaryimage","url":"https:\/\/bale.ch\/journal\/wp-content\/uploads\/2024\/02\/bdfil_2024_lausanne_tom_tirabosco.jpg","contentUrl":"https:\/\/bale.ch\/journal\/wp-content\/uploads\/2024\/02\/bdfil_2024_lausanne_tom_tirabosco.jpg","width":900,"height":484},{"@type":"BreadcrumbList","@id":"https:\/\/bale.ch\/journal\/tom-tirabosco-et-la-nouvelle-vague-belge-a-lhonneur-au-bdfil-de-lausanne\/#breadcrumb","itemListElement":[{"@type":"ListItem","position":1,"name":"Accueil","item":"https:\/\/bale.ch\/journal\/"},{"@type":"ListItem","position":2,"name":"Tom Tirabosco et la nouvelle vague belge \u00e0 l&rsquo;honneur au BDFIL de Lausanne"}]},{"@type":"WebSite","@id":"https:\/\/bale.ch\/journal\/#website","url":"https:\/\/bale.ch\/journal\/","name":"Journal de B\u00e2le et Gen\u00e8ve","description":"M\u00e9dia transfrontalier d&#039;actualit\u00e9s - News","publisher":{"@id":"https:\/\/bale.ch\/journal\/#organization"},"potentialAction":[{"@type":"SearchAction","target":{"@type":"EntryPoint","urlTemplate":"https:\/\/bale.ch\/journal\/?s={search_term_string}"},"query-input":{"@type":"PropertyValueSpecification","valueRequired":true,"valueName":"search_term_string"}}],"inLanguage":"fr-FR"},{"@type":"Organization","@id":"https:\/\/bale.ch\/journal\/#organization","name":"Journal de B\u00e2le et Gen\u00e8ve","url":"https:\/\/bale.ch\/journal\/","logo":{"@type":"ImageObject","inLanguage":"fr-FR","@id":"https:\/\/bale.ch\/journal\/#\/schema\/logo\/image\/","url":"https:\/\/bale.ch\/journal\/wp-content\/uploads\/2023\/07\/journaldebale_logo_2023_nb.png","contentUrl":"https:\/\/bale.ch\/journal\/wp-content\/uploads\/2023\/07\/journaldebale_logo_2023_nb.png","width":371,"height":127,"caption":"Journal de B\u00e2le et Gen\u00e8ve"},"image":{"@id":"https:\/\/bale.ch\/journal\/#\/schema\/logo\/image\/"}},{"@type":"Person","@id":"https:\/\/bale.ch\/journal\/#\/schema\/person\/03ced978db3b7a5274c5cef003f352f5","name":"La R\u00e9daction","image":{"@type":"ImageObject","inLanguage":"fr-FR","@id":"https:\/\/secure.gravatar.com\/avatar\/d1327e2ce8d2b860112f968a3f34686c9bdda7a463a1502cdd1070ac9d88cf1e?s=96&d=mm&r=g","url":"https:\/\/secure.gravatar.com\/avatar\/d1327e2ce8d2b860112f968a3f34686c9bdda7a463a1502cdd1070ac9d88cf1e?s=96&d=mm&r=g","contentUrl":"https:\/\/secure.gravatar.com\/avatar\/d1327e2ce8d2b860112f968a3f34686c9bdda7a463a1502cdd1070ac9d88cf1e?s=96&d=mm&r=g","caption":"La R\u00e9daction"},"url":"https:\/\/bale.ch\/journal\/author\/laredaction\/"}]}},"_links":{"self":[{"href":"https:\/\/bale.ch\/journal\/wp-json\/wp\/v2\/posts\/3437","targetHints":{"allow":["GET"]}}],"collection":[{"href":"https:\/\/bale.ch\/journal\/wp-json\/wp\/v2\/posts"}],"about":[{"href":"https:\/\/bale.ch\/journal\/wp-json\/wp\/v2\/types\/post"}],"author":[{"embeddable":true,"href":"https:\/\/bale.ch\/journal\/wp-json\/wp\/v2\/users\/2"}],"replies":[{"embeddable":true,"href":"https:\/\/bale.ch\/journal\/wp-json\/wp\/v2\/comments?post=3437"}],"version-history":[{"count":4,"href":"https:\/\/bale.ch\/journal\/wp-json\/wp\/v2\/posts\/3437\/revisions"}],"predecessor-version":[{"id":3442,"href":"https:\/\/bale.ch\/journal\/wp-json\/wp\/v2\/posts\/3437\/revisions\/3442"}],"wp:featuredmedia":[{"embeddable":true,"href":"https:\/\/bale.ch\/journal\/wp-json\/wp\/v2\/media\/3439"}],"wp:attachment":[{"href":"https:\/\/bale.ch\/journal\/wp-json\/wp\/v2\/media?parent=3437"}],"wp:term":[{"taxonomy":"category","embeddable":true,"href":"https:\/\/bale.ch\/journal\/wp-json\/wp\/v2\/categories?post=3437"},{"taxonomy":"post_tag","embeddable":true,"href":"https:\/\/bale.ch\/journal\/wp-json\/wp\/v2\/tags?post=3437"}],"curies":[{"name":"wp","href":"https:\/\/api.w.org\/{rel}","templated":true}]}}