{"id":3448,"date":"2024-02-17T16:00:17","date_gmt":"2024-02-17T16:00:17","guid":{"rendered":"https:\/\/bale.ch\/journal\/?p=3448"},"modified":"2024-02-22T18:37:18","modified_gmt":"2024-02-22T18:37:18","slug":"luttes-sociales-et-combats-pour-les-droits-humains-sur-grand-ecran-le-pouvoir-des-images-au-fifdh","status":"publish","type":"post","link":"https:\/\/bale.ch\/journal\/luttes-sociales-et-combats-pour-les-droits-humains-sur-grand-ecran-le-pouvoir-des-images-au-fifdh\/","title":{"rendered":"Luttes sociales et combats pour les droits humains: le pouvoir des images au FIFDH"},"content":{"rendered":"\n<p class=\"wp-block-paragraph\"><strong>La crise au Proche-Orient ou la situation en Russie seront au centre d&rsquo;un Festival du film et forum international sur les droits humains (FIFDH) sous la th\u00e9matique des r\u00e9sistances et des r\u00e9voltes. Le Prix Nobel de la paix Dmitri Mouratov ou l&rsquo;activiste am\u00e9ricaine Angela Davis sont attendus \u00e0 Gen\u00e8ve pour cette 22e \u00e9dition qui se tiendra du 8 au 17 mars 2024. <\/strong><\/p>\n\n\n\n<p class=\"wp-block-paragraph\">Apr\u00e8s une 21<sup>e<\/sup>&nbsp;\u00e9dition marqu\u00e9e par de fortes tensions interne et conclue par le d\u00e9part de plusieurs collaborateurs, le FIFDH nous propose une \u00e9dition 2024 concoct\u00e9e avec soin par avec une nouvelle co-direction \u00e9ditoriale: Laila Alonso Huarte, actuelle responsable de l\u2019action culturelle et du d\u00e9veloppement des publics et collaboratrice du festival depuis six ans, et Laura Longobardi, actuelle responsable du programme professionnel Impact Days, engag\u00e9e aupr\u00e8s du Festival depuis sept ans.<\/p>\n\n\n\n<h2 class=\"wp-block-heading\">Comment donner du sens \u00e0 notre \u00e9poque?<\/h2>\n\n\n\n<p class=\"wp-block-paragraph\">Dans un monde marqu\u00e9 par l\u2019interd\u00e9pendance entre crises g\u00e9opolitiques, \u00e9conomiques et sociales, coupl\u00e9 \u00e0 l\u2019affaiblissement des institutions multilat\u00e9rales et la crise climatique globale, l\u2019incertitude est partout. <em>\u00ab\u00a0Tout bouleversement implique une perte de rep\u00e8res, mais c\u2019est \u00e9galement dans ce mouvement qu\u2019apparaissent des perspectives nouvelles. Le FIFDH interroge le r\u00f4le des images et de la repr\u00e9sentation dans ces changements, en proposant de r\u00e9unir celles et ceux qui r\u00e9fl\u00e9chissent \u00e0 des solutions collectives et nous rappellent la n\u00e9cessit\u00e9 d\u2019agir\u00a0\u00bb<\/em> d\u00e9clarent Laila Alonso Huarte et Laura Longobardi.<\/p><div id=\"crieu-4271326338\" class=\"crieu-content crieu-entity-placement\"><script async src=\"\/\/pagead2.googlesyndication.com\/pagead\/js\/adsbygoogle.js?client=ca-pub-5271584769416742\" crossorigin=\"anonymous\"><\/script><ins class=\"adsbygoogle\" style=\"display:block;\" data-ad-client=\"ca-pub-5271584769416742\" \ndata-ad-slot=\"9321250718\" \ndata-ad-format=\"auto\"><\/ins>\n<script> \n(adsbygoogle = window.adsbygoogle || []).push({}); \n<\/script>\n<\/div>\n\n\n\n<figure class=\"wp-block-image size-large\"><a href=\"https:\/\/bale.ch\/journal\/wp-content\/uploads\/2024\/02\/FIFDH_AFFICHE_poster_2024_geneva_geneve.png\"><img loading=\"lazy\" decoding=\"async\" width=\"1024\" height=\"482\" src=\"https:\/\/bale.ch\/journal\/wp-content\/uploads\/2024\/02\/FIFDH_AFFICHE_poster_2024_geneva_geneve-1024x482.png\" alt=\"\" class=\"wp-image-3451\" srcset=\"https:\/\/bale.ch\/journal\/wp-content\/uploads\/2024\/02\/FIFDH_AFFICHE_poster_2024_geneva_geneve-1024x482.png 1024w, https:\/\/bale.ch\/journal\/wp-content\/uploads\/2024\/02\/FIFDH_AFFICHE_poster_2024_geneva_geneve-300x141.png 300w, https:\/\/bale.ch\/journal\/wp-content\/uploads\/2024\/02\/FIFDH_AFFICHE_poster_2024_geneva_geneve-768x362.png 768w, https:\/\/bale.ch\/journal\/wp-content\/uploads\/2024\/02\/FIFDH_AFFICHE_poster_2024_geneva_geneve-1536x724.png 1536w, https:\/\/bale.ch\/journal\/wp-content\/uploads\/2024\/02\/FIFDH_AFFICHE_poster_2024_geneva_geneve.png 1785w\" sizes=\"auto, (max-width: 1024px) 100vw, 1024px\" \/><\/a><figcaption class=\"wp-element-caption\">Les affiches de la 22e \u00e9dition. DR<\/figcaption><\/figure>\n\n\n\n<p class=\"wp-block-paragraph\"><em>\u00ab\u00a0Le Festival cr\u00e9era les conditions du dialogue et s\u2019appuiera sur le pouvoir du cin\u00e9ma pour raconter l\u2019histoire de celles et ceux qui font des droits humains un engagement aussi vivant que concret, au b\u00e9n\u00e9fice d\u2019un avenir commun\u00a0\u00bb<\/em>, indique le communiqu\u00e9. Le FIFDH 2024 en fait sa force au travers, notamment, d\u2019une nouvelle section du Forum intitul\u00e9e <strong>Spotlight<\/strong>. Celle-ci souhaite mettre en avant l\u2019engagement des cin\u00e9astes et des protagonistes des films, proposant des pistes de solutions qui incitent le public \u00e0 l\u2019action. Les th\u00e8mes sont, entre autres, li\u00e9s aux camps de la r\u00e9pression au Xinjiang, aux droits des peuples autochtones, \u00e0 la r\u00e9pression en Iran, \u00e0 l&rsquo;Afghanistan, au B\u00e9larus, \u00e0 la Palestine et au droit d&rsquo;asile en Suisse.<\/p>\n\n\n\n<h2 class=\"wp-block-heading\">\u00c0 une semaine de l&rsquo;\u00e9lection pr\u00e9sidentielle russe<\/h2>\n\n\n\n<p class=\"wp-block-paragraph\">La venue de Dmitri Mouratov, r\u00e9dacteur en chef du journal ind\u00e9pendant russe <em>Nova\u00efa Gazeta<\/em>, permettra d&rsquo;\u00e9clairer le public genevois sur le conflit russo-ukrainien et l&rsquo;\u00e9tat d&rsquo;esprit de la soci\u00e9t\u00e9 civile russe \u00e0 une semaine de l\u2019\u00e9lection pr\u00e9sidentielle dans ce pays apr\u00e8s la projection du film <strong>Of Caravan and the Dogs<\/strong> qui d\u00e9crit la lutte de <em>Nova\u00efa Gazeta<\/em>, dernier bastion de la presse libre au sein d&rsquo;un \u00c9tat dictatorial et b\u00e9lliqueux. <\/p>\n\n\n\n<p class=\"wp-block-paragraph\">Sujets br\u00fblants \u00e9galement, l&rsquo;\u00e9v\u00e9nement&nbsp;accueillera des discussions sur l&rsquo;occupation isra\u00e9lienne en Palestine et l&rsquo;augmentation de l&rsquo;antis\u00e9mitisme. Le photojournaliste Motaz Azaiza, qui a document\u00e9 pendant quatre mois les souffrances du territoire palestinien, participera au Forum, ainsi que des militants palestiniens et isra\u00e9liens pour la paix.<\/p>\n\n\n\n<p class=\"wp-block-paragraph\">Des sujets qui font actuellement couler moins d&rsquo;encre seront aussi trait\u00e9s, comme la situation des Arm\u00e9niens dans le Haut-Karabakh, les r\u00e9sistances f\u00e9ministes et LGBTQIA+ face au fascisme, l&rsquo;intelligence artificelle ou encore comment nourrir l&rsquo;humanit\u00e9 et pr\u00e9server la biosph\u00e8re: <em>\u00ab\u00a0un festival se pr\u00e9pare sur plusieurs mois et combinaison entre l&rsquo;actualit\u00e9, les films que l&rsquo;on trouve et le d\u00e9nichage de violations de droits humains et de conflits qui ne se trouvent pas sur le devant de la sc\u00e8ne\u00a0\u00bb<\/em>, pr\u00e9cise&nbsp;Laura Longobardi.<\/p>\n\n\n\n<p class=\"wp-block-paragraph\"><strong>FIFDH<\/strong>, du 8 au 17 mars. Toutes les infos sur <a rel=\"noreferrer noopener\" href=\"https:\/\/fifdh.org\/\" target=\"_blank\"><strong>fifdh.org<\/strong><\/a><\/p>\n<div id=\"crieu-4233526719\" class=\"crieu-apres-le-contenu crieu-entity-placement\" style=\"margin-left: auto;margin-right: auto;text-align: center;\"><script async src=\"\/\/pagead2.googlesyndication.com\/pagead\/js\/adsbygoogle.js?client=ca-pub-5271584769416742\" crossorigin=\"anonymous\"><\/script><ins class=\"adsbygoogle\" style=\"display:block;\" data-ad-client=\"ca-pub-5271584769416742\" \ndata-ad-slot=\"9321250718\" \ndata-ad-format=\"auto\"><\/ins>\n<script> \n(adsbygoogle = window.adsbygoogle || []).push({}); \n<\/script>\n<\/div>","protected":false},"excerpt":{"rendered":"<p>La crise au Proche-Orient ou la situation en Russie seront au centre d&rsquo;un Festival du film et forum international sur les droits humains (FIFDH) sous la th\u00e9matique des r\u00e9sistances et <a href=\"https:\/\/bale.ch\/journal\/luttes-sociales-et-combats-pour-les-droits-humains-sur-grand-ecran-le-pouvoir-des-images-au-fifdh\/\" class=\"read-more button-fancy -red\"><span class=\"btn-arrow\"><\/span><span class=\"twp-read-more text\">Continuer la lecture<\/span><\/a><\/p>\n","protected":false},"author":3,"featured_media":3449,"comment_status":"closed","ping_status":"closed","sticky":false,"template":"","format":"standard","meta":{"footnotes":""},"categories":[103,4,18],"tags":[23,131,93,74],"class_list":["post-3448","post","type-post","status-publish","format-standard","has-post-thumbnail","hentry","category-actu","category-grand-geneve","category-sortir","tag-cinema","tag-droits-humains","tag-festival","tag-geneve"],"yoast_head":"<!-- This site is optimized with the Yoast SEO plugin v28.3 - https:\/\/yoast.com\/product\/yoast-seo-wordpress\/ -->\n<title>Luttes sociales et combats pour les droits humains: le pouvoir des images au FIFDH - Journal de B\u00e2le et Gen\u00e8ve<\/title>\n<meta name=\"robots\" content=\"index, follow, max-snippet:-1, max-image-preview:large, max-video-preview:-1\" \/>\n<link rel=\"canonical\" href=\"https:\/\/bale.ch\/journal\/luttes-sociales-et-combats-pour-les-droits-humains-sur-grand-ecran-le-pouvoir-des-images-au-fifdh\/\" \/>\n<meta property=\"og:locale\" content=\"fr_FR\" \/>\n<meta property=\"og:type\" content=\"article\" \/>\n<meta property=\"og:title\" content=\"Luttes sociales et combats pour les droits humains: le pouvoir des images au FIFDH - Journal de B\u00e2le et Gen\u00e8ve\" \/>\n<meta property=\"og:description\" content=\"La crise au Proche-Orient ou la situation en Russie seront au centre d&rsquo;un Festival du film et forum international sur les droits humains (FIFDH) sous la th\u00e9matique des r\u00e9sistances et Continuer la lecture\" \/>\n<meta property=\"og:url\" content=\"https:\/\/bale.ch\/journal\/luttes-sociales-et-combats-pour-les-droits-humains-sur-grand-ecran-le-pouvoir-des-images-au-fifdh\/\" \/>\n<meta property=\"og:site_name\" content=\"Journal de B\u00e2le et Gen\u00e8ve\" \/>\n<meta property=\"article:published_time\" content=\"2024-02-17T16:00:17+00:00\" \/>\n<meta property=\"article:modified_time\" content=\"2024-02-22T18:37:18+00:00\" \/>\n<meta property=\"og:image\" content=\"https:\/\/bale.ch\/journal\/wp-content\/uploads\/2024\/02\/fifdh_geneve_geneva_2024.jpg\" \/>\n\t<meta property=\"og:image:width\" content=\"900\" \/>\n\t<meta property=\"og:image:height\" content=\"484\" \/>\n\t<meta property=\"og:image:type\" content=\"image\/jpeg\" \/>\n<meta name=\"author\" content=\"Alban Lavy\" \/>\n<meta name=\"twitter:card\" content=\"summary_large_image\" \/>\n<meta name=\"twitter:label1\" content=\"\u00c9crit par\" \/>\n\t<meta name=\"twitter:data1\" content=\"Alban Lavy\" \/>\n\t<meta name=\"twitter:label2\" content=\"Dur\u00e9e de lecture estim\u00e9e\" \/>\n\t<meta name=\"twitter:data2\" content=\"3 minutes\" \/>\n<script type=\"application\/ld+json\" class=\"yoast-schema-graph\">{\"@context\":\"https:\\\/\\\/schema.org\",\"@graph\":[{\"@type\":\"Article\",\"@id\":\"https:\\\/\\\/bale.ch\\\/journal\\\/luttes-sociales-et-combats-pour-les-droits-humains-sur-grand-ecran-le-pouvoir-des-images-au-fifdh\\\/#article\",\"isPartOf\":{\"@id\":\"https:\\\/\\\/bale.ch\\\/journal\\\/luttes-sociales-et-combats-pour-les-droits-humains-sur-grand-ecran-le-pouvoir-des-images-au-fifdh\\\/\"},\"author\":{\"name\":\"Alban Lavy\",\"@id\":\"https:\\\/\\\/bale.ch\\\/journal\\\/#\\\/schema\\\/person\\\/41bc7f908af0ffea5e38b8c5702e5626\"},\"headline\":\"Luttes sociales et combats pour les droits humains: le pouvoir des images au FIFDH\",\"datePublished\":\"2024-02-17T16:00:17+00:00\",\"dateModified\":\"2024-02-22T18:37:18+00:00\",\"mainEntityOfPage\":{\"@id\":\"https:\\\/\\\/bale.ch\\\/journal\\\/luttes-sociales-et-combats-pour-les-droits-humains-sur-grand-ecran-le-pouvoir-des-images-au-fifdh\\\/\"},\"wordCount\":650,\"publisher\":{\"@id\":\"https:\\\/\\\/bale.ch\\\/journal\\\/#organization\"},\"image\":{\"@id\":\"https:\\\/\\\/bale.ch\\\/journal\\\/luttes-sociales-et-combats-pour-les-droits-humains-sur-grand-ecran-le-pouvoir-des-images-au-fifdh\\\/#primaryimage\"},\"thumbnailUrl\":\"https:\\\/\\\/bale.ch\\\/journal\\\/wp-content\\\/uploads\\\/2024\\\/02\\\/fifdh_geneve_geneva_2024.jpg\",\"keywords\":[\"Cin\u00e9ma\",\"Droits humains\",\"festival\",\"Gen\u00e8ve\"],\"articleSection\":[\"Actualit\u00e9s\",\"Grand Gen\u00e8ve\",\"Sortir\"],\"inLanguage\":\"fr-FR\"},{\"@type\":\"WebPage\",\"@id\":\"https:\\\/\\\/bale.ch\\\/journal\\\/luttes-sociales-et-combats-pour-les-droits-humains-sur-grand-ecran-le-pouvoir-des-images-au-fifdh\\\/\",\"url\":\"https:\\\/\\\/bale.ch\\\/journal\\\/luttes-sociales-et-combats-pour-les-droits-humains-sur-grand-ecran-le-pouvoir-des-images-au-fifdh\\\/\",\"name\":\"Luttes sociales et combats pour les droits humains: le pouvoir des images au FIFDH - Journal de B\u00e2le et Gen\u00e8ve\",\"isPartOf\":{\"@id\":\"https:\\\/\\\/bale.ch\\\/journal\\\/#website\"},\"primaryImageOfPage\":{\"@id\":\"https:\\\/\\\/bale.ch\\\/journal\\\/luttes-sociales-et-combats-pour-les-droits-humains-sur-grand-ecran-le-pouvoir-des-images-au-fifdh\\\/#primaryimage\"},\"image\":{\"@id\":\"https:\\\/\\\/bale.ch\\\/journal\\\/luttes-sociales-et-combats-pour-les-droits-humains-sur-grand-ecran-le-pouvoir-des-images-au-fifdh\\\/#primaryimage\"},\"thumbnailUrl\":\"https:\\\/\\\/bale.ch\\\/journal\\\/wp-content\\\/uploads\\\/2024\\\/02\\\/fifdh_geneve_geneva_2024.jpg\",\"datePublished\":\"2024-02-17T16:00:17+00:00\",\"dateModified\":\"2024-02-22T18:37:18+00:00\",\"breadcrumb\":{\"@id\":\"https:\\\/\\\/bale.ch\\\/journal\\\/luttes-sociales-et-combats-pour-les-droits-humains-sur-grand-ecran-le-pouvoir-des-images-au-fifdh\\\/#breadcrumb\"},\"inLanguage\":\"fr-FR\",\"potentialAction\":[{\"@type\":\"ReadAction\",\"target\":[\"https:\\\/\\\/bale.ch\\\/journal\\\/luttes-sociales-et-combats-pour-les-droits-humains-sur-grand-ecran-le-pouvoir-des-images-au-fifdh\\\/\"]}]},{\"@type\":\"ImageObject\",\"inLanguage\":\"fr-FR\",\"@id\":\"https:\\\/\\\/bale.ch\\\/journal\\\/luttes-sociales-et-combats-pour-les-droits-humains-sur-grand-ecran-le-pouvoir-des-images-au-fifdh\\\/#primaryimage\",\"url\":\"https:\\\/\\\/bale.ch\\\/journal\\\/wp-content\\\/uploads\\\/2024\\\/02\\\/fifdh_geneve_geneva_2024.jpg\",\"contentUrl\":\"https:\\\/\\\/bale.ch\\\/journal\\\/wp-content\\\/uploads\\\/2024\\\/02\\\/fifdh_geneve_geneva_2024.jpg\",\"width\":900,\"height\":484},{\"@type\":\"BreadcrumbList\",\"@id\":\"https:\\\/\\\/bale.ch\\\/journal\\\/luttes-sociales-et-combats-pour-les-droits-humains-sur-grand-ecran-le-pouvoir-des-images-au-fifdh\\\/#breadcrumb\",\"itemListElement\":[{\"@type\":\"ListItem\",\"position\":1,\"name\":\"Accueil\",\"item\":\"https:\\\/\\\/bale.ch\\\/journal\\\/\"},{\"@type\":\"ListItem\",\"position\":2,\"name\":\"Luttes sociales et combats pour les droits humains: le pouvoir des images au FIFDH\"}]},{\"@type\":\"WebSite\",\"@id\":\"https:\\\/\\\/bale.ch\\\/journal\\\/#website\",\"url\":\"https:\\\/\\\/bale.ch\\\/journal\\\/\",\"name\":\"Journal de B\u00e2le et Gen\u00e8ve\",\"description\":\"M\u00e9dia transfrontalier d&#039;actualit\u00e9s - News\",\"publisher\":{\"@id\":\"https:\\\/\\\/bale.ch\\\/journal\\\/#organization\"},\"potentialAction\":[{\"@type\":\"SearchAction\",\"target\":{\"@type\":\"EntryPoint\",\"urlTemplate\":\"https:\\\/\\\/bale.ch\\\/journal\\\/?s={search_term_string}\"},\"query-input\":{\"@type\":\"PropertyValueSpecification\",\"valueRequired\":true,\"valueName\":\"search_term_string\"}}],\"inLanguage\":\"fr-FR\"},{\"@type\":\"Organization\",\"@id\":\"https:\\\/\\\/bale.ch\\\/journal\\\/#organization\",\"name\":\"Journal de B\u00e2le et Gen\u00e8ve\",\"url\":\"https:\\\/\\\/bale.ch\\\/journal\\\/\",\"logo\":{\"@type\":\"ImageObject\",\"inLanguage\":\"fr-FR\",\"@id\":\"https:\\\/\\\/bale.ch\\\/journal\\\/#\\\/schema\\\/logo\\\/image\\\/\",\"url\":\"https:\\\/\\\/bale.ch\\\/journal\\\/wp-content\\\/uploads\\\/2023\\\/07\\\/journaldebale_logo_2023_nb.png\",\"contentUrl\":\"https:\\\/\\\/bale.ch\\\/journal\\\/wp-content\\\/uploads\\\/2023\\\/07\\\/journaldebale_logo_2023_nb.png\",\"width\":371,\"height\":127,\"caption\":\"Journal de B\u00e2le et Gen\u00e8ve\"},\"image\":{\"@id\":\"https:\\\/\\\/bale.ch\\\/journal\\\/#\\\/schema\\\/logo\\\/image\\\/\"}},{\"@type\":\"Person\",\"@id\":\"https:\\\/\\\/bale.ch\\\/journal\\\/#\\\/schema\\\/person\\\/41bc7f908af0ffea5e38b8c5702e5626\",\"name\":\"Alban Lavy\",\"image\":{\"@type\":\"ImageObject\",\"inLanguage\":\"fr-FR\",\"@id\":\"https:\\\/\\\/secure.gravatar.com\\\/avatar\\\/4978c5bb7295400e15bebf9881bc4db7866592bc59ffa2f62511214a10f68804?s=96&d=mm&r=g\",\"url\":\"https:\\\/\\\/secure.gravatar.com\\\/avatar\\\/4978c5bb7295400e15bebf9881bc4db7866592bc59ffa2f62511214a10f68804?s=96&d=mm&r=g\",\"contentUrl\":\"https:\\\/\\\/secure.gravatar.com\\\/avatar\\\/4978c5bb7295400e15bebf9881bc4db7866592bc59ffa2f62511214a10f68804?s=96&d=mm&r=g\",\"caption\":\"Alban Lavy\"},\"sameAs\":[\"http:\\\/\\\/bale.ch\\\/administration\\\/zeitung\\\/albanlavy\\\/\"],\"url\":\"https:\\\/\\\/bale.ch\\\/journal\\\/author\\\/lavy\\\/\"}]}<\/script>\n<!-- \/ Yoast SEO plugin. -->","yoast_head_json":{"title":"Luttes sociales et combats pour les droits humains: le pouvoir des images au FIFDH - Journal de B\u00e2le et Gen\u00e8ve","robots":{"index":"index","follow":"follow","max-snippet":"max-snippet:-1","max-image-preview":"max-image-preview:large","max-video-preview":"max-video-preview:-1"},"canonical":"https:\/\/bale.ch\/journal\/luttes-sociales-et-combats-pour-les-droits-humains-sur-grand-ecran-le-pouvoir-des-images-au-fifdh\/","og_locale":"fr_FR","og_type":"article","og_title":"Luttes sociales et combats pour les droits humains: le pouvoir des images au FIFDH - Journal de B\u00e2le et Gen\u00e8ve","og_description":"La crise au Proche-Orient ou la situation en Russie seront au centre d&rsquo;un Festival du film et forum international sur les droits humains (FIFDH) sous la th\u00e9matique des r\u00e9sistances et Continuer la lecture","og_url":"https:\/\/bale.ch\/journal\/luttes-sociales-et-combats-pour-les-droits-humains-sur-grand-ecran-le-pouvoir-des-images-au-fifdh\/","og_site_name":"Journal de B\u00e2le et Gen\u00e8ve","article_published_time":"2024-02-17T16:00:17+00:00","article_modified_time":"2024-02-22T18:37:18+00:00","og_image":[{"width":900,"height":484,"url":"https:\/\/bale.ch\/journal\/wp-content\/uploads\/2024\/02\/fifdh_geneve_geneva_2024.jpg","type":"image\/jpeg"}],"author":"Alban Lavy","twitter_card":"summary_large_image","twitter_misc":{"\u00c9crit par":"Alban Lavy","Dur\u00e9e de lecture estim\u00e9e":"3 minutes"},"schema":{"@context":"https:\/\/schema.org","@graph":[{"@type":"Article","@id":"https:\/\/bale.ch\/journal\/luttes-sociales-et-combats-pour-les-droits-humains-sur-grand-ecran-le-pouvoir-des-images-au-fifdh\/#article","isPartOf":{"@id":"https:\/\/bale.ch\/journal\/luttes-sociales-et-combats-pour-les-droits-humains-sur-grand-ecran-le-pouvoir-des-images-au-fifdh\/"},"author":{"name":"Alban Lavy","@id":"https:\/\/bale.ch\/journal\/#\/schema\/person\/41bc7f908af0ffea5e38b8c5702e5626"},"headline":"Luttes sociales et combats pour les droits humains: le pouvoir des images au FIFDH","datePublished":"2024-02-17T16:00:17+00:00","dateModified":"2024-02-22T18:37:18+00:00","mainEntityOfPage":{"@id":"https:\/\/bale.ch\/journal\/luttes-sociales-et-combats-pour-les-droits-humains-sur-grand-ecran-le-pouvoir-des-images-au-fifdh\/"},"wordCount":650,"publisher":{"@id":"https:\/\/bale.ch\/journal\/#organization"},"image":{"@id":"https:\/\/bale.ch\/journal\/luttes-sociales-et-combats-pour-les-droits-humains-sur-grand-ecran-le-pouvoir-des-images-au-fifdh\/#primaryimage"},"thumbnailUrl":"https:\/\/bale.ch\/journal\/wp-content\/uploads\/2024\/02\/fifdh_geneve_geneva_2024.jpg","keywords":["Cin\u00e9ma","Droits humains","festival","Gen\u00e8ve"],"articleSection":["Actualit\u00e9s","Grand Gen\u00e8ve","Sortir"],"inLanguage":"fr-FR"},{"@type":"WebPage","@id":"https:\/\/bale.ch\/journal\/luttes-sociales-et-combats-pour-les-droits-humains-sur-grand-ecran-le-pouvoir-des-images-au-fifdh\/","url":"https:\/\/bale.ch\/journal\/luttes-sociales-et-combats-pour-les-droits-humains-sur-grand-ecran-le-pouvoir-des-images-au-fifdh\/","name":"Luttes sociales et combats pour les droits humains: le pouvoir des images au FIFDH - Journal de B\u00e2le et Gen\u00e8ve","isPartOf":{"@id":"https:\/\/bale.ch\/journal\/#website"},"primaryImageOfPage":{"@id":"https:\/\/bale.ch\/journal\/luttes-sociales-et-combats-pour-les-droits-humains-sur-grand-ecran-le-pouvoir-des-images-au-fifdh\/#primaryimage"},"image":{"@id":"https:\/\/bale.ch\/journal\/luttes-sociales-et-combats-pour-les-droits-humains-sur-grand-ecran-le-pouvoir-des-images-au-fifdh\/#primaryimage"},"thumbnailUrl":"https:\/\/bale.ch\/journal\/wp-content\/uploads\/2024\/02\/fifdh_geneve_geneva_2024.jpg","datePublished":"2024-02-17T16:00:17+00:00","dateModified":"2024-02-22T18:37:18+00:00","breadcrumb":{"@id":"https:\/\/bale.ch\/journal\/luttes-sociales-et-combats-pour-les-droits-humains-sur-grand-ecran-le-pouvoir-des-images-au-fifdh\/#breadcrumb"},"inLanguage":"fr-FR","potentialAction":[{"@type":"ReadAction","target":["https:\/\/bale.ch\/journal\/luttes-sociales-et-combats-pour-les-droits-humains-sur-grand-ecran-le-pouvoir-des-images-au-fifdh\/"]}]},{"@type":"ImageObject","inLanguage":"fr-FR","@id":"https:\/\/bale.ch\/journal\/luttes-sociales-et-combats-pour-les-droits-humains-sur-grand-ecran-le-pouvoir-des-images-au-fifdh\/#primaryimage","url":"https:\/\/bale.ch\/journal\/wp-content\/uploads\/2024\/02\/fifdh_geneve_geneva_2024.jpg","contentUrl":"https:\/\/bale.ch\/journal\/wp-content\/uploads\/2024\/02\/fifdh_geneve_geneva_2024.jpg","width":900,"height":484},{"@type":"BreadcrumbList","@id":"https:\/\/bale.ch\/journal\/luttes-sociales-et-combats-pour-les-droits-humains-sur-grand-ecran-le-pouvoir-des-images-au-fifdh\/#breadcrumb","itemListElement":[{"@type":"ListItem","position":1,"name":"Accueil","item":"https:\/\/bale.ch\/journal\/"},{"@type":"ListItem","position":2,"name":"Luttes sociales et combats pour les droits humains: le pouvoir des images au FIFDH"}]},{"@type":"WebSite","@id":"https:\/\/bale.ch\/journal\/#website","url":"https:\/\/bale.ch\/journal\/","name":"Journal de B\u00e2le et Gen\u00e8ve","description":"M\u00e9dia transfrontalier d&#039;actualit\u00e9s - News","publisher":{"@id":"https:\/\/bale.ch\/journal\/#organization"},"potentialAction":[{"@type":"SearchAction","target":{"@type":"EntryPoint","urlTemplate":"https:\/\/bale.ch\/journal\/?s={search_term_string}"},"query-input":{"@type":"PropertyValueSpecification","valueRequired":true,"valueName":"search_term_string"}}],"inLanguage":"fr-FR"},{"@type":"Organization","@id":"https:\/\/bale.ch\/journal\/#organization","name":"Journal de B\u00e2le et Gen\u00e8ve","url":"https:\/\/bale.ch\/journal\/","logo":{"@type":"ImageObject","inLanguage":"fr-FR","@id":"https:\/\/bale.ch\/journal\/#\/schema\/logo\/image\/","url":"https:\/\/bale.ch\/journal\/wp-content\/uploads\/2023\/07\/journaldebale_logo_2023_nb.png","contentUrl":"https:\/\/bale.ch\/journal\/wp-content\/uploads\/2023\/07\/journaldebale_logo_2023_nb.png","width":371,"height":127,"caption":"Journal de B\u00e2le et Gen\u00e8ve"},"image":{"@id":"https:\/\/bale.ch\/journal\/#\/schema\/logo\/image\/"}},{"@type":"Person","@id":"https:\/\/bale.ch\/journal\/#\/schema\/person\/41bc7f908af0ffea5e38b8c5702e5626","name":"Alban Lavy","image":{"@type":"ImageObject","inLanguage":"fr-FR","@id":"https:\/\/secure.gravatar.com\/avatar\/4978c5bb7295400e15bebf9881bc4db7866592bc59ffa2f62511214a10f68804?s=96&d=mm&r=g","url":"https:\/\/secure.gravatar.com\/avatar\/4978c5bb7295400e15bebf9881bc4db7866592bc59ffa2f62511214a10f68804?s=96&d=mm&r=g","contentUrl":"https:\/\/secure.gravatar.com\/avatar\/4978c5bb7295400e15bebf9881bc4db7866592bc59ffa2f62511214a10f68804?s=96&d=mm&r=g","caption":"Alban Lavy"},"sameAs":["http:\/\/bale.ch\/administration\/zeitung\/albanlavy\/"],"url":"https:\/\/bale.ch\/journal\/author\/lavy\/"}]}},"_links":{"self":[{"href":"https:\/\/bale.ch\/journal\/wp-json\/wp\/v2\/posts\/3448","targetHints":{"allow":["GET"]}}],"collection":[{"href":"https:\/\/bale.ch\/journal\/wp-json\/wp\/v2\/posts"}],"about":[{"href":"https:\/\/bale.ch\/journal\/wp-json\/wp\/v2\/types\/post"}],"author":[{"embeddable":true,"href":"https:\/\/bale.ch\/journal\/wp-json\/wp\/v2\/users\/3"}],"replies":[{"embeddable":true,"href":"https:\/\/bale.ch\/journal\/wp-json\/wp\/v2\/comments?post=3448"}],"version-history":[{"count":4,"href":"https:\/\/bale.ch\/journal\/wp-json\/wp\/v2\/posts\/3448\/revisions"}],"predecessor-version":[{"id":3455,"href":"https:\/\/bale.ch\/journal\/wp-json\/wp\/v2\/posts\/3448\/revisions\/3455"}],"wp:featuredmedia":[{"embeddable":true,"href":"https:\/\/bale.ch\/journal\/wp-json\/wp\/v2\/media\/3449"}],"wp:attachment":[{"href":"https:\/\/bale.ch\/journal\/wp-json\/wp\/v2\/media?parent=3448"}],"wp:term":[{"taxonomy":"category","embeddable":true,"href":"https:\/\/bale.ch\/journal\/wp-json\/wp\/v2\/categories?post=3448"},{"taxonomy":"post_tag","embeddable":true,"href":"https:\/\/bale.ch\/journal\/wp-json\/wp\/v2\/tags?post=3448"}],"curies":[{"name":"wp","href":"https:\/\/api.w.org\/{rel}","templated":true}]}}