{"id":3459,"date":"2024-03-02T17:47:00","date_gmt":"2024-03-02T17:47:00","guid":{"rendered":"https:\/\/bale.ch\/journal\/?p=3459"},"modified":"2024-03-02T17:47:10","modified_gmt":"2024-03-02T17:47:10","slug":"discussions-transfrontalieres-comment-attirer-les-jeunes-talentsvers-les-entreprises","status":"publish","type":"post","link":"https:\/\/bale.ch\/journal\/discussions-transfrontalieres-comment-attirer-les-jeunes-talentsvers-les-entreprises\/","title":{"rendered":"Discussions transfrontali\u00e8res: \u00ab\u00a0comment attirer les jeunes talents vers les entreprises\u00a0\u00bb"},"content":{"rendered":"\n<p class=\"wp-block-paragraph\">La Regio Basiliensis, la Chambre de commerce France-Suisse,\u00a0<strong>l\u2019ADIRA<\/strong><em>,<\/em><strong>\u00a0<\/strong>la<em>\u00a0<\/em><strong>CCI (Chambre de commerce et d&rsquo;industrie) Alsace M\u00e9tropole,\u00a0<\/strong>la<strong>\u00a0CCI International Grand Est<\/strong><em><strong>,\u00a0<\/strong><\/em>et<strong>\u00a0<\/strong>la<em><strong>\u00a0<\/strong><\/em><strong>Handelskammer beider Basel <\/strong>annoncent<strong> <\/strong>une s\u00e9rie de discussions transfrontali\u00e8res<em>.\u00a0<\/em>Cette s\u00e9rie d&rsquo;\u00e9v\u00e9nements a pour objectif de permettre l&rsquo;\u00e9change d&rsquo;exp\u00e9riences et de liens entre les entreprises des deux c\u00f4t\u00e9s de la fronti\u00e8re, ainsi que de contribuer \u00e0 l&rsquo;attractivit\u00e9 \u00e9conomique de la r\u00e9gion.<\/p>\n\n\n\n<p class=\"wp-block-paragraph\">Pour le premier \u00e9v\u00e9nement de la nouvelle ann\u00e9e, les d\u00e9cideurs locaux du monde \u00e9conomique et politique sont invit\u00e9s \u00e0 \u00e9changer et \u00e0 d\u00e9battre sur la question: <em>\u00ab\u00a0Attirer les jeunes talents : quel \u00e9cosyst\u00e8me et quelles pratiques pour l\u2019entreprise?\u00a0\u00bb<\/em> Ces rencontres auront lieu le\u00a0<strong>lundi, 11 mars 2024 \u00e0 9h30 \u00e0 LeBooster B\u00e2le<\/strong>.<\/p>\n\n\n\n<p class=\"wp-block-paragraph\">L\u2019\u00e9v\u00e9nement se d\u00e9roulera avec une traduction simultan\u00e9e allemand-fran\u00e7ais.<\/p><div id=\"crieu-3185168681\" class=\"crieu-content crieu-entity-placement\"><script async src=\"\/\/pagead2.googlesyndication.com\/pagead\/js\/adsbygoogle.js?client=ca-pub-5271584769416742\" crossorigin=\"anonymous\"><\/script><ins class=\"adsbygoogle\" style=\"display:block;\" data-ad-client=\"ca-pub-5271584769416742\" \ndata-ad-slot=\"9321250718\" \ndata-ad-format=\"auto\"><\/ins>\n<script> \n(adsbygoogle = window.adsbygoogle || []).push({}); \n<\/script>\n<\/div>\n\n\n\n<p class=\"wp-block-paragraph\">Plus d&rsquo;infos sur <a rel=\"noreferrer noopener\" href=\"http:\/\/www.regbas.ch\/\" target=\"_blank\"><strong>regbas.ch<\/strong><\/a><\/p>\n<div id=\"crieu-2486682914\" class=\"crieu-apres-le-contenu crieu-entity-placement\" style=\"margin-left: auto;margin-right: auto;text-align: center;\"><script async src=\"\/\/pagead2.googlesyndication.com\/pagead\/js\/adsbygoogle.js?client=ca-pub-5271584769416742\" crossorigin=\"anonymous\"><\/script><ins class=\"adsbygoogle\" style=\"display:block;\" data-ad-client=\"ca-pub-5271584769416742\" \ndata-ad-slot=\"9321250718\" \ndata-ad-format=\"auto\"><\/ins>\n<script> \n(adsbygoogle = window.adsbygoogle || []).push({}); \n<\/script>\n<\/div>","protected":false},"excerpt":{"rendered":"<p>La Regio Basiliensis, la Chambre de commerce France-Suisse,\u00a0l\u2019ADIRA,\u00a0la\u00a0CCI (Chambre de commerce et d&rsquo;industrie) Alsace M\u00e9tropole,\u00a0la\u00a0CCI International Grand Est,\u00a0et\u00a0la\u00a0Handelskammer beider Basel annoncent une s\u00e9rie de discussions transfrontali\u00e8res.\u00a0Cette s\u00e9rie d&rsquo;\u00e9v\u00e9nements a pour <a href=\"https:\/\/bale.ch\/journal\/discussions-transfrontalieres-comment-attirer-les-jeunes-talentsvers-les-entreprises\/\" class=\"read-more button-fancy -red\"><span class=\"btn-arrow\"><\/span><span class=\"twp-read-more text\">Continuer la lecture<\/span><\/a><\/p>\n","protected":false},"author":2,"featured_media":3460,"comment_status":"closed","ping_status":"closed","sticky":false,"template":"","format":"standard","meta":{"footnotes":""},"categories":[7,13],"tags":[112,60,123,229],"class_list":["post-3459","post","type-post","status-publish","format-standard","has-post-thumbnail","hentry","category-bale","category-economie","tag-alsace","tag-bale","tag-basel","tag-grand-est"],"yoast_head":"<!-- This site is optimized with the Yoast SEO plugin v28.3 - https:\/\/yoast.com\/product\/yoast-seo-wordpress\/ -->\n<title>Discussions transfrontali\u00e8res: &quot;comment attirer les jeunes talents vers les entreprises&quot; - Journal de B\u00e2le et Gen\u00e8ve<\/title>\n<meta name=\"robots\" content=\"index, follow, max-snippet:-1, max-image-preview:large, max-video-preview:-1\" \/>\n<link rel=\"canonical\" href=\"https:\/\/bale.ch\/journal\/discussions-transfrontalieres-comment-attirer-les-jeunes-talentsvers-les-entreprises\/\" \/>\n<meta property=\"og:locale\" content=\"fr_FR\" \/>\n<meta property=\"og:type\" content=\"article\" \/>\n<meta property=\"og:title\" content=\"Discussions transfrontali\u00e8res: &quot;comment attirer les jeunes talents vers les entreprises&quot; - Journal de B\u00e2le et Gen\u00e8ve\" \/>\n<meta property=\"og:description\" content=\"La Regio Basiliensis, la Chambre de commerce France-Suisse,\u00a0l\u2019ADIRA,\u00a0la\u00a0CCI (Chambre de commerce et d&rsquo;industrie) Alsace M\u00e9tropole,\u00a0la\u00a0CCI International Grand Est,\u00a0et\u00a0la\u00a0Handelskammer beider Basel annoncent une s\u00e9rie de discussions transfrontali\u00e8res.\u00a0Cette s\u00e9rie d&rsquo;\u00e9v\u00e9nements a pour Continuer la lecture\" \/>\n<meta property=\"og:url\" content=\"https:\/\/bale.ch\/journal\/discussions-transfrontalieres-comment-attirer-les-jeunes-talentsvers-les-entreprises\/\" \/>\n<meta property=\"og:site_name\" content=\"Journal de B\u00e2le et Gen\u00e8ve\" \/>\n<meta property=\"article:published_time\" content=\"2024-03-02T17:47:00+00:00\" \/>\n<meta property=\"article:modified_time\" content=\"2024-03-02T17:47:10+00:00\" \/>\n<meta property=\"og:image\" content=\"https:\/\/bale.ch\/journal\/wp-content\/uploads\/2024\/03\/regbas_discussions_economiques.jpg\" \/>\n\t<meta property=\"og:image:width\" content=\"900\" \/>\n\t<meta property=\"og:image:height\" content=\"484\" \/>\n\t<meta property=\"og:image:type\" content=\"image\/jpeg\" \/>\n<meta name=\"author\" content=\"La R\u00e9daction\" \/>\n<meta name=\"twitter:card\" content=\"summary_large_image\" \/>\n<meta name=\"twitter:label1\" content=\"\u00c9crit par\" \/>\n\t<meta name=\"twitter:data1\" content=\"La R\u00e9daction\" \/>\n\t<meta name=\"twitter:label2\" content=\"Dur\u00e9e de lecture estim\u00e9e\" \/>\n\t<meta name=\"twitter:data2\" content=\"1 minute\" \/>\n<script type=\"application\/ld+json\" class=\"yoast-schema-graph\">{\"@context\":\"https:\\\/\\\/schema.org\",\"@graph\":[{\"@type\":\"Article\",\"@id\":\"https:\\\/\\\/bale.ch\\\/journal\\\/discussions-transfrontalieres-comment-attirer-les-jeunes-talentsvers-les-entreprises\\\/#article\",\"isPartOf\":{\"@id\":\"https:\\\/\\\/bale.ch\\\/journal\\\/discussions-transfrontalieres-comment-attirer-les-jeunes-talentsvers-les-entreprises\\\/\"},\"author\":{\"name\":\"La R\u00e9daction\",\"@id\":\"https:\\\/\\\/bale.ch\\\/journal\\\/#\\\/schema\\\/person\\\/03ced978db3b7a5274c5cef003f352f5\"},\"headline\":\"Discussions transfrontali\u00e8res: \u00ab\u00a0comment attirer les jeunes talents vers les entreprises\u00a0\u00bb\",\"datePublished\":\"2024-03-02T17:47:00+00:00\",\"dateModified\":\"2024-03-02T17:47:10+00:00\",\"mainEntityOfPage\":{\"@id\":\"https:\\\/\\\/bale.ch\\\/journal\\\/discussions-transfrontalieres-comment-attirer-les-jeunes-talentsvers-les-entreprises\\\/\"},\"wordCount\":164,\"publisher\":{\"@id\":\"https:\\\/\\\/bale.ch\\\/journal\\\/#organization\"},\"image\":{\"@id\":\"https:\\\/\\\/bale.ch\\\/journal\\\/discussions-transfrontalieres-comment-attirer-les-jeunes-talentsvers-les-entreprises\\\/#primaryimage\"},\"thumbnailUrl\":\"https:\\\/\\\/bale.ch\\\/journal\\\/wp-content\\\/uploads\\\/2024\\\/03\\\/regbas_discussions_economiques.jpg\",\"keywords\":[\"Alsace\",\"B\u00e2le\",\"Basel\",\"grand est\"],\"articleSection\":[\"B\u00e2le Trinationale\",\"Economie\"],\"inLanguage\":\"fr-FR\"},{\"@type\":\"WebPage\",\"@id\":\"https:\\\/\\\/bale.ch\\\/journal\\\/discussions-transfrontalieres-comment-attirer-les-jeunes-talentsvers-les-entreprises\\\/\",\"url\":\"https:\\\/\\\/bale.ch\\\/journal\\\/discussions-transfrontalieres-comment-attirer-les-jeunes-talentsvers-les-entreprises\\\/\",\"name\":\"Discussions transfrontali\u00e8res: \\\"comment attirer les jeunes talents vers les entreprises\\\" - Journal de B\u00e2le et Gen\u00e8ve\",\"isPartOf\":{\"@id\":\"https:\\\/\\\/bale.ch\\\/journal\\\/#website\"},\"primaryImageOfPage\":{\"@id\":\"https:\\\/\\\/bale.ch\\\/journal\\\/discussions-transfrontalieres-comment-attirer-les-jeunes-talentsvers-les-entreprises\\\/#primaryimage\"},\"image\":{\"@id\":\"https:\\\/\\\/bale.ch\\\/journal\\\/discussions-transfrontalieres-comment-attirer-les-jeunes-talentsvers-les-entreprises\\\/#primaryimage\"},\"thumbnailUrl\":\"https:\\\/\\\/bale.ch\\\/journal\\\/wp-content\\\/uploads\\\/2024\\\/03\\\/regbas_discussions_economiques.jpg\",\"datePublished\":\"2024-03-02T17:47:00+00:00\",\"dateModified\":\"2024-03-02T17:47:10+00:00\",\"breadcrumb\":{\"@id\":\"https:\\\/\\\/bale.ch\\\/journal\\\/discussions-transfrontalieres-comment-attirer-les-jeunes-talentsvers-les-entreprises\\\/#breadcrumb\"},\"inLanguage\":\"fr-FR\",\"potentialAction\":[{\"@type\":\"ReadAction\",\"target\":[\"https:\\\/\\\/bale.ch\\\/journal\\\/discussions-transfrontalieres-comment-attirer-les-jeunes-talentsvers-les-entreprises\\\/\"]}]},{\"@type\":\"ImageObject\",\"inLanguage\":\"fr-FR\",\"@id\":\"https:\\\/\\\/bale.ch\\\/journal\\\/discussions-transfrontalieres-comment-attirer-les-jeunes-talentsvers-les-entreprises\\\/#primaryimage\",\"url\":\"https:\\\/\\\/bale.ch\\\/journal\\\/wp-content\\\/uploads\\\/2024\\\/03\\\/regbas_discussions_economiques.jpg\",\"contentUrl\":\"https:\\\/\\\/bale.ch\\\/journal\\\/wp-content\\\/uploads\\\/2024\\\/03\\\/regbas_discussions_economiques.jpg\",\"width\":900,\"height\":484},{\"@type\":\"BreadcrumbList\",\"@id\":\"https:\\\/\\\/bale.ch\\\/journal\\\/discussions-transfrontalieres-comment-attirer-les-jeunes-talentsvers-les-entreprises\\\/#breadcrumb\",\"itemListElement\":[{\"@type\":\"ListItem\",\"position\":1,\"name\":\"Accueil\",\"item\":\"https:\\\/\\\/bale.ch\\\/journal\\\/\"},{\"@type\":\"ListItem\",\"position\":2,\"name\":\"Discussions transfrontali\u00e8res: \u00ab\u00a0comment attirer les jeunes talents vers les entreprises\u00a0\u00bb\"}]},{\"@type\":\"WebSite\",\"@id\":\"https:\\\/\\\/bale.ch\\\/journal\\\/#website\",\"url\":\"https:\\\/\\\/bale.ch\\\/journal\\\/\",\"name\":\"Journal de B\u00e2le et Gen\u00e8ve\",\"description\":\"M\u00e9dia transfrontalier d&#039;actualit\u00e9s - News\",\"publisher\":{\"@id\":\"https:\\\/\\\/bale.ch\\\/journal\\\/#organization\"},\"potentialAction\":[{\"@type\":\"SearchAction\",\"target\":{\"@type\":\"EntryPoint\",\"urlTemplate\":\"https:\\\/\\\/bale.ch\\\/journal\\\/?s={search_term_string}\"},\"query-input\":{\"@type\":\"PropertyValueSpecification\",\"valueRequired\":true,\"valueName\":\"search_term_string\"}}],\"inLanguage\":\"fr-FR\"},{\"@type\":\"Organization\",\"@id\":\"https:\\\/\\\/bale.ch\\\/journal\\\/#organization\",\"name\":\"Journal de B\u00e2le et Gen\u00e8ve\",\"url\":\"https:\\\/\\\/bale.ch\\\/journal\\\/\",\"logo\":{\"@type\":\"ImageObject\",\"inLanguage\":\"fr-FR\",\"@id\":\"https:\\\/\\\/bale.ch\\\/journal\\\/#\\\/schema\\\/logo\\\/image\\\/\",\"url\":\"https:\\\/\\\/bale.ch\\\/journal\\\/wp-content\\\/uploads\\\/2023\\\/07\\\/journaldebale_logo_2023_nb.png\",\"contentUrl\":\"https:\\\/\\\/bale.ch\\\/journal\\\/wp-content\\\/uploads\\\/2023\\\/07\\\/journaldebale_logo_2023_nb.png\",\"width\":371,\"height\":127,\"caption\":\"Journal de B\u00e2le et Gen\u00e8ve\"},\"image\":{\"@id\":\"https:\\\/\\\/bale.ch\\\/journal\\\/#\\\/schema\\\/logo\\\/image\\\/\"}},{\"@type\":\"Person\",\"@id\":\"https:\\\/\\\/bale.ch\\\/journal\\\/#\\\/schema\\\/person\\\/03ced978db3b7a5274c5cef003f352f5\",\"name\":\"La R\u00e9daction\",\"image\":{\"@type\":\"ImageObject\",\"inLanguage\":\"fr-FR\",\"@id\":\"https:\\\/\\\/secure.gravatar.com\\\/avatar\\\/d1327e2ce8d2b860112f968a3f34686c9bdda7a463a1502cdd1070ac9d88cf1e?s=96&d=mm&r=g\",\"url\":\"https:\\\/\\\/secure.gravatar.com\\\/avatar\\\/d1327e2ce8d2b860112f968a3f34686c9bdda7a463a1502cdd1070ac9d88cf1e?s=96&d=mm&r=g\",\"contentUrl\":\"https:\\\/\\\/secure.gravatar.com\\\/avatar\\\/d1327e2ce8d2b860112f968a3f34686c9bdda7a463a1502cdd1070ac9d88cf1e?s=96&d=mm&r=g\",\"caption\":\"La R\u00e9daction\"},\"url\":\"https:\\\/\\\/bale.ch\\\/journal\\\/author\\\/laredaction\\\/\"}]}<\/script>\n<!-- \/ Yoast SEO plugin. -->","yoast_head_json":{"title":"Discussions transfrontali\u00e8res: \"comment attirer les jeunes talents vers les entreprises\" - Journal de B\u00e2le et Gen\u00e8ve","robots":{"index":"index","follow":"follow","max-snippet":"max-snippet:-1","max-image-preview":"max-image-preview:large","max-video-preview":"max-video-preview:-1"},"canonical":"https:\/\/bale.ch\/journal\/discussions-transfrontalieres-comment-attirer-les-jeunes-talentsvers-les-entreprises\/","og_locale":"fr_FR","og_type":"article","og_title":"Discussions transfrontali\u00e8res: \"comment attirer les jeunes talents vers les entreprises\" - Journal de B\u00e2le et Gen\u00e8ve","og_description":"La Regio Basiliensis, la Chambre de commerce France-Suisse,\u00a0l\u2019ADIRA,\u00a0la\u00a0CCI (Chambre de commerce et d&rsquo;industrie) Alsace M\u00e9tropole,\u00a0la\u00a0CCI International Grand Est,\u00a0et\u00a0la\u00a0Handelskammer beider Basel annoncent une s\u00e9rie de discussions transfrontali\u00e8res.\u00a0Cette s\u00e9rie d&rsquo;\u00e9v\u00e9nements a pour Continuer la lecture","og_url":"https:\/\/bale.ch\/journal\/discussions-transfrontalieres-comment-attirer-les-jeunes-talentsvers-les-entreprises\/","og_site_name":"Journal de B\u00e2le et Gen\u00e8ve","article_published_time":"2024-03-02T17:47:00+00:00","article_modified_time":"2024-03-02T17:47:10+00:00","og_image":[{"width":900,"height":484,"url":"https:\/\/bale.ch\/journal\/wp-content\/uploads\/2024\/03\/regbas_discussions_economiques.jpg","type":"image\/jpeg"}],"author":"La R\u00e9daction","twitter_card":"summary_large_image","twitter_misc":{"\u00c9crit par":"La R\u00e9daction","Dur\u00e9e de lecture estim\u00e9e":"1 minute"},"schema":{"@context":"https:\/\/schema.org","@graph":[{"@type":"Article","@id":"https:\/\/bale.ch\/journal\/discussions-transfrontalieres-comment-attirer-les-jeunes-talentsvers-les-entreprises\/#article","isPartOf":{"@id":"https:\/\/bale.ch\/journal\/discussions-transfrontalieres-comment-attirer-les-jeunes-talentsvers-les-entreprises\/"},"author":{"name":"La R\u00e9daction","@id":"https:\/\/bale.ch\/journal\/#\/schema\/person\/03ced978db3b7a5274c5cef003f352f5"},"headline":"Discussions transfrontali\u00e8res: \u00ab\u00a0comment attirer les jeunes talents vers les entreprises\u00a0\u00bb","datePublished":"2024-03-02T17:47:00+00:00","dateModified":"2024-03-02T17:47:10+00:00","mainEntityOfPage":{"@id":"https:\/\/bale.ch\/journal\/discussions-transfrontalieres-comment-attirer-les-jeunes-talentsvers-les-entreprises\/"},"wordCount":164,"publisher":{"@id":"https:\/\/bale.ch\/journal\/#organization"},"image":{"@id":"https:\/\/bale.ch\/journal\/discussions-transfrontalieres-comment-attirer-les-jeunes-talentsvers-les-entreprises\/#primaryimage"},"thumbnailUrl":"https:\/\/bale.ch\/journal\/wp-content\/uploads\/2024\/03\/regbas_discussions_economiques.jpg","keywords":["Alsace","B\u00e2le","Basel","grand est"],"articleSection":["B\u00e2le Trinationale","Economie"],"inLanguage":"fr-FR"},{"@type":"WebPage","@id":"https:\/\/bale.ch\/journal\/discussions-transfrontalieres-comment-attirer-les-jeunes-talentsvers-les-entreprises\/","url":"https:\/\/bale.ch\/journal\/discussions-transfrontalieres-comment-attirer-les-jeunes-talentsvers-les-entreprises\/","name":"Discussions transfrontali\u00e8res: \"comment attirer les jeunes talents vers les entreprises\" - Journal de B\u00e2le et Gen\u00e8ve","isPartOf":{"@id":"https:\/\/bale.ch\/journal\/#website"},"primaryImageOfPage":{"@id":"https:\/\/bale.ch\/journal\/discussions-transfrontalieres-comment-attirer-les-jeunes-talentsvers-les-entreprises\/#primaryimage"},"image":{"@id":"https:\/\/bale.ch\/journal\/discussions-transfrontalieres-comment-attirer-les-jeunes-talentsvers-les-entreprises\/#primaryimage"},"thumbnailUrl":"https:\/\/bale.ch\/journal\/wp-content\/uploads\/2024\/03\/regbas_discussions_economiques.jpg","datePublished":"2024-03-02T17:47:00+00:00","dateModified":"2024-03-02T17:47:10+00:00","breadcrumb":{"@id":"https:\/\/bale.ch\/journal\/discussions-transfrontalieres-comment-attirer-les-jeunes-talentsvers-les-entreprises\/#breadcrumb"},"inLanguage":"fr-FR","potentialAction":[{"@type":"ReadAction","target":["https:\/\/bale.ch\/journal\/discussions-transfrontalieres-comment-attirer-les-jeunes-talentsvers-les-entreprises\/"]}]},{"@type":"ImageObject","inLanguage":"fr-FR","@id":"https:\/\/bale.ch\/journal\/discussions-transfrontalieres-comment-attirer-les-jeunes-talentsvers-les-entreprises\/#primaryimage","url":"https:\/\/bale.ch\/journal\/wp-content\/uploads\/2024\/03\/regbas_discussions_economiques.jpg","contentUrl":"https:\/\/bale.ch\/journal\/wp-content\/uploads\/2024\/03\/regbas_discussions_economiques.jpg","width":900,"height":484},{"@type":"BreadcrumbList","@id":"https:\/\/bale.ch\/journal\/discussions-transfrontalieres-comment-attirer-les-jeunes-talentsvers-les-entreprises\/#breadcrumb","itemListElement":[{"@type":"ListItem","position":1,"name":"Accueil","item":"https:\/\/bale.ch\/journal\/"},{"@type":"ListItem","position":2,"name":"Discussions transfrontali\u00e8res: \u00ab\u00a0comment attirer les jeunes talents vers les entreprises\u00a0\u00bb"}]},{"@type":"WebSite","@id":"https:\/\/bale.ch\/journal\/#website","url":"https:\/\/bale.ch\/journal\/","name":"Journal de B\u00e2le et Gen\u00e8ve","description":"M\u00e9dia transfrontalier d&#039;actualit\u00e9s - News","publisher":{"@id":"https:\/\/bale.ch\/journal\/#organization"},"potentialAction":[{"@type":"SearchAction","target":{"@type":"EntryPoint","urlTemplate":"https:\/\/bale.ch\/journal\/?s={search_term_string}"},"query-input":{"@type":"PropertyValueSpecification","valueRequired":true,"valueName":"search_term_string"}}],"inLanguage":"fr-FR"},{"@type":"Organization","@id":"https:\/\/bale.ch\/journal\/#organization","name":"Journal de B\u00e2le et Gen\u00e8ve","url":"https:\/\/bale.ch\/journal\/","logo":{"@type":"ImageObject","inLanguage":"fr-FR","@id":"https:\/\/bale.ch\/journal\/#\/schema\/logo\/image\/","url":"https:\/\/bale.ch\/journal\/wp-content\/uploads\/2023\/07\/journaldebale_logo_2023_nb.png","contentUrl":"https:\/\/bale.ch\/journal\/wp-content\/uploads\/2023\/07\/journaldebale_logo_2023_nb.png","width":371,"height":127,"caption":"Journal de B\u00e2le et Gen\u00e8ve"},"image":{"@id":"https:\/\/bale.ch\/journal\/#\/schema\/logo\/image\/"}},{"@type":"Person","@id":"https:\/\/bale.ch\/journal\/#\/schema\/person\/03ced978db3b7a5274c5cef003f352f5","name":"La R\u00e9daction","image":{"@type":"ImageObject","inLanguage":"fr-FR","@id":"https:\/\/secure.gravatar.com\/avatar\/d1327e2ce8d2b860112f968a3f34686c9bdda7a463a1502cdd1070ac9d88cf1e?s=96&d=mm&r=g","url":"https:\/\/secure.gravatar.com\/avatar\/d1327e2ce8d2b860112f968a3f34686c9bdda7a463a1502cdd1070ac9d88cf1e?s=96&d=mm&r=g","contentUrl":"https:\/\/secure.gravatar.com\/avatar\/d1327e2ce8d2b860112f968a3f34686c9bdda7a463a1502cdd1070ac9d88cf1e?s=96&d=mm&r=g","caption":"La R\u00e9daction"},"url":"https:\/\/bale.ch\/journal\/author\/laredaction\/"}]}},"_links":{"self":[{"href":"https:\/\/bale.ch\/journal\/wp-json\/wp\/v2\/posts\/3459","targetHints":{"allow":["GET"]}}],"collection":[{"href":"https:\/\/bale.ch\/journal\/wp-json\/wp\/v2\/posts"}],"about":[{"href":"https:\/\/bale.ch\/journal\/wp-json\/wp\/v2\/types\/post"}],"author":[{"embeddable":true,"href":"https:\/\/bale.ch\/journal\/wp-json\/wp\/v2\/users\/2"}],"replies":[{"embeddable":true,"href":"https:\/\/bale.ch\/journal\/wp-json\/wp\/v2\/comments?post=3459"}],"version-history":[{"count":2,"href":"https:\/\/bale.ch\/journal\/wp-json\/wp\/v2\/posts\/3459\/revisions"}],"predecessor-version":[{"id":3462,"href":"https:\/\/bale.ch\/journal\/wp-json\/wp\/v2\/posts\/3459\/revisions\/3462"}],"wp:featuredmedia":[{"embeddable":true,"href":"https:\/\/bale.ch\/journal\/wp-json\/wp\/v2\/media\/3460"}],"wp:attachment":[{"href":"https:\/\/bale.ch\/journal\/wp-json\/wp\/v2\/media?parent=3459"}],"wp:term":[{"taxonomy":"category","embeddable":true,"href":"https:\/\/bale.ch\/journal\/wp-json\/wp\/v2\/categories?post=3459"},{"taxonomy":"post_tag","embeddable":true,"href":"https:\/\/bale.ch\/journal\/wp-json\/wp\/v2\/tags?post=3459"}],"curies":[{"name":"wp","href":"https:\/\/api.w.org\/{rel}","templated":true}]}}