{"id":3470,"date":"2024-04-20T11:42:00","date_gmt":"2024-04-20T11:42:00","guid":{"rendered":"https:\/\/bale.ch\/journal\/?p=3470"},"modified":"2024-04-20T11:42:01","modified_gmt":"2024-04-20T11:42:01","slug":"united-airlines-fete-les-15-ans-de-sa-liaison-geneve-washigton-dc","status":"publish","type":"post","link":"https:\/\/bale.ch\/journal\/united-airlines-fete-les-15-ans-de-sa-liaison-geneve-washigton-dc\/","title":{"rendered":"United Airlines f\u00eate les 15 ans de sa liaison Gen\u00e8ve-Washigton DC"},"content":{"rendered":"\n<p class=\"wp-block-paragraph\"><strong>Un jubil\u00e9 \u00e0 l\u2019a\u00e9roport international de Gen\u00e8ve: United Airlines relie la m\u00e9tropole de la Suisse romande \u00e0 Washington, DC depuis exactement 15 ans. Le premier vol au d\u00e9part de Gen\u00e8ve a eu lieu le 20 avril 2009. Depuis, United a transport\u00e9 plus de 1,07 million de passagers sur cette ligne entre la Suisse et la capitale des \u00c9tats-Unis, sur plus de 7\u2009800 vols.<\/strong><\/p>\n\n\n\n<p class=\"wp-block-paragraph\">\u00ab\u2009Nous sommes tr\u00e8s fiers de cet anniversaire, car il montre \u00e0 quel point cette liaison vers les \u00c9tats-Unis est importante pour nos clients. \u2009Ces vols sont particuli\u00e8rement demand\u00e9s dans les classes Premium\u2009\u00bb, a expliqu\u00e9 Reto Schneider, Country Sales Manager pour la Suisse et l\u2019Allemagne chez United Airlines. \u00ab&nbsp;Au d\u00e9part de Washington, DC, nos passagers peuvent par ailleurs poursuivre leur voyage vers plus de 200 destinations sur l&rsquo;ensemble du territoire am\u00e9ricain, y compris Hawa\u00ef et l&rsquo;Alaska. Les liaisons vers les a\u00e9roports situ\u00e9s \u00e0 proximit\u00e9 des grands parcs nationaux comme le parc national de Yellowstone, le Grand Canyon ou le parc national de Yosemite sont particuli\u00e8rement appr\u00e9ci\u00e9es durant les mois d&rsquo;\u00e9t\u00e9, au m\u00eame titre que les grandes m\u00e9tropoles et les destinations soleil classiques\u2009\u00bb.<\/p>\n\n\n\n<p class=\"wp-block-paragraph\">United propose des vols quotidiens entre Gen\u00e8ve et Washington, DC. Le vol UA975 part \u00e0 11h00 et arrive \u00e0 l\u2019a\u00e9roport international de Washington-Dulles \u00e0 14h15 (heure locale) apr\u00e8s 9h15 de vol. Le vol est assur\u00e9 par un Boeing 767-300ER \u00e0 la configuration sp\u00e9ciale. Les quatre classes de service incluent des si\u00e8ges suppl\u00e9mentaires dans les classes Premium&nbsp;: 46 si\u00e8ges s&rsquo;allongeant totalement \u00e0 l&rsquo;horizontal, tous accessibles depuis le couloir, en United Polaris, et 22 si\u00e8ges en United Premium Plus.<\/p><div id=\"crieu-636462860\" class=\"crieu-content crieu-entity-placement\"><script async src=\"\/\/pagead2.googlesyndication.com\/pagead\/js\/adsbygoogle.js?client=ca-pub-5271584769416742\" crossorigin=\"anonymous\"><\/script><ins class=\"adsbygoogle\" style=\"display:block;\" data-ad-client=\"ca-pub-5271584769416742\" \ndata-ad-slot=\"9321250718\" \ndata-ad-format=\"auto\"><\/ins>\n<script> \n(adsbygoogle = window.adsbygoogle || []).push({}); \n<\/script>\n<\/div>\n\n\n\n<p class=\"wp-block-paragraph\">Outre Washington, DC, United dessert \u00e9galement New York, une seconde destination am\u00e9ricaine au d\u00e9part de Gen\u00e8ve, avec des vols quotidiens.<\/p>\n<div id=\"crieu-1595465684\" class=\"crieu-apres-le-contenu crieu-entity-placement\" style=\"margin-left: auto;margin-right: auto;text-align: center;\"><script async src=\"\/\/pagead2.googlesyndication.com\/pagead\/js\/adsbygoogle.js?client=ca-pub-5271584769416742\" crossorigin=\"anonymous\"><\/script><ins class=\"adsbygoogle\" style=\"display:block;\" data-ad-client=\"ca-pub-5271584769416742\" \ndata-ad-slot=\"9321250718\" \ndata-ad-format=\"auto\"><\/ins>\n<script> \n(adsbygoogle = window.adsbygoogle || []).push({}); \n<\/script>\n<\/div>","protected":false},"excerpt":{"rendered":"<p>Un jubil\u00e9 \u00e0 l\u2019a\u00e9roport international de Gen\u00e8ve: United Airlines relie la m\u00e9tropole de la Suisse romande \u00e0 Washington, DC depuis exactement 15 ans. Le premier vol au d\u00e9part de Gen\u00e8ve <a href=\"https:\/\/bale.ch\/journal\/united-airlines-fete-les-15-ans-de-sa-liaison-geneve-washigton-dc\/\" class=\"read-more button-fancy -red\"><span class=\"btn-arrow\"><\/span><span class=\"twp-read-more text\">Continuer la lecture<\/span><\/a><\/p>\n","protected":false},"author":2,"featured_media":3472,"comment_status":"closed","ping_status":"closed","sticky":false,"template":"","format":"standard","meta":{"footnotes":""},"categories":[4,8],"tags":[72],"class_list":["post-3470","post","type-post","status-publish","format-standard","has-post-thumbnail","hentry","category-grand-geneve","category-suisse","tag-aeroport"],"yoast_head":"<!-- This site is optimized with the Yoast SEO plugin v28.3 - https:\/\/yoast.com\/product\/yoast-seo-wordpress\/ -->\n<title>United Airlines f\u00eate les 15 ans de sa liaison Gen\u00e8ve-Washigton DC - Journal de B\u00e2le et Gen\u00e8ve<\/title>\n<meta name=\"robots\" content=\"index, follow, max-snippet:-1, max-image-preview:large, max-video-preview:-1\" \/>\n<link rel=\"canonical\" href=\"https:\/\/bale.ch\/journal\/united-airlines-fete-les-15-ans-de-sa-liaison-geneve-washigton-dc\/\" \/>\n<meta property=\"og:locale\" content=\"fr_FR\" \/>\n<meta property=\"og:type\" content=\"article\" \/>\n<meta property=\"og:title\" content=\"United Airlines f\u00eate les 15 ans de sa liaison Gen\u00e8ve-Washigton DC - Journal de B\u00e2le et Gen\u00e8ve\" \/>\n<meta property=\"og:description\" content=\"Un jubil\u00e9 \u00e0 l\u2019a\u00e9roport international de Gen\u00e8ve: United Airlines relie la m\u00e9tropole de la Suisse romande \u00e0 Washington, DC depuis exactement 15 ans. Le premier vol au d\u00e9part de Gen\u00e8ve Continuer la lecture\" \/>\n<meta property=\"og:url\" content=\"https:\/\/bale.ch\/journal\/united-airlines-fete-les-15-ans-de-sa-liaison-geneve-washigton-dc\/\" \/>\n<meta property=\"og:site_name\" content=\"Journal de B\u00e2le et Gen\u00e8ve\" \/>\n<meta property=\"article:published_time\" content=\"2024-04-20T11:42:00+00:00\" \/>\n<meta property=\"article:modified_time\" content=\"2024-04-20T11:42:01+00:00\" \/>\n<meta property=\"og:image\" content=\"https:\/\/bale.ch\/journal\/wp-content\/uploads\/2024\/04\/United-Airlines-Boeing-B767-300ER-c-United-Airlines.jpg\" \/>\n\t<meta property=\"og:image:width\" content=\"870\" \/>\n\t<meta property=\"og:image:height\" content=\"580\" \/>\n\t<meta property=\"og:image:type\" content=\"image\/jpeg\" \/>\n<meta name=\"author\" content=\"La R\u00e9daction\" \/>\n<meta name=\"twitter:card\" content=\"summary_large_image\" \/>\n<meta name=\"twitter:label1\" content=\"\u00c9crit par\" \/>\n\t<meta name=\"twitter:data1\" content=\"La R\u00e9daction\" \/>\n\t<meta name=\"twitter:label2\" content=\"Dur\u00e9e de lecture estim\u00e9e\" \/>\n\t<meta name=\"twitter:data2\" content=\"1 minute\" \/>\n<script type=\"application\/ld+json\" class=\"yoast-schema-graph\">{\"@context\":\"https:\\\/\\\/schema.org\",\"@graph\":[{\"@type\":\"Article\",\"@id\":\"https:\\\/\\\/bale.ch\\\/journal\\\/united-airlines-fete-les-15-ans-de-sa-liaison-geneve-washigton-dc\\\/#article\",\"isPartOf\":{\"@id\":\"https:\\\/\\\/bale.ch\\\/journal\\\/united-airlines-fete-les-15-ans-de-sa-liaison-geneve-washigton-dc\\\/\"},\"author\":{\"name\":\"La R\u00e9daction\",\"@id\":\"https:\\\/\\\/bale.ch\\\/journal\\\/#\\\/schema\\\/person\\\/03ced978db3b7a5274c5cef003f352f5\"},\"headline\":\"United Airlines f\u00eate les 15 ans de sa liaison Gen\u00e8ve-Washigton DC\",\"datePublished\":\"2024-04-20T11:42:00+00:00\",\"dateModified\":\"2024-04-20T11:42:01+00:00\",\"mainEntityOfPage\":{\"@id\":\"https:\\\/\\\/bale.ch\\\/journal\\\/united-airlines-fete-les-15-ans-de-sa-liaison-geneve-washigton-dc\\\/\"},\"wordCount\":315,\"publisher\":{\"@id\":\"https:\\\/\\\/bale.ch\\\/journal\\\/#organization\"},\"image\":{\"@id\":\"https:\\\/\\\/bale.ch\\\/journal\\\/united-airlines-fete-les-15-ans-de-sa-liaison-geneve-washigton-dc\\\/#primaryimage\"},\"thumbnailUrl\":\"https:\\\/\\\/bale.ch\\\/journal\\\/wp-content\\\/uploads\\\/2024\\\/04\\\/United-Airlines-Boeing-B767-300ER-c-United-Airlines.jpg\",\"keywords\":[\"A\u00e9roport\"],\"articleSection\":[\"Grand Gen\u00e8ve\",\"Suisse\"],\"inLanguage\":\"fr-FR\"},{\"@type\":\"WebPage\",\"@id\":\"https:\\\/\\\/bale.ch\\\/journal\\\/united-airlines-fete-les-15-ans-de-sa-liaison-geneve-washigton-dc\\\/\",\"url\":\"https:\\\/\\\/bale.ch\\\/journal\\\/united-airlines-fete-les-15-ans-de-sa-liaison-geneve-washigton-dc\\\/\",\"name\":\"United Airlines f\u00eate les 15 ans de sa liaison Gen\u00e8ve-Washigton DC - Journal de B\u00e2le et Gen\u00e8ve\",\"isPartOf\":{\"@id\":\"https:\\\/\\\/bale.ch\\\/journal\\\/#website\"},\"primaryImageOfPage\":{\"@id\":\"https:\\\/\\\/bale.ch\\\/journal\\\/united-airlines-fete-les-15-ans-de-sa-liaison-geneve-washigton-dc\\\/#primaryimage\"},\"image\":{\"@id\":\"https:\\\/\\\/bale.ch\\\/journal\\\/united-airlines-fete-les-15-ans-de-sa-liaison-geneve-washigton-dc\\\/#primaryimage\"},\"thumbnailUrl\":\"https:\\\/\\\/bale.ch\\\/journal\\\/wp-content\\\/uploads\\\/2024\\\/04\\\/United-Airlines-Boeing-B767-300ER-c-United-Airlines.jpg\",\"datePublished\":\"2024-04-20T11:42:00+00:00\",\"dateModified\":\"2024-04-20T11:42:01+00:00\",\"breadcrumb\":{\"@id\":\"https:\\\/\\\/bale.ch\\\/journal\\\/united-airlines-fete-les-15-ans-de-sa-liaison-geneve-washigton-dc\\\/#breadcrumb\"},\"inLanguage\":\"fr-FR\",\"potentialAction\":[{\"@type\":\"ReadAction\",\"target\":[\"https:\\\/\\\/bale.ch\\\/journal\\\/united-airlines-fete-les-15-ans-de-sa-liaison-geneve-washigton-dc\\\/\"]}]},{\"@type\":\"ImageObject\",\"inLanguage\":\"fr-FR\",\"@id\":\"https:\\\/\\\/bale.ch\\\/journal\\\/united-airlines-fete-les-15-ans-de-sa-liaison-geneve-washigton-dc\\\/#primaryimage\",\"url\":\"https:\\\/\\\/bale.ch\\\/journal\\\/wp-content\\\/uploads\\\/2024\\\/04\\\/United-Airlines-Boeing-B767-300ER-c-United-Airlines.jpg\",\"contentUrl\":\"https:\\\/\\\/bale.ch\\\/journal\\\/wp-content\\\/uploads\\\/2024\\\/04\\\/United-Airlines-Boeing-B767-300ER-c-United-Airlines.jpg\",\"width\":870,\"height\":580},{\"@type\":\"BreadcrumbList\",\"@id\":\"https:\\\/\\\/bale.ch\\\/journal\\\/united-airlines-fete-les-15-ans-de-sa-liaison-geneve-washigton-dc\\\/#breadcrumb\",\"itemListElement\":[{\"@type\":\"ListItem\",\"position\":1,\"name\":\"Accueil\",\"item\":\"https:\\\/\\\/bale.ch\\\/journal\\\/\"},{\"@type\":\"ListItem\",\"position\":2,\"name\":\"United Airlines f\u00eate les 15 ans de sa liaison Gen\u00e8ve-Washigton DC\"}]},{\"@type\":\"WebSite\",\"@id\":\"https:\\\/\\\/bale.ch\\\/journal\\\/#website\",\"url\":\"https:\\\/\\\/bale.ch\\\/journal\\\/\",\"name\":\"Journal de B\u00e2le et Gen\u00e8ve\",\"description\":\"M\u00e9dia transfrontalier d&#039;actualit\u00e9s - News\",\"publisher\":{\"@id\":\"https:\\\/\\\/bale.ch\\\/journal\\\/#organization\"},\"potentialAction\":[{\"@type\":\"SearchAction\",\"target\":{\"@type\":\"EntryPoint\",\"urlTemplate\":\"https:\\\/\\\/bale.ch\\\/journal\\\/?s={search_term_string}\"},\"query-input\":{\"@type\":\"PropertyValueSpecification\",\"valueRequired\":true,\"valueName\":\"search_term_string\"}}],\"inLanguage\":\"fr-FR\"},{\"@type\":\"Organization\",\"@id\":\"https:\\\/\\\/bale.ch\\\/journal\\\/#organization\",\"name\":\"Journal de B\u00e2le et Gen\u00e8ve\",\"url\":\"https:\\\/\\\/bale.ch\\\/journal\\\/\",\"logo\":{\"@type\":\"ImageObject\",\"inLanguage\":\"fr-FR\",\"@id\":\"https:\\\/\\\/bale.ch\\\/journal\\\/#\\\/schema\\\/logo\\\/image\\\/\",\"url\":\"https:\\\/\\\/bale.ch\\\/journal\\\/wp-content\\\/uploads\\\/2023\\\/07\\\/journaldebale_logo_2023_nb.png\",\"contentUrl\":\"https:\\\/\\\/bale.ch\\\/journal\\\/wp-content\\\/uploads\\\/2023\\\/07\\\/journaldebale_logo_2023_nb.png\",\"width\":371,\"height\":127,\"caption\":\"Journal de B\u00e2le et Gen\u00e8ve\"},\"image\":{\"@id\":\"https:\\\/\\\/bale.ch\\\/journal\\\/#\\\/schema\\\/logo\\\/image\\\/\"}},{\"@type\":\"Person\",\"@id\":\"https:\\\/\\\/bale.ch\\\/journal\\\/#\\\/schema\\\/person\\\/03ced978db3b7a5274c5cef003f352f5\",\"name\":\"La R\u00e9daction\",\"image\":{\"@type\":\"ImageObject\",\"inLanguage\":\"fr-FR\",\"@id\":\"https:\\\/\\\/secure.gravatar.com\\\/avatar\\\/d1327e2ce8d2b860112f968a3f34686c9bdda7a463a1502cdd1070ac9d88cf1e?s=96&d=mm&r=g\",\"url\":\"https:\\\/\\\/secure.gravatar.com\\\/avatar\\\/d1327e2ce8d2b860112f968a3f34686c9bdda7a463a1502cdd1070ac9d88cf1e?s=96&d=mm&r=g\",\"contentUrl\":\"https:\\\/\\\/secure.gravatar.com\\\/avatar\\\/d1327e2ce8d2b860112f968a3f34686c9bdda7a463a1502cdd1070ac9d88cf1e?s=96&d=mm&r=g\",\"caption\":\"La R\u00e9daction\"},\"url\":\"https:\\\/\\\/bale.ch\\\/journal\\\/author\\\/laredaction\\\/\"}]}<\/script>\n<!-- \/ Yoast SEO plugin. -->","yoast_head_json":{"title":"United Airlines f\u00eate les 15 ans de sa liaison Gen\u00e8ve-Washigton DC - Journal de B\u00e2le et Gen\u00e8ve","robots":{"index":"index","follow":"follow","max-snippet":"max-snippet:-1","max-image-preview":"max-image-preview:large","max-video-preview":"max-video-preview:-1"},"canonical":"https:\/\/bale.ch\/journal\/united-airlines-fete-les-15-ans-de-sa-liaison-geneve-washigton-dc\/","og_locale":"fr_FR","og_type":"article","og_title":"United Airlines f\u00eate les 15 ans de sa liaison Gen\u00e8ve-Washigton DC - Journal de B\u00e2le et Gen\u00e8ve","og_description":"Un jubil\u00e9 \u00e0 l\u2019a\u00e9roport international de Gen\u00e8ve: United Airlines relie la m\u00e9tropole de la Suisse romande \u00e0 Washington, DC depuis exactement 15 ans. Le premier vol au d\u00e9part de Gen\u00e8ve Continuer la lecture","og_url":"https:\/\/bale.ch\/journal\/united-airlines-fete-les-15-ans-de-sa-liaison-geneve-washigton-dc\/","og_site_name":"Journal de B\u00e2le et Gen\u00e8ve","article_published_time":"2024-04-20T11:42:00+00:00","article_modified_time":"2024-04-20T11:42:01+00:00","og_image":[{"width":870,"height":580,"url":"https:\/\/bale.ch\/journal\/wp-content\/uploads\/2024\/04\/United-Airlines-Boeing-B767-300ER-c-United-Airlines.jpg","type":"image\/jpeg"}],"author":"La R\u00e9daction","twitter_card":"summary_large_image","twitter_misc":{"\u00c9crit par":"La R\u00e9daction","Dur\u00e9e de lecture estim\u00e9e":"1 minute"},"schema":{"@context":"https:\/\/schema.org","@graph":[{"@type":"Article","@id":"https:\/\/bale.ch\/journal\/united-airlines-fete-les-15-ans-de-sa-liaison-geneve-washigton-dc\/#article","isPartOf":{"@id":"https:\/\/bale.ch\/journal\/united-airlines-fete-les-15-ans-de-sa-liaison-geneve-washigton-dc\/"},"author":{"name":"La R\u00e9daction","@id":"https:\/\/bale.ch\/journal\/#\/schema\/person\/03ced978db3b7a5274c5cef003f352f5"},"headline":"United Airlines f\u00eate les 15 ans de sa liaison Gen\u00e8ve-Washigton DC","datePublished":"2024-04-20T11:42:00+00:00","dateModified":"2024-04-20T11:42:01+00:00","mainEntityOfPage":{"@id":"https:\/\/bale.ch\/journal\/united-airlines-fete-les-15-ans-de-sa-liaison-geneve-washigton-dc\/"},"wordCount":315,"publisher":{"@id":"https:\/\/bale.ch\/journal\/#organization"},"image":{"@id":"https:\/\/bale.ch\/journal\/united-airlines-fete-les-15-ans-de-sa-liaison-geneve-washigton-dc\/#primaryimage"},"thumbnailUrl":"https:\/\/bale.ch\/journal\/wp-content\/uploads\/2024\/04\/United-Airlines-Boeing-B767-300ER-c-United-Airlines.jpg","keywords":["A\u00e9roport"],"articleSection":["Grand Gen\u00e8ve","Suisse"],"inLanguage":"fr-FR"},{"@type":"WebPage","@id":"https:\/\/bale.ch\/journal\/united-airlines-fete-les-15-ans-de-sa-liaison-geneve-washigton-dc\/","url":"https:\/\/bale.ch\/journal\/united-airlines-fete-les-15-ans-de-sa-liaison-geneve-washigton-dc\/","name":"United Airlines f\u00eate les 15 ans de sa liaison Gen\u00e8ve-Washigton DC - Journal de B\u00e2le et Gen\u00e8ve","isPartOf":{"@id":"https:\/\/bale.ch\/journal\/#website"},"primaryImageOfPage":{"@id":"https:\/\/bale.ch\/journal\/united-airlines-fete-les-15-ans-de-sa-liaison-geneve-washigton-dc\/#primaryimage"},"image":{"@id":"https:\/\/bale.ch\/journal\/united-airlines-fete-les-15-ans-de-sa-liaison-geneve-washigton-dc\/#primaryimage"},"thumbnailUrl":"https:\/\/bale.ch\/journal\/wp-content\/uploads\/2024\/04\/United-Airlines-Boeing-B767-300ER-c-United-Airlines.jpg","datePublished":"2024-04-20T11:42:00+00:00","dateModified":"2024-04-20T11:42:01+00:00","breadcrumb":{"@id":"https:\/\/bale.ch\/journal\/united-airlines-fete-les-15-ans-de-sa-liaison-geneve-washigton-dc\/#breadcrumb"},"inLanguage":"fr-FR","potentialAction":[{"@type":"ReadAction","target":["https:\/\/bale.ch\/journal\/united-airlines-fete-les-15-ans-de-sa-liaison-geneve-washigton-dc\/"]}]},{"@type":"ImageObject","inLanguage":"fr-FR","@id":"https:\/\/bale.ch\/journal\/united-airlines-fete-les-15-ans-de-sa-liaison-geneve-washigton-dc\/#primaryimage","url":"https:\/\/bale.ch\/journal\/wp-content\/uploads\/2024\/04\/United-Airlines-Boeing-B767-300ER-c-United-Airlines.jpg","contentUrl":"https:\/\/bale.ch\/journal\/wp-content\/uploads\/2024\/04\/United-Airlines-Boeing-B767-300ER-c-United-Airlines.jpg","width":870,"height":580},{"@type":"BreadcrumbList","@id":"https:\/\/bale.ch\/journal\/united-airlines-fete-les-15-ans-de-sa-liaison-geneve-washigton-dc\/#breadcrumb","itemListElement":[{"@type":"ListItem","position":1,"name":"Accueil","item":"https:\/\/bale.ch\/journal\/"},{"@type":"ListItem","position":2,"name":"United Airlines f\u00eate les 15 ans de sa liaison Gen\u00e8ve-Washigton DC"}]},{"@type":"WebSite","@id":"https:\/\/bale.ch\/journal\/#website","url":"https:\/\/bale.ch\/journal\/","name":"Journal de B\u00e2le et Gen\u00e8ve","description":"M\u00e9dia transfrontalier d&#039;actualit\u00e9s - News","publisher":{"@id":"https:\/\/bale.ch\/journal\/#organization"},"potentialAction":[{"@type":"SearchAction","target":{"@type":"EntryPoint","urlTemplate":"https:\/\/bale.ch\/journal\/?s={search_term_string}"},"query-input":{"@type":"PropertyValueSpecification","valueRequired":true,"valueName":"search_term_string"}}],"inLanguage":"fr-FR"},{"@type":"Organization","@id":"https:\/\/bale.ch\/journal\/#organization","name":"Journal de B\u00e2le et Gen\u00e8ve","url":"https:\/\/bale.ch\/journal\/","logo":{"@type":"ImageObject","inLanguage":"fr-FR","@id":"https:\/\/bale.ch\/journal\/#\/schema\/logo\/image\/","url":"https:\/\/bale.ch\/journal\/wp-content\/uploads\/2023\/07\/journaldebale_logo_2023_nb.png","contentUrl":"https:\/\/bale.ch\/journal\/wp-content\/uploads\/2023\/07\/journaldebale_logo_2023_nb.png","width":371,"height":127,"caption":"Journal de B\u00e2le et Gen\u00e8ve"},"image":{"@id":"https:\/\/bale.ch\/journal\/#\/schema\/logo\/image\/"}},{"@type":"Person","@id":"https:\/\/bale.ch\/journal\/#\/schema\/person\/03ced978db3b7a5274c5cef003f352f5","name":"La R\u00e9daction","image":{"@type":"ImageObject","inLanguage":"fr-FR","@id":"https:\/\/secure.gravatar.com\/avatar\/d1327e2ce8d2b860112f968a3f34686c9bdda7a463a1502cdd1070ac9d88cf1e?s=96&d=mm&r=g","url":"https:\/\/secure.gravatar.com\/avatar\/d1327e2ce8d2b860112f968a3f34686c9bdda7a463a1502cdd1070ac9d88cf1e?s=96&d=mm&r=g","contentUrl":"https:\/\/secure.gravatar.com\/avatar\/d1327e2ce8d2b860112f968a3f34686c9bdda7a463a1502cdd1070ac9d88cf1e?s=96&d=mm&r=g","caption":"La R\u00e9daction"},"url":"https:\/\/bale.ch\/journal\/author\/laredaction\/"}]}},"_links":{"self":[{"href":"https:\/\/bale.ch\/journal\/wp-json\/wp\/v2\/posts\/3470","targetHints":{"allow":["GET"]}}],"collection":[{"href":"https:\/\/bale.ch\/journal\/wp-json\/wp\/v2\/posts"}],"about":[{"href":"https:\/\/bale.ch\/journal\/wp-json\/wp\/v2\/types\/post"}],"author":[{"embeddable":true,"href":"https:\/\/bale.ch\/journal\/wp-json\/wp\/v2\/users\/2"}],"replies":[{"embeddable":true,"href":"https:\/\/bale.ch\/journal\/wp-json\/wp\/v2\/comments?post=3470"}],"version-history":[{"count":1,"href":"https:\/\/bale.ch\/journal\/wp-json\/wp\/v2\/posts\/3470\/revisions"}],"predecessor-version":[{"id":3473,"href":"https:\/\/bale.ch\/journal\/wp-json\/wp\/v2\/posts\/3470\/revisions\/3473"}],"wp:featuredmedia":[{"embeddable":true,"href":"https:\/\/bale.ch\/journal\/wp-json\/wp\/v2\/media\/3472"}],"wp:attachment":[{"href":"https:\/\/bale.ch\/journal\/wp-json\/wp\/v2\/media?parent=3470"}],"wp:term":[{"taxonomy":"category","embeddable":true,"href":"https:\/\/bale.ch\/journal\/wp-json\/wp\/v2\/categories?post=3470"},{"taxonomy":"post_tag","embeddable":true,"href":"https:\/\/bale.ch\/journal\/wp-json\/wp\/v2\/tags?post=3470"}],"curies":[{"name":"wp","href":"https:\/\/api.w.org\/{rel}","templated":true}]}}