{"id":3496,"date":"2024-06-03T14:01:19","date_gmt":"2024-06-03T14:01:19","guid":{"rendered":"https:\/\/bale.ch\/journal\/?p=3496"},"modified":"2024-06-03T14:01:21","modified_gmt":"2024-06-03T14:01:21","slug":"le-musee-tinguely-presente-lart-de-mika-rottenberg","status":"publish","type":"post","link":"https:\/\/bale.ch\/journal\/le-musee-tinguely-presente-lart-de-mika-rottenberg\/","title":{"rendered":"Le mus\u00e9e Tinguely pr\u00e9sente l&rsquo;art de Mika Rottenberg"},"content":{"rendered":"\n<p class=\"wp-block-paragraph\">Avec l\u2019une des plus vastes expositions consacr\u00e9es jusqu\u2019ici \u00e0 Mika Rottenberg, le\u00a0Mus\u00e9e\u00a0Tinguely\u00a0pr\u00e9sente une r\u00e9trospective de son \u0153uvre prot\u00e9iforme qui a d\u00e9j\u00e0 retenu l\u2019attention internationale lors de la Biennale de Venise (2015), de Skulptur Projekte \u00e0 Munster (2017) et de la Biennale d\u2019Istanbul (2019). En provoquant la surprise et le rire, les vid\u00e9os de Mika Rottenberg refl\u00e8tent des situations absurdes de la logique de production capitaliste. \u00c0 travers d\u2019enivrantes cascades de couleurs \u00e0 la dimension picturale, ses \u0153uvres \u00e9veillent chacun de nos sens et naviguent d\u2019une r\u00e9gion du monde et d\u2019une dimension \u00e0 l\u2019autre avec une malicieuse facilit\u00e9.<\/p>\n\n\n\n<p class=\"wp-block-paragraph\">L\u2019exposition r\u00e9unit d\u2019importants travaux et installations vid\u00e9o r\u00e9alis\u00e9s entre 2003 et 2024, ainsi que son dernier long m\u00e9trage\u00a0<em>REMOTE\u00a0<\/em>(2022). Une sculpture-fontaine con\u00e7ue pour l\u2019exposition est pr\u00e9sent\u00e9e pour la premi\u00e8re fois dans le parc Solitude devant le\u00a0mus\u00e9e, tout comme de r\u00e9centes sculptures hybrides r\u00e9alis\u00e9es \u00e0 partir de mat\u00e9riaux organiques et de plastique r\u00e9g\u00e9n\u00e9r\u00e9. Des travaux cin\u00e9tiques, en partie interactifs, parach\u00e8vent de couvrir le spectre de son \u0153uvre, qui sera pr\u00e9sent\u00e9 \u00e0 B\u00e2le sous le titre\u00a0<em><a rel=\"noreferrer noopener\" href=\"https:\/\/museumtinguely.cmail20.com\/t\/r-l-tdpuyz-nttpkrddr-j\/\" target=\"_blank\">Mika Rottenberg. Antimatter Factory<\/a><\/em>, du 5 juin au 3 novembre 2024.<\/p>\n\n\n\n<p class=\"wp-block-paragraph\">Un\u00a0catalogue gratuit en ligne est publi\u00e9 \u00e0 l&rsquo;occasion de l&rsquo;exposition. Il pr\u00e9sente des th\u00e8mes essentiels de son \u0153uvre artistique dans une navigation ludique inspir\u00e9e de l&rsquo;esth\u00e9tique de Rottenberg:<br><a rel=\"noreferrer noopener\" href=\"https:\/\/museumtinguely.cmail20.com\/t\/r-l-tdpuyz-nttpkrddr-d\/\" target=\"_blank\">www.mikarottenberg-antimatterfactory.com<\/a><\/p><div id=\"crieu-893444041\" class=\"crieu-content crieu-entity-placement\"><script async src=\"\/\/pagead2.googlesyndication.com\/pagead\/js\/adsbygoogle.js?client=ca-pub-5271584769416742\" crossorigin=\"anonymous\"><\/script><ins class=\"adsbygoogle\" style=\"display:block;\" data-ad-client=\"ca-pub-5271584769416742\" \ndata-ad-slot=\"9321250718\" \ndata-ad-format=\"auto\"><\/ins>\n<script> \n(adsbygoogle = window.adsbygoogle || []).push({}); \n<\/script>\n<\/div>\n<div id=\"crieu-1382815242\" class=\"crieu-apres-le-contenu crieu-entity-placement\" style=\"margin-left: auto;margin-right: auto;text-align: center;\"><script async src=\"\/\/pagead2.googlesyndication.com\/pagead\/js\/adsbygoogle.js?client=ca-pub-5271584769416742\" crossorigin=\"anonymous\"><\/script><ins class=\"adsbygoogle\" style=\"display:block;\" data-ad-client=\"ca-pub-5271584769416742\" \ndata-ad-slot=\"9321250718\" \ndata-ad-format=\"auto\"><\/ins>\n<script> \n(adsbygoogle = window.adsbygoogle || []).push({}); \n<\/script>\n<\/div>","protected":false},"excerpt":{"rendered":"<p>Avec l\u2019une des plus vastes expositions consacr\u00e9es jusqu\u2019ici \u00e0 Mika Rottenberg, le\u00a0Mus\u00e9e\u00a0Tinguely\u00a0pr\u00e9sente une r\u00e9trospective de son \u0153uvre prot\u00e9iforme qui a d\u00e9j\u00e0 retenu l\u2019attention internationale lors de la Biennale de Venise <a href=\"https:\/\/bale.ch\/journal\/le-musee-tinguely-presente-lart-de-mika-rottenberg\/\" class=\"read-more button-fancy -red\"><span class=\"btn-arrow\"><\/span><span class=\"twp-read-more text\">Continuer la lecture<\/span><\/a><\/p>\n","protected":false},"author":2,"featured_media":3497,"comment_status":"closed","ping_status":"closed","sticky":false,"template":"","format":"standard","meta":{"footnotes":""},"categories":[103,11,7],"tags":[230,36,231],"class_list":["post-3496","post","type-post","status-publish","format-standard","has-post-thumbnail","hentry","category-actu","category-art","category-bale","tag-mika-rottenberg","tag-musee","tag-tinguely-museum"],"yoast_head":"<!-- This site is optimized with the Yoast SEO plugin v28.3 - https:\/\/yoast.com\/product\/yoast-seo-wordpress\/ -->\n<title>Le mus\u00e9e Tinguely pr\u00e9sente l&#039;art de Mika Rottenberg - Journal de B\u00e2le et Gen\u00e8ve<\/title>\n<meta name=\"robots\" content=\"index, follow, max-snippet:-1, max-image-preview:large, max-video-preview:-1\" \/>\n<link rel=\"canonical\" href=\"https:\/\/bale.ch\/journal\/le-musee-tinguely-presente-lart-de-mika-rottenberg\/\" \/>\n<meta property=\"og:locale\" content=\"fr_FR\" \/>\n<meta property=\"og:type\" content=\"article\" \/>\n<meta property=\"og:title\" content=\"Le mus\u00e9e Tinguely pr\u00e9sente l&#039;art de Mika Rottenberg - Journal de B\u00e2le et Gen\u00e8ve\" \/>\n<meta property=\"og:description\" content=\"Avec l\u2019une des plus vastes expositions consacr\u00e9es jusqu\u2019ici \u00e0 Mika Rottenberg, le\u00a0Mus\u00e9e\u00a0Tinguely\u00a0pr\u00e9sente une r\u00e9trospective de son \u0153uvre prot\u00e9iforme qui a d\u00e9j\u00e0 retenu l\u2019attention internationale lors de la Biennale de Venise Continuer la lecture\" \/>\n<meta property=\"og:url\" content=\"https:\/\/bale.ch\/journal\/le-musee-tinguely-presente-lart-de-mika-rottenberg\/\" \/>\n<meta property=\"og:site_name\" content=\"Journal de B\u00e2le et Gen\u00e8ve\" \/>\n<meta property=\"article:published_time\" content=\"2024-06-03T14:01:19+00:00\" \/>\n<meta property=\"article:modified_time\" content=\"2024-06-03T14:01:21+00:00\" \/>\n<meta property=\"og:image\" content=\"https:\/\/bale.ch\/journal\/wp-content\/uploads\/2024\/06\/mika_rottenberg_basel_bale_tinguely_museum.jpg\" \/>\n\t<meta property=\"og:image:width\" content=\"900\" \/>\n\t<meta property=\"og:image:height\" content=\"484\" \/>\n\t<meta property=\"og:image:type\" content=\"image\/jpeg\" \/>\n<meta name=\"author\" content=\"La R\u00e9daction\" \/>\n<meta name=\"twitter:card\" content=\"summary_large_image\" \/>\n<meta name=\"twitter:label1\" content=\"\u00c9crit par\" \/>\n\t<meta name=\"twitter:data1\" content=\"La R\u00e9daction\" \/>\n\t<meta name=\"twitter:label2\" content=\"Dur\u00e9e de lecture estim\u00e9e\" \/>\n\t<meta name=\"twitter:data2\" content=\"1 minute\" \/>\n<script type=\"application\/ld+json\" class=\"yoast-schema-graph\">{\"@context\":\"https:\\\/\\\/schema.org\",\"@graph\":[{\"@type\":\"Article\",\"@id\":\"https:\\\/\\\/bale.ch\\\/journal\\\/le-musee-tinguely-presente-lart-de-mika-rottenberg\\\/#article\",\"isPartOf\":{\"@id\":\"https:\\\/\\\/bale.ch\\\/journal\\\/le-musee-tinguely-presente-lart-de-mika-rottenberg\\\/\"},\"author\":{\"name\":\"La R\u00e9daction\",\"@id\":\"https:\\\/\\\/bale.ch\\\/journal\\\/#\\\/schema\\\/person\\\/03ced978db3b7a5274c5cef003f352f5\"},\"headline\":\"Le mus\u00e9e Tinguely pr\u00e9sente l&rsquo;art de Mika Rottenberg\",\"datePublished\":\"2024-06-03T14:01:19+00:00\",\"dateModified\":\"2024-06-03T14:01:21+00:00\",\"mainEntityOfPage\":{\"@id\":\"https:\\\/\\\/bale.ch\\\/journal\\\/le-musee-tinguely-presente-lart-de-mika-rottenberg\\\/\"},\"wordCount\":261,\"publisher\":{\"@id\":\"https:\\\/\\\/bale.ch\\\/journal\\\/#organization\"},\"image\":{\"@id\":\"https:\\\/\\\/bale.ch\\\/journal\\\/le-musee-tinguely-presente-lart-de-mika-rottenberg\\\/#primaryimage\"},\"thumbnailUrl\":\"https:\\\/\\\/bale.ch\\\/journal\\\/wp-content\\\/uploads\\\/2024\\\/06\\\/mika_rottenberg_basel_bale_tinguely_museum.jpg\",\"keywords\":[\"Mika Rottenberg\",\"Mus\u00e9e\",\"Tinguely Museum\"],\"articleSection\":[\"Actualit\u00e9s\",\"Art\",\"B\u00e2le Trinationale\"],\"inLanguage\":\"fr-FR\"},{\"@type\":\"WebPage\",\"@id\":\"https:\\\/\\\/bale.ch\\\/journal\\\/le-musee-tinguely-presente-lart-de-mika-rottenberg\\\/\",\"url\":\"https:\\\/\\\/bale.ch\\\/journal\\\/le-musee-tinguely-presente-lart-de-mika-rottenberg\\\/\",\"name\":\"Le mus\u00e9e Tinguely pr\u00e9sente l'art de Mika Rottenberg - Journal de B\u00e2le et Gen\u00e8ve\",\"isPartOf\":{\"@id\":\"https:\\\/\\\/bale.ch\\\/journal\\\/#website\"},\"primaryImageOfPage\":{\"@id\":\"https:\\\/\\\/bale.ch\\\/journal\\\/le-musee-tinguely-presente-lart-de-mika-rottenberg\\\/#primaryimage\"},\"image\":{\"@id\":\"https:\\\/\\\/bale.ch\\\/journal\\\/le-musee-tinguely-presente-lart-de-mika-rottenberg\\\/#primaryimage\"},\"thumbnailUrl\":\"https:\\\/\\\/bale.ch\\\/journal\\\/wp-content\\\/uploads\\\/2024\\\/06\\\/mika_rottenberg_basel_bale_tinguely_museum.jpg\",\"datePublished\":\"2024-06-03T14:01:19+00:00\",\"dateModified\":\"2024-06-03T14:01:21+00:00\",\"breadcrumb\":{\"@id\":\"https:\\\/\\\/bale.ch\\\/journal\\\/le-musee-tinguely-presente-lart-de-mika-rottenberg\\\/#breadcrumb\"},\"inLanguage\":\"fr-FR\",\"potentialAction\":[{\"@type\":\"ReadAction\",\"target\":[\"https:\\\/\\\/bale.ch\\\/journal\\\/le-musee-tinguely-presente-lart-de-mika-rottenberg\\\/\"]}]},{\"@type\":\"ImageObject\",\"inLanguage\":\"fr-FR\",\"@id\":\"https:\\\/\\\/bale.ch\\\/journal\\\/le-musee-tinguely-presente-lart-de-mika-rottenberg\\\/#primaryimage\",\"url\":\"https:\\\/\\\/bale.ch\\\/journal\\\/wp-content\\\/uploads\\\/2024\\\/06\\\/mika_rottenberg_basel_bale_tinguely_museum.jpg\",\"contentUrl\":\"https:\\\/\\\/bale.ch\\\/journal\\\/wp-content\\\/uploads\\\/2024\\\/06\\\/mika_rottenberg_basel_bale_tinguely_museum.jpg\",\"width\":900,\"height\":484},{\"@type\":\"BreadcrumbList\",\"@id\":\"https:\\\/\\\/bale.ch\\\/journal\\\/le-musee-tinguely-presente-lart-de-mika-rottenberg\\\/#breadcrumb\",\"itemListElement\":[{\"@type\":\"ListItem\",\"position\":1,\"name\":\"Accueil\",\"item\":\"https:\\\/\\\/bale.ch\\\/journal\\\/\"},{\"@type\":\"ListItem\",\"position\":2,\"name\":\"Le mus\u00e9e Tinguely pr\u00e9sente l&rsquo;art de Mika Rottenberg\"}]},{\"@type\":\"WebSite\",\"@id\":\"https:\\\/\\\/bale.ch\\\/journal\\\/#website\",\"url\":\"https:\\\/\\\/bale.ch\\\/journal\\\/\",\"name\":\"Journal de B\u00e2le et Gen\u00e8ve\",\"description\":\"M\u00e9dia transfrontalier d&#039;actualit\u00e9s - News\",\"publisher\":{\"@id\":\"https:\\\/\\\/bale.ch\\\/journal\\\/#organization\"},\"potentialAction\":[{\"@type\":\"SearchAction\",\"target\":{\"@type\":\"EntryPoint\",\"urlTemplate\":\"https:\\\/\\\/bale.ch\\\/journal\\\/?s={search_term_string}\"},\"query-input\":{\"@type\":\"PropertyValueSpecification\",\"valueRequired\":true,\"valueName\":\"search_term_string\"}}],\"inLanguage\":\"fr-FR\"},{\"@type\":\"Organization\",\"@id\":\"https:\\\/\\\/bale.ch\\\/journal\\\/#organization\",\"name\":\"Journal de B\u00e2le et Gen\u00e8ve\",\"url\":\"https:\\\/\\\/bale.ch\\\/journal\\\/\",\"logo\":{\"@type\":\"ImageObject\",\"inLanguage\":\"fr-FR\",\"@id\":\"https:\\\/\\\/bale.ch\\\/journal\\\/#\\\/schema\\\/logo\\\/image\\\/\",\"url\":\"https:\\\/\\\/bale.ch\\\/journal\\\/wp-content\\\/uploads\\\/2023\\\/07\\\/journaldebale_logo_2023_nb.png\",\"contentUrl\":\"https:\\\/\\\/bale.ch\\\/journal\\\/wp-content\\\/uploads\\\/2023\\\/07\\\/journaldebale_logo_2023_nb.png\",\"width\":371,\"height\":127,\"caption\":\"Journal de B\u00e2le et Gen\u00e8ve\"},\"image\":{\"@id\":\"https:\\\/\\\/bale.ch\\\/journal\\\/#\\\/schema\\\/logo\\\/image\\\/\"}},{\"@type\":\"Person\",\"@id\":\"https:\\\/\\\/bale.ch\\\/journal\\\/#\\\/schema\\\/person\\\/03ced978db3b7a5274c5cef003f352f5\",\"name\":\"La R\u00e9daction\",\"image\":{\"@type\":\"ImageObject\",\"inLanguage\":\"fr-FR\",\"@id\":\"https:\\\/\\\/secure.gravatar.com\\\/avatar\\\/d1327e2ce8d2b860112f968a3f34686c9bdda7a463a1502cdd1070ac9d88cf1e?s=96&d=mm&r=g\",\"url\":\"https:\\\/\\\/secure.gravatar.com\\\/avatar\\\/d1327e2ce8d2b860112f968a3f34686c9bdda7a463a1502cdd1070ac9d88cf1e?s=96&d=mm&r=g\",\"contentUrl\":\"https:\\\/\\\/secure.gravatar.com\\\/avatar\\\/d1327e2ce8d2b860112f968a3f34686c9bdda7a463a1502cdd1070ac9d88cf1e?s=96&d=mm&r=g\",\"caption\":\"La R\u00e9daction\"},\"url\":\"https:\\\/\\\/bale.ch\\\/journal\\\/author\\\/laredaction\\\/\"}]}<\/script>\n<!-- \/ Yoast SEO plugin. -->","yoast_head_json":{"title":"Le mus\u00e9e Tinguely pr\u00e9sente l'art de Mika Rottenberg - Journal de B\u00e2le et Gen\u00e8ve","robots":{"index":"index","follow":"follow","max-snippet":"max-snippet:-1","max-image-preview":"max-image-preview:large","max-video-preview":"max-video-preview:-1"},"canonical":"https:\/\/bale.ch\/journal\/le-musee-tinguely-presente-lart-de-mika-rottenberg\/","og_locale":"fr_FR","og_type":"article","og_title":"Le mus\u00e9e Tinguely pr\u00e9sente l'art de Mika Rottenberg - Journal de B\u00e2le et Gen\u00e8ve","og_description":"Avec l\u2019une des plus vastes expositions consacr\u00e9es jusqu\u2019ici \u00e0 Mika Rottenberg, le\u00a0Mus\u00e9e\u00a0Tinguely\u00a0pr\u00e9sente une r\u00e9trospective de son \u0153uvre prot\u00e9iforme qui a d\u00e9j\u00e0 retenu l\u2019attention internationale lors de la Biennale de Venise Continuer la lecture","og_url":"https:\/\/bale.ch\/journal\/le-musee-tinguely-presente-lart-de-mika-rottenberg\/","og_site_name":"Journal de B\u00e2le et Gen\u00e8ve","article_published_time":"2024-06-03T14:01:19+00:00","article_modified_time":"2024-06-03T14:01:21+00:00","og_image":[{"width":900,"height":484,"url":"https:\/\/bale.ch\/journal\/wp-content\/uploads\/2024\/06\/mika_rottenberg_basel_bale_tinguely_museum.jpg","type":"image\/jpeg"}],"author":"La R\u00e9daction","twitter_card":"summary_large_image","twitter_misc":{"\u00c9crit par":"La R\u00e9daction","Dur\u00e9e de lecture estim\u00e9e":"1 minute"},"schema":{"@context":"https:\/\/schema.org","@graph":[{"@type":"Article","@id":"https:\/\/bale.ch\/journal\/le-musee-tinguely-presente-lart-de-mika-rottenberg\/#article","isPartOf":{"@id":"https:\/\/bale.ch\/journal\/le-musee-tinguely-presente-lart-de-mika-rottenberg\/"},"author":{"name":"La R\u00e9daction","@id":"https:\/\/bale.ch\/journal\/#\/schema\/person\/03ced978db3b7a5274c5cef003f352f5"},"headline":"Le mus\u00e9e Tinguely pr\u00e9sente l&rsquo;art de Mika Rottenberg","datePublished":"2024-06-03T14:01:19+00:00","dateModified":"2024-06-03T14:01:21+00:00","mainEntityOfPage":{"@id":"https:\/\/bale.ch\/journal\/le-musee-tinguely-presente-lart-de-mika-rottenberg\/"},"wordCount":261,"publisher":{"@id":"https:\/\/bale.ch\/journal\/#organization"},"image":{"@id":"https:\/\/bale.ch\/journal\/le-musee-tinguely-presente-lart-de-mika-rottenberg\/#primaryimage"},"thumbnailUrl":"https:\/\/bale.ch\/journal\/wp-content\/uploads\/2024\/06\/mika_rottenberg_basel_bale_tinguely_museum.jpg","keywords":["Mika Rottenberg","Mus\u00e9e","Tinguely Museum"],"articleSection":["Actualit\u00e9s","Art","B\u00e2le Trinationale"],"inLanguage":"fr-FR"},{"@type":"WebPage","@id":"https:\/\/bale.ch\/journal\/le-musee-tinguely-presente-lart-de-mika-rottenberg\/","url":"https:\/\/bale.ch\/journal\/le-musee-tinguely-presente-lart-de-mika-rottenberg\/","name":"Le mus\u00e9e Tinguely pr\u00e9sente l'art de Mika Rottenberg - Journal de B\u00e2le et Gen\u00e8ve","isPartOf":{"@id":"https:\/\/bale.ch\/journal\/#website"},"primaryImageOfPage":{"@id":"https:\/\/bale.ch\/journal\/le-musee-tinguely-presente-lart-de-mika-rottenberg\/#primaryimage"},"image":{"@id":"https:\/\/bale.ch\/journal\/le-musee-tinguely-presente-lart-de-mika-rottenberg\/#primaryimage"},"thumbnailUrl":"https:\/\/bale.ch\/journal\/wp-content\/uploads\/2024\/06\/mika_rottenberg_basel_bale_tinguely_museum.jpg","datePublished":"2024-06-03T14:01:19+00:00","dateModified":"2024-06-03T14:01:21+00:00","breadcrumb":{"@id":"https:\/\/bale.ch\/journal\/le-musee-tinguely-presente-lart-de-mika-rottenberg\/#breadcrumb"},"inLanguage":"fr-FR","potentialAction":[{"@type":"ReadAction","target":["https:\/\/bale.ch\/journal\/le-musee-tinguely-presente-lart-de-mika-rottenberg\/"]}]},{"@type":"ImageObject","inLanguage":"fr-FR","@id":"https:\/\/bale.ch\/journal\/le-musee-tinguely-presente-lart-de-mika-rottenberg\/#primaryimage","url":"https:\/\/bale.ch\/journal\/wp-content\/uploads\/2024\/06\/mika_rottenberg_basel_bale_tinguely_museum.jpg","contentUrl":"https:\/\/bale.ch\/journal\/wp-content\/uploads\/2024\/06\/mika_rottenberg_basel_bale_tinguely_museum.jpg","width":900,"height":484},{"@type":"BreadcrumbList","@id":"https:\/\/bale.ch\/journal\/le-musee-tinguely-presente-lart-de-mika-rottenberg\/#breadcrumb","itemListElement":[{"@type":"ListItem","position":1,"name":"Accueil","item":"https:\/\/bale.ch\/journal\/"},{"@type":"ListItem","position":2,"name":"Le mus\u00e9e Tinguely pr\u00e9sente l&rsquo;art de Mika Rottenberg"}]},{"@type":"WebSite","@id":"https:\/\/bale.ch\/journal\/#website","url":"https:\/\/bale.ch\/journal\/","name":"Journal de B\u00e2le et Gen\u00e8ve","description":"M\u00e9dia transfrontalier d&#039;actualit\u00e9s - News","publisher":{"@id":"https:\/\/bale.ch\/journal\/#organization"},"potentialAction":[{"@type":"SearchAction","target":{"@type":"EntryPoint","urlTemplate":"https:\/\/bale.ch\/journal\/?s={search_term_string}"},"query-input":{"@type":"PropertyValueSpecification","valueRequired":true,"valueName":"search_term_string"}}],"inLanguage":"fr-FR"},{"@type":"Organization","@id":"https:\/\/bale.ch\/journal\/#organization","name":"Journal de B\u00e2le et Gen\u00e8ve","url":"https:\/\/bale.ch\/journal\/","logo":{"@type":"ImageObject","inLanguage":"fr-FR","@id":"https:\/\/bale.ch\/journal\/#\/schema\/logo\/image\/","url":"https:\/\/bale.ch\/journal\/wp-content\/uploads\/2023\/07\/journaldebale_logo_2023_nb.png","contentUrl":"https:\/\/bale.ch\/journal\/wp-content\/uploads\/2023\/07\/journaldebale_logo_2023_nb.png","width":371,"height":127,"caption":"Journal de B\u00e2le et Gen\u00e8ve"},"image":{"@id":"https:\/\/bale.ch\/journal\/#\/schema\/logo\/image\/"}},{"@type":"Person","@id":"https:\/\/bale.ch\/journal\/#\/schema\/person\/03ced978db3b7a5274c5cef003f352f5","name":"La R\u00e9daction","image":{"@type":"ImageObject","inLanguage":"fr-FR","@id":"https:\/\/secure.gravatar.com\/avatar\/d1327e2ce8d2b860112f968a3f34686c9bdda7a463a1502cdd1070ac9d88cf1e?s=96&d=mm&r=g","url":"https:\/\/secure.gravatar.com\/avatar\/d1327e2ce8d2b860112f968a3f34686c9bdda7a463a1502cdd1070ac9d88cf1e?s=96&d=mm&r=g","contentUrl":"https:\/\/secure.gravatar.com\/avatar\/d1327e2ce8d2b860112f968a3f34686c9bdda7a463a1502cdd1070ac9d88cf1e?s=96&d=mm&r=g","caption":"La R\u00e9daction"},"url":"https:\/\/bale.ch\/journal\/author\/laredaction\/"}]}},"_links":{"self":[{"href":"https:\/\/bale.ch\/journal\/wp-json\/wp\/v2\/posts\/3496","targetHints":{"allow":["GET"]}}],"collection":[{"href":"https:\/\/bale.ch\/journal\/wp-json\/wp\/v2\/posts"}],"about":[{"href":"https:\/\/bale.ch\/journal\/wp-json\/wp\/v2\/types\/post"}],"author":[{"embeddable":true,"href":"https:\/\/bale.ch\/journal\/wp-json\/wp\/v2\/users\/2"}],"replies":[{"embeddable":true,"href":"https:\/\/bale.ch\/journal\/wp-json\/wp\/v2\/comments?post=3496"}],"version-history":[{"count":1,"href":"https:\/\/bale.ch\/journal\/wp-json\/wp\/v2\/posts\/3496\/revisions"}],"predecessor-version":[{"id":3498,"href":"https:\/\/bale.ch\/journal\/wp-json\/wp\/v2\/posts\/3496\/revisions\/3498"}],"wp:featuredmedia":[{"embeddable":true,"href":"https:\/\/bale.ch\/journal\/wp-json\/wp\/v2\/media\/3497"}],"wp:attachment":[{"href":"https:\/\/bale.ch\/journal\/wp-json\/wp\/v2\/media?parent=3496"}],"wp:term":[{"taxonomy":"category","embeddable":true,"href":"https:\/\/bale.ch\/journal\/wp-json\/wp\/v2\/categories?post=3496"},{"taxonomy":"post_tag","embeddable":true,"href":"https:\/\/bale.ch\/journal\/wp-json\/wp\/v2\/tags?post=3496"}],"curies":[{"name":"wp","href":"https:\/\/api.w.org\/{rel}","templated":true}]}}