{"id":3501,"date":"2024-06-07T19:11:30","date_gmt":"2024-06-07T19:11:30","guid":{"rendered":"https:\/\/bale.ch\/journal\/?p=3501"},"modified":"2024-06-10T14:40:18","modified_gmt":"2024-06-10T14:40:18","slug":"la-cohesion-sociale-dans-la-region-frontaliere-tri-nationale-de-bale-en-question","status":"publish","type":"post","link":"https:\/\/bale.ch\/journal\/la-cohesion-sociale-dans-la-region-frontaliere-tri-nationale-de-bale-en-question\/","title":{"rendered":"La coh\u00e9sion sociale dans la r\u00e9gion frontali\u00e8re trinationale de B\u00e2le en question"},"content":{"rendered":"\n<p class=\"wp-block-paragraph\"><strong>\u00c0 l\u2019occasion de sa 61e assembl\u00e9e g\u00e9n\u00e9rale qui s\u2019est tenue le 6 juin 2024 \u00e0 Rheinfelden en Suisse, la Regio Basiliensis a mis en lumi\u00e8re la question de la coh\u00e9sion sociale dans la r\u00e9gion frontali\u00e8re trinationale du Rhin sup\u00e9rieur. Apr\u00e8s une premi\u00e8re impulsion initi\u00e9e lors de l\u2019\u00e9dition 2024 de l&rsquo;universit\u00e9 d&rsquo;\u00e9t\u00e9 de la Regio Basiliensis, une table ronde de haut niveau a pu discuter de la coh\u00e9sion trinationale.<\/strong><\/p>\n\n\n\n<p class=\"wp-block-paragraph\"><em>\u00ab\u00a0Les soci\u00e9t\u00e9s sont de plus en plus h\u00e9t\u00e9rog\u00e8nes, les modes de vie de plus en plus individualistes. Les \u00e9volutions \u00e9conomiques et d\u00e9mographiques sont diff\u00e9rentes de part et d\u2019autre de la fronti\u00e8re. Dans ce contexte, quelles sont les opportunit\u00e9s et les d\u00e9fis qui s\u2019offrent \u00e0 nous ?\u00a0\u00bb<\/em> C\u2019est par cette question que Kathrin Amacker, pr\u00e9sidente de la Regio Basiliensis, a ouvert la 61e assembl\u00e9e g\u00e9n\u00e9rale de l\u2019organisation. La ville de Rheinfelden en Suisse et sa jumelle badoise situ\u00e9e outre-Rhin illustrent parfaitement la coop\u00e9ration transfrontali\u00e8re et la coh\u00e9sion sociale au-del\u00e0 des fronti\u00e8res. Ce lieu symbolique a donc \u00e9t\u00e9 choisi pour l\u2019assembl\u00e9e g\u00e9n\u00e9rale de la Regio Basiliensis.<\/p>\n\n\n\n<h2 class=\"wp-block-heading\">Des soci\u00e9t\u00e9 qui \u00e9voluent diff\u00e9remment au-del\u00e0 des fronti\u00e8res <\/h2>\n\n\n\n<p class=\"wp-block-paragraph\">Frank Grimberg, ma\u00eetre de conf\u00e9rences \u00e0 la Fachhochschule Nordwestschweiz et Maarten Hoenen, professeur \u00e0 l\u2019Universit\u00e9 de B\u00e2le, tous deux responsables de l&rsquo;universit\u00e9 d&rsquo;\u00e9t\u00e9 de la Regio Basiliensis, avaient d\u00e9j\u00e0 abord\u00e9 ce th\u00e8me avec les \u00e9tudiants participants en 2024. Sous le titre <em>\u00ab\u00a0Ensemble, mais comment ? \u00c9conomie et responsabilit\u00e9 dans un monde sociopolitique\u00a0\u00bb<\/em>, cette session s\u2019est int\u00e9ress\u00e9e \u00e0 la situation g\u00e9opolitique actuelle, ainsi qu\u2019aux divisions engendr\u00e9es par les crises et \u00e0 leurs effets sur la cohabitation transfrontali\u00e8re dans la r\u00e9gion des Trois-Pays. Les participants \u00e0 la table ronde B\u00e9a Bieber, D\u00e9put\u00e9e du Grand Conseil du Canton d\u2019Argovie et Pr\u00e9sidente du Conseil Rh\u00e9nan, Dieter Salomon, directeur g\u00e9n\u00e9ral de la Chambre de Commerce et d\u2019Industrie du Rhin sup\u00e9rieur Sud, Ueli M\u00e4der, professeur \u00e9m\u00e9rite et sociologue, et Christian Deb\u00e8ve, conseiller r\u00e9gional de la r\u00e9gion fran\u00e7aise Grand Est, ont discut\u00e9 des opportunit\u00e9s et des d\u00e9fis qu\u2019il convient de ma\u00eetriser pour pr\u00e9server et renforcer la coh\u00e9sion sociale.<\/p><div id=\"crieu-111550769\" class=\"crieu-content crieu-entity-placement\"><script async src=\"\/\/pagead2.googlesyndication.com\/pagead\/js\/adsbygoogle.js?client=ca-pub-5271584769416742\" crossorigin=\"anonymous\"><\/script><ins class=\"adsbygoogle\" style=\"display:block;\" data-ad-client=\"ca-pub-5271584769416742\" \ndata-ad-slot=\"9321250718\" \ndata-ad-format=\"auto\"><\/ins>\n<script> \n(adsbygoogle = window.adsbygoogle || []).push({}); \n<\/script>\n<\/div>\n\n\n\n<h2 class=\"wp-block-heading\">Cohabitation europ\u00e9enne<\/h2>\n\n\n\n<p class=\"wp-block-paragraph\">Il en ressort que <em>\u00ab\u00a0l\u2019id\u00e9e de la cohabitation et du vivre-ensemble est \u00e9galement essentielle pour les relations de la Suisse avec l\u2019Union Europ\u00e9enne\u00a0\u00bb<\/em>. Du fait de sa non-appartenance \u00e0 l\u2019UE et \u00e0 l\u2019Espace \u00c9conomique Europ\u00e9en ainsi que de l\u2019\u00e9rosion continue de la voie bilat\u00e9rale, la Suisse perd petit \u00e0 petit le droit et la possibilit\u00e9 de contribuer au d\u00e9veloppement d\u2019une Europe unifi\u00e9e et de profiter des avantages d\u2019un vaste march\u00e9 int\u00e9rieur. Dans son discours, la pr\u00e9sidente a exhort\u00e9 son auditoire <em>\u00ab\u00a0\u00e0 ne pas oublier que la Suisse fait partie de l\u2019Europe elle aussi et doit apporter sa contribution \u00e0 une Europe libre, d\u00e9mocratique, sociale, s\u00fbre, durable et prosp\u00e8re.\u00a0\u00bb<\/em><\/p>\n\n\n\n<h2 class=\"wp-block-heading\">Remise de la m\u00e9daille d\u2019honneur de la Regio Basiliensis<\/h2>\n\n\n\n<p class=\"wp-block-paragraph\">Cette ann\u00e9e, la m\u00e9daille d\u2019honneur pour des m\u00e9rites exceptionnels dans la promotion de l\u2019id\u00e9e r\u00e9gionale a \u00e9t\u00e9 attribu\u00e9e \u00e0 <strong>Hansj\u00f6rg Schneider<\/strong>, auteur et journaliste. Gr\u00e2ce \u00e0 ses pi\u00e8ces de th\u00e9\u00e2tre, c\u2019est l\u2019un des dramaturges germanophones les plus jou\u00e9s. En tant que p\u00e8re du commissaire Hunkeler, Hansj\u00f6rg Schneider a \u00e9galement fait entrer l\u2019Alsace dans les foyers et dans les c\u0153urs au-del\u00e0 des fronti\u00e8res. Dans sa pr\u00e9sentation \u00e9logieuse, Felix Rudolph von Rohr a soulign\u00e9 que Hansj\u00f6rg Schneider, par son activit\u00e9 et les subtiles d\u00e9clarations d\u2019amour contenues dans bon nombre de ses \u0153uvres, est un bon ambassadeur de cette r\u00e9gion unique qui a grandement contribu\u00e9 \u00e0 entretenir le \u00ab\u00a0feu sacr\u00e9\u00a0\u00bb des p\u00e8res fondateurs de la Regio Basiliensis.<\/p>\n\n\n\n<h2 class=\"wp-block-heading\">Un repr\u00e9sentant alsacien au comit\u00e9 directeur <\/h2>\n\n\n\n<p class=\"wp-block-paragraph\">Les derni\u00e8res \u00e9lections du comit\u00e9 directeur de la Regio Basiliensis ont \u00e9t\u00e9 marqu\u00e9es par une nouveaut\u00e9 : pour la premi\u00e8re fois, la trinationalit\u00e9 de la r\u00e9gion va \u00e9galement \u00eatre repr\u00e9sent\u00e9e au sein du comit\u00e9. Une repr\u00e9sentation fran\u00e7aise est pr\u00e9vue pour 2025.<\/p>\n<div id=\"crieu-1897463823\" class=\"crieu-apres-le-contenu crieu-entity-placement\" style=\"margin-left: auto;margin-right: auto;text-align: center;\"><script async src=\"\/\/pagead2.googlesyndication.com\/pagead\/js\/adsbygoogle.js?client=ca-pub-5271584769416742\" crossorigin=\"anonymous\"><\/script><ins class=\"adsbygoogle\" style=\"display:block;\" data-ad-client=\"ca-pub-5271584769416742\" \ndata-ad-slot=\"9321250718\" \ndata-ad-format=\"auto\"><\/ins>\n<script> \n(adsbygoogle = window.adsbygoogle || []).push({}); \n<\/script>\n<\/div>","protected":false},"excerpt":{"rendered":"<p>\u00c0 l\u2019occasion de sa 61e assembl\u00e9e g\u00e9n\u00e9rale qui s\u2019est tenue le 6 juin 2024 \u00e0 Rheinfelden en Suisse, la Regio Basiliensis a mis en lumi\u00e8re la question de la coh\u00e9sion <a href=\"https:\/\/bale.ch\/journal\/la-cohesion-sociale-dans-la-region-frontaliere-tri-nationale-de-bale-en-question\/\" class=\"read-more button-fancy -red\"><span class=\"btn-arrow\"><\/span><span class=\"twp-read-more text\">Continuer la lecture<\/span><\/a><\/p>\n","protected":false},"author":2,"featured_media":3508,"comment_status":"closed","ping_status":"closed","sticky":false,"template":"","format":"standard","meta":{"footnotes":""},"categories":[103,7],"tags":[60,123],"class_list":["post-3501","post","type-post","status-publish","format-standard","has-post-thumbnail","hentry","category-actu","category-bale","tag-bale","tag-basel"],"yoast_head":"<!-- This site is optimized with the Yoast SEO plugin v28.3 - https:\/\/yoast.com\/product\/yoast-seo-wordpress\/ -->\n<title>La coh\u00e9sion sociale dans la r\u00e9gion frontali\u00e8re trinationale de B\u00e2le en question - Journal de B\u00e2le et Gen\u00e8ve<\/title>\n<meta name=\"robots\" content=\"index, follow, max-snippet:-1, max-image-preview:large, max-video-preview:-1\" \/>\n<link rel=\"canonical\" href=\"https:\/\/bale.ch\/journal\/la-cohesion-sociale-dans-la-region-frontaliere-tri-nationale-de-bale-en-question\/\" \/>\n<meta property=\"og:locale\" content=\"fr_FR\" \/>\n<meta property=\"og:type\" content=\"article\" \/>\n<meta property=\"og:title\" content=\"La coh\u00e9sion sociale dans la r\u00e9gion frontali\u00e8re trinationale de B\u00e2le en question - Journal de B\u00e2le et Gen\u00e8ve\" \/>\n<meta property=\"og:description\" content=\"\u00c0 l\u2019occasion de sa 61e assembl\u00e9e g\u00e9n\u00e9rale qui s\u2019est tenue le 6 juin 2024 \u00e0 Rheinfelden en Suisse, la Regio Basiliensis a mis en lumi\u00e8re la question de la coh\u00e9sion Continuer la lecture\" \/>\n<meta property=\"og:url\" content=\"https:\/\/bale.ch\/journal\/la-cohesion-sociale-dans-la-region-frontaliere-tri-nationale-de-bale-en-question\/\" \/>\n<meta property=\"og:site_name\" content=\"Journal de B\u00e2le et Gen\u00e8ve\" \/>\n<meta property=\"article:published_time\" content=\"2024-06-07T19:11:30+00:00\" \/>\n<meta property=\"article:modified_time\" content=\"2024-06-10T14:40:18+00:00\" \/>\n<meta property=\"og:image\" content=\"https:\/\/bale.ch\/journal\/wp-content\/uploads\/2024\/06\/regio_basiliensis.jpg\" \/>\n\t<meta property=\"og:image:width\" content=\"900\" \/>\n\t<meta property=\"og:image:height\" content=\"484\" \/>\n\t<meta property=\"og:image:type\" content=\"image\/jpeg\" \/>\n<meta name=\"author\" content=\"La R\u00e9daction\" \/>\n<meta name=\"twitter:card\" content=\"summary_large_image\" \/>\n<meta name=\"twitter:label1\" content=\"\u00c9crit par\" \/>\n\t<meta name=\"twitter:data1\" content=\"La R\u00e9daction\" \/>\n\t<meta name=\"twitter:label2\" content=\"Dur\u00e9e de lecture estim\u00e9e\" \/>\n\t<meta name=\"twitter:data2\" content=\"4 minutes\" \/>\n<script type=\"application\/ld+json\" class=\"yoast-schema-graph\">{\"@context\":\"https:\\\/\\\/schema.org\",\"@graph\":[{\"@type\":\"Article\",\"@id\":\"https:\\\/\\\/bale.ch\\\/journal\\\/la-cohesion-sociale-dans-la-region-frontaliere-tri-nationale-de-bale-en-question\\\/#article\",\"isPartOf\":{\"@id\":\"https:\\\/\\\/bale.ch\\\/journal\\\/la-cohesion-sociale-dans-la-region-frontaliere-tri-nationale-de-bale-en-question\\\/\"},\"author\":{\"name\":\"La R\u00e9daction\",\"@id\":\"https:\\\/\\\/bale.ch\\\/journal\\\/#\\\/schema\\\/person\\\/03ced978db3b7a5274c5cef003f352f5\"},\"headline\":\"La coh\u00e9sion sociale dans la r\u00e9gion frontali\u00e8re trinationale de B\u00e2le en question\",\"datePublished\":\"2024-06-07T19:11:30+00:00\",\"dateModified\":\"2024-06-10T14:40:18+00:00\",\"mainEntityOfPage\":{\"@id\":\"https:\\\/\\\/bale.ch\\\/journal\\\/la-cohesion-sociale-dans-la-region-frontaliere-tri-nationale-de-bale-en-question\\\/\"},\"wordCount\":746,\"publisher\":{\"@id\":\"https:\\\/\\\/bale.ch\\\/journal\\\/#organization\"},\"image\":{\"@id\":\"https:\\\/\\\/bale.ch\\\/journal\\\/la-cohesion-sociale-dans-la-region-frontaliere-tri-nationale-de-bale-en-question\\\/#primaryimage\"},\"thumbnailUrl\":\"https:\\\/\\\/bale.ch\\\/journal\\\/wp-content\\\/uploads\\\/2024\\\/06\\\/regio_basiliensis.jpg\",\"keywords\":[\"B\u00e2le\",\"Basel\"],\"articleSection\":[\"Actualit\u00e9s\",\"B\u00e2le Trinationale\"],\"inLanguage\":\"fr-FR\"},{\"@type\":\"WebPage\",\"@id\":\"https:\\\/\\\/bale.ch\\\/journal\\\/la-cohesion-sociale-dans-la-region-frontaliere-tri-nationale-de-bale-en-question\\\/\",\"url\":\"https:\\\/\\\/bale.ch\\\/journal\\\/la-cohesion-sociale-dans-la-region-frontaliere-tri-nationale-de-bale-en-question\\\/\",\"name\":\"La coh\u00e9sion sociale dans la r\u00e9gion frontali\u00e8re trinationale de B\u00e2le en question - Journal de B\u00e2le et Gen\u00e8ve\",\"isPartOf\":{\"@id\":\"https:\\\/\\\/bale.ch\\\/journal\\\/#website\"},\"primaryImageOfPage\":{\"@id\":\"https:\\\/\\\/bale.ch\\\/journal\\\/la-cohesion-sociale-dans-la-region-frontaliere-tri-nationale-de-bale-en-question\\\/#primaryimage\"},\"image\":{\"@id\":\"https:\\\/\\\/bale.ch\\\/journal\\\/la-cohesion-sociale-dans-la-region-frontaliere-tri-nationale-de-bale-en-question\\\/#primaryimage\"},\"thumbnailUrl\":\"https:\\\/\\\/bale.ch\\\/journal\\\/wp-content\\\/uploads\\\/2024\\\/06\\\/regio_basiliensis.jpg\",\"datePublished\":\"2024-06-07T19:11:30+00:00\",\"dateModified\":\"2024-06-10T14:40:18+00:00\",\"breadcrumb\":{\"@id\":\"https:\\\/\\\/bale.ch\\\/journal\\\/la-cohesion-sociale-dans-la-region-frontaliere-tri-nationale-de-bale-en-question\\\/#breadcrumb\"},\"inLanguage\":\"fr-FR\",\"potentialAction\":[{\"@type\":\"ReadAction\",\"target\":[\"https:\\\/\\\/bale.ch\\\/journal\\\/la-cohesion-sociale-dans-la-region-frontaliere-tri-nationale-de-bale-en-question\\\/\"]}]},{\"@type\":\"ImageObject\",\"inLanguage\":\"fr-FR\",\"@id\":\"https:\\\/\\\/bale.ch\\\/journal\\\/la-cohesion-sociale-dans-la-region-frontaliere-tri-nationale-de-bale-en-question\\\/#primaryimage\",\"url\":\"https:\\\/\\\/bale.ch\\\/journal\\\/wp-content\\\/uploads\\\/2024\\\/06\\\/regio_basiliensis.jpg\",\"contentUrl\":\"https:\\\/\\\/bale.ch\\\/journal\\\/wp-content\\\/uploads\\\/2024\\\/06\\\/regio_basiliensis.jpg\",\"width\":900,\"height\":484},{\"@type\":\"BreadcrumbList\",\"@id\":\"https:\\\/\\\/bale.ch\\\/journal\\\/la-cohesion-sociale-dans-la-region-frontaliere-tri-nationale-de-bale-en-question\\\/#breadcrumb\",\"itemListElement\":[{\"@type\":\"ListItem\",\"position\":1,\"name\":\"Accueil\",\"item\":\"https:\\\/\\\/bale.ch\\\/journal\\\/\"},{\"@type\":\"ListItem\",\"position\":2,\"name\":\"La coh\u00e9sion sociale dans la r\u00e9gion frontali\u00e8re trinationale de B\u00e2le en question\"}]},{\"@type\":\"WebSite\",\"@id\":\"https:\\\/\\\/bale.ch\\\/journal\\\/#website\",\"url\":\"https:\\\/\\\/bale.ch\\\/journal\\\/\",\"name\":\"Journal de B\u00e2le et Gen\u00e8ve\",\"description\":\"M\u00e9dia transfrontalier d&#039;actualit\u00e9s - News\",\"publisher\":{\"@id\":\"https:\\\/\\\/bale.ch\\\/journal\\\/#organization\"},\"potentialAction\":[{\"@type\":\"SearchAction\",\"target\":{\"@type\":\"EntryPoint\",\"urlTemplate\":\"https:\\\/\\\/bale.ch\\\/journal\\\/?s={search_term_string}\"},\"query-input\":{\"@type\":\"PropertyValueSpecification\",\"valueRequired\":true,\"valueName\":\"search_term_string\"}}],\"inLanguage\":\"fr-FR\"},{\"@type\":\"Organization\",\"@id\":\"https:\\\/\\\/bale.ch\\\/journal\\\/#organization\",\"name\":\"Journal de B\u00e2le et Gen\u00e8ve\",\"url\":\"https:\\\/\\\/bale.ch\\\/journal\\\/\",\"logo\":{\"@type\":\"ImageObject\",\"inLanguage\":\"fr-FR\",\"@id\":\"https:\\\/\\\/bale.ch\\\/journal\\\/#\\\/schema\\\/logo\\\/image\\\/\",\"url\":\"https:\\\/\\\/bale.ch\\\/journal\\\/wp-content\\\/uploads\\\/2023\\\/07\\\/journaldebale_logo_2023_nb.png\",\"contentUrl\":\"https:\\\/\\\/bale.ch\\\/journal\\\/wp-content\\\/uploads\\\/2023\\\/07\\\/journaldebale_logo_2023_nb.png\",\"width\":371,\"height\":127,\"caption\":\"Journal de B\u00e2le et Gen\u00e8ve\"},\"image\":{\"@id\":\"https:\\\/\\\/bale.ch\\\/journal\\\/#\\\/schema\\\/logo\\\/image\\\/\"}},{\"@type\":\"Person\",\"@id\":\"https:\\\/\\\/bale.ch\\\/journal\\\/#\\\/schema\\\/person\\\/03ced978db3b7a5274c5cef003f352f5\",\"name\":\"La R\u00e9daction\",\"image\":{\"@type\":\"ImageObject\",\"inLanguage\":\"fr-FR\",\"@id\":\"https:\\\/\\\/secure.gravatar.com\\\/avatar\\\/d1327e2ce8d2b860112f968a3f34686c9bdda7a463a1502cdd1070ac9d88cf1e?s=96&d=mm&r=g\",\"url\":\"https:\\\/\\\/secure.gravatar.com\\\/avatar\\\/d1327e2ce8d2b860112f968a3f34686c9bdda7a463a1502cdd1070ac9d88cf1e?s=96&d=mm&r=g\",\"contentUrl\":\"https:\\\/\\\/secure.gravatar.com\\\/avatar\\\/d1327e2ce8d2b860112f968a3f34686c9bdda7a463a1502cdd1070ac9d88cf1e?s=96&d=mm&r=g\",\"caption\":\"La R\u00e9daction\"},\"url\":\"https:\\\/\\\/bale.ch\\\/journal\\\/author\\\/laredaction\\\/\"}]}<\/script>\n<!-- \/ Yoast SEO plugin. -->","yoast_head_json":{"title":"La coh\u00e9sion sociale dans la r\u00e9gion frontali\u00e8re trinationale de B\u00e2le en question - Journal de B\u00e2le et Gen\u00e8ve","robots":{"index":"index","follow":"follow","max-snippet":"max-snippet:-1","max-image-preview":"max-image-preview:large","max-video-preview":"max-video-preview:-1"},"canonical":"https:\/\/bale.ch\/journal\/la-cohesion-sociale-dans-la-region-frontaliere-tri-nationale-de-bale-en-question\/","og_locale":"fr_FR","og_type":"article","og_title":"La coh\u00e9sion sociale dans la r\u00e9gion frontali\u00e8re trinationale de B\u00e2le en question - Journal de B\u00e2le et Gen\u00e8ve","og_description":"\u00c0 l\u2019occasion de sa 61e assembl\u00e9e g\u00e9n\u00e9rale qui s\u2019est tenue le 6 juin 2024 \u00e0 Rheinfelden en Suisse, la Regio Basiliensis a mis en lumi\u00e8re la question de la coh\u00e9sion Continuer la lecture","og_url":"https:\/\/bale.ch\/journal\/la-cohesion-sociale-dans-la-region-frontaliere-tri-nationale-de-bale-en-question\/","og_site_name":"Journal de B\u00e2le et Gen\u00e8ve","article_published_time":"2024-06-07T19:11:30+00:00","article_modified_time":"2024-06-10T14:40:18+00:00","og_image":[{"width":900,"height":484,"url":"https:\/\/bale.ch\/journal\/wp-content\/uploads\/2024\/06\/regio_basiliensis.jpg","type":"image\/jpeg"}],"author":"La R\u00e9daction","twitter_card":"summary_large_image","twitter_misc":{"\u00c9crit par":"La R\u00e9daction","Dur\u00e9e de lecture estim\u00e9e":"4 minutes"},"schema":{"@context":"https:\/\/schema.org","@graph":[{"@type":"Article","@id":"https:\/\/bale.ch\/journal\/la-cohesion-sociale-dans-la-region-frontaliere-tri-nationale-de-bale-en-question\/#article","isPartOf":{"@id":"https:\/\/bale.ch\/journal\/la-cohesion-sociale-dans-la-region-frontaliere-tri-nationale-de-bale-en-question\/"},"author":{"name":"La R\u00e9daction","@id":"https:\/\/bale.ch\/journal\/#\/schema\/person\/03ced978db3b7a5274c5cef003f352f5"},"headline":"La coh\u00e9sion sociale dans la r\u00e9gion frontali\u00e8re trinationale de B\u00e2le en question","datePublished":"2024-06-07T19:11:30+00:00","dateModified":"2024-06-10T14:40:18+00:00","mainEntityOfPage":{"@id":"https:\/\/bale.ch\/journal\/la-cohesion-sociale-dans-la-region-frontaliere-tri-nationale-de-bale-en-question\/"},"wordCount":746,"publisher":{"@id":"https:\/\/bale.ch\/journal\/#organization"},"image":{"@id":"https:\/\/bale.ch\/journal\/la-cohesion-sociale-dans-la-region-frontaliere-tri-nationale-de-bale-en-question\/#primaryimage"},"thumbnailUrl":"https:\/\/bale.ch\/journal\/wp-content\/uploads\/2024\/06\/regio_basiliensis.jpg","keywords":["B\u00e2le","Basel"],"articleSection":["Actualit\u00e9s","B\u00e2le Trinationale"],"inLanguage":"fr-FR"},{"@type":"WebPage","@id":"https:\/\/bale.ch\/journal\/la-cohesion-sociale-dans-la-region-frontaliere-tri-nationale-de-bale-en-question\/","url":"https:\/\/bale.ch\/journal\/la-cohesion-sociale-dans-la-region-frontaliere-tri-nationale-de-bale-en-question\/","name":"La coh\u00e9sion sociale dans la r\u00e9gion frontali\u00e8re trinationale de B\u00e2le en question - Journal de B\u00e2le et Gen\u00e8ve","isPartOf":{"@id":"https:\/\/bale.ch\/journal\/#website"},"primaryImageOfPage":{"@id":"https:\/\/bale.ch\/journal\/la-cohesion-sociale-dans-la-region-frontaliere-tri-nationale-de-bale-en-question\/#primaryimage"},"image":{"@id":"https:\/\/bale.ch\/journal\/la-cohesion-sociale-dans-la-region-frontaliere-tri-nationale-de-bale-en-question\/#primaryimage"},"thumbnailUrl":"https:\/\/bale.ch\/journal\/wp-content\/uploads\/2024\/06\/regio_basiliensis.jpg","datePublished":"2024-06-07T19:11:30+00:00","dateModified":"2024-06-10T14:40:18+00:00","breadcrumb":{"@id":"https:\/\/bale.ch\/journal\/la-cohesion-sociale-dans-la-region-frontaliere-tri-nationale-de-bale-en-question\/#breadcrumb"},"inLanguage":"fr-FR","potentialAction":[{"@type":"ReadAction","target":["https:\/\/bale.ch\/journal\/la-cohesion-sociale-dans-la-region-frontaliere-tri-nationale-de-bale-en-question\/"]}]},{"@type":"ImageObject","inLanguage":"fr-FR","@id":"https:\/\/bale.ch\/journal\/la-cohesion-sociale-dans-la-region-frontaliere-tri-nationale-de-bale-en-question\/#primaryimage","url":"https:\/\/bale.ch\/journal\/wp-content\/uploads\/2024\/06\/regio_basiliensis.jpg","contentUrl":"https:\/\/bale.ch\/journal\/wp-content\/uploads\/2024\/06\/regio_basiliensis.jpg","width":900,"height":484},{"@type":"BreadcrumbList","@id":"https:\/\/bale.ch\/journal\/la-cohesion-sociale-dans-la-region-frontaliere-tri-nationale-de-bale-en-question\/#breadcrumb","itemListElement":[{"@type":"ListItem","position":1,"name":"Accueil","item":"https:\/\/bale.ch\/journal\/"},{"@type":"ListItem","position":2,"name":"La coh\u00e9sion sociale dans la r\u00e9gion frontali\u00e8re trinationale de B\u00e2le en question"}]},{"@type":"WebSite","@id":"https:\/\/bale.ch\/journal\/#website","url":"https:\/\/bale.ch\/journal\/","name":"Journal de B\u00e2le et Gen\u00e8ve","description":"M\u00e9dia transfrontalier d&#039;actualit\u00e9s - News","publisher":{"@id":"https:\/\/bale.ch\/journal\/#organization"},"potentialAction":[{"@type":"SearchAction","target":{"@type":"EntryPoint","urlTemplate":"https:\/\/bale.ch\/journal\/?s={search_term_string}"},"query-input":{"@type":"PropertyValueSpecification","valueRequired":true,"valueName":"search_term_string"}}],"inLanguage":"fr-FR"},{"@type":"Organization","@id":"https:\/\/bale.ch\/journal\/#organization","name":"Journal de B\u00e2le et Gen\u00e8ve","url":"https:\/\/bale.ch\/journal\/","logo":{"@type":"ImageObject","inLanguage":"fr-FR","@id":"https:\/\/bale.ch\/journal\/#\/schema\/logo\/image\/","url":"https:\/\/bale.ch\/journal\/wp-content\/uploads\/2023\/07\/journaldebale_logo_2023_nb.png","contentUrl":"https:\/\/bale.ch\/journal\/wp-content\/uploads\/2023\/07\/journaldebale_logo_2023_nb.png","width":371,"height":127,"caption":"Journal de B\u00e2le et Gen\u00e8ve"},"image":{"@id":"https:\/\/bale.ch\/journal\/#\/schema\/logo\/image\/"}},{"@type":"Person","@id":"https:\/\/bale.ch\/journal\/#\/schema\/person\/03ced978db3b7a5274c5cef003f352f5","name":"La R\u00e9daction","image":{"@type":"ImageObject","inLanguage":"fr-FR","@id":"https:\/\/secure.gravatar.com\/avatar\/d1327e2ce8d2b860112f968a3f34686c9bdda7a463a1502cdd1070ac9d88cf1e?s=96&d=mm&r=g","url":"https:\/\/secure.gravatar.com\/avatar\/d1327e2ce8d2b860112f968a3f34686c9bdda7a463a1502cdd1070ac9d88cf1e?s=96&d=mm&r=g","contentUrl":"https:\/\/secure.gravatar.com\/avatar\/d1327e2ce8d2b860112f968a3f34686c9bdda7a463a1502cdd1070ac9d88cf1e?s=96&d=mm&r=g","caption":"La R\u00e9daction"},"url":"https:\/\/bale.ch\/journal\/author\/laredaction\/"}]}},"_links":{"self":[{"href":"https:\/\/bale.ch\/journal\/wp-json\/wp\/v2\/posts\/3501","targetHints":{"allow":["GET"]}}],"collection":[{"href":"https:\/\/bale.ch\/journal\/wp-json\/wp\/v2\/posts"}],"about":[{"href":"https:\/\/bale.ch\/journal\/wp-json\/wp\/v2\/types\/post"}],"author":[{"embeddable":true,"href":"https:\/\/bale.ch\/journal\/wp-json\/wp\/v2\/users\/2"}],"replies":[{"embeddable":true,"href":"https:\/\/bale.ch\/journal\/wp-json\/wp\/v2\/comments?post=3501"}],"version-history":[{"count":5,"href":"https:\/\/bale.ch\/journal\/wp-json\/wp\/v2\/posts\/3501\/revisions"}],"predecessor-version":[{"id":3507,"href":"https:\/\/bale.ch\/journal\/wp-json\/wp\/v2\/posts\/3501\/revisions\/3507"}],"wp:featuredmedia":[{"embeddable":true,"href":"https:\/\/bale.ch\/journal\/wp-json\/wp\/v2\/media\/3508"}],"wp:attachment":[{"href":"https:\/\/bale.ch\/journal\/wp-json\/wp\/v2\/media?parent=3501"}],"wp:term":[{"taxonomy":"category","embeddable":true,"href":"https:\/\/bale.ch\/journal\/wp-json\/wp\/v2\/categories?post=3501"},{"taxonomy":"post_tag","embeddable":true,"href":"https:\/\/bale.ch\/journal\/wp-json\/wp\/v2\/tags?post=3501"}],"curies":[{"name":"wp","href":"https:\/\/api.w.org\/{rel}","templated":true}]}}