{"id":3509,"date":"2024-06-10T15:16:52","date_gmt":"2024-06-10T15:16:52","guid":{"rendered":"https:\/\/bale.ch\/journal\/?p=3509"},"modified":"2024-06-10T15:18:27","modified_gmt":"2024-06-10T15:18:27","slug":"quels-changements-pour-migros-france-apres-le-rachat-de-cora-par-carrefour","status":"publish","type":"post","link":"https:\/\/bale.ch\/journal\/quels-changements-pour-migros-france-apres-le-rachat-de-cora-par-carrefour\/","title":{"rendered":"Quels changements pour Migros France apr\u00e8s le rachat de Cora par Carrefour?"},"content":{"rendered":"\n<p class=\"wp-block-paragraph\">Cela fait maintenant trente ans que la Soci\u00e9t\u00e9 Coop\u00e9rative Migros Gen\u00e8ve a lanc\u00e9 Migros France. En effet, en ouvrant deux hypermarch\u00e9 \u00e0 partir de 1993, \u00e0 Thoiry et \u00e0 Etrembi\u00e8res, le g\u00e9ant orange souhaitait r\u00e9cup\u00e9rer les clients genevois se rendant toujours plus volontiers en p\u00e9riph\u00e9rie savoyarde et gessienne pour y faire ses emplettes. Il s&rsquo;agissait de sa premi\u00e8re implantation directe hors de Suisse, avant d&rsquo;\u00eatre imit\u00e9 par la Soci\u00e9t\u00e9 Coop\u00e9rative Migros B\u00e2le en Allemagne en 2001 et qui finira par y renoncer et \u00e0 n&rsquo;y maintenir qu&rsquo;un site de vente en ligne: migros-shop.de.<\/p>\n\n\n\n<p class=\"wp-block-paragraph\">Depuis, Migros France s&rsquo;est d\u00e9velopp\u00e9 \u00e0 Neydens (pays de Savoie) avec un centre de commerce et de loisirs avec un supermarch\u00e9 le le parc Vitam et y a rachet\u00e9 la c\u00e9l\u00e8bre discoth\u00e8que \u00ab\u00a0Macumba\u00a0\u00bb pour s&rsquo;agrandir, avec des restaurants, un p\u00f4le sant\u00e9, une station-service et de logements pour son personnel.<\/p>\n\n\n\n<p class=\"wp-block-paragraph\">Si vingt pour cent des produits propos\u00e9s sont des articles suisses labellis\u00e9s \u00ab\u00a0Migros\u00a0\u00bb, le reste de son approvisionnement vient de centrales de distribution de l&rsquo;enseigne Cora. Le groupe Carrefour \u00e9tant en attente de l&rsquo;avis de l&rsquo;Autorit\u00e9 fran\u00e7aise de la Concurrence pour pouvoir avaler Cora (jusque l\u00e0 propri\u00e9t\u00e9 du groupe belge Louis Delhaize), Migros Gen\u00e8ve indique que <em>\u00ab\u00a0tous les contrats d&rsquo;exploitation seront repris\u00a0\u00bb<\/em> apr\u00e8s le rachat. Ce sont donc huitante pour cent de produits issus des centrales d&rsquo;achat de Carrefour qui compl\u00e8teront l&rsquo;offre. <\/p><div id=\"crieu-3522053367\" class=\"crieu-content crieu-entity-placement\"><script async src=\"\/\/pagead2.googlesyndication.com\/pagead\/js\/adsbygoogle.js?client=ca-pub-5271584769416742\" crossorigin=\"anonymous\"><\/script><ins class=\"adsbygoogle\" style=\"display:block;\" data-ad-client=\"ca-pub-5271584769416742\" \ndata-ad-slot=\"9321250718\" \ndata-ad-format=\"auto\"><\/ins>\n<script> \n(adsbygoogle = window.adsbygoogle || []).push({}); \n<\/script>\n<\/div>\n\n\n\n<p class=\"wp-block-paragraph\">On se souvient que Migros \u00e9tait pressenti pour ouvrir un supermarch\u00e9 \u00e0 Sciez-sur-L\u00e9man au d\u00e9but des ann\u00e9es 2000, puis \u00e0 Douvaine avec la reprise de l&rsquo;Intermarch\u00e9 local en 2017, mais ces projets ne se sont jamais concr\u00e9tis\u00e9s. Cependant un projet d&rsquo;ouverture de supermarch\u00e9 de proximit\u00e9 existe \u00e0 Divonne-les-Bains, <em>\u00ab\u00a0mais qui reste \u00e0 confirmer\u00a0\u00bb<\/em>, selon Migros.<\/p>\n<div id=\"crieu-1732845353\" class=\"crieu-apres-le-contenu crieu-entity-placement\" style=\"margin-left: auto;margin-right: auto;text-align: center;\"><script async src=\"\/\/pagead2.googlesyndication.com\/pagead\/js\/adsbygoogle.js?client=ca-pub-5271584769416742\" crossorigin=\"anonymous\"><\/script><ins class=\"adsbygoogle\" style=\"display:block;\" data-ad-client=\"ca-pub-5271584769416742\" \ndata-ad-slot=\"9321250718\" \ndata-ad-format=\"auto\"><\/ins>\n<script> \n(adsbygoogle = window.adsbygoogle || []).push({}); \n<\/script>\n<\/div>","protected":false},"excerpt":{"rendered":"<p>Cela fait maintenant trente ans que la Soci\u00e9t\u00e9 Coop\u00e9rative Migros Gen\u00e8ve a lanc\u00e9 Migros France. En effet, en ouvrant deux hypermarch\u00e9 \u00e0 partir de 1993, \u00e0 Thoiry et \u00e0 Etrembi\u00e8res, <a href=\"https:\/\/bale.ch\/journal\/quels-changements-pour-migros-france-apres-le-rachat-de-cora-par-carrefour\/\" class=\"read-more button-fancy -red\"><span class=\"btn-arrow\"><\/span><span class=\"twp-read-more text\">Continuer la lecture<\/span><\/a><\/p>\n","protected":false},"author":43,"featured_media":3510,"comment_status":"closed","ping_status":"closed","sticky":false,"template":"","format":"standard","meta":{"footnotes":""},"categories":[103,4],"tags":[59,232],"class_list":["post-3509","post","type-post","status-publish","format-standard","has-post-thumbnail","hentry","category-actu","category-grand-geneve","tag-grand-geneve","tag-pays-de-savoie"],"yoast_head":"<!-- This site is optimized with the Yoast SEO plugin v28.3 - https:\/\/yoast.com\/product\/yoast-seo-wordpress\/ -->\n<title>Quels changements pour Migros France apr\u00e8s le rachat de Cora par Carrefour? - Journal de B\u00e2le et Gen\u00e8ve<\/title>\n<meta name=\"robots\" content=\"index, follow, max-snippet:-1, max-image-preview:large, max-video-preview:-1\" \/>\n<link rel=\"canonical\" href=\"https:\/\/bale.ch\/journal\/quels-changements-pour-migros-france-apres-le-rachat-de-cora-par-carrefour\/\" \/>\n<meta property=\"og:locale\" content=\"fr_FR\" \/>\n<meta property=\"og:type\" content=\"article\" \/>\n<meta property=\"og:title\" content=\"Quels changements pour Migros France apr\u00e8s le rachat de Cora par Carrefour? - Journal de B\u00e2le et Gen\u00e8ve\" \/>\n<meta property=\"og:description\" content=\"Cela fait maintenant trente ans que la Soci\u00e9t\u00e9 Coop\u00e9rative Migros Gen\u00e8ve a lanc\u00e9 Migros France. En effet, en ouvrant deux hypermarch\u00e9 \u00e0 partir de 1993, \u00e0 Thoiry et \u00e0 Etrembi\u00e8res, Continuer la lecture\" \/>\n<meta property=\"og:url\" content=\"https:\/\/bale.ch\/journal\/quels-changements-pour-migros-france-apres-le-rachat-de-cora-par-carrefour\/\" \/>\n<meta property=\"og:site_name\" content=\"Journal de B\u00e2le et Gen\u00e8ve\" \/>\n<meta property=\"article:published_time\" content=\"2024-06-10T15:16:52+00:00\" \/>\n<meta property=\"article:modified_time\" content=\"2024-06-10T15:18:27+00:00\" \/>\n<meta property=\"og:image\" content=\"https:\/\/bale.ch\/journal\/wp-content\/uploads\/2024\/06\/migros.jpg\" \/>\n\t<meta property=\"og:image:width\" content=\"900\" \/>\n\t<meta property=\"og:image:height\" content=\"484\" \/>\n\t<meta property=\"og:image:type\" content=\"image\/jpeg\" \/>\n<meta name=\"author\" content=\"Elodie Silva\" \/>\n<meta name=\"twitter:card\" content=\"summary_large_image\" \/>\n<meta name=\"twitter:label1\" content=\"\u00c9crit par\" \/>\n\t<meta name=\"twitter:data1\" content=\"Elodie Silva\" \/>\n\t<meta name=\"twitter:label2\" content=\"Dur\u00e9e de lecture estim\u00e9e\" \/>\n\t<meta name=\"twitter:data2\" content=\"1 minute\" \/>\n<script type=\"application\/ld+json\" class=\"yoast-schema-graph\">{\"@context\":\"https:\\\/\\\/schema.org\",\"@graph\":[{\"@type\":\"Article\",\"@id\":\"https:\\\/\\\/bale.ch\\\/journal\\\/quels-changements-pour-migros-france-apres-le-rachat-de-cora-par-carrefour\\\/#article\",\"isPartOf\":{\"@id\":\"https:\\\/\\\/bale.ch\\\/journal\\\/quels-changements-pour-migros-france-apres-le-rachat-de-cora-par-carrefour\\\/\"},\"author\":{\"name\":\"Elodie Silva\",\"@id\":\"https:\\\/\\\/bale.ch\\\/journal\\\/#\\\/schema\\\/person\\\/e3e5eeffae523f19b12d7057ced45a2b\"},\"headline\":\"Quels changements pour Migros France apr\u00e8s le rachat de Cora par Carrefour?\",\"datePublished\":\"2024-06-10T15:16:52+00:00\",\"dateModified\":\"2024-06-10T15:18:27+00:00\",\"mainEntityOfPage\":{\"@id\":\"https:\\\/\\\/bale.ch\\\/journal\\\/quels-changements-pour-migros-france-apres-le-rachat-de-cora-par-carrefour\\\/\"},\"wordCount\":324,\"publisher\":{\"@id\":\"https:\\\/\\\/bale.ch\\\/journal\\\/#organization\"},\"image\":{\"@id\":\"https:\\\/\\\/bale.ch\\\/journal\\\/quels-changements-pour-migros-france-apres-le-rachat-de-cora-par-carrefour\\\/#primaryimage\"},\"thumbnailUrl\":\"https:\\\/\\\/bale.ch\\\/journal\\\/wp-content\\\/uploads\\\/2024\\\/06\\\/migros.jpg\",\"keywords\":[\"Grand Gen\u00e8ve\",\"Pays de Savoie\"],\"articleSection\":[\"Actualit\u00e9s\",\"Grand Gen\u00e8ve\"],\"inLanguage\":\"fr-FR\"},{\"@type\":\"WebPage\",\"@id\":\"https:\\\/\\\/bale.ch\\\/journal\\\/quels-changements-pour-migros-france-apres-le-rachat-de-cora-par-carrefour\\\/\",\"url\":\"https:\\\/\\\/bale.ch\\\/journal\\\/quels-changements-pour-migros-france-apres-le-rachat-de-cora-par-carrefour\\\/\",\"name\":\"Quels changements pour Migros France apr\u00e8s le rachat de Cora par Carrefour? - Journal de B\u00e2le et Gen\u00e8ve\",\"isPartOf\":{\"@id\":\"https:\\\/\\\/bale.ch\\\/journal\\\/#website\"},\"primaryImageOfPage\":{\"@id\":\"https:\\\/\\\/bale.ch\\\/journal\\\/quels-changements-pour-migros-france-apres-le-rachat-de-cora-par-carrefour\\\/#primaryimage\"},\"image\":{\"@id\":\"https:\\\/\\\/bale.ch\\\/journal\\\/quels-changements-pour-migros-france-apres-le-rachat-de-cora-par-carrefour\\\/#primaryimage\"},\"thumbnailUrl\":\"https:\\\/\\\/bale.ch\\\/journal\\\/wp-content\\\/uploads\\\/2024\\\/06\\\/migros.jpg\",\"datePublished\":\"2024-06-10T15:16:52+00:00\",\"dateModified\":\"2024-06-10T15:18:27+00:00\",\"breadcrumb\":{\"@id\":\"https:\\\/\\\/bale.ch\\\/journal\\\/quels-changements-pour-migros-france-apres-le-rachat-de-cora-par-carrefour\\\/#breadcrumb\"},\"inLanguage\":\"fr-FR\",\"potentialAction\":[{\"@type\":\"ReadAction\",\"target\":[\"https:\\\/\\\/bale.ch\\\/journal\\\/quels-changements-pour-migros-france-apres-le-rachat-de-cora-par-carrefour\\\/\"]}]},{\"@type\":\"ImageObject\",\"inLanguage\":\"fr-FR\",\"@id\":\"https:\\\/\\\/bale.ch\\\/journal\\\/quels-changements-pour-migros-france-apres-le-rachat-de-cora-par-carrefour\\\/#primaryimage\",\"url\":\"https:\\\/\\\/bale.ch\\\/journal\\\/wp-content\\\/uploads\\\/2024\\\/06\\\/migros.jpg\",\"contentUrl\":\"https:\\\/\\\/bale.ch\\\/journal\\\/wp-content\\\/uploads\\\/2024\\\/06\\\/migros.jpg\",\"width\":900,\"height\":484},{\"@type\":\"BreadcrumbList\",\"@id\":\"https:\\\/\\\/bale.ch\\\/journal\\\/quels-changements-pour-migros-france-apres-le-rachat-de-cora-par-carrefour\\\/#breadcrumb\",\"itemListElement\":[{\"@type\":\"ListItem\",\"position\":1,\"name\":\"Accueil\",\"item\":\"https:\\\/\\\/bale.ch\\\/journal\\\/\"},{\"@type\":\"ListItem\",\"position\":2,\"name\":\"Quels changements pour Migros France apr\u00e8s le rachat de Cora par Carrefour?\"}]},{\"@type\":\"WebSite\",\"@id\":\"https:\\\/\\\/bale.ch\\\/journal\\\/#website\",\"url\":\"https:\\\/\\\/bale.ch\\\/journal\\\/\",\"name\":\"Journal de B\u00e2le et Gen\u00e8ve\",\"description\":\"M\u00e9dia transfrontalier d&#039;actualit\u00e9s - News\",\"publisher\":{\"@id\":\"https:\\\/\\\/bale.ch\\\/journal\\\/#organization\"},\"potentialAction\":[{\"@type\":\"SearchAction\",\"target\":{\"@type\":\"EntryPoint\",\"urlTemplate\":\"https:\\\/\\\/bale.ch\\\/journal\\\/?s={search_term_string}\"},\"query-input\":{\"@type\":\"PropertyValueSpecification\",\"valueRequired\":true,\"valueName\":\"search_term_string\"}}],\"inLanguage\":\"fr-FR\"},{\"@type\":\"Organization\",\"@id\":\"https:\\\/\\\/bale.ch\\\/journal\\\/#organization\",\"name\":\"Journal de B\u00e2le et Gen\u00e8ve\",\"url\":\"https:\\\/\\\/bale.ch\\\/journal\\\/\",\"logo\":{\"@type\":\"ImageObject\",\"inLanguage\":\"fr-FR\",\"@id\":\"https:\\\/\\\/bale.ch\\\/journal\\\/#\\\/schema\\\/logo\\\/image\\\/\",\"url\":\"https:\\\/\\\/bale.ch\\\/journal\\\/wp-content\\\/uploads\\\/2023\\\/07\\\/journaldebale_logo_2023_nb.png\",\"contentUrl\":\"https:\\\/\\\/bale.ch\\\/journal\\\/wp-content\\\/uploads\\\/2023\\\/07\\\/journaldebale_logo_2023_nb.png\",\"width\":371,\"height\":127,\"caption\":\"Journal de B\u00e2le et Gen\u00e8ve\"},\"image\":{\"@id\":\"https:\\\/\\\/bale.ch\\\/journal\\\/#\\\/schema\\\/logo\\\/image\\\/\"}},{\"@type\":\"Person\",\"@id\":\"https:\\\/\\\/bale.ch\\\/journal\\\/#\\\/schema\\\/person\\\/e3e5eeffae523f19b12d7057ced45a2b\",\"name\":\"Elodie Silva\",\"image\":{\"@type\":\"ImageObject\",\"inLanguage\":\"fr-FR\",\"@id\":\"https:\\\/\\\/secure.gravatar.com\\\/avatar\\\/f76593021159ecd3226293e7c461386bfd009157e6c549bc9b418d0a2db47041?s=96&d=mm&r=g\",\"url\":\"https:\\\/\\\/secure.gravatar.com\\\/avatar\\\/f76593021159ecd3226293e7c461386bfd009157e6c549bc9b418d0a2db47041?s=96&d=mm&r=g\",\"contentUrl\":\"https:\\\/\\\/secure.gravatar.com\\\/avatar\\\/f76593021159ecd3226293e7c461386bfd009157e6c549bc9b418d0a2db47041?s=96&d=mm&r=g\",\"caption\":\"Elodie Silva\"},\"url\":\"https:\\\/\\\/bale.ch\\\/journal\\\/author\\\/elodiesilva\\\/\"}]}<\/script>\n<!-- \/ Yoast SEO plugin. -->","yoast_head_json":{"title":"Quels changements pour Migros France apr\u00e8s le rachat de Cora par Carrefour? - Journal de B\u00e2le et Gen\u00e8ve","robots":{"index":"index","follow":"follow","max-snippet":"max-snippet:-1","max-image-preview":"max-image-preview:large","max-video-preview":"max-video-preview:-1"},"canonical":"https:\/\/bale.ch\/journal\/quels-changements-pour-migros-france-apres-le-rachat-de-cora-par-carrefour\/","og_locale":"fr_FR","og_type":"article","og_title":"Quels changements pour Migros France apr\u00e8s le rachat de Cora par Carrefour? - Journal de B\u00e2le et Gen\u00e8ve","og_description":"Cela fait maintenant trente ans que la Soci\u00e9t\u00e9 Coop\u00e9rative Migros Gen\u00e8ve a lanc\u00e9 Migros France. En effet, en ouvrant deux hypermarch\u00e9 \u00e0 partir de 1993, \u00e0 Thoiry et \u00e0 Etrembi\u00e8res, Continuer la lecture","og_url":"https:\/\/bale.ch\/journal\/quels-changements-pour-migros-france-apres-le-rachat-de-cora-par-carrefour\/","og_site_name":"Journal de B\u00e2le et Gen\u00e8ve","article_published_time":"2024-06-10T15:16:52+00:00","article_modified_time":"2024-06-10T15:18:27+00:00","og_image":[{"width":900,"height":484,"url":"https:\/\/bale.ch\/journal\/wp-content\/uploads\/2024\/06\/migros.jpg","type":"image\/jpeg"}],"author":"Elodie Silva","twitter_card":"summary_large_image","twitter_misc":{"\u00c9crit par":"Elodie Silva","Dur\u00e9e de lecture estim\u00e9e":"1 minute"},"schema":{"@context":"https:\/\/schema.org","@graph":[{"@type":"Article","@id":"https:\/\/bale.ch\/journal\/quels-changements-pour-migros-france-apres-le-rachat-de-cora-par-carrefour\/#article","isPartOf":{"@id":"https:\/\/bale.ch\/journal\/quels-changements-pour-migros-france-apres-le-rachat-de-cora-par-carrefour\/"},"author":{"name":"Elodie Silva","@id":"https:\/\/bale.ch\/journal\/#\/schema\/person\/e3e5eeffae523f19b12d7057ced45a2b"},"headline":"Quels changements pour Migros France apr\u00e8s le rachat de Cora par Carrefour?","datePublished":"2024-06-10T15:16:52+00:00","dateModified":"2024-06-10T15:18:27+00:00","mainEntityOfPage":{"@id":"https:\/\/bale.ch\/journal\/quels-changements-pour-migros-france-apres-le-rachat-de-cora-par-carrefour\/"},"wordCount":324,"publisher":{"@id":"https:\/\/bale.ch\/journal\/#organization"},"image":{"@id":"https:\/\/bale.ch\/journal\/quels-changements-pour-migros-france-apres-le-rachat-de-cora-par-carrefour\/#primaryimage"},"thumbnailUrl":"https:\/\/bale.ch\/journal\/wp-content\/uploads\/2024\/06\/migros.jpg","keywords":["Grand Gen\u00e8ve","Pays de Savoie"],"articleSection":["Actualit\u00e9s","Grand Gen\u00e8ve"],"inLanguage":"fr-FR"},{"@type":"WebPage","@id":"https:\/\/bale.ch\/journal\/quels-changements-pour-migros-france-apres-le-rachat-de-cora-par-carrefour\/","url":"https:\/\/bale.ch\/journal\/quels-changements-pour-migros-france-apres-le-rachat-de-cora-par-carrefour\/","name":"Quels changements pour Migros France apr\u00e8s le rachat de Cora par Carrefour? - Journal de B\u00e2le et Gen\u00e8ve","isPartOf":{"@id":"https:\/\/bale.ch\/journal\/#website"},"primaryImageOfPage":{"@id":"https:\/\/bale.ch\/journal\/quels-changements-pour-migros-france-apres-le-rachat-de-cora-par-carrefour\/#primaryimage"},"image":{"@id":"https:\/\/bale.ch\/journal\/quels-changements-pour-migros-france-apres-le-rachat-de-cora-par-carrefour\/#primaryimage"},"thumbnailUrl":"https:\/\/bale.ch\/journal\/wp-content\/uploads\/2024\/06\/migros.jpg","datePublished":"2024-06-10T15:16:52+00:00","dateModified":"2024-06-10T15:18:27+00:00","breadcrumb":{"@id":"https:\/\/bale.ch\/journal\/quels-changements-pour-migros-france-apres-le-rachat-de-cora-par-carrefour\/#breadcrumb"},"inLanguage":"fr-FR","potentialAction":[{"@type":"ReadAction","target":["https:\/\/bale.ch\/journal\/quels-changements-pour-migros-france-apres-le-rachat-de-cora-par-carrefour\/"]}]},{"@type":"ImageObject","inLanguage":"fr-FR","@id":"https:\/\/bale.ch\/journal\/quels-changements-pour-migros-france-apres-le-rachat-de-cora-par-carrefour\/#primaryimage","url":"https:\/\/bale.ch\/journal\/wp-content\/uploads\/2024\/06\/migros.jpg","contentUrl":"https:\/\/bale.ch\/journal\/wp-content\/uploads\/2024\/06\/migros.jpg","width":900,"height":484},{"@type":"BreadcrumbList","@id":"https:\/\/bale.ch\/journal\/quels-changements-pour-migros-france-apres-le-rachat-de-cora-par-carrefour\/#breadcrumb","itemListElement":[{"@type":"ListItem","position":1,"name":"Accueil","item":"https:\/\/bale.ch\/journal\/"},{"@type":"ListItem","position":2,"name":"Quels changements pour Migros France apr\u00e8s le rachat de Cora par Carrefour?"}]},{"@type":"WebSite","@id":"https:\/\/bale.ch\/journal\/#website","url":"https:\/\/bale.ch\/journal\/","name":"Journal de B\u00e2le et Gen\u00e8ve","description":"M\u00e9dia transfrontalier d&#039;actualit\u00e9s - News","publisher":{"@id":"https:\/\/bale.ch\/journal\/#organization"},"potentialAction":[{"@type":"SearchAction","target":{"@type":"EntryPoint","urlTemplate":"https:\/\/bale.ch\/journal\/?s={search_term_string}"},"query-input":{"@type":"PropertyValueSpecification","valueRequired":true,"valueName":"search_term_string"}}],"inLanguage":"fr-FR"},{"@type":"Organization","@id":"https:\/\/bale.ch\/journal\/#organization","name":"Journal de B\u00e2le et Gen\u00e8ve","url":"https:\/\/bale.ch\/journal\/","logo":{"@type":"ImageObject","inLanguage":"fr-FR","@id":"https:\/\/bale.ch\/journal\/#\/schema\/logo\/image\/","url":"https:\/\/bale.ch\/journal\/wp-content\/uploads\/2023\/07\/journaldebale_logo_2023_nb.png","contentUrl":"https:\/\/bale.ch\/journal\/wp-content\/uploads\/2023\/07\/journaldebale_logo_2023_nb.png","width":371,"height":127,"caption":"Journal de B\u00e2le et Gen\u00e8ve"},"image":{"@id":"https:\/\/bale.ch\/journal\/#\/schema\/logo\/image\/"}},{"@type":"Person","@id":"https:\/\/bale.ch\/journal\/#\/schema\/person\/e3e5eeffae523f19b12d7057ced45a2b","name":"Elodie Silva","image":{"@type":"ImageObject","inLanguage":"fr-FR","@id":"https:\/\/secure.gravatar.com\/avatar\/f76593021159ecd3226293e7c461386bfd009157e6c549bc9b418d0a2db47041?s=96&d=mm&r=g","url":"https:\/\/secure.gravatar.com\/avatar\/f76593021159ecd3226293e7c461386bfd009157e6c549bc9b418d0a2db47041?s=96&d=mm&r=g","contentUrl":"https:\/\/secure.gravatar.com\/avatar\/f76593021159ecd3226293e7c461386bfd009157e6c549bc9b418d0a2db47041?s=96&d=mm&r=g","caption":"Elodie Silva"},"url":"https:\/\/bale.ch\/journal\/author\/elodiesilva\/"}]}},"_links":{"self":[{"href":"https:\/\/bale.ch\/journal\/wp-json\/wp\/v2\/posts\/3509","targetHints":{"allow":["GET"]}}],"collection":[{"href":"https:\/\/bale.ch\/journal\/wp-json\/wp\/v2\/posts"}],"about":[{"href":"https:\/\/bale.ch\/journal\/wp-json\/wp\/v2\/types\/post"}],"author":[{"embeddable":true,"href":"https:\/\/bale.ch\/journal\/wp-json\/wp\/v2\/users\/43"}],"replies":[{"embeddable":true,"href":"https:\/\/bale.ch\/journal\/wp-json\/wp\/v2\/comments?post=3509"}],"version-history":[{"count":3,"href":"https:\/\/bale.ch\/journal\/wp-json\/wp\/v2\/posts\/3509\/revisions"}],"predecessor-version":[{"id":3513,"href":"https:\/\/bale.ch\/journal\/wp-json\/wp\/v2\/posts\/3509\/revisions\/3513"}],"wp:featuredmedia":[{"embeddable":true,"href":"https:\/\/bale.ch\/journal\/wp-json\/wp\/v2\/media\/3510"}],"wp:attachment":[{"href":"https:\/\/bale.ch\/journal\/wp-json\/wp\/v2\/media?parent=3509"}],"wp:term":[{"taxonomy":"category","embeddable":true,"href":"https:\/\/bale.ch\/journal\/wp-json\/wp\/v2\/categories?post=3509"},{"taxonomy":"post_tag","embeddable":true,"href":"https:\/\/bale.ch\/journal\/wp-json\/wp\/v2\/tags?post=3509"}],"curies":[{"name":"wp","href":"https:\/\/api.w.org\/{rel}","templated":true}]}}