{"id":3515,"date":"2024-06-22T13:42:56","date_gmt":"2024-06-22T13:42:56","guid":{"rendered":"https:\/\/bale.ch\/journal\/?p=3515"},"modified":"2024-06-28T12:16:41","modified_gmt":"2024-06-28T12:16:41","slug":"la-contestation-contre-lautoroute-a412-de-thonon-prend-de-lampleur","status":"publish","type":"post","link":"https:\/\/bale.ch\/journal\/la-contestation-contre-lautoroute-a412-de-thonon-prend-de-lampleur\/","title":{"rendered":"La contestation contre l&rsquo;autoroute A412 de Thonon prend de l&rsquo;ampleur"},"content":{"rendered":"\n<p class=\"wp-block-paragraph\">L&rsquo;autoroute transchablaisienne, de son petit nom officiel \u00ab\u00a0A412\u00a0\u00bb, est un vieux projet qui date des ann\u00e9es septante, abandonn\u00e9 puis relanc\u00e9 et toujours contest\u00e9. <\/p>\n\n\n\n<p class=\"wp-block-paragraph\">Depuis quelques ann\u00e9es, les villes de Gen\u00e8ve et Carouge, mais aussi diverses associations comme France Nature Environnement, Les Amis de la Terre, La D\u00e9route des Routes, Attac, la F\u00e9d\u00e9ration nationale des associations d&rsquo;usagers des transports ou encore la Conf\u00e9d\u00e9ration paysanne font front commun contre la liaison Thonon-les-Bains-Machilly (-Annemasse), consid\u00e9r\u00e9e comme <em>\u00ab\u00a0anachronique\u00a0\u00bb<\/em> et <em>\u00ab\u00a0\u00e9cocidaire\u00a0\u00bb<\/em>.<\/p>\n\n\n\n<figure class=\"wp-block-gallery has-nested-images columns-default is-cropped wp-block-gallery-1 is-layout-flex wp-block-gallery-is-layout-flex\">\n<figure class=\"wp-block-image size-full\"><a href=\"https:\/\/bale.ch\/journal\/wp-content\/uploads\/2024\/06\/a412_thonon_autoroute_reblochon-1.jpg\"><img loading=\"lazy\" decoding=\"async\" width=\"555\" height=\"850\" data-id=\"3519\" src=\"https:\/\/bale.ch\/journal\/wp-content\/uploads\/2024\/06\/a412_thonon_autoroute_reblochon-1.jpg\" alt=\"\" class=\"wp-image-3519\" srcset=\"https:\/\/bale.ch\/journal\/wp-content\/uploads\/2024\/06\/a412_thonon_autoroute_reblochon-1.jpg 555w, https:\/\/bale.ch\/journal\/wp-content\/uploads\/2024\/06\/a412_thonon_autoroute_reblochon-1-196x300.jpg 196w\" sizes=\"auto, (max-width: 555px) 100vw, 555px\" \/><\/a><\/figure>\n\n\n\n<figure class=\"wp-block-image size-large\"><a href=\"https:\/\/bale.ch\/journal\/wp-content\/uploads\/2024\/06\/a412_thonon_autoroute_agriculteurs.jpg\"><img loading=\"lazy\" decoding=\"async\" width=\"640\" height=\"850\" data-id=\"3517\" src=\"https:\/\/bale.ch\/journal\/wp-content\/uploads\/2024\/06\/a412_thonon_autoroute_agriculteurs.jpg\" alt=\"\" class=\"wp-image-3517\" srcset=\"https:\/\/bale.ch\/journal\/wp-content\/uploads\/2024\/06\/a412_thonon_autoroute_agriculteurs.jpg 640w, https:\/\/bale.ch\/journal\/wp-content\/uploads\/2024\/06\/a412_thonon_autoroute_agriculteurs-226x300.jpg 226w\" sizes=\"auto, (max-width: 640px) 100vw, 640px\" \/><\/a><\/figure>\n<\/figure>\n\n\n\n<p class=\"wp-block-paragraph\"><\/p>\n\n\n\n<p class=\"wp-block-paragraph\">Des mobilisation sous la banni\u00e8re \u00ab\u00a0L&rsquo;apr\u00e8s-route\u00a0\u00bb se sont d\u00e9roul\u00e9es dans tout le territoire fran\u00e7ais. Concernant le projet chablaisien, c&rsquo;est sur la commune de Perrignier que le convoi de nombreux tracteurs et de centaines d&rsquo;opposants s&rsquo;est dirig\u00e9, pour partager un morceau de pain et de reblochon sur les terres menac\u00e9es de la ferme Roch.<\/p><div id=\"crieu-3717243235\" class=\"crieu-content crieu-entity-placement\"><script async src=\"\/\/pagead2.googlesyndication.com\/pagead\/js\/adsbygoogle.js?client=ca-pub-5271584769416742\" crossorigin=\"anonymous\"><\/script><ins class=\"adsbygoogle\" style=\"display:block;\" data-ad-client=\"ca-pub-5271584769416742\" \ndata-ad-slot=\"9321250718\" \ndata-ad-format=\"auto\"><\/ins>\n<script> \n(adsbygoogle = window.adsbygoogle || []).push({}); \n<\/script>\n<\/div>\n\n\n\n<p class=\"wp-block-paragraph\">Les intervenants ont demand\u00e9 l&rsquo;annulation du projet, mais aussi ont plaid\u00e9 en faveur du d\u00e9veloppement des transports publics autour du L\u00e9man Express et dans l&rsquo;axe Thonon-Douvaine-Gen\u00e8ve.<\/p>\n\n\n\n<figure class=\"wp-block-image size-full\"><a href=\"https:\/\/bale.ch\/journal\/wp-content\/uploads\/2020\/01\/trajet-perrignier-machilly.jpg\"><img loading=\"lazy\" decoding=\"async\" width=\"595\" height=\"413\" src=\"https:\/\/bale.ch\/journal\/wp-content\/uploads\/2020\/01\/trajet-perrignier-machilly.jpg\" alt=\"\" class=\"wp-image-2484\" srcset=\"https:\/\/bale.ch\/journal\/wp-content\/uploads\/2020\/01\/trajet-perrignier-machilly.jpg 595w, https:\/\/bale.ch\/journal\/wp-content\/uploads\/2020\/01\/trajet-perrignier-machilly-300x208.jpg 300w\" sizes=\"auto, (max-width: 595px) 100vw, 595px\" \/><\/a><figcaption class=\"wp-element-caption\">Le trac\u00e9 de l&rsquo;A412 entre Perrignier et Machilly.<\/figcaption><\/figure>\n\n\n\n<p class=\"wp-block-paragraph\">Les \u00e9lections l\u00e9gislatives fran\u00e7aises sont ici scrut\u00e9es de pr\u00e8s. En effet si le parti pr\u00e9sidentiel \u00e0 maintenu son soutien \u00e0 l&rsquo;A412, l&rsquo;alliance de gauche et des \u00e9cologistes Nouveau Front Populaire, en dynamique dans les sondages, a annonc\u00e9 <em>\u00ab\u00a0un moratoire sur les grands projets d\u2019infrastructures autorouti\u00e8res<\/em>\u00a0\u00bb , un des points cl\u00e9 pour&nbsp;\u00ab\u00a0<em>relever le d\u00e9fi climatique<\/em>\u00a0\u00bb .<\/p>\n\n\n\n<h2 class=\"wp-block-heading\">Lire aussi:<\/h2>\n\n\n\n<figure class=\"wp-block-embed is-type-wp-embed is-provider-journal-de-bale-et-geneve wp-block-embed-journal-de-bale-et-geneve\"><div class=\"wp-block-embed__wrapper\">\n<blockquote class=\"wp-embedded-content\" data-secret=\"tZ1VvXL1IJ\"><a href=\"https:\/\/bale.ch\/journal\/mobilite-dans-le-grand-geneve-il-faut-plus-dingerence-transfrontaliere\/\">Mobilit\u00e9 dans le Grand Gen\u00e8ve: \u00ab\u00a0Il faut plus d&rsquo;ing\u00e9rence transfrontali\u00e8re\u00a0\u00bb<\/a><\/blockquote><iframe loading=\"lazy\" class=\"wp-embedded-content\" sandbox=\"allow-scripts\" security=\"restricted\" style=\"position: absolute; visibility: hidden;\" title=\"\u00ab\u00a0Mobilit\u00e9 dans le Grand Gen\u00e8ve: \u00ab\u00a0Il faut plus d&rsquo;ing\u00e9rence transfrontali\u00e8re\u00a0\u00bb\u00a0\u00bb &#8212; Journal de B\u00e2le et Gen\u00e8ve\" src=\"https:\/\/bale.ch\/journal\/mobilite-dans-le-grand-geneve-il-faut-plus-dingerence-transfrontaliere\/embed\/#?secret=aK3Vjfbkb2#?secret=tZ1VvXL1IJ\" data-secret=\"tZ1VvXL1IJ\" width=\"600\" height=\"338\" frameborder=\"0\" marginwidth=\"0\" marginheight=\"0\" scrolling=\"no\"><\/iframe>\n<\/div><\/figure>\n<div id=\"crieu-2061258134\" class=\"crieu-apres-le-contenu crieu-entity-placement\" style=\"margin-left: auto;margin-right: auto;text-align: center;\"><script async src=\"\/\/pagead2.googlesyndication.com\/pagead\/js\/adsbygoogle.js?client=ca-pub-5271584769416742\" crossorigin=\"anonymous\"><\/script><ins class=\"adsbygoogle\" style=\"display:block;\" data-ad-client=\"ca-pub-5271584769416742\" \ndata-ad-slot=\"9321250718\" \ndata-ad-format=\"auto\"><\/ins>\n<script> \n(adsbygoogle = window.adsbygoogle || []).push({}); \n<\/script>\n<\/div>","protected":false},"excerpt":{"rendered":"<p>L&rsquo;autoroute transchablaisienne, de son petit nom officiel \u00ab\u00a0A412\u00a0\u00bb, est un vieux projet qui date des ann\u00e9es septante, abandonn\u00e9 puis relanc\u00e9 et toujours contest\u00e9. Depuis quelques ann\u00e9es, les villes de Gen\u00e8ve <a href=\"https:\/\/bale.ch\/journal\/la-contestation-contre-lautoroute-a412-de-thonon-prend-de-lampleur\/\" class=\"read-more button-fancy -red\"><span class=\"btn-arrow\"><\/span><span class=\"twp-read-more text\">Continuer la lecture<\/span><\/a><\/p>\n","protected":false},"author":2,"featured_media":3516,"comment_status":"closed","ping_status":"closed","sticky":false,"template":"","format":"standard","meta":{"footnotes":""},"categories":[103,4],"tags":[233,64,59],"class_list":["post-3515","post","type-post","status-publish","format-standard","has-post-thumbnail","hentry","category-actu","category-grand-geneve","tag-autoroute-a412","tag-chablais","tag-grand-geneve"],"yoast_head":"<!-- This site is optimized with the Yoast SEO plugin v28.3 - https:\/\/yoast.com\/product\/yoast-seo-wordpress\/ -->\n<title>La contestation contre l&#039;autoroute A412 de Thonon prend de l&#039;ampleur - Journal de B\u00e2le et Gen\u00e8ve<\/title>\n<meta name=\"robots\" content=\"index, follow, max-snippet:-1, max-image-preview:large, max-video-preview:-1\" \/>\n<link rel=\"canonical\" href=\"https:\/\/bale.ch\/journal\/la-contestation-contre-lautoroute-a412-de-thonon-prend-de-lampleur\/\" \/>\n<meta property=\"og:locale\" content=\"fr_FR\" \/>\n<meta property=\"og:type\" content=\"article\" \/>\n<meta property=\"og:title\" content=\"La contestation contre l&#039;autoroute A412 de Thonon prend de l&#039;ampleur - Journal de B\u00e2le et Gen\u00e8ve\" \/>\n<meta property=\"og:description\" content=\"L&rsquo;autoroute transchablaisienne, de son petit nom officiel \u00ab\u00a0A412\u00a0\u00bb, est un vieux projet qui date des ann\u00e9es septante, abandonn\u00e9 puis relanc\u00e9 et toujours contest\u00e9. Depuis quelques ann\u00e9es, les villes de Gen\u00e8ve Continuer la lecture\" \/>\n<meta property=\"og:url\" content=\"https:\/\/bale.ch\/journal\/la-contestation-contre-lautoroute-a412-de-thonon-prend-de-lampleur\/\" \/>\n<meta property=\"og:site_name\" content=\"Journal de B\u00e2le et Gen\u00e8ve\" \/>\n<meta property=\"article:published_time\" content=\"2024-06-22T13:42:56+00:00\" \/>\n<meta property=\"article:modified_time\" content=\"2024-06-28T12:16:41+00:00\" \/>\n<meta property=\"og:image\" content=\"https:\/\/bale.ch\/journal\/wp-content\/uploads\/2024\/06\/a412_thonon_autoroute_perrignier.jpg\" \/>\n\t<meta property=\"og:image:width\" content=\"900\" \/>\n\t<meta property=\"og:image:height\" content=\"484\" \/>\n\t<meta property=\"og:image:type\" content=\"image\/jpeg\" \/>\n<meta name=\"author\" content=\"La R\u00e9daction\" \/>\n<meta name=\"twitter:card\" content=\"summary_large_image\" \/>\n<meta name=\"twitter:label1\" content=\"\u00c9crit par\" \/>\n\t<meta name=\"twitter:data1\" content=\"La R\u00e9daction\" \/>\n\t<meta name=\"twitter:label2\" content=\"Dur\u00e9e de lecture estim\u00e9e\" \/>\n\t<meta name=\"twitter:data2\" content=\"1 minute\" \/>\n<script type=\"application\/ld+json\" class=\"yoast-schema-graph\">{\"@context\":\"https:\\\/\\\/schema.org\",\"@graph\":[{\"@type\":\"Article\",\"@id\":\"https:\\\/\\\/bale.ch\\\/journal\\\/la-contestation-contre-lautoroute-a412-de-thonon-prend-de-lampleur\\\/#article\",\"isPartOf\":{\"@id\":\"https:\\\/\\\/bale.ch\\\/journal\\\/la-contestation-contre-lautoroute-a412-de-thonon-prend-de-lampleur\\\/\"},\"author\":{\"name\":\"La R\u00e9daction\",\"@id\":\"https:\\\/\\\/bale.ch\\\/journal\\\/#\\\/schema\\\/person\\\/03ced978db3b7a5274c5cef003f352f5\"},\"headline\":\"La contestation contre l&rsquo;autoroute A412 de Thonon prend de l&rsquo;ampleur\",\"datePublished\":\"2024-06-22T13:42:56+00:00\",\"dateModified\":\"2024-06-28T12:16:41+00:00\",\"mainEntityOfPage\":{\"@id\":\"https:\\\/\\\/bale.ch\\\/journal\\\/la-contestation-contre-lautoroute-a412-de-thonon-prend-de-lampleur\\\/\"},\"wordCount\":273,\"publisher\":{\"@id\":\"https:\\\/\\\/bale.ch\\\/journal\\\/#organization\"},\"image\":{\"@id\":\"https:\\\/\\\/bale.ch\\\/journal\\\/la-contestation-contre-lautoroute-a412-de-thonon-prend-de-lampleur\\\/#primaryimage\"},\"thumbnailUrl\":\"https:\\\/\\\/bale.ch\\\/journal\\\/wp-content\\\/uploads\\\/2024\\\/06\\\/a412_thonon_autoroute_perrignier.jpg\",\"keywords\":[\"Autoroute A412\",\"Chablais\",\"Grand Gen\u00e8ve\"],\"articleSection\":[\"Actualit\u00e9s\",\"Grand Gen\u00e8ve\"],\"inLanguage\":\"fr-FR\"},{\"@type\":\"WebPage\",\"@id\":\"https:\\\/\\\/bale.ch\\\/journal\\\/la-contestation-contre-lautoroute-a412-de-thonon-prend-de-lampleur\\\/\",\"url\":\"https:\\\/\\\/bale.ch\\\/journal\\\/la-contestation-contre-lautoroute-a412-de-thonon-prend-de-lampleur\\\/\",\"name\":\"La contestation contre l'autoroute A412 de Thonon prend de l'ampleur - Journal de B\u00e2le et Gen\u00e8ve\",\"isPartOf\":{\"@id\":\"https:\\\/\\\/bale.ch\\\/journal\\\/#website\"},\"primaryImageOfPage\":{\"@id\":\"https:\\\/\\\/bale.ch\\\/journal\\\/la-contestation-contre-lautoroute-a412-de-thonon-prend-de-lampleur\\\/#primaryimage\"},\"image\":{\"@id\":\"https:\\\/\\\/bale.ch\\\/journal\\\/la-contestation-contre-lautoroute-a412-de-thonon-prend-de-lampleur\\\/#primaryimage\"},\"thumbnailUrl\":\"https:\\\/\\\/bale.ch\\\/journal\\\/wp-content\\\/uploads\\\/2024\\\/06\\\/a412_thonon_autoroute_perrignier.jpg\",\"datePublished\":\"2024-06-22T13:42:56+00:00\",\"dateModified\":\"2024-06-28T12:16:41+00:00\",\"breadcrumb\":{\"@id\":\"https:\\\/\\\/bale.ch\\\/journal\\\/la-contestation-contre-lautoroute-a412-de-thonon-prend-de-lampleur\\\/#breadcrumb\"},\"inLanguage\":\"fr-FR\",\"potentialAction\":[{\"@type\":\"ReadAction\",\"target\":[\"https:\\\/\\\/bale.ch\\\/journal\\\/la-contestation-contre-lautoroute-a412-de-thonon-prend-de-lampleur\\\/\"]}]},{\"@type\":\"ImageObject\",\"inLanguage\":\"fr-FR\",\"@id\":\"https:\\\/\\\/bale.ch\\\/journal\\\/la-contestation-contre-lautoroute-a412-de-thonon-prend-de-lampleur\\\/#primaryimage\",\"url\":\"https:\\\/\\\/bale.ch\\\/journal\\\/wp-content\\\/uploads\\\/2024\\\/06\\\/a412_thonon_autoroute_perrignier.jpg\",\"contentUrl\":\"https:\\\/\\\/bale.ch\\\/journal\\\/wp-content\\\/uploads\\\/2024\\\/06\\\/a412_thonon_autoroute_perrignier.jpg\",\"width\":900,\"height\":484},{\"@type\":\"BreadcrumbList\",\"@id\":\"https:\\\/\\\/bale.ch\\\/journal\\\/la-contestation-contre-lautoroute-a412-de-thonon-prend-de-lampleur\\\/#breadcrumb\",\"itemListElement\":[{\"@type\":\"ListItem\",\"position\":1,\"name\":\"Accueil\",\"item\":\"https:\\\/\\\/bale.ch\\\/journal\\\/\"},{\"@type\":\"ListItem\",\"position\":2,\"name\":\"La contestation contre l&rsquo;autoroute A412 de Thonon prend de l&rsquo;ampleur\"}]},{\"@type\":\"WebSite\",\"@id\":\"https:\\\/\\\/bale.ch\\\/journal\\\/#website\",\"url\":\"https:\\\/\\\/bale.ch\\\/journal\\\/\",\"name\":\"Journal de B\u00e2le et Gen\u00e8ve\",\"description\":\"M\u00e9dia transfrontalier d&#039;actualit\u00e9s - News\",\"publisher\":{\"@id\":\"https:\\\/\\\/bale.ch\\\/journal\\\/#organization\"},\"potentialAction\":[{\"@type\":\"SearchAction\",\"target\":{\"@type\":\"EntryPoint\",\"urlTemplate\":\"https:\\\/\\\/bale.ch\\\/journal\\\/?s={search_term_string}\"},\"query-input\":{\"@type\":\"PropertyValueSpecification\",\"valueRequired\":true,\"valueName\":\"search_term_string\"}}],\"inLanguage\":\"fr-FR\"},{\"@type\":\"Organization\",\"@id\":\"https:\\\/\\\/bale.ch\\\/journal\\\/#organization\",\"name\":\"Journal de B\u00e2le et Gen\u00e8ve\",\"url\":\"https:\\\/\\\/bale.ch\\\/journal\\\/\",\"logo\":{\"@type\":\"ImageObject\",\"inLanguage\":\"fr-FR\",\"@id\":\"https:\\\/\\\/bale.ch\\\/journal\\\/#\\\/schema\\\/logo\\\/image\\\/\",\"url\":\"https:\\\/\\\/bale.ch\\\/journal\\\/wp-content\\\/uploads\\\/2023\\\/07\\\/journaldebale_logo_2023_nb.png\",\"contentUrl\":\"https:\\\/\\\/bale.ch\\\/journal\\\/wp-content\\\/uploads\\\/2023\\\/07\\\/journaldebale_logo_2023_nb.png\",\"width\":371,\"height\":127,\"caption\":\"Journal de B\u00e2le et Gen\u00e8ve\"},\"image\":{\"@id\":\"https:\\\/\\\/bale.ch\\\/journal\\\/#\\\/schema\\\/logo\\\/image\\\/\"}},{\"@type\":\"Person\",\"@id\":\"https:\\\/\\\/bale.ch\\\/journal\\\/#\\\/schema\\\/person\\\/03ced978db3b7a5274c5cef003f352f5\",\"name\":\"La R\u00e9daction\",\"image\":{\"@type\":\"ImageObject\",\"inLanguage\":\"fr-FR\",\"@id\":\"https:\\\/\\\/secure.gravatar.com\\\/avatar\\\/d1327e2ce8d2b860112f968a3f34686c9bdda7a463a1502cdd1070ac9d88cf1e?s=96&d=mm&r=g\",\"url\":\"https:\\\/\\\/secure.gravatar.com\\\/avatar\\\/d1327e2ce8d2b860112f968a3f34686c9bdda7a463a1502cdd1070ac9d88cf1e?s=96&d=mm&r=g\",\"contentUrl\":\"https:\\\/\\\/secure.gravatar.com\\\/avatar\\\/d1327e2ce8d2b860112f968a3f34686c9bdda7a463a1502cdd1070ac9d88cf1e?s=96&d=mm&r=g\",\"caption\":\"La R\u00e9daction\"},\"url\":\"https:\\\/\\\/bale.ch\\\/journal\\\/author\\\/laredaction\\\/\"}]}<\/script>\n<!-- \/ Yoast SEO plugin. -->","yoast_head_json":{"title":"La contestation contre l'autoroute A412 de Thonon prend de l'ampleur - Journal de B\u00e2le et Gen\u00e8ve","robots":{"index":"index","follow":"follow","max-snippet":"max-snippet:-1","max-image-preview":"max-image-preview:large","max-video-preview":"max-video-preview:-1"},"canonical":"https:\/\/bale.ch\/journal\/la-contestation-contre-lautoroute-a412-de-thonon-prend-de-lampleur\/","og_locale":"fr_FR","og_type":"article","og_title":"La contestation contre l'autoroute A412 de Thonon prend de l'ampleur - Journal de B\u00e2le et Gen\u00e8ve","og_description":"L&rsquo;autoroute transchablaisienne, de son petit nom officiel \u00ab\u00a0A412\u00a0\u00bb, est un vieux projet qui date des ann\u00e9es septante, abandonn\u00e9 puis relanc\u00e9 et toujours contest\u00e9. Depuis quelques ann\u00e9es, les villes de Gen\u00e8ve Continuer la lecture","og_url":"https:\/\/bale.ch\/journal\/la-contestation-contre-lautoroute-a412-de-thonon-prend-de-lampleur\/","og_site_name":"Journal de B\u00e2le et Gen\u00e8ve","article_published_time":"2024-06-22T13:42:56+00:00","article_modified_time":"2024-06-28T12:16:41+00:00","og_image":[{"width":900,"height":484,"url":"https:\/\/bale.ch\/journal\/wp-content\/uploads\/2024\/06\/a412_thonon_autoroute_perrignier.jpg","type":"image\/jpeg"}],"author":"La R\u00e9daction","twitter_card":"summary_large_image","twitter_misc":{"\u00c9crit par":"La R\u00e9daction","Dur\u00e9e de lecture estim\u00e9e":"1 minute"},"schema":{"@context":"https:\/\/schema.org","@graph":[{"@type":"Article","@id":"https:\/\/bale.ch\/journal\/la-contestation-contre-lautoroute-a412-de-thonon-prend-de-lampleur\/#article","isPartOf":{"@id":"https:\/\/bale.ch\/journal\/la-contestation-contre-lautoroute-a412-de-thonon-prend-de-lampleur\/"},"author":{"name":"La R\u00e9daction","@id":"https:\/\/bale.ch\/journal\/#\/schema\/person\/03ced978db3b7a5274c5cef003f352f5"},"headline":"La contestation contre l&rsquo;autoroute A412 de Thonon prend de l&rsquo;ampleur","datePublished":"2024-06-22T13:42:56+00:00","dateModified":"2024-06-28T12:16:41+00:00","mainEntityOfPage":{"@id":"https:\/\/bale.ch\/journal\/la-contestation-contre-lautoroute-a412-de-thonon-prend-de-lampleur\/"},"wordCount":273,"publisher":{"@id":"https:\/\/bale.ch\/journal\/#organization"},"image":{"@id":"https:\/\/bale.ch\/journal\/la-contestation-contre-lautoroute-a412-de-thonon-prend-de-lampleur\/#primaryimage"},"thumbnailUrl":"https:\/\/bale.ch\/journal\/wp-content\/uploads\/2024\/06\/a412_thonon_autoroute_perrignier.jpg","keywords":["Autoroute A412","Chablais","Grand Gen\u00e8ve"],"articleSection":["Actualit\u00e9s","Grand Gen\u00e8ve"],"inLanguage":"fr-FR"},{"@type":"WebPage","@id":"https:\/\/bale.ch\/journal\/la-contestation-contre-lautoroute-a412-de-thonon-prend-de-lampleur\/","url":"https:\/\/bale.ch\/journal\/la-contestation-contre-lautoroute-a412-de-thonon-prend-de-lampleur\/","name":"La contestation contre l'autoroute A412 de Thonon prend de l'ampleur - Journal de B\u00e2le et Gen\u00e8ve","isPartOf":{"@id":"https:\/\/bale.ch\/journal\/#website"},"primaryImageOfPage":{"@id":"https:\/\/bale.ch\/journal\/la-contestation-contre-lautoroute-a412-de-thonon-prend-de-lampleur\/#primaryimage"},"image":{"@id":"https:\/\/bale.ch\/journal\/la-contestation-contre-lautoroute-a412-de-thonon-prend-de-lampleur\/#primaryimage"},"thumbnailUrl":"https:\/\/bale.ch\/journal\/wp-content\/uploads\/2024\/06\/a412_thonon_autoroute_perrignier.jpg","datePublished":"2024-06-22T13:42:56+00:00","dateModified":"2024-06-28T12:16:41+00:00","breadcrumb":{"@id":"https:\/\/bale.ch\/journal\/la-contestation-contre-lautoroute-a412-de-thonon-prend-de-lampleur\/#breadcrumb"},"inLanguage":"fr-FR","potentialAction":[{"@type":"ReadAction","target":["https:\/\/bale.ch\/journal\/la-contestation-contre-lautoroute-a412-de-thonon-prend-de-lampleur\/"]}]},{"@type":"ImageObject","inLanguage":"fr-FR","@id":"https:\/\/bale.ch\/journal\/la-contestation-contre-lautoroute-a412-de-thonon-prend-de-lampleur\/#primaryimage","url":"https:\/\/bale.ch\/journal\/wp-content\/uploads\/2024\/06\/a412_thonon_autoroute_perrignier.jpg","contentUrl":"https:\/\/bale.ch\/journal\/wp-content\/uploads\/2024\/06\/a412_thonon_autoroute_perrignier.jpg","width":900,"height":484},{"@type":"BreadcrumbList","@id":"https:\/\/bale.ch\/journal\/la-contestation-contre-lautoroute-a412-de-thonon-prend-de-lampleur\/#breadcrumb","itemListElement":[{"@type":"ListItem","position":1,"name":"Accueil","item":"https:\/\/bale.ch\/journal\/"},{"@type":"ListItem","position":2,"name":"La contestation contre l&rsquo;autoroute A412 de Thonon prend de l&rsquo;ampleur"}]},{"@type":"WebSite","@id":"https:\/\/bale.ch\/journal\/#website","url":"https:\/\/bale.ch\/journal\/","name":"Journal de B\u00e2le et Gen\u00e8ve","description":"M\u00e9dia transfrontalier d&#039;actualit\u00e9s - News","publisher":{"@id":"https:\/\/bale.ch\/journal\/#organization"},"potentialAction":[{"@type":"SearchAction","target":{"@type":"EntryPoint","urlTemplate":"https:\/\/bale.ch\/journal\/?s={search_term_string}"},"query-input":{"@type":"PropertyValueSpecification","valueRequired":true,"valueName":"search_term_string"}}],"inLanguage":"fr-FR"},{"@type":"Organization","@id":"https:\/\/bale.ch\/journal\/#organization","name":"Journal de B\u00e2le et Gen\u00e8ve","url":"https:\/\/bale.ch\/journal\/","logo":{"@type":"ImageObject","inLanguage":"fr-FR","@id":"https:\/\/bale.ch\/journal\/#\/schema\/logo\/image\/","url":"https:\/\/bale.ch\/journal\/wp-content\/uploads\/2023\/07\/journaldebale_logo_2023_nb.png","contentUrl":"https:\/\/bale.ch\/journal\/wp-content\/uploads\/2023\/07\/journaldebale_logo_2023_nb.png","width":371,"height":127,"caption":"Journal de B\u00e2le et Gen\u00e8ve"},"image":{"@id":"https:\/\/bale.ch\/journal\/#\/schema\/logo\/image\/"}},{"@type":"Person","@id":"https:\/\/bale.ch\/journal\/#\/schema\/person\/03ced978db3b7a5274c5cef003f352f5","name":"La R\u00e9daction","image":{"@type":"ImageObject","inLanguage":"fr-FR","@id":"https:\/\/secure.gravatar.com\/avatar\/d1327e2ce8d2b860112f968a3f34686c9bdda7a463a1502cdd1070ac9d88cf1e?s=96&d=mm&r=g","url":"https:\/\/secure.gravatar.com\/avatar\/d1327e2ce8d2b860112f968a3f34686c9bdda7a463a1502cdd1070ac9d88cf1e?s=96&d=mm&r=g","contentUrl":"https:\/\/secure.gravatar.com\/avatar\/d1327e2ce8d2b860112f968a3f34686c9bdda7a463a1502cdd1070ac9d88cf1e?s=96&d=mm&r=g","caption":"La R\u00e9daction"},"url":"https:\/\/bale.ch\/journal\/author\/laredaction\/"}]}},"_links":{"self":[{"href":"https:\/\/bale.ch\/journal\/wp-json\/wp\/v2\/posts\/3515","targetHints":{"allow":["GET"]}}],"collection":[{"href":"https:\/\/bale.ch\/journal\/wp-json\/wp\/v2\/posts"}],"about":[{"href":"https:\/\/bale.ch\/journal\/wp-json\/wp\/v2\/types\/post"}],"author":[{"embeddable":true,"href":"https:\/\/bale.ch\/journal\/wp-json\/wp\/v2\/users\/2"}],"replies":[{"embeddable":true,"href":"https:\/\/bale.ch\/journal\/wp-json\/wp\/v2\/comments?post=3515"}],"version-history":[{"count":9,"href":"https:\/\/bale.ch\/journal\/wp-json\/wp\/v2\/posts\/3515\/revisions"}],"predecessor-version":[{"id":3530,"href":"https:\/\/bale.ch\/journal\/wp-json\/wp\/v2\/posts\/3515\/revisions\/3530"}],"wp:featuredmedia":[{"embeddable":true,"href":"https:\/\/bale.ch\/journal\/wp-json\/wp\/v2\/media\/3516"}],"wp:attachment":[{"href":"https:\/\/bale.ch\/journal\/wp-json\/wp\/v2\/media?parent=3515"}],"wp:term":[{"taxonomy":"category","embeddable":true,"href":"https:\/\/bale.ch\/journal\/wp-json\/wp\/v2\/categories?post=3515"},{"taxonomy":"post_tag","embeddable":true,"href":"https:\/\/bale.ch\/journal\/wp-json\/wp\/v2\/tags?post=3515"}],"curies":[{"name":"wp","href":"https:\/\/api.w.org\/{rel}","templated":true}]}}