{"id":3531,"date":"2024-06-25T16:24:01","date_gmt":"2024-06-25T16:24:01","guid":{"rendered":"https:\/\/bale.ch\/journal\/?p=3531"},"modified":"2024-06-25T16:24:03","modified_gmt":"2024-06-25T16:24:03","slug":"laeroport-fete-le-septante-cinquieme-anniversaire-de-la-convention-franco-suisse","status":"publish","type":"post","link":"https:\/\/bale.ch\/journal\/laeroport-fete-le-septante-cinquieme-anniversaire-de-la-convention-franco-suisse\/","title":{"rendered":"L&rsquo;a\u00e9roport f\u00eate le septante-cinqui\u00e8me anniversaire de la Convention franco-suisse"},"content":{"rendered":"\n<p class=\"wp-block-paragraph\">B\u00e2le-Mulhouse | <strong>Par le biais d\u2019une nouvelle affiche g\u00e9ante sur la Tour de Contr\u00f4le, l&rsquo;EuroAirport salue le septante-cinqui\u00e8me anniversaire de la Convention franco-suisse. Le 4 juillet 1949, les deux pays voisins ont sign\u00e9 l\u2019accord binational \u2013 encore en vigueur aujourd&rsquo;hui \u2013 relatif \u00e0 la construction et \u00e0 l&rsquo;exploitation de l&rsquo;a\u00e9roport de B\u00e2le-Mulhouse. L\u2019affiche g\u00e9ante illustre le moment de la signature de la Convention.<\/strong><\/p>\n\n\n\n<p class=\"wp-block-paragraph\">L&rsquo;affiche montre les deux signataires de l&rsquo;accord: Max Petitpierre pour le Conseil f\u00e9d\u00e9ral suisse et Henri Hoppenot pour le Gouvernement fran\u00e7ais. Max Petitpierre \u00e9tait \u00e0 l&rsquo;\u00e9poque ministre des Affaires \u00e9trang\u00e8res au Conseil f\u00e9d\u00e9ral ; Henri Hoppenot \u00e9tait ambassadeur de France \u00e0 Berne de 1945 \u00e0 1952. La signature de la convention a eu lieu le 4 juillet 1949 \u00e0 Berne.<\/p>\n\n\n\n<p class=\"wp-block-paragraph\">L\u2019a\u00e9roport de B\u00e2le-Mulhouse a \u00e9t\u00e9 mis en service apr\u00e8s la Seconde Guerre mondiale. La cr\u00e9ation du premier et unique a\u00e9roport binational au monde a donn\u00e9 naissance \u00e0 un projet embl\u00e9matique dans la R\u00e9gion des Trois Fronti\u00e8res qui contribue encore aujourd&rsquo;hui de mani\u00e8re d\u00e9terminante au succ\u00e8s \u00e9conomique de la r\u00e9gion.<\/p><div id=\"crieu-508063041\" class=\"crieu-content crieu-entity-placement\"><script async src=\"\/\/pagead2.googlesyndication.com\/pagead\/js\/adsbygoogle.js?client=ca-pub-5271584769416742\" crossorigin=\"anonymous\"><\/script><ins class=\"adsbygoogle\" style=\"display:block;\" data-ad-client=\"ca-pub-5271584769416742\" \ndata-ad-slot=\"9321250718\" \ndata-ad-format=\"auto\"><\/ins>\n<script> \n(adsbygoogle = window.adsbygoogle || []).push({}); \n<\/script>\n<\/div>\n\n\n\n<p class=\"wp-block-paragraph\">L&rsquo;EuroAirport assure la connectivit\u00e9 a\u00e9rienne du territoire trinational B\u00e2le-Mulhouse-Fribourg en adoptant une d\u00e9marche de d\u00e9veloppement durable. Il repr\u00e9sente une infrastructure cl\u00e9 au service de la R\u00e9gion trinationale (l\u2019Alsace, la Suisse du Nord-Ouest et le Bade-Wurtemberg). Ainsi, une forte concentration d\u2019industries performantes, comprenant le plus important cluster europ\u00e9en dans le domaine des sciences de la vie, se situe dans la zone de chalandise directe de l\u2019A\u00e9roport. Sur la plateforme a\u00e9roportuaire elle-m\u00eame se trouve le plus grand centre de comp\u00e9tence \u00e0 l\u2019\u00e9chelle mondiale pour l&rsquo;am\u00e9nagement int\u00e9rieur des avions VVIP.<\/p>\n\n\n\n<p class=\"wp-block-paragraph\">L\u2019EuroAirport fait partie des trois a\u00e9roports nationaux de Suisse et des principaux a\u00e9roports r\u00e9gionaux de France. Avec plus de 6 000 emplois sur la plateforme, l\u2019A\u00e9roport et ses entreprises partenaires apportent une contribution \u00e9conomique essentielle \u00e0 la r\u00e9gion trinationale.<\/p>\n\n\n\n<p class=\"wp-block-paragraph\">Les th\u00e9matiques li\u00e9es \u00e0 l\u2019environnement constituent \u00e0 ce jour le plus grand d\u00e9fi de l&rsquo;EuroAirport. Il s\u2019agit d&rsquo;une part de la d\u00e9carbonation, et d&rsquo;autre part de la r\u00e9duction du bruit pendant la p\u00e9riode nocturne. L&rsquo;EuroAirport s&rsquo;est donc engag\u00e9 \u00e0 r\u00e9duire consid\u00e9rablement les nuisances sonores nocturnes et \u00e0 limiter ses propres \u00e9missions de CO<sub>2<\/sub>\u00a0au niveau \u00ab\u00a0net z\u00e9ro\u00a0\u00bb d&rsquo;ici 2030.<\/p>\n<div id=\"crieu-1517959733\" class=\"crieu-apres-le-contenu crieu-entity-placement\" style=\"margin-left: auto;margin-right: auto;text-align: center;\"><script async src=\"\/\/pagead2.googlesyndication.com\/pagead\/js\/adsbygoogle.js?client=ca-pub-5271584769416742\" crossorigin=\"anonymous\"><\/script><ins class=\"adsbygoogle\" style=\"display:block;\" data-ad-client=\"ca-pub-5271584769416742\" \ndata-ad-slot=\"9321250718\" \ndata-ad-format=\"auto\"><\/ins>\n<script> \n(adsbygoogle = window.adsbygoogle || []).push({}); \n<\/script>\n<\/div>","protected":false},"excerpt":{"rendered":"<p>B\u00e2le-Mulhouse | Par le biais d\u2019une nouvelle affiche g\u00e9ante sur la Tour de Contr\u00f4le, l&rsquo;EuroAirport salue le septante-cinqui\u00e8me anniversaire de la Convention franco-suisse. Le 4 juillet 1949, les deux pays <a href=\"https:\/\/bale.ch\/journal\/laeroport-fete-le-septante-cinquieme-anniversaire-de-la-convention-franco-suisse\/\" class=\"read-more button-fancy -red\"><span class=\"btn-arrow\"><\/span><span class=\"twp-read-more text\">Continuer la lecture<\/span><\/a><\/p>\n","protected":false},"author":2,"featured_media":3532,"comment_status":"closed","ping_status":"closed","sticky":false,"template":"","format":"standard","meta":{"footnotes":""},"categories":[103,7],"tags":[72,60,123,125],"class_list":["post-3531","post","type-post","status-publish","format-standard","has-post-thumbnail","hentry","category-actu","category-bale","tag-aeroport","tag-bale","tag-basel","tag-euroairport"],"yoast_head":"<!-- This site is optimized with the Yoast SEO plugin v28.3 - https:\/\/yoast.com\/product\/yoast-seo-wordpress\/ -->\n<title>L&#039;a\u00e9roport f\u00eate le septante-cinqui\u00e8me anniversaire de la Convention franco-suisse - Journal de B\u00e2le et Gen\u00e8ve<\/title>\n<meta name=\"robots\" content=\"index, follow, max-snippet:-1, max-image-preview:large, max-video-preview:-1\" \/>\n<link rel=\"canonical\" href=\"https:\/\/bale.ch\/journal\/laeroport-fete-le-septante-cinquieme-anniversaire-de-la-convention-franco-suisse\/\" \/>\n<meta property=\"og:locale\" content=\"fr_FR\" \/>\n<meta property=\"og:type\" content=\"article\" \/>\n<meta property=\"og:title\" content=\"L&#039;a\u00e9roport f\u00eate le septante-cinqui\u00e8me anniversaire de la Convention franco-suisse - Journal de B\u00e2le et Gen\u00e8ve\" \/>\n<meta property=\"og:description\" content=\"B\u00e2le-Mulhouse | Par le biais d\u2019une nouvelle affiche g\u00e9ante sur la Tour de Contr\u00f4le, l&rsquo;EuroAirport salue le septante-cinqui\u00e8me anniversaire de la Convention franco-suisse. Le 4 juillet 1949, les deux pays Continuer la lecture\" \/>\n<meta property=\"og:url\" content=\"https:\/\/bale.ch\/journal\/laeroport-fete-le-septante-cinquieme-anniversaire-de-la-convention-franco-suisse\/\" \/>\n<meta property=\"og:site_name\" content=\"Journal de B\u00e2le et Gen\u00e8ve\" \/>\n<meta property=\"article:published_time\" content=\"2024-06-25T16:24:01+00:00\" \/>\n<meta property=\"article:modified_time\" content=\"2024-06-25T16:24:03+00:00\" \/>\n<meta property=\"og:image\" content=\"https:\/\/bale.ch\/journal\/wp-content\/uploads\/2024\/06\/euroairport_aeroport_flughafen_basel_bale_mulhouse_75.jpg\" \/>\n\t<meta property=\"og:image:width\" content=\"900\" \/>\n\t<meta property=\"og:image:height\" content=\"484\" \/>\n\t<meta property=\"og:image:type\" content=\"image\/jpeg\" \/>\n<meta name=\"author\" content=\"La R\u00e9daction\" \/>\n<meta name=\"twitter:card\" content=\"summary_large_image\" \/>\n<meta name=\"twitter:label1\" content=\"\u00c9crit par\" \/>\n\t<meta name=\"twitter:data1\" content=\"La R\u00e9daction\" \/>\n\t<meta name=\"twitter:label2\" content=\"Dur\u00e9e de lecture estim\u00e9e\" \/>\n\t<meta name=\"twitter:data2\" content=\"2 minutes\" \/>\n<script type=\"application\/ld+json\" class=\"yoast-schema-graph\">{\"@context\":\"https:\\\/\\\/schema.org\",\"@graph\":[{\"@type\":\"Article\",\"@id\":\"https:\\\/\\\/bale.ch\\\/journal\\\/laeroport-fete-le-septante-cinquieme-anniversaire-de-la-convention-franco-suisse\\\/#article\",\"isPartOf\":{\"@id\":\"https:\\\/\\\/bale.ch\\\/journal\\\/laeroport-fete-le-septante-cinquieme-anniversaire-de-la-convention-franco-suisse\\\/\"},\"author\":{\"name\":\"La R\u00e9daction\",\"@id\":\"https:\\\/\\\/bale.ch\\\/journal\\\/#\\\/schema\\\/person\\\/03ced978db3b7a5274c5cef003f352f5\"},\"headline\":\"L&rsquo;a\u00e9roport f\u00eate le septante-cinqui\u00e8me anniversaire de la Convention franco-suisse\",\"datePublished\":\"2024-06-25T16:24:01+00:00\",\"dateModified\":\"2024-06-25T16:24:03+00:00\",\"mainEntityOfPage\":{\"@id\":\"https:\\\/\\\/bale.ch\\\/journal\\\/laeroport-fete-le-septante-cinquieme-anniversaire-de-la-convention-franco-suisse\\\/\"},\"wordCount\":424,\"publisher\":{\"@id\":\"https:\\\/\\\/bale.ch\\\/journal\\\/#organization\"},\"image\":{\"@id\":\"https:\\\/\\\/bale.ch\\\/journal\\\/laeroport-fete-le-septante-cinquieme-anniversaire-de-la-convention-franco-suisse\\\/#primaryimage\"},\"thumbnailUrl\":\"https:\\\/\\\/bale.ch\\\/journal\\\/wp-content\\\/uploads\\\/2024\\\/06\\\/euroairport_aeroport_flughafen_basel_bale_mulhouse_75.jpg\",\"keywords\":[\"A\u00e9roport\",\"B\u00e2le\",\"Basel\",\"Euroairport\"],\"articleSection\":[\"Actualit\u00e9s\",\"B\u00e2le Trinationale\"],\"inLanguage\":\"fr-FR\"},{\"@type\":\"WebPage\",\"@id\":\"https:\\\/\\\/bale.ch\\\/journal\\\/laeroport-fete-le-septante-cinquieme-anniversaire-de-la-convention-franco-suisse\\\/\",\"url\":\"https:\\\/\\\/bale.ch\\\/journal\\\/laeroport-fete-le-septante-cinquieme-anniversaire-de-la-convention-franco-suisse\\\/\",\"name\":\"L'a\u00e9roport f\u00eate le septante-cinqui\u00e8me anniversaire de la Convention franco-suisse - Journal de B\u00e2le et Gen\u00e8ve\",\"isPartOf\":{\"@id\":\"https:\\\/\\\/bale.ch\\\/journal\\\/#website\"},\"primaryImageOfPage\":{\"@id\":\"https:\\\/\\\/bale.ch\\\/journal\\\/laeroport-fete-le-septante-cinquieme-anniversaire-de-la-convention-franco-suisse\\\/#primaryimage\"},\"image\":{\"@id\":\"https:\\\/\\\/bale.ch\\\/journal\\\/laeroport-fete-le-septante-cinquieme-anniversaire-de-la-convention-franco-suisse\\\/#primaryimage\"},\"thumbnailUrl\":\"https:\\\/\\\/bale.ch\\\/journal\\\/wp-content\\\/uploads\\\/2024\\\/06\\\/euroairport_aeroport_flughafen_basel_bale_mulhouse_75.jpg\",\"datePublished\":\"2024-06-25T16:24:01+00:00\",\"dateModified\":\"2024-06-25T16:24:03+00:00\",\"breadcrumb\":{\"@id\":\"https:\\\/\\\/bale.ch\\\/journal\\\/laeroport-fete-le-septante-cinquieme-anniversaire-de-la-convention-franco-suisse\\\/#breadcrumb\"},\"inLanguage\":\"fr-FR\",\"potentialAction\":[{\"@type\":\"ReadAction\",\"target\":[\"https:\\\/\\\/bale.ch\\\/journal\\\/laeroport-fete-le-septante-cinquieme-anniversaire-de-la-convention-franco-suisse\\\/\"]}]},{\"@type\":\"ImageObject\",\"inLanguage\":\"fr-FR\",\"@id\":\"https:\\\/\\\/bale.ch\\\/journal\\\/laeroport-fete-le-septante-cinquieme-anniversaire-de-la-convention-franco-suisse\\\/#primaryimage\",\"url\":\"https:\\\/\\\/bale.ch\\\/journal\\\/wp-content\\\/uploads\\\/2024\\\/06\\\/euroairport_aeroport_flughafen_basel_bale_mulhouse_75.jpg\",\"contentUrl\":\"https:\\\/\\\/bale.ch\\\/journal\\\/wp-content\\\/uploads\\\/2024\\\/06\\\/euroairport_aeroport_flughafen_basel_bale_mulhouse_75.jpg\",\"width\":900,\"height\":484},{\"@type\":\"BreadcrumbList\",\"@id\":\"https:\\\/\\\/bale.ch\\\/journal\\\/laeroport-fete-le-septante-cinquieme-anniversaire-de-la-convention-franco-suisse\\\/#breadcrumb\",\"itemListElement\":[{\"@type\":\"ListItem\",\"position\":1,\"name\":\"Accueil\",\"item\":\"https:\\\/\\\/bale.ch\\\/journal\\\/\"},{\"@type\":\"ListItem\",\"position\":2,\"name\":\"L&rsquo;a\u00e9roport f\u00eate le septante-cinqui\u00e8me anniversaire de la Convention franco-suisse\"}]},{\"@type\":\"WebSite\",\"@id\":\"https:\\\/\\\/bale.ch\\\/journal\\\/#website\",\"url\":\"https:\\\/\\\/bale.ch\\\/journal\\\/\",\"name\":\"Journal de B\u00e2le et Gen\u00e8ve\",\"description\":\"M\u00e9dia transfrontalier d&#039;actualit\u00e9s - News\",\"publisher\":{\"@id\":\"https:\\\/\\\/bale.ch\\\/journal\\\/#organization\"},\"potentialAction\":[{\"@type\":\"SearchAction\",\"target\":{\"@type\":\"EntryPoint\",\"urlTemplate\":\"https:\\\/\\\/bale.ch\\\/journal\\\/?s={search_term_string}\"},\"query-input\":{\"@type\":\"PropertyValueSpecification\",\"valueRequired\":true,\"valueName\":\"search_term_string\"}}],\"inLanguage\":\"fr-FR\"},{\"@type\":\"Organization\",\"@id\":\"https:\\\/\\\/bale.ch\\\/journal\\\/#organization\",\"name\":\"Journal de B\u00e2le et Gen\u00e8ve\",\"url\":\"https:\\\/\\\/bale.ch\\\/journal\\\/\",\"logo\":{\"@type\":\"ImageObject\",\"inLanguage\":\"fr-FR\",\"@id\":\"https:\\\/\\\/bale.ch\\\/journal\\\/#\\\/schema\\\/logo\\\/image\\\/\",\"url\":\"https:\\\/\\\/bale.ch\\\/journal\\\/wp-content\\\/uploads\\\/2023\\\/07\\\/journaldebale_logo_2023_nb.png\",\"contentUrl\":\"https:\\\/\\\/bale.ch\\\/journal\\\/wp-content\\\/uploads\\\/2023\\\/07\\\/journaldebale_logo_2023_nb.png\",\"width\":371,\"height\":127,\"caption\":\"Journal de B\u00e2le et Gen\u00e8ve\"},\"image\":{\"@id\":\"https:\\\/\\\/bale.ch\\\/journal\\\/#\\\/schema\\\/logo\\\/image\\\/\"}},{\"@type\":\"Person\",\"@id\":\"https:\\\/\\\/bale.ch\\\/journal\\\/#\\\/schema\\\/person\\\/03ced978db3b7a5274c5cef003f352f5\",\"name\":\"La R\u00e9daction\",\"image\":{\"@type\":\"ImageObject\",\"inLanguage\":\"fr-FR\",\"@id\":\"https:\\\/\\\/secure.gravatar.com\\\/avatar\\\/d1327e2ce8d2b860112f968a3f34686c9bdda7a463a1502cdd1070ac9d88cf1e?s=96&d=mm&r=g\",\"url\":\"https:\\\/\\\/secure.gravatar.com\\\/avatar\\\/d1327e2ce8d2b860112f968a3f34686c9bdda7a463a1502cdd1070ac9d88cf1e?s=96&d=mm&r=g\",\"contentUrl\":\"https:\\\/\\\/secure.gravatar.com\\\/avatar\\\/d1327e2ce8d2b860112f968a3f34686c9bdda7a463a1502cdd1070ac9d88cf1e?s=96&d=mm&r=g\",\"caption\":\"La R\u00e9daction\"},\"url\":\"https:\\\/\\\/bale.ch\\\/journal\\\/author\\\/laredaction\\\/\"}]}<\/script>\n<!-- \/ Yoast SEO plugin. -->","yoast_head_json":{"title":"L'a\u00e9roport f\u00eate le septante-cinqui\u00e8me anniversaire de la Convention franco-suisse - Journal de B\u00e2le et Gen\u00e8ve","robots":{"index":"index","follow":"follow","max-snippet":"max-snippet:-1","max-image-preview":"max-image-preview:large","max-video-preview":"max-video-preview:-1"},"canonical":"https:\/\/bale.ch\/journal\/laeroport-fete-le-septante-cinquieme-anniversaire-de-la-convention-franco-suisse\/","og_locale":"fr_FR","og_type":"article","og_title":"L'a\u00e9roport f\u00eate le septante-cinqui\u00e8me anniversaire de la Convention franco-suisse - Journal de B\u00e2le et Gen\u00e8ve","og_description":"B\u00e2le-Mulhouse | Par le biais d\u2019une nouvelle affiche g\u00e9ante sur la Tour de Contr\u00f4le, l&rsquo;EuroAirport salue le septante-cinqui\u00e8me anniversaire de la Convention franco-suisse. Le 4 juillet 1949, les deux pays Continuer la lecture","og_url":"https:\/\/bale.ch\/journal\/laeroport-fete-le-septante-cinquieme-anniversaire-de-la-convention-franco-suisse\/","og_site_name":"Journal de B\u00e2le et Gen\u00e8ve","article_published_time":"2024-06-25T16:24:01+00:00","article_modified_time":"2024-06-25T16:24:03+00:00","og_image":[{"width":900,"height":484,"url":"https:\/\/bale.ch\/journal\/wp-content\/uploads\/2024\/06\/euroairport_aeroport_flughafen_basel_bale_mulhouse_75.jpg","type":"image\/jpeg"}],"author":"La R\u00e9daction","twitter_card":"summary_large_image","twitter_misc":{"\u00c9crit par":"La R\u00e9daction","Dur\u00e9e de lecture estim\u00e9e":"2 minutes"},"schema":{"@context":"https:\/\/schema.org","@graph":[{"@type":"Article","@id":"https:\/\/bale.ch\/journal\/laeroport-fete-le-septante-cinquieme-anniversaire-de-la-convention-franco-suisse\/#article","isPartOf":{"@id":"https:\/\/bale.ch\/journal\/laeroport-fete-le-septante-cinquieme-anniversaire-de-la-convention-franco-suisse\/"},"author":{"name":"La R\u00e9daction","@id":"https:\/\/bale.ch\/journal\/#\/schema\/person\/03ced978db3b7a5274c5cef003f352f5"},"headline":"L&rsquo;a\u00e9roport f\u00eate le septante-cinqui\u00e8me anniversaire de la Convention franco-suisse","datePublished":"2024-06-25T16:24:01+00:00","dateModified":"2024-06-25T16:24:03+00:00","mainEntityOfPage":{"@id":"https:\/\/bale.ch\/journal\/laeroport-fete-le-septante-cinquieme-anniversaire-de-la-convention-franco-suisse\/"},"wordCount":424,"publisher":{"@id":"https:\/\/bale.ch\/journal\/#organization"},"image":{"@id":"https:\/\/bale.ch\/journal\/laeroport-fete-le-septante-cinquieme-anniversaire-de-la-convention-franco-suisse\/#primaryimage"},"thumbnailUrl":"https:\/\/bale.ch\/journal\/wp-content\/uploads\/2024\/06\/euroairport_aeroport_flughafen_basel_bale_mulhouse_75.jpg","keywords":["A\u00e9roport","B\u00e2le","Basel","Euroairport"],"articleSection":["Actualit\u00e9s","B\u00e2le Trinationale"],"inLanguage":"fr-FR"},{"@type":"WebPage","@id":"https:\/\/bale.ch\/journal\/laeroport-fete-le-septante-cinquieme-anniversaire-de-la-convention-franco-suisse\/","url":"https:\/\/bale.ch\/journal\/laeroport-fete-le-septante-cinquieme-anniversaire-de-la-convention-franco-suisse\/","name":"L'a\u00e9roport f\u00eate le septante-cinqui\u00e8me anniversaire de la Convention franco-suisse - Journal de B\u00e2le et Gen\u00e8ve","isPartOf":{"@id":"https:\/\/bale.ch\/journal\/#website"},"primaryImageOfPage":{"@id":"https:\/\/bale.ch\/journal\/laeroport-fete-le-septante-cinquieme-anniversaire-de-la-convention-franco-suisse\/#primaryimage"},"image":{"@id":"https:\/\/bale.ch\/journal\/laeroport-fete-le-septante-cinquieme-anniversaire-de-la-convention-franco-suisse\/#primaryimage"},"thumbnailUrl":"https:\/\/bale.ch\/journal\/wp-content\/uploads\/2024\/06\/euroairport_aeroport_flughafen_basel_bale_mulhouse_75.jpg","datePublished":"2024-06-25T16:24:01+00:00","dateModified":"2024-06-25T16:24:03+00:00","breadcrumb":{"@id":"https:\/\/bale.ch\/journal\/laeroport-fete-le-septante-cinquieme-anniversaire-de-la-convention-franco-suisse\/#breadcrumb"},"inLanguage":"fr-FR","potentialAction":[{"@type":"ReadAction","target":["https:\/\/bale.ch\/journal\/laeroport-fete-le-septante-cinquieme-anniversaire-de-la-convention-franco-suisse\/"]}]},{"@type":"ImageObject","inLanguage":"fr-FR","@id":"https:\/\/bale.ch\/journal\/laeroport-fete-le-septante-cinquieme-anniversaire-de-la-convention-franco-suisse\/#primaryimage","url":"https:\/\/bale.ch\/journal\/wp-content\/uploads\/2024\/06\/euroairport_aeroport_flughafen_basel_bale_mulhouse_75.jpg","contentUrl":"https:\/\/bale.ch\/journal\/wp-content\/uploads\/2024\/06\/euroairport_aeroport_flughafen_basel_bale_mulhouse_75.jpg","width":900,"height":484},{"@type":"BreadcrumbList","@id":"https:\/\/bale.ch\/journal\/laeroport-fete-le-septante-cinquieme-anniversaire-de-la-convention-franco-suisse\/#breadcrumb","itemListElement":[{"@type":"ListItem","position":1,"name":"Accueil","item":"https:\/\/bale.ch\/journal\/"},{"@type":"ListItem","position":2,"name":"L&rsquo;a\u00e9roport f\u00eate le septante-cinqui\u00e8me anniversaire de la Convention franco-suisse"}]},{"@type":"WebSite","@id":"https:\/\/bale.ch\/journal\/#website","url":"https:\/\/bale.ch\/journal\/","name":"Journal de B\u00e2le et Gen\u00e8ve","description":"M\u00e9dia transfrontalier d&#039;actualit\u00e9s - News","publisher":{"@id":"https:\/\/bale.ch\/journal\/#organization"},"potentialAction":[{"@type":"SearchAction","target":{"@type":"EntryPoint","urlTemplate":"https:\/\/bale.ch\/journal\/?s={search_term_string}"},"query-input":{"@type":"PropertyValueSpecification","valueRequired":true,"valueName":"search_term_string"}}],"inLanguage":"fr-FR"},{"@type":"Organization","@id":"https:\/\/bale.ch\/journal\/#organization","name":"Journal de B\u00e2le et Gen\u00e8ve","url":"https:\/\/bale.ch\/journal\/","logo":{"@type":"ImageObject","inLanguage":"fr-FR","@id":"https:\/\/bale.ch\/journal\/#\/schema\/logo\/image\/","url":"https:\/\/bale.ch\/journal\/wp-content\/uploads\/2023\/07\/journaldebale_logo_2023_nb.png","contentUrl":"https:\/\/bale.ch\/journal\/wp-content\/uploads\/2023\/07\/journaldebale_logo_2023_nb.png","width":371,"height":127,"caption":"Journal de B\u00e2le et Gen\u00e8ve"},"image":{"@id":"https:\/\/bale.ch\/journal\/#\/schema\/logo\/image\/"}},{"@type":"Person","@id":"https:\/\/bale.ch\/journal\/#\/schema\/person\/03ced978db3b7a5274c5cef003f352f5","name":"La R\u00e9daction","image":{"@type":"ImageObject","inLanguage":"fr-FR","@id":"https:\/\/secure.gravatar.com\/avatar\/d1327e2ce8d2b860112f968a3f34686c9bdda7a463a1502cdd1070ac9d88cf1e?s=96&d=mm&r=g","url":"https:\/\/secure.gravatar.com\/avatar\/d1327e2ce8d2b860112f968a3f34686c9bdda7a463a1502cdd1070ac9d88cf1e?s=96&d=mm&r=g","contentUrl":"https:\/\/secure.gravatar.com\/avatar\/d1327e2ce8d2b860112f968a3f34686c9bdda7a463a1502cdd1070ac9d88cf1e?s=96&d=mm&r=g","caption":"La R\u00e9daction"},"url":"https:\/\/bale.ch\/journal\/author\/laredaction\/"}]}},"_links":{"self":[{"href":"https:\/\/bale.ch\/journal\/wp-json\/wp\/v2\/posts\/3531","targetHints":{"allow":["GET"]}}],"collection":[{"href":"https:\/\/bale.ch\/journal\/wp-json\/wp\/v2\/posts"}],"about":[{"href":"https:\/\/bale.ch\/journal\/wp-json\/wp\/v2\/types\/post"}],"author":[{"embeddable":true,"href":"https:\/\/bale.ch\/journal\/wp-json\/wp\/v2\/users\/2"}],"replies":[{"embeddable":true,"href":"https:\/\/bale.ch\/journal\/wp-json\/wp\/v2\/comments?post=3531"}],"version-history":[{"count":1,"href":"https:\/\/bale.ch\/journal\/wp-json\/wp\/v2\/posts\/3531\/revisions"}],"predecessor-version":[{"id":3533,"href":"https:\/\/bale.ch\/journal\/wp-json\/wp\/v2\/posts\/3531\/revisions\/3533"}],"wp:featuredmedia":[{"embeddable":true,"href":"https:\/\/bale.ch\/journal\/wp-json\/wp\/v2\/media\/3532"}],"wp:attachment":[{"href":"https:\/\/bale.ch\/journal\/wp-json\/wp\/v2\/media?parent=3531"}],"wp:term":[{"taxonomy":"category","embeddable":true,"href":"https:\/\/bale.ch\/journal\/wp-json\/wp\/v2\/categories?post=3531"},{"taxonomy":"post_tag","embeddable":true,"href":"https:\/\/bale.ch\/journal\/wp-json\/wp\/v2\/tags?post=3531"}],"curies":[{"name":"wp","href":"https:\/\/api.w.org\/{rel}","templated":true}]}}