{"id":3535,"date":"2024-07-20T16:01:40","date_gmt":"2024-07-20T16:01:40","guid":{"rendered":"https:\/\/bale.ch\/journal\/?p=3535"},"modified":"2024-07-21T19:13:21","modified_gmt":"2024-07-21T19:13:21","slug":"eurovision-2025-a-bale-ou-a-geneve","status":"publish","type":"post","link":"https:\/\/bale.ch\/journal\/eurovision-2025-a-bale-ou-a-geneve\/","title":{"rendered":"Eurovision 2025: \u00e0 B\u00e2le ou \u00e0 Gen\u00e8ve?"},"content":{"rendered":"\n<p class=\"wp-block-paragraph\"><strong>La Soci\u00e9t\u00e9 nationale suisse de radio-t\u00e9l\u00e9vision (SSR) a r\u00e9duit \u00e0 deux la liste des quatre candidatures pour accueillir le concours Eurovision de la chanson 2025. B\u00e2le et Gen\u00e8ve ont d&rsquo;excellents dossier pour remporter l&rsquo;organisation du plus grand concours musical du monde.<\/strong><\/p>\n\n\n\n<p class=\"wp-block-paragraph\">Les deux villes sont situ\u00e9es directement \u00e0 la fronti\u00e8re suisse &#8211; et donc \u00e9galement \u00e0 la fronti\u00e8re avec l&rsquo;Union europ\u00e9enne. Le comit\u00e9 directeur de la SSR pour l&rsquo;Eurovision 2025, pr\u00e9sid\u00e9 par le directeur g\u00e9n\u00e9ral Gilles Marchand, a attribu\u00e9 la meilleure note aux candidatures de ces deux villes. La plus grande ville de Suisse, Zurich, est hors course, tout comme la ville f\u00e9d\u00e9rale de Berne, qui a postul\u00e9 avec Bienne, la ville natale du laur\u00e9at de l&rsquo;Eurovision,&nbsp;Nemo&nbsp;.<\/p>\n\n\n\n<h2 class=\"wp-block-heading\">Gen\u00e8ve : Ambiance internationale sur le lac L\u00e9man<\/h2>\n\n\n\n<p class=\"wp-block-paragraph\"><a href=\"https:\/\/www.eurovision.de\/news\/schweiz1320_v-contentgross.jpg\"><\/a>Gen\u00e8ve est situ\u00e9e directement au bord du lac et \u00e0 la fronti\u00e8re avec la France. L&rsquo;Union europ\u00e9enne de radiodiffusion a son si\u00e8ge dans le quartier du Grand Saconnex \u00e0 Gen\u00e8ve, la deuxi\u00e8me plus grande ville de Suisse. Il y a aussi le Palexpo d&rsquo;une capacit\u00e9 de 15&rsquo;000 spectateurs &#8211; le lieu possible de l&rsquo;Eurovision 2025 &#8211; et l&rsquo;a\u00e9roport international. Tout est accessible \u00e0 pied. La ville et le canton de Gen\u00e8ve souhaitent contribuer aux co\u00fbts \u00e0 hauteur de 30 millions de francs.<\/p><div id=\"crieu-1122348116\" class=\"crieu-content crieu-entity-placement\"><script async src=\"\/\/pagead2.googlesyndication.com\/pagead\/js\/adsbygoogle.js?client=ca-pub-5271584769416742\" crossorigin=\"anonymous\"><\/script><ins class=\"adsbygoogle\" style=\"display:block;\" data-ad-client=\"ca-pub-5271584769416742\" \ndata-ad-slot=\"9321250718\" \ndata-ad-format=\"auto\"><\/ins>\n<script> \n(adsbygoogle = window.adsbygoogle || []).push({}); \n<\/script>\n<\/div>\n\n\n\n<h2 class=\"wp-block-heading\">B\u00e2le veut \u00ab franchir les fronti\u00e8res \u00bb avec son application<\/h2>\n\n\n\n<p class=\"wp-block-paragraph\">Contrairement \u00e0 Gen\u00e8ve, B\u00e2le n&rsquo;a pas rendu public le montant qu&rsquo;elle souhaite consacrer \u00e0 l&rsquo;Eurovision. En tant que ville frontali\u00e8re avec l&rsquo;Allemagne et la France, la candidature de B\u00e2le \u00e9tait bas\u00e9e sur la devise \u00ab\u00a0Crossing Borders\u00a0\u00bb. La Halle Saint-Jacques, d&rsquo;une capacit\u00e9 de 12&rsquo;000 spectateurs, en sera le lieu. Et d&rsquo;autres d\u00e9tails ont d\u00e9j\u00e0 \u00e9t\u00e9 d\u00e9termin\u00e9s. Comme le rapporte le \u00ab\u00a0Tagesanzeiger\u00a0\u00bb, une projection publique aura lieu dans le stade de football voisin. En outre, une \u00ab\u00a0rue de l&rsquo;Eurovision\u00a0\u00bb doit \u00eatre construite dans le quartier de la vie nocturne de Steinenvorstadt et une sc\u00e8ne pour les groupes locaux sur la Barf\u00fcsserplatz, toutes deux situ\u00e9es directement au centre-ville de B\u00e2le. Cependant, le toit de la St. Jakobshalle reste un sujet de pr\u00e9occupation. Selon les m\u00e9dias, la charge sur le toit devrait \u00eatre augment\u00e9e pour r\u00e9pondre aux exigences de l&rsquo;ESC.<\/p>\n<div id=\"crieu-811266647\" class=\"crieu-apres-le-contenu crieu-entity-placement\" style=\"margin-left: auto;margin-right: auto;text-align: center;\"><script async src=\"\/\/pagead2.googlesyndication.com\/pagead\/js\/adsbygoogle.js?client=ca-pub-5271584769416742\" crossorigin=\"anonymous\"><\/script><ins class=\"adsbygoogle\" style=\"display:block;\" data-ad-client=\"ca-pub-5271584769416742\" \ndata-ad-slot=\"9321250718\" \ndata-ad-format=\"auto\"><\/ins>\n<script> \n(adsbygoogle = window.adsbygoogle || []).push({}); \n<\/script>\n<\/div>","protected":false},"excerpt":{"rendered":"<p>La Soci\u00e9t\u00e9 nationale suisse de radio-t\u00e9l\u00e9vision (SSR) a r\u00e9duit \u00e0 deux la liste des quatre candidatures pour accueillir le concours Eurovision de la chanson 2025. B\u00e2le et Gen\u00e8ve ont d&rsquo;excellents <a href=\"https:\/\/bale.ch\/journal\/eurovision-2025-a-bale-ou-a-geneve\/\" class=\"read-more button-fancy -red\"><span class=\"btn-arrow\"><\/span><span class=\"twp-read-more text\">Continuer la lecture<\/span><\/a><\/p>\n","protected":false},"author":2,"featured_media":2607,"comment_status":"closed","ping_status":"closed","sticky":false,"template":"","format":"standard","meta":{"footnotes":""},"categories":[103,7,4],"tags":[234],"class_list":["post-3535","post","type-post","status-publish","format-standard","has-post-thumbnail","hentry","category-actu","category-bale","category-grand-geneve","tag-eurovision"],"yoast_head":"<!-- This site is optimized with the Yoast SEO plugin v28.3 - https:\/\/yoast.com\/product\/yoast-seo-wordpress\/ -->\n<title>Eurovision 2025: \u00e0 B\u00e2le ou \u00e0 Gen\u00e8ve? - Journal de B\u00e2le et Gen\u00e8ve<\/title>\n<meta name=\"robots\" content=\"index, follow, max-snippet:-1, max-image-preview:large, max-video-preview:-1\" \/>\n<link rel=\"canonical\" href=\"https:\/\/bale.ch\/journal\/eurovision-2025-a-bale-ou-a-geneve\/\" \/>\n<meta property=\"og:locale\" content=\"fr_FR\" \/>\n<meta property=\"og:type\" content=\"article\" \/>\n<meta property=\"og:title\" content=\"Eurovision 2025: \u00e0 B\u00e2le ou \u00e0 Gen\u00e8ve? - Journal de B\u00e2le et Gen\u00e8ve\" \/>\n<meta property=\"og:description\" content=\"La Soci\u00e9t\u00e9 nationale suisse de radio-t\u00e9l\u00e9vision (SSR) a r\u00e9duit \u00e0 deux la liste des quatre candidatures pour accueillir le concours Eurovision de la chanson 2025. B\u00e2le et Gen\u00e8ve ont d&rsquo;excellents Continuer la lecture\" \/>\n<meta property=\"og:url\" content=\"https:\/\/bale.ch\/journal\/eurovision-2025-a-bale-ou-a-geneve\/\" \/>\n<meta property=\"og:site_name\" content=\"Journal de B\u00e2le et Gen\u00e8ve\" \/>\n<meta property=\"article:published_time\" content=\"2024-07-20T16:01:40+00:00\" \/>\n<meta property=\"article:modified_time\" content=\"2024-07-21T19:13:21+00:00\" \/>\n<meta property=\"og:image\" content=\"https:\/\/bale.ch\/journal\/wp-content\/uploads\/2020\/01\/basel_bahnhof_sbb_gare_de_bale_blt.jpg\" \/>\n\t<meta property=\"og:image:width\" content=\"900\" \/>\n\t<meta property=\"og:image:height\" content=\"484\" \/>\n\t<meta property=\"og:image:type\" content=\"image\/jpeg\" \/>\n<meta name=\"author\" content=\"La R\u00e9daction\" \/>\n<meta name=\"twitter:card\" content=\"summary_large_image\" \/>\n<meta name=\"twitter:label1\" content=\"\u00c9crit par\" \/>\n\t<meta name=\"twitter:data1\" content=\"La R\u00e9daction\" \/>\n\t<meta name=\"twitter:label2\" content=\"Dur\u00e9e de lecture estim\u00e9e\" \/>\n\t<meta name=\"twitter:data2\" content=\"2 minutes\" \/>\n<script type=\"application\/ld+json\" class=\"yoast-schema-graph\">{\"@context\":\"https:\\\/\\\/schema.org\",\"@graph\":[{\"@type\":\"Article\",\"@id\":\"https:\\\/\\\/bale.ch\\\/journal\\\/eurovision-2025-a-bale-ou-a-geneve\\\/#article\",\"isPartOf\":{\"@id\":\"https:\\\/\\\/bale.ch\\\/journal\\\/eurovision-2025-a-bale-ou-a-geneve\\\/\"},\"author\":{\"name\":\"La R\u00e9daction\",\"@id\":\"https:\\\/\\\/bale.ch\\\/journal\\\/#\\\/schema\\\/person\\\/03ced978db3b7a5274c5cef003f352f5\"},\"headline\":\"Eurovision 2025: \u00e0 B\u00e2le ou \u00e0 Gen\u00e8ve?\",\"datePublished\":\"2024-07-20T16:01:40+00:00\",\"dateModified\":\"2024-07-21T19:13:21+00:00\",\"mainEntityOfPage\":{\"@id\":\"https:\\\/\\\/bale.ch\\\/journal\\\/eurovision-2025-a-bale-ou-a-geneve\\\/\"},\"wordCount\":408,\"publisher\":{\"@id\":\"https:\\\/\\\/bale.ch\\\/journal\\\/#organization\"},\"image\":{\"@id\":\"https:\\\/\\\/bale.ch\\\/journal\\\/eurovision-2025-a-bale-ou-a-geneve\\\/#primaryimage\"},\"thumbnailUrl\":\"https:\\\/\\\/bale.ch\\\/journal\\\/wp-content\\\/uploads\\\/2020\\\/01\\\/basel_bahnhof_sbb_gare_de_bale_blt.jpg\",\"keywords\":[\"Eurovision\"],\"articleSection\":[\"Actualit\u00e9s\",\"B\u00e2le Trinationale\",\"Grand Gen\u00e8ve\"],\"inLanguage\":\"fr-FR\"},{\"@type\":\"WebPage\",\"@id\":\"https:\\\/\\\/bale.ch\\\/journal\\\/eurovision-2025-a-bale-ou-a-geneve\\\/\",\"url\":\"https:\\\/\\\/bale.ch\\\/journal\\\/eurovision-2025-a-bale-ou-a-geneve\\\/\",\"name\":\"Eurovision 2025: \u00e0 B\u00e2le ou \u00e0 Gen\u00e8ve? - Journal de B\u00e2le et Gen\u00e8ve\",\"isPartOf\":{\"@id\":\"https:\\\/\\\/bale.ch\\\/journal\\\/#website\"},\"primaryImageOfPage\":{\"@id\":\"https:\\\/\\\/bale.ch\\\/journal\\\/eurovision-2025-a-bale-ou-a-geneve\\\/#primaryimage\"},\"image\":{\"@id\":\"https:\\\/\\\/bale.ch\\\/journal\\\/eurovision-2025-a-bale-ou-a-geneve\\\/#primaryimage\"},\"thumbnailUrl\":\"https:\\\/\\\/bale.ch\\\/journal\\\/wp-content\\\/uploads\\\/2020\\\/01\\\/basel_bahnhof_sbb_gare_de_bale_blt.jpg\",\"datePublished\":\"2024-07-20T16:01:40+00:00\",\"dateModified\":\"2024-07-21T19:13:21+00:00\",\"breadcrumb\":{\"@id\":\"https:\\\/\\\/bale.ch\\\/journal\\\/eurovision-2025-a-bale-ou-a-geneve\\\/#breadcrumb\"},\"inLanguage\":\"fr-FR\",\"potentialAction\":[{\"@type\":\"ReadAction\",\"target\":[\"https:\\\/\\\/bale.ch\\\/journal\\\/eurovision-2025-a-bale-ou-a-geneve\\\/\"]}]},{\"@type\":\"ImageObject\",\"inLanguage\":\"fr-FR\",\"@id\":\"https:\\\/\\\/bale.ch\\\/journal\\\/eurovision-2025-a-bale-ou-a-geneve\\\/#primaryimage\",\"url\":\"https:\\\/\\\/bale.ch\\\/journal\\\/wp-content\\\/uploads\\\/2020\\\/01\\\/basel_bahnhof_sbb_gare_de_bale_blt.jpg\",\"contentUrl\":\"https:\\\/\\\/bale.ch\\\/journal\\\/wp-content\\\/uploads\\\/2020\\\/01\\\/basel_bahnhof_sbb_gare_de_bale_blt.jpg\",\"width\":900,\"height\":484},{\"@type\":\"BreadcrumbList\",\"@id\":\"https:\\\/\\\/bale.ch\\\/journal\\\/eurovision-2025-a-bale-ou-a-geneve\\\/#breadcrumb\",\"itemListElement\":[{\"@type\":\"ListItem\",\"position\":1,\"name\":\"Accueil\",\"item\":\"https:\\\/\\\/bale.ch\\\/journal\\\/\"},{\"@type\":\"ListItem\",\"position\":2,\"name\":\"Eurovision 2025: \u00e0 B\u00e2le ou \u00e0 Gen\u00e8ve?\"}]},{\"@type\":\"WebSite\",\"@id\":\"https:\\\/\\\/bale.ch\\\/journal\\\/#website\",\"url\":\"https:\\\/\\\/bale.ch\\\/journal\\\/\",\"name\":\"Journal de B\u00e2le et Gen\u00e8ve\",\"description\":\"M\u00e9dia transfrontalier d&#039;actualit\u00e9s - News\",\"publisher\":{\"@id\":\"https:\\\/\\\/bale.ch\\\/journal\\\/#organization\"},\"potentialAction\":[{\"@type\":\"SearchAction\",\"target\":{\"@type\":\"EntryPoint\",\"urlTemplate\":\"https:\\\/\\\/bale.ch\\\/journal\\\/?s={search_term_string}\"},\"query-input\":{\"@type\":\"PropertyValueSpecification\",\"valueRequired\":true,\"valueName\":\"search_term_string\"}}],\"inLanguage\":\"fr-FR\"},{\"@type\":\"Organization\",\"@id\":\"https:\\\/\\\/bale.ch\\\/journal\\\/#organization\",\"name\":\"Journal de B\u00e2le et Gen\u00e8ve\",\"url\":\"https:\\\/\\\/bale.ch\\\/journal\\\/\",\"logo\":{\"@type\":\"ImageObject\",\"inLanguage\":\"fr-FR\",\"@id\":\"https:\\\/\\\/bale.ch\\\/journal\\\/#\\\/schema\\\/logo\\\/image\\\/\",\"url\":\"https:\\\/\\\/bale.ch\\\/journal\\\/wp-content\\\/uploads\\\/2023\\\/07\\\/journaldebale_logo_2023_nb.png\",\"contentUrl\":\"https:\\\/\\\/bale.ch\\\/journal\\\/wp-content\\\/uploads\\\/2023\\\/07\\\/journaldebale_logo_2023_nb.png\",\"width\":371,\"height\":127,\"caption\":\"Journal de B\u00e2le et Gen\u00e8ve\"},\"image\":{\"@id\":\"https:\\\/\\\/bale.ch\\\/journal\\\/#\\\/schema\\\/logo\\\/image\\\/\"}},{\"@type\":\"Person\",\"@id\":\"https:\\\/\\\/bale.ch\\\/journal\\\/#\\\/schema\\\/person\\\/03ced978db3b7a5274c5cef003f352f5\",\"name\":\"La R\u00e9daction\",\"image\":{\"@type\":\"ImageObject\",\"inLanguage\":\"fr-FR\",\"@id\":\"https:\\\/\\\/secure.gravatar.com\\\/avatar\\\/d1327e2ce8d2b860112f968a3f34686c9bdda7a463a1502cdd1070ac9d88cf1e?s=96&d=mm&r=g\",\"url\":\"https:\\\/\\\/secure.gravatar.com\\\/avatar\\\/d1327e2ce8d2b860112f968a3f34686c9bdda7a463a1502cdd1070ac9d88cf1e?s=96&d=mm&r=g\",\"contentUrl\":\"https:\\\/\\\/secure.gravatar.com\\\/avatar\\\/d1327e2ce8d2b860112f968a3f34686c9bdda7a463a1502cdd1070ac9d88cf1e?s=96&d=mm&r=g\",\"caption\":\"La R\u00e9daction\"},\"url\":\"https:\\\/\\\/bale.ch\\\/journal\\\/author\\\/laredaction\\\/\"}]}<\/script>\n<!-- \/ Yoast SEO plugin. -->","yoast_head_json":{"title":"Eurovision 2025: \u00e0 B\u00e2le ou \u00e0 Gen\u00e8ve? - Journal de B\u00e2le et Gen\u00e8ve","robots":{"index":"index","follow":"follow","max-snippet":"max-snippet:-1","max-image-preview":"max-image-preview:large","max-video-preview":"max-video-preview:-1"},"canonical":"https:\/\/bale.ch\/journal\/eurovision-2025-a-bale-ou-a-geneve\/","og_locale":"fr_FR","og_type":"article","og_title":"Eurovision 2025: \u00e0 B\u00e2le ou \u00e0 Gen\u00e8ve? - Journal de B\u00e2le et Gen\u00e8ve","og_description":"La Soci\u00e9t\u00e9 nationale suisse de radio-t\u00e9l\u00e9vision (SSR) a r\u00e9duit \u00e0 deux la liste des quatre candidatures pour accueillir le concours Eurovision de la chanson 2025. B\u00e2le et Gen\u00e8ve ont d&rsquo;excellents Continuer la lecture","og_url":"https:\/\/bale.ch\/journal\/eurovision-2025-a-bale-ou-a-geneve\/","og_site_name":"Journal de B\u00e2le et Gen\u00e8ve","article_published_time":"2024-07-20T16:01:40+00:00","article_modified_time":"2024-07-21T19:13:21+00:00","og_image":[{"width":900,"height":484,"url":"https:\/\/bale.ch\/journal\/wp-content\/uploads\/2020\/01\/basel_bahnhof_sbb_gare_de_bale_blt.jpg","type":"image\/jpeg"}],"author":"La R\u00e9daction","twitter_card":"summary_large_image","twitter_misc":{"\u00c9crit par":"La R\u00e9daction","Dur\u00e9e de lecture estim\u00e9e":"2 minutes"},"schema":{"@context":"https:\/\/schema.org","@graph":[{"@type":"Article","@id":"https:\/\/bale.ch\/journal\/eurovision-2025-a-bale-ou-a-geneve\/#article","isPartOf":{"@id":"https:\/\/bale.ch\/journal\/eurovision-2025-a-bale-ou-a-geneve\/"},"author":{"name":"La R\u00e9daction","@id":"https:\/\/bale.ch\/journal\/#\/schema\/person\/03ced978db3b7a5274c5cef003f352f5"},"headline":"Eurovision 2025: \u00e0 B\u00e2le ou \u00e0 Gen\u00e8ve?","datePublished":"2024-07-20T16:01:40+00:00","dateModified":"2024-07-21T19:13:21+00:00","mainEntityOfPage":{"@id":"https:\/\/bale.ch\/journal\/eurovision-2025-a-bale-ou-a-geneve\/"},"wordCount":408,"publisher":{"@id":"https:\/\/bale.ch\/journal\/#organization"},"image":{"@id":"https:\/\/bale.ch\/journal\/eurovision-2025-a-bale-ou-a-geneve\/#primaryimage"},"thumbnailUrl":"https:\/\/bale.ch\/journal\/wp-content\/uploads\/2020\/01\/basel_bahnhof_sbb_gare_de_bale_blt.jpg","keywords":["Eurovision"],"articleSection":["Actualit\u00e9s","B\u00e2le Trinationale","Grand Gen\u00e8ve"],"inLanguage":"fr-FR"},{"@type":"WebPage","@id":"https:\/\/bale.ch\/journal\/eurovision-2025-a-bale-ou-a-geneve\/","url":"https:\/\/bale.ch\/journal\/eurovision-2025-a-bale-ou-a-geneve\/","name":"Eurovision 2025: \u00e0 B\u00e2le ou \u00e0 Gen\u00e8ve? - Journal de B\u00e2le et Gen\u00e8ve","isPartOf":{"@id":"https:\/\/bale.ch\/journal\/#website"},"primaryImageOfPage":{"@id":"https:\/\/bale.ch\/journal\/eurovision-2025-a-bale-ou-a-geneve\/#primaryimage"},"image":{"@id":"https:\/\/bale.ch\/journal\/eurovision-2025-a-bale-ou-a-geneve\/#primaryimage"},"thumbnailUrl":"https:\/\/bale.ch\/journal\/wp-content\/uploads\/2020\/01\/basel_bahnhof_sbb_gare_de_bale_blt.jpg","datePublished":"2024-07-20T16:01:40+00:00","dateModified":"2024-07-21T19:13:21+00:00","breadcrumb":{"@id":"https:\/\/bale.ch\/journal\/eurovision-2025-a-bale-ou-a-geneve\/#breadcrumb"},"inLanguage":"fr-FR","potentialAction":[{"@type":"ReadAction","target":["https:\/\/bale.ch\/journal\/eurovision-2025-a-bale-ou-a-geneve\/"]}]},{"@type":"ImageObject","inLanguage":"fr-FR","@id":"https:\/\/bale.ch\/journal\/eurovision-2025-a-bale-ou-a-geneve\/#primaryimage","url":"https:\/\/bale.ch\/journal\/wp-content\/uploads\/2020\/01\/basel_bahnhof_sbb_gare_de_bale_blt.jpg","contentUrl":"https:\/\/bale.ch\/journal\/wp-content\/uploads\/2020\/01\/basel_bahnhof_sbb_gare_de_bale_blt.jpg","width":900,"height":484},{"@type":"BreadcrumbList","@id":"https:\/\/bale.ch\/journal\/eurovision-2025-a-bale-ou-a-geneve\/#breadcrumb","itemListElement":[{"@type":"ListItem","position":1,"name":"Accueil","item":"https:\/\/bale.ch\/journal\/"},{"@type":"ListItem","position":2,"name":"Eurovision 2025: \u00e0 B\u00e2le ou \u00e0 Gen\u00e8ve?"}]},{"@type":"WebSite","@id":"https:\/\/bale.ch\/journal\/#website","url":"https:\/\/bale.ch\/journal\/","name":"Journal de B\u00e2le et Gen\u00e8ve","description":"M\u00e9dia transfrontalier d&#039;actualit\u00e9s - News","publisher":{"@id":"https:\/\/bale.ch\/journal\/#organization"},"potentialAction":[{"@type":"SearchAction","target":{"@type":"EntryPoint","urlTemplate":"https:\/\/bale.ch\/journal\/?s={search_term_string}"},"query-input":{"@type":"PropertyValueSpecification","valueRequired":true,"valueName":"search_term_string"}}],"inLanguage":"fr-FR"},{"@type":"Organization","@id":"https:\/\/bale.ch\/journal\/#organization","name":"Journal de B\u00e2le et Gen\u00e8ve","url":"https:\/\/bale.ch\/journal\/","logo":{"@type":"ImageObject","inLanguage":"fr-FR","@id":"https:\/\/bale.ch\/journal\/#\/schema\/logo\/image\/","url":"https:\/\/bale.ch\/journal\/wp-content\/uploads\/2023\/07\/journaldebale_logo_2023_nb.png","contentUrl":"https:\/\/bale.ch\/journal\/wp-content\/uploads\/2023\/07\/journaldebale_logo_2023_nb.png","width":371,"height":127,"caption":"Journal de B\u00e2le et Gen\u00e8ve"},"image":{"@id":"https:\/\/bale.ch\/journal\/#\/schema\/logo\/image\/"}},{"@type":"Person","@id":"https:\/\/bale.ch\/journal\/#\/schema\/person\/03ced978db3b7a5274c5cef003f352f5","name":"La R\u00e9daction","image":{"@type":"ImageObject","inLanguage":"fr-FR","@id":"https:\/\/secure.gravatar.com\/avatar\/d1327e2ce8d2b860112f968a3f34686c9bdda7a463a1502cdd1070ac9d88cf1e?s=96&d=mm&r=g","url":"https:\/\/secure.gravatar.com\/avatar\/d1327e2ce8d2b860112f968a3f34686c9bdda7a463a1502cdd1070ac9d88cf1e?s=96&d=mm&r=g","contentUrl":"https:\/\/secure.gravatar.com\/avatar\/d1327e2ce8d2b860112f968a3f34686c9bdda7a463a1502cdd1070ac9d88cf1e?s=96&d=mm&r=g","caption":"La R\u00e9daction"},"url":"https:\/\/bale.ch\/journal\/author\/laredaction\/"}]}},"_links":{"self":[{"href":"https:\/\/bale.ch\/journal\/wp-json\/wp\/v2\/posts\/3535","targetHints":{"allow":["GET"]}}],"collection":[{"href":"https:\/\/bale.ch\/journal\/wp-json\/wp\/v2\/posts"}],"about":[{"href":"https:\/\/bale.ch\/journal\/wp-json\/wp\/v2\/types\/post"}],"author":[{"embeddable":true,"href":"https:\/\/bale.ch\/journal\/wp-json\/wp\/v2\/users\/2"}],"replies":[{"embeddable":true,"href":"https:\/\/bale.ch\/journal\/wp-json\/wp\/v2\/comments?post=3535"}],"version-history":[{"count":3,"href":"https:\/\/bale.ch\/journal\/wp-json\/wp\/v2\/posts\/3535\/revisions"}],"predecessor-version":[{"id":3538,"href":"https:\/\/bale.ch\/journal\/wp-json\/wp\/v2\/posts\/3535\/revisions\/3538"}],"wp:featuredmedia":[{"embeddable":true,"href":"https:\/\/bale.ch\/journal\/wp-json\/wp\/v2\/media\/2607"}],"wp:attachment":[{"href":"https:\/\/bale.ch\/journal\/wp-json\/wp\/v2\/media?parent=3535"}],"wp:term":[{"taxonomy":"category","embeddable":true,"href":"https:\/\/bale.ch\/journal\/wp-json\/wp\/v2\/categories?post=3535"},{"taxonomy":"post_tag","embeddable":true,"href":"https:\/\/bale.ch\/journal\/wp-json\/wp\/v2\/tags?post=3535"}],"curies":[{"name":"wp","href":"https:\/\/api.w.org\/{rel}","templated":true}]}}