{"id":3539,"date":"2024-07-24T10:24:54","date_gmt":"2024-07-24T10:24:54","guid":{"rendered":"https:\/\/bale.ch\/journal\/?p=3539"},"modified":"2024-09-22T08:46:26","modified_gmt":"2024-09-22T08:46:26","slug":"martigny-leonard-gianadda-sur-les-traces-de-tintin","status":"publish","type":"post","link":"https:\/\/bale.ch\/journal\/martigny-leonard-gianadda-sur-les-traces-de-tintin\/","title":{"rendered":"Martigny: L\u00e9onard Gianadda sur les traces de Tintin"},"content":{"rendered":"\n<p class=\"wp-block-paragraph\"><strong>En partenariat avec le Mus\u00e9e Herg\u00e9, la Fondation Pierre Gianadda, pr\u00e9sente, dans la Galerie du Foyer, des vignettes des \u00ab\u00a0Aventures de Tintin\u00a0\u00bb et des photographies de L\u00e9onard Gianadda. Plus de huitante images, mises en parall\u00e8le dans sept chapitres (\u00c9tats-Unis, Europe, \u00c9gypte-Tunisie, Pays des Soviets, M\u00e9diterran\u00e9e, Am\u00e9rique du Sud, Afrique), font \u00e9troitement dialoguer le regard du photoreporter avec des situations dessin\u00e9es par Herg\u00e9.<\/strong><\/p>\n\n\n\n<p class=\"wp-block-paragraph\">Il est difficile de dire et impossible de prouver que L\u00e9onard Gianadda entreprend ses voyages et reportages \u00e0 la suite de Tintin. Mais il est plausible que, nourri d\u00e8s l\u2019enfance des aventures du h\u00e9ros \u00e0 la houppette, il ait eu, consciemment ou non, l\u2019id\u00e9e de visiter des pays o\u00f9 Tintin avait essay\u00e9 de changer le cours des choses.<\/p>\n\n\n\n<figure class=\"wp-block-image size-full\"><a href=\"https:\/\/bale.ch\/journal\/wp-content\/uploads\/2024\/07\/3-affaire_t_lausanne_p-f4150.jpg\"><img loading=\"lazy\" decoding=\"async\" width=\"720\" height=\"442\" src=\"https:\/\/bale.ch\/journal\/wp-content\/uploads\/2024\/07\/3-affaire_t_lausanne_p-f4150.jpg\" alt=\"\" class=\"wp-image-3540\" srcset=\"https:\/\/bale.ch\/journal\/wp-content\/uploads\/2024\/07\/3-affaire_t_lausanne_p-f4150.jpg 720w, https:\/\/bale.ch\/journal\/wp-content\/uploads\/2024\/07\/3-affaire_t_lausanne_p-f4150-300x184.jpg 300w\" sizes=\"auto, (max-width: 720px) 100vw, 720px\" \/><\/a><\/figure>\n\n\n\n<figure class=\"wp-block-image size-full\"><a href=\"https:\/\/bale.ch\/journal\/wp-content\/uploads\/2024\/07\/6-picaros_mexique-54148.jpg\"><img loading=\"lazy\" decoding=\"async\" width=\"720\" height=\"562\" src=\"https:\/\/bale.ch\/journal\/wp-content\/uploads\/2024\/07\/6-picaros_mexique-54148.jpg\" alt=\"\" class=\"wp-image-3541\" srcset=\"https:\/\/bale.ch\/journal\/wp-content\/uploads\/2024\/07\/6-picaros_mexique-54148.jpg 720w, https:\/\/bale.ch\/journal\/wp-content\/uploads\/2024\/07\/6-picaros_mexique-54148-300x234.jpg 300w\" sizes=\"auto, (max-width: 720px) 100vw, 720px\" \/><\/a><\/figure>\n\n\n\n<p class=\"wp-block-paragraph\">Lorsque L\u00e9onard effectue ses reportages qui le m\u00e8nent aux quatre coins du monde entre 1953 et 1961, les&nbsp;<em>Aventures de Tintin<\/em>&nbsp;sont encore tr\u00e8s pr\u00e9sentes dans sa m\u00e9moire, quand elles ne se d\u00e9roulent pas en parall\u00e8le. Le jeune Martignerain marche sur les traces de Tintin en faisant preuve d\u2019une m\u00eame curiosit\u00e9, de libert\u00e9, et avec cette joie identique de d\u00e9couvrir le monde au fil des opportunit\u00e9s de voyage qui se pr\u00e9sentent, heureux de repousser les limites de son quotidien. Il immortalise alors, avec son Rolleiflex et son Leica, des paysages, des sc\u00e8nes et des personnages qui ont l\u2019air de sortir tout droit des albums d\u2019Herg\u00e9.<\/p><div id=\"crieu-2776633312\" class=\"crieu-content crieu-entity-placement\"><script async src=\"\/\/pagead2.googlesyndication.com\/pagead\/js\/adsbygoogle.js?client=ca-pub-5271584769416742\" crossorigin=\"anonymous\"><\/script><ins class=\"adsbygoogle\" style=\"display:block;\" data-ad-client=\"ca-pub-5271584769416742\" \ndata-ad-slot=\"9321250718\" \ndata-ad-format=\"auto\"><\/ins>\n<script> \n(adsbygoogle = window.adsbygoogle || []).push({}); \n<\/script>\n<\/div>\n\n\n\n<p class=\"wp-block-paragraph\">Gr\u00e2ce \u00e0 cette surprenante rencontre des deux globe-trotters, une facette in\u00e9dite de L\u00e9onard est d\u00e9voil\u00e9e au public dans cette exposition. Elle fait revivre avec bonheur des voyages et souvenirs oubli\u00e9s, qui ne manqueront d\u2019ailleurs pas de rappeler aux visiteurs les liens qu\u2019ils ont eux-m\u00eames tiss\u00e9s avec Tintin.<\/p>\n\n\n\n<p class=\"wp-block-paragraph\">Du 12 juillet au 19 novembre 2024<br>Plus d&rsquo;infos sur <a rel=\"noreferrer noopener\" href=\"https:\/\/www.gianadda.ch\/\" target=\"_blank\">gianadda.ch<\/a><\/p>\n<div id=\"crieu-3664651727\" class=\"crieu-apres-le-contenu crieu-entity-placement\" style=\"margin-left: auto;margin-right: auto;text-align: center;\"><script async src=\"\/\/pagead2.googlesyndication.com\/pagead\/js\/adsbygoogle.js?client=ca-pub-5271584769416742\" crossorigin=\"anonymous\"><\/script><ins class=\"adsbygoogle\" style=\"display:block;\" data-ad-client=\"ca-pub-5271584769416742\" \ndata-ad-slot=\"9321250718\" \ndata-ad-format=\"auto\"><\/ins>\n<script> \n(adsbygoogle = window.adsbygoogle || []).push({}); \n<\/script>\n<\/div>","protected":false},"excerpt":{"rendered":"<p>En partenariat avec le Mus\u00e9e Herg\u00e9, la Fondation Pierre Gianadda, pr\u00e9sente, dans la Galerie du Foyer, des vignettes des \u00ab\u00a0Aventures de Tintin\u00a0\u00bb et des photographies de L\u00e9onard Gianadda. Plus de <a href=\"https:\/\/bale.ch\/journal\/martigny-leonard-gianadda-sur-les-traces-de-tintin\/\" class=\"read-more button-fancy -red\"><span class=\"btn-arrow\"><\/span><span class=\"twp-read-more text\">Continuer la lecture<\/span><\/a><\/p>\n","protected":false},"author":2,"featured_media":3542,"comment_status":"closed","ping_status":"closed","sticky":false,"template":"","format":"standard","meta":{"footnotes":""},"categories":[103,11,10],"tags":[94,20,235,236,49,68],"class_list":["post-3539","post","type-post","status-publish","format-standard","has-post-thumbnail","hentry","category-actu","category-art","category-culture","tag-art","tag-bande-dessinee","tag-fondation-pierre-gianadda","tag-martigny","tag-photographie","tag-valais"],"yoast_head":"<!-- This site is optimized with the Yoast SEO plugin v28.3 - https:\/\/yoast.com\/product\/yoast-seo-wordpress\/ -->\n<title>Martigny: L\u00e9onard Gianadda sur les traces de Tintin - Journal de B\u00e2le et Gen\u00e8ve<\/title>\n<meta name=\"robots\" content=\"index, follow, max-snippet:-1, max-image-preview:large, max-video-preview:-1\" \/>\n<link rel=\"canonical\" href=\"https:\/\/bale.ch\/journal\/martigny-leonard-gianadda-sur-les-traces-de-tintin\/\" \/>\n<meta property=\"og:locale\" content=\"fr_FR\" \/>\n<meta property=\"og:type\" content=\"article\" \/>\n<meta property=\"og:title\" content=\"Martigny: L\u00e9onard Gianadda sur les traces de Tintin - Journal de B\u00e2le et Gen\u00e8ve\" \/>\n<meta property=\"og:description\" content=\"En partenariat avec le Mus\u00e9e Herg\u00e9, la Fondation Pierre Gianadda, pr\u00e9sente, dans la Galerie du Foyer, des vignettes des \u00ab\u00a0Aventures de Tintin\u00a0\u00bb et des photographies de L\u00e9onard Gianadda. Plus de Continuer la lecture\" \/>\n<meta property=\"og:url\" content=\"https:\/\/bale.ch\/journal\/martigny-leonard-gianadda-sur-les-traces-de-tintin\/\" \/>\n<meta property=\"og:site_name\" content=\"Journal de B\u00e2le et Gen\u00e8ve\" \/>\n<meta property=\"article:published_time\" content=\"2024-07-24T10:24:54+00:00\" \/>\n<meta property=\"article:modified_time\" content=\"2024-09-22T08:46:26+00:00\" \/>\n<meta property=\"og:image\" content=\"https:\/\/bale.ch\/journal\/wp-content\/uploads\/2024\/07\/leonard_gianadda_martigny_tintin.jpg\" \/>\n\t<meta property=\"og:image:width\" content=\"900\" \/>\n\t<meta property=\"og:image:height\" content=\"484\" \/>\n\t<meta property=\"og:image:type\" content=\"image\/jpeg\" \/>\n<meta name=\"author\" content=\"La R\u00e9daction\" \/>\n<meta name=\"twitter:card\" content=\"summary_large_image\" \/>\n<meta name=\"twitter:label1\" content=\"\u00c9crit par\" \/>\n\t<meta name=\"twitter:data1\" content=\"La R\u00e9daction\" \/>\n\t<meta name=\"twitter:label2\" content=\"Dur\u00e9e de lecture estim\u00e9e\" \/>\n\t<meta name=\"twitter:data2\" content=\"2 minutes\" \/>\n<script type=\"application\/ld+json\" class=\"yoast-schema-graph\">{\"@context\":\"https:\\\/\\\/schema.org\",\"@graph\":[{\"@type\":\"Article\",\"@id\":\"https:\\\/\\\/bale.ch\\\/journal\\\/martigny-leonard-gianadda-sur-les-traces-de-tintin\\\/#article\",\"isPartOf\":{\"@id\":\"https:\\\/\\\/bale.ch\\\/journal\\\/martigny-leonard-gianadda-sur-les-traces-de-tintin\\\/\"},\"author\":{\"name\":\"La R\u00e9daction\",\"@id\":\"https:\\\/\\\/bale.ch\\\/journal\\\/#\\\/schema\\\/person\\\/03ced978db3b7a5274c5cef003f352f5\"},\"headline\":\"Martigny: L\u00e9onard Gianadda sur les traces de Tintin\",\"datePublished\":\"2024-07-24T10:24:54+00:00\",\"dateModified\":\"2024-09-22T08:46:26+00:00\",\"mainEntityOfPage\":{\"@id\":\"https:\\\/\\\/bale.ch\\\/journal\\\/martigny-leonard-gianadda-sur-les-traces-de-tintin\\\/\"},\"wordCount\":327,\"publisher\":{\"@id\":\"https:\\\/\\\/bale.ch\\\/journal\\\/#organization\"},\"image\":{\"@id\":\"https:\\\/\\\/bale.ch\\\/journal\\\/martigny-leonard-gianadda-sur-les-traces-de-tintin\\\/#primaryimage\"},\"thumbnailUrl\":\"https:\\\/\\\/bale.ch\\\/journal\\\/wp-content\\\/uploads\\\/2024\\\/07\\\/leonard_gianadda_martigny_tintin.jpg\",\"keywords\":[\"art\",\"bande dessin\u00e9e\",\"Fondation Pierre Gianadda\",\"Martigny\",\"Photographie\",\"Valais\"],\"articleSection\":[\"Actualit\u00e9s\",\"Art\",\"Culture\"],\"inLanguage\":\"fr-FR\"},{\"@type\":\"WebPage\",\"@id\":\"https:\\\/\\\/bale.ch\\\/journal\\\/martigny-leonard-gianadda-sur-les-traces-de-tintin\\\/\",\"url\":\"https:\\\/\\\/bale.ch\\\/journal\\\/martigny-leonard-gianadda-sur-les-traces-de-tintin\\\/\",\"name\":\"Martigny: L\u00e9onard Gianadda sur les traces de Tintin - Journal de B\u00e2le et Gen\u00e8ve\",\"isPartOf\":{\"@id\":\"https:\\\/\\\/bale.ch\\\/journal\\\/#website\"},\"primaryImageOfPage\":{\"@id\":\"https:\\\/\\\/bale.ch\\\/journal\\\/martigny-leonard-gianadda-sur-les-traces-de-tintin\\\/#primaryimage\"},\"image\":{\"@id\":\"https:\\\/\\\/bale.ch\\\/journal\\\/martigny-leonard-gianadda-sur-les-traces-de-tintin\\\/#primaryimage\"},\"thumbnailUrl\":\"https:\\\/\\\/bale.ch\\\/journal\\\/wp-content\\\/uploads\\\/2024\\\/07\\\/leonard_gianadda_martigny_tintin.jpg\",\"datePublished\":\"2024-07-24T10:24:54+00:00\",\"dateModified\":\"2024-09-22T08:46:26+00:00\",\"breadcrumb\":{\"@id\":\"https:\\\/\\\/bale.ch\\\/journal\\\/martigny-leonard-gianadda-sur-les-traces-de-tintin\\\/#breadcrumb\"},\"inLanguage\":\"fr-FR\",\"potentialAction\":[{\"@type\":\"ReadAction\",\"target\":[\"https:\\\/\\\/bale.ch\\\/journal\\\/martigny-leonard-gianadda-sur-les-traces-de-tintin\\\/\"]}]},{\"@type\":\"ImageObject\",\"inLanguage\":\"fr-FR\",\"@id\":\"https:\\\/\\\/bale.ch\\\/journal\\\/martigny-leonard-gianadda-sur-les-traces-de-tintin\\\/#primaryimage\",\"url\":\"https:\\\/\\\/bale.ch\\\/journal\\\/wp-content\\\/uploads\\\/2024\\\/07\\\/leonard_gianadda_martigny_tintin.jpg\",\"contentUrl\":\"https:\\\/\\\/bale.ch\\\/journal\\\/wp-content\\\/uploads\\\/2024\\\/07\\\/leonard_gianadda_martigny_tintin.jpg\",\"width\":900,\"height\":484},{\"@type\":\"BreadcrumbList\",\"@id\":\"https:\\\/\\\/bale.ch\\\/journal\\\/martigny-leonard-gianadda-sur-les-traces-de-tintin\\\/#breadcrumb\",\"itemListElement\":[{\"@type\":\"ListItem\",\"position\":1,\"name\":\"Accueil\",\"item\":\"https:\\\/\\\/bale.ch\\\/journal\\\/\"},{\"@type\":\"ListItem\",\"position\":2,\"name\":\"Martigny: L\u00e9onard Gianadda sur les traces de Tintin\"}]},{\"@type\":\"WebSite\",\"@id\":\"https:\\\/\\\/bale.ch\\\/journal\\\/#website\",\"url\":\"https:\\\/\\\/bale.ch\\\/journal\\\/\",\"name\":\"Journal de B\u00e2le et Gen\u00e8ve\",\"description\":\"M\u00e9dia transfrontalier d&#039;actualit\u00e9s - News\",\"publisher\":{\"@id\":\"https:\\\/\\\/bale.ch\\\/journal\\\/#organization\"},\"potentialAction\":[{\"@type\":\"SearchAction\",\"target\":{\"@type\":\"EntryPoint\",\"urlTemplate\":\"https:\\\/\\\/bale.ch\\\/journal\\\/?s={search_term_string}\"},\"query-input\":{\"@type\":\"PropertyValueSpecification\",\"valueRequired\":true,\"valueName\":\"search_term_string\"}}],\"inLanguage\":\"fr-FR\"},{\"@type\":\"Organization\",\"@id\":\"https:\\\/\\\/bale.ch\\\/journal\\\/#organization\",\"name\":\"Journal de B\u00e2le et Gen\u00e8ve\",\"url\":\"https:\\\/\\\/bale.ch\\\/journal\\\/\",\"logo\":{\"@type\":\"ImageObject\",\"inLanguage\":\"fr-FR\",\"@id\":\"https:\\\/\\\/bale.ch\\\/journal\\\/#\\\/schema\\\/logo\\\/image\\\/\",\"url\":\"https:\\\/\\\/bale.ch\\\/journal\\\/wp-content\\\/uploads\\\/2023\\\/07\\\/journaldebale_logo_2023_nb.png\",\"contentUrl\":\"https:\\\/\\\/bale.ch\\\/journal\\\/wp-content\\\/uploads\\\/2023\\\/07\\\/journaldebale_logo_2023_nb.png\",\"width\":371,\"height\":127,\"caption\":\"Journal de B\u00e2le et Gen\u00e8ve\"},\"image\":{\"@id\":\"https:\\\/\\\/bale.ch\\\/journal\\\/#\\\/schema\\\/logo\\\/image\\\/\"}},{\"@type\":\"Person\",\"@id\":\"https:\\\/\\\/bale.ch\\\/journal\\\/#\\\/schema\\\/person\\\/03ced978db3b7a5274c5cef003f352f5\",\"name\":\"La R\u00e9daction\",\"image\":{\"@type\":\"ImageObject\",\"inLanguage\":\"fr-FR\",\"@id\":\"https:\\\/\\\/secure.gravatar.com\\\/avatar\\\/d1327e2ce8d2b860112f968a3f34686c9bdda7a463a1502cdd1070ac9d88cf1e?s=96&d=mm&r=g\",\"url\":\"https:\\\/\\\/secure.gravatar.com\\\/avatar\\\/d1327e2ce8d2b860112f968a3f34686c9bdda7a463a1502cdd1070ac9d88cf1e?s=96&d=mm&r=g\",\"contentUrl\":\"https:\\\/\\\/secure.gravatar.com\\\/avatar\\\/d1327e2ce8d2b860112f968a3f34686c9bdda7a463a1502cdd1070ac9d88cf1e?s=96&d=mm&r=g\",\"caption\":\"La R\u00e9daction\"},\"url\":\"https:\\\/\\\/bale.ch\\\/journal\\\/author\\\/laredaction\\\/\"}]}<\/script>\n<!-- \/ Yoast SEO plugin. -->","yoast_head_json":{"title":"Martigny: L\u00e9onard Gianadda sur les traces de Tintin - Journal de B\u00e2le et Gen\u00e8ve","robots":{"index":"index","follow":"follow","max-snippet":"max-snippet:-1","max-image-preview":"max-image-preview:large","max-video-preview":"max-video-preview:-1"},"canonical":"https:\/\/bale.ch\/journal\/martigny-leonard-gianadda-sur-les-traces-de-tintin\/","og_locale":"fr_FR","og_type":"article","og_title":"Martigny: L\u00e9onard Gianadda sur les traces de Tintin - Journal de B\u00e2le et Gen\u00e8ve","og_description":"En partenariat avec le Mus\u00e9e Herg\u00e9, la Fondation Pierre Gianadda, pr\u00e9sente, dans la Galerie du Foyer, des vignettes des \u00ab\u00a0Aventures de Tintin\u00a0\u00bb et des photographies de L\u00e9onard Gianadda. Plus de Continuer la lecture","og_url":"https:\/\/bale.ch\/journal\/martigny-leonard-gianadda-sur-les-traces-de-tintin\/","og_site_name":"Journal de B\u00e2le et Gen\u00e8ve","article_published_time":"2024-07-24T10:24:54+00:00","article_modified_time":"2024-09-22T08:46:26+00:00","og_image":[{"width":900,"height":484,"url":"https:\/\/bale.ch\/journal\/wp-content\/uploads\/2024\/07\/leonard_gianadda_martigny_tintin.jpg","type":"image\/jpeg"}],"author":"La R\u00e9daction","twitter_card":"summary_large_image","twitter_misc":{"\u00c9crit par":"La R\u00e9daction","Dur\u00e9e de lecture estim\u00e9e":"2 minutes"},"schema":{"@context":"https:\/\/schema.org","@graph":[{"@type":"Article","@id":"https:\/\/bale.ch\/journal\/martigny-leonard-gianadda-sur-les-traces-de-tintin\/#article","isPartOf":{"@id":"https:\/\/bale.ch\/journal\/martigny-leonard-gianadda-sur-les-traces-de-tintin\/"},"author":{"name":"La R\u00e9daction","@id":"https:\/\/bale.ch\/journal\/#\/schema\/person\/03ced978db3b7a5274c5cef003f352f5"},"headline":"Martigny: L\u00e9onard Gianadda sur les traces de Tintin","datePublished":"2024-07-24T10:24:54+00:00","dateModified":"2024-09-22T08:46:26+00:00","mainEntityOfPage":{"@id":"https:\/\/bale.ch\/journal\/martigny-leonard-gianadda-sur-les-traces-de-tintin\/"},"wordCount":327,"publisher":{"@id":"https:\/\/bale.ch\/journal\/#organization"},"image":{"@id":"https:\/\/bale.ch\/journal\/martigny-leonard-gianadda-sur-les-traces-de-tintin\/#primaryimage"},"thumbnailUrl":"https:\/\/bale.ch\/journal\/wp-content\/uploads\/2024\/07\/leonard_gianadda_martigny_tintin.jpg","keywords":["art","bande dessin\u00e9e","Fondation Pierre Gianadda","Martigny","Photographie","Valais"],"articleSection":["Actualit\u00e9s","Art","Culture"],"inLanguage":"fr-FR"},{"@type":"WebPage","@id":"https:\/\/bale.ch\/journal\/martigny-leonard-gianadda-sur-les-traces-de-tintin\/","url":"https:\/\/bale.ch\/journal\/martigny-leonard-gianadda-sur-les-traces-de-tintin\/","name":"Martigny: L\u00e9onard Gianadda sur les traces de Tintin - Journal de B\u00e2le et Gen\u00e8ve","isPartOf":{"@id":"https:\/\/bale.ch\/journal\/#website"},"primaryImageOfPage":{"@id":"https:\/\/bale.ch\/journal\/martigny-leonard-gianadda-sur-les-traces-de-tintin\/#primaryimage"},"image":{"@id":"https:\/\/bale.ch\/journal\/martigny-leonard-gianadda-sur-les-traces-de-tintin\/#primaryimage"},"thumbnailUrl":"https:\/\/bale.ch\/journal\/wp-content\/uploads\/2024\/07\/leonard_gianadda_martigny_tintin.jpg","datePublished":"2024-07-24T10:24:54+00:00","dateModified":"2024-09-22T08:46:26+00:00","breadcrumb":{"@id":"https:\/\/bale.ch\/journal\/martigny-leonard-gianadda-sur-les-traces-de-tintin\/#breadcrumb"},"inLanguage":"fr-FR","potentialAction":[{"@type":"ReadAction","target":["https:\/\/bale.ch\/journal\/martigny-leonard-gianadda-sur-les-traces-de-tintin\/"]}]},{"@type":"ImageObject","inLanguage":"fr-FR","@id":"https:\/\/bale.ch\/journal\/martigny-leonard-gianadda-sur-les-traces-de-tintin\/#primaryimage","url":"https:\/\/bale.ch\/journal\/wp-content\/uploads\/2024\/07\/leonard_gianadda_martigny_tintin.jpg","contentUrl":"https:\/\/bale.ch\/journal\/wp-content\/uploads\/2024\/07\/leonard_gianadda_martigny_tintin.jpg","width":900,"height":484},{"@type":"BreadcrumbList","@id":"https:\/\/bale.ch\/journal\/martigny-leonard-gianadda-sur-les-traces-de-tintin\/#breadcrumb","itemListElement":[{"@type":"ListItem","position":1,"name":"Accueil","item":"https:\/\/bale.ch\/journal\/"},{"@type":"ListItem","position":2,"name":"Martigny: L\u00e9onard Gianadda sur les traces de Tintin"}]},{"@type":"WebSite","@id":"https:\/\/bale.ch\/journal\/#website","url":"https:\/\/bale.ch\/journal\/","name":"Journal de B\u00e2le et Gen\u00e8ve","description":"M\u00e9dia transfrontalier d&#039;actualit\u00e9s - News","publisher":{"@id":"https:\/\/bale.ch\/journal\/#organization"},"potentialAction":[{"@type":"SearchAction","target":{"@type":"EntryPoint","urlTemplate":"https:\/\/bale.ch\/journal\/?s={search_term_string}"},"query-input":{"@type":"PropertyValueSpecification","valueRequired":true,"valueName":"search_term_string"}}],"inLanguage":"fr-FR"},{"@type":"Organization","@id":"https:\/\/bale.ch\/journal\/#organization","name":"Journal de B\u00e2le et Gen\u00e8ve","url":"https:\/\/bale.ch\/journal\/","logo":{"@type":"ImageObject","inLanguage":"fr-FR","@id":"https:\/\/bale.ch\/journal\/#\/schema\/logo\/image\/","url":"https:\/\/bale.ch\/journal\/wp-content\/uploads\/2023\/07\/journaldebale_logo_2023_nb.png","contentUrl":"https:\/\/bale.ch\/journal\/wp-content\/uploads\/2023\/07\/journaldebale_logo_2023_nb.png","width":371,"height":127,"caption":"Journal de B\u00e2le et Gen\u00e8ve"},"image":{"@id":"https:\/\/bale.ch\/journal\/#\/schema\/logo\/image\/"}},{"@type":"Person","@id":"https:\/\/bale.ch\/journal\/#\/schema\/person\/03ced978db3b7a5274c5cef003f352f5","name":"La R\u00e9daction","image":{"@type":"ImageObject","inLanguage":"fr-FR","@id":"https:\/\/secure.gravatar.com\/avatar\/d1327e2ce8d2b860112f968a3f34686c9bdda7a463a1502cdd1070ac9d88cf1e?s=96&d=mm&r=g","url":"https:\/\/secure.gravatar.com\/avatar\/d1327e2ce8d2b860112f968a3f34686c9bdda7a463a1502cdd1070ac9d88cf1e?s=96&d=mm&r=g","contentUrl":"https:\/\/secure.gravatar.com\/avatar\/d1327e2ce8d2b860112f968a3f34686c9bdda7a463a1502cdd1070ac9d88cf1e?s=96&d=mm&r=g","caption":"La R\u00e9daction"},"url":"https:\/\/bale.ch\/journal\/author\/laredaction\/"}]}},"_links":{"self":[{"href":"https:\/\/bale.ch\/journal\/wp-json\/wp\/v2\/posts\/3539","targetHints":{"allow":["GET"]}}],"collection":[{"href":"https:\/\/bale.ch\/journal\/wp-json\/wp\/v2\/posts"}],"about":[{"href":"https:\/\/bale.ch\/journal\/wp-json\/wp\/v2\/types\/post"}],"author":[{"embeddable":true,"href":"https:\/\/bale.ch\/journal\/wp-json\/wp\/v2\/users\/2"}],"replies":[{"embeddable":true,"href":"https:\/\/bale.ch\/journal\/wp-json\/wp\/v2\/comments?post=3539"}],"version-history":[{"count":2,"href":"https:\/\/bale.ch\/journal\/wp-json\/wp\/v2\/posts\/3539\/revisions"}],"predecessor-version":[{"id":3602,"href":"https:\/\/bale.ch\/journal\/wp-json\/wp\/v2\/posts\/3539\/revisions\/3602"}],"wp:featuredmedia":[{"embeddable":true,"href":"https:\/\/bale.ch\/journal\/wp-json\/wp\/v2\/media\/3542"}],"wp:attachment":[{"href":"https:\/\/bale.ch\/journal\/wp-json\/wp\/v2\/media?parent=3539"}],"wp:term":[{"taxonomy":"category","embeddable":true,"href":"https:\/\/bale.ch\/journal\/wp-json\/wp\/v2\/categories?post=3539"},{"taxonomy":"post_tag","embeddable":true,"href":"https:\/\/bale.ch\/journal\/wp-json\/wp\/v2\/tags?post=3539"}],"curies":[{"name":"wp","href":"https:\/\/api.w.org\/{rel}","templated":true}]}}