{"id":3547,"date":"2024-08-15T08:55:23","date_gmt":"2024-08-15T08:55:23","guid":{"rendered":"https:\/\/bale.ch\/journal\/?p=3547"},"modified":"2024-08-15T08:56:16","modified_gmt":"2024-08-15T08:56:16","slug":"28e-rendez-vous-nocturne-avec-les-chauves-souris","status":"publish","type":"post","link":"https:\/\/bale.ch\/journal\/28e-rendez-vous-nocturne-avec-les-chauves-souris\/","title":{"rendered":"Vingt-huiti\u00e8me rendez-vous nocturne avec les chauves-souris"},"content":{"rendered":"\n<p class=\"wp-block-paragraph\"><strong>Du 23 au 25 ao\u00fbt, la 28e Nuit internationale des chauves-souris se d\u00e9roulera dans toute la Suisse. Comme chaque ann\u00e9e depuis 28 ans, des sp\u00e9cialistes des chauves-souris invitent le public \u00e0 d\u00e9couvrir le monde fascinant des chiropt\u00e8res et l\u2019importance de leur protection \u00e0 travers des manifestations tr\u00e8s diverses. Au total, ce sont 25 manifestations consacr\u00e9es aux chauves-souris qui seront organis\u00e9es en 2024.<\/strong><\/p>\n\n\n\n<p class=\"wp-block-paragraph\">Le Centre de coordination suisse pour l\u2019\u00e9tude et la protection des chauves-souris souffle sa 40e bougie. Depuis sa cr\u00e9ation en 1984, sa mission est de promouvoir la protection et l\u2019\u00e9tude de ces mammif\u00e8res en Suisse sur mandat de l\u2019Office f\u00e9d\u00e9ral de l\u2019environnement (OFEV). Il est constitu\u00e9 de deux si\u00e8ges, un au Mus\u00e9um d\u2019histoire naturelle de la Ville de Gen\u00e8ve pour la Suisse romande et Berne, et un \u00e0 la Stiftung Fledermausschutz au Zoo de Z\u00fcrich pour la Suisse allemande et le Tessin. Les deux si\u00e8ges coordonnent un r\u00e9seau de centres de coordination r\u00e9gionaux pr\u00e9sents dans les cantons.<\/p>\n\n\n\n<h2 class=\"wp-block-heading\">Un engagement de quarante ans<\/h2>\n\n\n\n<p class=\"wp-block-paragraph\">Gr\u00e2ce \u00e0 la vision et l\u2019engagement de sp\u00e9cialistes et de passionn\u00e9\u00b7es, cette initiative est devenue un mod\u00e8le de conservation en collaboration avec la Conf\u00e9d\u00e9ration et les cantons. Sur le terrain, les b\u00e9n\u00e9voles sont les yeux et les oreilles du r\u00e9seau. Ils visitent annuellement les sites de mise bas, souvent d\u00e9couverts gr\u00e2ce \u00e0 des annonces de la population locale, ils assurent des permanences t\u00e9l\u00e9phoniques, animent des ateliers pour le public ou s\u2019engagent dans des centres de soins. Leur d\u00e9vouement est essentiel au bon fonctionnement de l\u2019ensemble du syst\u00e8me.<\/p><div id=\"crieu-1853593827\" class=\"crieu-content crieu-entity-placement\"><script async src=\"\/\/pagead2.googlesyndication.com\/pagead\/js\/adsbygoogle.js?client=ca-pub-5271584769416742\" crossorigin=\"anonymous\"><\/script><ins class=\"adsbygoogle\" style=\"display:block;\" data-ad-client=\"ca-pub-5271584769416742\" \ndata-ad-slot=\"9321250718\" \ndata-ad-format=\"auto\"><\/ins>\n<script> \n(adsbygoogle = window.adsbygoogle || []).push({}); \n<\/script>\n<\/div>\n\n\n\n<p class=\"wp-block-paragraph\">Les expert.es, quant \u00e0 eux, ne reculent devant aucun d\u00e9fi : ils et elles grimpent les \u00e9chelles les plus hautes et se plongent dans des plans complexes de b\u00e2timent ou d\u2019\u00e9clairage afin d\u2019apporter des solutions constructives, assurant ainsi que les habitats des chauves-souris soient pr\u00e9serv\u00e9s. Au niveau national, les responsables d\u00e9veloppent des outils, collectent et diffusent des donn\u00e9es d\u2019observations, cr\u00e9ant ainsi une base solide pour guider les d\u00e9cisions en mati\u00e8re de conservation de la Conf\u00e9d\u00e9ration et des cantons.<\/p>\n\n\n\n<p class=\"wp-block-paragraph\">Ce r\u00e9seau, fruit d\u2019un effort collectif sur quatre d\u00e9cennies, illustre parfaitement comment l\u2019enthousiasme, l\u2019expertise et la collaboration peuvent conduire \u00e0 des r\u00e9sultats tangibles dans la protection de la biodiversit\u00e9.<\/p>\n\n\n\n<h2 class=\"wp-block-heading\">Rendez-vous nocturne<\/h2>\n\n\n\n<p class=\"wp-block-paragraph\">La Nuit des chauves-souris est une occasion unique de se familiariser avec ces myst\u00e9rieuses reines de la nuit, qu\u2019il est souvent possible de rep\u00e9rer en levant le regard au cr\u00e9puscule\u2026 Capables de manger chaque nuit jusqu\u2019\u00e0 la moiti\u00e9 de leur poids en insectes, de parcourir des distances de plusieurs centaines de<br>kilom\u00e8tres ou de vivre plus de 30 ans, on en compte 30 esp\u00e8ces en Suisse. Toutes prot\u00e9g\u00e9es, elles restent pourtant m\u00e9connues et sont menac\u00e9es par nos activit\u00e9s (fragmentation et modification de leur habitat, pollution lumineuse, pr\u00e9dation par les chats domestiques). Des sp\u00e9cialistes attendent le public pour partager un moment avec ces voltigeuses nocturnes : chacun trouvera au programme l\u2019occasion de passer une soir\u00e9e enrichissante en famille ou entre ami\u00b7es.<\/p>\n\n\n\n<h2 class=\"wp-block-heading\">Le programme en Suisse<\/h2>\n\n\n\n<p class=\"wp-block-paragraph\">La 28e Nuit internationale des chauves-souris en Suisse, c\u2019est 25 manifestations qui se d\u00e9roulent sur tout le territoire, comme au zoo de Lange Erlen (B\u00e2le), \u00e0 St-Ursanne (Jura), au Jardin botanique de Neuch\u00e2tel ou au Parc des Evaux (Gen\u00e8ve). La plupart des programmes sont adapt\u00e9s aux familles et sont anim\u00e9s par des passionn\u00e9\u00b7es de chauves-souris. Sauf indication contraire, toutes les manifestations sont gratuites et ne n\u00e9cessitent pas d\u2019inscription. Les \u00e9v\u00e9nements sont ouverts \u00e0 toustes et conviennent aux enfants.<\/p>\n\n\n\n<p class=\"wp-block-paragraph\">Plus d&rsquo;infos pour les <a rel=\"noreferrer noopener\" href=\"https:\/\/www.tempslibre.ch\/gen-ve\/manifestations\/428376-nuit-des-chauves-souris-2024\" target=\"_blank\">rendez-vous en Romandie<\/a><br>Plus d&rsquo;infos <a href=\"https:\/\/www.erlen-verein.ch\/aktuell\/veranstaltungen\/veranstaltung\/32\/fledermausnacht-2024\" target=\"_blank\" rel=\"noreferrer noopener\">pour B\u00e2le<\/a><\/p>\n<div id=\"crieu-4215603206\" class=\"crieu-apres-le-contenu crieu-entity-placement\" style=\"margin-left: auto;margin-right: auto;text-align: center;\"><script async src=\"\/\/pagead2.googlesyndication.com\/pagead\/js\/adsbygoogle.js?client=ca-pub-5271584769416742\" crossorigin=\"anonymous\"><\/script><ins class=\"adsbygoogle\" style=\"display:block;\" data-ad-client=\"ca-pub-5271584769416742\" \ndata-ad-slot=\"9321250718\" \ndata-ad-format=\"auto\"><\/ins>\n<script> \n(adsbygoogle = window.adsbygoogle || []).push({}); \n<\/script>\n<\/div>","protected":false},"excerpt":{"rendered":"<p>Du 23 au 25 ao\u00fbt, la 28e Nuit internationale des chauves-souris se d\u00e9roulera dans toute la Suisse. Comme chaque ann\u00e9e depuis 28 ans, des sp\u00e9cialistes des chauves-souris invitent le public <a href=\"https:\/\/bale.ch\/journal\/28e-rendez-vous-nocturne-avec-les-chauves-souris\/\" class=\"read-more button-fancy -red\"><span class=\"btn-arrow\"><\/span><span class=\"twp-read-more text\">Continuer la lecture<\/span><\/a><\/p>\n","protected":false},"author":2,"featured_media":3548,"comment_status":"closed","ping_status":"closed","sticky":false,"template":"","format":"standard","meta":{"footnotes":""},"categories":[103,18,8],"tags":[106],"class_list":["post-3547","post","type-post","status-publish","format-standard","has-post-thumbnail","hentry","category-actu","category-sortir","category-suisse","tag-suisse"],"yoast_head":"<!-- This site is optimized with the Yoast SEO plugin v28.3 - https:\/\/yoast.com\/product\/yoast-seo-wordpress\/ -->\n<title>Vingt-huiti\u00e8me rendez-vous nocturne avec les chauves-souris - Journal de B\u00e2le et Gen\u00e8ve<\/title>\n<meta name=\"robots\" content=\"index, follow, max-snippet:-1, max-image-preview:large, max-video-preview:-1\" \/>\n<link rel=\"canonical\" href=\"https:\/\/bale.ch\/journal\/28e-rendez-vous-nocturne-avec-les-chauves-souris\/\" \/>\n<meta property=\"og:locale\" content=\"fr_FR\" \/>\n<meta property=\"og:type\" content=\"article\" \/>\n<meta property=\"og:title\" content=\"Vingt-huiti\u00e8me rendez-vous nocturne avec les chauves-souris - Journal de B\u00e2le et Gen\u00e8ve\" \/>\n<meta property=\"og:description\" content=\"Du 23 au 25 ao\u00fbt, la 28e Nuit internationale des chauves-souris se d\u00e9roulera dans toute la Suisse. Comme chaque ann\u00e9e depuis 28 ans, des sp\u00e9cialistes des chauves-souris invitent le public Continuer la lecture\" \/>\n<meta property=\"og:url\" content=\"https:\/\/bale.ch\/journal\/28e-rendez-vous-nocturne-avec-les-chauves-souris\/\" \/>\n<meta property=\"og:site_name\" content=\"Journal de B\u00e2le et Gen\u00e8ve\" \/>\n<meta property=\"article:published_time\" content=\"2024-08-15T08:55:23+00:00\" \/>\n<meta property=\"article:modified_time\" content=\"2024-08-15T08:56:16+00:00\" \/>\n<meta property=\"og:image\" content=\"https:\/\/bale.ch\/journal\/wp-content\/uploads\/2024\/08\/nuit-des-chauves-souris.jpg\" \/>\n\t<meta property=\"og:image:width\" content=\"900\" \/>\n\t<meta property=\"og:image:height\" content=\"484\" \/>\n\t<meta property=\"og:image:type\" content=\"image\/jpeg\" \/>\n<meta name=\"author\" content=\"La R\u00e9daction\" \/>\n<meta name=\"twitter:card\" content=\"summary_large_image\" \/>\n<meta name=\"twitter:label1\" content=\"\u00c9crit par\" \/>\n\t<meta name=\"twitter:data1\" content=\"La R\u00e9daction\" \/>\n\t<meta name=\"twitter:label2\" content=\"Dur\u00e9e de lecture estim\u00e9e\" \/>\n\t<meta name=\"twitter:data2\" content=\"3 minutes\" \/>\n<script type=\"application\/ld+json\" class=\"yoast-schema-graph\">{\"@context\":\"https:\\\/\\\/schema.org\",\"@graph\":[{\"@type\":\"Article\",\"@id\":\"https:\\\/\\\/bale.ch\\\/journal\\\/28e-rendez-vous-nocturne-avec-les-chauves-souris\\\/#article\",\"isPartOf\":{\"@id\":\"https:\\\/\\\/bale.ch\\\/journal\\\/28e-rendez-vous-nocturne-avec-les-chauves-souris\\\/\"},\"author\":{\"name\":\"La R\u00e9daction\",\"@id\":\"https:\\\/\\\/bale.ch\\\/journal\\\/#\\\/schema\\\/person\\\/03ced978db3b7a5274c5cef003f352f5\"},\"headline\":\"Vingt-huiti\u00e8me rendez-vous nocturne avec les chauves-souris\",\"datePublished\":\"2024-08-15T08:55:23+00:00\",\"dateModified\":\"2024-08-15T08:56:16+00:00\",\"mainEntityOfPage\":{\"@id\":\"https:\\\/\\\/bale.ch\\\/journal\\\/28e-rendez-vous-nocturne-avec-les-chauves-souris\\\/\"},\"wordCount\":655,\"publisher\":{\"@id\":\"https:\\\/\\\/bale.ch\\\/journal\\\/#organization\"},\"image\":{\"@id\":\"https:\\\/\\\/bale.ch\\\/journal\\\/28e-rendez-vous-nocturne-avec-les-chauves-souris\\\/#primaryimage\"},\"thumbnailUrl\":\"https:\\\/\\\/bale.ch\\\/journal\\\/wp-content\\\/uploads\\\/2024\\\/08\\\/nuit-des-chauves-souris.jpg\",\"keywords\":[\"Suisse\"],\"articleSection\":[\"Actualit\u00e9s\",\"Sortir\",\"Suisse\"],\"inLanguage\":\"fr-FR\"},{\"@type\":\"WebPage\",\"@id\":\"https:\\\/\\\/bale.ch\\\/journal\\\/28e-rendez-vous-nocturne-avec-les-chauves-souris\\\/\",\"url\":\"https:\\\/\\\/bale.ch\\\/journal\\\/28e-rendez-vous-nocturne-avec-les-chauves-souris\\\/\",\"name\":\"Vingt-huiti\u00e8me rendez-vous nocturne avec les chauves-souris - Journal de B\u00e2le et Gen\u00e8ve\",\"isPartOf\":{\"@id\":\"https:\\\/\\\/bale.ch\\\/journal\\\/#website\"},\"primaryImageOfPage\":{\"@id\":\"https:\\\/\\\/bale.ch\\\/journal\\\/28e-rendez-vous-nocturne-avec-les-chauves-souris\\\/#primaryimage\"},\"image\":{\"@id\":\"https:\\\/\\\/bale.ch\\\/journal\\\/28e-rendez-vous-nocturne-avec-les-chauves-souris\\\/#primaryimage\"},\"thumbnailUrl\":\"https:\\\/\\\/bale.ch\\\/journal\\\/wp-content\\\/uploads\\\/2024\\\/08\\\/nuit-des-chauves-souris.jpg\",\"datePublished\":\"2024-08-15T08:55:23+00:00\",\"dateModified\":\"2024-08-15T08:56:16+00:00\",\"breadcrumb\":{\"@id\":\"https:\\\/\\\/bale.ch\\\/journal\\\/28e-rendez-vous-nocturne-avec-les-chauves-souris\\\/#breadcrumb\"},\"inLanguage\":\"fr-FR\",\"potentialAction\":[{\"@type\":\"ReadAction\",\"target\":[\"https:\\\/\\\/bale.ch\\\/journal\\\/28e-rendez-vous-nocturne-avec-les-chauves-souris\\\/\"]}]},{\"@type\":\"ImageObject\",\"inLanguage\":\"fr-FR\",\"@id\":\"https:\\\/\\\/bale.ch\\\/journal\\\/28e-rendez-vous-nocturne-avec-les-chauves-souris\\\/#primaryimage\",\"url\":\"https:\\\/\\\/bale.ch\\\/journal\\\/wp-content\\\/uploads\\\/2024\\\/08\\\/nuit-des-chauves-souris.jpg\",\"contentUrl\":\"https:\\\/\\\/bale.ch\\\/journal\\\/wp-content\\\/uploads\\\/2024\\\/08\\\/nuit-des-chauves-souris.jpg\",\"width\":900,\"height\":484},{\"@type\":\"BreadcrumbList\",\"@id\":\"https:\\\/\\\/bale.ch\\\/journal\\\/28e-rendez-vous-nocturne-avec-les-chauves-souris\\\/#breadcrumb\",\"itemListElement\":[{\"@type\":\"ListItem\",\"position\":1,\"name\":\"Accueil\",\"item\":\"https:\\\/\\\/bale.ch\\\/journal\\\/\"},{\"@type\":\"ListItem\",\"position\":2,\"name\":\"Vingt-huiti\u00e8me rendez-vous nocturne avec les chauves-souris\"}]},{\"@type\":\"WebSite\",\"@id\":\"https:\\\/\\\/bale.ch\\\/journal\\\/#website\",\"url\":\"https:\\\/\\\/bale.ch\\\/journal\\\/\",\"name\":\"Journal de B\u00e2le et Gen\u00e8ve\",\"description\":\"M\u00e9dia transfrontalier d&#039;actualit\u00e9s - News\",\"publisher\":{\"@id\":\"https:\\\/\\\/bale.ch\\\/journal\\\/#organization\"},\"potentialAction\":[{\"@type\":\"SearchAction\",\"target\":{\"@type\":\"EntryPoint\",\"urlTemplate\":\"https:\\\/\\\/bale.ch\\\/journal\\\/?s={search_term_string}\"},\"query-input\":{\"@type\":\"PropertyValueSpecification\",\"valueRequired\":true,\"valueName\":\"search_term_string\"}}],\"inLanguage\":\"fr-FR\"},{\"@type\":\"Organization\",\"@id\":\"https:\\\/\\\/bale.ch\\\/journal\\\/#organization\",\"name\":\"Journal de B\u00e2le et Gen\u00e8ve\",\"url\":\"https:\\\/\\\/bale.ch\\\/journal\\\/\",\"logo\":{\"@type\":\"ImageObject\",\"inLanguage\":\"fr-FR\",\"@id\":\"https:\\\/\\\/bale.ch\\\/journal\\\/#\\\/schema\\\/logo\\\/image\\\/\",\"url\":\"https:\\\/\\\/bale.ch\\\/journal\\\/wp-content\\\/uploads\\\/2023\\\/07\\\/journaldebale_logo_2023_nb.png\",\"contentUrl\":\"https:\\\/\\\/bale.ch\\\/journal\\\/wp-content\\\/uploads\\\/2023\\\/07\\\/journaldebale_logo_2023_nb.png\",\"width\":371,\"height\":127,\"caption\":\"Journal de B\u00e2le et Gen\u00e8ve\"},\"image\":{\"@id\":\"https:\\\/\\\/bale.ch\\\/journal\\\/#\\\/schema\\\/logo\\\/image\\\/\"}},{\"@type\":\"Person\",\"@id\":\"https:\\\/\\\/bale.ch\\\/journal\\\/#\\\/schema\\\/person\\\/03ced978db3b7a5274c5cef003f352f5\",\"name\":\"La R\u00e9daction\",\"image\":{\"@type\":\"ImageObject\",\"inLanguage\":\"fr-FR\",\"@id\":\"https:\\\/\\\/secure.gravatar.com\\\/avatar\\\/d1327e2ce8d2b860112f968a3f34686c9bdda7a463a1502cdd1070ac9d88cf1e?s=96&d=mm&r=g\",\"url\":\"https:\\\/\\\/secure.gravatar.com\\\/avatar\\\/d1327e2ce8d2b860112f968a3f34686c9bdda7a463a1502cdd1070ac9d88cf1e?s=96&d=mm&r=g\",\"contentUrl\":\"https:\\\/\\\/secure.gravatar.com\\\/avatar\\\/d1327e2ce8d2b860112f968a3f34686c9bdda7a463a1502cdd1070ac9d88cf1e?s=96&d=mm&r=g\",\"caption\":\"La R\u00e9daction\"},\"url\":\"https:\\\/\\\/bale.ch\\\/journal\\\/author\\\/laredaction\\\/\"}]}<\/script>\n<!-- \/ Yoast SEO plugin. -->","yoast_head_json":{"title":"Vingt-huiti\u00e8me rendez-vous nocturne avec les chauves-souris - Journal de B\u00e2le et Gen\u00e8ve","robots":{"index":"index","follow":"follow","max-snippet":"max-snippet:-1","max-image-preview":"max-image-preview:large","max-video-preview":"max-video-preview:-1"},"canonical":"https:\/\/bale.ch\/journal\/28e-rendez-vous-nocturne-avec-les-chauves-souris\/","og_locale":"fr_FR","og_type":"article","og_title":"Vingt-huiti\u00e8me rendez-vous nocturne avec les chauves-souris - Journal de B\u00e2le et Gen\u00e8ve","og_description":"Du 23 au 25 ao\u00fbt, la 28e Nuit internationale des chauves-souris se d\u00e9roulera dans toute la Suisse. Comme chaque ann\u00e9e depuis 28 ans, des sp\u00e9cialistes des chauves-souris invitent le public Continuer la lecture","og_url":"https:\/\/bale.ch\/journal\/28e-rendez-vous-nocturne-avec-les-chauves-souris\/","og_site_name":"Journal de B\u00e2le et Gen\u00e8ve","article_published_time":"2024-08-15T08:55:23+00:00","article_modified_time":"2024-08-15T08:56:16+00:00","og_image":[{"width":900,"height":484,"url":"https:\/\/bale.ch\/journal\/wp-content\/uploads\/2024\/08\/nuit-des-chauves-souris.jpg","type":"image\/jpeg"}],"author":"La R\u00e9daction","twitter_card":"summary_large_image","twitter_misc":{"\u00c9crit par":"La R\u00e9daction","Dur\u00e9e de lecture estim\u00e9e":"3 minutes"},"schema":{"@context":"https:\/\/schema.org","@graph":[{"@type":"Article","@id":"https:\/\/bale.ch\/journal\/28e-rendez-vous-nocturne-avec-les-chauves-souris\/#article","isPartOf":{"@id":"https:\/\/bale.ch\/journal\/28e-rendez-vous-nocturne-avec-les-chauves-souris\/"},"author":{"name":"La R\u00e9daction","@id":"https:\/\/bale.ch\/journal\/#\/schema\/person\/03ced978db3b7a5274c5cef003f352f5"},"headline":"Vingt-huiti\u00e8me rendez-vous nocturne avec les chauves-souris","datePublished":"2024-08-15T08:55:23+00:00","dateModified":"2024-08-15T08:56:16+00:00","mainEntityOfPage":{"@id":"https:\/\/bale.ch\/journal\/28e-rendez-vous-nocturne-avec-les-chauves-souris\/"},"wordCount":655,"publisher":{"@id":"https:\/\/bale.ch\/journal\/#organization"},"image":{"@id":"https:\/\/bale.ch\/journal\/28e-rendez-vous-nocturne-avec-les-chauves-souris\/#primaryimage"},"thumbnailUrl":"https:\/\/bale.ch\/journal\/wp-content\/uploads\/2024\/08\/nuit-des-chauves-souris.jpg","keywords":["Suisse"],"articleSection":["Actualit\u00e9s","Sortir","Suisse"],"inLanguage":"fr-FR"},{"@type":"WebPage","@id":"https:\/\/bale.ch\/journal\/28e-rendez-vous-nocturne-avec-les-chauves-souris\/","url":"https:\/\/bale.ch\/journal\/28e-rendez-vous-nocturne-avec-les-chauves-souris\/","name":"Vingt-huiti\u00e8me rendez-vous nocturne avec les chauves-souris - Journal de B\u00e2le et Gen\u00e8ve","isPartOf":{"@id":"https:\/\/bale.ch\/journal\/#website"},"primaryImageOfPage":{"@id":"https:\/\/bale.ch\/journal\/28e-rendez-vous-nocturne-avec-les-chauves-souris\/#primaryimage"},"image":{"@id":"https:\/\/bale.ch\/journal\/28e-rendez-vous-nocturne-avec-les-chauves-souris\/#primaryimage"},"thumbnailUrl":"https:\/\/bale.ch\/journal\/wp-content\/uploads\/2024\/08\/nuit-des-chauves-souris.jpg","datePublished":"2024-08-15T08:55:23+00:00","dateModified":"2024-08-15T08:56:16+00:00","breadcrumb":{"@id":"https:\/\/bale.ch\/journal\/28e-rendez-vous-nocturne-avec-les-chauves-souris\/#breadcrumb"},"inLanguage":"fr-FR","potentialAction":[{"@type":"ReadAction","target":["https:\/\/bale.ch\/journal\/28e-rendez-vous-nocturne-avec-les-chauves-souris\/"]}]},{"@type":"ImageObject","inLanguage":"fr-FR","@id":"https:\/\/bale.ch\/journal\/28e-rendez-vous-nocturne-avec-les-chauves-souris\/#primaryimage","url":"https:\/\/bale.ch\/journal\/wp-content\/uploads\/2024\/08\/nuit-des-chauves-souris.jpg","contentUrl":"https:\/\/bale.ch\/journal\/wp-content\/uploads\/2024\/08\/nuit-des-chauves-souris.jpg","width":900,"height":484},{"@type":"BreadcrumbList","@id":"https:\/\/bale.ch\/journal\/28e-rendez-vous-nocturne-avec-les-chauves-souris\/#breadcrumb","itemListElement":[{"@type":"ListItem","position":1,"name":"Accueil","item":"https:\/\/bale.ch\/journal\/"},{"@type":"ListItem","position":2,"name":"Vingt-huiti\u00e8me rendez-vous nocturne avec les chauves-souris"}]},{"@type":"WebSite","@id":"https:\/\/bale.ch\/journal\/#website","url":"https:\/\/bale.ch\/journal\/","name":"Journal de B\u00e2le et Gen\u00e8ve","description":"M\u00e9dia transfrontalier d&#039;actualit\u00e9s - News","publisher":{"@id":"https:\/\/bale.ch\/journal\/#organization"},"potentialAction":[{"@type":"SearchAction","target":{"@type":"EntryPoint","urlTemplate":"https:\/\/bale.ch\/journal\/?s={search_term_string}"},"query-input":{"@type":"PropertyValueSpecification","valueRequired":true,"valueName":"search_term_string"}}],"inLanguage":"fr-FR"},{"@type":"Organization","@id":"https:\/\/bale.ch\/journal\/#organization","name":"Journal de B\u00e2le et Gen\u00e8ve","url":"https:\/\/bale.ch\/journal\/","logo":{"@type":"ImageObject","inLanguage":"fr-FR","@id":"https:\/\/bale.ch\/journal\/#\/schema\/logo\/image\/","url":"https:\/\/bale.ch\/journal\/wp-content\/uploads\/2023\/07\/journaldebale_logo_2023_nb.png","contentUrl":"https:\/\/bale.ch\/journal\/wp-content\/uploads\/2023\/07\/journaldebale_logo_2023_nb.png","width":371,"height":127,"caption":"Journal de B\u00e2le et Gen\u00e8ve"},"image":{"@id":"https:\/\/bale.ch\/journal\/#\/schema\/logo\/image\/"}},{"@type":"Person","@id":"https:\/\/bale.ch\/journal\/#\/schema\/person\/03ced978db3b7a5274c5cef003f352f5","name":"La R\u00e9daction","image":{"@type":"ImageObject","inLanguage":"fr-FR","@id":"https:\/\/secure.gravatar.com\/avatar\/d1327e2ce8d2b860112f968a3f34686c9bdda7a463a1502cdd1070ac9d88cf1e?s=96&d=mm&r=g","url":"https:\/\/secure.gravatar.com\/avatar\/d1327e2ce8d2b860112f968a3f34686c9bdda7a463a1502cdd1070ac9d88cf1e?s=96&d=mm&r=g","contentUrl":"https:\/\/secure.gravatar.com\/avatar\/d1327e2ce8d2b860112f968a3f34686c9bdda7a463a1502cdd1070ac9d88cf1e?s=96&d=mm&r=g","caption":"La R\u00e9daction"},"url":"https:\/\/bale.ch\/journal\/author\/laredaction\/"}]}},"_links":{"self":[{"href":"https:\/\/bale.ch\/journal\/wp-json\/wp\/v2\/posts\/3547","targetHints":{"allow":["GET"]}}],"collection":[{"href":"https:\/\/bale.ch\/journal\/wp-json\/wp\/v2\/posts"}],"about":[{"href":"https:\/\/bale.ch\/journal\/wp-json\/wp\/v2\/types\/post"}],"author":[{"embeddable":true,"href":"https:\/\/bale.ch\/journal\/wp-json\/wp\/v2\/users\/2"}],"replies":[{"embeddable":true,"href":"https:\/\/bale.ch\/journal\/wp-json\/wp\/v2\/comments?post=3547"}],"version-history":[{"count":4,"href":"https:\/\/bale.ch\/journal\/wp-json\/wp\/v2\/posts\/3547\/revisions"}],"predecessor-version":[{"id":3552,"href":"https:\/\/bale.ch\/journal\/wp-json\/wp\/v2\/posts\/3547\/revisions\/3552"}],"wp:featuredmedia":[{"embeddable":true,"href":"https:\/\/bale.ch\/journal\/wp-json\/wp\/v2\/media\/3548"}],"wp:attachment":[{"href":"https:\/\/bale.ch\/journal\/wp-json\/wp\/v2\/media?parent=3547"}],"wp:term":[{"taxonomy":"category","embeddable":true,"href":"https:\/\/bale.ch\/journal\/wp-json\/wp\/v2\/categories?post=3547"},{"taxonomy":"post_tag","embeddable":true,"href":"https:\/\/bale.ch\/journal\/wp-json\/wp\/v2\/tags?post=3547"}],"curies":[{"name":"wp","href":"https:\/\/api.w.org\/{rel}","templated":true}]}}