{"id":3587,"date":"2024-09-16T09:34:12","date_gmt":"2024-09-16T09:34:12","guid":{"rendered":"https:\/\/bale.ch\/journal\/?p=3587"},"modified":"2024-09-16T16:57:43","modified_gmt":"2024-09-16T16:57:43","slug":"slowup_basel_dreiland_2024","status":"publish","type":"post","link":"https:\/\/bale.ch\/journal\/slowup_basel_dreiland_2024\/","title":{"rendered":"Dans l&rsquo;eurodistrict de B\u00e2le, la journ\u00e9e de circulation non-motoris\u00e9e est une success-story transfrontali\u00e8re"},"content":{"rendered":"\n<p class=\"wp-block-paragraph\">Les participants au SlowUp Basel-Dreiland de cette ann\u00e9e ont profit\u00e9 d&rsquo;un temps sec temp\u00e9ratures agr\u00e9ables sur pr\u00e8s de 60\u00a0km de parcours \u00e0 l\u2019abri de toute circulation motoris\u00e9e.  Environ 51&rsquo;000 personnes ont parcouru les trois boucles de l&rsquo;\u00e9preuve transfrontali\u00e8re et soulignant ainsi le fort ancrage de l\u2019\u00e9v\u00e9nement dans la r\u00e9gion. <\/p>\n\n\n\n<p class=\"wp-block-paragraph\">En effet, le parcours du slowUp s\u2019\u00e9tend \u00e0 travers la Suisse, l\u2019Allemagne et la France et offre aux participants la possibilit\u00e9 de red\u00e9couvrir leur environnement tout en longeant ou en traversant le majestueux Rhin.<\/p>\n\n\n\n<p class=\"wp-block-paragraph\">La journ\u00e9e fut remplie d\u2019aventures, de rires et de d\u00e9couvertes avec des activit\u00e9s pr\u00e9vues tout au long du trajet, et notamment des \u00e9tapes \u00e0 Saint-Louis et \u00e0 Huningue. Plus qu&rsquo;un \u00e9v\u00e9nement sportif, c\u2019est une c\u00e9l\u00e9bration de la vie sans moteur, une journ\u00e9e o\u00f9 la communaut\u00e9 se rassemble pour profiter de la beaut\u00e9 de la r\u00e9gion, en explorant le territoire transfrontalier d\u2019une mani\u00e8re tout \u00e0 fait exceptionnelle.<\/p><div id=\"crieu-1403578411\" class=\"crieu-content crieu-entity-placement\"><script async src=\"\/\/pagead2.googlesyndication.com\/pagead\/js\/adsbygoogle.js?client=ca-pub-5271584769416742\" crossorigin=\"anonymous\"><\/script><ins class=\"adsbygoogle\" style=\"display:block;\" data-ad-client=\"ca-pub-5271584769416742\" \ndata-ad-slot=\"9321250718\" \ndata-ad-format=\"auto\"><\/ins>\n<script> \n(adsbygoogle = window.adsbygoogle || []).push({}); \n<\/script>\n<\/div>\n<div id=\"crieu-1176782181\" class=\"crieu-apres-le-contenu crieu-entity-placement\" style=\"margin-left: auto;margin-right: auto;text-align: center;\"><script async src=\"\/\/pagead2.googlesyndication.com\/pagead\/js\/adsbygoogle.js?client=ca-pub-5271584769416742\" crossorigin=\"anonymous\"><\/script><ins class=\"adsbygoogle\" style=\"display:block;\" data-ad-client=\"ca-pub-5271584769416742\" \ndata-ad-slot=\"9321250718\" \ndata-ad-format=\"auto\"><\/ins>\n<script> \n(adsbygoogle = window.adsbygoogle || []).push({}); \n<\/script>\n<\/div>","protected":false},"excerpt":{"rendered":"<p>Les participants au SlowUp Basel-Dreiland de cette ann\u00e9e ont profit\u00e9 d&rsquo;un temps sec temp\u00e9ratures agr\u00e9ables sur pr\u00e8s de 60\u00a0km de parcours \u00e0 l\u2019abri de toute circulation motoris\u00e9e. Environ 51&rsquo;000 personnes <a href=\"https:\/\/bale.ch\/journal\/slowup_basel_dreiland_2024\/\" class=\"read-more button-fancy -red\"><span class=\"btn-arrow\"><\/span><span class=\"twp-read-more text\">Continuer la lecture<\/span><\/a><\/p>\n","protected":false},"author":2,"featured_media":3588,"comment_status":"closed","ping_status":"closed","sticky":false,"template":"","format":"standard","meta":{"footnotes":""},"categories":[103,7],"tags":[123,241],"class_list":["post-3587","post","type-post","status-publish","format-standard","has-post-thumbnail","hentry","category-actu","category-bale","tag-basel","tag-slowup"],"yoast_head":"<!-- This site is optimized with the Yoast SEO plugin v28.3 - https:\/\/yoast.com\/product\/yoast-seo-wordpress\/ -->\n<title>Dans l&#039;eurodistrict de B\u00e2le, la journ\u00e9e de circulation non-motoris\u00e9e est une success-story transfrontali\u00e8re - Journal de B\u00e2le et Gen\u00e8ve<\/title>\n<meta name=\"robots\" content=\"index, follow, max-snippet:-1, max-image-preview:large, max-video-preview:-1\" \/>\n<link rel=\"canonical\" href=\"https:\/\/bale.ch\/journal\/slowup_basel_dreiland_2024\/\" \/>\n<meta property=\"og:locale\" content=\"fr_FR\" \/>\n<meta property=\"og:type\" content=\"article\" \/>\n<meta property=\"og:title\" content=\"Dans l&#039;eurodistrict de B\u00e2le, la journ\u00e9e de circulation non-motoris\u00e9e est une success-story transfrontali\u00e8re - Journal de B\u00e2le et Gen\u00e8ve\" \/>\n<meta property=\"og:description\" content=\"Les participants au SlowUp Basel-Dreiland de cette ann\u00e9e ont profit\u00e9 d&rsquo;un temps sec temp\u00e9ratures agr\u00e9ables sur pr\u00e8s de 60\u00a0km de parcours \u00e0 l\u2019abri de toute circulation motoris\u00e9e. Environ 51&rsquo;000 personnes Continuer la lecture\" \/>\n<meta property=\"og:url\" content=\"https:\/\/bale.ch\/journal\/slowup_basel_dreiland_2024\/\" \/>\n<meta property=\"og:site_name\" content=\"Journal de B\u00e2le et Gen\u00e8ve\" \/>\n<meta property=\"article:published_time\" content=\"2024-09-16T09:34:12+00:00\" \/>\n<meta property=\"article:modified_time\" content=\"2024-09-16T16:57:43+00:00\" \/>\n<meta property=\"og:image\" content=\"https:\/\/bale.ch\/journal\/wp-content\/uploads\/2024\/09\/slowup_basel_dreiland.jpg\" \/>\n\t<meta property=\"og:image:width\" content=\"900\" \/>\n\t<meta property=\"og:image:height\" content=\"484\" \/>\n\t<meta property=\"og:image:type\" content=\"image\/jpeg\" \/>\n<meta name=\"author\" content=\"La R\u00e9daction\" \/>\n<meta name=\"twitter:card\" content=\"summary_large_image\" \/>\n<meta name=\"twitter:label1\" content=\"\u00c9crit par\" \/>\n\t<meta name=\"twitter:data1\" content=\"La R\u00e9daction\" \/>\n\t<meta name=\"twitter:label2\" content=\"Dur\u00e9e de lecture estim\u00e9e\" \/>\n\t<meta name=\"twitter:data2\" content=\"1 minute\" \/>\n<script type=\"application\/ld+json\" class=\"yoast-schema-graph\">{\"@context\":\"https:\\\/\\\/schema.org\",\"@graph\":[{\"@type\":\"Article\",\"@id\":\"https:\\\/\\\/bale.ch\\\/journal\\\/slowup_basel_dreiland_2024\\\/#article\",\"isPartOf\":{\"@id\":\"https:\\\/\\\/bale.ch\\\/journal\\\/slowup_basel_dreiland_2024\\\/\"},\"author\":{\"name\":\"La R\u00e9daction\",\"@id\":\"https:\\\/\\\/bale.ch\\\/journal\\\/#\\\/schema\\\/person\\\/03ced978db3b7a5274c5cef003f352f5\"},\"headline\":\"Dans l&rsquo;eurodistrict de B\u00e2le, la journ\u00e9e de circulation non-motoris\u00e9e est une success-story transfrontali\u00e8re\",\"datePublished\":\"2024-09-16T09:34:12+00:00\",\"dateModified\":\"2024-09-16T16:57:43+00:00\",\"mainEntityOfPage\":{\"@id\":\"https:\\\/\\\/bale.ch\\\/journal\\\/slowup_basel_dreiland_2024\\\/\"},\"wordCount\":190,\"publisher\":{\"@id\":\"https:\\\/\\\/bale.ch\\\/journal\\\/#organization\"},\"image\":{\"@id\":\"https:\\\/\\\/bale.ch\\\/journal\\\/slowup_basel_dreiland_2024\\\/#primaryimage\"},\"thumbnailUrl\":\"https:\\\/\\\/bale.ch\\\/journal\\\/wp-content\\\/uploads\\\/2024\\\/09\\\/slowup_basel_dreiland.jpg\",\"keywords\":[\"Basel\",\"slowup\"],\"articleSection\":[\"Actualit\u00e9s\",\"B\u00e2le Trinationale\"],\"inLanguage\":\"fr-FR\"},{\"@type\":\"WebPage\",\"@id\":\"https:\\\/\\\/bale.ch\\\/journal\\\/slowup_basel_dreiland_2024\\\/\",\"url\":\"https:\\\/\\\/bale.ch\\\/journal\\\/slowup_basel_dreiland_2024\\\/\",\"name\":\"Dans l'eurodistrict de B\u00e2le, la journ\u00e9e de circulation non-motoris\u00e9e est une success-story transfrontali\u00e8re - Journal de B\u00e2le et Gen\u00e8ve\",\"isPartOf\":{\"@id\":\"https:\\\/\\\/bale.ch\\\/journal\\\/#website\"},\"primaryImageOfPage\":{\"@id\":\"https:\\\/\\\/bale.ch\\\/journal\\\/slowup_basel_dreiland_2024\\\/#primaryimage\"},\"image\":{\"@id\":\"https:\\\/\\\/bale.ch\\\/journal\\\/slowup_basel_dreiland_2024\\\/#primaryimage\"},\"thumbnailUrl\":\"https:\\\/\\\/bale.ch\\\/journal\\\/wp-content\\\/uploads\\\/2024\\\/09\\\/slowup_basel_dreiland.jpg\",\"datePublished\":\"2024-09-16T09:34:12+00:00\",\"dateModified\":\"2024-09-16T16:57:43+00:00\",\"breadcrumb\":{\"@id\":\"https:\\\/\\\/bale.ch\\\/journal\\\/slowup_basel_dreiland_2024\\\/#breadcrumb\"},\"inLanguage\":\"fr-FR\",\"potentialAction\":[{\"@type\":\"ReadAction\",\"target\":[\"https:\\\/\\\/bale.ch\\\/journal\\\/slowup_basel_dreiland_2024\\\/\"]}]},{\"@type\":\"ImageObject\",\"inLanguage\":\"fr-FR\",\"@id\":\"https:\\\/\\\/bale.ch\\\/journal\\\/slowup_basel_dreiland_2024\\\/#primaryimage\",\"url\":\"https:\\\/\\\/bale.ch\\\/journal\\\/wp-content\\\/uploads\\\/2024\\\/09\\\/slowup_basel_dreiland.jpg\",\"contentUrl\":\"https:\\\/\\\/bale.ch\\\/journal\\\/wp-content\\\/uploads\\\/2024\\\/09\\\/slowup_basel_dreiland.jpg\",\"width\":900,\"height\":484},{\"@type\":\"BreadcrumbList\",\"@id\":\"https:\\\/\\\/bale.ch\\\/journal\\\/slowup_basel_dreiland_2024\\\/#breadcrumb\",\"itemListElement\":[{\"@type\":\"ListItem\",\"position\":1,\"name\":\"Accueil\",\"item\":\"https:\\\/\\\/bale.ch\\\/journal\\\/\"},{\"@type\":\"ListItem\",\"position\":2,\"name\":\"Dans l&rsquo;eurodistrict de B\u00e2le, la journ\u00e9e de circulation non-motoris\u00e9e est une success-story transfrontali\u00e8re\"}]},{\"@type\":\"WebSite\",\"@id\":\"https:\\\/\\\/bale.ch\\\/journal\\\/#website\",\"url\":\"https:\\\/\\\/bale.ch\\\/journal\\\/\",\"name\":\"Journal de B\u00e2le et Gen\u00e8ve\",\"description\":\"M\u00e9dia transfrontalier d&#039;actualit\u00e9s - News\",\"publisher\":{\"@id\":\"https:\\\/\\\/bale.ch\\\/journal\\\/#organization\"},\"potentialAction\":[{\"@type\":\"SearchAction\",\"target\":{\"@type\":\"EntryPoint\",\"urlTemplate\":\"https:\\\/\\\/bale.ch\\\/journal\\\/?s={search_term_string}\"},\"query-input\":{\"@type\":\"PropertyValueSpecification\",\"valueRequired\":true,\"valueName\":\"search_term_string\"}}],\"inLanguage\":\"fr-FR\"},{\"@type\":\"Organization\",\"@id\":\"https:\\\/\\\/bale.ch\\\/journal\\\/#organization\",\"name\":\"Journal de B\u00e2le et Gen\u00e8ve\",\"url\":\"https:\\\/\\\/bale.ch\\\/journal\\\/\",\"logo\":{\"@type\":\"ImageObject\",\"inLanguage\":\"fr-FR\",\"@id\":\"https:\\\/\\\/bale.ch\\\/journal\\\/#\\\/schema\\\/logo\\\/image\\\/\",\"url\":\"https:\\\/\\\/bale.ch\\\/journal\\\/wp-content\\\/uploads\\\/2023\\\/07\\\/journaldebale_logo_2023_nb.png\",\"contentUrl\":\"https:\\\/\\\/bale.ch\\\/journal\\\/wp-content\\\/uploads\\\/2023\\\/07\\\/journaldebale_logo_2023_nb.png\",\"width\":371,\"height\":127,\"caption\":\"Journal de B\u00e2le et Gen\u00e8ve\"},\"image\":{\"@id\":\"https:\\\/\\\/bale.ch\\\/journal\\\/#\\\/schema\\\/logo\\\/image\\\/\"}},{\"@type\":\"Person\",\"@id\":\"https:\\\/\\\/bale.ch\\\/journal\\\/#\\\/schema\\\/person\\\/03ced978db3b7a5274c5cef003f352f5\",\"name\":\"La R\u00e9daction\",\"image\":{\"@type\":\"ImageObject\",\"inLanguage\":\"fr-FR\",\"@id\":\"https:\\\/\\\/secure.gravatar.com\\\/avatar\\\/d1327e2ce8d2b860112f968a3f34686c9bdda7a463a1502cdd1070ac9d88cf1e?s=96&d=mm&r=g\",\"url\":\"https:\\\/\\\/secure.gravatar.com\\\/avatar\\\/d1327e2ce8d2b860112f968a3f34686c9bdda7a463a1502cdd1070ac9d88cf1e?s=96&d=mm&r=g\",\"contentUrl\":\"https:\\\/\\\/secure.gravatar.com\\\/avatar\\\/d1327e2ce8d2b860112f968a3f34686c9bdda7a463a1502cdd1070ac9d88cf1e?s=96&d=mm&r=g\",\"caption\":\"La R\u00e9daction\"},\"url\":\"https:\\\/\\\/bale.ch\\\/journal\\\/author\\\/laredaction\\\/\"}]}<\/script>\n<!-- \/ Yoast SEO plugin. -->","yoast_head_json":{"title":"Dans l'eurodistrict de B\u00e2le, la journ\u00e9e de circulation non-motoris\u00e9e est une success-story transfrontali\u00e8re - Journal de B\u00e2le et Gen\u00e8ve","robots":{"index":"index","follow":"follow","max-snippet":"max-snippet:-1","max-image-preview":"max-image-preview:large","max-video-preview":"max-video-preview:-1"},"canonical":"https:\/\/bale.ch\/journal\/slowup_basel_dreiland_2024\/","og_locale":"fr_FR","og_type":"article","og_title":"Dans l'eurodistrict de B\u00e2le, la journ\u00e9e de circulation non-motoris\u00e9e est une success-story transfrontali\u00e8re - Journal de B\u00e2le et Gen\u00e8ve","og_description":"Les participants au SlowUp Basel-Dreiland de cette ann\u00e9e ont profit\u00e9 d&rsquo;un temps sec temp\u00e9ratures agr\u00e9ables sur pr\u00e8s de 60\u00a0km de parcours \u00e0 l\u2019abri de toute circulation motoris\u00e9e. Environ 51&rsquo;000 personnes Continuer la lecture","og_url":"https:\/\/bale.ch\/journal\/slowup_basel_dreiland_2024\/","og_site_name":"Journal de B\u00e2le et Gen\u00e8ve","article_published_time":"2024-09-16T09:34:12+00:00","article_modified_time":"2024-09-16T16:57:43+00:00","og_image":[{"width":900,"height":484,"url":"https:\/\/bale.ch\/journal\/wp-content\/uploads\/2024\/09\/slowup_basel_dreiland.jpg","type":"image\/jpeg"}],"author":"La R\u00e9daction","twitter_card":"summary_large_image","twitter_misc":{"\u00c9crit par":"La R\u00e9daction","Dur\u00e9e de lecture estim\u00e9e":"1 minute"},"schema":{"@context":"https:\/\/schema.org","@graph":[{"@type":"Article","@id":"https:\/\/bale.ch\/journal\/slowup_basel_dreiland_2024\/#article","isPartOf":{"@id":"https:\/\/bale.ch\/journal\/slowup_basel_dreiland_2024\/"},"author":{"name":"La R\u00e9daction","@id":"https:\/\/bale.ch\/journal\/#\/schema\/person\/03ced978db3b7a5274c5cef003f352f5"},"headline":"Dans l&rsquo;eurodistrict de B\u00e2le, la journ\u00e9e de circulation non-motoris\u00e9e est une success-story transfrontali\u00e8re","datePublished":"2024-09-16T09:34:12+00:00","dateModified":"2024-09-16T16:57:43+00:00","mainEntityOfPage":{"@id":"https:\/\/bale.ch\/journal\/slowup_basel_dreiland_2024\/"},"wordCount":190,"publisher":{"@id":"https:\/\/bale.ch\/journal\/#organization"},"image":{"@id":"https:\/\/bale.ch\/journal\/slowup_basel_dreiland_2024\/#primaryimage"},"thumbnailUrl":"https:\/\/bale.ch\/journal\/wp-content\/uploads\/2024\/09\/slowup_basel_dreiland.jpg","keywords":["Basel","slowup"],"articleSection":["Actualit\u00e9s","B\u00e2le Trinationale"],"inLanguage":"fr-FR"},{"@type":"WebPage","@id":"https:\/\/bale.ch\/journal\/slowup_basel_dreiland_2024\/","url":"https:\/\/bale.ch\/journal\/slowup_basel_dreiland_2024\/","name":"Dans l'eurodistrict de B\u00e2le, la journ\u00e9e de circulation non-motoris\u00e9e est une success-story transfrontali\u00e8re - Journal de B\u00e2le et Gen\u00e8ve","isPartOf":{"@id":"https:\/\/bale.ch\/journal\/#website"},"primaryImageOfPage":{"@id":"https:\/\/bale.ch\/journal\/slowup_basel_dreiland_2024\/#primaryimage"},"image":{"@id":"https:\/\/bale.ch\/journal\/slowup_basel_dreiland_2024\/#primaryimage"},"thumbnailUrl":"https:\/\/bale.ch\/journal\/wp-content\/uploads\/2024\/09\/slowup_basel_dreiland.jpg","datePublished":"2024-09-16T09:34:12+00:00","dateModified":"2024-09-16T16:57:43+00:00","breadcrumb":{"@id":"https:\/\/bale.ch\/journal\/slowup_basel_dreiland_2024\/#breadcrumb"},"inLanguage":"fr-FR","potentialAction":[{"@type":"ReadAction","target":["https:\/\/bale.ch\/journal\/slowup_basel_dreiland_2024\/"]}]},{"@type":"ImageObject","inLanguage":"fr-FR","@id":"https:\/\/bale.ch\/journal\/slowup_basel_dreiland_2024\/#primaryimage","url":"https:\/\/bale.ch\/journal\/wp-content\/uploads\/2024\/09\/slowup_basel_dreiland.jpg","contentUrl":"https:\/\/bale.ch\/journal\/wp-content\/uploads\/2024\/09\/slowup_basel_dreiland.jpg","width":900,"height":484},{"@type":"BreadcrumbList","@id":"https:\/\/bale.ch\/journal\/slowup_basel_dreiland_2024\/#breadcrumb","itemListElement":[{"@type":"ListItem","position":1,"name":"Accueil","item":"https:\/\/bale.ch\/journal\/"},{"@type":"ListItem","position":2,"name":"Dans l&rsquo;eurodistrict de B\u00e2le, la journ\u00e9e de circulation non-motoris\u00e9e est une success-story transfrontali\u00e8re"}]},{"@type":"WebSite","@id":"https:\/\/bale.ch\/journal\/#website","url":"https:\/\/bale.ch\/journal\/","name":"Journal de B\u00e2le et Gen\u00e8ve","description":"M\u00e9dia transfrontalier d&#039;actualit\u00e9s - News","publisher":{"@id":"https:\/\/bale.ch\/journal\/#organization"},"potentialAction":[{"@type":"SearchAction","target":{"@type":"EntryPoint","urlTemplate":"https:\/\/bale.ch\/journal\/?s={search_term_string}"},"query-input":{"@type":"PropertyValueSpecification","valueRequired":true,"valueName":"search_term_string"}}],"inLanguage":"fr-FR"},{"@type":"Organization","@id":"https:\/\/bale.ch\/journal\/#organization","name":"Journal de B\u00e2le et Gen\u00e8ve","url":"https:\/\/bale.ch\/journal\/","logo":{"@type":"ImageObject","inLanguage":"fr-FR","@id":"https:\/\/bale.ch\/journal\/#\/schema\/logo\/image\/","url":"https:\/\/bale.ch\/journal\/wp-content\/uploads\/2023\/07\/journaldebale_logo_2023_nb.png","contentUrl":"https:\/\/bale.ch\/journal\/wp-content\/uploads\/2023\/07\/journaldebale_logo_2023_nb.png","width":371,"height":127,"caption":"Journal de B\u00e2le et Gen\u00e8ve"},"image":{"@id":"https:\/\/bale.ch\/journal\/#\/schema\/logo\/image\/"}},{"@type":"Person","@id":"https:\/\/bale.ch\/journal\/#\/schema\/person\/03ced978db3b7a5274c5cef003f352f5","name":"La R\u00e9daction","image":{"@type":"ImageObject","inLanguage":"fr-FR","@id":"https:\/\/secure.gravatar.com\/avatar\/d1327e2ce8d2b860112f968a3f34686c9bdda7a463a1502cdd1070ac9d88cf1e?s=96&d=mm&r=g","url":"https:\/\/secure.gravatar.com\/avatar\/d1327e2ce8d2b860112f968a3f34686c9bdda7a463a1502cdd1070ac9d88cf1e?s=96&d=mm&r=g","contentUrl":"https:\/\/secure.gravatar.com\/avatar\/d1327e2ce8d2b860112f968a3f34686c9bdda7a463a1502cdd1070ac9d88cf1e?s=96&d=mm&r=g","caption":"La R\u00e9daction"},"url":"https:\/\/bale.ch\/journal\/author\/laredaction\/"}]}},"_links":{"self":[{"href":"https:\/\/bale.ch\/journal\/wp-json\/wp\/v2\/posts\/3587","targetHints":{"allow":["GET"]}}],"collection":[{"href":"https:\/\/bale.ch\/journal\/wp-json\/wp\/v2\/posts"}],"about":[{"href":"https:\/\/bale.ch\/journal\/wp-json\/wp\/v2\/types\/post"}],"author":[{"embeddable":true,"href":"https:\/\/bale.ch\/journal\/wp-json\/wp\/v2\/users\/2"}],"replies":[{"embeddable":true,"href":"https:\/\/bale.ch\/journal\/wp-json\/wp\/v2\/comments?post=3587"}],"version-history":[{"count":2,"href":"https:\/\/bale.ch\/journal\/wp-json\/wp\/v2\/posts\/3587\/revisions"}],"predecessor-version":[{"id":3601,"href":"https:\/\/bale.ch\/journal\/wp-json\/wp\/v2\/posts\/3587\/revisions\/3601"}],"wp:featuredmedia":[{"embeddable":true,"href":"https:\/\/bale.ch\/journal\/wp-json\/wp\/v2\/media\/3588"}],"wp:attachment":[{"href":"https:\/\/bale.ch\/journal\/wp-json\/wp\/v2\/media?parent=3587"}],"wp:term":[{"taxonomy":"category","embeddable":true,"href":"https:\/\/bale.ch\/journal\/wp-json\/wp\/v2\/categories?post=3587"},{"taxonomy":"post_tag","embeddable":true,"href":"https:\/\/bale.ch\/journal\/wp-json\/wp\/v2\/tags?post=3587"}],"curies":[{"name":"wp","href":"https:\/\/api.w.org\/{rel}","templated":true}]}}