{"id":3617,"date":"2024-09-26T13:13:24","date_gmt":"2024-09-26T13:13:24","guid":{"rendered":"https:\/\/bale.ch\/journal\/?p=3617"},"modified":"2024-09-26T13:14:33","modified_gmt":"2024-09-26T13:14:33","slug":"la-societe-suisse-des-juristes-se-modernise-et-elit-un-president-fribourgeois","status":"publish","type":"post","link":"https:\/\/bale.ch\/journal\/la-societe-suisse-des-juristes-se-modernise-et-elit-un-president-fribourgeois\/","title":{"rendered":"La Soci\u00e9t\u00e9 suisse des juristes se modernise et \u00e9lit un pr\u00e9sident fribourgeois"},"content":{"rendered":"\n<p class=\"wp-block-paragraph\"><strong>La Journ\u00e9e des Juristes Suisses a eu lieu cette ann\u00e9e les 13 et 14 septembre \u00e0 Fribourg. Des membres de tribunaux supr\u00eames, des professeurs et des juristes de haut niveau venus de toute la Suisse ont discut\u00e9 pendant deux jours du th\u00e8me de la <em>\u00ab\u00a0pes\u00e9e des int\u00e9r\u00eats\u00a0\u00bb <\/em>en droit dans des perspectives les plus diverses.<\/strong><\/p>\n\n\n\n<p class=\"wp-block-paragraph\">Cette r\u00e9union de l&rsquo;\u00e9lite juridique de Suisse fut un succ\u00e8s scientifique ; elle a aussi permis des \u00e9changes de vues entre les r\u00e9gions linguistiques, les diff\u00e9rents domaines juridiques des milieux de la justice, de la science, du barreau et de l&rsquo;administration.<\/p>\n\n\n\n<p class=\"wp-block-paragraph\">Dans les locaux de l&rsquo;Universit\u00e9 de Fribourg \u00e0 P\u00e9rolles, les rapports scientifiques et les expos\u00e9s du Professeur Bernhard R\u00fctsche, de la Juge f\u00e9d\u00e9rale Florence Aubry Girardin, du Professeur Fr\u00e9d\u00e9ric Bernard et de la juge Sandrine Rohmer, ont \u00e9t\u00e9 pr\u00e9sent\u00e9s et discut\u00e9s le vendredi apr\u00e8s-midi. D&rsquo;un haut niveau scientifique, la discussion a \u00e9t\u00e9 anim\u00e9e par le Juge f\u00e9d\u00e9ral Gr\u00e9gory Bovey.<\/p><div id=\"crieu-4190827394\" class=\"crieu-content crieu-entity-placement\"><script async src=\"\/\/pagead2.googlesyndication.com\/pagead\/js\/adsbygoogle.js?client=ca-pub-5271584769416742\" crossorigin=\"anonymous\"><\/script><ins class=\"adsbygoogle\" style=\"display:block;\" data-ad-client=\"ca-pub-5271584769416742\" \ndata-ad-slot=\"9321250718\" \ndata-ad-format=\"auto\"><\/ins>\n<script> \n(adsbygoogle = window.adsbygoogle || []).push({}); \n<\/script>\n<\/div>\n\n\n\n<p class=\"wp-block-paragraph\">Lors de l&rsquo;ap\u00e9ritif qui a suivi, les juristes venus de toute la Suisse ont \u00e9t\u00e9 accueillis par le Directeur de la justice du canton de Fribourg, le conseiller d&rsquo;Etat Romain Collaud, ainsi que par le Syndic de la ville, M. Thierry Steiert. Lors du d\u00eener festif qui a suivi, le pr\u00e9sident de l&rsquo;Association des juristes, le Professeur Benjamin Schindler a accueilli les autres repr\u00e9sentants de la politique et de l&rsquo;\u00e9conomie et a expliqu\u00e9 pourquoi Fribourg, ville de ponts entre la Suisse romande et la Suisse al\u00e9manique, se pr\u00eate parfaitement \u00e0 un \u00e9change d&rsquo;id\u00e9es sur le th\u00e8me de la <em>\u00ab\u00a0pes\u00e9e des int\u00e9r\u00eats\u00a0\u00bb<\/em>. Le Pr\u00e9sident du Tribunal cantonal fribourgeois, Marc Boivin, a enrichi la soir\u00e9e avec une production riche sur le droit et l&rsquo;humour.<\/p>\n\n\n\n<p class=\"wp-block-paragraph\">Le samedi, des rapports scientifiques et des expos\u00e9s de diff\u00e9rents professeurs ont \u00e9t\u00e9 au centre des d\u00e9bats. La journ\u00e9e s&rsquo;est achev\u00e9e par le discours d&rsquo;Alain Chablais, juge nouvellement \u00e9lu (pour la Principaut\u00e9 du Liechtenstein) \u00e0 la Cour europ\u00e9enne des droits de l&rsquo;homme.<\/p>\n\n\n\n<p class=\"wp-block-paragraph\">Lors de l&rsquo;assembl\u00e9e g\u00e9n\u00e9rale qui s&rsquo;est tenue \u00e0 cette occasion, la Soci\u00e9t\u00e9 suisse des juristes fond\u00e9e en 1861 a pos\u00e9 des jalons importants pour l&rsquo;avenir. Sous la direction de l&rsquo;ancien pr\u00e9sident Benjamin Schindler, une adaptation strat\u00e9gique, un changement de nom et un changement de logo ont \u00e9t\u00e9 ent\u00e9rin\u00e9s. L&rsquo;assembl\u00e9e g\u00e9n\u00e9rale a adopt\u00e9 \u00e0 une large majorit\u00e9 le changement de nom en allemand et en italien, Schweizerische Juristische Gesellschaft SJG \u2013 Societ\u00e0 giuridica svizzera SGS, tout en conservant le nom original en fran\u00e7ais, Soci\u00e9t\u00e9 Suisse des juristes SSJ. La nouvelle formulation non genr\u00e9e et l&rsquo;orientation vers les jeunes membres par le biais d&rsquo;offres suppl\u00e9mentaires (webinaires ; manifestations de la Jeune section dans diff\u00e9rentes universit\u00e9s suisses) doivent contribuer \u00e0 ce que la SSJ conserve \u00e0 l&rsquo;avenir son r\u00f4le essentiel de plateforme d&rsquo;id\u00e9es pour le droit suisse et de \u00ab\u00a0think tank\u00a0\u00bb pour son d\u00e9veloppement. La SSJ a ensuite \u00e9lu un nouveau pr\u00e9sident pour les trois prochaines ann\u00e9es en la personne du professeur fribourgeois Pascal Pichonnaz.<\/p>\n\n\n\n<p class=\"wp-block-paragraph\">R\u00e9trospective signifie aussi perspectives : Le prochain congr\u00e8s de la SSJ aura lieu les 12 et 13 juin 2025 \u00e0 Zurich sur le th\u00e8me tr\u00e8s actuel des <strong>\u00ab\u00a0d\u00e9fis juridiques pour la Suisse en p\u00e9riode de conflits arm\u00e9s\u00a0\u00bb<\/strong>.<\/p>\n\n\n\n<p class=\"wp-block-paragraph\"><\/p>\n<div id=\"crieu-3674369268\" class=\"crieu-apres-le-contenu crieu-entity-placement\" style=\"margin-left: auto;margin-right: auto;text-align: center;\"><script async src=\"\/\/pagead2.googlesyndication.com\/pagead\/js\/adsbygoogle.js?client=ca-pub-5271584769416742\" crossorigin=\"anonymous\"><\/script><ins class=\"adsbygoogle\" style=\"display:block;\" data-ad-client=\"ca-pub-5271584769416742\" \ndata-ad-slot=\"9321250718\" \ndata-ad-format=\"auto\"><\/ins>\n<script> \n(adsbygoogle = window.adsbygoogle || []).push({}); \n<\/script>\n<\/div>","protected":false},"excerpt":{"rendered":"<p>La Journ\u00e9e des Juristes Suisses a eu lieu cette ann\u00e9e les 13 et 14 septembre \u00e0 Fribourg. Des membres de tribunaux supr\u00eames, des professeurs et des juristes de haut niveau <a href=\"https:\/\/bale.ch\/journal\/la-societe-suisse-des-juristes-se-modernise-et-elit-un-president-fribourgeois\/\" class=\"read-more button-fancy -red\"><span class=\"btn-arrow\"><\/span><span class=\"twp-read-more text\">Continuer la lecture<\/span><\/a><\/p>\n","protected":false},"author":2,"featured_media":3618,"comment_status":"closed","ping_status":"closed","sticky":false,"template":"","format":"standard","meta":{"footnotes":""},"categories":[103,8],"tags":[],"class_list":["post-3617","post","type-post","status-publish","format-standard","has-post-thumbnail","hentry","category-actu","category-suisse"],"yoast_head":"<!-- This site is optimized with the Yoast SEO plugin v28.3 - https:\/\/yoast.com\/product\/yoast-seo-wordpress\/ -->\n<title>La Soci\u00e9t\u00e9 suisse des juristes se modernise et \u00e9lit un pr\u00e9sident fribourgeois - Journal de B\u00e2le et Gen\u00e8ve<\/title>\n<meta name=\"robots\" content=\"index, follow, max-snippet:-1, max-image-preview:large, max-video-preview:-1\" \/>\n<link rel=\"canonical\" href=\"https:\/\/bale.ch\/journal\/la-societe-suisse-des-juristes-se-modernise-et-elit-un-president-fribourgeois\/\" \/>\n<meta property=\"og:locale\" content=\"fr_FR\" \/>\n<meta property=\"og:type\" content=\"article\" \/>\n<meta property=\"og:title\" content=\"La Soci\u00e9t\u00e9 suisse des juristes se modernise et \u00e9lit un pr\u00e9sident fribourgeois - Journal de B\u00e2le et Gen\u00e8ve\" \/>\n<meta property=\"og:description\" content=\"La Journ\u00e9e des Juristes Suisses a eu lieu cette ann\u00e9e les 13 et 14 septembre \u00e0 Fribourg. Des membres de tribunaux supr\u00eames, des professeurs et des juristes de haut niveau Continuer la lecture\" \/>\n<meta property=\"og:url\" content=\"https:\/\/bale.ch\/journal\/la-societe-suisse-des-juristes-se-modernise-et-elit-un-president-fribourgeois\/\" \/>\n<meta property=\"og:site_name\" content=\"Journal de B\u00e2le et Gen\u00e8ve\" \/>\n<meta property=\"article:published_time\" content=\"2024-09-26T13:13:24+00:00\" \/>\n<meta property=\"article:modified_time\" content=\"2024-09-26T13:14:33+00:00\" \/>\n<meta property=\"og:image\" content=\"https:\/\/bale.ch\/journal\/wp-content\/uploads\/2024\/09\/juristenverein_Juristentag.jpg\" \/>\n\t<meta property=\"og:image:width\" content=\"900\" \/>\n\t<meta property=\"og:image:height\" content=\"484\" \/>\n\t<meta property=\"og:image:type\" content=\"image\/jpeg\" \/>\n<meta name=\"author\" content=\"La R\u00e9daction\" \/>\n<meta name=\"twitter:card\" content=\"summary_large_image\" \/>\n<meta name=\"twitter:label1\" content=\"\u00c9crit par\" \/>\n\t<meta name=\"twitter:data1\" content=\"La R\u00e9daction\" \/>\n\t<meta name=\"twitter:label2\" content=\"Dur\u00e9e de lecture estim\u00e9e\" \/>\n\t<meta name=\"twitter:data2\" content=\"3 minutes\" \/>\n<script type=\"application\/ld+json\" class=\"yoast-schema-graph\">{\"@context\":\"https:\\\/\\\/schema.org\",\"@graph\":[{\"@type\":\"Article\",\"@id\":\"https:\\\/\\\/bale.ch\\\/journal\\\/la-societe-suisse-des-juristes-se-modernise-et-elit-un-president-fribourgeois\\\/#article\",\"isPartOf\":{\"@id\":\"https:\\\/\\\/bale.ch\\\/journal\\\/la-societe-suisse-des-juristes-se-modernise-et-elit-un-president-fribourgeois\\\/\"},\"author\":{\"name\":\"La R\u00e9daction\",\"@id\":\"https:\\\/\\\/bale.ch\\\/journal\\\/#\\\/schema\\\/person\\\/03ced978db3b7a5274c5cef003f352f5\"},\"headline\":\"La Soci\u00e9t\u00e9 suisse des juristes se modernise et \u00e9lit un pr\u00e9sident fribourgeois\",\"datePublished\":\"2024-09-26T13:13:24+00:00\",\"dateModified\":\"2024-09-26T13:14:33+00:00\",\"mainEntityOfPage\":{\"@id\":\"https:\\\/\\\/bale.ch\\\/journal\\\/la-societe-suisse-des-juristes-se-modernise-et-elit-un-president-fribourgeois\\\/\"},\"wordCount\":610,\"publisher\":{\"@id\":\"https:\\\/\\\/bale.ch\\\/journal\\\/#organization\"},\"image\":{\"@id\":\"https:\\\/\\\/bale.ch\\\/journal\\\/la-societe-suisse-des-juristes-se-modernise-et-elit-un-president-fribourgeois\\\/#primaryimage\"},\"thumbnailUrl\":\"https:\\\/\\\/bale.ch\\\/journal\\\/wp-content\\\/uploads\\\/2024\\\/09\\\/juristenverein_Juristentag.jpg\",\"articleSection\":[\"Actualit\u00e9s\",\"Suisse\"],\"inLanguage\":\"fr-FR\"},{\"@type\":\"WebPage\",\"@id\":\"https:\\\/\\\/bale.ch\\\/journal\\\/la-societe-suisse-des-juristes-se-modernise-et-elit-un-president-fribourgeois\\\/\",\"url\":\"https:\\\/\\\/bale.ch\\\/journal\\\/la-societe-suisse-des-juristes-se-modernise-et-elit-un-president-fribourgeois\\\/\",\"name\":\"La Soci\u00e9t\u00e9 suisse des juristes se modernise et \u00e9lit un pr\u00e9sident fribourgeois - Journal de B\u00e2le et Gen\u00e8ve\",\"isPartOf\":{\"@id\":\"https:\\\/\\\/bale.ch\\\/journal\\\/#website\"},\"primaryImageOfPage\":{\"@id\":\"https:\\\/\\\/bale.ch\\\/journal\\\/la-societe-suisse-des-juristes-se-modernise-et-elit-un-president-fribourgeois\\\/#primaryimage\"},\"image\":{\"@id\":\"https:\\\/\\\/bale.ch\\\/journal\\\/la-societe-suisse-des-juristes-se-modernise-et-elit-un-president-fribourgeois\\\/#primaryimage\"},\"thumbnailUrl\":\"https:\\\/\\\/bale.ch\\\/journal\\\/wp-content\\\/uploads\\\/2024\\\/09\\\/juristenverein_Juristentag.jpg\",\"datePublished\":\"2024-09-26T13:13:24+00:00\",\"dateModified\":\"2024-09-26T13:14:33+00:00\",\"breadcrumb\":{\"@id\":\"https:\\\/\\\/bale.ch\\\/journal\\\/la-societe-suisse-des-juristes-se-modernise-et-elit-un-president-fribourgeois\\\/#breadcrumb\"},\"inLanguage\":\"fr-FR\",\"potentialAction\":[{\"@type\":\"ReadAction\",\"target\":[\"https:\\\/\\\/bale.ch\\\/journal\\\/la-societe-suisse-des-juristes-se-modernise-et-elit-un-president-fribourgeois\\\/\"]}]},{\"@type\":\"ImageObject\",\"inLanguage\":\"fr-FR\",\"@id\":\"https:\\\/\\\/bale.ch\\\/journal\\\/la-societe-suisse-des-juristes-se-modernise-et-elit-un-president-fribourgeois\\\/#primaryimage\",\"url\":\"https:\\\/\\\/bale.ch\\\/journal\\\/wp-content\\\/uploads\\\/2024\\\/09\\\/juristenverein_Juristentag.jpg\",\"contentUrl\":\"https:\\\/\\\/bale.ch\\\/journal\\\/wp-content\\\/uploads\\\/2024\\\/09\\\/juristenverein_Juristentag.jpg\",\"width\":900,\"height\":484},{\"@type\":\"BreadcrumbList\",\"@id\":\"https:\\\/\\\/bale.ch\\\/journal\\\/la-societe-suisse-des-juristes-se-modernise-et-elit-un-president-fribourgeois\\\/#breadcrumb\",\"itemListElement\":[{\"@type\":\"ListItem\",\"position\":1,\"name\":\"Accueil\",\"item\":\"https:\\\/\\\/bale.ch\\\/journal\\\/\"},{\"@type\":\"ListItem\",\"position\":2,\"name\":\"La Soci\u00e9t\u00e9 suisse des juristes se modernise et \u00e9lit un pr\u00e9sident fribourgeois\"}]},{\"@type\":\"WebSite\",\"@id\":\"https:\\\/\\\/bale.ch\\\/journal\\\/#website\",\"url\":\"https:\\\/\\\/bale.ch\\\/journal\\\/\",\"name\":\"Journal de B\u00e2le et Gen\u00e8ve\",\"description\":\"M\u00e9dia transfrontalier d&#039;actualit\u00e9s - News\",\"publisher\":{\"@id\":\"https:\\\/\\\/bale.ch\\\/journal\\\/#organization\"},\"potentialAction\":[{\"@type\":\"SearchAction\",\"target\":{\"@type\":\"EntryPoint\",\"urlTemplate\":\"https:\\\/\\\/bale.ch\\\/journal\\\/?s={search_term_string}\"},\"query-input\":{\"@type\":\"PropertyValueSpecification\",\"valueRequired\":true,\"valueName\":\"search_term_string\"}}],\"inLanguage\":\"fr-FR\"},{\"@type\":\"Organization\",\"@id\":\"https:\\\/\\\/bale.ch\\\/journal\\\/#organization\",\"name\":\"Journal de B\u00e2le et Gen\u00e8ve\",\"url\":\"https:\\\/\\\/bale.ch\\\/journal\\\/\",\"logo\":{\"@type\":\"ImageObject\",\"inLanguage\":\"fr-FR\",\"@id\":\"https:\\\/\\\/bale.ch\\\/journal\\\/#\\\/schema\\\/logo\\\/image\\\/\",\"url\":\"https:\\\/\\\/bale.ch\\\/journal\\\/wp-content\\\/uploads\\\/2023\\\/07\\\/journaldebale_logo_2023_nb.png\",\"contentUrl\":\"https:\\\/\\\/bale.ch\\\/journal\\\/wp-content\\\/uploads\\\/2023\\\/07\\\/journaldebale_logo_2023_nb.png\",\"width\":371,\"height\":127,\"caption\":\"Journal de B\u00e2le et Gen\u00e8ve\"},\"image\":{\"@id\":\"https:\\\/\\\/bale.ch\\\/journal\\\/#\\\/schema\\\/logo\\\/image\\\/\"}},{\"@type\":\"Person\",\"@id\":\"https:\\\/\\\/bale.ch\\\/journal\\\/#\\\/schema\\\/person\\\/03ced978db3b7a5274c5cef003f352f5\",\"name\":\"La R\u00e9daction\",\"image\":{\"@type\":\"ImageObject\",\"inLanguage\":\"fr-FR\",\"@id\":\"https:\\\/\\\/secure.gravatar.com\\\/avatar\\\/d1327e2ce8d2b860112f968a3f34686c9bdda7a463a1502cdd1070ac9d88cf1e?s=96&d=mm&r=g\",\"url\":\"https:\\\/\\\/secure.gravatar.com\\\/avatar\\\/d1327e2ce8d2b860112f968a3f34686c9bdda7a463a1502cdd1070ac9d88cf1e?s=96&d=mm&r=g\",\"contentUrl\":\"https:\\\/\\\/secure.gravatar.com\\\/avatar\\\/d1327e2ce8d2b860112f968a3f34686c9bdda7a463a1502cdd1070ac9d88cf1e?s=96&d=mm&r=g\",\"caption\":\"La R\u00e9daction\"},\"url\":\"https:\\\/\\\/bale.ch\\\/journal\\\/author\\\/laredaction\\\/\"}]}<\/script>\n<!-- \/ Yoast SEO plugin. -->","yoast_head_json":{"title":"La Soci\u00e9t\u00e9 suisse des juristes se modernise et \u00e9lit un pr\u00e9sident fribourgeois - Journal de B\u00e2le et Gen\u00e8ve","robots":{"index":"index","follow":"follow","max-snippet":"max-snippet:-1","max-image-preview":"max-image-preview:large","max-video-preview":"max-video-preview:-1"},"canonical":"https:\/\/bale.ch\/journal\/la-societe-suisse-des-juristes-se-modernise-et-elit-un-president-fribourgeois\/","og_locale":"fr_FR","og_type":"article","og_title":"La Soci\u00e9t\u00e9 suisse des juristes se modernise et \u00e9lit un pr\u00e9sident fribourgeois - Journal de B\u00e2le et Gen\u00e8ve","og_description":"La Journ\u00e9e des Juristes Suisses a eu lieu cette ann\u00e9e les 13 et 14 septembre \u00e0 Fribourg. Des membres de tribunaux supr\u00eames, des professeurs et des juristes de haut niveau Continuer la lecture","og_url":"https:\/\/bale.ch\/journal\/la-societe-suisse-des-juristes-se-modernise-et-elit-un-president-fribourgeois\/","og_site_name":"Journal de B\u00e2le et Gen\u00e8ve","article_published_time":"2024-09-26T13:13:24+00:00","article_modified_time":"2024-09-26T13:14:33+00:00","og_image":[{"width":900,"height":484,"url":"https:\/\/bale.ch\/journal\/wp-content\/uploads\/2024\/09\/juristenverein_Juristentag.jpg","type":"image\/jpeg"}],"author":"La R\u00e9daction","twitter_card":"summary_large_image","twitter_misc":{"\u00c9crit par":"La R\u00e9daction","Dur\u00e9e de lecture estim\u00e9e":"3 minutes"},"schema":{"@context":"https:\/\/schema.org","@graph":[{"@type":"Article","@id":"https:\/\/bale.ch\/journal\/la-societe-suisse-des-juristes-se-modernise-et-elit-un-president-fribourgeois\/#article","isPartOf":{"@id":"https:\/\/bale.ch\/journal\/la-societe-suisse-des-juristes-se-modernise-et-elit-un-president-fribourgeois\/"},"author":{"name":"La R\u00e9daction","@id":"https:\/\/bale.ch\/journal\/#\/schema\/person\/03ced978db3b7a5274c5cef003f352f5"},"headline":"La Soci\u00e9t\u00e9 suisse des juristes se modernise et \u00e9lit un pr\u00e9sident fribourgeois","datePublished":"2024-09-26T13:13:24+00:00","dateModified":"2024-09-26T13:14:33+00:00","mainEntityOfPage":{"@id":"https:\/\/bale.ch\/journal\/la-societe-suisse-des-juristes-se-modernise-et-elit-un-president-fribourgeois\/"},"wordCount":610,"publisher":{"@id":"https:\/\/bale.ch\/journal\/#organization"},"image":{"@id":"https:\/\/bale.ch\/journal\/la-societe-suisse-des-juristes-se-modernise-et-elit-un-president-fribourgeois\/#primaryimage"},"thumbnailUrl":"https:\/\/bale.ch\/journal\/wp-content\/uploads\/2024\/09\/juristenverein_Juristentag.jpg","articleSection":["Actualit\u00e9s","Suisse"],"inLanguage":"fr-FR"},{"@type":"WebPage","@id":"https:\/\/bale.ch\/journal\/la-societe-suisse-des-juristes-se-modernise-et-elit-un-president-fribourgeois\/","url":"https:\/\/bale.ch\/journal\/la-societe-suisse-des-juristes-se-modernise-et-elit-un-president-fribourgeois\/","name":"La Soci\u00e9t\u00e9 suisse des juristes se modernise et \u00e9lit un pr\u00e9sident fribourgeois - Journal de B\u00e2le et Gen\u00e8ve","isPartOf":{"@id":"https:\/\/bale.ch\/journal\/#website"},"primaryImageOfPage":{"@id":"https:\/\/bale.ch\/journal\/la-societe-suisse-des-juristes-se-modernise-et-elit-un-president-fribourgeois\/#primaryimage"},"image":{"@id":"https:\/\/bale.ch\/journal\/la-societe-suisse-des-juristes-se-modernise-et-elit-un-president-fribourgeois\/#primaryimage"},"thumbnailUrl":"https:\/\/bale.ch\/journal\/wp-content\/uploads\/2024\/09\/juristenverein_Juristentag.jpg","datePublished":"2024-09-26T13:13:24+00:00","dateModified":"2024-09-26T13:14:33+00:00","breadcrumb":{"@id":"https:\/\/bale.ch\/journal\/la-societe-suisse-des-juristes-se-modernise-et-elit-un-president-fribourgeois\/#breadcrumb"},"inLanguage":"fr-FR","potentialAction":[{"@type":"ReadAction","target":["https:\/\/bale.ch\/journal\/la-societe-suisse-des-juristes-se-modernise-et-elit-un-president-fribourgeois\/"]}]},{"@type":"ImageObject","inLanguage":"fr-FR","@id":"https:\/\/bale.ch\/journal\/la-societe-suisse-des-juristes-se-modernise-et-elit-un-president-fribourgeois\/#primaryimage","url":"https:\/\/bale.ch\/journal\/wp-content\/uploads\/2024\/09\/juristenverein_Juristentag.jpg","contentUrl":"https:\/\/bale.ch\/journal\/wp-content\/uploads\/2024\/09\/juristenverein_Juristentag.jpg","width":900,"height":484},{"@type":"BreadcrumbList","@id":"https:\/\/bale.ch\/journal\/la-societe-suisse-des-juristes-se-modernise-et-elit-un-president-fribourgeois\/#breadcrumb","itemListElement":[{"@type":"ListItem","position":1,"name":"Accueil","item":"https:\/\/bale.ch\/journal\/"},{"@type":"ListItem","position":2,"name":"La Soci\u00e9t\u00e9 suisse des juristes se modernise et \u00e9lit un pr\u00e9sident fribourgeois"}]},{"@type":"WebSite","@id":"https:\/\/bale.ch\/journal\/#website","url":"https:\/\/bale.ch\/journal\/","name":"Journal de B\u00e2le et Gen\u00e8ve","description":"M\u00e9dia transfrontalier d&#039;actualit\u00e9s - News","publisher":{"@id":"https:\/\/bale.ch\/journal\/#organization"},"potentialAction":[{"@type":"SearchAction","target":{"@type":"EntryPoint","urlTemplate":"https:\/\/bale.ch\/journal\/?s={search_term_string}"},"query-input":{"@type":"PropertyValueSpecification","valueRequired":true,"valueName":"search_term_string"}}],"inLanguage":"fr-FR"},{"@type":"Organization","@id":"https:\/\/bale.ch\/journal\/#organization","name":"Journal de B\u00e2le et Gen\u00e8ve","url":"https:\/\/bale.ch\/journal\/","logo":{"@type":"ImageObject","inLanguage":"fr-FR","@id":"https:\/\/bale.ch\/journal\/#\/schema\/logo\/image\/","url":"https:\/\/bale.ch\/journal\/wp-content\/uploads\/2023\/07\/journaldebale_logo_2023_nb.png","contentUrl":"https:\/\/bale.ch\/journal\/wp-content\/uploads\/2023\/07\/journaldebale_logo_2023_nb.png","width":371,"height":127,"caption":"Journal de B\u00e2le et Gen\u00e8ve"},"image":{"@id":"https:\/\/bale.ch\/journal\/#\/schema\/logo\/image\/"}},{"@type":"Person","@id":"https:\/\/bale.ch\/journal\/#\/schema\/person\/03ced978db3b7a5274c5cef003f352f5","name":"La R\u00e9daction","image":{"@type":"ImageObject","inLanguage":"fr-FR","@id":"https:\/\/secure.gravatar.com\/avatar\/d1327e2ce8d2b860112f968a3f34686c9bdda7a463a1502cdd1070ac9d88cf1e?s=96&d=mm&r=g","url":"https:\/\/secure.gravatar.com\/avatar\/d1327e2ce8d2b860112f968a3f34686c9bdda7a463a1502cdd1070ac9d88cf1e?s=96&d=mm&r=g","contentUrl":"https:\/\/secure.gravatar.com\/avatar\/d1327e2ce8d2b860112f968a3f34686c9bdda7a463a1502cdd1070ac9d88cf1e?s=96&d=mm&r=g","caption":"La R\u00e9daction"},"url":"https:\/\/bale.ch\/journal\/author\/laredaction\/"}]}},"_links":{"self":[{"href":"https:\/\/bale.ch\/journal\/wp-json\/wp\/v2\/posts\/3617","targetHints":{"allow":["GET"]}}],"collection":[{"href":"https:\/\/bale.ch\/journal\/wp-json\/wp\/v2\/posts"}],"about":[{"href":"https:\/\/bale.ch\/journal\/wp-json\/wp\/v2\/types\/post"}],"author":[{"embeddable":true,"href":"https:\/\/bale.ch\/journal\/wp-json\/wp\/v2\/users\/2"}],"replies":[{"embeddable":true,"href":"https:\/\/bale.ch\/journal\/wp-json\/wp\/v2\/comments?post=3617"}],"version-history":[{"count":3,"href":"https:\/\/bale.ch\/journal\/wp-json\/wp\/v2\/posts\/3617\/revisions"}],"predecessor-version":[{"id":3621,"href":"https:\/\/bale.ch\/journal\/wp-json\/wp\/v2\/posts\/3617\/revisions\/3621"}],"wp:featuredmedia":[{"embeddable":true,"href":"https:\/\/bale.ch\/journal\/wp-json\/wp\/v2\/media\/3618"}],"wp:attachment":[{"href":"https:\/\/bale.ch\/journal\/wp-json\/wp\/v2\/media?parent=3617"}],"wp:term":[{"taxonomy":"category","embeddable":true,"href":"https:\/\/bale.ch\/journal\/wp-json\/wp\/v2\/categories?post=3617"},{"taxonomy":"post_tag","embeddable":true,"href":"https:\/\/bale.ch\/journal\/wp-json\/wp\/v2\/tags?post=3617"}],"curies":[{"name":"wp","href":"https:\/\/api.w.org\/{rel}","templated":true}]}}