{"id":3656,"date":"2025-01-17T12:54:51","date_gmt":"2025-01-17T12:54:51","guid":{"rendered":"https:\/\/bale.ch\/journal\/?p=3656"},"modified":"2025-01-19T18:22:44","modified_gmt":"2025-01-19T18:22:44","slug":"le-fifdh-presente-ses-nouvelles-affiches-signees-par-lartiste-zapoteque-luvia-lazo","status":"publish","type":"post","link":"https:\/\/bale.ch\/journal\/le-fifdh-presente-ses-nouvelles-affiches-signees-par-lartiste-zapoteque-luvia-lazo\/","title":{"rendered":"Le FIFDH pr\u00e9sente ses nouvelles affiches sign\u00e9es par l&rsquo;artiste zapot\u00e8que Luvia Lazo"},"content":{"rendered":"\n<p class=\"wp-block-paragraph\"><strong>Le Festival du film et forum international sur les droits humains (FIFDH) de Gen\u00e8ve a d\u00e9voil\u00e9 les affiches trois diff\u00e9rentes affiches de sa 23e \u00e9dition, du 7 au 16 mars 2025. Cette \u00e9dition sera port\u00e9e par les d\u00e9licates photographies de Luvia Lazo: des portraits camoufl\u00e9s qui nous parlent d&rsquo;identit\u00e9, de m\u00e9moire mais aussi de transmission et de soin \u2013 en \u00e9cho avec les th\u00e9matiques de la programmation 2025. <\/strong><\/p>\n\n\n\n<p class=\"wp-block-paragraph\">Pour faire honneur \u00e0 sa 23e \u00e9dition, le FIFDH pr\u00e9sente un triptyque de la photographe mexicaine Luvia Lazo sur des affiches r\u00e9alis\u00e9es avec Studio BAD. \u00c0 travers sa s\u00e9rie photo <em>Kanitlow<\/em> \u2013 <em>\u00ab\u00a0les visages s\u2019effacent\u00a0\u00bb<\/em> en zapot\u00e8que \u2013 l\u2019artiste documente avec po\u00e9sie et douceur la m\u00e9tamorphose de sa communaut\u00e9. Par ces portraits dissimul\u00e9s derri\u00e8re des \u00e9l\u00e9ments v\u00e9g\u00e9taux, Luvia questionne les notions d\u2019identit\u00e9, de racines, le deuil et la m\u00e9moire collective. Elle participera au Festival en tant que membre du jury, aux c\u00f4t\u00e9s notamment du r\u00e9alisateur palestinien Mohamed Jabaly et de l\u2019artiste pluridisciplinaire Baloji. <\/p>\n\n\n\n<h2 class=\"wp-block-heading\">Une \u00e9dition entre col\u00e8re et tendresse <\/h2>\n\n\n\n<p class=\"wp-block-paragraph\">Face \u00e0 la mont\u00e9e en force de l\u2019extr\u00eame droite, au non-respect du droit international, \u00e0 l\u2019impuissance vis-\u00e0-vis du g\u00e9nocide en cours \u00e0 Gaza et aux autres conflits actuels oubli\u00e9s, la col\u00e8re et l\u2019indignation constituent une force motrice qui peut devenir un levier de mobilisation. Toutefois, pour combattre la sid\u00e9ration, ne pas c\u00e9der \u00e0 la paralysie et chercher, ensemble, les ressources pour penser, r\u00e9sister et agir, la 23e \u00e9dition du FIFDH se d\u00e9cline \u00e9galement comme une invitation \u00e0 remodeler nos soci\u00e9t\u00e9s \u00e0 travers le soin, la solidarit\u00e9 et l\u2019empathie. <\/p><div id=\"crieu-2216087506\" class=\"crieu-content crieu-entity-placement\"><script async src=\"\/\/pagead2.googlesyndication.com\/pagead\/js\/adsbygoogle.js?client=ca-pub-5271584769416742\" crossorigin=\"anonymous\"><\/script><ins class=\"adsbygoogle\" style=\"display:block;\" data-ad-client=\"ca-pub-5271584769416742\" \ndata-ad-slot=\"9321250718\" \ndata-ad-format=\"auto\"><\/ins>\n<script> \n(adsbygoogle = window.adsbygoogle || []).push({}); \n<\/script>\n<\/div>\n\n\n\n<blockquote class=\"wp-block-quote has-text-align-center is-layout-flow wp-block-quote-is-layout-flow\">\n<p class=\"wp-block-paragraph\"><em>\u00ab\u00a0Dans un monde fractur\u00e9 par les crises, la programmation de cette \u00e9dition expose et d\u00e9nonce les violations des droits humains, parfois avec col\u00e8re, au diapason des personnalit\u00e9s engag\u00e9es qui sont invit\u00e9es au FIFDH. Mais elle fait aussi un pas de c\u00f4t\u00e9, \u00e9l\u00e8ve le regard et interroge : comment prot\u00e9ger ce qui nous rend humain, ce qui nous rassemble ? En \u00e9cho \u00e0 la programmation, le regard de Luvia Lazo nous invite \u00e0 soigner nos relations, mais aussi \u00e0 c\u00e9l\u00e9brer et redonner du sens \u00e0 ce qui nous unit<\/em>\u00ab\u00a0.<\/p>\n<cite>Laura Longobardi et Laila Alonso Huarte, co-directrices \u00e9ditoriales du FIFDH<\/cite><\/blockquote>\n\n\n\n<h2 class=\"wp-block-heading\">Faire communaut\u00e9 pour une soci\u00e9t\u00e9 plus juste<\/h2>\n\n\n\n<p class=\"wp-block-paragraph\">L&rsquo;\u00e9dition 2025 du FIFDH invite ainsi les publics \u00e0 explorer des r\u00e9cits poignants sur l&rsquo;importance de la solidarit\u00e9 et des liens humains. En Premi\u00e8re suisse, le dernier long m\u00e9trage de Germinal Roaux, <em>Cosmos<\/em>, aborde la vieillesse, ses m\u00e9tamorphoses et l&rsquo;importance du lien affectif. Ce film marque la premi\u00e8re coproduction issue des accords de coop\u00e9ration entre la Suisse et le Mexique. <\/p>\n\n\n\n<p class=\"wp-block-paragraph\">La force de la communaut\u00e9 comme levier de lutte et la n\u00e9cessit\u00e9 de replacer le soin au c\u0153ur de nos pratiques politiques et \u00e9conomiques seront aussi explor\u00e9es dans la discussion <strong><em>Solidarit\u00e9 et soin: une r\u00e9volution douce<\/em><\/strong>. <\/p>\n\n\n\n<h2 class=\"wp-block-heading\">Histoire vivante, m\u00e9moire partag\u00e9e<\/h2>\n\n\n\n<p class=\"wp-block-paragraph\">rand gagnant de l\u2019IDFA 2024, <em>Trains<\/em> de Marciel J. Drygas dresse le portrait de l\u2019Europe du XXe si\u00e8cle, en assemblant des images des passant\u00b7es dans les gares. Au rythme de l\u2019enchev\u00eatrement de voies ferr\u00e9es et d&rsquo;aiguillages, le r\u00e9alisateur s\u2019interroge sur le co\u00fbt humain du progr\u00e8s: quelle route l\u2019humanit\u00e9 choisira-t-elle? Dans <em>Soundtrack to a Coup d&rsquo;Etat<\/em> de Johan Grimonprez, jazz et d\u00e9colonisation s\u2019entrem\u00ealent pour exposer la brutalit\u00e9 de l\u2019histoire coloniale de la Belgique ainsi que ses efforts pour entraver l\u2019ind\u00e9pendance du Congo, avec l\u2019aide de la CIA. Ce documentaire a \u00e9t\u00e9 r\u00e9compens\u00e9 au festival du film de Sundance et s\u00e9lectionn\u00e9 pour la course aux Oscars. Deux v\u00e9ritables coups de force artistiques qui questionnent le terrain g\u00e9opolitique actuel et rappellent que la culture est politique.<\/p>\n<div id=\"crieu-2407698208\" class=\"crieu-apres-le-contenu crieu-entity-placement\" style=\"margin-left: auto;margin-right: auto;text-align: center;\"><script async src=\"\/\/pagead2.googlesyndication.com\/pagead\/js\/adsbygoogle.js?client=ca-pub-5271584769416742\" crossorigin=\"anonymous\"><\/script><ins class=\"adsbygoogle\" style=\"display:block;\" data-ad-client=\"ca-pub-5271584769416742\" \ndata-ad-slot=\"9321250718\" \ndata-ad-format=\"auto\"><\/ins>\n<script> \n(adsbygoogle = window.adsbygoogle || []).push({}); \n<\/script>\n<\/div>","protected":false},"excerpt":{"rendered":"<p>Le Festival du film et forum international sur les droits humains (FIFDH) de Gen\u00e8ve a d\u00e9voil\u00e9 les affiches trois diff\u00e9rentes affiches de sa 23e \u00e9dition, du 7 au 16 mars <a href=\"https:\/\/bale.ch\/journal\/le-fifdh-presente-ses-nouvelles-affiches-signees-par-lartiste-zapoteque-luvia-lazo\/\" class=\"read-more button-fancy -red\"><span class=\"btn-arrow\"><\/span><span class=\"twp-read-more text\">Continuer la lecture<\/span><\/a><\/p>\n","protected":false},"author":2,"featured_media":3657,"comment_status":"closed","ping_status":"closed","sticky":false,"template":"","format":"standard","meta":{"footnotes":""},"categories":[103,4],"tags":[131,93,74],"class_list":["post-3656","post","type-post","status-publish","format-standard","has-post-thumbnail","hentry","category-actu","category-grand-geneve","tag-droits-humains","tag-festival","tag-geneve"],"yoast_head":"<!-- This site is optimized with the Yoast SEO plugin v28.3 - https:\/\/yoast.com\/product\/yoast-seo-wordpress\/ -->\n<title>Le FIFDH pr\u00e9sente ses nouvelles affiches sign\u00e9es par l&#039;artiste zapot\u00e8que Luvia Lazo - Journal de B\u00e2le et Gen\u00e8ve<\/title>\n<meta name=\"robots\" content=\"index, follow, max-snippet:-1, max-image-preview:large, max-video-preview:-1\" \/>\n<link rel=\"canonical\" href=\"https:\/\/bale.ch\/journal\/le-fifdh-presente-ses-nouvelles-affiches-signees-par-lartiste-zapoteque-luvia-lazo\/\" \/>\n<meta property=\"og:locale\" content=\"fr_FR\" \/>\n<meta property=\"og:type\" content=\"article\" \/>\n<meta property=\"og:title\" content=\"Le FIFDH pr\u00e9sente ses nouvelles affiches sign\u00e9es par l&#039;artiste zapot\u00e8que Luvia Lazo - Journal de B\u00e2le et Gen\u00e8ve\" \/>\n<meta property=\"og:description\" content=\"Le Festival du film et forum international sur les droits humains (FIFDH) de Gen\u00e8ve a d\u00e9voil\u00e9 les affiches trois diff\u00e9rentes affiches de sa 23e \u00e9dition, du 7 au 16 mars Continuer la lecture\" \/>\n<meta property=\"og:url\" content=\"https:\/\/bale.ch\/journal\/le-fifdh-presente-ses-nouvelles-affiches-signees-par-lartiste-zapoteque-luvia-lazo\/\" \/>\n<meta property=\"og:site_name\" content=\"Journal de B\u00e2le et Gen\u00e8ve\" \/>\n<meta property=\"article:published_time\" content=\"2025-01-17T12:54:51+00:00\" \/>\n<meta property=\"article:modified_time\" content=\"2025-01-19T18:22:44+00:00\" \/>\n<meta property=\"og:image\" content=\"https:\/\/bale.ch\/journal\/wp-content\/uploads\/2025\/01\/fifdh_2025.png\" \/>\n\t<meta property=\"og:image:width\" content=\"1200\" \/>\n\t<meta property=\"og:image:height\" content=\"630\" \/>\n\t<meta property=\"og:image:type\" content=\"image\/png\" \/>\n<meta name=\"author\" content=\"La R\u00e9daction\" \/>\n<meta name=\"twitter:card\" content=\"summary_large_image\" \/>\n<meta name=\"twitter:label1\" content=\"\u00c9crit par\" \/>\n\t<meta name=\"twitter:data1\" content=\"La R\u00e9daction\" \/>\n\t<meta name=\"twitter:label2\" content=\"Dur\u00e9e de lecture estim\u00e9e\" \/>\n\t<meta name=\"twitter:data2\" content=\"3 minutes\" \/>\n<script type=\"application\/ld+json\" class=\"yoast-schema-graph\">{\"@context\":\"https:\\\/\\\/schema.org\",\"@graph\":[{\"@type\":\"Article\",\"@id\":\"https:\\\/\\\/bale.ch\\\/journal\\\/le-fifdh-presente-ses-nouvelles-affiches-signees-par-lartiste-zapoteque-luvia-lazo\\\/#article\",\"isPartOf\":{\"@id\":\"https:\\\/\\\/bale.ch\\\/journal\\\/le-fifdh-presente-ses-nouvelles-affiches-signees-par-lartiste-zapoteque-luvia-lazo\\\/\"},\"author\":{\"name\":\"La R\u00e9daction\",\"@id\":\"https:\\\/\\\/bale.ch\\\/journal\\\/#\\\/schema\\\/person\\\/03ced978db3b7a5274c5cef003f352f5\"},\"headline\":\"Le FIFDH pr\u00e9sente ses nouvelles affiches sign\u00e9es par l&rsquo;artiste zapot\u00e8que Luvia Lazo\",\"datePublished\":\"2025-01-17T12:54:51+00:00\",\"dateModified\":\"2025-01-19T18:22:44+00:00\",\"mainEntityOfPage\":{\"@id\":\"https:\\\/\\\/bale.ch\\\/journal\\\/le-fifdh-presente-ses-nouvelles-affiches-signees-par-lartiste-zapoteque-luvia-lazo\\\/\"},\"wordCount\":672,\"publisher\":{\"@id\":\"https:\\\/\\\/bale.ch\\\/journal\\\/#organization\"},\"image\":{\"@id\":\"https:\\\/\\\/bale.ch\\\/journal\\\/le-fifdh-presente-ses-nouvelles-affiches-signees-par-lartiste-zapoteque-luvia-lazo\\\/#primaryimage\"},\"thumbnailUrl\":\"https:\\\/\\\/bale.ch\\\/journal\\\/wp-content\\\/uploads\\\/2025\\\/01\\\/fifdh_2025.png\",\"keywords\":[\"Droits humains\",\"festival\",\"Gen\u00e8ve\"],\"articleSection\":[\"Actualit\u00e9s\",\"Grand Gen\u00e8ve\"],\"inLanguage\":\"fr-FR\"},{\"@type\":\"WebPage\",\"@id\":\"https:\\\/\\\/bale.ch\\\/journal\\\/le-fifdh-presente-ses-nouvelles-affiches-signees-par-lartiste-zapoteque-luvia-lazo\\\/\",\"url\":\"https:\\\/\\\/bale.ch\\\/journal\\\/le-fifdh-presente-ses-nouvelles-affiches-signees-par-lartiste-zapoteque-luvia-lazo\\\/\",\"name\":\"Le FIFDH pr\u00e9sente ses nouvelles affiches sign\u00e9es par l'artiste zapot\u00e8que Luvia Lazo - Journal de B\u00e2le et Gen\u00e8ve\",\"isPartOf\":{\"@id\":\"https:\\\/\\\/bale.ch\\\/journal\\\/#website\"},\"primaryImageOfPage\":{\"@id\":\"https:\\\/\\\/bale.ch\\\/journal\\\/le-fifdh-presente-ses-nouvelles-affiches-signees-par-lartiste-zapoteque-luvia-lazo\\\/#primaryimage\"},\"image\":{\"@id\":\"https:\\\/\\\/bale.ch\\\/journal\\\/le-fifdh-presente-ses-nouvelles-affiches-signees-par-lartiste-zapoteque-luvia-lazo\\\/#primaryimage\"},\"thumbnailUrl\":\"https:\\\/\\\/bale.ch\\\/journal\\\/wp-content\\\/uploads\\\/2025\\\/01\\\/fifdh_2025.png\",\"datePublished\":\"2025-01-17T12:54:51+00:00\",\"dateModified\":\"2025-01-19T18:22:44+00:00\",\"breadcrumb\":{\"@id\":\"https:\\\/\\\/bale.ch\\\/journal\\\/le-fifdh-presente-ses-nouvelles-affiches-signees-par-lartiste-zapoteque-luvia-lazo\\\/#breadcrumb\"},\"inLanguage\":\"fr-FR\",\"potentialAction\":[{\"@type\":\"ReadAction\",\"target\":[\"https:\\\/\\\/bale.ch\\\/journal\\\/le-fifdh-presente-ses-nouvelles-affiches-signees-par-lartiste-zapoteque-luvia-lazo\\\/\"]}]},{\"@type\":\"ImageObject\",\"inLanguage\":\"fr-FR\",\"@id\":\"https:\\\/\\\/bale.ch\\\/journal\\\/le-fifdh-presente-ses-nouvelles-affiches-signees-par-lartiste-zapoteque-luvia-lazo\\\/#primaryimage\",\"url\":\"https:\\\/\\\/bale.ch\\\/journal\\\/wp-content\\\/uploads\\\/2025\\\/01\\\/fifdh_2025.png\",\"contentUrl\":\"https:\\\/\\\/bale.ch\\\/journal\\\/wp-content\\\/uploads\\\/2025\\\/01\\\/fifdh_2025.png\",\"width\":1200,\"height\":630},{\"@type\":\"BreadcrumbList\",\"@id\":\"https:\\\/\\\/bale.ch\\\/journal\\\/le-fifdh-presente-ses-nouvelles-affiches-signees-par-lartiste-zapoteque-luvia-lazo\\\/#breadcrumb\",\"itemListElement\":[{\"@type\":\"ListItem\",\"position\":1,\"name\":\"Accueil\",\"item\":\"https:\\\/\\\/bale.ch\\\/journal\\\/\"},{\"@type\":\"ListItem\",\"position\":2,\"name\":\"Le FIFDH pr\u00e9sente ses nouvelles affiches sign\u00e9es par l&rsquo;artiste zapot\u00e8que Luvia Lazo\"}]},{\"@type\":\"WebSite\",\"@id\":\"https:\\\/\\\/bale.ch\\\/journal\\\/#website\",\"url\":\"https:\\\/\\\/bale.ch\\\/journal\\\/\",\"name\":\"Journal de B\u00e2le et Gen\u00e8ve\",\"description\":\"M\u00e9dia transfrontalier d&#039;actualit\u00e9s - News\",\"publisher\":{\"@id\":\"https:\\\/\\\/bale.ch\\\/journal\\\/#organization\"},\"potentialAction\":[{\"@type\":\"SearchAction\",\"target\":{\"@type\":\"EntryPoint\",\"urlTemplate\":\"https:\\\/\\\/bale.ch\\\/journal\\\/?s={search_term_string}\"},\"query-input\":{\"@type\":\"PropertyValueSpecification\",\"valueRequired\":true,\"valueName\":\"search_term_string\"}}],\"inLanguage\":\"fr-FR\"},{\"@type\":\"Organization\",\"@id\":\"https:\\\/\\\/bale.ch\\\/journal\\\/#organization\",\"name\":\"Journal de B\u00e2le et Gen\u00e8ve\",\"url\":\"https:\\\/\\\/bale.ch\\\/journal\\\/\",\"logo\":{\"@type\":\"ImageObject\",\"inLanguage\":\"fr-FR\",\"@id\":\"https:\\\/\\\/bale.ch\\\/journal\\\/#\\\/schema\\\/logo\\\/image\\\/\",\"url\":\"https:\\\/\\\/bale.ch\\\/journal\\\/wp-content\\\/uploads\\\/2023\\\/07\\\/journaldebale_logo_2023_nb.png\",\"contentUrl\":\"https:\\\/\\\/bale.ch\\\/journal\\\/wp-content\\\/uploads\\\/2023\\\/07\\\/journaldebale_logo_2023_nb.png\",\"width\":371,\"height\":127,\"caption\":\"Journal de B\u00e2le et Gen\u00e8ve\"},\"image\":{\"@id\":\"https:\\\/\\\/bale.ch\\\/journal\\\/#\\\/schema\\\/logo\\\/image\\\/\"}},{\"@type\":\"Person\",\"@id\":\"https:\\\/\\\/bale.ch\\\/journal\\\/#\\\/schema\\\/person\\\/03ced978db3b7a5274c5cef003f352f5\",\"name\":\"La R\u00e9daction\",\"image\":{\"@type\":\"ImageObject\",\"inLanguage\":\"fr-FR\",\"@id\":\"https:\\\/\\\/secure.gravatar.com\\\/avatar\\\/d1327e2ce8d2b860112f968a3f34686c9bdda7a463a1502cdd1070ac9d88cf1e?s=96&d=mm&r=g\",\"url\":\"https:\\\/\\\/secure.gravatar.com\\\/avatar\\\/d1327e2ce8d2b860112f968a3f34686c9bdda7a463a1502cdd1070ac9d88cf1e?s=96&d=mm&r=g\",\"contentUrl\":\"https:\\\/\\\/secure.gravatar.com\\\/avatar\\\/d1327e2ce8d2b860112f968a3f34686c9bdda7a463a1502cdd1070ac9d88cf1e?s=96&d=mm&r=g\",\"caption\":\"La R\u00e9daction\"},\"url\":\"https:\\\/\\\/bale.ch\\\/journal\\\/author\\\/laredaction\\\/\"}]}<\/script>\n<!-- \/ Yoast SEO plugin. -->","yoast_head_json":{"title":"Le FIFDH pr\u00e9sente ses nouvelles affiches sign\u00e9es par l'artiste zapot\u00e8que Luvia Lazo - Journal de B\u00e2le et Gen\u00e8ve","robots":{"index":"index","follow":"follow","max-snippet":"max-snippet:-1","max-image-preview":"max-image-preview:large","max-video-preview":"max-video-preview:-1"},"canonical":"https:\/\/bale.ch\/journal\/le-fifdh-presente-ses-nouvelles-affiches-signees-par-lartiste-zapoteque-luvia-lazo\/","og_locale":"fr_FR","og_type":"article","og_title":"Le FIFDH pr\u00e9sente ses nouvelles affiches sign\u00e9es par l'artiste zapot\u00e8que Luvia Lazo - Journal de B\u00e2le et Gen\u00e8ve","og_description":"Le Festival du film et forum international sur les droits humains (FIFDH) de Gen\u00e8ve a d\u00e9voil\u00e9 les affiches trois diff\u00e9rentes affiches de sa 23e \u00e9dition, du 7 au 16 mars Continuer la lecture","og_url":"https:\/\/bale.ch\/journal\/le-fifdh-presente-ses-nouvelles-affiches-signees-par-lartiste-zapoteque-luvia-lazo\/","og_site_name":"Journal de B\u00e2le et Gen\u00e8ve","article_published_time":"2025-01-17T12:54:51+00:00","article_modified_time":"2025-01-19T18:22:44+00:00","og_image":[{"width":1200,"height":630,"url":"https:\/\/bale.ch\/journal\/wp-content\/uploads\/2025\/01\/fifdh_2025.png","type":"image\/png"}],"author":"La R\u00e9daction","twitter_card":"summary_large_image","twitter_misc":{"\u00c9crit par":"La R\u00e9daction","Dur\u00e9e de lecture estim\u00e9e":"3 minutes"},"schema":{"@context":"https:\/\/schema.org","@graph":[{"@type":"Article","@id":"https:\/\/bale.ch\/journal\/le-fifdh-presente-ses-nouvelles-affiches-signees-par-lartiste-zapoteque-luvia-lazo\/#article","isPartOf":{"@id":"https:\/\/bale.ch\/journal\/le-fifdh-presente-ses-nouvelles-affiches-signees-par-lartiste-zapoteque-luvia-lazo\/"},"author":{"name":"La R\u00e9daction","@id":"https:\/\/bale.ch\/journal\/#\/schema\/person\/03ced978db3b7a5274c5cef003f352f5"},"headline":"Le FIFDH pr\u00e9sente ses nouvelles affiches sign\u00e9es par l&rsquo;artiste zapot\u00e8que Luvia Lazo","datePublished":"2025-01-17T12:54:51+00:00","dateModified":"2025-01-19T18:22:44+00:00","mainEntityOfPage":{"@id":"https:\/\/bale.ch\/journal\/le-fifdh-presente-ses-nouvelles-affiches-signees-par-lartiste-zapoteque-luvia-lazo\/"},"wordCount":672,"publisher":{"@id":"https:\/\/bale.ch\/journal\/#organization"},"image":{"@id":"https:\/\/bale.ch\/journal\/le-fifdh-presente-ses-nouvelles-affiches-signees-par-lartiste-zapoteque-luvia-lazo\/#primaryimage"},"thumbnailUrl":"https:\/\/bale.ch\/journal\/wp-content\/uploads\/2025\/01\/fifdh_2025.png","keywords":["Droits humains","festival","Gen\u00e8ve"],"articleSection":["Actualit\u00e9s","Grand Gen\u00e8ve"],"inLanguage":"fr-FR"},{"@type":"WebPage","@id":"https:\/\/bale.ch\/journal\/le-fifdh-presente-ses-nouvelles-affiches-signees-par-lartiste-zapoteque-luvia-lazo\/","url":"https:\/\/bale.ch\/journal\/le-fifdh-presente-ses-nouvelles-affiches-signees-par-lartiste-zapoteque-luvia-lazo\/","name":"Le FIFDH pr\u00e9sente ses nouvelles affiches sign\u00e9es par l'artiste zapot\u00e8que Luvia Lazo - Journal de B\u00e2le et Gen\u00e8ve","isPartOf":{"@id":"https:\/\/bale.ch\/journal\/#website"},"primaryImageOfPage":{"@id":"https:\/\/bale.ch\/journal\/le-fifdh-presente-ses-nouvelles-affiches-signees-par-lartiste-zapoteque-luvia-lazo\/#primaryimage"},"image":{"@id":"https:\/\/bale.ch\/journal\/le-fifdh-presente-ses-nouvelles-affiches-signees-par-lartiste-zapoteque-luvia-lazo\/#primaryimage"},"thumbnailUrl":"https:\/\/bale.ch\/journal\/wp-content\/uploads\/2025\/01\/fifdh_2025.png","datePublished":"2025-01-17T12:54:51+00:00","dateModified":"2025-01-19T18:22:44+00:00","breadcrumb":{"@id":"https:\/\/bale.ch\/journal\/le-fifdh-presente-ses-nouvelles-affiches-signees-par-lartiste-zapoteque-luvia-lazo\/#breadcrumb"},"inLanguage":"fr-FR","potentialAction":[{"@type":"ReadAction","target":["https:\/\/bale.ch\/journal\/le-fifdh-presente-ses-nouvelles-affiches-signees-par-lartiste-zapoteque-luvia-lazo\/"]}]},{"@type":"ImageObject","inLanguage":"fr-FR","@id":"https:\/\/bale.ch\/journal\/le-fifdh-presente-ses-nouvelles-affiches-signees-par-lartiste-zapoteque-luvia-lazo\/#primaryimage","url":"https:\/\/bale.ch\/journal\/wp-content\/uploads\/2025\/01\/fifdh_2025.png","contentUrl":"https:\/\/bale.ch\/journal\/wp-content\/uploads\/2025\/01\/fifdh_2025.png","width":1200,"height":630},{"@type":"BreadcrumbList","@id":"https:\/\/bale.ch\/journal\/le-fifdh-presente-ses-nouvelles-affiches-signees-par-lartiste-zapoteque-luvia-lazo\/#breadcrumb","itemListElement":[{"@type":"ListItem","position":1,"name":"Accueil","item":"https:\/\/bale.ch\/journal\/"},{"@type":"ListItem","position":2,"name":"Le FIFDH pr\u00e9sente ses nouvelles affiches sign\u00e9es par l&rsquo;artiste zapot\u00e8que Luvia Lazo"}]},{"@type":"WebSite","@id":"https:\/\/bale.ch\/journal\/#website","url":"https:\/\/bale.ch\/journal\/","name":"Journal de B\u00e2le et Gen\u00e8ve","description":"M\u00e9dia transfrontalier d&#039;actualit\u00e9s - News","publisher":{"@id":"https:\/\/bale.ch\/journal\/#organization"},"potentialAction":[{"@type":"SearchAction","target":{"@type":"EntryPoint","urlTemplate":"https:\/\/bale.ch\/journal\/?s={search_term_string}"},"query-input":{"@type":"PropertyValueSpecification","valueRequired":true,"valueName":"search_term_string"}}],"inLanguage":"fr-FR"},{"@type":"Organization","@id":"https:\/\/bale.ch\/journal\/#organization","name":"Journal de B\u00e2le et Gen\u00e8ve","url":"https:\/\/bale.ch\/journal\/","logo":{"@type":"ImageObject","inLanguage":"fr-FR","@id":"https:\/\/bale.ch\/journal\/#\/schema\/logo\/image\/","url":"https:\/\/bale.ch\/journal\/wp-content\/uploads\/2023\/07\/journaldebale_logo_2023_nb.png","contentUrl":"https:\/\/bale.ch\/journal\/wp-content\/uploads\/2023\/07\/journaldebale_logo_2023_nb.png","width":371,"height":127,"caption":"Journal de B\u00e2le et Gen\u00e8ve"},"image":{"@id":"https:\/\/bale.ch\/journal\/#\/schema\/logo\/image\/"}},{"@type":"Person","@id":"https:\/\/bale.ch\/journal\/#\/schema\/person\/03ced978db3b7a5274c5cef003f352f5","name":"La R\u00e9daction","image":{"@type":"ImageObject","inLanguage":"fr-FR","@id":"https:\/\/secure.gravatar.com\/avatar\/d1327e2ce8d2b860112f968a3f34686c9bdda7a463a1502cdd1070ac9d88cf1e?s=96&d=mm&r=g","url":"https:\/\/secure.gravatar.com\/avatar\/d1327e2ce8d2b860112f968a3f34686c9bdda7a463a1502cdd1070ac9d88cf1e?s=96&d=mm&r=g","contentUrl":"https:\/\/secure.gravatar.com\/avatar\/d1327e2ce8d2b860112f968a3f34686c9bdda7a463a1502cdd1070ac9d88cf1e?s=96&d=mm&r=g","caption":"La R\u00e9daction"},"url":"https:\/\/bale.ch\/journal\/author\/laredaction\/"}]}},"_links":{"self":[{"href":"https:\/\/bale.ch\/journal\/wp-json\/wp\/v2\/posts\/3656","targetHints":{"allow":["GET"]}}],"collection":[{"href":"https:\/\/bale.ch\/journal\/wp-json\/wp\/v2\/posts"}],"about":[{"href":"https:\/\/bale.ch\/journal\/wp-json\/wp\/v2\/types\/post"}],"author":[{"embeddable":true,"href":"https:\/\/bale.ch\/journal\/wp-json\/wp\/v2\/users\/2"}],"replies":[{"embeddable":true,"href":"https:\/\/bale.ch\/journal\/wp-json\/wp\/v2\/comments?post=3656"}],"version-history":[{"count":4,"href":"https:\/\/bale.ch\/journal\/wp-json\/wp\/v2\/posts\/3656\/revisions"}],"predecessor-version":[{"id":3664,"href":"https:\/\/bale.ch\/journal\/wp-json\/wp\/v2\/posts\/3656\/revisions\/3664"}],"wp:featuredmedia":[{"embeddable":true,"href":"https:\/\/bale.ch\/journal\/wp-json\/wp\/v2\/media\/3657"}],"wp:attachment":[{"href":"https:\/\/bale.ch\/journal\/wp-json\/wp\/v2\/media?parent=3656"}],"wp:term":[{"taxonomy":"category","embeddable":true,"href":"https:\/\/bale.ch\/journal\/wp-json\/wp\/v2\/categories?post=3656"},{"taxonomy":"post_tag","embeddable":true,"href":"https:\/\/bale.ch\/journal\/wp-json\/wp\/v2\/tags?post=3656"}],"curies":[{"name":"wp","href":"https:\/\/api.w.org\/{rel}","templated":true}]}}