{"id":3668,"date":"2025-01-25T10:22:12","date_gmt":"2025-01-25T10:22:12","guid":{"rendered":"https:\/\/bale.ch\/journal\/?p=3668"},"modified":"2025-01-25T10:22:13","modified_gmt":"2025-01-25T10:22:13","slug":"parc-des-eaux-vives-a-huningue-la-riviere-a-maree-basse","status":"publish","type":"post","link":"https:\/\/bale.ch\/journal\/parc-des-eaux-vives-a-huningue-la-riviere-a-maree-basse\/","title":{"rendered":"Parc des Eaux Vives \u00e0 Huningue: la rivi\u00e8re \u00e0 mar\u00e9e basse"},"content":{"rendered":"\n<p class=\"wp-block-paragraph\">Les kayakistes huninguois resteront encore en cale-s\u00e8che ce week-end sur la rivi\u00e8re du Parc des eaux vives: la maintenance annuelle de la vanne-toit r\u00e9gulant son d\u00e9bit et le contr\u00f4le du lit ont en effet n\u00e9cessit\u00e9 son ass\u00e8chement. Fin de mar\u00e9e basse d\u00e8s lundi apr\u00e8s l\u2019enl\u00e8vement des batardeaux qui obturent temporairement le canal d\u2019amen\u00e9e.<\/p>\n<div id=\"crieu-3228512174\" class=\"crieu-apres-le-contenu crieu-entity-placement\" style=\"margin-left: auto;margin-right: auto;text-align: center;\"><script async src=\"\/\/pagead2.googlesyndication.com\/pagead\/js\/adsbygoogle.js?client=ca-pub-5271584769416742\" crossorigin=\"anonymous\"><\/script><ins class=\"adsbygoogle\" style=\"display:block;\" data-ad-client=\"ca-pub-5271584769416742\" \ndata-ad-slot=\"9321250718\" \ndata-ad-format=\"auto\"><\/ins>\n<script> \n(adsbygoogle = window.adsbygoogle || []).push({}); \n<\/script>\n<\/div>","protected":false},"excerpt":{"rendered":"<p>Les kayakistes huninguois resteront encore en cale-s\u00e8che ce week-end sur la rivi\u00e8re du Parc des eaux vives: la maintenance annuelle de la vanne-toit r\u00e9gulant son d\u00e9bit et le contr\u00f4le du <a href=\"https:\/\/bale.ch\/journal\/parc-des-eaux-vives-a-huningue-la-riviere-a-maree-basse\/\" class=\"read-more button-fancy -red\"><span class=\"btn-arrow\"><\/span><span class=\"twp-read-more text\">Continuer la lecture<\/span><\/a><\/p>\n","protected":false},"author":2,"featured_media":3670,"comment_status":"closed","ping_status":"closed","sticky":false,"template":"","format":"standard","meta":{"footnotes":""},"categories":[103,7],"tags":[238],"class_list":["post-3668","post","type-post","status-publish","format-standard","has-post-thumbnail","hentry","category-actu","category-bale","tag-huningue"],"yoast_head":"<!-- This site is optimized with the Yoast SEO plugin v28.3 - https:\/\/yoast.com\/product\/yoast-seo-wordpress\/ -->\n<title>Parc des Eaux Vives \u00e0 Huningue: la rivi\u00e8re \u00e0 mar\u00e9e basse - Journal de B\u00e2le et Gen\u00e8ve<\/title>\n<meta name=\"robots\" content=\"index, follow, max-snippet:-1, max-image-preview:large, max-video-preview:-1\" \/>\n<link rel=\"canonical\" href=\"https:\/\/bale.ch\/journal\/parc-des-eaux-vives-a-huningue-la-riviere-a-maree-basse\/\" \/>\n<meta property=\"og:locale\" content=\"fr_FR\" \/>\n<meta property=\"og:type\" content=\"article\" \/>\n<meta property=\"og:title\" content=\"Parc des Eaux Vives \u00e0 Huningue: la rivi\u00e8re \u00e0 mar\u00e9e basse - Journal de B\u00e2le et Gen\u00e8ve\" \/>\n<meta property=\"og:description\" content=\"Les kayakistes huninguois resteront encore en cale-s\u00e8che ce week-end sur la rivi\u00e8re du Parc des eaux vives: la maintenance annuelle de la vanne-toit r\u00e9gulant son d\u00e9bit et le contr\u00f4le du Continuer la lecture\" \/>\n<meta property=\"og:url\" content=\"https:\/\/bale.ch\/journal\/parc-des-eaux-vives-a-huningue-la-riviere-a-maree-basse\/\" \/>\n<meta property=\"og:site_name\" content=\"Journal de B\u00e2le et Gen\u00e8ve\" \/>\n<meta property=\"article:published_time\" content=\"2025-01-25T10:22:12+00:00\" \/>\n<meta property=\"article:modified_time\" content=\"2025-01-25T10:22:13+00:00\" \/>\n<meta property=\"og:image\" content=\"https:\/\/bale.ch\/journal\/wp-content\/uploads\/2025\/01\/parc_eaux_vives_huningue.jpg\" \/>\n\t<meta property=\"og:image:width\" content=\"900\" \/>\n\t<meta property=\"og:image:height\" content=\"484\" \/>\n\t<meta property=\"og:image:type\" content=\"image\/jpeg\" \/>\n<meta name=\"author\" content=\"La R\u00e9daction\" \/>\n<meta name=\"twitter:card\" content=\"summary_large_image\" \/>\n<meta name=\"twitter:label1\" content=\"\u00c9crit par\" \/>\n\t<meta name=\"twitter:data1\" content=\"La R\u00e9daction\" \/>\n<script type=\"application\/ld+json\" class=\"yoast-schema-graph\">{\"@context\":\"https:\\\/\\\/schema.org\",\"@graph\":[{\"@type\":\"Article\",\"@id\":\"https:\\\/\\\/bale.ch\\\/journal\\\/parc-des-eaux-vives-a-huningue-la-riviere-a-maree-basse\\\/#article\",\"isPartOf\":{\"@id\":\"https:\\\/\\\/bale.ch\\\/journal\\\/parc-des-eaux-vives-a-huningue-la-riviere-a-maree-basse\\\/\"},\"author\":{\"name\":\"La R\u00e9daction\",\"@id\":\"https:\\\/\\\/bale.ch\\\/journal\\\/#\\\/schema\\\/person\\\/03ced978db3b7a5274c5cef003f352f5\"},\"headline\":\"Parc des Eaux Vives \u00e0 Huningue: la rivi\u00e8re \u00e0 mar\u00e9e basse\",\"datePublished\":\"2025-01-25T10:22:12+00:00\",\"dateModified\":\"2025-01-25T10:22:13+00:00\",\"mainEntityOfPage\":{\"@id\":\"https:\\\/\\\/bale.ch\\\/journal\\\/parc-des-eaux-vives-a-huningue-la-riviere-a-maree-basse\\\/\"},\"wordCount\":78,\"publisher\":{\"@id\":\"https:\\\/\\\/bale.ch\\\/journal\\\/#organization\"},\"image\":{\"@id\":\"https:\\\/\\\/bale.ch\\\/journal\\\/parc-des-eaux-vives-a-huningue-la-riviere-a-maree-basse\\\/#primaryimage\"},\"thumbnailUrl\":\"https:\\\/\\\/bale.ch\\\/journal\\\/wp-content\\\/uploads\\\/2025\\\/01\\\/parc_eaux_vives_huningue.jpg\",\"keywords\":[\"Huningue\"],\"articleSection\":[\"Actualit\u00e9s\",\"B\u00e2le Trinationale\"],\"inLanguage\":\"fr-FR\"},{\"@type\":\"WebPage\",\"@id\":\"https:\\\/\\\/bale.ch\\\/journal\\\/parc-des-eaux-vives-a-huningue-la-riviere-a-maree-basse\\\/\",\"url\":\"https:\\\/\\\/bale.ch\\\/journal\\\/parc-des-eaux-vives-a-huningue-la-riviere-a-maree-basse\\\/\",\"name\":\"Parc des Eaux Vives \u00e0 Huningue: la rivi\u00e8re \u00e0 mar\u00e9e basse - Journal de B\u00e2le et Gen\u00e8ve\",\"isPartOf\":{\"@id\":\"https:\\\/\\\/bale.ch\\\/journal\\\/#website\"},\"primaryImageOfPage\":{\"@id\":\"https:\\\/\\\/bale.ch\\\/journal\\\/parc-des-eaux-vives-a-huningue-la-riviere-a-maree-basse\\\/#primaryimage\"},\"image\":{\"@id\":\"https:\\\/\\\/bale.ch\\\/journal\\\/parc-des-eaux-vives-a-huningue-la-riviere-a-maree-basse\\\/#primaryimage\"},\"thumbnailUrl\":\"https:\\\/\\\/bale.ch\\\/journal\\\/wp-content\\\/uploads\\\/2025\\\/01\\\/parc_eaux_vives_huningue.jpg\",\"datePublished\":\"2025-01-25T10:22:12+00:00\",\"dateModified\":\"2025-01-25T10:22:13+00:00\",\"breadcrumb\":{\"@id\":\"https:\\\/\\\/bale.ch\\\/journal\\\/parc-des-eaux-vives-a-huningue-la-riviere-a-maree-basse\\\/#breadcrumb\"},\"inLanguage\":\"fr-FR\",\"potentialAction\":[{\"@type\":\"ReadAction\",\"target\":[\"https:\\\/\\\/bale.ch\\\/journal\\\/parc-des-eaux-vives-a-huningue-la-riviere-a-maree-basse\\\/\"]}]},{\"@type\":\"ImageObject\",\"inLanguage\":\"fr-FR\",\"@id\":\"https:\\\/\\\/bale.ch\\\/journal\\\/parc-des-eaux-vives-a-huningue-la-riviere-a-maree-basse\\\/#primaryimage\",\"url\":\"https:\\\/\\\/bale.ch\\\/journal\\\/wp-content\\\/uploads\\\/2025\\\/01\\\/parc_eaux_vives_huningue.jpg\",\"contentUrl\":\"https:\\\/\\\/bale.ch\\\/journal\\\/wp-content\\\/uploads\\\/2025\\\/01\\\/parc_eaux_vives_huningue.jpg\",\"width\":900,\"height\":484},{\"@type\":\"BreadcrumbList\",\"@id\":\"https:\\\/\\\/bale.ch\\\/journal\\\/parc-des-eaux-vives-a-huningue-la-riviere-a-maree-basse\\\/#breadcrumb\",\"itemListElement\":[{\"@type\":\"ListItem\",\"position\":1,\"name\":\"Accueil\",\"item\":\"https:\\\/\\\/bale.ch\\\/journal\\\/\"},{\"@type\":\"ListItem\",\"position\":2,\"name\":\"Parc des Eaux Vives \u00e0 Huningue: la rivi\u00e8re \u00e0 mar\u00e9e basse\"}]},{\"@type\":\"WebSite\",\"@id\":\"https:\\\/\\\/bale.ch\\\/journal\\\/#website\",\"url\":\"https:\\\/\\\/bale.ch\\\/journal\\\/\",\"name\":\"Journal de B\u00e2le et Gen\u00e8ve\",\"description\":\"M\u00e9dia transfrontalier d&#039;actualit\u00e9s - News\",\"publisher\":{\"@id\":\"https:\\\/\\\/bale.ch\\\/journal\\\/#organization\"},\"potentialAction\":[{\"@type\":\"SearchAction\",\"target\":{\"@type\":\"EntryPoint\",\"urlTemplate\":\"https:\\\/\\\/bale.ch\\\/journal\\\/?s={search_term_string}\"},\"query-input\":{\"@type\":\"PropertyValueSpecification\",\"valueRequired\":true,\"valueName\":\"search_term_string\"}}],\"inLanguage\":\"fr-FR\"},{\"@type\":\"Organization\",\"@id\":\"https:\\\/\\\/bale.ch\\\/journal\\\/#organization\",\"name\":\"Journal de B\u00e2le et Gen\u00e8ve\",\"url\":\"https:\\\/\\\/bale.ch\\\/journal\\\/\",\"logo\":{\"@type\":\"ImageObject\",\"inLanguage\":\"fr-FR\",\"@id\":\"https:\\\/\\\/bale.ch\\\/journal\\\/#\\\/schema\\\/logo\\\/image\\\/\",\"url\":\"https:\\\/\\\/bale.ch\\\/journal\\\/wp-content\\\/uploads\\\/2023\\\/07\\\/journaldebale_logo_2023_nb.png\",\"contentUrl\":\"https:\\\/\\\/bale.ch\\\/journal\\\/wp-content\\\/uploads\\\/2023\\\/07\\\/journaldebale_logo_2023_nb.png\",\"width\":371,\"height\":127,\"caption\":\"Journal de B\u00e2le et Gen\u00e8ve\"},\"image\":{\"@id\":\"https:\\\/\\\/bale.ch\\\/journal\\\/#\\\/schema\\\/logo\\\/image\\\/\"}},{\"@type\":\"Person\",\"@id\":\"https:\\\/\\\/bale.ch\\\/journal\\\/#\\\/schema\\\/person\\\/03ced978db3b7a5274c5cef003f352f5\",\"name\":\"La R\u00e9daction\",\"image\":{\"@type\":\"ImageObject\",\"inLanguage\":\"fr-FR\",\"@id\":\"https:\\\/\\\/secure.gravatar.com\\\/avatar\\\/d1327e2ce8d2b860112f968a3f34686c9bdda7a463a1502cdd1070ac9d88cf1e?s=96&d=mm&r=g\",\"url\":\"https:\\\/\\\/secure.gravatar.com\\\/avatar\\\/d1327e2ce8d2b860112f968a3f34686c9bdda7a463a1502cdd1070ac9d88cf1e?s=96&d=mm&r=g\",\"contentUrl\":\"https:\\\/\\\/secure.gravatar.com\\\/avatar\\\/d1327e2ce8d2b860112f968a3f34686c9bdda7a463a1502cdd1070ac9d88cf1e?s=96&d=mm&r=g\",\"caption\":\"La R\u00e9daction\"},\"url\":\"https:\\\/\\\/bale.ch\\\/journal\\\/author\\\/laredaction\\\/\"}]}<\/script>\n<!-- \/ Yoast SEO plugin. -->","yoast_head_json":{"title":"Parc des Eaux Vives \u00e0 Huningue: la rivi\u00e8re \u00e0 mar\u00e9e basse - Journal de B\u00e2le et Gen\u00e8ve","robots":{"index":"index","follow":"follow","max-snippet":"max-snippet:-1","max-image-preview":"max-image-preview:large","max-video-preview":"max-video-preview:-1"},"canonical":"https:\/\/bale.ch\/journal\/parc-des-eaux-vives-a-huningue-la-riviere-a-maree-basse\/","og_locale":"fr_FR","og_type":"article","og_title":"Parc des Eaux Vives \u00e0 Huningue: la rivi\u00e8re \u00e0 mar\u00e9e basse - Journal de B\u00e2le et Gen\u00e8ve","og_description":"Les kayakistes huninguois resteront encore en cale-s\u00e8che ce week-end sur la rivi\u00e8re du Parc des eaux vives: la maintenance annuelle de la vanne-toit r\u00e9gulant son d\u00e9bit et le contr\u00f4le du Continuer la lecture","og_url":"https:\/\/bale.ch\/journal\/parc-des-eaux-vives-a-huningue-la-riviere-a-maree-basse\/","og_site_name":"Journal de B\u00e2le et Gen\u00e8ve","article_published_time":"2025-01-25T10:22:12+00:00","article_modified_time":"2025-01-25T10:22:13+00:00","og_image":[{"width":900,"height":484,"url":"https:\/\/bale.ch\/journal\/wp-content\/uploads\/2025\/01\/parc_eaux_vives_huningue.jpg","type":"image\/jpeg"}],"author":"La R\u00e9daction","twitter_card":"summary_large_image","twitter_misc":{"\u00c9crit par":"La R\u00e9daction"},"schema":{"@context":"https:\/\/schema.org","@graph":[{"@type":"Article","@id":"https:\/\/bale.ch\/journal\/parc-des-eaux-vives-a-huningue-la-riviere-a-maree-basse\/#article","isPartOf":{"@id":"https:\/\/bale.ch\/journal\/parc-des-eaux-vives-a-huningue-la-riviere-a-maree-basse\/"},"author":{"name":"La R\u00e9daction","@id":"https:\/\/bale.ch\/journal\/#\/schema\/person\/03ced978db3b7a5274c5cef003f352f5"},"headline":"Parc des Eaux Vives \u00e0 Huningue: la rivi\u00e8re \u00e0 mar\u00e9e basse","datePublished":"2025-01-25T10:22:12+00:00","dateModified":"2025-01-25T10:22:13+00:00","mainEntityOfPage":{"@id":"https:\/\/bale.ch\/journal\/parc-des-eaux-vives-a-huningue-la-riviere-a-maree-basse\/"},"wordCount":78,"publisher":{"@id":"https:\/\/bale.ch\/journal\/#organization"},"image":{"@id":"https:\/\/bale.ch\/journal\/parc-des-eaux-vives-a-huningue-la-riviere-a-maree-basse\/#primaryimage"},"thumbnailUrl":"https:\/\/bale.ch\/journal\/wp-content\/uploads\/2025\/01\/parc_eaux_vives_huningue.jpg","keywords":["Huningue"],"articleSection":["Actualit\u00e9s","B\u00e2le Trinationale"],"inLanguage":"fr-FR"},{"@type":"WebPage","@id":"https:\/\/bale.ch\/journal\/parc-des-eaux-vives-a-huningue-la-riviere-a-maree-basse\/","url":"https:\/\/bale.ch\/journal\/parc-des-eaux-vives-a-huningue-la-riviere-a-maree-basse\/","name":"Parc des Eaux Vives \u00e0 Huningue: la rivi\u00e8re \u00e0 mar\u00e9e basse - Journal de B\u00e2le et Gen\u00e8ve","isPartOf":{"@id":"https:\/\/bale.ch\/journal\/#website"},"primaryImageOfPage":{"@id":"https:\/\/bale.ch\/journal\/parc-des-eaux-vives-a-huningue-la-riviere-a-maree-basse\/#primaryimage"},"image":{"@id":"https:\/\/bale.ch\/journal\/parc-des-eaux-vives-a-huningue-la-riviere-a-maree-basse\/#primaryimage"},"thumbnailUrl":"https:\/\/bale.ch\/journal\/wp-content\/uploads\/2025\/01\/parc_eaux_vives_huningue.jpg","datePublished":"2025-01-25T10:22:12+00:00","dateModified":"2025-01-25T10:22:13+00:00","breadcrumb":{"@id":"https:\/\/bale.ch\/journal\/parc-des-eaux-vives-a-huningue-la-riviere-a-maree-basse\/#breadcrumb"},"inLanguage":"fr-FR","potentialAction":[{"@type":"ReadAction","target":["https:\/\/bale.ch\/journal\/parc-des-eaux-vives-a-huningue-la-riviere-a-maree-basse\/"]}]},{"@type":"ImageObject","inLanguage":"fr-FR","@id":"https:\/\/bale.ch\/journal\/parc-des-eaux-vives-a-huningue-la-riviere-a-maree-basse\/#primaryimage","url":"https:\/\/bale.ch\/journal\/wp-content\/uploads\/2025\/01\/parc_eaux_vives_huningue.jpg","contentUrl":"https:\/\/bale.ch\/journal\/wp-content\/uploads\/2025\/01\/parc_eaux_vives_huningue.jpg","width":900,"height":484},{"@type":"BreadcrumbList","@id":"https:\/\/bale.ch\/journal\/parc-des-eaux-vives-a-huningue-la-riviere-a-maree-basse\/#breadcrumb","itemListElement":[{"@type":"ListItem","position":1,"name":"Accueil","item":"https:\/\/bale.ch\/journal\/"},{"@type":"ListItem","position":2,"name":"Parc des Eaux Vives \u00e0 Huningue: la rivi\u00e8re \u00e0 mar\u00e9e basse"}]},{"@type":"WebSite","@id":"https:\/\/bale.ch\/journal\/#website","url":"https:\/\/bale.ch\/journal\/","name":"Journal de B\u00e2le et Gen\u00e8ve","description":"M\u00e9dia transfrontalier d&#039;actualit\u00e9s - News","publisher":{"@id":"https:\/\/bale.ch\/journal\/#organization"},"potentialAction":[{"@type":"SearchAction","target":{"@type":"EntryPoint","urlTemplate":"https:\/\/bale.ch\/journal\/?s={search_term_string}"},"query-input":{"@type":"PropertyValueSpecification","valueRequired":true,"valueName":"search_term_string"}}],"inLanguage":"fr-FR"},{"@type":"Organization","@id":"https:\/\/bale.ch\/journal\/#organization","name":"Journal de B\u00e2le et Gen\u00e8ve","url":"https:\/\/bale.ch\/journal\/","logo":{"@type":"ImageObject","inLanguage":"fr-FR","@id":"https:\/\/bale.ch\/journal\/#\/schema\/logo\/image\/","url":"https:\/\/bale.ch\/journal\/wp-content\/uploads\/2023\/07\/journaldebale_logo_2023_nb.png","contentUrl":"https:\/\/bale.ch\/journal\/wp-content\/uploads\/2023\/07\/journaldebale_logo_2023_nb.png","width":371,"height":127,"caption":"Journal de B\u00e2le et Gen\u00e8ve"},"image":{"@id":"https:\/\/bale.ch\/journal\/#\/schema\/logo\/image\/"}},{"@type":"Person","@id":"https:\/\/bale.ch\/journal\/#\/schema\/person\/03ced978db3b7a5274c5cef003f352f5","name":"La R\u00e9daction","image":{"@type":"ImageObject","inLanguage":"fr-FR","@id":"https:\/\/secure.gravatar.com\/avatar\/d1327e2ce8d2b860112f968a3f34686c9bdda7a463a1502cdd1070ac9d88cf1e?s=96&d=mm&r=g","url":"https:\/\/secure.gravatar.com\/avatar\/d1327e2ce8d2b860112f968a3f34686c9bdda7a463a1502cdd1070ac9d88cf1e?s=96&d=mm&r=g","contentUrl":"https:\/\/secure.gravatar.com\/avatar\/d1327e2ce8d2b860112f968a3f34686c9bdda7a463a1502cdd1070ac9d88cf1e?s=96&d=mm&r=g","caption":"La R\u00e9daction"},"url":"https:\/\/bale.ch\/journal\/author\/laredaction\/"}]}},"_links":{"self":[{"href":"https:\/\/bale.ch\/journal\/wp-json\/wp\/v2\/posts\/3668","targetHints":{"allow":["GET"]}}],"collection":[{"href":"https:\/\/bale.ch\/journal\/wp-json\/wp\/v2\/posts"}],"about":[{"href":"https:\/\/bale.ch\/journal\/wp-json\/wp\/v2\/types\/post"}],"author":[{"embeddable":true,"href":"https:\/\/bale.ch\/journal\/wp-json\/wp\/v2\/users\/2"}],"replies":[{"embeddable":true,"href":"https:\/\/bale.ch\/journal\/wp-json\/wp\/v2\/comments?post=3668"}],"version-history":[{"count":1,"href":"https:\/\/bale.ch\/journal\/wp-json\/wp\/v2\/posts\/3668\/revisions"}],"predecessor-version":[{"id":3671,"href":"https:\/\/bale.ch\/journal\/wp-json\/wp\/v2\/posts\/3668\/revisions\/3671"}],"wp:featuredmedia":[{"embeddable":true,"href":"https:\/\/bale.ch\/journal\/wp-json\/wp\/v2\/media\/3670"}],"wp:attachment":[{"href":"https:\/\/bale.ch\/journal\/wp-json\/wp\/v2\/media?parent=3668"}],"wp:term":[{"taxonomy":"category","embeddable":true,"href":"https:\/\/bale.ch\/journal\/wp-json\/wp\/v2\/categories?post=3668"},{"taxonomy":"post_tag","embeddable":true,"href":"https:\/\/bale.ch\/journal\/wp-json\/wp\/v2\/tags?post=3668"}],"curies":[{"name":"wp","href":"https:\/\/api.w.org\/{rel}","templated":true}]}}