{"id":3672,"date":"2025-01-25T10:41:41","date_gmt":"2025-01-25T10:41:41","guid":{"rendered":"https:\/\/bale.ch\/journal\/?p=3672"},"modified":"2025-01-25T10:55:18","modified_gmt":"2025-01-25T10:55:18","slug":"les-radios-publiques-suisses-perdent-un-demi-million-dauditeurs-apres-labandon-de-la-fm","status":"publish","type":"post","link":"https:\/\/bale.ch\/journal\/les-radios-publiques-suisses-perdent-un-demi-million-dauditeurs-apres-labandon-de-la-fm\/","title":{"rendered":"Les radios publiques suisses perdent un demi-million d&rsquo;auditeurs apr\u00e8s l&rsquo;abandon de la FM"},"content":{"rendered":"\n<p class=\"wp-block-paragraph\"><strong>La fin de la diffusion des stations radio publiques sur la bande FM a entra\u00een\u00e9 une baisse drastique du nombre d&rsquo;auditeurs des chaines de la Soci\u00e9t\u00e9 suisse de radiodiffusion et t\u00e9l\u00e9vision (SSR), et notamment celles de la RTS (La 1ere, Couleur3&#8230;). Les radios priv\u00e9es profitent de la situation.<\/strong><\/p>\n\n\n\n<p class=\"wp-block-paragraph\">Fin 2024, la SSR a compl\u00e8tement bascul\u00e9 la diffusion de ses radios du FM vers le DAB. Cela a entra\u00een\u00e9 une baisse significative du nombre d&rsquo;auditeurs: au cours des deux premi\u00e8res semaines de janvier, les trois grandes cha\u00eenes de t\u00e9l\u00e9vision de langue allemande SRF1, SRF2 et SRF3 ont perdu pr\u00e8s d&rsquo;un demi-million d&rsquo;auditeurs. SRF1 est particuli\u00e8rement touch\u00e9e, avec une perte de 255&rsquo;300 auditeurs. Dans l\u2019ensemble, l\u2019autonomie quotidienne nette a diminu\u00e9 de 23,5%<\/p>\n\n\n\n<p class=\"wp-block-paragraph\">Les radios de la RTS francophone, La 1\u00e8re, Espace 2 et Couleur 3, ont perdu un tiers de parts de march\u00e9, soit pr\u00e8s de 130&rsquo;000 auditeurs a annonc\u00e9 le quotidien 24 Heures. Couleur 3 a perdu pr\u00e8s de la moiti\u00e9 de ses 109&rsquo;100 auditeurs, soit presque autant que La Premi\u00e8re, dont l&rsquo;audience est trois fois plus large.<\/p><div id=\"crieu-2822533617\" class=\"crieu-content crieu-entity-placement\"><script async src=\"\/\/pagead2.googlesyndication.com\/pagead\/js\/adsbygoogle.js?client=ca-pub-5271584769416742\" crossorigin=\"anonymous\"><\/script><ins class=\"adsbygoogle\" style=\"display:block;\" data-ad-client=\"ca-pub-5271584769416742\" \ndata-ad-slot=\"9321250718\" \ndata-ad-format=\"auto\"><\/ins>\n<script> \n(adsbygoogle = window.adsbygoogle || []).push({}); \n<\/script>\n<\/div>\n\n\n\n<p class=\"wp-block-paragraph\">La SSR avait initialement pr\u00e9vu d&rsquo;\u00e9teindre la radio FM fin 2026, mais a finalement avanc\u00e9 dans cette voie. Cette d\u00e9cision a \u00e9t\u00e9 critiqu\u00e9e car, selon une \u00e9tude de l&rsquo;Office f\u00e9d\u00e9ral de la communication, car en effet 33% de la population suisse utilise encore la FM, notamment dans les voitures. Les critiques accusent la SSR de sous-estimer l\u2019importance des ondes ultra-courtes.<\/p>\n\n\n\n<p class=\"wp-block-paragraph\">Tandis que les stations publiques perdent des auditeurs, certaines radios priv\u00e9es enregistrent des hausses, jusqu&rsquo;\u00e0 50% d&rsquo;audience suppl\u00e9mentaire.<\/p>\n\n\n\n<p class=\"wp-block-paragraph\">La SSR justifie l&rsquo;arr\u00eat du FM par la faible utilisation de cette technologie et les co\u00fbts d&rsquo;exploitation \u00e9lev\u00e9s des syst\u00e8mes de diffusion. Selon la direction de la SSR, les fonds d\u00e9bloqu\u00e9s devraient \u00eatre <em>\u00ab\u00a0investis dans du contenu journalistique\u00a0\u00bb<\/em>. Le d\u00e9bat sur l&rsquo;avenir de la radio en Suisse reste anim\u00e9.<\/p>\n<div id=\"crieu-4161809306\" class=\"crieu-apres-le-contenu crieu-entity-placement\" style=\"margin-left: auto;margin-right: auto;text-align: center;\"><script async src=\"\/\/pagead2.googlesyndication.com\/pagead\/js\/adsbygoogle.js?client=ca-pub-5271584769416742\" crossorigin=\"anonymous\"><\/script><ins class=\"adsbygoogle\" style=\"display:block;\" data-ad-client=\"ca-pub-5271584769416742\" \ndata-ad-slot=\"9321250718\" \ndata-ad-format=\"auto\"><\/ins>\n<script> \n(adsbygoogle = window.adsbygoogle || []).push({}); \n<\/script>\n<\/div>","protected":false},"excerpt":{"rendered":"<p>La fin de la diffusion des stations radio publiques sur la bande FM a entra\u00een\u00e9 une baisse drastique du nombre d&rsquo;auditeurs des chaines de la Soci\u00e9t\u00e9 suisse de radiodiffusion et <a href=\"https:\/\/bale.ch\/journal\/les-radios-publiques-suisses-perdent-un-demi-million-dauditeurs-apres-labandon-de-la-fm\/\" class=\"read-more button-fancy -red\"><span class=\"btn-arrow\"><\/span><span class=\"twp-read-more text\">Continuer la lecture<\/span><\/a><\/p>\n","protected":false},"author":43,"featured_media":3673,"comment_status":"closed","ping_status":"closed","sticky":false,"template":"","format":"standard","meta":{"footnotes":""},"categories":[103,8],"tags":[245,181],"class_list":["post-3672","post","type-post","status-publish","format-standard","has-post-thumbnail","hentry","category-actu","category-suisse","tag-radios-fm","tag-srg-ssr"],"yoast_head":"<!-- This site is optimized with the Yoast SEO plugin v28.3 - https:\/\/yoast.com\/product\/yoast-seo-wordpress\/ -->\n<title>Les radios publiques suisses perdent un demi-million d&#039;auditeurs apr\u00e8s l&#039;abandon de la FM - Journal de B\u00e2le et Gen\u00e8ve<\/title>\n<meta name=\"robots\" content=\"index, follow, max-snippet:-1, max-image-preview:large, max-video-preview:-1\" \/>\n<link rel=\"canonical\" href=\"https:\/\/bale.ch\/journal\/les-radios-publiques-suisses-perdent-un-demi-million-dauditeurs-apres-labandon-de-la-fm\/\" \/>\n<meta property=\"og:locale\" content=\"fr_FR\" \/>\n<meta property=\"og:type\" content=\"article\" \/>\n<meta property=\"og:title\" content=\"Les radios publiques suisses perdent un demi-million d&#039;auditeurs apr\u00e8s l&#039;abandon de la FM - Journal de B\u00e2le et Gen\u00e8ve\" \/>\n<meta property=\"og:description\" content=\"La fin de la diffusion des stations radio publiques sur la bande FM a entra\u00een\u00e9 une baisse drastique du nombre d&rsquo;auditeurs des chaines de la Soci\u00e9t\u00e9 suisse de radiodiffusion et Continuer la lecture\" \/>\n<meta property=\"og:url\" content=\"https:\/\/bale.ch\/journal\/les-radios-publiques-suisses-perdent-un-demi-million-dauditeurs-apres-labandon-de-la-fm\/\" \/>\n<meta property=\"og:site_name\" content=\"Journal de B\u00e2le et Gen\u00e8ve\" \/>\n<meta property=\"article:published_time\" content=\"2025-01-25T10:41:41+00:00\" \/>\n<meta property=\"article:modified_time\" content=\"2025-01-25T10:55:18+00:00\" \/>\n<meta property=\"og:image\" content=\"https:\/\/bale.ch\/journal\/wp-content\/uploads\/2025\/01\/rts_ssr_srg_geneve_genf.jpg\" \/>\n\t<meta property=\"og:image:width\" content=\"900\" \/>\n\t<meta property=\"og:image:height\" content=\"484\" \/>\n\t<meta property=\"og:image:type\" content=\"image\/jpeg\" \/>\n<meta name=\"author\" content=\"Elodie Silva\" \/>\n<meta name=\"twitter:card\" content=\"summary_large_image\" \/>\n<meta name=\"twitter:label1\" content=\"\u00c9crit par\" \/>\n\t<meta name=\"twitter:data1\" content=\"Elodie Silva\" \/>\n\t<meta name=\"twitter:label2\" content=\"Dur\u00e9e de lecture estim\u00e9e\" \/>\n\t<meta name=\"twitter:data2\" content=\"2 minutes\" \/>\n<script type=\"application\/ld+json\" class=\"yoast-schema-graph\">{\"@context\":\"https:\\\/\\\/schema.org\",\"@graph\":[{\"@type\":\"Article\",\"@id\":\"https:\\\/\\\/bale.ch\\\/journal\\\/les-radios-publiques-suisses-perdent-un-demi-million-dauditeurs-apres-labandon-de-la-fm\\\/#article\",\"isPartOf\":{\"@id\":\"https:\\\/\\\/bale.ch\\\/journal\\\/les-radios-publiques-suisses-perdent-un-demi-million-dauditeurs-apres-labandon-de-la-fm\\\/\"},\"author\":{\"name\":\"Elodie Silva\",\"@id\":\"https:\\\/\\\/bale.ch\\\/journal\\\/#\\\/schema\\\/person\\\/e3e5eeffae523f19b12d7057ced45a2b\"},\"headline\":\"Les radios publiques suisses perdent un demi-million d&rsquo;auditeurs apr\u00e8s l&rsquo;abandon de la FM\",\"datePublished\":\"2025-01-25T10:41:41+00:00\",\"dateModified\":\"2025-01-25T10:55:18+00:00\",\"mainEntityOfPage\":{\"@id\":\"https:\\\/\\\/bale.ch\\\/journal\\\/les-radios-publiques-suisses-perdent-un-demi-million-dauditeurs-apres-labandon-de-la-fm\\\/\"},\"wordCount\":353,\"publisher\":{\"@id\":\"https:\\\/\\\/bale.ch\\\/journal\\\/#organization\"},\"image\":{\"@id\":\"https:\\\/\\\/bale.ch\\\/journal\\\/les-radios-publiques-suisses-perdent-un-demi-million-dauditeurs-apres-labandon-de-la-fm\\\/#primaryimage\"},\"thumbnailUrl\":\"https:\\\/\\\/bale.ch\\\/journal\\\/wp-content\\\/uploads\\\/2025\\\/01\\\/rts_ssr_srg_geneve_genf.jpg\",\"keywords\":[\"Radios FM\",\"SRG SSR\"],\"articleSection\":[\"Actualit\u00e9s\",\"Suisse\"],\"inLanguage\":\"fr-FR\"},{\"@type\":\"WebPage\",\"@id\":\"https:\\\/\\\/bale.ch\\\/journal\\\/les-radios-publiques-suisses-perdent-un-demi-million-dauditeurs-apres-labandon-de-la-fm\\\/\",\"url\":\"https:\\\/\\\/bale.ch\\\/journal\\\/les-radios-publiques-suisses-perdent-un-demi-million-dauditeurs-apres-labandon-de-la-fm\\\/\",\"name\":\"Les radios publiques suisses perdent un demi-million d'auditeurs apr\u00e8s l'abandon de la FM - Journal de B\u00e2le et Gen\u00e8ve\",\"isPartOf\":{\"@id\":\"https:\\\/\\\/bale.ch\\\/journal\\\/#website\"},\"primaryImageOfPage\":{\"@id\":\"https:\\\/\\\/bale.ch\\\/journal\\\/les-radios-publiques-suisses-perdent-un-demi-million-dauditeurs-apres-labandon-de-la-fm\\\/#primaryimage\"},\"image\":{\"@id\":\"https:\\\/\\\/bale.ch\\\/journal\\\/les-radios-publiques-suisses-perdent-un-demi-million-dauditeurs-apres-labandon-de-la-fm\\\/#primaryimage\"},\"thumbnailUrl\":\"https:\\\/\\\/bale.ch\\\/journal\\\/wp-content\\\/uploads\\\/2025\\\/01\\\/rts_ssr_srg_geneve_genf.jpg\",\"datePublished\":\"2025-01-25T10:41:41+00:00\",\"dateModified\":\"2025-01-25T10:55:18+00:00\",\"breadcrumb\":{\"@id\":\"https:\\\/\\\/bale.ch\\\/journal\\\/les-radios-publiques-suisses-perdent-un-demi-million-dauditeurs-apres-labandon-de-la-fm\\\/#breadcrumb\"},\"inLanguage\":\"fr-FR\",\"potentialAction\":[{\"@type\":\"ReadAction\",\"target\":[\"https:\\\/\\\/bale.ch\\\/journal\\\/les-radios-publiques-suisses-perdent-un-demi-million-dauditeurs-apres-labandon-de-la-fm\\\/\"]}]},{\"@type\":\"ImageObject\",\"inLanguage\":\"fr-FR\",\"@id\":\"https:\\\/\\\/bale.ch\\\/journal\\\/les-radios-publiques-suisses-perdent-un-demi-million-dauditeurs-apres-labandon-de-la-fm\\\/#primaryimage\",\"url\":\"https:\\\/\\\/bale.ch\\\/journal\\\/wp-content\\\/uploads\\\/2025\\\/01\\\/rts_ssr_srg_geneve_genf.jpg\",\"contentUrl\":\"https:\\\/\\\/bale.ch\\\/journal\\\/wp-content\\\/uploads\\\/2025\\\/01\\\/rts_ssr_srg_geneve_genf.jpg\",\"width\":900,\"height\":484},{\"@type\":\"BreadcrumbList\",\"@id\":\"https:\\\/\\\/bale.ch\\\/journal\\\/les-radios-publiques-suisses-perdent-un-demi-million-dauditeurs-apres-labandon-de-la-fm\\\/#breadcrumb\",\"itemListElement\":[{\"@type\":\"ListItem\",\"position\":1,\"name\":\"Accueil\",\"item\":\"https:\\\/\\\/bale.ch\\\/journal\\\/\"},{\"@type\":\"ListItem\",\"position\":2,\"name\":\"Les radios publiques suisses perdent un demi-million d&rsquo;auditeurs apr\u00e8s l&rsquo;abandon de la FM\"}]},{\"@type\":\"WebSite\",\"@id\":\"https:\\\/\\\/bale.ch\\\/journal\\\/#website\",\"url\":\"https:\\\/\\\/bale.ch\\\/journal\\\/\",\"name\":\"Journal de B\u00e2le et Gen\u00e8ve\",\"description\":\"M\u00e9dia transfrontalier d&#039;actualit\u00e9s - News\",\"publisher\":{\"@id\":\"https:\\\/\\\/bale.ch\\\/journal\\\/#organization\"},\"potentialAction\":[{\"@type\":\"SearchAction\",\"target\":{\"@type\":\"EntryPoint\",\"urlTemplate\":\"https:\\\/\\\/bale.ch\\\/journal\\\/?s={search_term_string}\"},\"query-input\":{\"@type\":\"PropertyValueSpecification\",\"valueRequired\":true,\"valueName\":\"search_term_string\"}}],\"inLanguage\":\"fr-FR\"},{\"@type\":\"Organization\",\"@id\":\"https:\\\/\\\/bale.ch\\\/journal\\\/#organization\",\"name\":\"Journal de B\u00e2le et Gen\u00e8ve\",\"url\":\"https:\\\/\\\/bale.ch\\\/journal\\\/\",\"logo\":{\"@type\":\"ImageObject\",\"inLanguage\":\"fr-FR\",\"@id\":\"https:\\\/\\\/bale.ch\\\/journal\\\/#\\\/schema\\\/logo\\\/image\\\/\",\"url\":\"https:\\\/\\\/bale.ch\\\/journal\\\/wp-content\\\/uploads\\\/2023\\\/07\\\/journaldebale_logo_2023_nb.png\",\"contentUrl\":\"https:\\\/\\\/bale.ch\\\/journal\\\/wp-content\\\/uploads\\\/2023\\\/07\\\/journaldebale_logo_2023_nb.png\",\"width\":371,\"height\":127,\"caption\":\"Journal de B\u00e2le et Gen\u00e8ve\"},\"image\":{\"@id\":\"https:\\\/\\\/bale.ch\\\/journal\\\/#\\\/schema\\\/logo\\\/image\\\/\"}},{\"@type\":\"Person\",\"@id\":\"https:\\\/\\\/bale.ch\\\/journal\\\/#\\\/schema\\\/person\\\/e3e5eeffae523f19b12d7057ced45a2b\",\"name\":\"Elodie Silva\",\"image\":{\"@type\":\"ImageObject\",\"inLanguage\":\"fr-FR\",\"@id\":\"https:\\\/\\\/secure.gravatar.com\\\/avatar\\\/f76593021159ecd3226293e7c461386bfd009157e6c549bc9b418d0a2db47041?s=96&d=mm&r=g\",\"url\":\"https:\\\/\\\/secure.gravatar.com\\\/avatar\\\/f76593021159ecd3226293e7c461386bfd009157e6c549bc9b418d0a2db47041?s=96&d=mm&r=g\",\"contentUrl\":\"https:\\\/\\\/secure.gravatar.com\\\/avatar\\\/f76593021159ecd3226293e7c461386bfd009157e6c549bc9b418d0a2db47041?s=96&d=mm&r=g\",\"caption\":\"Elodie Silva\"},\"url\":\"https:\\\/\\\/bale.ch\\\/journal\\\/author\\\/elodiesilva\\\/\"}]}<\/script>\n<!-- \/ Yoast SEO plugin. -->","yoast_head_json":{"title":"Les radios publiques suisses perdent un demi-million d'auditeurs apr\u00e8s l'abandon de la FM - Journal de B\u00e2le et Gen\u00e8ve","robots":{"index":"index","follow":"follow","max-snippet":"max-snippet:-1","max-image-preview":"max-image-preview:large","max-video-preview":"max-video-preview:-1"},"canonical":"https:\/\/bale.ch\/journal\/les-radios-publiques-suisses-perdent-un-demi-million-dauditeurs-apres-labandon-de-la-fm\/","og_locale":"fr_FR","og_type":"article","og_title":"Les radios publiques suisses perdent un demi-million d'auditeurs apr\u00e8s l'abandon de la FM - Journal de B\u00e2le et Gen\u00e8ve","og_description":"La fin de la diffusion des stations radio publiques sur la bande FM a entra\u00een\u00e9 une baisse drastique du nombre d&rsquo;auditeurs des chaines de la Soci\u00e9t\u00e9 suisse de radiodiffusion et Continuer la lecture","og_url":"https:\/\/bale.ch\/journal\/les-radios-publiques-suisses-perdent-un-demi-million-dauditeurs-apres-labandon-de-la-fm\/","og_site_name":"Journal de B\u00e2le et Gen\u00e8ve","article_published_time":"2025-01-25T10:41:41+00:00","article_modified_time":"2025-01-25T10:55:18+00:00","og_image":[{"width":900,"height":484,"url":"https:\/\/bale.ch\/journal\/wp-content\/uploads\/2025\/01\/rts_ssr_srg_geneve_genf.jpg","type":"image\/jpeg"}],"author":"Elodie Silva","twitter_card":"summary_large_image","twitter_misc":{"\u00c9crit par":"Elodie Silva","Dur\u00e9e de lecture estim\u00e9e":"2 minutes"},"schema":{"@context":"https:\/\/schema.org","@graph":[{"@type":"Article","@id":"https:\/\/bale.ch\/journal\/les-radios-publiques-suisses-perdent-un-demi-million-dauditeurs-apres-labandon-de-la-fm\/#article","isPartOf":{"@id":"https:\/\/bale.ch\/journal\/les-radios-publiques-suisses-perdent-un-demi-million-dauditeurs-apres-labandon-de-la-fm\/"},"author":{"name":"Elodie Silva","@id":"https:\/\/bale.ch\/journal\/#\/schema\/person\/e3e5eeffae523f19b12d7057ced45a2b"},"headline":"Les radios publiques suisses perdent un demi-million d&rsquo;auditeurs apr\u00e8s l&rsquo;abandon de la FM","datePublished":"2025-01-25T10:41:41+00:00","dateModified":"2025-01-25T10:55:18+00:00","mainEntityOfPage":{"@id":"https:\/\/bale.ch\/journal\/les-radios-publiques-suisses-perdent-un-demi-million-dauditeurs-apres-labandon-de-la-fm\/"},"wordCount":353,"publisher":{"@id":"https:\/\/bale.ch\/journal\/#organization"},"image":{"@id":"https:\/\/bale.ch\/journal\/les-radios-publiques-suisses-perdent-un-demi-million-dauditeurs-apres-labandon-de-la-fm\/#primaryimage"},"thumbnailUrl":"https:\/\/bale.ch\/journal\/wp-content\/uploads\/2025\/01\/rts_ssr_srg_geneve_genf.jpg","keywords":["Radios FM","SRG SSR"],"articleSection":["Actualit\u00e9s","Suisse"],"inLanguage":"fr-FR"},{"@type":"WebPage","@id":"https:\/\/bale.ch\/journal\/les-radios-publiques-suisses-perdent-un-demi-million-dauditeurs-apres-labandon-de-la-fm\/","url":"https:\/\/bale.ch\/journal\/les-radios-publiques-suisses-perdent-un-demi-million-dauditeurs-apres-labandon-de-la-fm\/","name":"Les radios publiques suisses perdent un demi-million d'auditeurs apr\u00e8s l'abandon de la FM - Journal de B\u00e2le et Gen\u00e8ve","isPartOf":{"@id":"https:\/\/bale.ch\/journal\/#website"},"primaryImageOfPage":{"@id":"https:\/\/bale.ch\/journal\/les-radios-publiques-suisses-perdent-un-demi-million-dauditeurs-apres-labandon-de-la-fm\/#primaryimage"},"image":{"@id":"https:\/\/bale.ch\/journal\/les-radios-publiques-suisses-perdent-un-demi-million-dauditeurs-apres-labandon-de-la-fm\/#primaryimage"},"thumbnailUrl":"https:\/\/bale.ch\/journal\/wp-content\/uploads\/2025\/01\/rts_ssr_srg_geneve_genf.jpg","datePublished":"2025-01-25T10:41:41+00:00","dateModified":"2025-01-25T10:55:18+00:00","breadcrumb":{"@id":"https:\/\/bale.ch\/journal\/les-radios-publiques-suisses-perdent-un-demi-million-dauditeurs-apres-labandon-de-la-fm\/#breadcrumb"},"inLanguage":"fr-FR","potentialAction":[{"@type":"ReadAction","target":["https:\/\/bale.ch\/journal\/les-radios-publiques-suisses-perdent-un-demi-million-dauditeurs-apres-labandon-de-la-fm\/"]}]},{"@type":"ImageObject","inLanguage":"fr-FR","@id":"https:\/\/bale.ch\/journal\/les-radios-publiques-suisses-perdent-un-demi-million-dauditeurs-apres-labandon-de-la-fm\/#primaryimage","url":"https:\/\/bale.ch\/journal\/wp-content\/uploads\/2025\/01\/rts_ssr_srg_geneve_genf.jpg","contentUrl":"https:\/\/bale.ch\/journal\/wp-content\/uploads\/2025\/01\/rts_ssr_srg_geneve_genf.jpg","width":900,"height":484},{"@type":"BreadcrumbList","@id":"https:\/\/bale.ch\/journal\/les-radios-publiques-suisses-perdent-un-demi-million-dauditeurs-apres-labandon-de-la-fm\/#breadcrumb","itemListElement":[{"@type":"ListItem","position":1,"name":"Accueil","item":"https:\/\/bale.ch\/journal\/"},{"@type":"ListItem","position":2,"name":"Les radios publiques suisses perdent un demi-million d&rsquo;auditeurs apr\u00e8s l&rsquo;abandon de la FM"}]},{"@type":"WebSite","@id":"https:\/\/bale.ch\/journal\/#website","url":"https:\/\/bale.ch\/journal\/","name":"Journal de B\u00e2le et Gen\u00e8ve","description":"M\u00e9dia transfrontalier d&#039;actualit\u00e9s - News","publisher":{"@id":"https:\/\/bale.ch\/journal\/#organization"},"potentialAction":[{"@type":"SearchAction","target":{"@type":"EntryPoint","urlTemplate":"https:\/\/bale.ch\/journal\/?s={search_term_string}"},"query-input":{"@type":"PropertyValueSpecification","valueRequired":true,"valueName":"search_term_string"}}],"inLanguage":"fr-FR"},{"@type":"Organization","@id":"https:\/\/bale.ch\/journal\/#organization","name":"Journal de B\u00e2le et Gen\u00e8ve","url":"https:\/\/bale.ch\/journal\/","logo":{"@type":"ImageObject","inLanguage":"fr-FR","@id":"https:\/\/bale.ch\/journal\/#\/schema\/logo\/image\/","url":"https:\/\/bale.ch\/journal\/wp-content\/uploads\/2023\/07\/journaldebale_logo_2023_nb.png","contentUrl":"https:\/\/bale.ch\/journal\/wp-content\/uploads\/2023\/07\/journaldebale_logo_2023_nb.png","width":371,"height":127,"caption":"Journal de B\u00e2le et Gen\u00e8ve"},"image":{"@id":"https:\/\/bale.ch\/journal\/#\/schema\/logo\/image\/"}},{"@type":"Person","@id":"https:\/\/bale.ch\/journal\/#\/schema\/person\/e3e5eeffae523f19b12d7057ced45a2b","name":"Elodie Silva","image":{"@type":"ImageObject","inLanguage":"fr-FR","@id":"https:\/\/secure.gravatar.com\/avatar\/f76593021159ecd3226293e7c461386bfd009157e6c549bc9b418d0a2db47041?s=96&d=mm&r=g","url":"https:\/\/secure.gravatar.com\/avatar\/f76593021159ecd3226293e7c461386bfd009157e6c549bc9b418d0a2db47041?s=96&d=mm&r=g","contentUrl":"https:\/\/secure.gravatar.com\/avatar\/f76593021159ecd3226293e7c461386bfd009157e6c549bc9b418d0a2db47041?s=96&d=mm&r=g","caption":"Elodie Silva"},"url":"https:\/\/bale.ch\/journal\/author\/elodiesilva\/"}]}},"_links":{"self":[{"href":"https:\/\/bale.ch\/journal\/wp-json\/wp\/v2\/posts\/3672","targetHints":{"allow":["GET"]}}],"collection":[{"href":"https:\/\/bale.ch\/journal\/wp-json\/wp\/v2\/posts"}],"about":[{"href":"https:\/\/bale.ch\/journal\/wp-json\/wp\/v2\/types\/post"}],"author":[{"embeddable":true,"href":"https:\/\/bale.ch\/journal\/wp-json\/wp\/v2\/users\/43"}],"replies":[{"embeddable":true,"href":"https:\/\/bale.ch\/journal\/wp-json\/wp\/v2\/comments?post=3672"}],"version-history":[{"count":2,"href":"https:\/\/bale.ch\/journal\/wp-json\/wp\/v2\/posts\/3672\/revisions"}],"predecessor-version":[{"id":3675,"href":"https:\/\/bale.ch\/journal\/wp-json\/wp\/v2\/posts\/3672\/revisions\/3675"}],"wp:featuredmedia":[{"embeddable":true,"href":"https:\/\/bale.ch\/journal\/wp-json\/wp\/v2\/media\/3673"}],"wp:attachment":[{"href":"https:\/\/bale.ch\/journal\/wp-json\/wp\/v2\/media?parent=3672"}],"wp:term":[{"taxonomy":"category","embeddable":true,"href":"https:\/\/bale.ch\/journal\/wp-json\/wp\/v2\/categories?post=3672"},{"taxonomy":"post_tag","embeddable":true,"href":"https:\/\/bale.ch\/journal\/wp-json\/wp\/v2\/tags?post=3672"}],"curies":[{"name":"wp","href":"https:\/\/api.w.org\/{rel}","templated":true}]}}