{"id":3677,"date":"2025-02-15T10:56:14","date_gmt":"2025-02-15T10:56:14","guid":{"rendered":"https:\/\/bale.ch\/journal\/?p=3677"},"modified":"2025-02-15T11:03:45","modified_gmt":"2025-02-15T11:03:45","slug":"a-lausanne-une-edition-gourmande-de-bdfil","status":"publish","type":"post","link":"https:\/\/bale.ch\/journal\/a-lausanne-une-edition-gourmande-de-bdfil\/","title":{"rendered":"\u00c0 Lausanne, une \u00e9dition gourmande de BDFIL"},"content":{"rendered":"\n<p class=\"wp-block-paragraph\"><strong>Du 5 au 18 mai 2025, BDFIL r\u00e9gale pour sa 19e \u00e9dition avec Guillaume Long, auteur fran\u00e7ais n\u00e9 \u00e0 Gen\u00e8ve, qui est l\u2019invit\u00e9 d\u2019honneur du festival et la r\u00e9f\u00e9rence incontest\u00e9e de la bande dessin\u00e9e culinaire.<\/strong><\/p>\n\n\n\n<p class=\"wp-block-paragraph\">BDFIL se r\u00e9jouit d\u2019accueillir la Pologne, Pays invit\u00e9 du festival, ainsi que Petzi, ses acolytes et leur p\u00e9dalo pour un voyage exclusif en Suisse. Mais aussi Le Centre BD de la Ville de Lausanne qui raconte les (m\u00e9s)aventures \u00e9ditoriales du manga en francophonie, la dessinatrice lausannoise Dora Formica, un projet de commande en collaboration avec l\u2019Espace Horloger, une exposition sur le m\u00e9tier de sc\u00e9nariste et la cr\u00e9ation contemporaine en cours avec les 10 ans de <strong><em>La b\u00fbche<\/em><\/strong>, Richard Holzer et la rel\u00e8ve tessinoise. Deux expositions hors les murs et une exposition en plein air compl\u00e8tent le programme.<\/p>\n\n\n\n<p class=\"wp-block-paragraph\">Au total : 13 expositions, des week-ends anim\u00e9s et festifs, des soir\u00e9es hautes en couleurs et un programme d\u2019anniversaire pour les 20 ans du festival \u00e0 Lausanne ! Et une th\u00e9matique annuelle \u2013 le travail \u2013 qui se d\u00e9ploie sous forme d\u2019expositions et d\u2019\u00e9v\u00e9nements dans la ville de Lausanne (et ailleurs) jusqu\u2019au mois de novembre, parce que la BD, \u00e7a se f\u00eate toute l\u2019ann\u00e9e !<\/p><div id=\"crieu-1559457269\" class=\"crieu-content crieu-entity-placement\"><script async src=\"\/\/pagead2.googlesyndication.com\/pagead\/js\/adsbygoogle.js?client=ca-pub-5271584769416742\" crossorigin=\"anonymous\"><\/script><ins class=\"adsbygoogle\" style=\"display:block;\" data-ad-client=\"ca-pub-5271584769416742\" \ndata-ad-slot=\"9321250718\" \ndata-ad-format=\"auto\"><\/ins>\n<script> \n(adsbygoogle = window.adsbygoogle || []).push({}); \n<\/script>\n<\/div>\n\n\n\n<p class=\"wp-block-paragraph\">Dessinateur-gastronome \u00e0 l\u2019autod\u00e9rision affirm\u00e9e, Guillaume Long croque les petits instants savoureux de la vie quotidienne comme personne \u2013 de pr\u00e9f\u00e9rence, \u00e0 la cuisine. Depuis ses d\u00e9buts avec Les sardines sont cuites (Prix T\u00f6pffer 2003), il concocte de subtils m\u00e9langes autour des plaisirs de la table, pour les enfants comme pour les grand\u00b7es, pour la BD comme pour la presse. Le tout, assaisonn\u00e9 de po\u00e9sie et d\u2019humour. Depuis 2009, le fin gourmet marie cuisine et bande dessin\u00e9e dans son blog gastronomique <strong><em>\u00c0 boire et \u00e0 manger<\/em><\/strong>, depuis adapt\u00e9 en plusieurs volumes aux \u00c9ditions Gallimard et en int\u00e9grale fin 2021. Le cinqui\u00e8me volume, L&rsquo;eau \u00e0 la bouche, est sorti en octobre 2024. La recette Guillaume Long est la premi\u00e8re exposition d\u2019une telle envergure consacr\u00e9e \u00e0 l\u2019\u0153uvre de l\u2019artiste<\/p>\n\n\n\n<p class=\"wp-block-paragraph\">Le pays invit\u00e9 en 2025 est la Pologne, terre de changements politiques et sociaux majeurs qui s\u2019observent dans l\u2019\u00e9volution de sa bande dessin\u00e9e. Le temps d\u2019une exposition h\u00e9ro\u00efque, Petzi, Pingo, Ricky et l\u2019Amiral font une halte \u00e0 BDFIL pour y c\u00e9l\u00e9brer la sortie en exclusivit\u00e9 de Petzi en Suisse. <\/p>\n\n\n\n<p class=\"wp-block-paragraph\">Figure de l\u2019autre bout du monde, c\u2019est <strong>Goldorak<\/strong>, jalon essentiel des d\u00e9buts \u00e9ditoriaux du manga en Europe, qui ouvre l\u2019exposition <strong>MANGAFIL<\/strong> : une aventure \u00e9ditoriale en francophonie du Centre BD de la Ville de Lausanne.<\/p>\n\n\n\n<p class=\"wp-block-paragraph\">Autres voyages, autres destinations : en route dans les ateliers des artistes de bande dessin\u00e9e aux quatre coins de l\u2019Europe avec Dora Formica, carte blanche de cette 19e \u00e9dition ; en randonn\u00e9e \u00e0 la Vall\u00e9e de Joux, pour un projet de commande sur le th\u00e8me du travail, <em>Clock Fiction<\/em> : la Vall\u00e9e des horlog\u00e8res, en collaboration avec l\u2019Espace Horloger ; et \u00e0 la d\u00e9couverte du m\u00e9tier de sc\u00e9nariste avec <em>\u00c9crire est un m\u00e9tier<\/em>, une exposition propos\u00e9e par Loo Hui Phang, laur\u00e9ate du Prix Ren\u00e9-Goscinny 2021.<\/p>\n\n\n\n<p class=\"wp-block-paragraph\">La cr\u00e9ation contemporaine est une nouvelle fois mise \u00e0 l\u2019honneur \u00e0 BDFIL avec : le collectif suisse <em>La b\u00fbche<\/em> qui signe <em>Brazza<\/em>, une splendide rencontre entre des autrices suisses et du continent africain, venues du Maroc, de R\u00e9publique D\u00e9mocratique du Congo, du Gabon, de Guin\u00e9e et du Kenya ; Richard Holzer et son Sable perdu, laur\u00e9at de la Bourse \u00e0 la Cr\u00e9ation BD de la Ville de Lausanne 2024 ; et la sc\u00e8ne tessinoise qui se d\u00e9voile !<\/p>\n\n\n\n<p class=\"wp-block-paragraph\">Deux expositions hors les murs compl\u00e8tent le programme du festival : une immersion dans l\u2019univers de Winshluss, Grand Prix T\u00f6pffer 2024, propos\u00e9e par la HEAD \u00e0 Pyxis ; et 20 ans d\u2019affiches BDFIL pour f\u00eater les 750 ans de la Cath\u00e9drale de Lausanne. Enfin, une exposition en plein air, Bulles au boulot, convie \u00e0 une balade en 7 actes au Parc de Milan, comme un panorama des repr\u00e9sentations du travail dans la bande dessin\u00e9e des ann\u00e9es 2000-2020.<\/p>\n\n\n\n<p class=\"wp-block-paragraph\">Plus d&rsquo;infos sur <a href=\"https:\/\/bdfil.ch\/\"><strong>bdfil.ch<\/strong><\/a><\/p>\n<div id=\"crieu-502512201\" class=\"crieu-apres-le-contenu crieu-entity-placement\" style=\"margin-left: auto;margin-right: auto;text-align: center;\"><script async src=\"\/\/pagead2.googlesyndication.com\/pagead\/js\/adsbygoogle.js?client=ca-pub-5271584769416742\" crossorigin=\"anonymous\"><\/script><ins class=\"adsbygoogle\" style=\"display:block;\" data-ad-client=\"ca-pub-5271584769416742\" \ndata-ad-slot=\"9321250718\" \ndata-ad-format=\"auto\"><\/ins>\n<script> \n(adsbygoogle = window.adsbygoogle || []).push({}); \n<\/script>\n<\/div>","protected":false},"excerpt":{"rendered":"<p>Du 5 au 18 mai 2025, BDFIL r\u00e9gale pour sa 19e \u00e9dition avec Guillaume Long, auteur fran\u00e7ais n\u00e9 \u00e0 Gen\u00e8ve, qui est l\u2019invit\u00e9 d\u2019honneur du festival et la r\u00e9f\u00e9rence incontest\u00e9e <a href=\"https:\/\/bale.ch\/journal\/a-lausanne-une-edition-gourmande-de-bdfil\/\" class=\"read-more button-fancy -red\"><span class=\"btn-arrow\"><\/span><span class=\"twp-read-more text\">Continuer la lecture<\/span><\/a><\/p>\n","protected":false},"author":2,"featured_media":3679,"comment_status":"closed","ping_status":"closed","sticky":false,"template":"","format":"standard","meta":{"footnotes":""},"categories":[103,18],"tags":[20,55],"class_list":["post-3677","post","type-post","status-publish","format-standard","has-post-thumbnail","hentry","category-actu","category-sortir","tag-bande-dessinee","tag-lausanne"],"yoast_head":"<!-- This site is optimized with the Yoast SEO plugin v28.3 - https:\/\/yoast.com\/product\/yoast-seo-wordpress\/ -->\n<title>\u00c0 Lausanne, une \u00e9dition gourmande de BDFIL - Journal de B\u00e2le et Gen\u00e8ve<\/title>\n<meta name=\"robots\" content=\"index, follow, max-snippet:-1, max-image-preview:large, max-video-preview:-1\" \/>\n<link rel=\"canonical\" href=\"https:\/\/bale.ch\/journal\/a-lausanne-une-edition-gourmande-de-bdfil\/\" \/>\n<meta property=\"og:locale\" content=\"fr_FR\" \/>\n<meta property=\"og:type\" content=\"article\" \/>\n<meta property=\"og:title\" content=\"\u00c0 Lausanne, une \u00e9dition gourmande de BDFIL - Journal de B\u00e2le et Gen\u00e8ve\" \/>\n<meta property=\"og:description\" content=\"Du 5 au 18 mai 2025, BDFIL r\u00e9gale pour sa 19e \u00e9dition avec Guillaume Long, auteur fran\u00e7ais n\u00e9 \u00e0 Gen\u00e8ve, qui est l\u2019invit\u00e9 d\u2019honneur du festival et la r\u00e9f\u00e9rence incontest\u00e9e Continuer la lecture\" \/>\n<meta property=\"og:url\" content=\"https:\/\/bale.ch\/journal\/a-lausanne-une-edition-gourmande-de-bdfil\/\" \/>\n<meta property=\"og:site_name\" content=\"Journal de B\u00e2le et Gen\u00e8ve\" \/>\n<meta property=\"article:published_time\" content=\"2025-02-15T10:56:14+00:00\" \/>\n<meta property=\"article:modified_time\" content=\"2025-02-15T11:03:45+00:00\" \/>\n<meta property=\"og:image\" content=\"https:\/\/bale.ch\/journal\/wp-content\/uploads\/2025\/02\/d2d9ab4_sirius-fs-upload-1-3i13xwzse5fb-1739283011475-visuel-affichebdfil-guillaume-long-lr.jpg\" \/>\n\t<meta property=\"og:image:width\" content=\"1500\" \/>\n\t<meta property=\"og:image:height\" content=\"843\" \/>\n\t<meta property=\"og:image:type\" content=\"image\/jpeg\" \/>\n<meta name=\"author\" content=\"La R\u00e9daction\" \/>\n<meta name=\"twitter:card\" content=\"summary_large_image\" \/>\n<meta name=\"twitter:label1\" content=\"\u00c9crit par\" \/>\n\t<meta name=\"twitter:data1\" content=\"La R\u00e9daction\" \/>\n\t<meta name=\"twitter:label2\" content=\"Dur\u00e9e de lecture estim\u00e9e\" \/>\n\t<meta name=\"twitter:data2\" content=\"4 minutes\" \/>\n<script type=\"application\/ld+json\" class=\"yoast-schema-graph\">{\"@context\":\"https:\\\/\\\/schema.org\",\"@graph\":[{\"@type\":\"Article\",\"@id\":\"https:\\\/\\\/bale.ch\\\/journal\\\/a-lausanne-une-edition-gourmande-de-bdfil\\\/#article\",\"isPartOf\":{\"@id\":\"https:\\\/\\\/bale.ch\\\/journal\\\/a-lausanne-une-edition-gourmande-de-bdfil\\\/\"},\"author\":{\"name\":\"La R\u00e9daction\",\"@id\":\"https:\\\/\\\/bale.ch\\\/journal\\\/#\\\/schema\\\/person\\\/03ced978db3b7a5274c5cef003f352f5\"},\"headline\":\"\u00c0 Lausanne, une \u00e9dition gourmande de BDFIL\",\"datePublished\":\"2025-02-15T10:56:14+00:00\",\"dateModified\":\"2025-02-15T11:03:45+00:00\",\"mainEntityOfPage\":{\"@id\":\"https:\\\/\\\/bale.ch\\\/journal\\\/a-lausanne-une-edition-gourmande-de-bdfil\\\/\"},\"wordCount\":710,\"publisher\":{\"@id\":\"https:\\\/\\\/bale.ch\\\/journal\\\/#organization\"},\"image\":{\"@id\":\"https:\\\/\\\/bale.ch\\\/journal\\\/a-lausanne-une-edition-gourmande-de-bdfil\\\/#primaryimage\"},\"thumbnailUrl\":\"https:\\\/\\\/bale.ch\\\/journal\\\/wp-content\\\/uploads\\\/2025\\\/02\\\/d2d9ab4_sirius-fs-upload-1-3i13xwzse5fb-1739283011475-visuel-affichebdfil-guillaume-long-lr.jpg\",\"keywords\":[\"bande dessin\u00e9e\",\"Lausanne\"],\"articleSection\":[\"Actualit\u00e9s\",\"Sortir\"],\"inLanguage\":\"fr-FR\"},{\"@type\":\"WebPage\",\"@id\":\"https:\\\/\\\/bale.ch\\\/journal\\\/a-lausanne-une-edition-gourmande-de-bdfil\\\/\",\"url\":\"https:\\\/\\\/bale.ch\\\/journal\\\/a-lausanne-une-edition-gourmande-de-bdfil\\\/\",\"name\":\"\u00c0 Lausanne, une \u00e9dition gourmande de BDFIL - Journal de B\u00e2le et Gen\u00e8ve\",\"isPartOf\":{\"@id\":\"https:\\\/\\\/bale.ch\\\/journal\\\/#website\"},\"primaryImageOfPage\":{\"@id\":\"https:\\\/\\\/bale.ch\\\/journal\\\/a-lausanne-une-edition-gourmande-de-bdfil\\\/#primaryimage\"},\"image\":{\"@id\":\"https:\\\/\\\/bale.ch\\\/journal\\\/a-lausanne-une-edition-gourmande-de-bdfil\\\/#primaryimage\"},\"thumbnailUrl\":\"https:\\\/\\\/bale.ch\\\/journal\\\/wp-content\\\/uploads\\\/2025\\\/02\\\/d2d9ab4_sirius-fs-upload-1-3i13xwzse5fb-1739283011475-visuel-affichebdfil-guillaume-long-lr.jpg\",\"datePublished\":\"2025-02-15T10:56:14+00:00\",\"dateModified\":\"2025-02-15T11:03:45+00:00\",\"breadcrumb\":{\"@id\":\"https:\\\/\\\/bale.ch\\\/journal\\\/a-lausanne-une-edition-gourmande-de-bdfil\\\/#breadcrumb\"},\"inLanguage\":\"fr-FR\",\"potentialAction\":[{\"@type\":\"ReadAction\",\"target\":[\"https:\\\/\\\/bale.ch\\\/journal\\\/a-lausanne-une-edition-gourmande-de-bdfil\\\/\"]}]},{\"@type\":\"ImageObject\",\"inLanguage\":\"fr-FR\",\"@id\":\"https:\\\/\\\/bale.ch\\\/journal\\\/a-lausanne-une-edition-gourmande-de-bdfil\\\/#primaryimage\",\"url\":\"https:\\\/\\\/bale.ch\\\/journal\\\/wp-content\\\/uploads\\\/2025\\\/02\\\/d2d9ab4_sirius-fs-upload-1-3i13xwzse5fb-1739283011475-visuel-affichebdfil-guillaume-long-lr.jpg\",\"contentUrl\":\"https:\\\/\\\/bale.ch\\\/journal\\\/wp-content\\\/uploads\\\/2025\\\/02\\\/d2d9ab4_sirius-fs-upload-1-3i13xwzse5fb-1739283011475-visuel-affichebdfil-guillaume-long-lr.jpg\",\"width\":1500,\"height\":843},{\"@type\":\"BreadcrumbList\",\"@id\":\"https:\\\/\\\/bale.ch\\\/journal\\\/a-lausanne-une-edition-gourmande-de-bdfil\\\/#breadcrumb\",\"itemListElement\":[{\"@type\":\"ListItem\",\"position\":1,\"name\":\"Accueil\",\"item\":\"https:\\\/\\\/bale.ch\\\/journal\\\/\"},{\"@type\":\"ListItem\",\"position\":2,\"name\":\"\u00c0 Lausanne, une \u00e9dition gourmande de BDFIL\"}]},{\"@type\":\"WebSite\",\"@id\":\"https:\\\/\\\/bale.ch\\\/journal\\\/#website\",\"url\":\"https:\\\/\\\/bale.ch\\\/journal\\\/\",\"name\":\"Journal de B\u00e2le et Gen\u00e8ve\",\"description\":\"M\u00e9dia transfrontalier d&#039;actualit\u00e9s - News\",\"publisher\":{\"@id\":\"https:\\\/\\\/bale.ch\\\/journal\\\/#organization\"},\"potentialAction\":[{\"@type\":\"SearchAction\",\"target\":{\"@type\":\"EntryPoint\",\"urlTemplate\":\"https:\\\/\\\/bale.ch\\\/journal\\\/?s={search_term_string}\"},\"query-input\":{\"@type\":\"PropertyValueSpecification\",\"valueRequired\":true,\"valueName\":\"search_term_string\"}}],\"inLanguage\":\"fr-FR\"},{\"@type\":\"Organization\",\"@id\":\"https:\\\/\\\/bale.ch\\\/journal\\\/#organization\",\"name\":\"Journal de B\u00e2le et Gen\u00e8ve\",\"url\":\"https:\\\/\\\/bale.ch\\\/journal\\\/\",\"logo\":{\"@type\":\"ImageObject\",\"inLanguage\":\"fr-FR\",\"@id\":\"https:\\\/\\\/bale.ch\\\/journal\\\/#\\\/schema\\\/logo\\\/image\\\/\",\"url\":\"https:\\\/\\\/bale.ch\\\/journal\\\/wp-content\\\/uploads\\\/2023\\\/07\\\/journaldebale_logo_2023_nb.png\",\"contentUrl\":\"https:\\\/\\\/bale.ch\\\/journal\\\/wp-content\\\/uploads\\\/2023\\\/07\\\/journaldebale_logo_2023_nb.png\",\"width\":371,\"height\":127,\"caption\":\"Journal de B\u00e2le et Gen\u00e8ve\"},\"image\":{\"@id\":\"https:\\\/\\\/bale.ch\\\/journal\\\/#\\\/schema\\\/logo\\\/image\\\/\"}},{\"@type\":\"Person\",\"@id\":\"https:\\\/\\\/bale.ch\\\/journal\\\/#\\\/schema\\\/person\\\/03ced978db3b7a5274c5cef003f352f5\",\"name\":\"La R\u00e9daction\",\"image\":{\"@type\":\"ImageObject\",\"inLanguage\":\"fr-FR\",\"@id\":\"https:\\\/\\\/secure.gravatar.com\\\/avatar\\\/d1327e2ce8d2b860112f968a3f34686c9bdda7a463a1502cdd1070ac9d88cf1e?s=96&d=mm&r=g\",\"url\":\"https:\\\/\\\/secure.gravatar.com\\\/avatar\\\/d1327e2ce8d2b860112f968a3f34686c9bdda7a463a1502cdd1070ac9d88cf1e?s=96&d=mm&r=g\",\"contentUrl\":\"https:\\\/\\\/secure.gravatar.com\\\/avatar\\\/d1327e2ce8d2b860112f968a3f34686c9bdda7a463a1502cdd1070ac9d88cf1e?s=96&d=mm&r=g\",\"caption\":\"La R\u00e9daction\"},\"url\":\"https:\\\/\\\/bale.ch\\\/journal\\\/author\\\/laredaction\\\/\"}]}<\/script>\n<!-- \/ Yoast SEO plugin. -->","yoast_head_json":{"title":"\u00c0 Lausanne, une \u00e9dition gourmande de BDFIL - Journal de B\u00e2le et Gen\u00e8ve","robots":{"index":"index","follow":"follow","max-snippet":"max-snippet:-1","max-image-preview":"max-image-preview:large","max-video-preview":"max-video-preview:-1"},"canonical":"https:\/\/bale.ch\/journal\/a-lausanne-une-edition-gourmande-de-bdfil\/","og_locale":"fr_FR","og_type":"article","og_title":"\u00c0 Lausanne, une \u00e9dition gourmande de BDFIL - Journal de B\u00e2le et Gen\u00e8ve","og_description":"Du 5 au 18 mai 2025, BDFIL r\u00e9gale pour sa 19e \u00e9dition avec Guillaume Long, auteur fran\u00e7ais n\u00e9 \u00e0 Gen\u00e8ve, qui est l\u2019invit\u00e9 d\u2019honneur du festival et la r\u00e9f\u00e9rence incontest\u00e9e Continuer la lecture","og_url":"https:\/\/bale.ch\/journal\/a-lausanne-une-edition-gourmande-de-bdfil\/","og_site_name":"Journal de B\u00e2le et Gen\u00e8ve","article_published_time":"2025-02-15T10:56:14+00:00","article_modified_time":"2025-02-15T11:03:45+00:00","og_image":[{"width":1500,"height":843,"url":"https:\/\/bale.ch\/journal\/wp-content\/uploads\/2025\/02\/d2d9ab4_sirius-fs-upload-1-3i13xwzse5fb-1739283011475-visuel-affichebdfil-guillaume-long-lr.jpg","type":"image\/jpeg"}],"author":"La R\u00e9daction","twitter_card":"summary_large_image","twitter_misc":{"\u00c9crit par":"La R\u00e9daction","Dur\u00e9e de lecture estim\u00e9e":"4 minutes"},"schema":{"@context":"https:\/\/schema.org","@graph":[{"@type":"Article","@id":"https:\/\/bale.ch\/journal\/a-lausanne-une-edition-gourmande-de-bdfil\/#article","isPartOf":{"@id":"https:\/\/bale.ch\/journal\/a-lausanne-une-edition-gourmande-de-bdfil\/"},"author":{"name":"La R\u00e9daction","@id":"https:\/\/bale.ch\/journal\/#\/schema\/person\/03ced978db3b7a5274c5cef003f352f5"},"headline":"\u00c0 Lausanne, une \u00e9dition gourmande de BDFIL","datePublished":"2025-02-15T10:56:14+00:00","dateModified":"2025-02-15T11:03:45+00:00","mainEntityOfPage":{"@id":"https:\/\/bale.ch\/journal\/a-lausanne-une-edition-gourmande-de-bdfil\/"},"wordCount":710,"publisher":{"@id":"https:\/\/bale.ch\/journal\/#organization"},"image":{"@id":"https:\/\/bale.ch\/journal\/a-lausanne-une-edition-gourmande-de-bdfil\/#primaryimage"},"thumbnailUrl":"https:\/\/bale.ch\/journal\/wp-content\/uploads\/2025\/02\/d2d9ab4_sirius-fs-upload-1-3i13xwzse5fb-1739283011475-visuel-affichebdfil-guillaume-long-lr.jpg","keywords":["bande dessin\u00e9e","Lausanne"],"articleSection":["Actualit\u00e9s","Sortir"],"inLanguage":"fr-FR"},{"@type":"WebPage","@id":"https:\/\/bale.ch\/journal\/a-lausanne-une-edition-gourmande-de-bdfil\/","url":"https:\/\/bale.ch\/journal\/a-lausanne-une-edition-gourmande-de-bdfil\/","name":"\u00c0 Lausanne, une \u00e9dition gourmande de BDFIL - Journal de B\u00e2le et Gen\u00e8ve","isPartOf":{"@id":"https:\/\/bale.ch\/journal\/#website"},"primaryImageOfPage":{"@id":"https:\/\/bale.ch\/journal\/a-lausanne-une-edition-gourmande-de-bdfil\/#primaryimage"},"image":{"@id":"https:\/\/bale.ch\/journal\/a-lausanne-une-edition-gourmande-de-bdfil\/#primaryimage"},"thumbnailUrl":"https:\/\/bale.ch\/journal\/wp-content\/uploads\/2025\/02\/d2d9ab4_sirius-fs-upload-1-3i13xwzse5fb-1739283011475-visuel-affichebdfil-guillaume-long-lr.jpg","datePublished":"2025-02-15T10:56:14+00:00","dateModified":"2025-02-15T11:03:45+00:00","breadcrumb":{"@id":"https:\/\/bale.ch\/journal\/a-lausanne-une-edition-gourmande-de-bdfil\/#breadcrumb"},"inLanguage":"fr-FR","potentialAction":[{"@type":"ReadAction","target":["https:\/\/bale.ch\/journal\/a-lausanne-une-edition-gourmande-de-bdfil\/"]}]},{"@type":"ImageObject","inLanguage":"fr-FR","@id":"https:\/\/bale.ch\/journal\/a-lausanne-une-edition-gourmande-de-bdfil\/#primaryimage","url":"https:\/\/bale.ch\/journal\/wp-content\/uploads\/2025\/02\/d2d9ab4_sirius-fs-upload-1-3i13xwzse5fb-1739283011475-visuel-affichebdfil-guillaume-long-lr.jpg","contentUrl":"https:\/\/bale.ch\/journal\/wp-content\/uploads\/2025\/02\/d2d9ab4_sirius-fs-upload-1-3i13xwzse5fb-1739283011475-visuel-affichebdfil-guillaume-long-lr.jpg","width":1500,"height":843},{"@type":"BreadcrumbList","@id":"https:\/\/bale.ch\/journal\/a-lausanne-une-edition-gourmande-de-bdfil\/#breadcrumb","itemListElement":[{"@type":"ListItem","position":1,"name":"Accueil","item":"https:\/\/bale.ch\/journal\/"},{"@type":"ListItem","position":2,"name":"\u00c0 Lausanne, une \u00e9dition gourmande de BDFIL"}]},{"@type":"WebSite","@id":"https:\/\/bale.ch\/journal\/#website","url":"https:\/\/bale.ch\/journal\/","name":"Journal de B\u00e2le et Gen\u00e8ve","description":"M\u00e9dia transfrontalier d&#039;actualit\u00e9s - News","publisher":{"@id":"https:\/\/bale.ch\/journal\/#organization"},"potentialAction":[{"@type":"SearchAction","target":{"@type":"EntryPoint","urlTemplate":"https:\/\/bale.ch\/journal\/?s={search_term_string}"},"query-input":{"@type":"PropertyValueSpecification","valueRequired":true,"valueName":"search_term_string"}}],"inLanguage":"fr-FR"},{"@type":"Organization","@id":"https:\/\/bale.ch\/journal\/#organization","name":"Journal de B\u00e2le et Gen\u00e8ve","url":"https:\/\/bale.ch\/journal\/","logo":{"@type":"ImageObject","inLanguage":"fr-FR","@id":"https:\/\/bale.ch\/journal\/#\/schema\/logo\/image\/","url":"https:\/\/bale.ch\/journal\/wp-content\/uploads\/2023\/07\/journaldebale_logo_2023_nb.png","contentUrl":"https:\/\/bale.ch\/journal\/wp-content\/uploads\/2023\/07\/journaldebale_logo_2023_nb.png","width":371,"height":127,"caption":"Journal de B\u00e2le et Gen\u00e8ve"},"image":{"@id":"https:\/\/bale.ch\/journal\/#\/schema\/logo\/image\/"}},{"@type":"Person","@id":"https:\/\/bale.ch\/journal\/#\/schema\/person\/03ced978db3b7a5274c5cef003f352f5","name":"La R\u00e9daction","image":{"@type":"ImageObject","inLanguage":"fr-FR","@id":"https:\/\/secure.gravatar.com\/avatar\/d1327e2ce8d2b860112f968a3f34686c9bdda7a463a1502cdd1070ac9d88cf1e?s=96&d=mm&r=g","url":"https:\/\/secure.gravatar.com\/avatar\/d1327e2ce8d2b860112f968a3f34686c9bdda7a463a1502cdd1070ac9d88cf1e?s=96&d=mm&r=g","contentUrl":"https:\/\/secure.gravatar.com\/avatar\/d1327e2ce8d2b860112f968a3f34686c9bdda7a463a1502cdd1070ac9d88cf1e?s=96&d=mm&r=g","caption":"La R\u00e9daction"},"url":"https:\/\/bale.ch\/journal\/author\/laredaction\/"}]}},"_links":{"self":[{"href":"https:\/\/bale.ch\/journal\/wp-json\/wp\/v2\/posts\/3677","targetHints":{"allow":["GET"]}}],"collection":[{"href":"https:\/\/bale.ch\/journal\/wp-json\/wp\/v2\/posts"}],"about":[{"href":"https:\/\/bale.ch\/journal\/wp-json\/wp\/v2\/types\/post"}],"author":[{"embeddable":true,"href":"https:\/\/bale.ch\/journal\/wp-json\/wp\/v2\/users\/2"}],"replies":[{"embeddable":true,"href":"https:\/\/bale.ch\/journal\/wp-json\/wp\/v2\/comments?post=3677"}],"version-history":[{"count":3,"href":"https:\/\/bale.ch\/journal\/wp-json\/wp\/v2\/posts\/3677\/revisions"}],"predecessor-version":[{"id":3683,"href":"https:\/\/bale.ch\/journal\/wp-json\/wp\/v2\/posts\/3677\/revisions\/3683"}],"wp:featuredmedia":[{"embeddable":true,"href":"https:\/\/bale.ch\/journal\/wp-json\/wp\/v2\/media\/3679"}],"wp:attachment":[{"href":"https:\/\/bale.ch\/journal\/wp-json\/wp\/v2\/media?parent=3677"}],"wp:term":[{"taxonomy":"category","embeddable":true,"href":"https:\/\/bale.ch\/journal\/wp-json\/wp\/v2\/categories?post=3677"},{"taxonomy":"post_tag","embeddable":true,"href":"https:\/\/bale.ch\/journal\/wp-json\/wp\/v2\/tags?post=3677"}],"curies":[{"name":"wp","href":"https:\/\/api.w.org\/{rel}","templated":true}]}}