{"id":3684,"date":"2025-02-15T14:46:25","date_gmt":"2025-02-15T14:46:25","guid":{"rendered":"https:\/\/bale.ch\/journal\/?p=3684"},"modified":"2025-02-17T09:52:22","modified_gmt":"2025-02-17T09:52:22","slug":"droits-humains-le-fifdh-entre-colere-et-tendresse","status":"publish","type":"post","link":"https:\/\/bale.ch\/journal\/droits-humains-le-fifdh-entre-colere-et-tendresse\/","title":{"rendered":"Droits humains: le FIFDH entre col\u00e8re et tendresse"},"content":{"rendered":"\n<p class=\"wp-block-paragraph\"><strong><em>\u00ab\u00a0Contre le fascisme, l\u2019espoir est une exigence absolue\u00a0\u00bb<\/em>, d\u00e9clarait l&rsquo;activiste \u00e9tasunienne Angela Davis, plusieurs fois invit\u00e9e au FIFDH ces derni\u00e8res ann\u00e9es. Un mot d&rsquo;ordre que les deux directrices du  festival international du film des droits humains ont rappel\u00e9 lors de la pr\u00e9sentation du programme de sa vingt-troisi\u00e8me \u00e9dition qui aura lieu \u00e0 Gen\u00e8ve du 7 au 16 mars 2025.<\/strong><\/p>\n\n\n\n<p class=\"wp-block-paragraph\">Mettant en avant <em>\u00ab\u00a0le pouvoir du cin\u00e9ma pour transformer les r\u00e9cits dominants et imaginer de nouveaux futurs\u00a0\u00bb<\/em> dans ce contexte mondial extr\u00eamement mena\u00e7ant et anxiog\u00e8ne, le FIFDH nous invite \u00e0 reconsid\u00e9rer nos syst\u00e8mes politiques et \u00e0 faire communaut\u00e9 face \u00e0 l\u2019ascension des mouvements d\u2019extr\u00eame droite et la menace aux droits fondamentaux qu\u2019elle repr\u00e9sente, en particulier pour les femmes et les minorit\u00e9s. En r\u00e9sum\u00e9, <em>\u00ab\u00a0nous devons r\u00e9fl\u00e9chir, mais aussi nous remobiliser\u00a0\u00bb<\/em>, exhorte la co-directrice Laila Alonso Huarte.<\/p>\n\n\n\n<p class=\"wp-block-paragraph\">Ainsi, le festival propose de se rassembler autour d\u2019approches collectives porteuses d\u2019actions, pour <em>\u00ab\u00a0transformer l\u2019indignation et la col\u00e8re en solidarit\u00e9 et bienveillance\u00a0\u00bb.<\/em> Cette \u00e9dition donne la parole \u00e0 de nombreux invit\u00e9s inspirants, comme par exemple la Prix Nobel de la paix <strong>Oleksandra Matviichuk<\/strong>, l\u2019activiste <strong>Paul Watson<\/strong> (fondateur \u00e9vinc\u00e9 de l&rsquo;ONG Sea Shepherd), l\u2019\u00e9crivain <strong>Douglas Kennedy<\/strong>, la journaliste de la web TV Blast <strong>Salom\u00e9 Saqu\u00e9<\/strong>, le chirurgien <strong>Ghassan Abu Sittah<\/strong> et l\u2019actrice <strong>Angela Molina<\/strong>.<\/p><div id=\"crieu-2224454303\" class=\"crieu-content crieu-entity-placement\"><script async src=\"\/\/pagead2.googlesyndication.com\/pagead\/js\/adsbygoogle.js?client=ca-pub-5271584769416742\" crossorigin=\"anonymous\"><\/script><ins class=\"adsbygoogle\" style=\"display:block;\" data-ad-client=\"ca-pub-5271584769416742\" \ndata-ad-slot=\"9321250718\" \ndata-ad-format=\"auto\"><\/ins>\n<script> \n(adsbygoogle = window.adsbygoogle || []).push({}); \n<\/script>\n<\/div>\n\n\n\n<figure class=\"wp-block-embed is-type-video is-provider-youtube wp-block-embed-youtube wp-embed-aspect-16-9 wp-has-aspect-ratio\"><div class=\"wp-block-embed__wrapper\">\n<iframe loading=\"lazy\" title=\"23\u00e8me \u00c9dition FIFDH \u2022 Trailer Festival\" width=\"640\" height=\"360\" src=\"https:\/\/www.youtube.com\/embed\/OPt1DzK6pkU?feature=oembed\" frameborder=\"0\" allow=\"accelerometer; autoplay; clipboard-write; encrypted-media; gyroscope; picture-in-picture; web-share\" referrerpolicy=\"strict-origin-when-cross-origin\" allowfullscreen><\/iframe>\n<\/div><\/figure>\n\n\n\n<blockquote class=\"wp-block-quote is-layout-flow wp-block-quote-is-layout-flow\">\n<p class=\"wp-block-paragraph\"><em>\u00ab\u00a0Les invit\u00e9\u00b7es de cette \u00e9dition nous encouragent \u00e0 repenser le collectif, \u00e0 placer le soin et la solidarit\u00e9 au c\u0153ur de nos relations, et \u00e0 ne pas c\u00e9der \u00e0 la sid\u00e9ration face aux conflits meurtriers, au recul des libert\u00e9s et au non-respect du droit international.\u00a0\u00bb<\/em><br>Laila Alonso Huarte et Laura Longobardi, co-directrices \u00e9ditoriales.<\/p>\n<\/blockquote>\n\n\n\n<p class=\"wp-block-paragraph\">Le FIFDH propose comme toujours une s\u00e9lection de films documentaires et de fiction, avec, pour la premi\u00e8re fois, une s\u00e9rie de courts m\u00e9trages. Toujours en lien avec l&rsquo;actualit\u00e9, il nous sensibilise sur les r\u00e9sistances et la r\u00e9silience des populations civiles: au Liban, au Soudan, \u00e0 Gaza, en Ukraine ou en RD Congo et aussi face \u00e0 la mont\u00e9e du fascisme aux Etats-Unis et en Europe.<\/p>\n\n\n\n<p class=\"wp-block-paragraph\">Parmi les films pr\u00e9sent\u00e9s, <em>A State of Passion<\/em> documente le travail du Dr Ghassan Abu Sittah, chirurgien britanno-palestinien engag\u00e9 sous les bombardements \u00e0 Gaza. Il sera pr\u00e9sent lors d\u2019un Spotlight, aux c\u00f4t\u00e9s de la rapporteuse sp\u00e9ciale du Haut-Commissariat des Nations Unies aux droits de l&rsquo;homme <strong>Francesca Albanese<\/strong>. En parall\u00e8le, les publics peuvent visionner <em>The Bibi Files<\/em>, pr\u00e9s\u00e9lectionn\u00e9 aux Oscars 2025, qui explore les dynamiques de corruption et les int\u00e9r\u00eats personnels du Premier ministre isra\u00e9lien Netanyahou \u00e0 prolonger le conflit \u00e0 Gaza.<\/p>\n\n\n\n<h2 class=\"wp-block-heading\">Des inqui\u00e9tudes pour le droit humanitaire<\/h2>\n\n\n\n<p class=\"wp-block-paragraph\">Alors que la coop\u00e9ration internationale subit une pression croissante et des coupes budg\u00e9taires majeures, la Suisse se retrouve au c\u0153ur des discussions. Ces d\u00e9cisions politiques risquent d\u2019avoir un impact durable sur les populations vuln\u00e9rables, sur la Gen\u00e8ve internationale et sur l&rsquo;image d\u2019un pays qui a longtemps d\u00e9fendu sa neutralit\u00e9 par son engagement humanitaire. Ces enjeux sont au centre de la discussion <strong><em>Remise en cause de l\u2019UNRWA: mort du droit humanitaire?<\/em><\/strong> Un \u00e9change avec, notamment, le Commissaire g\u00e9n\u00e9ral de l&rsquo;UNRWA Philippe Lazzarini et l\u2019ancien ambassadeur de Suisse en Isra\u00ebl Jean-Daniel Ruch. Ce Forum est pr\u00e9c\u00e9d\u00e9 du film <em>UNRWA, septante-cinq ans d&rsquo;une histoire provisoire<\/em>, pr\u00e9sent\u00e9 en premi\u00e8re mondiale.<\/p>\n\n\n\n<p class=\"wp-block-paragraph\">Yves Daccord, le pr\u00e9sident du FIFDH s&rsquo;inqui\u00e8te quant \u00e0 lui de l&rsquo;avenir du financement du festival par la Conf\u00e9d\u00e9ration et de son soutien en g\u00e9n\u00e9ral: <em>\u00ab\u00a0le dialogue entre nous et le D\u00e9partement f\u00e9d\u00e9ral des affaires \u00e9trang\u00e8res (DFAE) reste sympathique mais perd de sa substance\u00a0\u00bb<\/em>. Il en veut pour preuve l&rsquo;absence d&rsquo;int\u00e9r\u00eat de la part de conseillers f\u00e9d\u00e9raux pour participer \u00e0 l&rsquo;\u00e9v\u00e9nement, mais aussi une frilosit\u00e9 quant \u00e0 l&rsquo;id\u00e9e de projeter les films s\u00e9lectionn\u00e9s dans les ambassades suisses, alors que c&rsquo;\u00e9tait le cas il y a plusieurs ann\u00e9es. Il d\u00e9plore <em>\u00ab\u00a0une neutralit\u00e9 h\u00f4teli\u00e8re, o\u00f9 l&rsquo;on \u00e9vite de f\u00e2cher qui que ce soit\u00a0\u00bb<\/em>, avec une inqui\u00e9tude particuli\u00e8re par rapport \u00e0 l&rsquo;\u00e9cosyst\u00e8me d&rsquo;experts, d&rsquo;organisations, de gens qui r\u00e9fl\u00e9chissent sur la question des droits humains: <em>\u00ab\u00a0c&rsquo;est un retrait qui a de l&rsquo;impact au plus mauvais moment\u00a0\u00bb<\/em>. Il esp\u00e8re un sursaut de la Suisse, que le pays se rende compte qu&rsquo;il a un r\u00f4le \u00e0 jouer.<\/p>\n\n\n\n<p class=\"wp-block-paragraph\">Retrouvez le programme complet des films, des \u00e9v\u00e9nements et la liste des invit\u00e9s sur <strong><a href=\"https:\/\/fifdh.org\/\">fifdh.org<\/a><\/strong><\/p>\n\n\n\n<h2 class=\"wp-block-heading\">Lire aussi:<\/h2>\n\n\n\n<figure class=\"wp-block-embed is-type-wp-embed is-provider-journal-de-b-le-et-gen-ve wp-block-embed-journal-de-b-le-et-gen-ve\"><div class=\"wp-block-embed__wrapper\">\n<blockquote class=\"wp-embedded-content\" data-secret=\"u1aEQcb8KD\"><a href=\"https:\/\/bale.ch\/journal\/le-fifdh-presente-ses-nouvelles-affiches-signees-par-lartiste-zapoteque-luvia-lazo\/\">Le FIFDH pr\u00e9sente ses nouvelles affiches sign\u00e9es par l&rsquo;artiste zapot\u00e8que Luvia Lazo<\/a><\/blockquote><iframe loading=\"lazy\" class=\"wp-embedded-content\" sandbox=\"allow-scripts\" security=\"restricted\" style=\"position: absolute; visibility: hidden;\" title=\"\u00ab\u00a0Le FIFDH pr\u00e9sente ses nouvelles affiches sign\u00e9es par l&rsquo;artiste zapot\u00e8que Luvia Lazo\u00a0\u00bb &#8212; Journal de B\u00e2le et Gen\u00e8ve\" src=\"https:\/\/bale.ch\/journal\/le-fifdh-presente-ses-nouvelles-affiches-signees-par-lartiste-zapoteque-luvia-lazo\/embed\/#?secret=Ki7FuJWstv#?secret=u1aEQcb8KD\" data-secret=\"u1aEQcb8KD\" width=\"600\" height=\"338\" frameborder=\"0\" marginwidth=\"0\" marginheight=\"0\" scrolling=\"no\"><\/iframe>\n<\/div><\/figure>\n<div id=\"crieu-3265971744\" class=\"crieu-apres-le-contenu crieu-entity-placement\" style=\"margin-left: auto;margin-right: auto;text-align: center;\"><script async src=\"\/\/pagead2.googlesyndication.com\/pagead\/js\/adsbygoogle.js?client=ca-pub-5271584769416742\" crossorigin=\"anonymous\"><\/script><ins class=\"adsbygoogle\" style=\"display:block;\" data-ad-client=\"ca-pub-5271584769416742\" \ndata-ad-slot=\"9321250718\" \ndata-ad-format=\"auto\"><\/ins>\n<script> \n(adsbygoogle = window.adsbygoogle || []).push({}); \n<\/script>\n<\/div>","protected":false},"excerpt":{"rendered":"<p>\u00ab\u00a0Contre le fascisme, l\u2019espoir est une exigence absolue\u00a0\u00bb, d\u00e9clarait l&rsquo;activiste \u00e9tasunienne Angela Davis, plusieurs fois invit\u00e9e au FIFDH ces derni\u00e8res ann\u00e9es. Un mot d&rsquo;ordre que les deux directrices du festival <a href=\"https:\/\/bale.ch\/journal\/droits-humains-le-fifdh-entre-colere-et-tendresse\/\" class=\"read-more button-fancy -red\"><span class=\"btn-arrow\"><\/span><span class=\"twp-read-more text\">Continuer la lecture<\/span><\/a><\/p>\n","protected":false},"author":3,"featured_media":3690,"comment_status":"closed","ping_status":"closed","sticky":false,"template":"","format":"standard","meta":{"footnotes":""},"categories":[103,4,18],"tags":[131,93,74],"class_list":["post-3684","post","type-post","status-publish","format-standard","has-post-thumbnail","hentry","category-actu","category-grand-geneve","category-sortir","tag-droits-humains","tag-festival","tag-geneve"],"yoast_head":"<!-- This site is optimized with the Yoast SEO plugin v28.3 - https:\/\/yoast.com\/product\/yoast-seo-wordpress\/ -->\n<title>Droits humains: le FIFDH entre col\u00e8re et tendresse - Journal de B\u00e2le et Gen\u00e8ve<\/title>\n<meta name=\"robots\" content=\"index, follow, max-snippet:-1, max-image-preview:large, max-video-preview:-1\" \/>\n<link rel=\"canonical\" href=\"https:\/\/bale.ch\/journal\/droits-humains-le-fifdh-entre-colere-et-tendresse\/\" \/>\n<meta property=\"og:locale\" content=\"fr_FR\" \/>\n<meta property=\"og:type\" content=\"article\" \/>\n<meta property=\"og:title\" content=\"Droits humains: le FIFDH entre col\u00e8re et tendresse - Journal de B\u00e2le et Gen\u00e8ve\" \/>\n<meta property=\"og:description\" content=\"\u00ab\u00a0Contre le fascisme, l\u2019espoir est une exigence absolue\u00a0\u00bb, d\u00e9clarait l&rsquo;activiste \u00e9tasunienne Angela Davis, plusieurs fois invit\u00e9e au FIFDH ces derni\u00e8res ann\u00e9es. Un mot d&rsquo;ordre que les deux directrices du festival Continuer la lecture\" \/>\n<meta property=\"og:url\" content=\"https:\/\/bale.ch\/journal\/droits-humains-le-fifdh-entre-colere-et-tendresse\/\" \/>\n<meta property=\"og:site_name\" content=\"Journal de B\u00e2le et Gen\u00e8ve\" \/>\n<meta property=\"article:published_time\" content=\"2025-02-15T14:46:25+00:00\" \/>\n<meta property=\"article:modified_time\" content=\"2025-02-17T09:52:22+00:00\" \/>\n<meta property=\"og:image\" content=\"https:\/\/bale.ch\/journal\/wp-content\/uploads\/2025\/02\/DSC_0241-scaled.jpg\" \/>\n\t<meta property=\"og:image:width\" content=\"2560\" \/>\n\t<meta property=\"og:image:height\" content=\"1707\" \/>\n\t<meta property=\"og:image:type\" content=\"image\/jpeg\" \/>\n<meta name=\"author\" content=\"Alban Lavy\" \/>\n<meta name=\"twitter:card\" content=\"summary_large_image\" \/>\n<meta name=\"twitter:label1\" content=\"\u00c9crit par\" \/>\n\t<meta name=\"twitter:data1\" content=\"Alban Lavy\" \/>\n\t<meta name=\"twitter:label2\" content=\"Dur\u00e9e de lecture estim\u00e9e\" \/>\n\t<meta name=\"twitter:data2\" content=\"4 minutes\" \/>\n<script type=\"application\/ld+json\" class=\"yoast-schema-graph\">{\"@context\":\"https:\\\/\\\/schema.org\",\"@graph\":[{\"@type\":\"Article\",\"@id\":\"https:\\\/\\\/bale.ch\\\/journal\\\/droits-humains-le-fifdh-entre-colere-et-tendresse\\\/#article\",\"isPartOf\":{\"@id\":\"https:\\\/\\\/bale.ch\\\/journal\\\/droits-humains-le-fifdh-entre-colere-et-tendresse\\\/\"},\"author\":{\"name\":\"Alban Lavy\",\"@id\":\"https:\\\/\\\/bale.ch\\\/journal\\\/#\\\/schema\\\/person\\\/41bc7f908af0ffea5e38b8c5702e5626\"},\"headline\":\"Droits humains: le FIFDH entre col\u00e8re et tendresse\",\"datePublished\":\"2025-02-15T14:46:25+00:00\",\"dateModified\":\"2025-02-17T09:52:22+00:00\",\"mainEntityOfPage\":{\"@id\":\"https:\\\/\\\/bale.ch\\\/journal\\\/droits-humains-le-fifdh-entre-colere-et-tendresse\\\/\"},\"wordCount\":819,\"publisher\":{\"@id\":\"https:\\\/\\\/bale.ch\\\/journal\\\/#organization\"},\"image\":{\"@id\":\"https:\\\/\\\/bale.ch\\\/journal\\\/droits-humains-le-fifdh-entre-colere-et-tendresse\\\/#primaryimage\"},\"thumbnailUrl\":\"https:\\\/\\\/bale.ch\\\/journal\\\/wp-content\\\/uploads\\\/2025\\\/02\\\/DSC_0241-scaled.jpg\",\"keywords\":[\"Droits humains\",\"festival\",\"Gen\u00e8ve\"],\"articleSection\":[\"Actualit\u00e9s\",\"Grand Gen\u00e8ve\",\"Sortir\"],\"inLanguage\":\"fr-FR\"},{\"@type\":\"WebPage\",\"@id\":\"https:\\\/\\\/bale.ch\\\/journal\\\/droits-humains-le-fifdh-entre-colere-et-tendresse\\\/\",\"url\":\"https:\\\/\\\/bale.ch\\\/journal\\\/droits-humains-le-fifdh-entre-colere-et-tendresse\\\/\",\"name\":\"Droits humains: le FIFDH entre col\u00e8re et tendresse - Journal de B\u00e2le et Gen\u00e8ve\",\"isPartOf\":{\"@id\":\"https:\\\/\\\/bale.ch\\\/journal\\\/#website\"},\"primaryImageOfPage\":{\"@id\":\"https:\\\/\\\/bale.ch\\\/journal\\\/droits-humains-le-fifdh-entre-colere-et-tendresse\\\/#primaryimage\"},\"image\":{\"@id\":\"https:\\\/\\\/bale.ch\\\/journal\\\/droits-humains-le-fifdh-entre-colere-et-tendresse\\\/#primaryimage\"},\"thumbnailUrl\":\"https:\\\/\\\/bale.ch\\\/journal\\\/wp-content\\\/uploads\\\/2025\\\/02\\\/DSC_0241-scaled.jpg\",\"datePublished\":\"2025-02-15T14:46:25+00:00\",\"dateModified\":\"2025-02-17T09:52:22+00:00\",\"breadcrumb\":{\"@id\":\"https:\\\/\\\/bale.ch\\\/journal\\\/droits-humains-le-fifdh-entre-colere-et-tendresse\\\/#breadcrumb\"},\"inLanguage\":\"fr-FR\",\"potentialAction\":[{\"@type\":\"ReadAction\",\"target\":[\"https:\\\/\\\/bale.ch\\\/journal\\\/droits-humains-le-fifdh-entre-colere-et-tendresse\\\/\"]}]},{\"@type\":\"ImageObject\",\"inLanguage\":\"fr-FR\",\"@id\":\"https:\\\/\\\/bale.ch\\\/journal\\\/droits-humains-le-fifdh-entre-colere-et-tendresse\\\/#primaryimage\",\"url\":\"https:\\\/\\\/bale.ch\\\/journal\\\/wp-content\\\/uploads\\\/2025\\\/02\\\/DSC_0241-scaled.jpg\",\"contentUrl\":\"https:\\\/\\\/bale.ch\\\/journal\\\/wp-content\\\/uploads\\\/2025\\\/02\\\/DSC_0241-scaled.jpg\",\"width\":2560,\"height\":1707},{\"@type\":\"BreadcrumbList\",\"@id\":\"https:\\\/\\\/bale.ch\\\/journal\\\/droits-humains-le-fifdh-entre-colere-et-tendresse\\\/#breadcrumb\",\"itemListElement\":[{\"@type\":\"ListItem\",\"position\":1,\"name\":\"Accueil\",\"item\":\"https:\\\/\\\/bale.ch\\\/journal\\\/\"},{\"@type\":\"ListItem\",\"position\":2,\"name\":\"Droits humains: le FIFDH entre col\u00e8re et tendresse\"}]},{\"@type\":\"WebSite\",\"@id\":\"https:\\\/\\\/bale.ch\\\/journal\\\/#website\",\"url\":\"https:\\\/\\\/bale.ch\\\/journal\\\/\",\"name\":\"Journal de B\u00e2le et Gen\u00e8ve\",\"description\":\"M\u00e9dia transfrontalier d&#039;actualit\u00e9s - News\",\"publisher\":{\"@id\":\"https:\\\/\\\/bale.ch\\\/journal\\\/#organization\"},\"potentialAction\":[{\"@type\":\"SearchAction\",\"target\":{\"@type\":\"EntryPoint\",\"urlTemplate\":\"https:\\\/\\\/bale.ch\\\/journal\\\/?s={search_term_string}\"},\"query-input\":{\"@type\":\"PropertyValueSpecification\",\"valueRequired\":true,\"valueName\":\"search_term_string\"}}],\"inLanguage\":\"fr-FR\"},{\"@type\":\"Organization\",\"@id\":\"https:\\\/\\\/bale.ch\\\/journal\\\/#organization\",\"name\":\"Journal de B\u00e2le et Gen\u00e8ve\",\"url\":\"https:\\\/\\\/bale.ch\\\/journal\\\/\",\"logo\":{\"@type\":\"ImageObject\",\"inLanguage\":\"fr-FR\",\"@id\":\"https:\\\/\\\/bale.ch\\\/journal\\\/#\\\/schema\\\/logo\\\/image\\\/\",\"url\":\"https:\\\/\\\/bale.ch\\\/journal\\\/wp-content\\\/uploads\\\/2023\\\/07\\\/journaldebale_logo_2023_nb.png\",\"contentUrl\":\"https:\\\/\\\/bale.ch\\\/journal\\\/wp-content\\\/uploads\\\/2023\\\/07\\\/journaldebale_logo_2023_nb.png\",\"width\":371,\"height\":127,\"caption\":\"Journal de B\u00e2le et Gen\u00e8ve\"},\"image\":{\"@id\":\"https:\\\/\\\/bale.ch\\\/journal\\\/#\\\/schema\\\/logo\\\/image\\\/\"}},{\"@type\":\"Person\",\"@id\":\"https:\\\/\\\/bale.ch\\\/journal\\\/#\\\/schema\\\/person\\\/41bc7f908af0ffea5e38b8c5702e5626\",\"name\":\"Alban Lavy\",\"image\":{\"@type\":\"ImageObject\",\"inLanguage\":\"fr-FR\",\"@id\":\"https:\\\/\\\/secure.gravatar.com\\\/avatar\\\/4978c5bb7295400e15bebf9881bc4db7866592bc59ffa2f62511214a10f68804?s=96&d=mm&r=g\",\"url\":\"https:\\\/\\\/secure.gravatar.com\\\/avatar\\\/4978c5bb7295400e15bebf9881bc4db7866592bc59ffa2f62511214a10f68804?s=96&d=mm&r=g\",\"contentUrl\":\"https:\\\/\\\/secure.gravatar.com\\\/avatar\\\/4978c5bb7295400e15bebf9881bc4db7866592bc59ffa2f62511214a10f68804?s=96&d=mm&r=g\",\"caption\":\"Alban Lavy\"},\"sameAs\":[\"http:\\\/\\\/bale.ch\\\/administration\\\/zeitung\\\/albanlavy\\\/\"],\"url\":\"https:\\\/\\\/bale.ch\\\/journal\\\/author\\\/lavy\\\/\"}]}<\/script>\n<!-- \/ Yoast SEO plugin. -->","yoast_head_json":{"title":"Droits humains: le FIFDH entre col\u00e8re et tendresse - Journal de B\u00e2le et Gen\u00e8ve","robots":{"index":"index","follow":"follow","max-snippet":"max-snippet:-1","max-image-preview":"max-image-preview:large","max-video-preview":"max-video-preview:-1"},"canonical":"https:\/\/bale.ch\/journal\/droits-humains-le-fifdh-entre-colere-et-tendresse\/","og_locale":"fr_FR","og_type":"article","og_title":"Droits humains: le FIFDH entre col\u00e8re et tendresse - Journal de B\u00e2le et Gen\u00e8ve","og_description":"\u00ab\u00a0Contre le fascisme, l\u2019espoir est une exigence absolue\u00a0\u00bb, d\u00e9clarait l&rsquo;activiste \u00e9tasunienne Angela Davis, plusieurs fois invit\u00e9e au FIFDH ces derni\u00e8res ann\u00e9es. Un mot d&rsquo;ordre que les deux directrices du festival Continuer la lecture","og_url":"https:\/\/bale.ch\/journal\/droits-humains-le-fifdh-entre-colere-et-tendresse\/","og_site_name":"Journal de B\u00e2le et Gen\u00e8ve","article_published_time":"2025-02-15T14:46:25+00:00","article_modified_time":"2025-02-17T09:52:22+00:00","og_image":[{"width":2560,"height":1707,"url":"https:\/\/bale.ch\/journal\/wp-content\/uploads\/2025\/02\/DSC_0241-scaled.jpg","type":"image\/jpeg"}],"author":"Alban Lavy","twitter_card":"summary_large_image","twitter_misc":{"\u00c9crit par":"Alban Lavy","Dur\u00e9e de lecture estim\u00e9e":"4 minutes"},"schema":{"@context":"https:\/\/schema.org","@graph":[{"@type":"Article","@id":"https:\/\/bale.ch\/journal\/droits-humains-le-fifdh-entre-colere-et-tendresse\/#article","isPartOf":{"@id":"https:\/\/bale.ch\/journal\/droits-humains-le-fifdh-entre-colere-et-tendresse\/"},"author":{"name":"Alban Lavy","@id":"https:\/\/bale.ch\/journal\/#\/schema\/person\/41bc7f908af0ffea5e38b8c5702e5626"},"headline":"Droits humains: le FIFDH entre col\u00e8re et tendresse","datePublished":"2025-02-15T14:46:25+00:00","dateModified":"2025-02-17T09:52:22+00:00","mainEntityOfPage":{"@id":"https:\/\/bale.ch\/journal\/droits-humains-le-fifdh-entre-colere-et-tendresse\/"},"wordCount":819,"publisher":{"@id":"https:\/\/bale.ch\/journal\/#organization"},"image":{"@id":"https:\/\/bale.ch\/journal\/droits-humains-le-fifdh-entre-colere-et-tendresse\/#primaryimage"},"thumbnailUrl":"https:\/\/bale.ch\/journal\/wp-content\/uploads\/2025\/02\/DSC_0241-scaled.jpg","keywords":["Droits humains","festival","Gen\u00e8ve"],"articleSection":["Actualit\u00e9s","Grand Gen\u00e8ve","Sortir"],"inLanguage":"fr-FR"},{"@type":"WebPage","@id":"https:\/\/bale.ch\/journal\/droits-humains-le-fifdh-entre-colere-et-tendresse\/","url":"https:\/\/bale.ch\/journal\/droits-humains-le-fifdh-entre-colere-et-tendresse\/","name":"Droits humains: le FIFDH entre col\u00e8re et tendresse - Journal de B\u00e2le et Gen\u00e8ve","isPartOf":{"@id":"https:\/\/bale.ch\/journal\/#website"},"primaryImageOfPage":{"@id":"https:\/\/bale.ch\/journal\/droits-humains-le-fifdh-entre-colere-et-tendresse\/#primaryimage"},"image":{"@id":"https:\/\/bale.ch\/journal\/droits-humains-le-fifdh-entre-colere-et-tendresse\/#primaryimage"},"thumbnailUrl":"https:\/\/bale.ch\/journal\/wp-content\/uploads\/2025\/02\/DSC_0241-scaled.jpg","datePublished":"2025-02-15T14:46:25+00:00","dateModified":"2025-02-17T09:52:22+00:00","breadcrumb":{"@id":"https:\/\/bale.ch\/journal\/droits-humains-le-fifdh-entre-colere-et-tendresse\/#breadcrumb"},"inLanguage":"fr-FR","potentialAction":[{"@type":"ReadAction","target":["https:\/\/bale.ch\/journal\/droits-humains-le-fifdh-entre-colere-et-tendresse\/"]}]},{"@type":"ImageObject","inLanguage":"fr-FR","@id":"https:\/\/bale.ch\/journal\/droits-humains-le-fifdh-entre-colere-et-tendresse\/#primaryimage","url":"https:\/\/bale.ch\/journal\/wp-content\/uploads\/2025\/02\/DSC_0241-scaled.jpg","contentUrl":"https:\/\/bale.ch\/journal\/wp-content\/uploads\/2025\/02\/DSC_0241-scaled.jpg","width":2560,"height":1707},{"@type":"BreadcrumbList","@id":"https:\/\/bale.ch\/journal\/droits-humains-le-fifdh-entre-colere-et-tendresse\/#breadcrumb","itemListElement":[{"@type":"ListItem","position":1,"name":"Accueil","item":"https:\/\/bale.ch\/journal\/"},{"@type":"ListItem","position":2,"name":"Droits humains: le FIFDH entre col\u00e8re et tendresse"}]},{"@type":"WebSite","@id":"https:\/\/bale.ch\/journal\/#website","url":"https:\/\/bale.ch\/journal\/","name":"Journal de B\u00e2le et Gen\u00e8ve","description":"M\u00e9dia transfrontalier d&#039;actualit\u00e9s - News","publisher":{"@id":"https:\/\/bale.ch\/journal\/#organization"},"potentialAction":[{"@type":"SearchAction","target":{"@type":"EntryPoint","urlTemplate":"https:\/\/bale.ch\/journal\/?s={search_term_string}"},"query-input":{"@type":"PropertyValueSpecification","valueRequired":true,"valueName":"search_term_string"}}],"inLanguage":"fr-FR"},{"@type":"Organization","@id":"https:\/\/bale.ch\/journal\/#organization","name":"Journal de B\u00e2le et Gen\u00e8ve","url":"https:\/\/bale.ch\/journal\/","logo":{"@type":"ImageObject","inLanguage":"fr-FR","@id":"https:\/\/bale.ch\/journal\/#\/schema\/logo\/image\/","url":"https:\/\/bale.ch\/journal\/wp-content\/uploads\/2023\/07\/journaldebale_logo_2023_nb.png","contentUrl":"https:\/\/bale.ch\/journal\/wp-content\/uploads\/2023\/07\/journaldebale_logo_2023_nb.png","width":371,"height":127,"caption":"Journal de B\u00e2le et Gen\u00e8ve"},"image":{"@id":"https:\/\/bale.ch\/journal\/#\/schema\/logo\/image\/"}},{"@type":"Person","@id":"https:\/\/bale.ch\/journal\/#\/schema\/person\/41bc7f908af0ffea5e38b8c5702e5626","name":"Alban Lavy","image":{"@type":"ImageObject","inLanguage":"fr-FR","@id":"https:\/\/secure.gravatar.com\/avatar\/4978c5bb7295400e15bebf9881bc4db7866592bc59ffa2f62511214a10f68804?s=96&d=mm&r=g","url":"https:\/\/secure.gravatar.com\/avatar\/4978c5bb7295400e15bebf9881bc4db7866592bc59ffa2f62511214a10f68804?s=96&d=mm&r=g","contentUrl":"https:\/\/secure.gravatar.com\/avatar\/4978c5bb7295400e15bebf9881bc4db7866592bc59ffa2f62511214a10f68804?s=96&d=mm&r=g","caption":"Alban Lavy"},"sameAs":["http:\/\/bale.ch\/administration\/zeitung\/albanlavy\/"],"url":"https:\/\/bale.ch\/journal\/author\/lavy\/"}]}},"_links":{"self":[{"href":"https:\/\/bale.ch\/journal\/wp-json\/wp\/v2\/posts\/3684","targetHints":{"allow":["GET"]}}],"collection":[{"href":"https:\/\/bale.ch\/journal\/wp-json\/wp\/v2\/posts"}],"about":[{"href":"https:\/\/bale.ch\/journal\/wp-json\/wp\/v2\/types\/post"}],"author":[{"embeddable":true,"href":"https:\/\/bale.ch\/journal\/wp-json\/wp\/v2\/users\/3"}],"replies":[{"embeddable":true,"href":"https:\/\/bale.ch\/journal\/wp-json\/wp\/v2\/comments?post=3684"}],"version-history":[{"count":17,"href":"https:\/\/bale.ch\/journal\/wp-json\/wp\/v2\/posts\/3684\/revisions"}],"predecessor-version":[{"id":3706,"href":"https:\/\/bale.ch\/journal\/wp-json\/wp\/v2\/posts\/3684\/revisions\/3706"}],"wp:featuredmedia":[{"embeddable":true,"href":"https:\/\/bale.ch\/journal\/wp-json\/wp\/v2\/media\/3690"}],"wp:attachment":[{"href":"https:\/\/bale.ch\/journal\/wp-json\/wp\/v2\/media?parent=3684"}],"wp:term":[{"taxonomy":"category","embeddable":true,"href":"https:\/\/bale.ch\/journal\/wp-json\/wp\/v2\/categories?post=3684"},{"taxonomy":"post_tag","embeddable":true,"href":"https:\/\/bale.ch\/journal\/wp-json\/wp\/v2\/tags?post=3684"}],"curies":[{"name":"wp","href":"https:\/\/api.w.org\/{rel}","templated":true}]}}