{"id":3708,"date":"2014-04-09T14:47:00","date_gmt":"2014-04-09T14:47:00","guid":{"rendered":"https:\/\/bale.ch\/journal\/?p=3708"},"modified":"2026-05-03T07:53:26","modified_gmt":"2026-05-03T07:53:26","slug":"bd-femetto_comic_festival_luzern_lucerne_2014","status":"publish","type":"post","link":"https:\/\/bale.ch\/journal\/bd-femetto_comic_festival_luzern_lucerne_2014\/","title":{"rendered":"BD \u2013 \u201c\u00catre \u00e9diteur aujourd\u2019hui\u201d en d\u00e9bat au Festival Fumetto de Lucerne"},"content":{"rendered":"\n<p class=\"wp-block-paragraph\"><strong>Des expositions de qualit\u00e9 et des tables rondes au programme de la 23e \u00e9dition du&nbsp; Festival de la BD Fumetto \u00e0 Lucerne, dont le succ\u00e8s ne se d\u00e9ment pas.<\/strong><\/p>\n\n\n\n<!--more-->\n\n\n\n<p class=\"wp-block-paragraph\">Il faut dire que l<em>&lsquo;<\/em>\u00e9v\u00e8nement, qui dure jusqu<em>&lsquo;<\/em>au 13 avril, s&rsquo;est impos\u00e9 comme l&rsquo;un des festivals consacr\u00e9s au neuvi\u00e8me art les plus en vue. Sa programmation tiss\u00e9e avec soin par ses organisateurs entre diff\u00e9rents lieux dispers\u00e9s dans la ville lacustre de Suisse centrale y est sans doute pour quelque chose.<\/p>\n\n\n\n<p class=\"wp-block-paragraph\">L&rsquo;artiste sud-africain Robin Rhode, actuellement bas\u00e9 \u00e0 Berlin, pr\u00e9sente une s\u00e9lection d<em>&lsquo;<\/em>oeuvres au sein du magnifique Kunstmuseum de Lucerne. Sa r\u00e9flexion, centr\u00e9e sur la politique, les hi\u00e9rarchies sociales et la recherche d&rsquo;identit\u00e9, se retrouve dans des performances bas\u00e9es sur ses propres illustrations d&rsquo;objets avec lesquels il interragit. C&rsquo;est finalement les photographies de ces interractions qui sont expos\u00e9es.<\/p><div id=\"crieu-1917216113\" class=\"crieu-content crieu-entity-placement\"><script async src=\"\/\/pagead2.googlesyndication.com\/pagead\/js\/adsbygoogle.js?client=ca-pub-5271584769416742\" crossorigin=\"anonymous\"><\/script><ins class=\"adsbygoogle\" style=\"display:block;\" data-ad-client=\"ca-pub-5271584769416742\" \ndata-ad-slot=\"9321250718\" \ndata-ad-format=\"auto\"><\/ins>\n<script> \n(adsbygoogle = window.adsbygoogle || []).push({}); \n<\/script>\n<\/div>\n\n\n\n<p class=\"wp-block-paragraph\"><strong>Une Genevoise dans le vent<\/strong><\/p>\n\n\n\n<p class=\"wp-block-paragraph\">Avec son roman grapique <em>\u201cLuchadoras\u201d,<\/em> l&rsquo;auteure genevoise Peggy Adam s&rsquo;est retrouv\u00e9e en 2007 dans la S\u00e9lection officielle du Festival international de la bande dessin\u00e9e d&rsquo;Angoul\u00eame. L&rsquo;histoire est inspir\u00e9e par des fait divers sanglants survenus dans une ville mexicaine \u00e0 la fronti\u00e8re \u00e9tats-unienne, et dont les victimes sont des centaines de femmes. Un sens de l&rsquo;obervation aiguis\u00e9 et un humour aff\u00fbt\u00e9 se retrouvent dans ses nombreuses publications dont certaines sont des carnets de voyages. Outre ses <em>Luchadoras<\/em>, Fumetto expose de magnifiques planches et illustrations originales issues de son dernier ouvrage, <em>La Gr\u00f6cha<\/em>.<\/p>\n\n\n\n<p class=\"wp-block-paragraph\">La BD \u201cvenue du froid\u201d est \u00e9galement \u00e0 l&rsquo;honneur \u00e0 travers une exposition et une table ronde sur l&rsquo;\u00e9dition finnoise qui attire l&rsquo;attention internationale ces derni\u00e8res ann\u00e9s.<\/p>\n\n\n\n<p class=\"wp-block-paragraph\"><strong>\u00c9diteurs ind\u00e9pendants<\/strong><\/p>\n\n\n\n<p class=\"wp-block-paragraph\">Autre d\u00e9bat particuli\u00e8rement int\u00e9ressant en cette p\u00e9riode difficile, <em>\u201cl&rsquo;\u00e9dition aujourd&rsquo;hui\u201d<\/em>. Anim\u00e9 par Lars von T\u00f6rne, journaliste culturel au quotidien berlinois Tagesspiegel, il a r\u00e9uni les \u00e9diteurs britannique Sam Arthur (Nobrow), belge Thierry van Hasselt (Fr\u00e9mok), francais Jean-Christophe Menu (L&rsquo;Apocalypse) et allemand Johann Ulrich (avant-verlag).<\/p>\n\n\n\n<p class=\"wp-block-paragraph\">Tous ont une politique \u00e9ditoriale exigente. Le Britannique et le Belge avouent travailler le plus souvent sans r\u00e9mun\u00e9ration, parfois soutenus par l&rsquo;une ou l&rsquo;autre subvention. Le Fran\u00e7ais a quitt\u00e9 il y a 3 ans L&rsquo;Association (maison d&rsquo;\u00e9dition&nbsp;qu&rsquo;il avait co-cr\u00e9\u00e9e, \u00e9ditrice du best-seller <em><a href=\"http:\/\/fr.wikipedia.org\/wiki\/Persepolis_%28bande_dessin%C3%A9e%29\" target=\"_blank\" rel=\"noreferrer noopener\">\u201cPersepolis\u201d<\/a><\/em> de Marjane Satrapi) pour monter une nouvelle structure ind\u00e9pendante. Il confesse avoir \u00e9t\u00e9 un peu trop ambitieux, sa maison d&rsquo;\u00e9dition pouvant facilement s&rsquo;\u00e9crouler faute d&rsquo;avoir un <em>\u201cPersepolis\u201d<\/em> r\u00e9mun\u00e9rateur au catalogue, permettant de publier nombre de beaux ouvrages sans se soucier de la tr\u00e9sorerie&#8230; La situation est difficile, surtout quand on sort comme lui du cadre strict de la bande dessin\u00e9e. \u201cC&rsquo;est difficile, surtout en France o\u00f9 l&rsquo;on vous colle d&rsquo;office une \u00e9tiquette sur le front.\u201d Il faut rentrer dans des cat\u00e9gories claires pour \u00e9viter de d\u00e9stabiliser diffuseurs, libraires et grand public. Menu sort des cases, refuse l&rsquo;\u00e9tiquette, quitte \u00e0 en payer le prix fort. <em>\u201cQuoiqu&rsquo;il arrive, je ne<\/em><em> regretterai rien. La vie est courte\u201d<\/em>, conclut-il.<\/p>\n\n\n\n<p class=\"wp-block-paragraph\">Johann Ulrich quant \u00e0 lui, met l&rsquo;accent sur des histoires \u00e0 caract\u00e8re politique<em> \u201cafin que la presse s&rsquo;y int\u00e9resse car si l&rsquo;on veut vendre nos albums, il faut que des articles paraissent dans les journaux\u201d<\/em>. Une politique \u00e9ditoriale de qualit\u00e9, mais dont la contrainte \u00e9conomique balise les choix. Une mani\u00e8re de faire plus pragmatique. Et moins passionn\u00e9e?<\/p>\n\n\n\n<p class=\"wp-block-paragraph\"><strong>Vers le tout num\u00e9rique?<\/strong><\/p>\n\n\n\n<p class=\"wp-block-paragraph\">L&rsquo;\u00e9dition papier, un combat d&rsquo;arri\u00e8re-garde, face au d\u00e9veloppement du num\u00e9rique? Aucun des intervenants ne croit \u00e0 la fin du livre imprim\u00e9, qui peut \u00eatre un bel objet, <em>\u201cqui se laisse toucher et sentir\u201d<\/em>, pour reprendre les mots du mod\u00e9rateur. Mots qui feront \u00e9ructer un <em>\u201cpervers!\u201d<\/em> de la bouche d&rsquo;Ulrich. Trois secondes de silence. Menu reprends: <em>\u201cC&rsquo;est vrai que si un livre a une mauvaise odeur, on on peut jeter les exemplaires\u201d<\/em>.<\/p>\n\n\n\n<p class=\"wp-block-paragraph\">Un r\u00e9cent sondage du <em>Guardian<\/em> de Londres montre que la bataille n&rsquo;est pas perdue: 62% des 16-24 ans int\u00e9rrog\u00e9s disent pr\u00e9f\u00e9rer \u00e0 les livres imprim\u00e9s<a href=\"http:\/\/www.theguardian.com\/books\/2013\/nov\/25\/young-adult-readers-prefer-printed-ebooks\" target=\"_blank\" rel=\"noreferrer noopener\"><sup>1<\/sup><\/a>. <em>\u201cFaire quelque chose d&rsquo;interractif pour tablettes tactiles \u00e0 partir d&rsquo;une BD, pourquoi pas. Mais scanner une BD pour la lire sur un \u00e9cran n&rsquo;a pas grand int\u00e9r\u00eat\u201d<\/em>, estime Johann Ulrich.<\/p>\n\n\n\n<p class=\"wp-block-paragraph\">Une exposition, <strong>\u00ab\u00a0Motion Comics\u00a0\u00bb<\/strong> (la BD en mouvement), se positionne au\u00a0c\u0153ur du d\u00e9bat, avec une s\u00e9lection de projets innovants qui r\u00e9inventent la bande dessin\u00e9e au travers des nouvelles technologies.<\/p>\n\n\n\n<p class=\"wp-block-paragraph\">Il vous reste encore quelques jours pour d\u00e9couvrir l&rsquo;ensemble des expositions officielles et officieuses.<strong> <a href=\"http:\/\/www.fumetto.ch\" target=\"_blank\" rel=\"noreferrer noopener\">Le programme est ici<\/a><\/strong>.<\/p>\n\n\n\n<p class=\"wp-block-paragraph\"><em>Photo Monica Tarocco<\/em><\/p>\n\n\n\n<p class=\"wp-block-paragraph\">Journal de B\u00e2le et Gen\u00e8ve &#8211; 09.04.2014<\/p>\n<div id=\"crieu-4082614124\" class=\"crieu-apres-le-contenu crieu-entity-placement\" style=\"margin-left: auto;margin-right: auto;text-align: center;\"><script async src=\"\/\/pagead2.googlesyndication.com\/pagead\/js\/adsbygoogle.js?client=ca-pub-5271584769416742\" crossorigin=\"anonymous\"><\/script><ins class=\"adsbygoogle\" style=\"display:block;\" data-ad-client=\"ca-pub-5271584769416742\" \ndata-ad-slot=\"9321250718\" \ndata-ad-format=\"auto\"><\/ins>\n<script> \n(adsbygoogle = window.adsbygoogle || []).push({}); \n<\/script>\n<\/div>","protected":false},"excerpt":{"rendered":"<p>Des expositions de qualit\u00e9 et des tables rondes au programme de la 23e \u00e9dition du&nbsp; Festival de la BD Fumetto \u00e0 Lucerne, dont le succ\u00e8s ne se d\u00e9ment pas.<\/p>\n","protected":false},"author":3,"featured_media":94,"comment_status":"closed","ping_status":"closed","sticky":false,"template":"","format":"standard","meta":{"footnotes":""},"categories":[103,11,8],"tags":[20,93,248,246,228,28,247,249],"class_list":["post-3708","post","type-post","status-publish","format-standard","has-post-thumbnail","hentry","category-actu","category-art","category-suisse","tag-bande-dessinee","tag-festival","tag-fremok","tag-fumetto-festival","tag-jean-christophe-menu","tag-lucerne","tag-luzern","tag-peggy-adams"],"yoast_head":"<!-- This site is optimized with the Yoast SEO plugin v28.3 - https:\/\/yoast.com\/product\/yoast-seo-wordpress\/ -->\n<title>BD \u2013 \u201c\u00catre \u00e9diteur aujourd\u2019hui\u201d en d\u00e9bat au Festival Fumetto de Lucerne - Journal de B\u00e2le et Gen\u00e8ve<\/title>\n<meta name=\"robots\" content=\"index, follow, max-snippet:-1, max-image-preview:large, max-video-preview:-1\" \/>\n<link rel=\"canonical\" href=\"https:\/\/bale.ch\/journal\/bd-femetto_comic_festival_luzern_lucerne_2014\/\" \/>\n<meta property=\"og:locale\" content=\"fr_FR\" \/>\n<meta property=\"og:type\" content=\"article\" \/>\n<meta property=\"og:title\" content=\"BD \u2013 \u201c\u00catre \u00e9diteur aujourd\u2019hui\u201d en d\u00e9bat au Festival Fumetto de Lucerne - Journal de B\u00e2le et Gen\u00e8ve\" \/>\n<meta property=\"og:description\" content=\"Des expositions de qualit\u00e9 et des tables rondes au programme de la 23e \u00e9dition du&nbsp; Festival de la BD Fumetto \u00e0 Lucerne, dont le succ\u00e8s ne se d\u00e9ment pas.\" \/>\n<meta property=\"og:url\" content=\"https:\/\/bale.ch\/journal\/bd-femetto_comic_festival_luzern_lucerne_2014\/\" \/>\n<meta property=\"og:site_name\" content=\"Journal de B\u00e2le et Gen\u00e8ve\" \/>\n<meta property=\"article:published_time\" content=\"2014-04-09T14:47:00+00:00\" \/>\n<meta property=\"article:modified_time\" content=\"2026-05-03T07:53:26+00:00\" \/>\n<meta property=\"og:image\" content=\"https:\/\/bale.ch\/journal\/wp-content\/uploads\/2015\/10\/publishing_today_fumetto_2014.jpg\" \/>\n\t<meta property=\"og:image:width\" content=\"720\" \/>\n\t<meta property=\"og:image:height\" content=\"479\" \/>\n\t<meta property=\"og:image:type\" content=\"image\/jpeg\" \/>\n<meta name=\"author\" content=\"Alban Lavy\" \/>\n<meta name=\"twitter:card\" content=\"summary_large_image\" \/>\n<meta name=\"twitter:label1\" content=\"\u00c9crit par\" \/>\n\t<meta name=\"twitter:data1\" content=\"Alban Lavy\" \/>\n\t<meta name=\"twitter:label2\" content=\"Dur\u00e9e de lecture estim\u00e9e\" \/>\n\t<meta name=\"twitter:data2\" content=\"4 minutes\" \/>\n<script type=\"application\/ld+json\" class=\"yoast-schema-graph\">{\"@context\":\"https:\\\/\\\/schema.org\",\"@graph\":[{\"@type\":\"Article\",\"@id\":\"https:\\\/\\\/bale.ch\\\/journal\\\/bd-femetto_comic_festival_luzern_lucerne_2014\\\/#article\",\"isPartOf\":{\"@id\":\"https:\\\/\\\/bale.ch\\\/journal\\\/bd-femetto_comic_festival_luzern_lucerne_2014\\\/\"},\"author\":{\"name\":\"Alban Lavy\",\"@id\":\"https:\\\/\\\/bale.ch\\\/journal\\\/#\\\/schema\\\/person\\\/41bc7f908af0ffea5e38b8c5702e5626\"},\"headline\":\"BD \u2013 \u201c\u00catre \u00e9diteur aujourd\u2019hui\u201d en d\u00e9bat au Festival Fumetto de Lucerne\",\"datePublished\":\"2014-04-09T14:47:00+00:00\",\"dateModified\":\"2026-05-03T07:53:26+00:00\",\"mainEntityOfPage\":{\"@id\":\"https:\\\/\\\/bale.ch\\\/journal\\\/bd-femetto_comic_festival_luzern_lucerne_2014\\\/\"},\"wordCount\":822,\"publisher\":{\"@id\":\"https:\\\/\\\/bale.ch\\\/journal\\\/#organization\"},\"image\":{\"@id\":\"https:\\\/\\\/bale.ch\\\/journal\\\/bd-femetto_comic_festival_luzern_lucerne_2014\\\/#primaryimage\"},\"thumbnailUrl\":\"https:\\\/\\\/bale.ch\\\/journal\\\/wp-content\\\/uploads\\\/2015\\\/10\\\/publishing_today_fumetto_2014.jpg\",\"keywords\":[\"bande dessin\u00e9e\",\"festival\",\"Fr\u00e9mok\",\"Fumetto Festival\",\"Jean-Christophe Menu\",\"Lucerne\",\"Luzern\",\"Peggy Adams\"],\"articleSection\":[\"Actualit\u00e9s\",\"Art\",\"Suisse\"],\"inLanguage\":\"fr-FR\"},{\"@type\":\"WebPage\",\"@id\":\"https:\\\/\\\/bale.ch\\\/journal\\\/bd-femetto_comic_festival_luzern_lucerne_2014\\\/\",\"url\":\"https:\\\/\\\/bale.ch\\\/journal\\\/bd-femetto_comic_festival_luzern_lucerne_2014\\\/\",\"name\":\"BD \u2013 \u201c\u00catre \u00e9diteur aujourd\u2019hui\u201d en d\u00e9bat au Festival Fumetto de Lucerne - Journal de B\u00e2le et Gen\u00e8ve\",\"isPartOf\":{\"@id\":\"https:\\\/\\\/bale.ch\\\/journal\\\/#website\"},\"primaryImageOfPage\":{\"@id\":\"https:\\\/\\\/bale.ch\\\/journal\\\/bd-femetto_comic_festival_luzern_lucerne_2014\\\/#primaryimage\"},\"image\":{\"@id\":\"https:\\\/\\\/bale.ch\\\/journal\\\/bd-femetto_comic_festival_luzern_lucerne_2014\\\/#primaryimage\"},\"thumbnailUrl\":\"https:\\\/\\\/bale.ch\\\/journal\\\/wp-content\\\/uploads\\\/2015\\\/10\\\/publishing_today_fumetto_2014.jpg\",\"datePublished\":\"2014-04-09T14:47:00+00:00\",\"dateModified\":\"2026-05-03T07:53:26+00:00\",\"breadcrumb\":{\"@id\":\"https:\\\/\\\/bale.ch\\\/journal\\\/bd-femetto_comic_festival_luzern_lucerne_2014\\\/#breadcrumb\"},\"inLanguage\":\"fr-FR\",\"potentialAction\":[{\"@type\":\"ReadAction\",\"target\":[\"https:\\\/\\\/bale.ch\\\/journal\\\/bd-femetto_comic_festival_luzern_lucerne_2014\\\/\"]}]},{\"@type\":\"ImageObject\",\"inLanguage\":\"fr-FR\",\"@id\":\"https:\\\/\\\/bale.ch\\\/journal\\\/bd-femetto_comic_festival_luzern_lucerne_2014\\\/#primaryimage\",\"url\":\"https:\\\/\\\/bale.ch\\\/journal\\\/wp-content\\\/uploads\\\/2015\\\/10\\\/publishing_today_fumetto_2014.jpg\",\"contentUrl\":\"https:\\\/\\\/bale.ch\\\/journal\\\/wp-content\\\/uploads\\\/2015\\\/10\\\/publishing_today_fumetto_2014.jpg\",\"width\":720,\"height\":479,\"caption\":\"Photo Monica Tarocco\"},{\"@type\":\"BreadcrumbList\",\"@id\":\"https:\\\/\\\/bale.ch\\\/journal\\\/bd-femetto_comic_festival_luzern_lucerne_2014\\\/#breadcrumb\",\"itemListElement\":[{\"@type\":\"ListItem\",\"position\":1,\"name\":\"Accueil\",\"item\":\"https:\\\/\\\/bale.ch\\\/journal\\\/\"},{\"@type\":\"ListItem\",\"position\":2,\"name\":\"BD \u2013 \u201c\u00catre \u00e9diteur aujourd\u2019hui\u201d en d\u00e9bat au Festival Fumetto de Lucerne\"}]},{\"@type\":\"WebSite\",\"@id\":\"https:\\\/\\\/bale.ch\\\/journal\\\/#website\",\"url\":\"https:\\\/\\\/bale.ch\\\/journal\\\/\",\"name\":\"Journal de B\u00e2le et Gen\u00e8ve\",\"description\":\"M\u00e9dia transfrontalier d&#039;actualit\u00e9s - News\",\"publisher\":{\"@id\":\"https:\\\/\\\/bale.ch\\\/journal\\\/#organization\"},\"potentialAction\":[{\"@type\":\"SearchAction\",\"target\":{\"@type\":\"EntryPoint\",\"urlTemplate\":\"https:\\\/\\\/bale.ch\\\/journal\\\/?s={search_term_string}\"},\"query-input\":{\"@type\":\"PropertyValueSpecification\",\"valueRequired\":true,\"valueName\":\"search_term_string\"}}],\"inLanguage\":\"fr-FR\"},{\"@type\":\"Organization\",\"@id\":\"https:\\\/\\\/bale.ch\\\/journal\\\/#organization\",\"name\":\"Journal de B\u00e2le et Gen\u00e8ve\",\"url\":\"https:\\\/\\\/bale.ch\\\/journal\\\/\",\"logo\":{\"@type\":\"ImageObject\",\"inLanguage\":\"fr-FR\",\"@id\":\"https:\\\/\\\/bale.ch\\\/journal\\\/#\\\/schema\\\/logo\\\/image\\\/\",\"url\":\"https:\\\/\\\/bale.ch\\\/journal\\\/wp-content\\\/uploads\\\/2023\\\/07\\\/journaldebale_logo_2023_nb.png\",\"contentUrl\":\"https:\\\/\\\/bale.ch\\\/journal\\\/wp-content\\\/uploads\\\/2023\\\/07\\\/journaldebale_logo_2023_nb.png\",\"width\":371,\"height\":127,\"caption\":\"Journal de B\u00e2le et Gen\u00e8ve\"},\"image\":{\"@id\":\"https:\\\/\\\/bale.ch\\\/journal\\\/#\\\/schema\\\/logo\\\/image\\\/\"}},{\"@type\":\"Person\",\"@id\":\"https:\\\/\\\/bale.ch\\\/journal\\\/#\\\/schema\\\/person\\\/41bc7f908af0ffea5e38b8c5702e5626\",\"name\":\"Alban Lavy\",\"image\":{\"@type\":\"ImageObject\",\"inLanguage\":\"fr-FR\",\"@id\":\"https:\\\/\\\/secure.gravatar.com\\\/avatar\\\/4978c5bb7295400e15bebf9881bc4db7866592bc59ffa2f62511214a10f68804?s=96&d=mm&r=g\",\"url\":\"https:\\\/\\\/secure.gravatar.com\\\/avatar\\\/4978c5bb7295400e15bebf9881bc4db7866592bc59ffa2f62511214a10f68804?s=96&d=mm&r=g\",\"contentUrl\":\"https:\\\/\\\/secure.gravatar.com\\\/avatar\\\/4978c5bb7295400e15bebf9881bc4db7866592bc59ffa2f62511214a10f68804?s=96&d=mm&r=g\",\"caption\":\"Alban Lavy\"},\"sameAs\":[\"http:\\\/\\\/bale.ch\\\/administration\\\/zeitung\\\/albanlavy\\\/\"],\"url\":\"https:\\\/\\\/bale.ch\\\/journal\\\/author\\\/lavy\\\/\"}]}<\/script>\n<!-- \/ Yoast SEO plugin. -->","yoast_head_json":{"title":"BD \u2013 \u201c\u00catre \u00e9diteur aujourd\u2019hui\u201d en d\u00e9bat au Festival Fumetto de Lucerne - Journal de B\u00e2le et Gen\u00e8ve","robots":{"index":"index","follow":"follow","max-snippet":"max-snippet:-1","max-image-preview":"max-image-preview:large","max-video-preview":"max-video-preview:-1"},"canonical":"https:\/\/bale.ch\/journal\/bd-femetto_comic_festival_luzern_lucerne_2014\/","og_locale":"fr_FR","og_type":"article","og_title":"BD \u2013 \u201c\u00catre \u00e9diteur aujourd\u2019hui\u201d en d\u00e9bat au Festival Fumetto de Lucerne - Journal de B\u00e2le et Gen\u00e8ve","og_description":"Des expositions de qualit\u00e9 et des tables rondes au programme de la 23e \u00e9dition du&nbsp; Festival de la BD Fumetto \u00e0 Lucerne, dont le succ\u00e8s ne se d\u00e9ment pas.","og_url":"https:\/\/bale.ch\/journal\/bd-femetto_comic_festival_luzern_lucerne_2014\/","og_site_name":"Journal de B\u00e2le et Gen\u00e8ve","article_published_time":"2014-04-09T14:47:00+00:00","article_modified_time":"2026-05-03T07:53:26+00:00","og_image":[{"width":720,"height":479,"url":"https:\/\/bale.ch\/journal\/wp-content\/uploads\/2015\/10\/publishing_today_fumetto_2014.jpg","type":"image\/jpeg"}],"author":"Alban Lavy","twitter_card":"summary_large_image","twitter_misc":{"\u00c9crit par":"Alban Lavy","Dur\u00e9e de lecture estim\u00e9e":"4 minutes"},"schema":{"@context":"https:\/\/schema.org","@graph":[{"@type":"Article","@id":"https:\/\/bale.ch\/journal\/bd-femetto_comic_festival_luzern_lucerne_2014\/#article","isPartOf":{"@id":"https:\/\/bale.ch\/journal\/bd-femetto_comic_festival_luzern_lucerne_2014\/"},"author":{"name":"Alban Lavy","@id":"https:\/\/bale.ch\/journal\/#\/schema\/person\/41bc7f908af0ffea5e38b8c5702e5626"},"headline":"BD \u2013 \u201c\u00catre \u00e9diteur aujourd\u2019hui\u201d en d\u00e9bat au Festival Fumetto de Lucerne","datePublished":"2014-04-09T14:47:00+00:00","dateModified":"2026-05-03T07:53:26+00:00","mainEntityOfPage":{"@id":"https:\/\/bale.ch\/journal\/bd-femetto_comic_festival_luzern_lucerne_2014\/"},"wordCount":822,"publisher":{"@id":"https:\/\/bale.ch\/journal\/#organization"},"image":{"@id":"https:\/\/bale.ch\/journal\/bd-femetto_comic_festival_luzern_lucerne_2014\/#primaryimage"},"thumbnailUrl":"https:\/\/bale.ch\/journal\/wp-content\/uploads\/2015\/10\/publishing_today_fumetto_2014.jpg","keywords":["bande dessin\u00e9e","festival","Fr\u00e9mok","Fumetto Festival","Jean-Christophe Menu","Lucerne","Luzern","Peggy Adams"],"articleSection":["Actualit\u00e9s","Art","Suisse"],"inLanguage":"fr-FR"},{"@type":"WebPage","@id":"https:\/\/bale.ch\/journal\/bd-femetto_comic_festival_luzern_lucerne_2014\/","url":"https:\/\/bale.ch\/journal\/bd-femetto_comic_festival_luzern_lucerne_2014\/","name":"BD \u2013 \u201c\u00catre \u00e9diteur aujourd\u2019hui\u201d en d\u00e9bat au Festival Fumetto de Lucerne - Journal de B\u00e2le et Gen\u00e8ve","isPartOf":{"@id":"https:\/\/bale.ch\/journal\/#website"},"primaryImageOfPage":{"@id":"https:\/\/bale.ch\/journal\/bd-femetto_comic_festival_luzern_lucerne_2014\/#primaryimage"},"image":{"@id":"https:\/\/bale.ch\/journal\/bd-femetto_comic_festival_luzern_lucerne_2014\/#primaryimage"},"thumbnailUrl":"https:\/\/bale.ch\/journal\/wp-content\/uploads\/2015\/10\/publishing_today_fumetto_2014.jpg","datePublished":"2014-04-09T14:47:00+00:00","dateModified":"2026-05-03T07:53:26+00:00","breadcrumb":{"@id":"https:\/\/bale.ch\/journal\/bd-femetto_comic_festival_luzern_lucerne_2014\/#breadcrumb"},"inLanguage":"fr-FR","potentialAction":[{"@type":"ReadAction","target":["https:\/\/bale.ch\/journal\/bd-femetto_comic_festival_luzern_lucerne_2014\/"]}]},{"@type":"ImageObject","inLanguage":"fr-FR","@id":"https:\/\/bale.ch\/journal\/bd-femetto_comic_festival_luzern_lucerne_2014\/#primaryimage","url":"https:\/\/bale.ch\/journal\/wp-content\/uploads\/2015\/10\/publishing_today_fumetto_2014.jpg","contentUrl":"https:\/\/bale.ch\/journal\/wp-content\/uploads\/2015\/10\/publishing_today_fumetto_2014.jpg","width":720,"height":479,"caption":"Photo Monica Tarocco"},{"@type":"BreadcrumbList","@id":"https:\/\/bale.ch\/journal\/bd-femetto_comic_festival_luzern_lucerne_2014\/#breadcrumb","itemListElement":[{"@type":"ListItem","position":1,"name":"Accueil","item":"https:\/\/bale.ch\/journal\/"},{"@type":"ListItem","position":2,"name":"BD \u2013 \u201c\u00catre \u00e9diteur aujourd\u2019hui\u201d en d\u00e9bat au Festival Fumetto de Lucerne"}]},{"@type":"WebSite","@id":"https:\/\/bale.ch\/journal\/#website","url":"https:\/\/bale.ch\/journal\/","name":"Journal de B\u00e2le et Gen\u00e8ve","description":"M\u00e9dia transfrontalier d&#039;actualit\u00e9s - News","publisher":{"@id":"https:\/\/bale.ch\/journal\/#organization"},"potentialAction":[{"@type":"SearchAction","target":{"@type":"EntryPoint","urlTemplate":"https:\/\/bale.ch\/journal\/?s={search_term_string}"},"query-input":{"@type":"PropertyValueSpecification","valueRequired":true,"valueName":"search_term_string"}}],"inLanguage":"fr-FR"},{"@type":"Organization","@id":"https:\/\/bale.ch\/journal\/#organization","name":"Journal de B\u00e2le et Gen\u00e8ve","url":"https:\/\/bale.ch\/journal\/","logo":{"@type":"ImageObject","inLanguage":"fr-FR","@id":"https:\/\/bale.ch\/journal\/#\/schema\/logo\/image\/","url":"https:\/\/bale.ch\/journal\/wp-content\/uploads\/2023\/07\/journaldebale_logo_2023_nb.png","contentUrl":"https:\/\/bale.ch\/journal\/wp-content\/uploads\/2023\/07\/journaldebale_logo_2023_nb.png","width":371,"height":127,"caption":"Journal de B\u00e2le et Gen\u00e8ve"},"image":{"@id":"https:\/\/bale.ch\/journal\/#\/schema\/logo\/image\/"}},{"@type":"Person","@id":"https:\/\/bale.ch\/journal\/#\/schema\/person\/41bc7f908af0ffea5e38b8c5702e5626","name":"Alban Lavy","image":{"@type":"ImageObject","inLanguage":"fr-FR","@id":"https:\/\/secure.gravatar.com\/avatar\/4978c5bb7295400e15bebf9881bc4db7866592bc59ffa2f62511214a10f68804?s=96&d=mm&r=g","url":"https:\/\/secure.gravatar.com\/avatar\/4978c5bb7295400e15bebf9881bc4db7866592bc59ffa2f62511214a10f68804?s=96&d=mm&r=g","contentUrl":"https:\/\/secure.gravatar.com\/avatar\/4978c5bb7295400e15bebf9881bc4db7866592bc59ffa2f62511214a10f68804?s=96&d=mm&r=g","caption":"Alban Lavy"},"sameAs":["http:\/\/bale.ch\/administration\/zeitung\/albanlavy\/"],"url":"https:\/\/bale.ch\/journal\/author\/lavy\/"}]}},"_links":{"self":[{"href":"https:\/\/bale.ch\/journal\/wp-json\/wp\/v2\/posts\/3708","targetHints":{"allow":["GET"]}}],"collection":[{"href":"https:\/\/bale.ch\/journal\/wp-json\/wp\/v2\/posts"}],"about":[{"href":"https:\/\/bale.ch\/journal\/wp-json\/wp\/v2\/types\/post"}],"author":[{"embeddable":true,"href":"https:\/\/bale.ch\/journal\/wp-json\/wp\/v2\/users\/3"}],"replies":[{"embeddable":true,"href":"https:\/\/bale.ch\/journal\/wp-json\/wp\/v2\/comments?post=3708"}],"version-history":[{"count":3,"href":"https:\/\/bale.ch\/journal\/wp-json\/wp\/v2\/posts\/3708\/revisions"}],"predecessor-version":[{"id":3712,"href":"https:\/\/bale.ch\/journal\/wp-json\/wp\/v2\/posts\/3708\/revisions\/3712"}],"wp:featuredmedia":[{"embeddable":true,"href":"https:\/\/bale.ch\/journal\/wp-json\/wp\/v2\/media\/94"}],"wp:attachment":[{"href":"https:\/\/bale.ch\/journal\/wp-json\/wp\/v2\/media?parent=3708"}],"wp:term":[{"taxonomy":"category","embeddable":true,"href":"https:\/\/bale.ch\/journal\/wp-json\/wp\/v2\/categories?post=3708"},{"taxonomy":"post_tag","embeddable":true,"href":"https:\/\/bale.ch\/journal\/wp-json\/wp\/v2\/tags?post=3708"}],"curies":[{"name":"wp","href":"https:\/\/api.w.org\/{rel}","templated":true}]}}