{"id":3732,"date":"2025-03-12T09:41:40","date_gmt":"2025-03-12T09:41:40","guid":{"rendered":"https:\/\/bale.ch\/journal\/?p=3732"},"modified":"2025-03-12T09:45:25","modified_gmt":"2025-03-12T09:45:25","slug":"geneve-jusquou-va-la-liberte-dexpression-questionne-le-fifdh","status":"publish","type":"post","link":"https:\/\/bale.ch\/journal\/geneve-jusquou-va-la-liberte-dexpression-questionne-le-fifdh\/","title":{"rendered":"Gen\u00e8ve: \u00ab\u00a0jusqu\u2019o\u00f9 va la libert\u00e9 d\u2019expression?\u00a0\u00bb, questionne le FIFDH"},"content":{"rendered":"\n<p class=\"wp-block-paragraph\"><strong>Dans le cadre du &nbsp;Festival du film et forum international sur les&nbsp;droits humains (FIFDH) qui se tient jusqu&rsquo;au 16 mars \u00e0 Gen\u00e8ve, une visite guid\u00e9e intitul\u00e9e \u00ab\u00a0la colline aux pirates\u00a0\u00bb, cens\u00e9e se d\u00e9rouler durant les deux week-ends du festival, devait faire la lumi\u00e8re sur de grandes affaires de criminalit\u00e9 \u00e9conomique et questionner le r\u00f4le de la Suisse. Suite au refus d\u2019autorisation de la commune genevoise de Cologny qui aurait d\u00fb accueillir l&rsquo;\u00e9v\u00e9nement, un recours a \u00e9t\u00e9 d\u00e9pos\u00e9 par les journalistes \u00e0 l\u2019origine du projet mais, dans l\u2019attente du verdict, le FIFDH a \u00e9t\u00e9 contraint d\u2019annuler les visites pr\u00e9vues. <\/strong><\/p>\n\n\n\n<p class=\"wp-block-paragraph\">Cependant, certaines \u00e9tapes du tour \u00e9crit par les journalistes Antoine Harari et Gabriel Tejedor et men\u00e9 par l\u2019acteur Sarkis Ohanessian seront donc d\u00e9voil\u00e9es lors d\u2019une pr\u00e9sentation vid\u00e9o. Cette soir\u00e9e sp\u00e9ciale se poursuivra ensuite par un d\u00e9bat qui analysera la tension croissante qui existe entre la libert\u00e9 d\u2019information et le respect du droit \u00e0 la personnalit\u00e9. La commune a invoqu\u00e9 des raisons de maintien de l\u2019ordre public et une atteinte potentielle \u00e0 l\u2019image de ses habitant\u00b7es. <em>\u00ab\u00a0Mais cette interdiction ne constitue-t-elle pas une menace pour la libert\u00e9 d\u2019expression et le droit du public \u00e0 \u00eatre inform\u00e9?\u00a0\u00bb<\/em>, questionne la direction du Festival. Laila Alonso, co-directrice du <a href=\"https:\/\/fifdh.org\/\"><strong>FIFDH<\/strong><\/a>, interviendra \u00e9galement \u00e0 ce sujet ainsi qu\u2019Olivier Peter, avocat d\u00e9fenseur des droits humains, Isabelle Cornaz, pr\u00e9sidente de Reporters sans fronti\u00e8res Suisse ou encore Agathe Duparc, enqu\u00eatrice \u00e0 Public Eye.<\/p>\n\n\n\n<p class=\"wp-block-paragraph\"><em>Mercredi 12 mars 2025, 19h30 \u00e0 la Maison Internationale des Associations, rue des Savoises 15. Entr\u00e9e libre.<\/em><\/p><div id=\"crieu-121969372\" class=\"crieu-content crieu-entity-placement\"><script async src=\"\/\/pagead2.googlesyndication.com\/pagead\/js\/adsbygoogle.js?client=ca-pub-5271584769416742\" crossorigin=\"anonymous\"><\/script><ins class=\"adsbygoogle\" style=\"display:block;\" data-ad-client=\"ca-pub-5271584769416742\" \ndata-ad-slot=\"9321250718\" \ndata-ad-format=\"auto\"><\/ins>\n<script> \n(adsbygoogle = window.adsbygoogle || []).push({}); \n<\/script>\n<\/div>\n\n\n\n<h2 class=\"wp-block-heading\">Lire aussi:<\/h2>\n\n\n\n<figure class=\"wp-block-embed is-type-wp-embed is-provider-journal-de-b-le-et-gen-ve wp-block-embed-journal-de-b-le-et-gen-ve\"><div class=\"wp-block-embed__wrapper\">\n<blockquote class=\"wp-embedded-content\" data-secret=\"WEFUVSizaO\"><a href=\"https:\/\/bale.ch\/journal\/droits-humains-le-fifdh-entre-colere-et-tendresse\/\">Droits humains: le FIFDH entre col\u00e8re et tendresse<\/a><\/blockquote><iframe loading=\"lazy\" class=\"wp-embedded-content\" sandbox=\"allow-scripts\" security=\"restricted\" style=\"position: absolute; visibility: hidden;\" title=\"\u00ab\u00a0Droits humains: le FIFDH entre col\u00e8re et tendresse\u00a0\u00bb &#8212; Journal de B\u00e2le et Gen\u00e8ve\" src=\"https:\/\/bale.ch\/journal\/droits-humains-le-fifdh-entre-colere-et-tendresse\/embed\/#?secret=OTtrzzdQ0B#?secret=WEFUVSizaO\" data-secret=\"WEFUVSizaO\" width=\"600\" height=\"338\" frameborder=\"0\" marginwidth=\"0\" marginheight=\"0\" scrolling=\"no\"><\/iframe>\n<\/div><\/figure>\n<div id=\"crieu-4288623990\" class=\"crieu-apres-le-contenu crieu-entity-placement\" style=\"margin-left: auto;margin-right: auto;text-align: center;\"><script async src=\"\/\/pagead2.googlesyndication.com\/pagead\/js\/adsbygoogle.js?client=ca-pub-5271584769416742\" crossorigin=\"anonymous\"><\/script><ins class=\"adsbygoogle\" style=\"display:block;\" data-ad-client=\"ca-pub-5271584769416742\" \ndata-ad-slot=\"9321250718\" \ndata-ad-format=\"auto\"><\/ins>\n<script> \n(adsbygoogle = window.adsbygoogle || []).push({}); \n<\/script>\n<\/div>","protected":false},"excerpt":{"rendered":"<p>Dans le cadre du &nbsp;Festival du film et forum international sur les&nbsp;droits humains (FIFDH) qui se tient jusqu&rsquo;au 16 mars \u00e0 Gen\u00e8ve, une visite guid\u00e9e intitul\u00e9e \u00ab\u00a0la colline aux pirates\u00a0\u00bb, <a href=\"https:\/\/bale.ch\/journal\/geneve-jusquou-va-la-liberte-dexpression-questionne-le-fifdh\/\" class=\"read-more button-fancy -red\"><span class=\"btn-arrow\"><\/span><span class=\"twp-read-more text\">Continuer la lecture<\/span><\/a><\/p>\n","protected":false},"author":2,"featured_media":3733,"comment_status":"closed","ping_status":"closed","sticky":false,"template":"","format":"standard","meta":{"footnotes":""},"categories":[103,4],"tags":[131,93,74],"class_list":["post-3732","post","type-post","status-publish","format-standard","has-post-thumbnail","hentry","category-actu","category-grand-geneve","tag-droits-humains","tag-festival","tag-geneve"],"yoast_head":"<!-- This site is optimized with the Yoast SEO plugin v28.3 - https:\/\/yoast.com\/product\/yoast-seo-wordpress\/ -->\n<title>Gen\u00e8ve: &quot;jusqu\u2019o\u00f9 va la libert\u00e9 d\u2019expression?&quot;, questionne le FIFDH - Journal de B\u00e2le et Gen\u00e8ve<\/title>\n<meta name=\"robots\" content=\"index, follow, max-snippet:-1, max-image-preview:large, max-video-preview:-1\" \/>\n<link rel=\"canonical\" href=\"https:\/\/bale.ch\/journal\/geneve-jusquou-va-la-liberte-dexpression-questionne-le-fifdh\/\" \/>\n<meta property=\"og:locale\" content=\"fr_FR\" \/>\n<meta property=\"og:type\" content=\"article\" \/>\n<meta property=\"og:title\" content=\"Gen\u00e8ve: &quot;jusqu\u2019o\u00f9 va la libert\u00e9 d\u2019expression?&quot;, questionne le FIFDH - Journal de B\u00e2le et Gen\u00e8ve\" \/>\n<meta property=\"og:description\" content=\"Dans le cadre du &nbsp;Festival du film et forum international sur les&nbsp;droits humains (FIFDH) qui se tient jusqu&rsquo;au 16 mars \u00e0 Gen\u00e8ve, une visite guid\u00e9e intitul\u00e9e \u00ab\u00a0la colline aux pirates\u00a0\u00bb, Continuer la lecture\" \/>\n<meta property=\"og:url\" content=\"https:\/\/bale.ch\/journal\/geneve-jusquou-va-la-liberte-dexpression-questionne-le-fifdh\/\" \/>\n<meta property=\"og:site_name\" content=\"Journal de B\u00e2le et Gen\u00e8ve\" \/>\n<meta property=\"article:published_time\" content=\"2025-03-12T09:41:40+00:00\" \/>\n<meta property=\"article:modified_time\" content=\"2025-03-12T09:45:25+00:00\" \/>\n<meta property=\"og:image\" content=\"https:\/\/bale.ch\/journal\/wp-content\/uploads\/2025\/03\/cologny.png\" \/>\n\t<meta property=\"og:image:width\" content=\"1076\" \/>\n\t<meta property=\"og:image:height\" content=\"605\" \/>\n\t<meta property=\"og:image:type\" content=\"image\/png\" \/>\n<meta name=\"author\" content=\"La R\u00e9daction\" \/>\n<meta name=\"twitter:card\" content=\"summary_large_image\" \/>\n<meta name=\"twitter:label1\" content=\"\u00c9crit par\" \/>\n\t<meta name=\"twitter:data1\" content=\"La R\u00e9daction\" \/>\n\t<meta name=\"twitter:label2\" content=\"Dur\u00e9e de lecture estim\u00e9e\" \/>\n\t<meta name=\"twitter:data2\" content=\"1 minute\" \/>\n<script type=\"application\/ld+json\" class=\"yoast-schema-graph\">{\"@context\":\"https:\\\/\\\/schema.org\",\"@graph\":[{\"@type\":\"Article\",\"@id\":\"https:\\\/\\\/bale.ch\\\/journal\\\/geneve-jusquou-va-la-liberte-dexpression-questionne-le-fifdh\\\/#article\",\"isPartOf\":{\"@id\":\"https:\\\/\\\/bale.ch\\\/journal\\\/geneve-jusquou-va-la-liberte-dexpression-questionne-le-fifdh\\\/\"},\"author\":{\"name\":\"La R\u00e9daction\",\"@id\":\"https:\\\/\\\/bale.ch\\\/journal\\\/#\\\/schema\\\/person\\\/03ced978db3b7a5274c5cef003f352f5\"},\"headline\":\"Gen\u00e8ve: \u00ab\u00a0jusqu\u2019o\u00f9 va la libert\u00e9 d\u2019expression?\u00a0\u00bb, questionne le FIFDH\",\"datePublished\":\"2025-03-12T09:41:40+00:00\",\"dateModified\":\"2025-03-12T09:45:25+00:00\",\"mainEntityOfPage\":{\"@id\":\"https:\\\/\\\/bale.ch\\\/journal\\\/geneve-jusquou-va-la-liberte-dexpression-questionne-le-fifdh\\\/\"},\"wordCount\":295,\"publisher\":{\"@id\":\"https:\\\/\\\/bale.ch\\\/journal\\\/#organization\"},\"image\":{\"@id\":\"https:\\\/\\\/bale.ch\\\/journal\\\/geneve-jusquou-va-la-liberte-dexpression-questionne-le-fifdh\\\/#primaryimage\"},\"thumbnailUrl\":\"https:\\\/\\\/bale.ch\\\/journal\\\/wp-content\\\/uploads\\\/2025\\\/03\\\/cologny.png\",\"keywords\":[\"Droits humains\",\"festival\",\"Gen\u00e8ve\"],\"articleSection\":[\"Actualit\u00e9s\",\"Grand Gen\u00e8ve\"],\"inLanguage\":\"fr-FR\"},{\"@type\":\"WebPage\",\"@id\":\"https:\\\/\\\/bale.ch\\\/journal\\\/geneve-jusquou-va-la-liberte-dexpression-questionne-le-fifdh\\\/\",\"url\":\"https:\\\/\\\/bale.ch\\\/journal\\\/geneve-jusquou-va-la-liberte-dexpression-questionne-le-fifdh\\\/\",\"name\":\"Gen\u00e8ve: \\\"jusqu\u2019o\u00f9 va la libert\u00e9 d\u2019expression?\\\", questionne le FIFDH - Journal de B\u00e2le et Gen\u00e8ve\",\"isPartOf\":{\"@id\":\"https:\\\/\\\/bale.ch\\\/journal\\\/#website\"},\"primaryImageOfPage\":{\"@id\":\"https:\\\/\\\/bale.ch\\\/journal\\\/geneve-jusquou-va-la-liberte-dexpression-questionne-le-fifdh\\\/#primaryimage\"},\"image\":{\"@id\":\"https:\\\/\\\/bale.ch\\\/journal\\\/geneve-jusquou-va-la-liberte-dexpression-questionne-le-fifdh\\\/#primaryimage\"},\"thumbnailUrl\":\"https:\\\/\\\/bale.ch\\\/journal\\\/wp-content\\\/uploads\\\/2025\\\/03\\\/cologny.png\",\"datePublished\":\"2025-03-12T09:41:40+00:00\",\"dateModified\":\"2025-03-12T09:45:25+00:00\",\"breadcrumb\":{\"@id\":\"https:\\\/\\\/bale.ch\\\/journal\\\/geneve-jusquou-va-la-liberte-dexpression-questionne-le-fifdh\\\/#breadcrumb\"},\"inLanguage\":\"fr-FR\",\"potentialAction\":[{\"@type\":\"ReadAction\",\"target\":[\"https:\\\/\\\/bale.ch\\\/journal\\\/geneve-jusquou-va-la-liberte-dexpression-questionne-le-fifdh\\\/\"]}]},{\"@type\":\"ImageObject\",\"inLanguage\":\"fr-FR\",\"@id\":\"https:\\\/\\\/bale.ch\\\/journal\\\/geneve-jusquou-va-la-liberte-dexpression-questionne-le-fifdh\\\/#primaryimage\",\"url\":\"https:\\\/\\\/bale.ch\\\/journal\\\/wp-content\\\/uploads\\\/2025\\\/03\\\/cologny.png\",\"contentUrl\":\"https:\\\/\\\/bale.ch\\\/journal\\\/wp-content\\\/uploads\\\/2025\\\/03\\\/cologny.png\",\"width\":1076,\"height\":605},{\"@type\":\"BreadcrumbList\",\"@id\":\"https:\\\/\\\/bale.ch\\\/journal\\\/geneve-jusquou-va-la-liberte-dexpression-questionne-le-fifdh\\\/#breadcrumb\",\"itemListElement\":[{\"@type\":\"ListItem\",\"position\":1,\"name\":\"Accueil\",\"item\":\"https:\\\/\\\/bale.ch\\\/journal\\\/\"},{\"@type\":\"ListItem\",\"position\":2,\"name\":\"Gen\u00e8ve: \u00ab\u00a0jusqu\u2019o\u00f9 va la libert\u00e9 d\u2019expression?\u00a0\u00bb, questionne le FIFDH\"}]},{\"@type\":\"WebSite\",\"@id\":\"https:\\\/\\\/bale.ch\\\/journal\\\/#website\",\"url\":\"https:\\\/\\\/bale.ch\\\/journal\\\/\",\"name\":\"Journal de B\u00e2le et Gen\u00e8ve\",\"description\":\"M\u00e9dia transfrontalier d&#039;actualit\u00e9s - News\",\"publisher\":{\"@id\":\"https:\\\/\\\/bale.ch\\\/journal\\\/#organization\"},\"potentialAction\":[{\"@type\":\"SearchAction\",\"target\":{\"@type\":\"EntryPoint\",\"urlTemplate\":\"https:\\\/\\\/bale.ch\\\/journal\\\/?s={search_term_string}\"},\"query-input\":{\"@type\":\"PropertyValueSpecification\",\"valueRequired\":true,\"valueName\":\"search_term_string\"}}],\"inLanguage\":\"fr-FR\"},{\"@type\":\"Organization\",\"@id\":\"https:\\\/\\\/bale.ch\\\/journal\\\/#organization\",\"name\":\"Journal de B\u00e2le et Gen\u00e8ve\",\"url\":\"https:\\\/\\\/bale.ch\\\/journal\\\/\",\"logo\":{\"@type\":\"ImageObject\",\"inLanguage\":\"fr-FR\",\"@id\":\"https:\\\/\\\/bale.ch\\\/journal\\\/#\\\/schema\\\/logo\\\/image\\\/\",\"url\":\"https:\\\/\\\/bale.ch\\\/journal\\\/wp-content\\\/uploads\\\/2023\\\/07\\\/journaldebale_logo_2023_nb.png\",\"contentUrl\":\"https:\\\/\\\/bale.ch\\\/journal\\\/wp-content\\\/uploads\\\/2023\\\/07\\\/journaldebale_logo_2023_nb.png\",\"width\":371,\"height\":127,\"caption\":\"Journal de B\u00e2le et Gen\u00e8ve\"},\"image\":{\"@id\":\"https:\\\/\\\/bale.ch\\\/journal\\\/#\\\/schema\\\/logo\\\/image\\\/\"}},{\"@type\":\"Person\",\"@id\":\"https:\\\/\\\/bale.ch\\\/journal\\\/#\\\/schema\\\/person\\\/03ced978db3b7a5274c5cef003f352f5\",\"name\":\"La R\u00e9daction\",\"image\":{\"@type\":\"ImageObject\",\"inLanguage\":\"fr-FR\",\"@id\":\"https:\\\/\\\/secure.gravatar.com\\\/avatar\\\/d1327e2ce8d2b860112f968a3f34686c9bdda7a463a1502cdd1070ac9d88cf1e?s=96&d=mm&r=g\",\"url\":\"https:\\\/\\\/secure.gravatar.com\\\/avatar\\\/d1327e2ce8d2b860112f968a3f34686c9bdda7a463a1502cdd1070ac9d88cf1e?s=96&d=mm&r=g\",\"contentUrl\":\"https:\\\/\\\/secure.gravatar.com\\\/avatar\\\/d1327e2ce8d2b860112f968a3f34686c9bdda7a463a1502cdd1070ac9d88cf1e?s=96&d=mm&r=g\",\"caption\":\"La R\u00e9daction\"},\"url\":\"https:\\\/\\\/bale.ch\\\/journal\\\/author\\\/laredaction\\\/\"}]}<\/script>\n<!-- \/ Yoast SEO plugin. -->","yoast_head_json":{"title":"Gen\u00e8ve: \"jusqu\u2019o\u00f9 va la libert\u00e9 d\u2019expression?\", questionne le FIFDH - Journal de B\u00e2le et Gen\u00e8ve","robots":{"index":"index","follow":"follow","max-snippet":"max-snippet:-1","max-image-preview":"max-image-preview:large","max-video-preview":"max-video-preview:-1"},"canonical":"https:\/\/bale.ch\/journal\/geneve-jusquou-va-la-liberte-dexpression-questionne-le-fifdh\/","og_locale":"fr_FR","og_type":"article","og_title":"Gen\u00e8ve: \"jusqu\u2019o\u00f9 va la libert\u00e9 d\u2019expression?\", questionne le FIFDH - Journal de B\u00e2le et Gen\u00e8ve","og_description":"Dans le cadre du &nbsp;Festival du film et forum international sur les&nbsp;droits humains (FIFDH) qui se tient jusqu&rsquo;au 16 mars \u00e0 Gen\u00e8ve, une visite guid\u00e9e intitul\u00e9e \u00ab\u00a0la colline aux pirates\u00a0\u00bb, Continuer la lecture","og_url":"https:\/\/bale.ch\/journal\/geneve-jusquou-va-la-liberte-dexpression-questionne-le-fifdh\/","og_site_name":"Journal de B\u00e2le et Gen\u00e8ve","article_published_time":"2025-03-12T09:41:40+00:00","article_modified_time":"2025-03-12T09:45:25+00:00","og_image":[{"width":1076,"height":605,"url":"https:\/\/bale.ch\/journal\/wp-content\/uploads\/2025\/03\/cologny.png","type":"image\/png"}],"author":"La R\u00e9daction","twitter_card":"summary_large_image","twitter_misc":{"\u00c9crit par":"La R\u00e9daction","Dur\u00e9e de lecture estim\u00e9e":"1 minute"},"schema":{"@context":"https:\/\/schema.org","@graph":[{"@type":"Article","@id":"https:\/\/bale.ch\/journal\/geneve-jusquou-va-la-liberte-dexpression-questionne-le-fifdh\/#article","isPartOf":{"@id":"https:\/\/bale.ch\/journal\/geneve-jusquou-va-la-liberte-dexpression-questionne-le-fifdh\/"},"author":{"name":"La R\u00e9daction","@id":"https:\/\/bale.ch\/journal\/#\/schema\/person\/03ced978db3b7a5274c5cef003f352f5"},"headline":"Gen\u00e8ve: \u00ab\u00a0jusqu\u2019o\u00f9 va la libert\u00e9 d\u2019expression?\u00a0\u00bb, questionne le FIFDH","datePublished":"2025-03-12T09:41:40+00:00","dateModified":"2025-03-12T09:45:25+00:00","mainEntityOfPage":{"@id":"https:\/\/bale.ch\/journal\/geneve-jusquou-va-la-liberte-dexpression-questionne-le-fifdh\/"},"wordCount":295,"publisher":{"@id":"https:\/\/bale.ch\/journal\/#organization"},"image":{"@id":"https:\/\/bale.ch\/journal\/geneve-jusquou-va-la-liberte-dexpression-questionne-le-fifdh\/#primaryimage"},"thumbnailUrl":"https:\/\/bale.ch\/journal\/wp-content\/uploads\/2025\/03\/cologny.png","keywords":["Droits humains","festival","Gen\u00e8ve"],"articleSection":["Actualit\u00e9s","Grand Gen\u00e8ve"],"inLanguage":"fr-FR"},{"@type":"WebPage","@id":"https:\/\/bale.ch\/journal\/geneve-jusquou-va-la-liberte-dexpression-questionne-le-fifdh\/","url":"https:\/\/bale.ch\/journal\/geneve-jusquou-va-la-liberte-dexpression-questionne-le-fifdh\/","name":"Gen\u00e8ve: \"jusqu\u2019o\u00f9 va la libert\u00e9 d\u2019expression?\", questionne le FIFDH - Journal de B\u00e2le et Gen\u00e8ve","isPartOf":{"@id":"https:\/\/bale.ch\/journal\/#website"},"primaryImageOfPage":{"@id":"https:\/\/bale.ch\/journal\/geneve-jusquou-va-la-liberte-dexpression-questionne-le-fifdh\/#primaryimage"},"image":{"@id":"https:\/\/bale.ch\/journal\/geneve-jusquou-va-la-liberte-dexpression-questionne-le-fifdh\/#primaryimage"},"thumbnailUrl":"https:\/\/bale.ch\/journal\/wp-content\/uploads\/2025\/03\/cologny.png","datePublished":"2025-03-12T09:41:40+00:00","dateModified":"2025-03-12T09:45:25+00:00","breadcrumb":{"@id":"https:\/\/bale.ch\/journal\/geneve-jusquou-va-la-liberte-dexpression-questionne-le-fifdh\/#breadcrumb"},"inLanguage":"fr-FR","potentialAction":[{"@type":"ReadAction","target":["https:\/\/bale.ch\/journal\/geneve-jusquou-va-la-liberte-dexpression-questionne-le-fifdh\/"]}]},{"@type":"ImageObject","inLanguage":"fr-FR","@id":"https:\/\/bale.ch\/journal\/geneve-jusquou-va-la-liberte-dexpression-questionne-le-fifdh\/#primaryimage","url":"https:\/\/bale.ch\/journal\/wp-content\/uploads\/2025\/03\/cologny.png","contentUrl":"https:\/\/bale.ch\/journal\/wp-content\/uploads\/2025\/03\/cologny.png","width":1076,"height":605},{"@type":"BreadcrumbList","@id":"https:\/\/bale.ch\/journal\/geneve-jusquou-va-la-liberte-dexpression-questionne-le-fifdh\/#breadcrumb","itemListElement":[{"@type":"ListItem","position":1,"name":"Accueil","item":"https:\/\/bale.ch\/journal\/"},{"@type":"ListItem","position":2,"name":"Gen\u00e8ve: \u00ab\u00a0jusqu\u2019o\u00f9 va la libert\u00e9 d\u2019expression?\u00a0\u00bb, questionne le FIFDH"}]},{"@type":"WebSite","@id":"https:\/\/bale.ch\/journal\/#website","url":"https:\/\/bale.ch\/journal\/","name":"Journal de B\u00e2le et Gen\u00e8ve","description":"M\u00e9dia transfrontalier d&#039;actualit\u00e9s - News","publisher":{"@id":"https:\/\/bale.ch\/journal\/#organization"},"potentialAction":[{"@type":"SearchAction","target":{"@type":"EntryPoint","urlTemplate":"https:\/\/bale.ch\/journal\/?s={search_term_string}"},"query-input":{"@type":"PropertyValueSpecification","valueRequired":true,"valueName":"search_term_string"}}],"inLanguage":"fr-FR"},{"@type":"Organization","@id":"https:\/\/bale.ch\/journal\/#organization","name":"Journal de B\u00e2le et Gen\u00e8ve","url":"https:\/\/bale.ch\/journal\/","logo":{"@type":"ImageObject","inLanguage":"fr-FR","@id":"https:\/\/bale.ch\/journal\/#\/schema\/logo\/image\/","url":"https:\/\/bale.ch\/journal\/wp-content\/uploads\/2023\/07\/journaldebale_logo_2023_nb.png","contentUrl":"https:\/\/bale.ch\/journal\/wp-content\/uploads\/2023\/07\/journaldebale_logo_2023_nb.png","width":371,"height":127,"caption":"Journal de B\u00e2le et Gen\u00e8ve"},"image":{"@id":"https:\/\/bale.ch\/journal\/#\/schema\/logo\/image\/"}},{"@type":"Person","@id":"https:\/\/bale.ch\/journal\/#\/schema\/person\/03ced978db3b7a5274c5cef003f352f5","name":"La R\u00e9daction","image":{"@type":"ImageObject","inLanguage":"fr-FR","@id":"https:\/\/secure.gravatar.com\/avatar\/d1327e2ce8d2b860112f968a3f34686c9bdda7a463a1502cdd1070ac9d88cf1e?s=96&d=mm&r=g","url":"https:\/\/secure.gravatar.com\/avatar\/d1327e2ce8d2b860112f968a3f34686c9bdda7a463a1502cdd1070ac9d88cf1e?s=96&d=mm&r=g","contentUrl":"https:\/\/secure.gravatar.com\/avatar\/d1327e2ce8d2b860112f968a3f34686c9bdda7a463a1502cdd1070ac9d88cf1e?s=96&d=mm&r=g","caption":"La R\u00e9daction"},"url":"https:\/\/bale.ch\/journal\/author\/laredaction\/"}]}},"_links":{"self":[{"href":"https:\/\/bale.ch\/journal\/wp-json\/wp\/v2\/posts\/3732","targetHints":{"allow":["GET"]}}],"collection":[{"href":"https:\/\/bale.ch\/journal\/wp-json\/wp\/v2\/posts"}],"about":[{"href":"https:\/\/bale.ch\/journal\/wp-json\/wp\/v2\/types\/post"}],"author":[{"embeddable":true,"href":"https:\/\/bale.ch\/journal\/wp-json\/wp\/v2\/users\/2"}],"replies":[{"embeddable":true,"href":"https:\/\/bale.ch\/journal\/wp-json\/wp\/v2\/comments?post=3732"}],"version-history":[{"count":3,"href":"https:\/\/bale.ch\/journal\/wp-json\/wp\/v2\/posts\/3732\/revisions"}],"predecessor-version":[{"id":3737,"href":"https:\/\/bale.ch\/journal\/wp-json\/wp\/v2\/posts\/3732\/revisions\/3737"}],"wp:featuredmedia":[{"embeddable":true,"href":"https:\/\/bale.ch\/journal\/wp-json\/wp\/v2\/media\/3733"}],"wp:attachment":[{"href":"https:\/\/bale.ch\/journal\/wp-json\/wp\/v2\/media?parent=3732"}],"wp:term":[{"taxonomy":"category","embeddable":true,"href":"https:\/\/bale.ch\/journal\/wp-json\/wp\/v2\/categories?post=3732"},{"taxonomy":"post_tag","embeddable":true,"href":"https:\/\/bale.ch\/journal\/wp-json\/wp\/v2\/tags?post=3732"}],"curies":[{"name":"wp","href":"https:\/\/api.w.org\/{rel}","templated":true}]}}