{"id":3739,"date":"2025-03-25T08:44:26","date_gmt":"2025-03-25T08:44:26","guid":{"rendered":"https:\/\/bale.ch\/journal\/?p=3739"},"modified":"2025-03-25T08:46:04","modified_gmt":"2025-03-25T08:46:04","slug":"au-musee-tinguely-suzanne-lacy-rend-visible-les-violences-de-genre-et-les-feminicides","status":"publish","type":"post","link":"https:\/\/bale.ch\/journal\/au-musee-tinguely-suzanne-lacy-rend-visible-les-violences-de-genre-et-les-feminicides\/","title":{"rendered":"Au Mus\u00e9e Tinguely, Suzanne Lacy rend visible les violences de genre et les f\u00e9minicides"},"content":{"rendered":"\n<p class=\"wp-block-paragraph\"><strong>Du 9 avril au 7 septembre 2025, le Mus\u00e9e Tinguely de B\u00e2le pr\u00e9sente dans une exposition personnelle l&rsquo;installation vid\u00e9o <em>\u00a0De tu pu\u00f1o y letra (By Your Own Hand)<\/em> de la c\u00e9l\u00e8bre artiste \u00e9tats-unienne Suzanne Lacy. Il s&rsquo;agit l\u00e0 de l&rsquo;une de ses \u0153uvres centrales abordant les violences li\u00e9es au genre. Le travail de Lacy, pionni\u00e8re dans l&rsquo;art de la performance f\u00e9ministe et activiste depuis les ann\u00e9es septante, combine art et engagement social. Elle fait notamment du viol son sujet, elle donne une voix publique aux personnes de genre f\u00e9minin concern\u00e9es et pose les causes patriarcales de cette violence. Ses \u0153uvres rel\u00e8vent de la Social Practice, elles sont souvent r\u00e9alis\u00e9es en collaboration avec les communaut\u00e9s locales et portent sur les injustices sociales: violence domestique, discrimination li\u00e9e \u00e0 l&rsquo;\u00e2ge et migration. Avec l&rsquo;exposition <em>Suzanne Lacy: By Your Own Hands<\/em>, le Mus\u00e9e Tinguely rend hommage \u00e0 une \u0153uvre hautement pertinente due \u00e0 l&rsquo;une des artistes f\u00e9ministes majeures de notre \u00e9poque et instaure en m\u00eame temps un espace de r\u00e9flexion, de dialogue et de responsabilit\u00e9 sociale.<\/strong><\/p>\n\n\n\n<p class=\"wp-block-paragraph\">L\u2019installation vid\u00e9o reprend une performance participative et dialogique que l\u2019artiste a r\u00e9alis\u00e9e en 2015. Lacy avait \u00e9t\u00e9 invit\u00e9e alors \u00e0 concevoir une performance qui attirerait l\u2019attention et la reconnaissance du public sur les lettres collect\u00e9es dans le cadre de la campagne<em>&nbsp;Cartas de Mujeres<\/em>&nbsp;(2011-2012), projet lanc\u00e9 par la Ville de Quito, le Centro de Arte Contempor\u00e1neo de Quito, UN Women et l\u2019organisme allemand Gesellschaft f\u00fcr internationale Zusammenarbeit (GIZ) en \u00c9quateur pour lutter contre les violences faites aux femmes. La performance s\u2019est d\u00e9roul\u00e9e \u00e0 Quito sous forme d\u2019\u00e9v\u00e9nement en cinq actes, avec la participation d\u2019environ 600 personnes de genre masculin, le 25 novembre 2015, Journ\u00e9e internationale de lutte contre les violences faites aux femmes. Cette intervention avait \u00e9t\u00e9 pr\u00e9c\u00e9d\u00e9e d\u2019ateliers avec des hommes de tout \u00e2ge sur la violence li\u00e9e au genre et la construction sociale de la masculinit\u00e9.<\/p>\n\n\n\n<p class=\"wp-block-paragraph\">Les \u0153uvres participatives de Suzanne Lacy montrent le pouvoir transformateur de l\u2019art et son potentiel \u00e0 susciter des d\u00e9bats de soci\u00e9t\u00e9. Comme l\u2019une des principales voix du mouvement artistique f\u00e9ministe des ann\u00e9es 1970, l\u2019artiste a d\u00e9velopp\u00e9 avec la<em>&nbsp;Social Practice<\/em>&nbsp;un nouveau mod\u00e8le combinant art et action sociale. Tr\u00e8s t\u00f4t d\u00e9j\u00e0, d\u00e8s le d\u00e9but des ann\u00e9es 1970, le travail de Lacy a abord\u00e9 le th\u00e8me des violences sexualis\u00e9es. En 1972, elle a mont\u00e9 la performance&nbsp;<em>Ablutions&nbsp;<\/em>(avec Judy Chicago, Sandra Orgel et Aviva Rahmani), l\u2019une des premi\u00e8res \u0153uvres d\u2019art sur le th\u00e8me du viol du point de vue des personnes de genre f\u00e9minin. \u00c0 souligner aussi,&nbsp;<em>Three Weeks in May&nbsp;<\/em>de 1977, une performance de trois semaines centr\u00e9e sur les viols \u00e0 Los Angeles (avec Leslie Labowitz et Ariadne: A Social Art Network). Avec ces premi\u00e8res \u0153uvres, Lacy et ses coll\u00e8gues \u00e9taient des pionni\u00e8res non seulement artistiques mais aussi sociales, car elles abordaient publiquement les violences li\u00e9es au genre dans une perspective r\u00e9solument f\u00e9minine. Leurs travaux donnaient enfin voix aux femmes concern\u00e9es et identifiaient les causes sociales et patriarcales de cette violence.<br><br>L\u2019exposition au Mus\u00e9e Tinguely souligne toute l\u2019actualit\u00e9 et la pertinence de ce sujet. La proximit\u00e9 spatiale entre l\u2019installation vid\u00e9o et l\u2019\u0153uvre&nbsp;<em>Mengele-Totentanz<\/em>&nbsp;(1986) de Jean Tinguely pose l\u00e0 un accent particulier. Avec cette construction cin\u00e9tique et aust\u00e8re, faite d\u2019\u00e9l\u00e9ments carbonis\u00e9s et d\u2019ossements d\u2019animaux, Tinguely (1925-1991) aborde les notions de violence et de mort d\u2019un point de vue historique et personnel. Alors que la tradition m\u00e9di\u00e9vale tardive v\u00e9hiculait la fugacit\u00e9 de toute vie humaine et l\u2019\u00e9galit\u00e9 des individus dans la mort \u2013 du roi au mendiant \u2013, il est clair aujourd\u2019hui que les \u00eatres humains sont tr\u00e8s diff\u00e9remment concern\u00e9s, en fonction de leur genre social, mais aussi de leurs ressources ou de leur appartenance ethnique. Les violences domestiques et sexualis\u00e9es sont quotidiennes et largement r\u00e9pandues. Niki de Saint Phalle (1930-2002), seconde \u00e9pouse de Tinguely et donatrice de la collection du Mus\u00e9e, a \u00e9galement \u00e9t\u00e9 touch\u00e9e. Dans son livre&nbsp;<em>Mon secret<\/em>&nbsp;(1994), elle fait \u00e9tat des agressions par son p\u00e8re dont elle-m\u00eame a \u00e9t\u00e9 victime \u00e0 l\u2019\u00e2ge de 11 ans. Ses \u0153uvres d\u00e9noncent les structures patriarcales et donnent \u00e0 voir le r\u00f4le de la violence et des abus de pouvoir.<\/p><div id=\"crieu-489696067\" class=\"crieu-content crieu-entity-placement\"><script async src=\"\/\/pagead2.googlesyndication.com\/pagead\/js\/adsbygoogle.js?client=ca-pub-5271584769416742\" crossorigin=\"anonymous\"><\/script><ins class=\"adsbygoogle\" style=\"display:block;\" data-ad-client=\"ca-pub-5271584769416742\" \ndata-ad-slot=\"9321250718\" \ndata-ad-format=\"auto\"><\/ins>\n<script> \n(adsbygoogle = window.adsbygoogle || []).push({}); \n<\/script>\n<\/div>\n\n\n\n<figure class=\"wp-block-image size-large\"><a href=\"https:\/\/bale.ch\/journal\/wp-content\/uploads\/2025\/03\/D771731-scaled.jpg\"><img loading=\"lazy\" decoding=\"async\" width=\"1024\" height=\"679\" src=\"https:\/\/bale.ch\/journal\/wp-content\/uploads\/2025\/03\/D771731-1024x679.jpg\" alt=\"\" class=\"wp-image-3741\" srcset=\"https:\/\/bale.ch\/journal\/wp-content\/uploads\/2025\/03\/D771731-1024x679.jpg 1024w, https:\/\/bale.ch\/journal\/wp-content\/uploads\/2025\/03\/D771731-300x199.jpg 300w, https:\/\/bale.ch\/journal\/wp-content\/uploads\/2025\/03\/D771731-768x509.jpg 768w, https:\/\/bale.ch\/journal\/wp-content\/uploads\/2025\/03\/D771731-1536x1018.jpg 1536w, https:\/\/bale.ch\/journal\/wp-content\/uploads\/2025\/03\/D771731-2048x1358.jpg 2048w\" sizes=\"auto, (max-width: 1024px) 100vw, 1024px\" \/><\/a><figcaption class=\"wp-element-caption\">Suzanne Lacy,\u00a0<em>De tu pu\u00f1o y letra. Di\u00e1logos en el ruedo<\/em>, 2015. Performance, Stierkampfarena Plaza Belmonte, Quito, Ecuador; Foto: Christoph Hirtz<\/figcaption><\/figure>\n\n\n\n<p class=\"wp-block-paragraph\">Les f\u00e9ministes latino-am\u00e9ricain\u00b7es restent pionnier\u00b7\u00e8res dans la lutte contre les violences li\u00e9es au genre et les f\u00e9minicides. En revanche, il a fallu attendre ces derni\u00e8res ann\u00e9es pour que la politique et la soci\u00e9t\u00e9, en Europe et en Suisse, se penchent davantage sur ce sujet. \u00c0 travers des interventions, des tables rondes et un projet d\u2019\u00e9criture participatif, le programme d\u2019accompagnement s\u2019int\u00e9resse \u00e0 la situation locale et invite au dialogue. Pour ce faire, le Mus\u00e9e Tinguely coop\u00e8re entre autres avec la Opferhilfe beider Basel (Service d\u2019aide aux victimes des deux B\u00e2le), la Literaturhaus Basel et le collectif Q.U.I.C.H.E. Dans le cadre de l\u2019exposition, le Mus\u00e9e Tinguely pr\u00e9sente aussi la performance de Tyra Wigg,\u00a0<em>The hand, the rock, your shoulder, and my mouth\u00a0<\/em>(2022), au c\u0153ur de laquelle ressortent le toucher comme expression de violence et le toucher comme soin et pratique th\u00e9rapeutique. Par le maniement d\u2019une grosse pierre, par l\u2019approche attentive et curative du corps et son trauma, c\u2019est un v\u00e9ritable contrepoids qui prend forme.<\/p>\n\n\n\n<p class=\"wp-block-paragraph\">\u00c0 l&rsquo;occasion de l&rsquo;exposition, une publication (environ 50 pages) avec une contribution scientifique et une interview est publi\u00e9e chez Verlag f\u00fcr moderne Kunst.<\/p>\n\n\n\n<p class=\"wp-block-paragraph\">Plus d&rsquo;informations sur <a href=\"https:\/\/www.tinguely.ch\/\"><strong>tinguely.ch<\/strong><\/a><\/p>\n<div id=\"crieu-3539814997\" class=\"crieu-apres-le-contenu crieu-entity-placement\" style=\"margin-left: auto;margin-right: auto;text-align: center;\"><script async src=\"\/\/pagead2.googlesyndication.com\/pagead\/js\/adsbygoogle.js?client=ca-pub-5271584769416742\" crossorigin=\"anonymous\"><\/script><ins class=\"adsbygoogle\" style=\"display:block;\" data-ad-client=\"ca-pub-5271584769416742\" \ndata-ad-slot=\"9321250718\" \ndata-ad-format=\"auto\"><\/ins>\n<script> \n(adsbygoogle = window.adsbygoogle || []).push({}); \n<\/script>\n<\/div>","protected":false},"excerpt":{"rendered":"<p>Du 9 avril au 7 septembre 2025, le Mus\u00e9e Tinguely de B\u00e2le pr\u00e9sente dans une exposition personnelle l&rsquo;installation vid\u00e9o \u00a0De tu pu\u00f1o y letra (By Your Own Hand) de la <a href=\"https:\/\/bale.ch\/journal\/au-musee-tinguely-suzanne-lacy-rend-visible-les-violences-de-genre-et-les-feminicides\/\" class=\"read-more button-fancy -red\"><span class=\"btn-arrow\"><\/span><span class=\"twp-read-more text\">Continuer la lecture<\/span><\/a><\/p>\n","protected":false},"author":2,"featured_media":3740,"comment_status":"closed","ping_status":"closed","sticky":false,"template":"","format":"standard","meta":{"footnotes":""},"categories":[103,11,7],"tags":[60,123,251,231],"class_list":["post-3739","post","type-post","status-publish","format-standard","has-post-thumbnail","hentry","category-actu","category-art","category-bale","tag-bale","tag-basel","tag-feminisme","tag-tinguely-museum"],"yoast_head":"<!-- This site is optimized with the Yoast SEO plugin v28.3 - https:\/\/yoast.com\/product\/yoast-seo-wordpress\/ -->\n<title>Au Mus\u00e9e Tinguely, Suzanne Lacy rend visible les violences de genre et les f\u00e9minicides - Journal de B\u00e2le et Gen\u00e8ve<\/title>\n<meta name=\"robots\" content=\"index, follow, max-snippet:-1, max-image-preview:large, max-video-preview:-1\" \/>\n<link rel=\"canonical\" href=\"https:\/\/bale.ch\/journal\/au-musee-tinguely-suzanne-lacy-rend-visible-les-violences-de-genre-et-les-feminicides\/\" \/>\n<meta property=\"og:locale\" content=\"fr_FR\" \/>\n<meta property=\"og:type\" content=\"article\" \/>\n<meta property=\"og:title\" content=\"Au Mus\u00e9e Tinguely, Suzanne Lacy rend visible les violences de genre et les f\u00e9minicides - Journal de B\u00e2le et Gen\u00e8ve\" \/>\n<meta property=\"og:description\" content=\"Du 9 avril au 7 septembre 2025, le Mus\u00e9e Tinguely de B\u00e2le pr\u00e9sente dans une exposition personnelle l&rsquo;installation vid\u00e9o \u00a0De tu pu\u00f1o y letra (By Your Own Hand) de la Continuer la lecture\" \/>\n<meta property=\"og:url\" content=\"https:\/\/bale.ch\/journal\/au-musee-tinguely-suzanne-lacy-rend-visible-les-violences-de-genre-et-les-feminicides\/\" \/>\n<meta property=\"og:site_name\" content=\"Journal de B\u00e2le et Gen\u00e8ve\" \/>\n<meta property=\"article:published_time\" content=\"2025-03-25T08:44:26+00:00\" \/>\n<meta property=\"article:modified_time\" content=\"2025-03-25T08:46:04+00:00\" \/>\n<meta property=\"og:image\" content=\"https:\/\/bale.ch\/journal\/wp-content\/uploads\/2025\/03\/SuzanneLacy_P3A4053-Image-by-Hai-Zhang-1-scaled.jpg\" \/>\n\t<meta property=\"og:image:width\" content=\"2560\" \/>\n\t<meta property=\"og:image:height\" content=\"1707\" \/>\n\t<meta property=\"og:image:type\" content=\"image\/jpeg\" \/>\n<meta name=\"author\" content=\"La R\u00e9daction\" \/>\n<meta name=\"twitter:card\" content=\"summary_large_image\" \/>\n<meta name=\"twitter:label1\" content=\"\u00c9crit par\" \/>\n\t<meta name=\"twitter:data1\" content=\"La R\u00e9daction\" \/>\n\t<meta name=\"twitter:label2\" content=\"Dur\u00e9e de lecture estim\u00e9e\" \/>\n\t<meta name=\"twitter:data2\" content=\"5 minutes\" \/>\n<script type=\"application\/ld+json\" class=\"yoast-schema-graph\">{\"@context\":\"https:\\\/\\\/schema.org\",\"@graph\":[{\"@type\":\"Article\",\"@id\":\"https:\\\/\\\/bale.ch\\\/journal\\\/au-musee-tinguely-suzanne-lacy-rend-visible-les-violences-de-genre-et-les-feminicides\\\/#article\",\"isPartOf\":{\"@id\":\"https:\\\/\\\/bale.ch\\\/journal\\\/au-musee-tinguely-suzanne-lacy-rend-visible-les-violences-de-genre-et-les-feminicides\\\/\"},\"author\":{\"name\":\"La R\u00e9daction\",\"@id\":\"https:\\\/\\\/bale.ch\\\/journal\\\/#\\\/schema\\\/person\\\/03ced978db3b7a5274c5cef003f352f5\"},\"headline\":\"Au Mus\u00e9e Tinguely, Suzanne Lacy rend visible les violences de genre et les f\u00e9minicides\",\"datePublished\":\"2025-03-25T08:44:26+00:00\",\"dateModified\":\"2025-03-25T08:46:04+00:00\",\"mainEntityOfPage\":{\"@id\":\"https:\\\/\\\/bale.ch\\\/journal\\\/au-musee-tinguely-suzanne-lacy-rend-visible-les-violences-de-genre-et-les-feminicides\\\/\"},\"wordCount\":1040,\"publisher\":{\"@id\":\"https:\\\/\\\/bale.ch\\\/journal\\\/#organization\"},\"image\":{\"@id\":\"https:\\\/\\\/bale.ch\\\/journal\\\/au-musee-tinguely-suzanne-lacy-rend-visible-les-violences-de-genre-et-les-feminicides\\\/#primaryimage\"},\"thumbnailUrl\":\"https:\\\/\\\/bale.ch\\\/journal\\\/wp-content\\\/uploads\\\/2025\\\/03\\\/SuzanneLacy_P3A4053-Image-by-Hai-Zhang-1-scaled.jpg\",\"keywords\":[\"B\u00e2le\",\"Basel\",\"F\u00e9minisme\",\"Tinguely Museum\"],\"articleSection\":[\"Actualit\u00e9s\",\"Art\",\"B\u00e2le Trinationale\"],\"inLanguage\":\"fr-FR\"},{\"@type\":\"WebPage\",\"@id\":\"https:\\\/\\\/bale.ch\\\/journal\\\/au-musee-tinguely-suzanne-lacy-rend-visible-les-violences-de-genre-et-les-feminicides\\\/\",\"url\":\"https:\\\/\\\/bale.ch\\\/journal\\\/au-musee-tinguely-suzanne-lacy-rend-visible-les-violences-de-genre-et-les-feminicides\\\/\",\"name\":\"Au Mus\u00e9e Tinguely, Suzanne Lacy rend visible les violences de genre et les f\u00e9minicides - Journal de B\u00e2le et Gen\u00e8ve\",\"isPartOf\":{\"@id\":\"https:\\\/\\\/bale.ch\\\/journal\\\/#website\"},\"primaryImageOfPage\":{\"@id\":\"https:\\\/\\\/bale.ch\\\/journal\\\/au-musee-tinguely-suzanne-lacy-rend-visible-les-violences-de-genre-et-les-feminicides\\\/#primaryimage\"},\"image\":{\"@id\":\"https:\\\/\\\/bale.ch\\\/journal\\\/au-musee-tinguely-suzanne-lacy-rend-visible-les-violences-de-genre-et-les-feminicides\\\/#primaryimage\"},\"thumbnailUrl\":\"https:\\\/\\\/bale.ch\\\/journal\\\/wp-content\\\/uploads\\\/2025\\\/03\\\/SuzanneLacy_P3A4053-Image-by-Hai-Zhang-1-scaled.jpg\",\"datePublished\":\"2025-03-25T08:44:26+00:00\",\"dateModified\":\"2025-03-25T08:46:04+00:00\",\"breadcrumb\":{\"@id\":\"https:\\\/\\\/bale.ch\\\/journal\\\/au-musee-tinguely-suzanne-lacy-rend-visible-les-violences-de-genre-et-les-feminicides\\\/#breadcrumb\"},\"inLanguage\":\"fr-FR\",\"potentialAction\":[{\"@type\":\"ReadAction\",\"target\":[\"https:\\\/\\\/bale.ch\\\/journal\\\/au-musee-tinguely-suzanne-lacy-rend-visible-les-violences-de-genre-et-les-feminicides\\\/\"]}]},{\"@type\":\"ImageObject\",\"inLanguage\":\"fr-FR\",\"@id\":\"https:\\\/\\\/bale.ch\\\/journal\\\/au-musee-tinguely-suzanne-lacy-rend-visible-les-violences-de-genre-et-les-feminicides\\\/#primaryimage\",\"url\":\"https:\\\/\\\/bale.ch\\\/journal\\\/wp-content\\\/uploads\\\/2025\\\/03\\\/SuzanneLacy_P3A4053-Image-by-Hai-Zhang-1-scaled.jpg\",\"contentUrl\":\"https:\\\/\\\/bale.ch\\\/journal\\\/wp-content\\\/uploads\\\/2025\\\/03\\\/SuzanneLacy_P3A4053-Image-by-Hai-Zhang-1-scaled.jpg\",\"width\":2560,\"height\":1707},{\"@type\":\"BreadcrumbList\",\"@id\":\"https:\\\/\\\/bale.ch\\\/journal\\\/au-musee-tinguely-suzanne-lacy-rend-visible-les-violences-de-genre-et-les-feminicides\\\/#breadcrumb\",\"itemListElement\":[{\"@type\":\"ListItem\",\"position\":1,\"name\":\"Accueil\",\"item\":\"https:\\\/\\\/bale.ch\\\/journal\\\/\"},{\"@type\":\"ListItem\",\"position\":2,\"name\":\"Au Mus\u00e9e Tinguely, Suzanne Lacy rend visible les violences de genre et les f\u00e9minicides\"}]},{\"@type\":\"WebSite\",\"@id\":\"https:\\\/\\\/bale.ch\\\/journal\\\/#website\",\"url\":\"https:\\\/\\\/bale.ch\\\/journal\\\/\",\"name\":\"Journal de B\u00e2le et Gen\u00e8ve\",\"description\":\"M\u00e9dia transfrontalier d&#039;actualit\u00e9s - News\",\"publisher\":{\"@id\":\"https:\\\/\\\/bale.ch\\\/journal\\\/#organization\"},\"potentialAction\":[{\"@type\":\"SearchAction\",\"target\":{\"@type\":\"EntryPoint\",\"urlTemplate\":\"https:\\\/\\\/bale.ch\\\/journal\\\/?s={search_term_string}\"},\"query-input\":{\"@type\":\"PropertyValueSpecification\",\"valueRequired\":true,\"valueName\":\"search_term_string\"}}],\"inLanguage\":\"fr-FR\"},{\"@type\":\"Organization\",\"@id\":\"https:\\\/\\\/bale.ch\\\/journal\\\/#organization\",\"name\":\"Journal de B\u00e2le et Gen\u00e8ve\",\"url\":\"https:\\\/\\\/bale.ch\\\/journal\\\/\",\"logo\":{\"@type\":\"ImageObject\",\"inLanguage\":\"fr-FR\",\"@id\":\"https:\\\/\\\/bale.ch\\\/journal\\\/#\\\/schema\\\/logo\\\/image\\\/\",\"url\":\"https:\\\/\\\/bale.ch\\\/journal\\\/wp-content\\\/uploads\\\/2023\\\/07\\\/journaldebale_logo_2023_nb.png\",\"contentUrl\":\"https:\\\/\\\/bale.ch\\\/journal\\\/wp-content\\\/uploads\\\/2023\\\/07\\\/journaldebale_logo_2023_nb.png\",\"width\":371,\"height\":127,\"caption\":\"Journal de B\u00e2le et Gen\u00e8ve\"},\"image\":{\"@id\":\"https:\\\/\\\/bale.ch\\\/journal\\\/#\\\/schema\\\/logo\\\/image\\\/\"}},{\"@type\":\"Person\",\"@id\":\"https:\\\/\\\/bale.ch\\\/journal\\\/#\\\/schema\\\/person\\\/03ced978db3b7a5274c5cef003f352f5\",\"name\":\"La R\u00e9daction\",\"image\":{\"@type\":\"ImageObject\",\"inLanguage\":\"fr-FR\",\"@id\":\"https:\\\/\\\/secure.gravatar.com\\\/avatar\\\/d1327e2ce8d2b860112f968a3f34686c9bdda7a463a1502cdd1070ac9d88cf1e?s=96&d=mm&r=g\",\"url\":\"https:\\\/\\\/secure.gravatar.com\\\/avatar\\\/d1327e2ce8d2b860112f968a3f34686c9bdda7a463a1502cdd1070ac9d88cf1e?s=96&d=mm&r=g\",\"contentUrl\":\"https:\\\/\\\/secure.gravatar.com\\\/avatar\\\/d1327e2ce8d2b860112f968a3f34686c9bdda7a463a1502cdd1070ac9d88cf1e?s=96&d=mm&r=g\",\"caption\":\"La R\u00e9daction\"},\"url\":\"https:\\\/\\\/bale.ch\\\/journal\\\/author\\\/laredaction\\\/\"}]}<\/script>\n<!-- \/ Yoast SEO plugin. -->","yoast_head_json":{"title":"Au Mus\u00e9e Tinguely, Suzanne Lacy rend visible les violences de genre et les f\u00e9minicides - Journal de B\u00e2le et Gen\u00e8ve","robots":{"index":"index","follow":"follow","max-snippet":"max-snippet:-1","max-image-preview":"max-image-preview:large","max-video-preview":"max-video-preview:-1"},"canonical":"https:\/\/bale.ch\/journal\/au-musee-tinguely-suzanne-lacy-rend-visible-les-violences-de-genre-et-les-feminicides\/","og_locale":"fr_FR","og_type":"article","og_title":"Au Mus\u00e9e Tinguely, Suzanne Lacy rend visible les violences de genre et les f\u00e9minicides - Journal de B\u00e2le et Gen\u00e8ve","og_description":"Du 9 avril au 7 septembre 2025, le Mus\u00e9e Tinguely de B\u00e2le pr\u00e9sente dans une exposition personnelle l&rsquo;installation vid\u00e9o \u00a0De tu pu\u00f1o y letra (By Your Own Hand) de la Continuer la lecture","og_url":"https:\/\/bale.ch\/journal\/au-musee-tinguely-suzanne-lacy-rend-visible-les-violences-de-genre-et-les-feminicides\/","og_site_name":"Journal de B\u00e2le et Gen\u00e8ve","article_published_time":"2025-03-25T08:44:26+00:00","article_modified_time":"2025-03-25T08:46:04+00:00","og_image":[{"width":2560,"height":1707,"url":"https:\/\/bale.ch\/journal\/wp-content\/uploads\/2025\/03\/SuzanneLacy_P3A4053-Image-by-Hai-Zhang-1-scaled.jpg","type":"image\/jpeg"}],"author":"La R\u00e9daction","twitter_card":"summary_large_image","twitter_misc":{"\u00c9crit par":"La R\u00e9daction","Dur\u00e9e de lecture estim\u00e9e":"5 minutes"},"schema":{"@context":"https:\/\/schema.org","@graph":[{"@type":"Article","@id":"https:\/\/bale.ch\/journal\/au-musee-tinguely-suzanne-lacy-rend-visible-les-violences-de-genre-et-les-feminicides\/#article","isPartOf":{"@id":"https:\/\/bale.ch\/journal\/au-musee-tinguely-suzanne-lacy-rend-visible-les-violences-de-genre-et-les-feminicides\/"},"author":{"name":"La R\u00e9daction","@id":"https:\/\/bale.ch\/journal\/#\/schema\/person\/03ced978db3b7a5274c5cef003f352f5"},"headline":"Au Mus\u00e9e Tinguely, Suzanne Lacy rend visible les violences de genre et les f\u00e9minicides","datePublished":"2025-03-25T08:44:26+00:00","dateModified":"2025-03-25T08:46:04+00:00","mainEntityOfPage":{"@id":"https:\/\/bale.ch\/journal\/au-musee-tinguely-suzanne-lacy-rend-visible-les-violences-de-genre-et-les-feminicides\/"},"wordCount":1040,"publisher":{"@id":"https:\/\/bale.ch\/journal\/#organization"},"image":{"@id":"https:\/\/bale.ch\/journal\/au-musee-tinguely-suzanne-lacy-rend-visible-les-violences-de-genre-et-les-feminicides\/#primaryimage"},"thumbnailUrl":"https:\/\/bale.ch\/journal\/wp-content\/uploads\/2025\/03\/SuzanneLacy_P3A4053-Image-by-Hai-Zhang-1-scaled.jpg","keywords":["B\u00e2le","Basel","F\u00e9minisme","Tinguely Museum"],"articleSection":["Actualit\u00e9s","Art","B\u00e2le Trinationale"],"inLanguage":"fr-FR"},{"@type":"WebPage","@id":"https:\/\/bale.ch\/journal\/au-musee-tinguely-suzanne-lacy-rend-visible-les-violences-de-genre-et-les-feminicides\/","url":"https:\/\/bale.ch\/journal\/au-musee-tinguely-suzanne-lacy-rend-visible-les-violences-de-genre-et-les-feminicides\/","name":"Au Mus\u00e9e Tinguely, Suzanne Lacy rend visible les violences de genre et les f\u00e9minicides - Journal de B\u00e2le et Gen\u00e8ve","isPartOf":{"@id":"https:\/\/bale.ch\/journal\/#website"},"primaryImageOfPage":{"@id":"https:\/\/bale.ch\/journal\/au-musee-tinguely-suzanne-lacy-rend-visible-les-violences-de-genre-et-les-feminicides\/#primaryimage"},"image":{"@id":"https:\/\/bale.ch\/journal\/au-musee-tinguely-suzanne-lacy-rend-visible-les-violences-de-genre-et-les-feminicides\/#primaryimage"},"thumbnailUrl":"https:\/\/bale.ch\/journal\/wp-content\/uploads\/2025\/03\/SuzanneLacy_P3A4053-Image-by-Hai-Zhang-1-scaled.jpg","datePublished":"2025-03-25T08:44:26+00:00","dateModified":"2025-03-25T08:46:04+00:00","breadcrumb":{"@id":"https:\/\/bale.ch\/journal\/au-musee-tinguely-suzanne-lacy-rend-visible-les-violences-de-genre-et-les-feminicides\/#breadcrumb"},"inLanguage":"fr-FR","potentialAction":[{"@type":"ReadAction","target":["https:\/\/bale.ch\/journal\/au-musee-tinguely-suzanne-lacy-rend-visible-les-violences-de-genre-et-les-feminicides\/"]}]},{"@type":"ImageObject","inLanguage":"fr-FR","@id":"https:\/\/bale.ch\/journal\/au-musee-tinguely-suzanne-lacy-rend-visible-les-violences-de-genre-et-les-feminicides\/#primaryimage","url":"https:\/\/bale.ch\/journal\/wp-content\/uploads\/2025\/03\/SuzanneLacy_P3A4053-Image-by-Hai-Zhang-1-scaled.jpg","contentUrl":"https:\/\/bale.ch\/journal\/wp-content\/uploads\/2025\/03\/SuzanneLacy_P3A4053-Image-by-Hai-Zhang-1-scaled.jpg","width":2560,"height":1707},{"@type":"BreadcrumbList","@id":"https:\/\/bale.ch\/journal\/au-musee-tinguely-suzanne-lacy-rend-visible-les-violences-de-genre-et-les-feminicides\/#breadcrumb","itemListElement":[{"@type":"ListItem","position":1,"name":"Accueil","item":"https:\/\/bale.ch\/journal\/"},{"@type":"ListItem","position":2,"name":"Au Mus\u00e9e Tinguely, Suzanne Lacy rend visible les violences de genre et les f\u00e9minicides"}]},{"@type":"WebSite","@id":"https:\/\/bale.ch\/journal\/#website","url":"https:\/\/bale.ch\/journal\/","name":"Journal de B\u00e2le et Gen\u00e8ve","description":"M\u00e9dia transfrontalier d&#039;actualit\u00e9s - News","publisher":{"@id":"https:\/\/bale.ch\/journal\/#organization"},"potentialAction":[{"@type":"SearchAction","target":{"@type":"EntryPoint","urlTemplate":"https:\/\/bale.ch\/journal\/?s={search_term_string}"},"query-input":{"@type":"PropertyValueSpecification","valueRequired":true,"valueName":"search_term_string"}}],"inLanguage":"fr-FR"},{"@type":"Organization","@id":"https:\/\/bale.ch\/journal\/#organization","name":"Journal de B\u00e2le et Gen\u00e8ve","url":"https:\/\/bale.ch\/journal\/","logo":{"@type":"ImageObject","inLanguage":"fr-FR","@id":"https:\/\/bale.ch\/journal\/#\/schema\/logo\/image\/","url":"https:\/\/bale.ch\/journal\/wp-content\/uploads\/2023\/07\/journaldebale_logo_2023_nb.png","contentUrl":"https:\/\/bale.ch\/journal\/wp-content\/uploads\/2023\/07\/journaldebale_logo_2023_nb.png","width":371,"height":127,"caption":"Journal de B\u00e2le et Gen\u00e8ve"},"image":{"@id":"https:\/\/bale.ch\/journal\/#\/schema\/logo\/image\/"}},{"@type":"Person","@id":"https:\/\/bale.ch\/journal\/#\/schema\/person\/03ced978db3b7a5274c5cef003f352f5","name":"La R\u00e9daction","image":{"@type":"ImageObject","inLanguage":"fr-FR","@id":"https:\/\/secure.gravatar.com\/avatar\/d1327e2ce8d2b860112f968a3f34686c9bdda7a463a1502cdd1070ac9d88cf1e?s=96&d=mm&r=g","url":"https:\/\/secure.gravatar.com\/avatar\/d1327e2ce8d2b860112f968a3f34686c9bdda7a463a1502cdd1070ac9d88cf1e?s=96&d=mm&r=g","contentUrl":"https:\/\/secure.gravatar.com\/avatar\/d1327e2ce8d2b860112f968a3f34686c9bdda7a463a1502cdd1070ac9d88cf1e?s=96&d=mm&r=g","caption":"La R\u00e9daction"},"url":"https:\/\/bale.ch\/journal\/author\/laredaction\/"}]}},"_links":{"self":[{"href":"https:\/\/bale.ch\/journal\/wp-json\/wp\/v2\/posts\/3739","targetHints":{"allow":["GET"]}}],"collection":[{"href":"https:\/\/bale.ch\/journal\/wp-json\/wp\/v2\/posts"}],"about":[{"href":"https:\/\/bale.ch\/journal\/wp-json\/wp\/v2\/types\/post"}],"author":[{"embeddable":true,"href":"https:\/\/bale.ch\/journal\/wp-json\/wp\/v2\/users\/2"}],"replies":[{"embeddable":true,"href":"https:\/\/bale.ch\/journal\/wp-json\/wp\/v2\/comments?post=3739"}],"version-history":[{"count":2,"href":"https:\/\/bale.ch\/journal\/wp-json\/wp\/v2\/posts\/3739\/revisions"}],"predecessor-version":[{"id":3743,"href":"https:\/\/bale.ch\/journal\/wp-json\/wp\/v2\/posts\/3739\/revisions\/3743"}],"wp:featuredmedia":[{"embeddable":true,"href":"https:\/\/bale.ch\/journal\/wp-json\/wp\/v2\/media\/3740"}],"wp:attachment":[{"href":"https:\/\/bale.ch\/journal\/wp-json\/wp\/v2\/media?parent=3739"}],"wp:term":[{"taxonomy":"category","embeddable":true,"href":"https:\/\/bale.ch\/journal\/wp-json\/wp\/v2\/categories?post=3739"},{"taxonomy":"post_tag","embeddable":true,"href":"https:\/\/bale.ch\/journal\/wp-json\/wp\/v2\/tags?post=3739"}],"curies":[{"name":"wp","href":"https:\/\/api.w.org\/{rel}","templated":true}]}}