{"id":3745,"date":"2025-04-09T17:27:44","date_gmt":"2025-04-09T17:27:44","guid":{"rendered":"https:\/\/bale.ch\/journal\/?p=3745"},"modified":"2025-04-10T11:09:04","modified_gmt":"2025-04-10T11:09:04","slug":"le-festival-de-bd-fumetto-de-lucerne-de-leipzig-au-mexique","status":"publish","type":"post","link":"https:\/\/bale.ch\/journal\/le-festival-de-bd-fumetto-de-lucerne-de-leipzig-au-mexique\/","title":{"rendered":"Avec le festival Fumetto, Lucerne est toujours l&rsquo;un des hauts lieux de la BD"},"content":{"rendered":"\n<p class=\"wp-block-paragraph\"><strong>Bien que le genre BD soit beaucoup moins populaire en Suisse al\u00e9manique &#8211; et dans le monde germanophone en g\u00e9n\u00e9ral &#8211; qu&rsquo;en francophonie, le festival de Lucerne rayonne loin \u00e0 la ronde, jusque dans le monde anglophone et hispanophone. Tr\u00e8s pointu, il s&rsquo;int\u00e9resse bien d&rsquo;avantage au monde \u00e9ditoriale exp\u00e9rimental, non-conventionnel, qu&rsquo;aux productions \u00e0 grand tirage. Cette trente-troisi\u00e8me \u00e9dition ne fait pas exception \u00e0 la r\u00e8gle.<\/strong><\/p>\n\n\n\n<p class=\"wp-block-paragraph\">Cette ann\u00e9e, l&rsquo;exposition <em>\u00ab\u00a0Forever Young\u00a0\u00bb<\/em> c\u00e9l\u00e8bre le 40e anniversaire du l\u00e9gendaire magazine suisse <strong><em>Strapazin<\/em><\/strong>. Naissance \u2013 d\u00e9couverte \u2013 amiti\u00e9s \u2013 r\u00e9bellion \u2013 vision. Ce sont les cinq moments forts qui racontent son histoire. Depuis sa fondation en 1984, Strapazin est devenu le magazine de bande dessin\u00e9e le plus important du pays ainsi qu&rsquo;en Allemagne.<\/p>\n\n\n\n<figure class=\"wp-block-image size-large\"><a href=\"https:\/\/bale.ch\/journal\/wp-content\/uploads\/2025\/04\/DSC_0439.jpg\"><img loading=\"lazy\" decoding=\"async\" width=\"1024\" height=\"683\" src=\"https:\/\/bale.ch\/journal\/wp-content\/uploads\/2025\/04\/DSC_0439-1024x683.jpg\" alt=\"\" class=\"wp-image-3762\" srcset=\"https:\/\/bale.ch\/journal\/wp-content\/uploads\/2025\/04\/DSC_0439-1024x683.jpg 1024w, https:\/\/bale.ch\/journal\/wp-content\/uploads\/2025\/04\/DSC_0439-300x200.jpg 300w, https:\/\/bale.ch\/journal\/wp-content\/uploads\/2025\/04\/DSC_0439-768x512.jpg 768w, https:\/\/bale.ch\/journal\/wp-content\/uploads\/2025\/04\/DSC_0439-900x600.jpg 900w, https:\/\/bale.ch\/journal\/wp-content\/uploads\/2025\/04\/DSC_0439.jpg 1336w\" sizes=\"auto, (max-width: 1024px) 100vw, 1024px\" \/><\/a><figcaption class=\"wp-element-caption\">Forever Young &#8211; Strapazin a 40 ans. <em>Photo Sofia Dominguez &#8211; tonalli.ch<\/em><\/figcaption><\/figure>\n\n\n\n<p class=\"wp-block-paragraph\">La grande invit\u00e9e du festival est la star allemande de la BD ind\u00e9pendante Anna Haifisch: elle pr\u00e9sente le <em>\u00ab\u00a0sommet des animaux\u00a0\u00bb<\/em>, une exposition dans laquelle des animaux ressemblant \u00e0 des humains install\u00e9e au sein du luxueux h\u00f4tel Schweizerhof. Elle y dessinera en public et en live. <\/p><div id=\"crieu-1138090331\" class=\"crieu-content crieu-entity-placement\"><script async src=\"\/\/pagead2.googlesyndication.com\/pagead\/js\/adsbygoogle.js?client=ca-pub-5271584769416742\" crossorigin=\"anonymous\"><\/script><ins class=\"adsbygoogle\" style=\"display:block;\" data-ad-client=\"ca-pub-5271584769416742\" \ndata-ad-slot=\"9321250718\" \ndata-ad-format=\"auto\"><\/ins>\n<script> \n(adsbygoogle = window.adsbygoogle || []).push({}); \n<\/script>\n<\/div>\n\n\n\n<p class=\"wp-block-paragraph\">Superbe exposition interactive nich\u00e9e dans une salle du Kunstmuseum, <em>Le R\u00eave des Choses<\/em> de<strong> Wiebke Siem<\/strong> laisse entrer le fantastique-grotesque perturber la vie quotidienne \u00e0 la maison. Dans ses \u0153uvres, l\u2019artiste combine une perspective f\u00e9ministe avec la critique des strat\u00e9gies d&rsquo;appropriation probl\u00e9matiques de l&rsquo;art non europ\u00e9en \u00e0 l&rsquo;\u00e9poque moderne. Les sculptures ouvrent de nombreuses Associations avec l&rsquo;histoire de l&rsquo;art, qu&rsquo;il s&rsquo;agisse des figures de Sophie Taeuber-Arp, du Bauhaus, des caricatures ou des collages surr\u00e9alistes. Le public est invit\u00e9 \u00e0 agir lui-m\u00eame : l&rsquo;assemblage de bols, pinces \u00e0 linge, cuill\u00e8res en bois, une passoire \u00e0 p\u00e2tes, une planche \u00e0 laver, des cintres, des t\u00eates de perruque et d&rsquo;autres objets en bois donne forme \u00e0 des personnages grandeur nature.<\/p>\n\n\n\n<figure class=\"wp-block-image size-large\"><a href=\"https:\/\/bale.ch\/journal\/wp-content\/uploads\/2025\/04\/wiebke_siem.jpg\"><img loading=\"lazy\" decoding=\"async\" width=\"1024\" height=\"681\" src=\"https:\/\/bale.ch\/journal\/wp-content\/uploads\/2025\/04\/wiebke_siem-1024x681.jpg\" alt=\"\" class=\"wp-image-3755\" srcset=\"https:\/\/bale.ch\/journal\/wp-content\/uploads\/2025\/04\/wiebke_siem-1024x681.jpg 1024w, https:\/\/bale.ch\/journal\/wp-content\/uploads\/2025\/04\/wiebke_siem-300x200.jpg 300w, https:\/\/bale.ch\/journal\/wp-content\/uploads\/2025\/04\/wiebke_siem-768x511.jpg 768w, https:\/\/bale.ch\/journal\/wp-content\/uploads\/2025\/04\/wiebke_siem-900x600.jpg 900w, https:\/\/bale.ch\/journal\/wp-content\/uploads\/2025\/04\/wiebke_siem.jpg 1076w\" sizes=\"auto, (max-width: 1024px) 100vw, 1024px\" \/><\/a><figcaption class=\"wp-element-caption\">Wiebke Siem: Der Traum der Dinge. <em>Photo Sofia Dominguez &#8211; tonalli.ch<\/em><\/figcaption><\/figure>\n\n\n\n<p class=\"wp-block-paragraph\">M\u00e9decins Sans Fronti\u00e8res s&rsquo;associe chaque ann\u00e9e avec des illustrateurs de diff\u00e9rents pays pour sa communication. Cette ann\u00e9e, l&rsquo;ONG a choisi la Mexicaine <strong>Herenia Gonz\u00e1lez <\/strong>\u00e0 qui il a \u00e9t\u00e9 demand\u00e9 de recueillir ses impressions et les histoires de quelques uns des 500&rsquo;000 migrant\u00b7e\u00b7s qui tentent de transiter par le Mexique chaque ann\u00e9e, fuyant la violence souvent extr\u00eame qui a court dans leur pays d&rsquo;origine. En chemin, ces personnes sont souvent expos\u00e9es aux violences et sont \u00e9galement r\u00e9guli\u00e8rement attaqu\u00e9es par des bandes criminelles. Le r\u00e9sultat de son travail est une bande dessin\u00e9e interactive qui a \u00e9t\u00e9 pr\u00e9sent\u00e9e pour la premi\u00e8re fois au Fumetto 2025.<\/p>\n\n\n<div class=\"wp-block-image\">\n<figure class=\"alignleft size-full is-resized\"><a href=\"https:\/\/bale.ch\/journal\/wp-content\/uploads\/2025\/04\/DSC_0441.jpg\"><img loading=\"lazy\" decoding=\"async\" width=\"891\" height=\"695\" src=\"https:\/\/bale.ch\/journal\/wp-content\/uploads\/2025\/04\/DSC_0441.jpg\" alt=\"\" class=\"wp-image-3767\" style=\"width:209px;height:auto\" srcset=\"https:\/\/bale.ch\/journal\/wp-content\/uploads\/2025\/04\/DSC_0441.jpg 891w, https:\/\/bale.ch\/journal\/wp-content\/uploads\/2025\/04\/DSC_0441-300x234.jpg 300w, https:\/\/bale.ch\/journal\/wp-content\/uploads\/2025\/04\/DSC_0441-768x599.jpg 768w\" sizes=\"auto, (max-width: 891px) 100vw, 891px\" \/><\/a><\/figure>\n<\/div>\n\n\n<p class=\"wp-block-paragraph\">De nombreux autres \u00e9v\u00e9nements et expositions sont \u00e0 voir dans le cadre du festival off, \u00e9parpill\u00e9s dans tout Lucerne, permettant au visiteur de d\u00e9couvrir cette magnifique ville lacustre jusqu&rsquo;au 13 avril 2025. R\u00e9cup\u00e9rez votre guide <em>\u00ab\u00a0Gazzetta\u00a0\u00bb<\/em> au point info de la gare ou au centre du festival situ\u00e9 dans la Kornsch\u00fctte. Plus d&rsquo;infos sur <strong><a href=\"https:\/\/fumetto.ch\/\">fumetto.ch<\/a><\/strong><\/p>\n\n\n\n<p class=\"wp-block-paragraph\"><\/p>\n\n\n\n<h2 class=\"wp-block-heading\">Ces articles pourraient aussi vous int\u00e9resser:<\/h2>\n\n\n\n<figure class=\"wp-block-embed is-type-wp-embed is-provider-journal-de-b-le-et-gen-ve wp-block-embed-journal-de-b-le-et-gen-ve\"><div class=\"wp-block-embed__wrapper\">\n<blockquote class=\"wp-embedded-content\" data-secret=\"YJAT52YuFi\"><a href=\"https:\/\/bale.ch\/journal\/bd-femetto_comic_festival_luzern_lucerne_2014\/\">BD \u2013 \u201c\u00catre \u00e9diteur aujourd\u2019hui\u201d en d\u00e9bat au Festival Fumetto de Lucerne<\/a><\/blockquote><iframe loading=\"lazy\" class=\"wp-embedded-content\" sandbox=\"allow-scripts\" security=\"restricted\" style=\"position: absolute; visibility: hidden;\" title=\"\u00ab\u00a0BD \u2013 \u201c\u00catre \u00e9diteur aujourd\u2019hui\u201d en d\u00e9bat au Festival Fumetto de Lucerne\u00a0\u00bb &#8212; Journal de B\u00e2le et Gen\u00e8ve\" src=\"https:\/\/bale.ch\/journal\/bd-femetto_comic_festival_luzern_lucerne_2014\/embed\/#?secret=TDex5l9pNE#?secret=YJAT52YuFi\" data-secret=\"YJAT52YuFi\" width=\"600\" height=\"338\" frameborder=\"0\" marginwidth=\"0\" marginheight=\"0\" scrolling=\"no\"><\/iframe>\n<\/div><\/figure>\n\n\n\n<figure class=\"wp-block-embed is-type-wp-embed is-provider-journal-de-b-le-et-gen-ve wp-block-embed-journal-de-b-le-et-gen-ve\"><div class=\"wp-block-embed__wrapper\">\n<blockquote class=\"wp-embedded-content\" data-secret=\"l0naj46mrc\"><a href=\"https:\/\/bale.ch\/journal\/mexique-centres-detention-migrants-droits-humains\/\">Le Mexique interdit l&rsquo;acc\u00e8s des centres de d\u00e9tentions de migrants aux d\u00e9fenseurs des droits humains<\/a><\/blockquote><iframe loading=\"lazy\" class=\"wp-embedded-content\" sandbox=\"allow-scripts\" security=\"restricted\" style=\"position: absolute; visibility: hidden;\" title=\"\u00ab\u00a0Le Mexique interdit l&rsquo;acc\u00e8s des centres de d\u00e9tentions de migrants aux d\u00e9fenseurs des droits humains\u00a0\u00bb &#8212; Journal de B\u00e2le et Gen\u00e8ve\" src=\"https:\/\/bale.ch\/journal\/mexique-centres-detention-migrants-droits-humains\/embed\/#?secret=g3fV9tFjxT#?secret=l0naj46mrc\" data-secret=\"l0naj46mrc\" width=\"600\" height=\"338\" frameborder=\"0\" marginwidth=\"0\" marginheight=\"0\" scrolling=\"no\"><\/iframe>\n<\/div><\/figure>\n<div id=\"crieu-532633924\" class=\"crieu-apres-le-contenu crieu-entity-placement\" style=\"margin-left: auto;margin-right: auto;text-align: center;\"><script async src=\"\/\/pagead2.googlesyndication.com\/pagead\/js\/adsbygoogle.js?client=ca-pub-5271584769416742\" crossorigin=\"anonymous\"><\/script><ins class=\"adsbygoogle\" style=\"display:block;\" data-ad-client=\"ca-pub-5271584769416742\" \ndata-ad-slot=\"9321250718\" \ndata-ad-format=\"auto\"><\/ins>\n<script> \n(adsbygoogle = window.adsbygoogle || []).push({}); \n<\/script>\n<\/div>","protected":false},"excerpt":{"rendered":"<p>Bien que le genre BD soit beaucoup moins populaire en Suisse al\u00e9manique &#8211; et dans le monde germanophone en g\u00e9n\u00e9ral &#8211; qu&rsquo;en francophonie, le festival de Lucerne rayonne loin \u00e0 <a href=\"https:\/\/bale.ch\/journal\/le-festival-de-bd-fumetto-de-lucerne-de-leipzig-au-mexique\/\" class=\"read-more button-fancy -red\"><span class=\"btn-arrow\"><\/span><span class=\"twp-read-more text\">Continuer la lecture<\/span><\/a><\/p>\n","protected":false},"author":3,"featured_media":3749,"comment_status":"closed","ping_status":"closed","sticky":false,"template":"","format":"standard","meta":{"footnotes":""},"categories":[103,10,18],"tags":[252,20,246,253,28,256,255,254],"class_list":["post-3745","post","type-post","status-publish","format-standard","has-post-thumbnail","hentry","category-actu","category-culture","category-sortir","tag-anna-haifisch","tag-bande-dessinee","tag-fumetto-festival","tag-herenia-gonzalez","tag-lucerne","tag-medecins-sans-frontieres","tag-strapazin","tag-wiebke-siem"],"yoast_head":"<!-- This site is optimized with the Yoast SEO plugin v28.3 - https:\/\/yoast.com\/product\/yoast-seo-wordpress\/ -->\n<title>Avec le festival Fumetto, Lucerne est toujours l&#039;un des hauts lieux de la BD - Journal de B\u00e2le et Gen\u00e8ve<\/title>\n<meta name=\"robots\" content=\"index, follow, max-snippet:-1, max-image-preview:large, max-video-preview:-1\" \/>\n<link rel=\"canonical\" href=\"https:\/\/bale.ch\/journal\/le-festival-de-bd-fumetto-de-lucerne-de-leipzig-au-mexique\/\" \/>\n<meta property=\"og:locale\" content=\"fr_FR\" \/>\n<meta property=\"og:type\" content=\"article\" \/>\n<meta property=\"og:title\" content=\"Avec le festival Fumetto, Lucerne est toujours l&#039;un des hauts lieux de la BD - Journal de B\u00e2le et Gen\u00e8ve\" \/>\n<meta property=\"og:description\" content=\"Bien que le genre BD soit beaucoup moins populaire en Suisse al\u00e9manique &#8211; et dans le monde germanophone en g\u00e9n\u00e9ral &#8211; qu&rsquo;en francophonie, le festival de Lucerne rayonne loin \u00e0 Continuer la lecture\" \/>\n<meta property=\"og:url\" content=\"https:\/\/bale.ch\/journal\/le-festival-de-bd-fumetto-de-lucerne-de-leipzig-au-mexique\/\" \/>\n<meta property=\"og:site_name\" content=\"Journal de B\u00e2le et Gen\u00e8ve\" \/>\n<meta property=\"article:published_time\" content=\"2025-04-09T17:27:44+00:00\" \/>\n<meta property=\"article:modified_time\" content=\"2025-04-10T11:09:04+00:00\" \/>\n<meta property=\"og:image\" content=\"https:\/\/bale.ch\/journal\/wp-content\/uploads\/2025\/04\/fumetto_lucerne_luzern_2025_.jpg\" \/>\n\t<meta property=\"og:image:width\" content=\"900\" \/>\n\t<meta property=\"og:image:height\" content=\"484\" \/>\n\t<meta property=\"og:image:type\" content=\"image\/jpeg\" \/>\n<meta name=\"author\" content=\"Alban Lavy\" \/>\n<meta name=\"twitter:card\" content=\"summary_large_image\" \/>\n<meta name=\"twitter:label1\" content=\"\u00c9crit par\" \/>\n\t<meta name=\"twitter:data1\" content=\"Alban Lavy\" \/>\n\t<meta name=\"twitter:label2\" content=\"Dur\u00e9e de lecture estim\u00e9e\" \/>\n\t<meta name=\"twitter:data2\" content=\"3 minutes\" \/>\n<script type=\"application\/ld+json\" class=\"yoast-schema-graph\">{\"@context\":\"https:\\\/\\\/schema.org\",\"@graph\":[{\"@type\":\"Article\",\"@id\":\"https:\\\/\\\/bale.ch\\\/journal\\\/le-festival-de-bd-fumetto-de-lucerne-de-leipzig-au-mexique\\\/#article\",\"isPartOf\":{\"@id\":\"https:\\\/\\\/bale.ch\\\/journal\\\/le-festival-de-bd-fumetto-de-lucerne-de-leipzig-au-mexique\\\/\"},\"author\":{\"name\":\"Alban Lavy\",\"@id\":\"https:\\\/\\\/bale.ch\\\/journal\\\/#\\\/schema\\\/person\\\/41bc7f908af0ffea5e38b8c5702e5626\"},\"headline\":\"Avec le festival Fumetto, Lucerne est toujours l&rsquo;un des hauts lieux de la BD\",\"datePublished\":\"2025-04-09T17:27:44+00:00\",\"dateModified\":\"2025-04-10T11:09:04+00:00\",\"mainEntityOfPage\":{\"@id\":\"https:\\\/\\\/bale.ch\\\/journal\\\/le-festival-de-bd-fumetto-de-lucerne-de-leipzig-au-mexique\\\/\"},\"wordCount\":556,\"publisher\":{\"@id\":\"https:\\\/\\\/bale.ch\\\/journal\\\/#organization\"},\"image\":{\"@id\":\"https:\\\/\\\/bale.ch\\\/journal\\\/le-festival-de-bd-fumetto-de-lucerne-de-leipzig-au-mexique\\\/#primaryimage\"},\"thumbnailUrl\":\"https:\\\/\\\/bale.ch\\\/journal\\\/wp-content\\\/uploads\\\/2025\\\/04\\\/fumetto_lucerne_luzern_2025_.jpg\",\"keywords\":[\"Anna Haifisch\",\"bande dessin\u00e9e\",\"Fumetto Festival\",\"Herenia Gonz\u00e1lez\",\"Lucerne\",\"M\u00e9decins sans fronti\u00e8res\",\"strapazin\",\"Wiebke Siem\"],\"articleSection\":[\"Actualit\u00e9s\",\"Culture\",\"Sortir\"],\"inLanguage\":\"fr-FR\"},{\"@type\":\"WebPage\",\"@id\":\"https:\\\/\\\/bale.ch\\\/journal\\\/le-festival-de-bd-fumetto-de-lucerne-de-leipzig-au-mexique\\\/\",\"url\":\"https:\\\/\\\/bale.ch\\\/journal\\\/le-festival-de-bd-fumetto-de-lucerne-de-leipzig-au-mexique\\\/\",\"name\":\"Avec le festival Fumetto, Lucerne est toujours l'un des hauts lieux de la BD - Journal de B\u00e2le et Gen\u00e8ve\",\"isPartOf\":{\"@id\":\"https:\\\/\\\/bale.ch\\\/journal\\\/#website\"},\"primaryImageOfPage\":{\"@id\":\"https:\\\/\\\/bale.ch\\\/journal\\\/le-festival-de-bd-fumetto-de-lucerne-de-leipzig-au-mexique\\\/#primaryimage\"},\"image\":{\"@id\":\"https:\\\/\\\/bale.ch\\\/journal\\\/le-festival-de-bd-fumetto-de-lucerne-de-leipzig-au-mexique\\\/#primaryimage\"},\"thumbnailUrl\":\"https:\\\/\\\/bale.ch\\\/journal\\\/wp-content\\\/uploads\\\/2025\\\/04\\\/fumetto_lucerne_luzern_2025_.jpg\",\"datePublished\":\"2025-04-09T17:27:44+00:00\",\"dateModified\":\"2025-04-10T11:09:04+00:00\",\"breadcrumb\":{\"@id\":\"https:\\\/\\\/bale.ch\\\/journal\\\/le-festival-de-bd-fumetto-de-lucerne-de-leipzig-au-mexique\\\/#breadcrumb\"},\"inLanguage\":\"fr-FR\",\"potentialAction\":[{\"@type\":\"ReadAction\",\"target\":[\"https:\\\/\\\/bale.ch\\\/journal\\\/le-festival-de-bd-fumetto-de-lucerne-de-leipzig-au-mexique\\\/\"]}]},{\"@type\":\"ImageObject\",\"inLanguage\":\"fr-FR\",\"@id\":\"https:\\\/\\\/bale.ch\\\/journal\\\/le-festival-de-bd-fumetto-de-lucerne-de-leipzig-au-mexique\\\/#primaryimage\",\"url\":\"https:\\\/\\\/bale.ch\\\/journal\\\/wp-content\\\/uploads\\\/2025\\\/04\\\/fumetto_lucerne_luzern_2025_.jpg\",\"contentUrl\":\"https:\\\/\\\/bale.ch\\\/journal\\\/wp-content\\\/uploads\\\/2025\\\/04\\\/fumetto_lucerne_luzern_2025_.jpg\",\"width\":900,\"height\":484},{\"@type\":\"BreadcrumbList\",\"@id\":\"https:\\\/\\\/bale.ch\\\/journal\\\/le-festival-de-bd-fumetto-de-lucerne-de-leipzig-au-mexique\\\/#breadcrumb\",\"itemListElement\":[{\"@type\":\"ListItem\",\"position\":1,\"name\":\"Accueil\",\"item\":\"https:\\\/\\\/bale.ch\\\/journal\\\/\"},{\"@type\":\"ListItem\",\"position\":2,\"name\":\"Avec le festival Fumetto, Lucerne est toujours l&rsquo;un des hauts lieux de la BD\"}]},{\"@type\":\"WebSite\",\"@id\":\"https:\\\/\\\/bale.ch\\\/journal\\\/#website\",\"url\":\"https:\\\/\\\/bale.ch\\\/journal\\\/\",\"name\":\"Journal de B\u00e2le et Gen\u00e8ve\",\"description\":\"M\u00e9dia transfrontalier d&#039;actualit\u00e9s - News\",\"publisher\":{\"@id\":\"https:\\\/\\\/bale.ch\\\/journal\\\/#organization\"},\"potentialAction\":[{\"@type\":\"SearchAction\",\"target\":{\"@type\":\"EntryPoint\",\"urlTemplate\":\"https:\\\/\\\/bale.ch\\\/journal\\\/?s={search_term_string}\"},\"query-input\":{\"@type\":\"PropertyValueSpecification\",\"valueRequired\":true,\"valueName\":\"search_term_string\"}}],\"inLanguage\":\"fr-FR\"},{\"@type\":\"Organization\",\"@id\":\"https:\\\/\\\/bale.ch\\\/journal\\\/#organization\",\"name\":\"Journal de B\u00e2le et Gen\u00e8ve\",\"url\":\"https:\\\/\\\/bale.ch\\\/journal\\\/\",\"logo\":{\"@type\":\"ImageObject\",\"inLanguage\":\"fr-FR\",\"@id\":\"https:\\\/\\\/bale.ch\\\/journal\\\/#\\\/schema\\\/logo\\\/image\\\/\",\"url\":\"https:\\\/\\\/bale.ch\\\/journal\\\/wp-content\\\/uploads\\\/2023\\\/07\\\/journaldebale_logo_2023_nb.png\",\"contentUrl\":\"https:\\\/\\\/bale.ch\\\/journal\\\/wp-content\\\/uploads\\\/2023\\\/07\\\/journaldebale_logo_2023_nb.png\",\"width\":371,\"height\":127,\"caption\":\"Journal de B\u00e2le et Gen\u00e8ve\"},\"image\":{\"@id\":\"https:\\\/\\\/bale.ch\\\/journal\\\/#\\\/schema\\\/logo\\\/image\\\/\"}},{\"@type\":\"Person\",\"@id\":\"https:\\\/\\\/bale.ch\\\/journal\\\/#\\\/schema\\\/person\\\/41bc7f908af0ffea5e38b8c5702e5626\",\"name\":\"Alban Lavy\",\"image\":{\"@type\":\"ImageObject\",\"inLanguage\":\"fr-FR\",\"@id\":\"https:\\\/\\\/secure.gravatar.com\\\/avatar\\\/4978c5bb7295400e15bebf9881bc4db7866592bc59ffa2f62511214a10f68804?s=96&d=mm&r=g\",\"url\":\"https:\\\/\\\/secure.gravatar.com\\\/avatar\\\/4978c5bb7295400e15bebf9881bc4db7866592bc59ffa2f62511214a10f68804?s=96&d=mm&r=g\",\"contentUrl\":\"https:\\\/\\\/secure.gravatar.com\\\/avatar\\\/4978c5bb7295400e15bebf9881bc4db7866592bc59ffa2f62511214a10f68804?s=96&d=mm&r=g\",\"caption\":\"Alban Lavy\"},\"sameAs\":[\"http:\\\/\\\/bale.ch\\\/administration\\\/zeitung\\\/albanlavy\\\/\"],\"url\":\"https:\\\/\\\/bale.ch\\\/journal\\\/author\\\/lavy\\\/\"}]}<\/script>\n<!-- \/ Yoast SEO plugin. -->","yoast_head_json":{"title":"Avec le festival Fumetto, Lucerne est toujours l'un des hauts lieux de la BD - Journal de B\u00e2le et Gen\u00e8ve","robots":{"index":"index","follow":"follow","max-snippet":"max-snippet:-1","max-image-preview":"max-image-preview:large","max-video-preview":"max-video-preview:-1"},"canonical":"https:\/\/bale.ch\/journal\/le-festival-de-bd-fumetto-de-lucerne-de-leipzig-au-mexique\/","og_locale":"fr_FR","og_type":"article","og_title":"Avec le festival Fumetto, Lucerne est toujours l'un des hauts lieux de la BD - Journal de B\u00e2le et Gen\u00e8ve","og_description":"Bien que le genre BD soit beaucoup moins populaire en Suisse al\u00e9manique &#8211; et dans le monde germanophone en g\u00e9n\u00e9ral &#8211; qu&rsquo;en francophonie, le festival de Lucerne rayonne loin \u00e0 Continuer la lecture","og_url":"https:\/\/bale.ch\/journal\/le-festival-de-bd-fumetto-de-lucerne-de-leipzig-au-mexique\/","og_site_name":"Journal de B\u00e2le et Gen\u00e8ve","article_published_time":"2025-04-09T17:27:44+00:00","article_modified_time":"2025-04-10T11:09:04+00:00","og_image":[{"width":900,"height":484,"url":"https:\/\/bale.ch\/journal\/wp-content\/uploads\/2025\/04\/fumetto_lucerne_luzern_2025_.jpg","type":"image\/jpeg"}],"author":"Alban Lavy","twitter_card":"summary_large_image","twitter_misc":{"\u00c9crit par":"Alban Lavy","Dur\u00e9e de lecture estim\u00e9e":"3 minutes"},"schema":{"@context":"https:\/\/schema.org","@graph":[{"@type":"Article","@id":"https:\/\/bale.ch\/journal\/le-festival-de-bd-fumetto-de-lucerne-de-leipzig-au-mexique\/#article","isPartOf":{"@id":"https:\/\/bale.ch\/journal\/le-festival-de-bd-fumetto-de-lucerne-de-leipzig-au-mexique\/"},"author":{"name":"Alban Lavy","@id":"https:\/\/bale.ch\/journal\/#\/schema\/person\/41bc7f908af0ffea5e38b8c5702e5626"},"headline":"Avec le festival Fumetto, Lucerne est toujours l&rsquo;un des hauts lieux de la BD","datePublished":"2025-04-09T17:27:44+00:00","dateModified":"2025-04-10T11:09:04+00:00","mainEntityOfPage":{"@id":"https:\/\/bale.ch\/journal\/le-festival-de-bd-fumetto-de-lucerne-de-leipzig-au-mexique\/"},"wordCount":556,"publisher":{"@id":"https:\/\/bale.ch\/journal\/#organization"},"image":{"@id":"https:\/\/bale.ch\/journal\/le-festival-de-bd-fumetto-de-lucerne-de-leipzig-au-mexique\/#primaryimage"},"thumbnailUrl":"https:\/\/bale.ch\/journal\/wp-content\/uploads\/2025\/04\/fumetto_lucerne_luzern_2025_.jpg","keywords":["Anna Haifisch","bande dessin\u00e9e","Fumetto Festival","Herenia Gonz\u00e1lez","Lucerne","M\u00e9decins sans fronti\u00e8res","strapazin","Wiebke Siem"],"articleSection":["Actualit\u00e9s","Culture","Sortir"],"inLanguage":"fr-FR"},{"@type":"WebPage","@id":"https:\/\/bale.ch\/journal\/le-festival-de-bd-fumetto-de-lucerne-de-leipzig-au-mexique\/","url":"https:\/\/bale.ch\/journal\/le-festival-de-bd-fumetto-de-lucerne-de-leipzig-au-mexique\/","name":"Avec le festival Fumetto, Lucerne est toujours l'un des hauts lieux de la BD - Journal de B\u00e2le et Gen\u00e8ve","isPartOf":{"@id":"https:\/\/bale.ch\/journal\/#website"},"primaryImageOfPage":{"@id":"https:\/\/bale.ch\/journal\/le-festival-de-bd-fumetto-de-lucerne-de-leipzig-au-mexique\/#primaryimage"},"image":{"@id":"https:\/\/bale.ch\/journal\/le-festival-de-bd-fumetto-de-lucerne-de-leipzig-au-mexique\/#primaryimage"},"thumbnailUrl":"https:\/\/bale.ch\/journal\/wp-content\/uploads\/2025\/04\/fumetto_lucerne_luzern_2025_.jpg","datePublished":"2025-04-09T17:27:44+00:00","dateModified":"2025-04-10T11:09:04+00:00","breadcrumb":{"@id":"https:\/\/bale.ch\/journal\/le-festival-de-bd-fumetto-de-lucerne-de-leipzig-au-mexique\/#breadcrumb"},"inLanguage":"fr-FR","potentialAction":[{"@type":"ReadAction","target":["https:\/\/bale.ch\/journal\/le-festival-de-bd-fumetto-de-lucerne-de-leipzig-au-mexique\/"]}]},{"@type":"ImageObject","inLanguage":"fr-FR","@id":"https:\/\/bale.ch\/journal\/le-festival-de-bd-fumetto-de-lucerne-de-leipzig-au-mexique\/#primaryimage","url":"https:\/\/bale.ch\/journal\/wp-content\/uploads\/2025\/04\/fumetto_lucerne_luzern_2025_.jpg","contentUrl":"https:\/\/bale.ch\/journal\/wp-content\/uploads\/2025\/04\/fumetto_lucerne_luzern_2025_.jpg","width":900,"height":484},{"@type":"BreadcrumbList","@id":"https:\/\/bale.ch\/journal\/le-festival-de-bd-fumetto-de-lucerne-de-leipzig-au-mexique\/#breadcrumb","itemListElement":[{"@type":"ListItem","position":1,"name":"Accueil","item":"https:\/\/bale.ch\/journal\/"},{"@type":"ListItem","position":2,"name":"Avec le festival Fumetto, Lucerne est toujours l&rsquo;un des hauts lieux de la BD"}]},{"@type":"WebSite","@id":"https:\/\/bale.ch\/journal\/#website","url":"https:\/\/bale.ch\/journal\/","name":"Journal de B\u00e2le et Gen\u00e8ve","description":"M\u00e9dia transfrontalier d&#039;actualit\u00e9s - News","publisher":{"@id":"https:\/\/bale.ch\/journal\/#organization"},"potentialAction":[{"@type":"SearchAction","target":{"@type":"EntryPoint","urlTemplate":"https:\/\/bale.ch\/journal\/?s={search_term_string}"},"query-input":{"@type":"PropertyValueSpecification","valueRequired":true,"valueName":"search_term_string"}}],"inLanguage":"fr-FR"},{"@type":"Organization","@id":"https:\/\/bale.ch\/journal\/#organization","name":"Journal de B\u00e2le et Gen\u00e8ve","url":"https:\/\/bale.ch\/journal\/","logo":{"@type":"ImageObject","inLanguage":"fr-FR","@id":"https:\/\/bale.ch\/journal\/#\/schema\/logo\/image\/","url":"https:\/\/bale.ch\/journal\/wp-content\/uploads\/2023\/07\/journaldebale_logo_2023_nb.png","contentUrl":"https:\/\/bale.ch\/journal\/wp-content\/uploads\/2023\/07\/journaldebale_logo_2023_nb.png","width":371,"height":127,"caption":"Journal de B\u00e2le et Gen\u00e8ve"},"image":{"@id":"https:\/\/bale.ch\/journal\/#\/schema\/logo\/image\/"}},{"@type":"Person","@id":"https:\/\/bale.ch\/journal\/#\/schema\/person\/41bc7f908af0ffea5e38b8c5702e5626","name":"Alban Lavy","image":{"@type":"ImageObject","inLanguage":"fr-FR","@id":"https:\/\/secure.gravatar.com\/avatar\/4978c5bb7295400e15bebf9881bc4db7866592bc59ffa2f62511214a10f68804?s=96&d=mm&r=g","url":"https:\/\/secure.gravatar.com\/avatar\/4978c5bb7295400e15bebf9881bc4db7866592bc59ffa2f62511214a10f68804?s=96&d=mm&r=g","contentUrl":"https:\/\/secure.gravatar.com\/avatar\/4978c5bb7295400e15bebf9881bc4db7866592bc59ffa2f62511214a10f68804?s=96&d=mm&r=g","caption":"Alban Lavy"},"sameAs":["http:\/\/bale.ch\/administration\/zeitung\/albanlavy\/"],"url":"https:\/\/bale.ch\/journal\/author\/lavy\/"}]}},"_links":{"self":[{"href":"https:\/\/bale.ch\/journal\/wp-json\/wp\/v2\/posts\/3745","targetHints":{"allow":["GET"]}}],"collection":[{"href":"https:\/\/bale.ch\/journal\/wp-json\/wp\/v2\/posts"}],"about":[{"href":"https:\/\/bale.ch\/journal\/wp-json\/wp\/v2\/types\/post"}],"author":[{"embeddable":true,"href":"https:\/\/bale.ch\/journal\/wp-json\/wp\/v2\/users\/3"}],"replies":[{"embeddable":true,"href":"https:\/\/bale.ch\/journal\/wp-json\/wp\/v2\/comments?post=3745"}],"version-history":[{"count":17,"href":"https:\/\/bale.ch\/journal\/wp-json\/wp\/v2\/posts\/3745\/revisions"}],"predecessor-version":[{"id":3776,"href":"https:\/\/bale.ch\/journal\/wp-json\/wp\/v2\/posts\/3745\/revisions\/3776"}],"wp:featuredmedia":[{"embeddable":true,"href":"https:\/\/bale.ch\/journal\/wp-json\/wp\/v2\/media\/3749"}],"wp:attachment":[{"href":"https:\/\/bale.ch\/journal\/wp-json\/wp\/v2\/media?parent=3745"}],"wp:term":[{"taxonomy":"category","embeddable":true,"href":"https:\/\/bale.ch\/journal\/wp-json\/wp\/v2\/categories?post=3745"},{"taxonomy":"post_tag","embeddable":true,"href":"https:\/\/bale.ch\/journal\/wp-json\/wp\/v2\/tags?post=3745"}],"curies":[{"name":"wp","href":"https:\/\/api.w.org\/{rel}","templated":true}]}}