{"id":3784,"date":"2025-09-22T18:00:16","date_gmt":"2025-09-22T18:00:16","guid":{"rendered":"https:\/\/bale.ch\/journal\/?p=3784"},"modified":"2025-09-22T18:01:04","modified_gmt":"2025-09-22T18:01:04","slug":"soleil-pluie-et-bonne-humeur-au-slowup-bale-dreiland","status":"publish","type":"post","link":"https:\/\/bale.ch\/journal\/soleil-pluie-et-bonne-humeur-au-slowup-bale-dreiland\/","title":{"rendered":"Soleil, pluie et bonne humeur au slowUp B\u00e2le-Dreiland"},"content":{"rendered":"\n<p class=\"wp-block-paragraph\">Ce dimanche, sous un soleil majoritairement ensoleill\u00e9, avec seulement quelques averses, pr\u00e8s de 51\u00a0000 participants ont parcouru le parcours slowUp B\u00e2le-Dreiland \u00e0 v\u00e9lo.<br><br>L&rsquo;ambiance \u00e9tait au beau fixe sur les trois boucles pi\u00e9tonnes, totalisant 62 kilom\u00e8tres. De nombreux lieux de f\u00eate jalonnent le parcours, proposant une vari\u00e9t\u00e9 culinaire, des animations et des pauses conviviales. Les sponsors nationaux et r\u00e9gionaux ont largement contribu\u00e9 au succ\u00e8s de la journ\u00e9e gr\u00e2ce \u00e0 leurs stands.<br><br>Le nouveau parcours a constitu\u00e9 un moment fort: l&rsquo;itin\u00e9raire adapt\u00e9, reliant Riehen \u00e0 Weil am Rhein en passant par les Lange Erlen et la zone portuaire, a pass\u00e9 son bapt\u00eame du feu avec brio.<br><br>En r\u00e9sum\u00e9, le slowUp B\u00e2le-Dreiland de cette ann\u00e9e a \u00e9t\u00e9 une fois de plus une exp\u00e9rience inoubliable pour petits et grands\u00a0!<\/p>\n\n\n\n<p class=\"wp-block-paragraph\">La prochaine \u00e9dition est pr\u00e9vue pour le 20 septembre 2026 avec toujours comme slogan: <em>\u00ab\u00a0Ensemble sur la route, ensemble en mouvement\u00a0\u00bb.<\/em><\/p>\n<div id=\"crieu-1602482284\" class=\"crieu-apres-le-contenu crieu-entity-placement\" style=\"margin-left: auto;margin-right: auto;text-align: center;\"><script async src=\"\/\/pagead2.googlesyndication.com\/pagead\/js\/adsbygoogle.js?client=ca-pub-5271584769416742\" crossorigin=\"anonymous\"><\/script><ins class=\"adsbygoogle\" style=\"display:block;\" data-ad-client=\"ca-pub-5271584769416742\" \ndata-ad-slot=\"9321250718\" \ndata-ad-format=\"auto\"><\/ins>\n<script> \n(adsbygoogle = window.adsbygoogle || []).push({}); \n<\/script>\n<\/div>","protected":false},"excerpt":{"rendered":"<p>Ce dimanche, sous un soleil majoritairement ensoleill\u00e9, avec seulement quelques averses, pr\u00e8s de 51\u00a0000 participants ont parcouru le parcours slowUp B\u00e2le-Dreiland \u00e0 v\u00e9lo. L&rsquo;ambiance \u00e9tait au beau fixe sur les <a href=\"https:\/\/bale.ch\/journal\/soleil-pluie-et-bonne-humeur-au-slowup-bale-dreiland\/\" class=\"read-more button-fancy -red\"><span class=\"btn-arrow\"><\/span><span class=\"twp-read-more text\">Continuer la lecture<\/span><\/a><\/p>\n","protected":false},"author":2,"featured_media":3785,"comment_status":"closed","ping_status":"closed","sticky":false,"template":"","format":"standard","meta":{"footnotes":""},"categories":[103,7],"tags":[60,123],"class_list":["post-3784","post","type-post","status-publish","format-standard","has-post-thumbnail","hentry","category-actu","category-bale","tag-bale","tag-basel"],"yoast_head":"<!-- This site is optimized with the Yoast SEO plugin v28.3 - https:\/\/yoast.com\/product\/yoast-seo-wordpress\/ -->\n<title>Soleil, pluie et bonne humeur au slowUp B\u00e2le-Dreiland - Journal de B\u00e2le et Gen\u00e8ve<\/title>\n<meta name=\"robots\" content=\"index, follow, max-snippet:-1, max-image-preview:large, max-video-preview:-1\" \/>\n<link rel=\"canonical\" href=\"https:\/\/bale.ch\/journal\/soleil-pluie-et-bonne-humeur-au-slowup-bale-dreiland\/\" \/>\n<meta property=\"og:locale\" content=\"fr_FR\" \/>\n<meta property=\"og:type\" content=\"article\" \/>\n<meta property=\"og:title\" content=\"Soleil, pluie et bonne humeur au slowUp B\u00e2le-Dreiland - Journal de B\u00e2le et Gen\u00e8ve\" \/>\n<meta property=\"og:description\" content=\"Ce dimanche, sous un soleil majoritairement ensoleill\u00e9, avec seulement quelques averses, pr\u00e8s de 51\u00a0000 participants ont parcouru le parcours slowUp B\u00e2le-Dreiland \u00e0 v\u00e9lo. L&rsquo;ambiance \u00e9tait au beau fixe sur les Continuer la lecture\" \/>\n<meta property=\"og:url\" content=\"https:\/\/bale.ch\/journal\/soleil-pluie-et-bonne-humeur-au-slowup-bale-dreiland\/\" \/>\n<meta property=\"og:site_name\" content=\"Journal de B\u00e2le et Gen\u00e8ve\" \/>\n<meta property=\"article:published_time\" content=\"2025-09-22T18:00:16+00:00\" \/>\n<meta property=\"article:modified_time\" content=\"2025-09-22T18:01:04+00:00\" \/>\n<meta property=\"og:image\" content=\"https:\/\/bale.ch\/journal\/wp-content\/uploads\/2025\/09\/slowup_basel.jpg\" \/>\n\t<meta property=\"og:image:width\" content=\"900\" \/>\n\t<meta property=\"og:image:height\" content=\"484\" \/>\n\t<meta property=\"og:image:type\" content=\"image\/jpeg\" \/>\n<meta name=\"author\" content=\"La R\u00e9daction\" \/>\n<meta name=\"twitter:card\" content=\"summary_large_image\" \/>\n<meta name=\"twitter:label1\" content=\"\u00c9crit par\" \/>\n\t<meta name=\"twitter:data1\" content=\"La R\u00e9daction\" \/>\n\t<meta name=\"twitter:label2\" content=\"Dur\u00e9e de lecture estim\u00e9e\" \/>\n\t<meta name=\"twitter:data2\" content=\"1 minute\" \/>\n<script type=\"application\/ld+json\" class=\"yoast-schema-graph\">{\"@context\":\"https:\\\/\\\/schema.org\",\"@graph\":[{\"@type\":\"Article\",\"@id\":\"https:\\\/\\\/bale.ch\\\/journal\\\/soleil-pluie-et-bonne-humeur-au-slowup-bale-dreiland\\\/#article\",\"isPartOf\":{\"@id\":\"https:\\\/\\\/bale.ch\\\/journal\\\/soleil-pluie-et-bonne-humeur-au-slowup-bale-dreiland\\\/\"},\"author\":{\"name\":\"La R\u00e9daction\",\"@id\":\"https:\\\/\\\/bale.ch\\\/journal\\\/#\\\/schema\\\/person\\\/03ced978db3b7a5274c5cef003f352f5\"},\"headline\":\"Soleil, pluie et bonne humeur au slowUp B\u00e2le-Dreiland\",\"datePublished\":\"2025-09-22T18:00:16+00:00\",\"dateModified\":\"2025-09-22T18:01:04+00:00\",\"mainEntityOfPage\":{\"@id\":\"https:\\\/\\\/bale.ch\\\/journal\\\/soleil-pluie-et-bonne-humeur-au-slowup-bale-dreiland\\\/\"},\"wordCount\":169,\"publisher\":{\"@id\":\"https:\\\/\\\/bale.ch\\\/journal\\\/#organization\"},\"image\":{\"@id\":\"https:\\\/\\\/bale.ch\\\/journal\\\/soleil-pluie-et-bonne-humeur-au-slowup-bale-dreiland\\\/#primaryimage\"},\"thumbnailUrl\":\"https:\\\/\\\/bale.ch\\\/journal\\\/wp-content\\\/uploads\\\/2025\\\/09\\\/slowup_basel.jpg\",\"keywords\":[\"B\u00e2le\",\"Basel\"],\"articleSection\":[\"Actualit\u00e9s\",\"B\u00e2le Trinationale\"],\"inLanguage\":\"fr-FR\"},{\"@type\":\"WebPage\",\"@id\":\"https:\\\/\\\/bale.ch\\\/journal\\\/soleil-pluie-et-bonne-humeur-au-slowup-bale-dreiland\\\/\",\"url\":\"https:\\\/\\\/bale.ch\\\/journal\\\/soleil-pluie-et-bonne-humeur-au-slowup-bale-dreiland\\\/\",\"name\":\"Soleil, pluie et bonne humeur au slowUp B\u00e2le-Dreiland - Journal de B\u00e2le et Gen\u00e8ve\",\"isPartOf\":{\"@id\":\"https:\\\/\\\/bale.ch\\\/journal\\\/#website\"},\"primaryImageOfPage\":{\"@id\":\"https:\\\/\\\/bale.ch\\\/journal\\\/soleil-pluie-et-bonne-humeur-au-slowup-bale-dreiland\\\/#primaryimage\"},\"image\":{\"@id\":\"https:\\\/\\\/bale.ch\\\/journal\\\/soleil-pluie-et-bonne-humeur-au-slowup-bale-dreiland\\\/#primaryimage\"},\"thumbnailUrl\":\"https:\\\/\\\/bale.ch\\\/journal\\\/wp-content\\\/uploads\\\/2025\\\/09\\\/slowup_basel.jpg\",\"datePublished\":\"2025-09-22T18:00:16+00:00\",\"dateModified\":\"2025-09-22T18:01:04+00:00\",\"breadcrumb\":{\"@id\":\"https:\\\/\\\/bale.ch\\\/journal\\\/soleil-pluie-et-bonne-humeur-au-slowup-bale-dreiland\\\/#breadcrumb\"},\"inLanguage\":\"fr-FR\",\"potentialAction\":[{\"@type\":\"ReadAction\",\"target\":[\"https:\\\/\\\/bale.ch\\\/journal\\\/soleil-pluie-et-bonne-humeur-au-slowup-bale-dreiland\\\/\"]}]},{\"@type\":\"ImageObject\",\"inLanguage\":\"fr-FR\",\"@id\":\"https:\\\/\\\/bale.ch\\\/journal\\\/soleil-pluie-et-bonne-humeur-au-slowup-bale-dreiland\\\/#primaryimage\",\"url\":\"https:\\\/\\\/bale.ch\\\/journal\\\/wp-content\\\/uploads\\\/2025\\\/09\\\/slowup_basel.jpg\",\"contentUrl\":\"https:\\\/\\\/bale.ch\\\/journal\\\/wp-content\\\/uploads\\\/2025\\\/09\\\/slowup_basel.jpg\",\"width\":900,\"height\":484},{\"@type\":\"BreadcrumbList\",\"@id\":\"https:\\\/\\\/bale.ch\\\/journal\\\/soleil-pluie-et-bonne-humeur-au-slowup-bale-dreiland\\\/#breadcrumb\",\"itemListElement\":[{\"@type\":\"ListItem\",\"position\":1,\"name\":\"Accueil\",\"item\":\"https:\\\/\\\/bale.ch\\\/journal\\\/\"},{\"@type\":\"ListItem\",\"position\":2,\"name\":\"Soleil, pluie et bonne humeur au slowUp B\u00e2le-Dreiland\"}]},{\"@type\":\"WebSite\",\"@id\":\"https:\\\/\\\/bale.ch\\\/journal\\\/#website\",\"url\":\"https:\\\/\\\/bale.ch\\\/journal\\\/\",\"name\":\"Journal de B\u00e2le et Gen\u00e8ve\",\"description\":\"M\u00e9dia transfrontalier d&#039;actualit\u00e9s - News\",\"publisher\":{\"@id\":\"https:\\\/\\\/bale.ch\\\/journal\\\/#organization\"},\"potentialAction\":[{\"@type\":\"SearchAction\",\"target\":{\"@type\":\"EntryPoint\",\"urlTemplate\":\"https:\\\/\\\/bale.ch\\\/journal\\\/?s={search_term_string}\"},\"query-input\":{\"@type\":\"PropertyValueSpecification\",\"valueRequired\":true,\"valueName\":\"search_term_string\"}}],\"inLanguage\":\"fr-FR\"},{\"@type\":\"Organization\",\"@id\":\"https:\\\/\\\/bale.ch\\\/journal\\\/#organization\",\"name\":\"Journal de B\u00e2le et Gen\u00e8ve\",\"url\":\"https:\\\/\\\/bale.ch\\\/journal\\\/\",\"logo\":{\"@type\":\"ImageObject\",\"inLanguage\":\"fr-FR\",\"@id\":\"https:\\\/\\\/bale.ch\\\/journal\\\/#\\\/schema\\\/logo\\\/image\\\/\",\"url\":\"https:\\\/\\\/bale.ch\\\/journal\\\/wp-content\\\/uploads\\\/2023\\\/07\\\/journaldebale_logo_2023_nb.png\",\"contentUrl\":\"https:\\\/\\\/bale.ch\\\/journal\\\/wp-content\\\/uploads\\\/2023\\\/07\\\/journaldebale_logo_2023_nb.png\",\"width\":371,\"height\":127,\"caption\":\"Journal de B\u00e2le et Gen\u00e8ve\"},\"image\":{\"@id\":\"https:\\\/\\\/bale.ch\\\/journal\\\/#\\\/schema\\\/logo\\\/image\\\/\"}},{\"@type\":\"Person\",\"@id\":\"https:\\\/\\\/bale.ch\\\/journal\\\/#\\\/schema\\\/person\\\/03ced978db3b7a5274c5cef003f352f5\",\"name\":\"La R\u00e9daction\",\"image\":{\"@type\":\"ImageObject\",\"inLanguage\":\"fr-FR\",\"@id\":\"https:\\\/\\\/secure.gravatar.com\\\/avatar\\\/d1327e2ce8d2b860112f968a3f34686c9bdda7a463a1502cdd1070ac9d88cf1e?s=96&d=mm&r=g\",\"url\":\"https:\\\/\\\/secure.gravatar.com\\\/avatar\\\/d1327e2ce8d2b860112f968a3f34686c9bdda7a463a1502cdd1070ac9d88cf1e?s=96&d=mm&r=g\",\"contentUrl\":\"https:\\\/\\\/secure.gravatar.com\\\/avatar\\\/d1327e2ce8d2b860112f968a3f34686c9bdda7a463a1502cdd1070ac9d88cf1e?s=96&d=mm&r=g\",\"caption\":\"La R\u00e9daction\"},\"url\":\"https:\\\/\\\/bale.ch\\\/journal\\\/author\\\/laredaction\\\/\"}]}<\/script>\n<!-- \/ Yoast SEO plugin. -->","yoast_head_json":{"title":"Soleil, pluie et bonne humeur au slowUp B\u00e2le-Dreiland - Journal de B\u00e2le et Gen\u00e8ve","robots":{"index":"index","follow":"follow","max-snippet":"max-snippet:-1","max-image-preview":"max-image-preview:large","max-video-preview":"max-video-preview:-1"},"canonical":"https:\/\/bale.ch\/journal\/soleil-pluie-et-bonne-humeur-au-slowup-bale-dreiland\/","og_locale":"fr_FR","og_type":"article","og_title":"Soleil, pluie et bonne humeur au slowUp B\u00e2le-Dreiland - Journal de B\u00e2le et Gen\u00e8ve","og_description":"Ce dimanche, sous un soleil majoritairement ensoleill\u00e9, avec seulement quelques averses, pr\u00e8s de 51\u00a0000 participants ont parcouru le parcours slowUp B\u00e2le-Dreiland \u00e0 v\u00e9lo. L&rsquo;ambiance \u00e9tait au beau fixe sur les Continuer la lecture","og_url":"https:\/\/bale.ch\/journal\/soleil-pluie-et-bonne-humeur-au-slowup-bale-dreiland\/","og_site_name":"Journal de B\u00e2le et Gen\u00e8ve","article_published_time":"2025-09-22T18:00:16+00:00","article_modified_time":"2025-09-22T18:01:04+00:00","og_image":[{"width":900,"height":484,"url":"https:\/\/bale.ch\/journal\/wp-content\/uploads\/2025\/09\/slowup_basel.jpg","type":"image\/jpeg"}],"author":"La R\u00e9daction","twitter_card":"summary_large_image","twitter_misc":{"\u00c9crit par":"La R\u00e9daction","Dur\u00e9e de lecture estim\u00e9e":"1 minute"},"schema":{"@context":"https:\/\/schema.org","@graph":[{"@type":"Article","@id":"https:\/\/bale.ch\/journal\/soleil-pluie-et-bonne-humeur-au-slowup-bale-dreiland\/#article","isPartOf":{"@id":"https:\/\/bale.ch\/journal\/soleil-pluie-et-bonne-humeur-au-slowup-bale-dreiland\/"},"author":{"name":"La R\u00e9daction","@id":"https:\/\/bale.ch\/journal\/#\/schema\/person\/03ced978db3b7a5274c5cef003f352f5"},"headline":"Soleil, pluie et bonne humeur au slowUp B\u00e2le-Dreiland","datePublished":"2025-09-22T18:00:16+00:00","dateModified":"2025-09-22T18:01:04+00:00","mainEntityOfPage":{"@id":"https:\/\/bale.ch\/journal\/soleil-pluie-et-bonne-humeur-au-slowup-bale-dreiland\/"},"wordCount":169,"publisher":{"@id":"https:\/\/bale.ch\/journal\/#organization"},"image":{"@id":"https:\/\/bale.ch\/journal\/soleil-pluie-et-bonne-humeur-au-slowup-bale-dreiland\/#primaryimage"},"thumbnailUrl":"https:\/\/bale.ch\/journal\/wp-content\/uploads\/2025\/09\/slowup_basel.jpg","keywords":["B\u00e2le","Basel"],"articleSection":["Actualit\u00e9s","B\u00e2le Trinationale"],"inLanguage":"fr-FR"},{"@type":"WebPage","@id":"https:\/\/bale.ch\/journal\/soleil-pluie-et-bonne-humeur-au-slowup-bale-dreiland\/","url":"https:\/\/bale.ch\/journal\/soleil-pluie-et-bonne-humeur-au-slowup-bale-dreiland\/","name":"Soleil, pluie et bonne humeur au slowUp B\u00e2le-Dreiland - Journal de B\u00e2le et Gen\u00e8ve","isPartOf":{"@id":"https:\/\/bale.ch\/journal\/#website"},"primaryImageOfPage":{"@id":"https:\/\/bale.ch\/journal\/soleil-pluie-et-bonne-humeur-au-slowup-bale-dreiland\/#primaryimage"},"image":{"@id":"https:\/\/bale.ch\/journal\/soleil-pluie-et-bonne-humeur-au-slowup-bale-dreiland\/#primaryimage"},"thumbnailUrl":"https:\/\/bale.ch\/journal\/wp-content\/uploads\/2025\/09\/slowup_basel.jpg","datePublished":"2025-09-22T18:00:16+00:00","dateModified":"2025-09-22T18:01:04+00:00","breadcrumb":{"@id":"https:\/\/bale.ch\/journal\/soleil-pluie-et-bonne-humeur-au-slowup-bale-dreiland\/#breadcrumb"},"inLanguage":"fr-FR","potentialAction":[{"@type":"ReadAction","target":["https:\/\/bale.ch\/journal\/soleil-pluie-et-bonne-humeur-au-slowup-bale-dreiland\/"]}]},{"@type":"ImageObject","inLanguage":"fr-FR","@id":"https:\/\/bale.ch\/journal\/soleil-pluie-et-bonne-humeur-au-slowup-bale-dreiland\/#primaryimage","url":"https:\/\/bale.ch\/journal\/wp-content\/uploads\/2025\/09\/slowup_basel.jpg","contentUrl":"https:\/\/bale.ch\/journal\/wp-content\/uploads\/2025\/09\/slowup_basel.jpg","width":900,"height":484},{"@type":"BreadcrumbList","@id":"https:\/\/bale.ch\/journal\/soleil-pluie-et-bonne-humeur-au-slowup-bale-dreiland\/#breadcrumb","itemListElement":[{"@type":"ListItem","position":1,"name":"Accueil","item":"https:\/\/bale.ch\/journal\/"},{"@type":"ListItem","position":2,"name":"Soleil, pluie et bonne humeur au slowUp B\u00e2le-Dreiland"}]},{"@type":"WebSite","@id":"https:\/\/bale.ch\/journal\/#website","url":"https:\/\/bale.ch\/journal\/","name":"Journal de B\u00e2le et Gen\u00e8ve","description":"M\u00e9dia transfrontalier d&#039;actualit\u00e9s - News","publisher":{"@id":"https:\/\/bale.ch\/journal\/#organization"},"potentialAction":[{"@type":"SearchAction","target":{"@type":"EntryPoint","urlTemplate":"https:\/\/bale.ch\/journal\/?s={search_term_string}"},"query-input":{"@type":"PropertyValueSpecification","valueRequired":true,"valueName":"search_term_string"}}],"inLanguage":"fr-FR"},{"@type":"Organization","@id":"https:\/\/bale.ch\/journal\/#organization","name":"Journal de B\u00e2le et Gen\u00e8ve","url":"https:\/\/bale.ch\/journal\/","logo":{"@type":"ImageObject","inLanguage":"fr-FR","@id":"https:\/\/bale.ch\/journal\/#\/schema\/logo\/image\/","url":"https:\/\/bale.ch\/journal\/wp-content\/uploads\/2023\/07\/journaldebale_logo_2023_nb.png","contentUrl":"https:\/\/bale.ch\/journal\/wp-content\/uploads\/2023\/07\/journaldebale_logo_2023_nb.png","width":371,"height":127,"caption":"Journal de B\u00e2le et Gen\u00e8ve"},"image":{"@id":"https:\/\/bale.ch\/journal\/#\/schema\/logo\/image\/"}},{"@type":"Person","@id":"https:\/\/bale.ch\/journal\/#\/schema\/person\/03ced978db3b7a5274c5cef003f352f5","name":"La R\u00e9daction","image":{"@type":"ImageObject","inLanguage":"fr-FR","@id":"https:\/\/secure.gravatar.com\/avatar\/d1327e2ce8d2b860112f968a3f34686c9bdda7a463a1502cdd1070ac9d88cf1e?s=96&d=mm&r=g","url":"https:\/\/secure.gravatar.com\/avatar\/d1327e2ce8d2b860112f968a3f34686c9bdda7a463a1502cdd1070ac9d88cf1e?s=96&d=mm&r=g","contentUrl":"https:\/\/secure.gravatar.com\/avatar\/d1327e2ce8d2b860112f968a3f34686c9bdda7a463a1502cdd1070ac9d88cf1e?s=96&d=mm&r=g","caption":"La R\u00e9daction"},"url":"https:\/\/bale.ch\/journal\/author\/laredaction\/"}]}},"_links":{"self":[{"href":"https:\/\/bale.ch\/journal\/wp-json\/wp\/v2\/posts\/3784","targetHints":{"allow":["GET"]}}],"collection":[{"href":"https:\/\/bale.ch\/journal\/wp-json\/wp\/v2\/posts"}],"about":[{"href":"https:\/\/bale.ch\/journal\/wp-json\/wp\/v2\/types\/post"}],"author":[{"embeddable":true,"href":"https:\/\/bale.ch\/journal\/wp-json\/wp\/v2\/users\/2"}],"replies":[{"embeddable":true,"href":"https:\/\/bale.ch\/journal\/wp-json\/wp\/v2\/comments?post=3784"}],"version-history":[{"count":2,"href":"https:\/\/bale.ch\/journal\/wp-json\/wp\/v2\/posts\/3784\/revisions"}],"predecessor-version":[{"id":3787,"href":"https:\/\/bale.ch\/journal\/wp-json\/wp\/v2\/posts\/3784\/revisions\/3787"}],"wp:featuredmedia":[{"embeddable":true,"href":"https:\/\/bale.ch\/journal\/wp-json\/wp\/v2\/media\/3785"}],"wp:attachment":[{"href":"https:\/\/bale.ch\/journal\/wp-json\/wp\/v2\/media?parent=3784"}],"wp:term":[{"taxonomy":"category","embeddable":true,"href":"https:\/\/bale.ch\/journal\/wp-json\/wp\/v2\/categories?post=3784"},{"taxonomy":"post_tag","embeddable":true,"href":"https:\/\/bale.ch\/journal\/wp-json\/wp\/v2\/tags?post=3784"}],"curies":[{"name":"wp","href":"https:\/\/api.w.org\/{rel}","templated":true}]}}