{"id":382,"date":"2016-02-17T01:21:34","date_gmt":"2016-02-17T01:21:34","guid":{"rendered":"http:\/\/bale.ch\/journal\/?p=382"},"modified":"2016-07-24T19:39:20","modified_gmt":"2016-07-24T19:39:20","slug":"carnaval-bale-2016","status":"publish","type":"post","link":"https:\/\/bale.ch\/journal\/carnaval-bale-2016\/","title":{"rendered":"Carnaval de B\u00e2le 2016: \u00abDrey Scheenschte D\u00e4\u00e4g\u00bb"},"content":{"rendered":"<p><strong>B\u00e2le est en train de vivre ses \u00ab\u00a0drey scheenschte D\u00e4\u00e4g\u00a0\u00bb (trois jours les plus beaux) de l\u2019ann\u00e9e, comme le disent commun\u00e9ment les B\u00e2lois.<\/strong><\/p>\n<p><!--more--><\/p>\n<div id='gallery-1' class='gallery galleryid-382 gallery-columns-2 gallery-size-full'><figure class='gallery-item'>\n\t\t\t<div class='gallery-icon landscape'>\n\t\t\t\t<a href='https:\/\/bale.ch\/journal\/carnaval-bale-2016\/1-fasnacht\/'><img loading=\"lazy\" decoding=\"async\" width=\"1366\" height=\"768\" src=\"https:\/\/bale.ch\/journal\/wp-content\/uploads\/2016\/02\/1-Fasnacht.jpg\" class=\"attachment-full size-full\" alt=\"\" srcset=\"https:\/\/bale.ch\/journal\/wp-content\/uploads\/2016\/02\/1-Fasnacht.jpg 1366w, https:\/\/bale.ch\/journal\/wp-content\/uploads\/2016\/02\/1-Fasnacht-300x169.jpg 300w, https:\/\/bale.ch\/journal\/wp-content\/uploads\/2016\/02\/1-Fasnacht-768x432.jpg 768w, https:\/\/bale.ch\/journal\/wp-content\/uploads\/2016\/02\/1-Fasnacht-1024x576.jpg 1024w, https:\/\/bale.ch\/journal\/wp-content\/uploads\/2016\/02\/1-Fasnacht-777x437.jpg 777w, https:\/\/bale.ch\/journal\/wp-content\/uploads\/2016\/02\/1-Fasnacht-260x146.jpg 260w, https:\/\/bale.ch\/journal\/wp-content\/uploads\/2016\/02\/1-Fasnacht-120x67.jpg 120w\" sizes=\"auto, (max-width: 1366px) 100vw, 1366px\" \/><\/a>\n\t\t\t<\/div><\/figure><figure class='gallery-item'>\n\t\t\t<div class='gallery-icon landscape'>\n\t\t\t\t<a href='https:\/\/bale.ch\/journal\/carnaval-bale-2016\/2-fasnacht\/'><img loading=\"lazy\" decoding=\"async\" width=\"1366\" height=\"768\" src=\"https:\/\/bale.ch\/journal\/wp-content\/uploads\/2016\/02\/2-Fasnacht.jpg\" class=\"attachment-full size-full\" alt=\"\" srcset=\"https:\/\/bale.ch\/journal\/wp-content\/uploads\/2016\/02\/2-Fasnacht.jpg 1366w, https:\/\/bale.ch\/journal\/wp-content\/uploads\/2016\/02\/2-Fasnacht-300x169.jpg 300w, https:\/\/bale.ch\/journal\/wp-content\/uploads\/2016\/02\/2-Fasnacht-768x432.jpg 768w, https:\/\/bale.ch\/journal\/wp-content\/uploads\/2016\/02\/2-Fasnacht-1024x576.jpg 1024w, https:\/\/bale.ch\/journal\/wp-content\/uploads\/2016\/02\/2-Fasnacht-777x437.jpg 777w, https:\/\/bale.ch\/journal\/wp-content\/uploads\/2016\/02\/2-Fasnacht-260x146.jpg 260w, https:\/\/bale.ch\/journal\/wp-content\/uploads\/2016\/02\/2-Fasnacht-120x67.jpg 120w\" sizes=\"auto, (max-width: 1366px) 100vw, 1366px\" \/><\/a>\n\t\t\t<\/div><\/figure>\n\t\t<\/div>\n\n<p>&nbsp;<\/p>\n<p>Du\u00a015 au 17 f\u00e9vrier, trois jours durant, le\u00a0<strong>Fasnacht<\/strong>,\u00a0carnaval le plus important de Suisse,\u00a0attire quelques 20&rsquo;000 carnavaliers et r\u00e9unit\u00a0465 unit\u00e9s\u00a0en tout, chars, Guggen Musik, petites et \u00a0grandes cliques. Il commence le lundi suivant le\u00a0<a href=\"https:\/\/fr.wikipedia.org\/wiki\/Mercredi_des_Cendres\">mercredi des Cendres<\/a>\u00a0\u00e0 4 heures du matin avec le\u00a0\u00ab\u00a0<a href=\"https:\/\/fr.wikipedia.org\/w\/index.php?title=Morgestraich&amp;action=edit&amp;redlink=1\">Morgenstreich<\/a>\u00a0\u00bb, un d\u00e9fil\u00e9 de lanternes. Les festivit\u00e9s durent exactement 72 heures et se terminent le jeudi \u00e0 4 heures. Des\u00a0<a href=\"https:\/\/fr.wikipedia.org\/wiki\/Clique_(musique)\">cliques<\/a>\u00a0d\u00e9ambulent dans les rues de la ville, envahissent les pintes et les commerces. Pendant le carnaval les\u00a0<a href=\"https:\/\/fr.wikipedia.org\/wiki\/Fifre_(musique)\">fifres<\/a>\u00a0et\u00a0<a href=\"https:\/\/fr.wikipedia.org\/wiki\/Tambour_(musique)\">tambours<\/a>\u00a0r\u00e9sonnent dans toute la ville de\u00a0<a href=\"https:\/\/fr.wikipedia.org\/wiki\/B%C3%A2le\">B\u00e2le<\/a>\u00a0et ceci pour le plaisir de toute la population locale et des touristes qui y viennent en masse, pour y\u00a0d\u00e9guster, entre autres, la traditionnelle soupe de farine ainsi que des d\u00e9licieuses tartes aux oignons et au fromage.<\/p>\n<p>Chaque ann\u00e9e, un th\u00e8me domine. En 2016,\u00a0200 diff\u00e9rents sujets ont \u00e9t\u00e9 annonc\u00e9s dont la moiti\u00e9 concerne la situation de la ville de B\u00e2le : la mort de centre-ville et des petits commerces, le th\u00e8me du trafic, celui du manger et boire, de l\u2019argent et de la corruption, du travail, reviennent comme toujours et de nombreux sujets politiques. La fusion B\u00e2le-ville B\u00e2le-campagne \u00a0est un sujet qui ne semble int\u00e9resser \u00a0que tr\u00e8s peu de monde, \u00a0tout comme les questions relatives \u00e0 l\u2019environnement.<\/p><div id=\"crieu-546514674\" class=\"crieu-content crieu-entity-placement\"><script async src=\"\/\/pagead2.googlesyndication.com\/pagead\/js\/adsbygoogle.js?client=ca-pub-5271584769416742\" crossorigin=\"anonymous\"><\/script><ins class=\"adsbygoogle\" style=\"display:block;\" data-ad-client=\"ca-pub-5271584769416742\" \ndata-ad-slot=\"9321250718\" \ndata-ad-format=\"auto\"><\/ins>\n<script> \n(adsbygoogle = window.adsbygoogle || []).push({}); \n<\/script>\n<\/div>\n<div id='gallery-2' class='gallery galleryid-382 gallery-columns-2 gallery-size-full'><figure class='gallery-item'>\n\t\t\t<div class='gallery-icon landscape'>\n\t\t\t\t<a href='https:\/\/bale.ch\/journal\/carnaval-bale-2016\/4-fasnacht\/'><img loading=\"lazy\" decoding=\"async\" width=\"1366\" height=\"768\" src=\"https:\/\/bale.ch\/journal\/wp-content\/uploads\/2016\/02\/4-Fasnacht.jpg\" class=\"attachment-full size-full\" alt=\"\" srcset=\"https:\/\/bale.ch\/journal\/wp-content\/uploads\/2016\/02\/4-Fasnacht.jpg 1366w, https:\/\/bale.ch\/journal\/wp-content\/uploads\/2016\/02\/4-Fasnacht-300x169.jpg 300w, https:\/\/bale.ch\/journal\/wp-content\/uploads\/2016\/02\/4-Fasnacht-768x432.jpg 768w, https:\/\/bale.ch\/journal\/wp-content\/uploads\/2016\/02\/4-Fasnacht-1024x576.jpg 1024w, https:\/\/bale.ch\/journal\/wp-content\/uploads\/2016\/02\/4-Fasnacht-777x437.jpg 777w, https:\/\/bale.ch\/journal\/wp-content\/uploads\/2016\/02\/4-Fasnacht-260x146.jpg 260w, https:\/\/bale.ch\/journal\/wp-content\/uploads\/2016\/02\/4-Fasnacht-120x67.jpg 120w\" sizes=\"auto, (max-width: 1366px) 100vw, 1366px\" \/><\/a>\n\t\t\t<\/div><\/figure><figure class='gallery-item'>\n\t\t\t<div class='gallery-icon landscape'>\n\t\t\t\t<a href='https:\/\/bale.ch\/journal\/carnaval-bale-2016\/5-fasnacht-3\/'><img loading=\"lazy\" decoding=\"async\" width=\"1272\" height=\"765\" src=\"https:\/\/bale.ch\/journal\/wp-content\/uploads\/2016\/02\/5-Fasnacht-2.jpg\" class=\"attachment-full size-full\" alt=\"\" srcset=\"https:\/\/bale.ch\/journal\/wp-content\/uploads\/2016\/02\/5-Fasnacht-2.jpg 1272w, https:\/\/bale.ch\/journal\/wp-content\/uploads\/2016\/02\/5-Fasnacht-2-300x180.jpg 300w, https:\/\/bale.ch\/journal\/wp-content\/uploads\/2016\/02\/5-Fasnacht-2-768x462.jpg 768w, https:\/\/bale.ch\/journal\/wp-content\/uploads\/2016\/02\/5-Fasnacht-2-1024x616.jpg 1024w\" sizes=\"auto, (max-width: 1272px) 100vw, 1272px\" \/><\/a>\n\t\t\t<\/div><\/figure>\n\t\t<\/div>\n\n<p>Le<strong>\u00a0<\/strong>lundi soir les cliques am\u00e8nent leurs lanternes jusqu\u2019\u00e0 la place de la cath\u00e9drale (M\u00fcnsterplatz).\u00a0Elles\u00a0y restent durant toute la journ\u00e9e et la soir\u00e9e du mardi, pour \u00eatre recherch\u00e9es le mercredi matin. Au m\u00eame moment et parall\u00e8lement \u00e0 l\u2019exposition des lanternes, les chars et toutes sortes d\u2019accessoires et d\u2019objets trouvent leur place\u00a0pr\u00e8s de la Kaserne dans le Petit B\u00e2le, pr\u00e9cis\u00e9ment\u00a0au soir apr\u00e8s le cort\u00e8ge du lundi jusqu\u2019au matin pr\u00e9c\u00e9dant le cort\u00e8ge du mercredi. Il est important de porter son insigne\u00a0pour avoir acc\u00e8s \u00e0 cette exposition Art de rue \u00e9ph\u00e9m\u00e8re et c\u2019est toujours une bonne occasion de d\u00e9couvrir ce qui occupe ou pr\u00e9occupe \u00a0les b\u00e2lois.<\/p>\n<p>L&rsquo;inventeur\u00a0et cr\u00e9ateur de l&rsquo;<strong>insigne 2016<\/strong> se nomme Guido Happle. Le graphiste et illustrateur gagne pour la premi\u00e8re fois le concours. Le th\u00e8me qu&rsquo;il a choisi pour le carnaval 2016 s&rsquo;intitule \u00ab<strong>Mer mache dicht<\/strong>\u00bb, c&rsquo;est-\u00e0-dire \u00abon met la clef sous la porte\u00bb. Ceci en relation avec un des th\u00e8mes qui anime\u00a0principalement les b\u00e2lois cette ann\u00e9e, \u00e0 savoir, \u00a0la mort de centre-ville et des petits commerces.<\/p>\n<figure style=\"width: 2500px\" class=\"wp-caption alignleft\"><img loading=\"lazy\" decoding=\"async\" src=\"http:\/\/www.fasnachts-comite.ch\/webautor-data\/127\/Alle_2.png\" alt=\"\" width=\"2500\" height=\"986\" \/><figcaption class=\"wp-caption-text\">Insignes Fasnacht 2016 par Guido Happle.<\/figcaption><\/figure>\n<p>Le mardi c\u2019est aussi le cort\u00e8ge des enfants (les \u00ab\u00a0Binggis\u00a0\u00bb) qui s&rsquo;adonnent \u00e0 coeur joie \u00e0 lancer des bonbons et \u00e0 arroser les passants de confettis multicolores. En d\u00e9but de soir\u00e9e et jusqu&rsquo;\u00e0 23 heures les diff\u00e9rents groupes de Gugge Musik se rassemblent \u00e0 la<strong>\u00a0<\/strong>M\u00fcnstermesse pour se rendre \u00e0 pied via\u00a0\u00abClarastrasse\u00bb puis \u00abMittlere Rheinbr\u00fccke\u00bb (le pont central qui relie le Petit B\u00e2le et le Grand B\u00e2le) pour arriver jusqu\u2019aux \u00abMarktplatz et Barf\u00fcsserplatz\u00bb. Les \u201eGugge-Musiken\u201c qui ne poursuivent pas la m\u00eame route donnent leur concert \u00e0 la \u00abClaraplatz\u00bb \u00e0 partir de 20 heures.<\/p>\n<p>Aujourd&rsquo;hui mercredi d\u00e8s 13h 3o, les cliques d\u00e9fileront encore une derni\u00e8re fois dans le centre ville et la f\u00eate se poursuivera jusqu&rsquo;au petit matin \u00e0 4 heures dans les rues et les diff\u00e9rentes caves priv\u00e9es que les cliques auront ouvertes pour l&rsquo;occasion.<\/p>\n<p>Le\u00a0\u00ab\u00a0schnizelbank\u00a0\u00bb\u00a0reste l&rsquo;une des attractions majeures de ce carnaval. Les\u00a0\u00ab\u00a0schnitzelbanks\u00a0\u00bb\u00a0sont des po\u00e8mes satiriques mais amusants sur les erreurs des dirigeants politiques ou \u00e9conomiques de la r\u00e9gion et du monde.<\/p>\n<p>&nbsp;<\/p>\n<p><em>Informations compl\u00e9mentaires\u00a0:<br \/>\n<\/em><a href=\"http:\/\/fasnacht.ch\">fasnacht.ch<br \/>\n<\/a><a href=\"http:\/\/www.fasnachts-comite.ch\/fr\">fasnachts-comite.ch<\/a><\/p>\n<div id=\"crieu-3530205783\" class=\"crieu-apres-le-contenu crieu-entity-placement\" style=\"margin-left: auto;margin-right: auto;text-align: center;\"><script async src=\"\/\/pagead2.googlesyndication.com\/pagead\/js\/adsbygoogle.js?client=ca-pub-5271584769416742\" crossorigin=\"anonymous\"><\/script><ins class=\"adsbygoogle\" style=\"display:block;\" data-ad-client=\"ca-pub-5271584769416742\" \ndata-ad-slot=\"9321250718\" \ndata-ad-format=\"auto\"><\/ins>\n<script> \n(adsbygoogle = window.adsbygoogle || []).push({}); \n<\/script>\n<\/div>","protected":false},"excerpt":{"rendered":"<p>B\u00e2le est en train de vivre ses \u00ab\u00a0drey scheenschte D\u00e4\u00e4g\u00a0\u00bb (trois jours les plus beaux) de l\u2019ann\u00e9e, comme le disent commun\u00e9ment les B\u00e2lois.<\/p>\n","protected":false},"author":20,"featured_media":385,"comment_status":"closed","ping_status":"closed","sticky":false,"template":"","format":"standard","meta":{"footnotes":""},"categories":[39,7],"tags":[],"class_list":["post-382","post","type-post","status-publish","format-standard","has-post-thumbnail","hentry","category-bale-decouverte","category-bale"],"yoast_head":"<!-- This site is optimized with the Yoast SEO plugin v28.3 - https:\/\/yoast.com\/product\/yoast-seo-wordpress\/ -->\n<title>Carnaval de B\u00e2le 2016: \u00abDrey Scheenschte D\u00e4\u00e4g\u00bb - Journal de B\u00e2le et Gen\u00e8ve<\/title>\n<meta name=\"robots\" content=\"index, follow, max-snippet:-1, max-image-preview:large, max-video-preview:-1\" \/>\n<link rel=\"canonical\" href=\"https:\/\/bale.ch\/journal\/carnaval-bale-2016\/\" \/>\n<meta property=\"og:locale\" content=\"fr_FR\" \/>\n<meta property=\"og:type\" content=\"article\" \/>\n<meta property=\"og:title\" content=\"Carnaval de B\u00e2le 2016: \u00abDrey Scheenschte D\u00e4\u00e4g\u00bb - Journal de B\u00e2le et Gen\u00e8ve\" \/>\n<meta property=\"og:description\" content=\"B\u00e2le est en train de vivre ses \u00ab\u00a0drey scheenschte D\u00e4\u00e4g\u00a0\u00bb (trois jours les plus beaux) de l\u2019ann\u00e9e, comme le disent commun\u00e9ment les B\u00e2lois.\" \/>\n<meta property=\"og:url\" content=\"https:\/\/bale.ch\/journal\/carnaval-bale-2016\/\" \/>\n<meta property=\"og:site_name\" content=\"Journal de B\u00e2le et Gen\u00e8ve\" \/>\n<meta property=\"article:published_time\" content=\"2016-02-17T01:21:34+00:00\" \/>\n<meta property=\"article:modified_time\" content=\"2016-07-24T19:39:20+00:00\" \/>\n<meta property=\"og:image\" content=\"https:\/\/bale.ch\/journal\/wp-content\/uploads\/2016\/02\/3-Fasnacht.jpg\" \/>\n\t<meta property=\"og:image:width\" content=\"1366\" \/>\n\t<meta property=\"og:image:height\" content=\"768\" \/>\n\t<meta property=\"og:image:type\" content=\"image\/jpeg\" \/>\n<meta name=\"author\" content=\"Anthony Kvaternik\" \/>\n<meta name=\"twitter:card\" content=\"summary_large_image\" \/>\n<meta name=\"twitter:label1\" content=\"\u00c9crit par\" \/>\n\t<meta name=\"twitter:data1\" content=\"Anthony Kvaternik\" \/>\n\t<meta name=\"twitter:label2\" content=\"Dur\u00e9e de lecture estim\u00e9e\" \/>\n\t<meta name=\"twitter:data2\" content=\"3 minutes\" \/>\n<script type=\"application\/ld+json\" class=\"yoast-schema-graph\">{\"@context\":\"https:\\\/\\\/schema.org\",\"@graph\":[{\"@type\":\"Article\",\"@id\":\"https:\\\/\\\/bale.ch\\\/journal\\\/carnaval-bale-2016\\\/#article\",\"isPartOf\":{\"@id\":\"https:\\\/\\\/bale.ch\\\/journal\\\/carnaval-bale-2016\\\/\"},\"author\":{\"name\":\"Anthony Kvaternik\",\"@id\":\"https:\\\/\\\/bale.ch\\\/journal\\\/#\\\/schema\\\/person\\\/b1e5c7fc925a490a48607bfdc7ee7539\"},\"headline\":\"Carnaval de B\u00e2le 2016: \u00abDrey Scheenschte D\u00e4\u00e4g\u00bb\",\"datePublished\":\"2016-02-17T01:21:34+00:00\",\"dateModified\":\"2016-07-24T19:39:20+00:00\",\"mainEntityOfPage\":{\"@id\":\"https:\\\/\\\/bale.ch\\\/journal\\\/carnaval-bale-2016\\\/\"},\"wordCount\":683,\"publisher\":{\"@id\":\"https:\\\/\\\/bale.ch\\\/journal\\\/#organization\"},\"image\":{\"@id\":\"https:\\\/\\\/bale.ch\\\/journal\\\/carnaval-bale-2016\\\/#primaryimage\"},\"thumbnailUrl\":\"https:\\\/\\\/bale.ch\\\/journal\\\/wp-content\\\/uploads\\\/2016\\\/02\\\/3-Fasnacht.jpg\",\"articleSection\":[\"B\u00e2le D\u00e9couverte\",\"B\u00e2le Trinationale\"],\"inLanguage\":\"fr-FR\"},{\"@type\":\"WebPage\",\"@id\":\"https:\\\/\\\/bale.ch\\\/journal\\\/carnaval-bale-2016\\\/\",\"url\":\"https:\\\/\\\/bale.ch\\\/journal\\\/carnaval-bale-2016\\\/\",\"name\":\"Carnaval de B\u00e2le 2016: \u00abDrey Scheenschte D\u00e4\u00e4g\u00bb - Journal de B\u00e2le et Gen\u00e8ve\",\"isPartOf\":{\"@id\":\"https:\\\/\\\/bale.ch\\\/journal\\\/#website\"},\"primaryImageOfPage\":{\"@id\":\"https:\\\/\\\/bale.ch\\\/journal\\\/carnaval-bale-2016\\\/#primaryimage\"},\"image\":{\"@id\":\"https:\\\/\\\/bale.ch\\\/journal\\\/carnaval-bale-2016\\\/#primaryimage\"},\"thumbnailUrl\":\"https:\\\/\\\/bale.ch\\\/journal\\\/wp-content\\\/uploads\\\/2016\\\/02\\\/3-Fasnacht.jpg\",\"datePublished\":\"2016-02-17T01:21:34+00:00\",\"dateModified\":\"2016-07-24T19:39:20+00:00\",\"breadcrumb\":{\"@id\":\"https:\\\/\\\/bale.ch\\\/journal\\\/carnaval-bale-2016\\\/#breadcrumb\"},\"inLanguage\":\"fr-FR\",\"potentialAction\":[{\"@type\":\"ReadAction\",\"target\":[\"https:\\\/\\\/bale.ch\\\/journal\\\/carnaval-bale-2016\\\/\"]}]},{\"@type\":\"ImageObject\",\"inLanguage\":\"fr-FR\",\"@id\":\"https:\\\/\\\/bale.ch\\\/journal\\\/carnaval-bale-2016\\\/#primaryimage\",\"url\":\"https:\\\/\\\/bale.ch\\\/journal\\\/wp-content\\\/uploads\\\/2016\\\/02\\\/3-Fasnacht.jpg\",\"contentUrl\":\"https:\\\/\\\/bale.ch\\\/journal\\\/wp-content\\\/uploads\\\/2016\\\/02\\\/3-Fasnacht.jpg\",\"width\":1366,\"height\":768},{\"@type\":\"BreadcrumbList\",\"@id\":\"https:\\\/\\\/bale.ch\\\/journal\\\/carnaval-bale-2016\\\/#breadcrumb\",\"itemListElement\":[{\"@type\":\"ListItem\",\"position\":1,\"name\":\"Accueil\",\"item\":\"https:\\\/\\\/bale.ch\\\/journal\\\/\"},{\"@type\":\"ListItem\",\"position\":2,\"name\":\"Carnaval de B\u00e2le 2016: \u00abDrey Scheenschte D\u00e4\u00e4g\u00bb\"}]},{\"@type\":\"WebSite\",\"@id\":\"https:\\\/\\\/bale.ch\\\/journal\\\/#website\",\"url\":\"https:\\\/\\\/bale.ch\\\/journal\\\/\",\"name\":\"Journal de B\u00e2le et Gen\u00e8ve\",\"description\":\"M\u00e9dia transfrontalier d&#039;actualit\u00e9s - News\",\"publisher\":{\"@id\":\"https:\\\/\\\/bale.ch\\\/journal\\\/#organization\"},\"potentialAction\":[{\"@type\":\"SearchAction\",\"target\":{\"@type\":\"EntryPoint\",\"urlTemplate\":\"https:\\\/\\\/bale.ch\\\/journal\\\/?s={search_term_string}\"},\"query-input\":{\"@type\":\"PropertyValueSpecification\",\"valueRequired\":true,\"valueName\":\"search_term_string\"}}],\"inLanguage\":\"fr-FR\"},{\"@type\":\"Organization\",\"@id\":\"https:\\\/\\\/bale.ch\\\/journal\\\/#organization\",\"name\":\"Journal de B\u00e2le et Gen\u00e8ve\",\"url\":\"https:\\\/\\\/bale.ch\\\/journal\\\/\",\"logo\":{\"@type\":\"ImageObject\",\"inLanguage\":\"fr-FR\",\"@id\":\"https:\\\/\\\/bale.ch\\\/journal\\\/#\\\/schema\\\/logo\\\/image\\\/\",\"url\":\"https:\\\/\\\/bale.ch\\\/journal\\\/wp-content\\\/uploads\\\/2023\\\/07\\\/journaldebale_logo_2023_nb.png\",\"contentUrl\":\"https:\\\/\\\/bale.ch\\\/journal\\\/wp-content\\\/uploads\\\/2023\\\/07\\\/journaldebale_logo_2023_nb.png\",\"width\":371,\"height\":127,\"caption\":\"Journal de B\u00e2le et Gen\u00e8ve\"},\"image\":{\"@id\":\"https:\\\/\\\/bale.ch\\\/journal\\\/#\\\/schema\\\/logo\\\/image\\\/\"}},{\"@type\":\"Person\",\"@id\":\"https:\\\/\\\/bale.ch\\\/journal\\\/#\\\/schema\\\/person\\\/b1e5c7fc925a490a48607bfdc7ee7539\",\"name\":\"Anthony Kvaternik\",\"image\":{\"@type\":\"ImageObject\",\"inLanguage\":\"fr-FR\",\"@id\":\"https:\\\/\\\/secure.gravatar.com\\\/avatar\\\/05956803611f99ba6bac4541cd9ea263c3adb13ee140301fb93c1880158c915a?s=96&d=mm&r=g\",\"url\":\"https:\\\/\\\/secure.gravatar.com\\\/avatar\\\/05956803611f99ba6bac4541cd9ea263c3adb13ee140301fb93c1880158c915a?s=96&d=mm&r=g\",\"contentUrl\":\"https:\\\/\\\/secure.gravatar.com\\\/avatar\\\/05956803611f99ba6bac4541cd9ea263c3adb13ee140301fb93c1880158c915a?s=96&d=mm&r=g\",\"caption\":\"Anthony Kvaternik\"},\"description\":\"R\u00e9dacteur r\u00e9gion B\u00e2le Dreiland\",\"url\":\"https:\\\/\\\/bale.ch\\\/journal\\\/author\\\/anthony\\\/\"}]}<\/script>\n<!-- \/ Yoast SEO plugin. -->","yoast_head_json":{"title":"Carnaval de B\u00e2le 2016: \u00abDrey Scheenschte D\u00e4\u00e4g\u00bb - Journal de B\u00e2le et Gen\u00e8ve","robots":{"index":"index","follow":"follow","max-snippet":"max-snippet:-1","max-image-preview":"max-image-preview:large","max-video-preview":"max-video-preview:-1"},"canonical":"https:\/\/bale.ch\/journal\/carnaval-bale-2016\/","og_locale":"fr_FR","og_type":"article","og_title":"Carnaval de B\u00e2le 2016: \u00abDrey Scheenschte D\u00e4\u00e4g\u00bb - Journal de B\u00e2le et Gen\u00e8ve","og_description":"B\u00e2le est en train de vivre ses \u00ab\u00a0drey scheenschte D\u00e4\u00e4g\u00a0\u00bb (trois jours les plus beaux) de l\u2019ann\u00e9e, comme le disent commun\u00e9ment les B\u00e2lois.","og_url":"https:\/\/bale.ch\/journal\/carnaval-bale-2016\/","og_site_name":"Journal de B\u00e2le et Gen\u00e8ve","article_published_time":"2016-02-17T01:21:34+00:00","article_modified_time":"2016-07-24T19:39:20+00:00","og_image":[{"width":1366,"height":768,"url":"https:\/\/bale.ch\/journal\/wp-content\/uploads\/2016\/02\/3-Fasnacht.jpg","type":"image\/jpeg"}],"author":"Anthony Kvaternik","twitter_card":"summary_large_image","twitter_misc":{"\u00c9crit par":"Anthony Kvaternik","Dur\u00e9e de lecture estim\u00e9e":"3 minutes"},"schema":{"@context":"https:\/\/schema.org","@graph":[{"@type":"Article","@id":"https:\/\/bale.ch\/journal\/carnaval-bale-2016\/#article","isPartOf":{"@id":"https:\/\/bale.ch\/journal\/carnaval-bale-2016\/"},"author":{"name":"Anthony Kvaternik","@id":"https:\/\/bale.ch\/journal\/#\/schema\/person\/b1e5c7fc925a490a48607bfdc7ee7539"},"headline":"Carnaval de B\u00e2le 2016: \u00abDrey Scheenschte D\u00e4\u00e4g\u00bb","datePublished":"2016-02-17T01:21:34+00:00","dateModified":"2016-07-24T19:39:20+00:00","mainEntityOfPage":{"@id":"https:\/\/bale.ch\/journal\/carnaval-bale-2016\/"},"wordCount":683,"publisher":{"@id":"https:\/\/bale.ch\/journal\/#organization"},"image":{"@id":"https:\/\/bale.ch\/journal\/carnaval-bale-2016\/#primaryimage"},"thumbnailUrl":"https:\/\/bale.ch\/journal\/wp-content\/uploads\/2016\/02\/3-Fasnacht.jpg","articleSection":["B\u00e2le D\u00e9couverte","B\u00e2le Trinationale"],"inLanguage":"fr-FR"},{"@type":"WebPage","@id":"https:\/\/bale.ch\/journal\/carnaval-bale-2016\/","url":"https:\/\/bale.ch\/journal\/carnaval-bale-2016\/","name":"Carnaval de B\u00e2le 2016: \u00abDrey Scheenschte D\u00e4\u00e4g\u00bb - Journal de B\u00e2le et Gen\u00e8ve","isPartOf":{"@id":"https:\/\/bale.ch\/journal\/#website"},"primaryImageOfPage":{"@id":"https:\/\/bale.ch\/journal\/carnaval-bale-2016\/#primaryimage"},"image":{"@id":"https:\/\/bale.ch\/journal\/carnaval-bale-2016\/#primaryimage"},"thumbnailUrl":"https:\/\/bale.ch\/journal\/wp-content\/uploads\/2016\/02\/3-Fasnacht.jpg","datePublished":"2016-02-17T01:21:34+00:00","dateModified":"2016-07-24T19:39:20+00:00","breadcrumb":{"@id":"https:\/\/bale.ch\/journal\/carnaval-bale-2016\/#breadcrumb"},"inLanguage":"fr-FR","potentialAction":[{"@type":"ReadAction","target":["https:\/\/bale.ch\/journal\/carnaval-bale-2016\/"]}]},{"@type":"ImageObject","inLanguage":"fr-FR","@id":"https:\/\/bale.ch\/journal\/carnaval-bale-2016\/#primaryimage","url":"https:\/\/bale.ch\/journal\/wp-content\/uploads\/2016\/02\/3-Fasnacht.jpg","contentUrl":"https:\/\/bale.ch\/journal\/wp-content\/uploads\/2016\/02\/3-Fasnacht.jpg","width":1366,"height":768},{"@type":"BreadcrumbList","@id":"https:\/\/bale.ch\/journal\/carnaval-bale-2016\/#breadcrumb","itemListElement":[{"@type":"ListItem","position":1,"name":"Accueil","item":"https:\/\/bale.ch\/journal\/"},{"@type":"ListItem","position":2,"name":"Carnaval de B\u00e2le 2016: \u00abDrey Scheenschte D\u00e4\u00e4g\u00bb"}]},{"@type":"WebSite","@id":"https:\/\/bale.ch\/journal\/#website","url":"https:\/\/bale.ch\/journal\/","name":"Journal de B\u00e2le et Gen\u00e8ve","description":"M\u00e9dia transfrontalier d&#039;actualit\u00e9s - News","publisher":{"@id":"https:\/\/bale.ch\/journal\/#organization"},"potentialAction":[{"@type":"SearchAction","target":{"@type":"EntryPoint","urlTemplate":"https:\/\/bale.ch\/journal\/?s={search_term_string}"},"query-input":{"@type":"PropertyValueSpecification","valueRequired":true,"valueName":"search_term_string"}}],"inLanguage":"fr-FR"},{"@type":"Organization","@id":"https:\/\/bale.ch\/journal\/#organization","name":"Journal de B\u00e2le et Gen\u00e8ve","url":"https:\/\/bale.ch\/journal\/","logo":{"@type":"ImageObject","inLanguage":"fr-FR","@id":"https:\/\/bale.ch\/journal\/#\/schema\/logo\/image\/","url":"https:\/\/bale.ch\/journal\/wp-content\/uploads\/2023\/07\/journaldebale_logo_2023_nb.png","contentUrl":"https:\/\/bale.ch\/journal\/wp-content\/uploads\/2023\/07\/journaldebale_logo_2023_nb.png","width":371,"height":127,"caption":"Journal de B\u00e2le et Gen\u00e8ve"},"image":{"@id":"https:\/\/bale.ch\/journal\/#\/schema\/logo\/image\/"}},{"@type":"Person","@id":"https:\/\/bale.ch\/journal\/#\/schema\/person\/b1e5c7fc925a490a48607bfdc7ee7539","name":"Anthony Kvaternik","image":{"@type":"ImageObject","inLanguage":"fr-FR","@id":"https:\/\/secure.gravatar.com\/avatar\/05956803611f99ba6bac4541cd9ea263c3adb13ee140301fb93c1880158c915a?s=96&d=mm&r=g","url":"https:\/\/secure.gravatar.com\/avatar\/05956803611f99ba6bac4541cd9ea263c3adb13ee140301fb93c1880158c915a?s=96&d=mm&r=g","contentUrl":"https:\/\/secure.gravatar.com\/avatar\/05956803611f99ba6bac4541cd9ea263c3adb13ee140301fb93c1880158c915a?s=96&d=mm&r=g","caption":"Anthony Kvaternik"},"description":"R\u00e9dacteur r\u00e9gion B\u00e2le Dreiland","url":"https:\/\/bale.ch\/journal\/author\/anthony\/"}]}},"_links":{"self":[{"href":"https:\/\/bale.ch\/journal\/wp-json\/wp\/v2\/posts\/382","targetHints":{"allow":["GET"]}}],"collection":[{"href":"https:\/\/bale.ch\/journal\/wp-json\/wp\/v2\/posts"}],"about":[{"href":"https:\/\/bale.ch\/journal\/wp-json\/wp\/v2\/types\/post"}],"author":[{"embeddable":true,"href":"https:\/\/bale.ch\/journal\/wp-json\/wp\/v2\/users\/20"}],"replies":[{"embeddable":true,"href":"https:\/\/bale.ch\/journal\/wp-json\/wp\/v2\/comments?post=382"}],"version-history":[{"count":16,"href":"https:\/\/bale.ch\/journal\/wp-json\/wp\/v2\/posts\/382\/revisions"}],"predecessor-version":[{"id":652,"href":"https:\/\/bale.ch\/journal\/wp-json\/wp\/v2\/posts\/382\/revisions\/652"}],"wp:featuredmedia":[{"embeddable":true,"href":"https:\/\/bale.ch\/journal\/wp-json\/wp\/v2\/media\/385"}],"wp:attachment":[{"href":"https:\/\/bale.ch\/journal\/wp-json\/wp\/v2\/media?parent=382"}],"wp:term":[{"taxonomy":"category","embeddable":true,"href":"https:\/\/bale.ch\/journal\/wp-json\/wp\/v2\/categories?post=382"},{"taxonomy":"post_tag","embeddable":true,"href":"https:\/\/bale.ch\/journal\/wp-json\/wp\/v2\/tags?post=382"}],"curies":[{"name":"wp","href":"https:\/\/api.w.org\/{rel}","templated":true}]}}