{"id":3834,"date":"2018-10-22T15:52:00","date_gmt":"2018-10-22T15:52:00","guid":{"rendered":"https:\/\/bale.ch\/journal\/?p=3834"},"modified":"2026-09-01T19:08:36","modified_gmt":"2026-09-01T19:08:36","slug":"festival-de-cinema-silente-a-puebla-un-regard-emancipateur-sur-le-corps","status":"publish","type":"post","link":"https:\/\/bale.ch\/journal\/festival-de-cinema-silente-a-puebla-un-regard-emancipateur-sur-le-corps\/","title":{"rendered":"Festival de cin\u00e9ma Silente \u00e0 Puebla: un regard \u00e9mancipateur sur le corps"},"content":{"rendered":"\n<p class=\"wp-block-paragraph\"><strong>Du 6 au 10 novembre, la ville de Puebla accueillera la troisi\u00e8me \u00e9dition du festival international Silente, qui a pour but d\u2019honorer, diffuser et \u00e9tudier le cin\u00e9ma muet historique et contemporain, avec comme pays invit\u00e9s cette ann\u00e9e l&rsquo;Italie et la Colombie.<\/strong><\/p>\n\n\n\n<!--more-->\n\n\n\n<p class=\"wp-block-paragraph\">Son directeur et fondateur Enrique Moreno Ceballos, le voit comme <em>\u00ab\u00a0un instrument pour l&rsquo;\u00e9mancipation, l&rsquo;enseignement et le divertissement de notre soci\u00e9t\u00e9.\u00a0\u00bb<\/em><\/p>\n\n\n\n<p class=\"wp-block-paragraph\">Le th\u00e8me central du FIC pour cette ann\u00e9e est le corps, comme <em>\u00ab\u00a0premier territoire de luttes et de r\u00e9sistances, de rencontres, de r\u00eaves et de d\u00e9sires, d&rsquo;identit\u00e9 et de sexualit\u00e9.&nbsp;Nous mettons en avant la lutte des femmes et participons \u00e0 construire un regard \u00e9mancipateur \u00e0 travers la diffusion de films muets\u00a0\u00bb,<\/em>&nbsp;explique la productrice de l&rsquo;\u00e9v\u00e9nement Alejandra Calleja Toxqui.<\/p><div id=\"crieu-2069195779\" class=\"crieu-content crieu-entity-placement\"><script async src=\"\/\/pagead2.googlesyndication.com\/pagead\/js\/adsbygoogle.js?client=ca-pub-5271584769416742\" crossorigin=\"anonymous\"><\/script><ins class=\"adsbygoogle\" style=\"display:block;\" data-ad-client=\"ca-pub-5271584769416742\" \ndata-ad-slot=\"9321250718\" \ndata-ad-format=\"auto\"><\/ins>\n<script> \n(adsbygoogle = window.adsbygoogle || []).push({}); \n<\/script>\n<\/div>\n\n\n\n<p class=\"wp-block-paragraph\">Il s&rsquo;agit de montrer que le cin\u00e9ma n&rsquo;est pas seulement celui d&rsquo;Hollywood, fait pas des hommes, mais qu&rsquo;il y a aussi des femmes parmi les pionniers du cin\u00e9ma. <em>\u00ab\u00a0Le festival cherche \u00e0 s&rsquo;\u00e9loigner des clich\u00e9s concernant la repr\u00e9sentation du corps dans le cin\u00e9ma des 120 derni\u00e8res ann\u00e9es\u00a0\u00bb<\/em>, d\u00e9clare encore Enrique Ceballos, pour qui<em> \u00ab\u00a0le cin\u00e9ma est un corps, il peut se construire et se d\u00e9construire. Ainsi, nous avons cherch\u00e9 des \u0153uvres&nbsp;qui jouent avec la lumi\u00e8re ou le montage.\u00a0\u00bb<\/em><\/p>\n\n\n\n<p class=\"wp-block-paragraph\">Ce n&rsquo;est donc pas un hasard si c&rsquo;est <strong>Elena S\u00e1nchez Valenzuela<\/strong> qui appara\u00eet sur l&rsquo;affiche officielle. En effet elle fut non seulement l&rsquo;une des premi\u00e8res actrices mexicaines de cin\u00e9ma muet, journaliste et fondatrice des archives mexicains du cin\u00e9ma; elle \u00e9tait \u00e9galement une une activiste politique tr\u00e8s active, ardente f\u00e9ministe et sufragette.<\/p>\n\n\n\n<p class=\"wp-block-paragraph\"><strong>58 courts m\u00e9trages contemporains<\/strong> ont \u00e9t\u00e9 s\u00e9lectionn\u00e9s, <strong>originaires de 28 pays<\/strong>. Dans la programmation des d\u00e9buts du cin\u00e9ma mexicain, le FIC c\u00e9l\u00e9brera le centenaire du film <em>Santa<\/em> de Luis G. Peredo (1918), premi\u00e8re version cin\u00e9matographique du fameux roman de Federico Gamboa. Il raconte l&rsquo;histoire d&rsquo;une jeune fille tromp\u00e9e par un militaire, bient\u00f4t r\u00e9pudi\u00e9e par sa famille et finalement condamn\u00e9e \u00e0 la prostitution. Pour la projection, un orchestre typique dirig\u00e9 par le pianiste Jos\u00e9 Mar\u00eda Serralde Ruiz a \u00e9t\u00e9 sp\u00e9cialement constitu\u00e9. Parce que le cin\u00e9ma muet n&rsquo;a jamais \u00e9t\u00e9 seul: il a toujours \u00e9t\u00e9 accompagn\u00e9&#8230; par la musique.<\/p>\n\n\n\n<p class=\"wp-block-paragraph\"><strong>Des conf\u00e9rences magistrales et analytiques<\/strong> seront propos\u00e9es, qui permettront au public de conna\u00eetre plus en d\u00e9tails le monde du cin\u00e9ma muet. Le FIC Silente proposera \u00e9galement des espaces de formation tous publics, comme par exemple l&rsquo;<em>atelier de cr\u00e9ation musicale et d&rsquo;improvisation pour le cin\u00e9ma muet<\/em>.<\/p>\n\n\n\n<p class=\"wp-block-paragraph\">UTOPIA 21<\/p>\n<div id=\"crieu-3469234250\" class=\"crieu-apres-le-contenu crieu-entity-placement\" style=\"margin-left: auto;margin-right: auto;text-align: center;\"><script async src=\"\/\/pagead2.googlesyndication.com\/pagead\/js\/adsbygoogle.js?client=ca-pub-5271584769416742\" crossorigin=\"anonymous\"><\/script><ins class=\"adsbygoogle\" style=\"display:block;\" data-ad-client=\"ca-pub-5271584769416742\" \ndata-ad-slot=\"9321250718\" \ndata-ad-format=\"auto\"><\/ins>\n<script> \n(adsbygoogle = window.adsbygoogle || []).push({}); \n<\/script>\n<\/div>","protected":false},"excerpt":{"rendered":"<p>Du 6 au 10 novembre, la ville de Puebla accueillera la troisi\u00e8me \u00e9dition du festival international Silente, qui a pour but d\u2019honorer, diffuser et \u00e9tudier le cin\u00e9ma muet historique et <a href=\"https:\/\/bale.ch\/journal\/festival-de-cinema-silente-a-puebla-un-regard-emancipateur-sur-le-corps\/\" class=\"read-more button-fancy -red\"><span class=\"btn-arrow\"><\/span><span class=\"twp-read-more text\">Continuer la lecture<\/span><\/a><\/p>\n","protected":false},"author":3,"featured_media":3835,"comment_status":"closed","ping_status":"closed","sticky":false,"template":"","format":"standard","meta":{"footnotes":""},"categories":[307,10,9,18],"tags":[23,93,108,176],"class_list":["post-3834","post","type-post","status-publish","format-standard","has-post-thumbnail","hentry","category-abya-yala","category-culture","category-monde","category-sortir","tag-cinema","tag-festival","tag-mexique","tag-puebla"],"yoast_head":"<!-- This site is optimized with the Yoast SEO plugin v28.3 - https:\/\/yoast.com\/product\/yoast-seo-wordpress\/ -->\n<title>Festival de cin\u00e9ma Silente \u00e0 Puebla: un regard \u00e9mancipateur sur le corps - Journal de B\u00e2le et Gen\u00e8ve<\/title>\n<meta name=\"robots\" content=\"index, follow, max-snippet:-1, max-image-preview:large, max-video-preview:-1\" \/>\n<link rel=\"canonical\" href=\"https:\/\/bale.ch\/journal\/festival-de-cinema-silente-a-puebla-un-regard-emancipateur-sur-le-corps\/\" \/>\n<meta property=\"og:locale\" content=\"fr_FR\" \/>\n<meta property=\"og:type\" content=\"article\" \/>\n<meta property=\"og:title\" content=\"Festival de cin\u00e9ma Silente \u00e0 Puebla: un regard \u00e9mancipateur sur le corps - Journal de B\u00e2le et Gen\u00e8ve\" \/>\n<meta property=\"og:description\" content=\"Du 6 au 10 novembre, la ville de Puebla accueillera la troisi\u00e8me \u00e9dition du festival international Silente, qui a pour but d\u2019honorer, diffuser et \u00e9tudier le cin\u00e9ma muet historique et Continuer la lecture\" \/>\n<meta property=\"og:url\" content=\"https:\/\/bale.ch\/journal\/festival-de-cinema-silente-a-puebla-un-regard-emancipateur-sur-le-corps\/\" \/>\n<meta property=\"og:site_name\" content=\"Journal de B\u00e2le et Gen\u00e8ve\" \/>\n<meta property=\"article:published_time\" content=\"2018-10-22T15:52:00+00:00\" \/>\n<meta property=\"article:modified_time\" content=\"2026-09-01T19:08:36+00:00\" \/>\n<meta property=\"og:image\" content=\"https:\/\/bale.ch\/journal\/wp-content\/uploads\/2026\/04\/fic_festival_cine_silente_puebla_2018.jpg\" \/>\n\t<meta property=\"og:image:width\" content=\"1188\" \/>\n\t<meta property=\"og:image:height\" content=\"724\" \/>\n\t<meta property=\"og:image:type\" content=\"image\/jpeg\" \/>\n<meta name=\"author\" content=\"Alban Lavy\" \/>\n<meta name=\"twitter:card\" content=\"summary_large_image\" \/>\n<meta name=\"twitter:label1\" content=\"\u00c9crit par\" \/>\n\t<meta name=\"twitter:data1\" content=\"Alban Lavy\" \/>\n\t<meta name=\"twitter:label2\" content=\"Dur\u00e9e de lecture estim\u00e9e\" \/>\n\t<meta name=\"twitter:data2\" content=\"3 minutes\" \/>\n<script type=\"application\/ld+json\" class=\"yoast-schema-graph\">{\"@context\":\"https:\\\/\\\/schema.org\",\"@graph\":[{\"@type\":\"Article\",\"@id\":\"https:\\\/\\\/bale.ch\\\/journal\\\/festival-de-cinema-silente-a-puebla-un-regard-emancipateur-sur-le-corps\\\/#article\",\"isPartOf\":{\"@id\":\"https:\\\/\\\/bale.ch\\\/journal\\\/festival-de-cinema-silente-a-puebla-un-regard-emancipateur-sur-le-corps\\\/\"},\"author\":{\"name\":\"Alban Lavy\",\"@id\":\"https:\\\/\\\/bale.ch\\\/journal\\\/#\\\/schema\\\/person\\\/41bc7f908af0ffea5e38b8c5702e5626\"},\"headline\":\"Festival de cin\u00e9ma Silente \u00e0 Puebla: un regard \u00e9mancipateur sur le corps\",\"datePublished\":\"2018-10-22T15:52:00+00:00\",\"dateModified\":\"2026-09-01T19:08:36+00:00\",\"mainEntityOfPage\":{\"@id\":\"https:\\\/\\\/bale.ch\\\/journal\\\/festival-de-cinema-silente-a-puebla-un-regard-emancipateur-sur-le-corps\\\/\"},\"wordCount\":473,\"publisher\":{\"@id\":\"https:\\\/\\\/bale.ch\\\/journal\\\/#organization\"},\"image\":{\"@id\":\"https:\\\/\\\/bale.ch\\\/journal\\\/festival-de-cinema-silente-a-puebla-un-regard-emancipateur-sur-le-corps\\\/#primaryimage\"},\"thumbnailUrl\":\"https:\\\/\\\/bale.ch\\\/journal\\\/wp-content\\\/uploads\\\/2026\\\/04\\\/fic_festival_cine_silente_puebla_2018.jpg\",\"keywords\":[\"Cin\u00e9ma\",\"festival\",\"Mexique\",\"puebla\"],\"articleSection\":[\"Abya Yala \\\/ Am\u00e9riques\",\"Culture\",\"Monde\",\"Sortir\"],\"inLanguage\":\"fr-FR\"},{\"@type\":\"WebPage\",\"@id\":\"https:\\\/\\\/bale.ch\\\/journal\\\/festival-de-cinema-silente-a-puebla-un-regard-emancipateur-sur-le-corps\\\/\",\"url\":\"https:\\\/\\\/bale.ch\\\/journal\\\/festival-de-cinema-silente-a-puebla-un-regard-emancipateur-sur-le-corps\\\/\",\"name\":\"Festival de cin\u00e9ma Silente \u00e0 Puebla: un regard \u00e9mancipateur sur le corps - Journal de B\u00e2le et Gen\u00e8ve\",\"isPartOf\":{\"@id\":\"https:\\\/\\\/bale.ch\\\/journal\\\/#website\"},\"primaryImageOfPage\":{\"@id\":\"https:\\\/\\\/bale.ch\\\/journal\\\/festival-de-cinema-silente-a-puebla-un-regard-emancipateur-sur-le-corps\\\/#primaryimage\"},\"image\":{\"@id\":\"https:\\\/\\\/bale.ch\\\/journal\\\/festival-de-cinema-silente-a-puebla-un-regard-emancipateur-sur-le-corps\\\/#primaryimage\"},\"thumbnailUrl\":\"https:\\\/\\\/bale.ch\\\/journal\\\/wp-content\\\/uploads\\\/2026\\\/04\\\/fic_festival_cine_silente_puebla_2018.jpg\",\"datePublished\":\"2018-10-22T15:52:00+00:00\",\"dateModified\":\"2026-09-01T19:08:36+00:00\",\"breadcrumb\":{\"@id\":\"https:\\\/\\\/bale.ch\\\/journal\\\/festival-de-cinema-silente-a-puebla-un-regard-emancipateur-sur-le-corps\\\/#breadcrumb\"},\"inLanguage\":\"fr-FR\",\"potentialAction\":[{\"@type\":\"ReadAction\",\"target\":[\"https:\\\/\\\/bale.ch\\\/journal\\\/festival-de-cinema-silente-a-puebla-un-regard-emancipateur-sur-le-corps\\\/\"]}]},{\"@type\":\"ImageObject\",\"inLanguage\":\"fr-FR\",\"@id\":\"https:\\\/\\\/bale.ch\\\/journal\\\/festival-de-cinema-silente-a-puebla-un-regard-emancipateur-sur-le-corps\\\/#primaryimage\",\"url\":\"https:\\\/\\\/bale.ch\\\/journal\\\/wp-content\\\/uploads\\\/2026\\\/04\\\/fic_festival_cine_silente_puebla_2018.jpg\",\"contentUrl\":\"https:\\\/\\\/bale.ch\\\/journal\\\/wp-content\\\/uploads\\\/2026\\\/04\\\/fic_festival_cine_silente_puebla_2018.jpg\",\"width\":1188,\"height\":724,\"caption\":\"Silente Festival Puebla\"},{\"@type\":\"BreadcrumbList\",\"@id\":\"https:\\\/\\\/bale.ch\\\/journal\\\/festival-de-cinema-silente-a-puebla-un-regard-emancipateur-sur-le-corps\\\/#breadcrumb\",\"itemListElement\":[{\"@type\":\"ListItem\",\"position\":1,\"name\":\"Accueil\",\"item\":\"https:\\\/\\\/bale.ch\\\/journal\\\/\"},{\"@type\":\"ListItem\",\"position\":2,\"name\":\"Festival de cin\u00e9ma Silente \u00e0 Puebla: un regard \u00e9mancipateur sur le corps\"}]},{\"@type\":\"WebSite\",\"@id\":\"https:\\\/\\\/bale.ch\\\/journal\\\/#website\",\"url\":\"https:\\\/\\\/bale.ch\\\/journal\\\/\",\"name\":\"Journal de B\u00e2le et Gen\u00e8ve\",\"description\":\"M\u00e9dia transfrontalier d&#039;actualit\u00e9s - News\",\"publisher\":{\"@id\":\"https:\\\/\\\/bale.ch\\\/journal\\\/#organization\"},\"potentialAction\":[{\"@type\":\"SearchAction\",\"target\":{\"@type\":\"EntryPoint\",\"urlTemplate\":\"https:\\\/\\\/bale.ch\\\/journal\\\/?s={search_term_string}\"},\"query-input\":{\"@type\":\"PropertyValueSpecification\",\"valueRequired\":true,\"valueName\":\"search_term_string\"}}],\"inLanguage\":\"fr-FR\"},{\"@type\":\"Organization\",\"@id\":\"https:\\\/\\\/bale.ch\\\/journal\\\/#organization\",\"name\":\"Journal de B\u00e2le et Gen\u00e8ve\",\"url\":\"https:\\\/\\\/bale.ch\\\/journal\\\/\",\"logo\":{\"@type\":\"ImageObject\",\"inLanguage\":\"fr-FR\",\"@id\":\"https:\\\/\\\/bale.ch\\\/journal\\\/#\\\/schema\\\/logo\\\/image\\\/\",\"url\":\"https:\\\/\\\/bale.ch\\\/journal\\\/wp-content\\\/uploads\\\/2023\\\/07\\\/journaldebale_logo_2023_nb.png\",\"contentUrl\":\"https:\\\/\\\/bale.ch\\\/journal\\\/wp-content\\\/uploads\\\/2023\\\/07\\\/journaldebale_logo_2023_nb.png\",\"width\":371,\"height\":127,\"caption\":\"Journal de B\u00e2le et Gen\u00e8ve\"},\"image\":{\"@id\":\"https:\\\/\\\/bale.ch\\\/journal\\\/#\\\/schema\\\/logo\\\/image\\\/\"}},{\"@type\":\"Person\",\"@id\":\"https:\\\/\\\/bale.ch\\\/journal\\\/#\\\/schema\\\/person\\\/41bc7f908af0ffea5e38b8c5702e5626\",\"name\":\"Alban Lavy\",\"image\":{\"@type\":\"ImageObject\",\"inLanguage\":\"fr-FR\",\"@id\":\"https:\\\/\\\/secure.gravatar.com\\\/avatar\\\/4978c5bb7295400e15bebf9881bc4db7866592bc59ffa2f62511214a10f68804?s=96&d=mm&r=g\",\"url\":\"https:\\\/\\\/secure.gravatar.com\\\/avatar\\\/4978c5bb7295400e15bebf9881bc4db7866592bc59ffa2f62511214a10f68804?s=96&d=mm&r=g\",\"contentUrl\":\"https:\\\/\\\/secure.gravatar.com\\\/avatar\\\/4978c5bb7295400e15bebf9881bc4db7866592bc59ffa2f62511214a10f68804?s=96&d=mm&r=g\",\"caption\":\"Alban Lavy\"},\"sameAs\":[\"http:\\\/\\\/bale.ch\\\/administration\\\/zeitung\\\/albanlavy\\\/\"],\"url\":\"https:\\\/\\\/bale.ch\\\/journal\\\/author\\\/lavy\\\/\"}]}<\/script>\n<!-- \/ Yoast SEO plugin. -->","yoast_head_json":{"title":"Festival de cin\u00e9ma Silente \u00e0 Puebla: un regard \u00e9mancipateur sur le corps - Journal de B\u00e2le et Gen\u00e8ve","robots":{"index":"index","follow":"follow","max-snippet":"max-snippet:-1","max-image-preview":"max-image-preview:large","max-video-preview":"max-video-preview:-1"},"canonical":"https:\/\/bale.ch\/journal\/festival-de-cinema-silente-a-puebla-un-regard-emancipateur-sur-le-corps\/","og_locale":"fr_FR","og_type":"article","og_title":"Festival de cin\u00e9ma Silente \u00e0 Puebla: un regard \u00e9mancipateur sur le corps - Journal de B\u00e2le et Gen\u00e8ve","og_description":"Du 6 au 10 novembre, la ville de Puebla accueillera la troisi\u00e8me \u00e9dition du festival international Silente, qui a pour but d\u2019honorer, diffuser et \u00e9tudier le cin\u00e9ma muet historique et Continuer la lecture","og_url":"https:\/\/bale.ch\/journal\/festival-de-cinema-silente-a-puebla-un-regard-emancipateur-sur-le-corps\/","og_site_name":"Journal de B\u00e2le et Gen\u00e8ve","article_published_time":"2018-10-22T15:52:00+00:00","article_modified_time":"2026-09-01T19:08:36+00:00","og_image":[{"width":1188,"height":724,"url":"https:\/\/bale.ch\/journal\/wp-content\/uploads\/2026\/04\/fic_festival_cine_silente_puebla_2018.jpg","type":"image\/jpeg"}],"author":"Alban Lavy","twitter_card":"summary_large_image","twitter_misc":{"\u00c9crit par":"Alban Lavy","Dur\u00e9e de lecture estim\u00e9e":"3 minutes"},"schema":{"@context":"https:\/\/schema.org","@graph":[{"@type":"Article","@id":"https:\/\/bale.ch\/journal\/festival-de-cinema-silente-a-puebla-un-regard-emancipateur-sur-le-corps\/#article","isPartOf":{"@id":"https:\/\/bale.ch\/journal\/festival-de-cinema-silente-a-puebla-un-regard-emancipateur-sur-le-corps\/"},"author":{"name":"Alban Lavy","@id":"https:\/\/bale.ch\/journal\/#\/schema\/person\/41bc7f908af0ffea5e38b8c5702e5626"},"headline":"Festival de cin\u00e9ma Silente \u00e0 Puebla: un regard \u00e9mancipateur sur le corps","datePublished":"2018-10-22T15:52:00+00:00","dateModified":"2026-09-01T19:08:36+00:00","mainEntityOfPage":{"@id":"https:\/\/bale.ch\/journal\/festival-de-cinema-silente-a-puebla-un-regard-emancipateur-sur-le-corps\/"},"wordCount":473,"publisher":{"@id":"https:\/\/bale.ch\/journal\/#organization"},"image":{"@id":"https:\/\/bale.ch\/journal\/festival-de-cinema-silente-a-puebla-un-regard-emancipateur-sur-le-corps\/#primaryimage"},"thumbnailUrl":"https:\/\/bale.ch\/journal\/wp-content\/uploads\/2026\/04\/fic_festival_cine_silente_puebla_2018.jpg","keywords":["Cin\u00e9ma","festival","Mexique","puebla"],"articleSection":["Abya Yala \/ Am\u00e9riques","Culture","Monde","Sortir"],"inLanguage":"fr-FR"},{"@type":"WebPage","@id":"https:\/\/bale.ch\/journal\/festival-de-cinema-silente-a-puebla-un-regard-emancipateur-sur-le-corps\/","url":"https:\/\/bale.ch\/journal\/festival-de-cinema-silente-a-puebla-un-regard-emancipateur-sur-le-corps\/","name":"Festival de cin\u00e9ma Silente \u00e0 Puebla: un regard \u00e9mancipateur sur le corps - Journal de B\u00e2le et Gen\u00e8ve","isPartOf":{"@id":"https:\/\/bale.ch\/journal\/#website"},"primaryImageOfPage":{"@id":"https:\/\/bale.ch\/journal\/festival-de-cinema-silente-a-puebla-un-regard-emancipateur-sur-le-corps\/#primaryimage"},"image":{"@id":"https:\/\/bale.ch\/journal\/festival-de-cinema-silente-a-puebla-un-regard-emancipateur-sur-le-corps\/#primaryimage"},"thumbnailUrl":"https:\/\/bale.ch\/journal\/wp-content\/uploads\/2026\/04\/fic_festival_cine_silente_puebla_2018.jpg","datePublished":"2018-10-22T15:52:00+00:00","dateModified":"2026-09-01T19:08:36+00:00","breadcrumb":{"@id":"https:\/\/bale.ch\/journal\/festival-de-cinema-silente-a-puebla-un-regard-emancipateur-sur-le-corps\/#breadcrumb"},"inLanguage":"fr-FR","potentialAction":[{"@type":"ReadAction","target":["https:\/\/bale.ch\/journal\/festival-de-cinema-silente-a-puebla-un-regard-emancipateur-sur-le-corps\/"]}]},{"@type":"ImageObject","inLanguage":"fr-FR","@id":"https:\/\/bale.ch\/journal\/festival-de-cinema-silente-a-puebla-un-regard-emancipateur-sur-le-corps\/#primaryimage","url":"https:\/\/bale.ch\/journal\/wp-content\/uploads\/2026\/04\/fic_festival_cine_silente_puebla_2018.jpg","contentUrl":"https:\/\/bale.ch\/journal\/wp-content\/uploads\/2026\/04\/fic_festival_cine_silente_puebla_2018.jpg","width":1188,"height":724,"caption":"Silente Festival Puebla"},{"@type":"BreadcrumbList","@id":"https:\/\/bale.ch\/journal\/festival-de-cinema-silente-a-puebla-un-regard-emancipateur-sur-le-corps\/#breadcrumb","itemListElement":[{"@type":"ListItem","position":1,"name":"Accueil","item":"https:\/\/bale.ch\/journal\/"},{"@type":"ListItem","position":2,"name":"Festival de cin\u00e9ma Silente \u00e0 Puebla: un regard \u00e9mancipateur sur le corps"}]},{"@type":"WebSite","@id":"https:\/\/bale.ch\/journal\/#website","url":"https:\/\/bale.ch\/journal\/","name":"Journal de B\u00e2le et Gen\u00e8ve","description":"M\u00e9dia transfrontalier d&#039;actualit\u00e9s - News","publisher":{"@id":"https:\/\/bale.ch\/journal\/#organization"},"potentialAction":[{"@type":"SearchAction","target":{"@type":"EntryPoint","urlTemplate":"https:\/\/bale.ch\/journal\/?s={search_term_string}"},"query-input":{"@type":"PropertyValueSpecification","valueRequired":true,"valueName":"search_term_string"}}],"inLanguage":"fr-FR"},{"@type":"Organization","@id":"https:\/\/bale.ch\/journal\/#organization","name":"Journal de B\u00e2le et Gen\u00e8ve","url":"https:\/\/bale.ch\/journal\/","logo":{"@type":"ImageObject","inLanguage":"fr-FR","@id":"https:\/\/bale.ch\/journal\/#\/schema\/logo\/image\/","url":"https:\/\/bale.ch\/journal\/wp-content\/uploads\/2023\/07\/journaldebale_logo_2023_nb.png","contentUrl":"https:\/\/bale.ch\/journal\/wp-content\/uploads\/2023\/07\/journaldebale_logo_2023_nb.png","width":371,"height":127,"caption":"Journal de B\u00e2le et Gen\u00e8ve"},"image":{"@id":"https:\/\/bale.ch\/journal\/#\/schema\/logo\/image\/"}},{"@type":"Person","@id":"https:\/\/bale.ch\/journal\/#\/schema\/person\/41bc7f908af0ffea5e38b8c5702e5626","name":"Alban Lavy","image":{"@type":"ImageObject","inLanguage":"fr-FR","@id":"https:\/\/secure.gravatar.com\/avatar\/4978c5bb7295400e15bebf9881bc4db7866592bc59ffa2f62511214a10f68804?s=96&d=mm&r=g","url":"https:\/\/secure.gravatar.com\/avatar\/4978c5bb7295400e15bebf9881bc4db7866592bc59ffa2f62511214a10f68804?s=96&d=mm&r=g","contentUrl":"https:\/\/secure.gravatar.com\/avatar\/4978c5bb7295400e15bebf9881bc4db7866592bc59ffa2f62511214a10f68804?s=96&d=mm&r=g","caption":"Alban Lavy"},"sameAs":["http:\/\/bale.ch\/administration\/zeitung\/albanlavy\/"],"url":"https:\/\/bale.ch\/journal\/author\/lavy\/"}]}},"_links":{"self":[{"href":"https:\/\/bale.ch\/journal\/wp-json\/wp\/v2\/posts\/3834","targetHints":{"allow":["GET"]}}],"collection":[{"href":"https:\/\/bale.ch\/journal\/wp-json\/wp\/v2\/posts"}],"about":[{"href":"https:\/\/bale.ch\/journal\/wp-json\/wp\/v2\/types\/post"}],"author":[{"embeddable":true,"href":"https:\/\/bale.ch\/journal\/wp-json\/wp\/v2\/users\/3"}],"replies":[{"embeddable":true,"href":"https:\/\/bale.ch\/journal\/wp-json\/wp\/v2\/comments?post=3834"}],"version-history":[{"count":2,"href":"https:\/\/bale.ch\/journal\/wp-json\/wp\/v2\/posts\/3834\/revisions"}],"predecessor-version":[{"id":3837,"href":"https:\/\/bale.ch\/journal\/wp-json\/wp\/v2\/posts\/3834\/revisions\/3837"}],"wp:featuredmedia":[{"embeddable":true,"href":"https:\/\/bale.ch\/journal\/wp-json\/wp\/v2\/media\/3835"}],"wp:attachment":[{"href":"https:\/\/bale.ch\/journal\/wp-json\/wp\/v2\/media?parent=3834"}],"wp:term":[{"taxonomy":"category","embeddable":true,"href":"https:\/\/bale.ch\/journal\/wp-json\/wp\/v2\/categories?post=3834"},{"taxonomy":"post_tag","embeddable":true,"href":"https:\/\/bale.ch\/journal\/wp-json\/wp\/v2\/tags?post=3834"}],"curies":[{"name":"wp","href":"https:\/\/api.w.org\/{rel}","templated":true}]}}