{"id":3861,"date":"2026-04-07T10:09:00","date_gmt":"2026-04-07T10:09:00","guid":{"rendered":"https:\/\/bale.ch\/journal\/?p=3861"},"modified":"2026-05-03T07:55:57","modified_gmt":"2026-05-03T07:55:57","slug":"bilan-bus-freund-loerrach-euroairport","status":"publish","type":"post","link":"https:\/\/bale.ch\/journal\/bilan-bus-freund-loerrach-euroairport\/","title":{"rendered":"Bilan positif pour le bus FREUND entre L\u00f6rrach et l&rsquo;EuroAirport"},"content":{"rendered":"\n<p class=\"wp-block-paragraph\"><strong>Le bus FREUND (ligne 220) qui assure la liaison entre L\u00f6rrach et l&rsquo;EuroAirport, affiche des r\u00e9sultats sup\u00e9rieurs aux pr\u00e9visions initiales apr\u00e8s un an d&rsquo;activit\u00e9. Ce succ\u00e8s encourage les partenaires du projet \u00e0 pr\u00e9parer la p\u00e9rennisation du service au-del\u00e0 de la phase pilote actuelle.<\/strong><\/p>\n\n\n\n<p class=\"wp-block-paragraph\">Depuis son lancement le 15 d\u00e9cembre 2024, la ligne a enregistr\u00e9 environ <strong>145&rsquo;000 passagers<\/strong>, soit une moyenne de <strong>395 usagers par jour<\/strong>. Ces chiffres d\u00e9passent l&rsquo;objectif initial qui \u00e9tait fix\u00e9 \u00e0 100&rsquo;000 passagers annuels.<\/p>\n\n\n\n<p class=\"wp-block-paragraph\">L&rsquo;analyse du trafic montre deux usages principaux :<\/p><div id=\"crieu-867405569\" class=\"crieu-content crieu-entity-placement\"><script async src=\"\/\/pagead2.googlesyndication.com\/pagead\/js\/adsbygoogle.js?client=ca-pub-5271584769416742\" crossorigin=\"anonymous\"><\/script><ins class=\"adsbygoogle\" style=\"display:block;\" data-ad-client=\"ca-pub-5271584769416742\" \ndata-ad-slot=\"9321250718\" \ndata-ad-format=\"auto\"><\/ins>\n<script> \n(adsbygoogle = window.adsbygoogle || []).push({}); \n<\/script>\n<\/div>\n\n\n\n<ul class=\"wp-block-list\">\n<li><strong>Le trafic local :<\/strong> Une part importante des trajets s&rsquo;effectue entre L\u00f6rrach, Binzen, Haltingen et la zone Huningue\/Saint-Louis.<\/li>\n\n\n\n<li><strong>Le trafic a\u00e9roportuaire :<\/strong> La ligne est \u00e9galement utilis\u00e9e par une part significative de voyageurs se rendant \u00e0 l&rsquo;EuroAirport.<\/li>\n<\/ul>\n\n\n\n<h3 class=\"wp-block-heading\">Int\u00e9gration num\u00e9rique et visibilit\u00e9<\/h3>\n\n\n\n<p class=\"wp-block-paragraph\">Afin d&rsquo;am\u00e9liorer l&rsquo;accessibilit\u00e9 du service, les d\u00e9marches administratives ont \u00e9t\u00e9 finalis\u00e9es pour l&rsquo;int\u00e9gration de la ligne dans les services de cartographie num\u00e9rique. Le bus FREUND sera officiellement r\u00e9f\u00e9renc\u00e9 sur <strong>Google Maps dans les prochaines semaines<\/strong>, facilitant ainsi la planification des trajets en temps r\u00e9el pour les usagers.<\/p>\n\n\n\n<h3 class=\"wp-block-heading\">Perspectives de maintien<\/h3>\n\n\n\n<p class=\"wp-block-paragraph\">Le financement et l&rsquo;exploitation de la ligne sont actuellement garantis jusqu&rsquo;en d\u00e9cembre 2027. Au vu des r\u00e9sultats, une phase de pr\u00e9paration s&rsquo;ouvre pour assurer son maintien d\u00e9finitif :<\/p>\n\n\n\n<ul class=\"wp-block-list\">\n<li><strong>D&rsquo;ici mi-2026 :<\/strong> Des concertations avec les partenaires fran\u00e7ais permettront d&rsquo;ajuster le trac\u00e9 et les horaires selon les besoins constat\u00e9s.<\/li>\n\n\n\n<li><strong>D\u00e9but 2027 :<\/strong> Le Kreistag de L\u00f6rrach devra se prononcer sur la poursuite du service pour le changement d&rsquo;horaire de fin d&rsquo;ann\u00e9e.<\/li>\n<\/ul>\n<div id=\"crieu-3755722581\" class=\"crieu-apres-le-contenu crieu-entity-placement\" style=\"margin-left: auto;margin-right: auto;text-align: center;\"><script async src=\"\/\/pagead2.googlesyndication.com\/pagead\/js\/adsbygoogle.js?client=ca-pub-5271584769416742\" crossorigin=\"anonymous\"><\/script><ins class=\"adsbygoogle\" style=\"display:block;\" data-ad-client=\"ca-pub-5271584769416742\" \ndata-ad-slot=\"9321250718\" \ndata-ad-format=\"auto\"><\/ins>\n<script> \n(adsbygoogle = window.adsbygoogle || []).push({}); \n<\/script>\n<\/div>","protected":false},"excerpt":{"rendered":"<p>Le bus FREUND (ligne 220) qui assure la liaison entre L\u00f6rrach et l&rsquo;EuroAirport, affiche des r\u00e9sultats sup\u00e9rieurs aux pr\u00e9visions initiales apr\u00e8s un an d&rsquo;activit\u00e9. Ce succ\u00e8s encourage les partenaires du <a href=\"https:\/\/bale.ch\/journal\/bilan-bus-freund-loerrach-euroairport\/\" class=\"read-more button-fancy -red\"><span class=\"btn-arrow\"><\/span><span class=\"twp-read-more text\">Continuer la lecture<\/span><\/a><\/p>\n","protected":false},"author":2,"featured_media":3862,"comment_status":"closed","ping_status":"closed","sticky":false,"template":"","format":"standard","meta":{"footnotes":""},"categories":[103,7],"tags":[262,125,261,35],"class_list":["post-3861","post","type-post","status-publish","format-standard","has-post-thumbnail","hentry","category-actu","category-bale","tag-bale-mulhouse-aeroport","tag-euroairport","tag-lorrach","tag-transports"],"yoast_head":"<!-- This site is optimized with the Yoast SEO plugin v28.3 - https:\/\/yoast.com\/product\/yoast-seo-wordpress\/ -->\n<title>Bilan positif pour le bus FREUND entre L\u00f6rrach et l&#039;EuroAirport - Journal de B\u00e2le et Gen\u00e8ve<\/title>\n<meta name=\"robots\" content=\"index, follow, max-snippet:-1, max-image-preview:large, max-video-preview:-1\" \/>\n<link rel=\"canonical\" href=\"https:\/\/bale.ch\/journal\/bilan-bus-freund-loerrach-euroairport\/\" \/>\n<meta property=\"og:locale\" content=\"fr_FR\" \/>\n<meta property=\"og:type\" content=\"article\" \/>\n<meta property=\"og:title\" content=\"Bilan positif pour le bus FREUND entre L\u00f6rrach et l&#039;EuroAirport - Journal de B\u00e2le et Gen\u00e8ve\" \/>\n<meta property=\"og:description\" content=\"Le bus FREUND (ligne 220) qui assure la liaison entre L\u00f6rrach et l&rsquo;EuroAirport, affiche des r\u00e9sultats sup\u00e9rieurs aux pr\u00e9visions initiales apr\u00e8s un an d&rsquo;activit\u00e9. Ce succ\u00e8s encourage les partenaires du Continuer la lecture\" \/>\n<meta property=\"og:url\" content=\"https:\/\/bale.ch\/journal\/bilan-bus-freund-loerrach-euroairport\/\" \/>\n<meta property=\"og:site_name\" content=\"Journal de B\u00e2le et Gen\u00e8ve\" \/>\n<meta property=\"article:published_time\" content=\"2026-04-07T10:09:00+00:00\" \/>\n<meta property=\"article:modified_time\" content=\"2026-05-03T07:55:57+00:00\" \/>\n<meta property=\"og:image\" content=\"https:\/\/bale.ch\/journal\/wp-content\/uploads\/2026\/04\/bus_freund_euroairport-scaled.jpg\" \/>\n\t<meta property=\"og:image:width\" content=\"2560\" \/>\n\t<meta property=\"og:image:height\" content=\"1707\" \/>\n\t<meta property=\"og:image:type\" content=\"image\/jpeg\" \/>\n<meta name=\"author\" content=\"La R\u00e9daction\" \/>\n<meta name=\"twitter:card\" content=\"summary_large_image\" \/>\n<meta name=\"twitter:label1\" content=\"\u00c9crit par\" \/>\n\t<meta name=\"twitter:data1\" content=\"La R\u00e9daction\" \/>\n\t<meta name=\"twitter:label2\" content=\"Dur\u00e9e de lecture estim\u00e9e\" \/>\n\t<meta name=\"twitter:data2\" content=\"2 minutes\" \/>\n<script type=\"application\/ld+json\" class=\"yoast-schema-graph\">{\"@context\":\"https:\\\/\\\/schema.org\",\"@graph\":[{\"@type\":\"Article\",\"@id\":\"https:\\\/\\\/bale.ch\\\/journal\\\/bilan-bus-freund-loerrach-euroairport\\\/#article\",\"isPartOf\":{\"@id\":\"https:\\\/\\\/bale.ch\\\/journal\\\/bilan-bus-freund-loerrach-euroairport\\\/\"},\"author\":{\"name\":\"La R\u00e9daction\",\"@id\":\"https:\\\/\\\/bale.ch\\\/journal\\\/#\\\/schema\\\/person\\\/03ced978db3b7a5274c5cef003f352f5\"},\"headline\":\"Bilan positif pour le bus FREUND entre L\u00f6rrach et l&rsquo;EuroAirport\",\"datePublished\":\"2026-04-07T10:09:00+00:00\",\"dateModified\":\"2026-05-03T07:55:57+00:00\",\"mainEntityOfPage\":{\"@id\":\"https:\\\/\\\/bale.ch\\\/journal\\\/bilan-bus-freund-loerrach-euroairport\\\/\"},\"wordCount\":290,\"publisher\":{\"@id\":\"https:\\\/\\\/bale.ch\\\/journal\\\/#organization\"},\"image\":{\"@id\":\"https:\\\/\\\/bale.ch\\\/journal\\\/bilan-bus-freund-loerrach-euroairport\\\/#primaryimage\"},\"thumbnailUrl\":\"https:\\\/\\\/bale.ch\\\/journal\\\/wp-content\\\/uploads\\\/2026\\\/04\\\/bus_freund_euroairport-scaled.jpg\",\"keywords\":[\"B\u00e2le Mulhouse A\u00e9roport\",\"Euroairport\",\"L\u00f6rrach\",\"Transports\"],\"articleSection\":[\"Actualit\u00e9s\",\"B\u00e2le Trinationale\"],\"inLanguage\":\"fr-FR\"},{\"@type\":\"WebPage\",\"@id\":\"https:\\\/\\\/bale.ch\\\/journal\\\/bilan-bus-freund-loerrach-euroairport\\\/\",\"url\":\"https:\\\/\\\/bale.ch\\\/journal\\\/bilan-bus-freund-loerrach-euroairport\\\/\",\"name\":\"Bilan positif pour le bus FREUND entre L\u00f6rrach et l'EuroAirport - Journal de B\u00e2le et Gen\u00e8ve\",\"isPartOf\":{\"@id\":\"https:\\\/\\\/bale.ch\\\/journal\\\/#website\"},\"primaryImageOfPage\":{\"@id\":\"https:\\\/\\\/bale.ch\\\/journal\\\/bilan-bus-freund-loerrach-euroairport\\\/#primaryimage\"},\"image\":{\"@id\":\"https:\\\/\\\/bale.ch\\\/journal\\\/bilan-bus-freund-loerrach-euroairport\\\/#primaryimage\"},\"thumbnailUrl\":\"https:\\\/\\\/bale.ch\\\/journal\\\/wp-content\\\/uploads\\\/2026\\\/04\\\/bus_freund_euroairport-scaled.jpg\",\"datePublished\":\"2026-04-07T10:09:00+00:00\",\"dateModified\":\"2026-05-03T07:55:57+00:00\",\"breadcrumb\":{\"@id\":\"https:\\\/\\\/bale.ch\\\/journal\\\/bilan-bus-freund-loerrach-euroairport\\\/#breadcrumb\"},\"inLanguage\":\"fr-FR\",\"potentialAction\":[{\"@type\":\"ReadAction\",\"target\":[\"https:\\\/\\\/bale.ch\\\/journal\\\/bilan-bus-freund-loerrach-euroairport\\\/\"]}]},{\"@type\":\"ImageObject\",\"inLanguage\":\"fr-FR\",\"@id\":\"https:\\\/\\\/bale.ch\\\/journal\\\/bilan-bus-freund-loerrach-euroairport\\\/#primaryimage\",\"url\":\"https:\\\/\\\/bale.ch\\\/journal\\\/wp-content\\\/uploads\\\/2026\\\/04\\\/bus_freund_euroairport-scaled.jpg\",\"contentUrl\":\"https:\\\/\\\/bale.ch\\\/journal\\\/wp-content\\\/uploads\\\/2026\\\/04\\\/bus_freund_euroairport-scaled.jpg\",\"width\":2560,\"height\":1707},{\"@type\":\"BreadcrumbList\",\"@id\":\"https:\\\/\\\/bale.ch\\\/journal\\\/bilan-bus-freund-loerrach-euroairport\\\/#breadcrumb\",\"itemListElement\":[{\"@type\":\"ListItem\",\"position\":1,\"name\":\"Accueil\",\"item\":\"https:\\\/\\\/bale.ch\\\/journal\\\/\"},{\"@type\":\"ListItem\",\"position\":2,\"name\":\"Bilan positif pour le bus FREUND entre L\u00f6rrach et l&rsquo;EuroAirport\"}]},{\"@type\":\"WebSite\",\"@id\":\"https:\\\/\\\/bale.ch\\\/journal\\\/#website\",\"url\":\"https:\\\/\\\/bale.ch\\\/journal\\\/\",\"name\":\"Journal de B\u00e2le et Gen\u00e8ve\",\"description\":\"M\u00e9dia transfrontalier d&#039;actualit\u00e9s - News\",\"publisher\":{\"@id\":\"https:\\\/\\\/bale.ch\\\/journal\\\/#organization\"},\"potentialAction\":[{\"@type\":\"SearchAction\",\"target\":{\"@type\":\"EntryPoint\",\"urlTemplate\":\"https:\\\/\\\/bale.ch\\\/journal\\\/?s={search_term_string}\"},\"query-input\":{\"@type\":\"PropertyValueSpecification\",\"valueRequired\":true,\"valueName\":\"search_term_string\"}}],\"inLanguage\":\"fr-FR\"},{\"@type\":\"Organization\",\"@id\":\"https:\\\/\\\/bale.ch\\\/journal\\\/#organization\",\"name\":\"Journal de B\u00e2le et Gen\u00e8ve\",\"url\":\"https:\\\/\\\/bale.ch\\\/journal\\\/\",\"logo\":{\"@type\":\"ImageObject\",\"inLanguage\":\"fr-FR\",\"@id\":\"https:\\\/\\\/bale.ch\\\/journal\\\/#\\\/schema\\\/logo\\\/image\\\/\",\"url\":\"https:\\\/\\\/bale.ch\\\/journal\\\/wp-content\\\/uploads\\\/2023\\\/07\\\/journaldebale_logo_2023_nb.png\",\"contentUrl\":\"https:\\\/\\\/bale.ch\\\/journal\\\/wp-content\\\/uploads\\\/2023\\\/07\\\/journaldebale_logo_2023_nb.png\",\"width\":371,\"height\":127,\"caption\":\"Journal de B\u00e2le et Gen\u00e8ve\"},\"image\":{\"@id\":\"https:\\\/\\\/bale.ch\\\/journal\\\/#\\\/schema\\\/logo\\\/image\\\/\"}},{\"@type\":\"Person\",\"@id\":\"https:\\\/\\\/bale.ch\\\/journal\\\/#\\\/schema\\\/person\\\/03ced978db3b7a5274c5cef003f352f5\",\"name\":\"La R\u00e9daction\",\"image\":{\"@type\":\"ImageObject\",\"inLanguage\":\"fr-FR\",\"@id\":\"https:\\\/\\\/secure.gravatar.com\\\/avatar\\\/d1327e2ce8d2b860112f968a3f34686c9bdda7a463a1502cdd1070ac9d88cf1e?s=96&d=mm&r=g\",\"url\":\"https:\\\/\\\/secure.gravatar.com\\\/avatar\\\/d1327e2ce8d2b860112f968a3f34686c9bdda7a463a1502cdd1070ac9d88cf1e?s=96&d=mm&r=g\",\"contentUrl\":\"https:\\\/\\\/secure.gravatar.com\\\/avatar\\\/d1327e2ce8d2b860112f968a3f34686c9bdda7a463a1502cdd1070ac9d88cf1e?s=96&d=mm&r=g\",\"caption\":\"La R\u00e9daction\"},\"url\":\"https:\\\/\\\/bale.ch\\\/journal\\\/author\\\/laredaction\\\/\"}]}<\/script>\n<!-- \/ Yoast SEO plugin. -->","yoast_head_json":{"title":"Bilan positif pour le bus FREUND entre L\u00f6rrach et l'EuroAirport - Journal de B\u00e2le et Gen\u00e8ve","robots":{"index":"index","follow":"follow","max-snippet":"max-snippet:-1","max-image-preview":"max-image-preview:large","max-video-preview":"max-video-preview:-1"},"canonical":"https:\/\/bale.ch\/journal\/bilan-bus-freund-loerrach-euroairport\/","og_locale":"fr_FR","og_type":"article","og_title":"Bilan positif pour le bus FREUND entre L\u00f6rrach et l'EuroAirport - Journal de B\u00e2le et Gen\u00e8ve","og_description":"Le bus FREUND (ligne 220) qui assure la liaison entre L\u00f6rrach et l&rsquo;EuroAirport, affiche des r\u00e9sultats sup\u00e9rieurs aux pr\u00e9visions initiales apr\u00e8s un an d&rsquo;activit\u00e9. Ce succ\u00e8s encourage les partenaires du Continuer la lecture","og_url":"https:\/\/bale.ch\/journal\/bilan-bus-freund-loerrach-euroairport\/","og_site_name":"Journal de B\u00e2le et Gen\u00e8ve","article_published_time":"2026-04-07T10:09:00+00:00","article_modified_time":"2026-05-03T07:55:57+00:00","og_image":[{"width":2560,"height":1707,"url":"https:\/\/bale.ch\/journal\/wp-content\/uploads\/2026\/04\/bus_freund_euroairport-scaled.jpg","type":"image\/jpeg"}],"author":"La R\u00e9daction","twitter_card":"summary_large_image","twitter_misc":{"\u00c9crit par":"La R\u00e9daction","Dur\u00e9e de lecture estim\u00e9e":"2 minutes"},"schema":{"@context":"https:\/\/schema.org","@graph":[{"@type":"Article","@id":"https:\/\/bale.ch\/journal\/bilan-bus-freund-loerrach-euroairport\/#article","isPartOf":{"@id":"https:\/\/bale.ch\/journal\/bilan-bus-freund-loerrach-euroairport\/"},"author":{"name":"La R\u00e9daction","@id":"https:\/\/bale.ch\/journal\/#\/schema\/person\/03ced978db3b7a5274c5cef003f352f5"},"headline":"Bilan positif pour le bus FREUND entre L\u00f6rrach et l&rsquo;EuroAirport","datePublished":"2026-04-07T10:09:00+00:00","dateModified":"2026-05-03T07:55:57+00:00","mainEntityOfPage":{"@id":"https:\/\/bale.ch\/journal\/bilan-bus-freund-loerrach-euroairport\/"},"wordCount":290,"publisher":{"@id":"https:\/\/bale.ch\/journal\/#organization"},"image":{"@id":"https:\/\/bale.ch\/journal\/bilan-bus-freund-loerrach-euroairport\/#primaryimage"},"thumbnailUrl":"https:\/\/bale.ch\/journal\/wp-content\/uploads\/2026\/04\/bus_freund_euroairport-scaled.jpg","keywords":["B\u00e2le Mulhouse A\u00e9roport","Euroairport","L\u00f6rrach","Transports"],"articleSection":["Actualit\u00e9s","B\u00e2le Trinationale"],"inLanguage":"fr-FR"},{"@type":"WebPage","@id":"https:\/\/bale.ch\/journal\/bilan-bus-freund-loerrach-euroairport\/","url":"https:\/\/bale.ch\/journal\/bilan-bus-freund-loerrach-euroairport\/","name":"Bilan positif pour le bus FREUND entre L\u00f6rrach et l'EuroAirport - Journal de B\u00e2le et Gen\u00e8ve","isPartOf":{"@id":"https:\/\/bale.ch\/journal\/#website"},"primaryImageOfPage":{"@id":"https:\/\/bale.ch\/journal\/bilan-bus-freund-loerrach-euroairport\/#primaryimage"},"image":{"@id":"https:\/\/bale.ch\/journal\/bilan-bus-freund-loerrach-euroairport\/#primaryimage"},"thumbnailUrl":"https:\/\/bale.ch\/journal\/wp-content\/uploads\/2026\/04\/bus_freund_euroairport-scaled.jpg","datePublished":"2026-04-07T10:09:00+00:00","dateModified":"2026-05-03T07:55:57+00:00","breadcrumb":{"@id":"https:\/\/bale.ch\/journal\/bilan-bus-freund-loerrach-euroairport\/#breadcrumb"},"inLanguage":"fr-FR","potentialAction":[{"@type":"ReadAction","target":["https:\/\/bale.ch\/journal\/bilan-bus-freund-loerrach-euroairport\/"]}]},{"@type":"ImageObject","inLanguage":"fr-FR","@id":"https:\/\/bale.ch\/journal\/bilan-bus-freund-loerrach-euroairport\/#primaryimage","url":"https:\/\/bale.ch\/journal\/wp-content\/uploads\/2026\/04\/bus_freund_euroairport-scaled.jpg","contentUrl":"https:\/\/bale.ch\/journal\/wp-content\/uploads\/2026\/04\/bus_freund_euroairport-scaled.jpg","width":2560,"height":1707},{"@type":"BreadcrumbList","@id":"https:\/\/bale.ch\/journal\/bilan-bus-freund-loerrach-euroairport\/#breadcrumb","itemListElement":[{"@type":"ListItem","position":1,"name":"Accueil","item":"https:\/\/bale.ch\/journal\/"},{"@type":"ListItem","position":2,"name":"Bilan positif pour le bus FREUND entre L\u00f6rrach et l&rsquo;EuroAirport"}]},{"@type":"WebSite","@id":"https:\/\/bale.ch\/journal\/#website","url":"https:\/\/bale.ch\/journal\/","name":"Journal de B\u00e2le et Gen\u00e8ve","description":"M\u00e9dia transfrontalier d&#039;actualit\u00e9s - News","publisher":{"@id":"https:\/\/bale.ch\/journal\/#organization"},"potentialAction":[{"@type":"SearchAction","target":{"@type":"EntryPoint","urlTemplate":"https:\/\/bale.ch\/journal\/?s={search_term_string}"},"query-input":{"@type":"PropertyValueSpecification","valueRequired":true,"valueName":"search_term_string"}}],"inLanguage":"fr-FR"},{"@type":"Organization","@id":"https:\/\/bale.ch\/journal\/#organization","name":"Journal de B\u00e2le et Gen\u00e8ve","url":"https:\/\/bale.ch\/journal\/","logo":{"@type":"ImageObject","inLanguage":"fr-FR","@id":"https:\/\/bale.ch\/journal\/#\/schema\/logo\/image\/","url":"https:\/\/bale.ch\/journal\/wp-content\/uploads\/2023\/07\/journaldebale_logo_2023_nb.png","contentUrl":"https:\/\/bale.ch\/journal\/wp-content\/uploads\/2023\/07\/journaldebale_logo_2023_nb.png","width":371,"height":127,"caption":"Journal de B\u00e2le et Gen\u00e8ve"},"image":{"@id":"https:\/\/bale.ch\/journal\/#\/schema\/logo\/image\/"}},{"@type":"Person","@id":"https:\/\/bale.ch\/journal\/#\/schema\/person\/03ced978db3b7a5274c5cef003f352f5","name":"La R\u00e9daction","image":{"@type":"ImageObject","inLanguage":"fr-FR","@id":"https:\/\/secure.gravatar.com\/avatar\/d1327e2ce8d2b860112f968a3f34686c9bdda7a463a1502cdd1070ac9d88cf1e?s=96&d=mm&r=g","url":"https:\/\/secure.gravatar.com\/avatar\/d1327e2ce8d2b860112f968a3f34686c9bdda7a463a1502cdd1070ac9d88cf1e?s=96&d=mm&r=g","contentUrl":"https:\/\/secure.gravatar.com\/avatar\/d1327e2ce8d2b860112f968a3f34686c9bdda7a463a1502cdd1070ac9d88cf1e?s=96&d=mm&r=g","caption":"La R\u00e9daction"},"url":"https:\/\/bale.ch\/journal\/author\/laredaction\/"}]}},"_links":{"self":[{"href":"https:\/\/bale.ch\/journal\/wp-json\/wp\/v2\/posts\/3861","targetHints":{"allow":["GET"]}}],"collection":[{"href":"https:\/\/bale.ch\/journal\/wp-json\/wp\/v2\/posts"}],"about":[{"href":"https:\/\/bale.ch\/journal\/wp-json\/wp\/v2\/types\/post"}],"author":[{"embeddable":true,"href":"https:\/\/bale.ch\/journal\/wp-json\/wp\/v2\/users\/2"}],"replies":[{"embeddable":true,"href":"https:\/\/bale.ch\/journal\/wp-json\/wp\/v2\/comments?post=3861"}],"version-history":[{"count":1,"href":"https:\/\/bale.ch\/journal\/wp-json\/wp\/v2\/posts\/3861\/revisions"}],"predecessor-version":[{"id":3863,"href":"https:\/\/bale.ch\/journal\/wp-json\/wp\/v2\/posts\/3861\/revisions\/3863"}],"wp:featuredmedia":[{"embeddable":true,"href":"https:\/\/bale.ch\/journal\/wp-json\/wp\/v2\/media\/3862"}],"wp:attachment":[{"href":"https:\/\/bale.ch\/journal\/wp-json\/wp\/v2\/media?parent=3861"}],"wp:term":[{"taxonomy":"category","embeddable":true,"href":"https:\/\/bale.ch\/journal\/wp-json\/wp\/v2\/categories?post=3861"},{"taxonomy":"post_tag","embeddable":true,"href":"https:\/\/bale.ch\/journal\/wp-json\/wp\/v2\/tags?post=3861"}],"curies":[{"name":"wp","href":"https:\/\/api.w.org\/{rel}","templated":true}]}}