{"id":3864,"date":"2026-04-13T10:38:25","date_gmt":"2026-04-13T10:38:25","guid":{"rendered":"https:\/\/bale.ch\/journal\/?p=3864"},"modified":"2026-05-03T07:38:01","modified_gmt":"2026-05-03T07:38:01","slug":"40e-foire-de-loerrach-regiomesse","status":"publish","type":"post","link":"https:\/\/bale.ch\/journal\/40e-foire-de-loerrach-regiomesse\/","title":{"rendered":"Quaranti\u00e8me foire de L\u00f6rrach: tout ce qu&rsquo;il faut savoir sur la Regio Messe 2026"},"content":{"rendered":"\n<p class=\"wp-block-paragraph\">B\u00c2LE TRINATIONALE <strong><em>\u00ab\u00a0Une foire pour ceux qui veulent avoir des informations, des conseils, du divertissement et du plaisir\u00a0\u00bb<\/em>, c\u2019est ainsi que l\u2019organisateur promeut la quaranti\u00e8me foire r\u00e9gionale de L\u00f6rrach. Elle ouvre ses portes du 21 au 29 mars 2026 au parc des expositions du Haagensteg. Les visiteurs peuvent se promener dans la foire, d\u00e9guster des sp\u00e9cialit\u00e9s et d\u00e9couvrir les produits.<\/strong><\/p>\n\n\n\n<h3 class=\"wp-block-heading\">Quelles sont les particularit\u00e9s de la Regio Messe ?<\/h3>\n\n\n\n<p class=\"wp-block-paragraph\">Les sujets traditionnels de la foire comprennent la construction, la r\u00e9novation, la technologie \u00e9nerg\u00e9tique, l&rsquo;entretien m\u00e9nager, le logement, le march\u00e9 des agriculteurs, la gourmessa, la sant\u00e9, les loisirs.<\/p>\n\n\n\n<p class=\"wp-block-paragraph\">Spectacles sp\u00e9ciaux: <strong>L&rsquo;Oldierama<\/strong> se tiendra dans l&rsquo;espace ext\u00e9rieur les 21 et 22 mars (entr\u00e9e gratuite). L&rsquo;exposition des vieux m\u00e9tiers dans et devant le Hall 1 (forgerons, tanneurs, sculpteurs sur bois et tourneurs) \u00e9galement les 21 et 22 mars. Les 24 et 25 mars se tiendra la journ\u00e9e de la sant\u00e9, avec \u00e0 noter, l&rsquo;entr\u00e9e gratuite pour les plus de 65 ans le 25. Les 28 et 29, l\u2019exposition US-Cars, Bikes et Custom sera de retour!<\/p><div id=\"crieu-799466181\" class=\"crieu-content crieu-entity-placement\"><script async src=\"\/\/pagead2.googlesyndication.com\/pagead\/js\/adsbygoogle.js?client=ca-pub-5271584769416742\" crossorigin=\"anonymous\"><\/script><ins class=\"adsbygoogle\" style=\"display:block;\" data-ad-client=\"ca-pub-5271584769416742\" \ndata-ad-slot=\"9321250718\" \ndata-ad-format=\"auto\"><\/ins>\n<script> \n(adsbygoogle = window.adsbygoogle || []).push({}); \n<\/script>\n<\/div>\n\n\n\n<h3 class=\"wp-block-heading\">Comment s&rsquo;y rendre?<\/h3>\n\n\n\n<p class=\"wp-block-paragraph\">La direction de l&rsquo;\u00e9v\u00e9nement recommande de se rendre en bus et en train \u00e0 la station L\u00f6rrach Haagen\/Messe ou \u00e0 l&rsquo;arr\u00eat de bus Sch\u00f6pflin Siedlung. Les visiteurs peuvent venir avec le Wiesentalbahn (de B\u00e2le CFF \u00e0 Zell im Wiesental).<\/p>\n\n\n\n<p class=\"wp-block-paragraph\">En arrivant en voiture, les visiteurs peuvent profiter de places de parking \u00e0 proximit\u00e9 de la foire: environ 700 places dans le parking derri\u00e8re la zone de Lauffenm\u00fchle. Les frais de stationnement dans les places de parking des visiteurs sont de 3 euros par v\u00e9hicule. Une place de parking suppl\u00e9mentaire le dimanche est disponible \u00e0 Aldi, Kaufland et Bauhaus.<\/p>\n\n\n\n<blockquote class=\"wp-block-quote is-layout-flow wp-block-quote-is-layout-flow\">\n<p class=\"wp-block-paragraph\"><strong>La Regio Messe en chiffres <\/strong><\/p>\n\n\n\n<p class=\"wp-block-paragraph\">Selon les informations fournies par l\u2019organisateur, 250 exposants se sont inscrits. 40 \u2013 dix pour cent de plus \u2013 viennent de l\u2019\u00e9tranger: onze de Suisse, sept de France, trois d\u2019Inde et un d\u2019Autriche.<br><strong>Espace d&rsquo;exposition:<\/strong> Environ 11&rsquo;000 m\u00e8tres carr\u00e9s de surface brute dans les salles sont occup\u00e9s. En outre, il y a environ 2&rsquo;000 m\u00e8tres carr\u00e9s pour les stands dans la zone ext\u00e9rieure. L\u2019espace d\u2019exposition est rest\u00e9 le m\u00eame par rapport \u00e0 l\u2019ann\u00e9e pr\u00e9c\u00e9dente.<br>L&rsquo;objectif de la foire, c&rsquo;est d&rsquo;arriver \u00e0 50.000 visiteurs: <em>\u00ab\u00a0Cela correspond \u00e9galement \u00e0 l\u2019objectif de 2025, qui a \u00e9t\u00e9 manqu\u00e9 de peu.\u00a0\u00bb<\/em><br><strong>Frais d&rsquo;entr\u00e9e:<\/strong> adultes 9 euros. Retrait\u00e9s, \u00e9tudiants, \u00e9l\u00e8ves: 6 euros. Familles (deux adultes et jusqu&rsquo;\u00e0 deux enfants) 18 euros.<\/p>\n<\/blockquote>\n<div id=\"crieu-3844436629\" class=\"crieu-apres-le-contenu crieu-entity-placement\" style=\"margin-left: auto;margin-right: auto;text-align: center;\"><script async src=\"\/\/pagead2.googlesyndication.com\/pagead\/js\/adsbygoogle.js?client=ca-pub-5271584769416742\" crossorigin=\"anonymous\"><\/script><ins class=\"adsbygoogle\" style=\"display:block;\" data-ad-client=\"ca-pub-5271584769416742\" \ndata-ad-slot=\"9321250718\" \ndata-ad-format=\"auto\"><\/ins>\n<script> \n(adsbygoogle = window.adsbygoogle || []).push({}); \n<\/script>\n<\/div>","protected":false},"excerpt":{"rendered":"<p>B\u00c2LE TRINATIONALE \u00ab\u00a0Une foire pour ceux qui veulent avoir des informations, des conseils, du divertissement et du plaisir\u00a0\u00bb, c\u2019est ainsi que l\u2019organisateur promeut la quaranti\u00e8me foire r\u00e9gionale de L\u00f6rrach. Elle <a href=\"https:\/\/bale.ch\/journal\/40e-foire-de-loerrach-regiomesse\/\" class=\"read-more button-fancy -red\"><span class=\"btn-arrow\"><\/span><span class=\"twp-read-more text\">Continuer la lecture<\/span><\/a><\/p>\n","protected":false},"author":2,"featured_media":3866,"comment_status":"closed","ping_status":"closed","sticky":false,"template":"","format":"standard","meta":{"footnotes":""},"categories":[103,7,18],"tags":[263,261,264],"class_list":["post-3864","post","type-post","status-publish","format-standard","has-post-thumbnail","hentry","category-actu","category-bale","category-sortir","tag-foire-de-lorrach","tag-lorrach","tag-regiomesse"],"yoast_head":"<!-- This site is optimized with the Yoast SEO plugin v28.3 - https:\/\/yoast.com\/product\/yoast-seo-wordpress\/ -->\n<title>Quaranti\u00e8me foire de L\u00f6rrach: tout ce qu&#039;il faut savoir sur la Regio Messe 2026 - Journal de B\u00e2le et Gen\u00e8ve<\/title>\n<meta name=\"robots\" content=\"index, follow, max-snippet:-1, max-image-preview:large, max-video-preview:-1\" \/>\n<link rel=\"canonical\" href=\"https:\/\/bale.ch\/journal\/40e-foire-de-loerrach-regiomesse\/\" \/>\n<meta property=\"og:locale\" content=\"fr_FR\" \/>\n<meta property=\"og:type\" content=\"article\" \/>\n<meta property=\"og:title\" content=\"Quaranti\u00e8me foire de L\u00f6rrach: tout ce qu&#039;il faut savoir sur la Regio Messe 2026 - Journal de B\u00e2le et Gen\u00e8ve\" \/>\n<meta property=\"og:description\" content=\"B\u00c2LE TRINATIONALE \u00ab\u00a0Une foire pour ceux qui veulent avoir des informations, des conseils, du divertissement et du plaisir\u00a0\u00bb, c\u2019est ainsi que l\u2019organisateur promeut la quaranti\u00e8me foire r\u00e9gionale de L\u00f6rrach. Elle Continuer la lecture\" \/>\n<meta property=\"og:url\" content=\"https:\/\/bale.ch\/journal\/40e-foire-de-loerrach-regiomesse\/\" \/>\n<meta property=\"og:site_name\" content=\"Journal de B\u00e2le et Gen\u00e8ve\" \/>\n<meta property=\"article:published_time\" content=\"2026-04-13T10:38:25+00:00\" \/>\n<meta property=\"article:modified_time\" content=\"2026-05-03T07:38:01+00:00\" \/>\n<meta property=\"og:image\" content=\"https:\/\/bale.ch\/journal\/wp-content\/uploads\/2026\/04\/regiomesse_loerrach-1024x611.png\" \/>\n\t<meta property=\"og:image:width\" content=\"1024\" \/>\n\t<meta property=\"og:image:height\" content=\"611\" \/>\n\t<meta property=\"og:image:type\" content=\"image\/png\" \/>\n<meta name=\"author\" content=\"La R\u00e9daction\" \/>\n<meta name=\"twitter:card\" content=\"summary_large_image\" \/>\n<meta name=\"twitter:label1\" content=\"\u00c9crit par\" \/>\n\t<meta name=\"twitter:data1\" content=\"La R\u00e9daction\" \/>\n\t<meta name=\"twitter:label2\" content=\"Dur\u00e9e de lecture estim\u00e9e\" \/>\n\t<meta name=\"twitter:data2\" content=\"2 minutes\" \/>\n<script type=\"application\/ld+json\" class=\"yoast-schema-graph\">{\"@context\":\"https:\\\/\\\/schema.org\",\"@graph\":[{\"@type\":\"Article\",\"@id\":\"https:\\\/\\\/bale.ch\\\/journal\\\/40e-foire-de-loerrach-regiomesse\\\/#article\",\"isPartOf\":{\"@id\":\"https:\\\/\\\/bale.ch\\\/journal\\\/40e-foire-de-loerrach-regiomesse\\\/\"},\"author\":{\"name\":\"La R\u00e9daction\",\"@id\":\"https:\\\/\\\/bale.ch\\\/journal\\\/#\\\/schema\\\/person\\\/03ced978db3b7a5274c5cef003f352f5\"},\"headline\":\"Quaranti\u00e8me foire de L\u00f6rrach: tout ce qu&rsquo;il faut savoir sur la Regio Messe 2026\",\"datePublished\":\"2026-04-13T10:38:25+00:00\",\"dateModified\":\"2026-05-03T07:38:01+00:00\",\"mainEntityOfPage\":{\"@id\":\"https:\\\/\\\/bale.ch\\\/journal\\\/40e-foire-de-loerrach-regiomesse\\\/\"},\"wordCount\":437,\"publisher\":{\"@id\":\"https:\\\/\\\/bale.ch\\\/journal\\\/#organization\"},\"image\":{\"@id\":\"https:\\\/\\\/bale.ch\\\/journal\\\/40e-foire-de-loerrach-regiomesse\\\/#primaryimage\"},\"thumbnailUrl\":\"https:\\\/\\\/bale.ch\\\/journal\\\/wp-content\\\/uploads\\\/2026\\\/04\\\/regiomesse_loerrach.png\",\"keywords\":[\"Foire de L\u00f6rrach\",\"L\u00f6rrach\",\"Regiomesse\"],\"articleSection\":[\"Actualit\u00e9s\",\"B\u00e2le Trinationale\",\"Sortir\"],\"inLanguage\":\"fr-FR\"},{\"@type\":\"WebPage\",\"@id\":\"https:\\\/\\\/bale.ch\\\/journal\\\/40e-foire-de-loerrach-regiomesse\\\/\",\"url\":\"https:\\\/\\\/bale.ch\\\/journal\\\/40e-foire-de-loerrach-regiomesse\\\/\",\"name\":\"Quaranti\u00e8me foire de L\u00f6rrach: tout ce qu'il faut savoir sur la Regio Messe 2026 - Journal de B\u00e2le et Gen\u00e8ve\",\"isPartOf\":{\"@id\":\"https:\\\/\\\/bale.ch\\\/journal\\\/#website\"},\"primaryImageOfPage\":{\"@id\":\"https:\\\/\\\/bale.ch\\\/journal\\\/40e-foire-de-loerrach-regiomesse\\\/#primaryimage\"},\"image\":{\"@id\":\"https:\\\/\\\/bale.ch\\\/journal\\\/40e-foire-de-loerrach-regiomesse\\\/#primaryimage\"},\"thumbnailUrl\":\"https:\\\/\\\/bale.ch\\\/journal\\\/wp-content\\\/uploads\\\/2026\\\/04\\\/regiomesse_loerrach.png\",\"datePublished\":\"2026-04-13T10:38:25+00:00\",\"dateModified\":\"2026-05-03T07:38:01+00:00\",\"breadcrumb\":{\"@id\":\"https:\\\/\\\/bale.ch\\\/journal\\\/40e-foire-de-loerrach-regiomesse\\\/#breadcrumb\"},\"inLanguage\":\"fr-FR\",\"potentialAction\":[{\"@type\":\"ReadAction\",\"target\":[\"https:\\\/\\\/bale.ch\\\/journal\\\/40e-foire-de-loerrach-regiomesse\\\/\"]}]},{\"@type\":\"ImageObject\",\"inLanguage\":\"fr-FR\",\"@id\":\"https:\\\/\\\/bale.ch\\\/journal\\\/40e-foire-de-loerrach-regiomesse\\\/#primaryimage\",\"url\":\"https:\\\/\\\/bale.ch\\\/journal\\\/wp-content\\\/uploads\\\/2026\\\/04\\\/regiomesse_loerrach.png\",\"contentUrl\":\"https:\\\/\\\/bale.ch\\\/journal\\\/wp-content\\\/uploads\\\/2026\\\/04\\\/regiomesse_loerrach.png\",\"width\":1500,\"height\":895},{\"@type\":\"BreadcrumbList\",\"@id\":\"https:\\\/\\\/bale.ch\\\/journal\\\/40e-foire-de-loerrach-regiomesse\\\/#breadcrumb\",\"itemListElement\":[{\"@type\":\"ListItem\",\"position\":1,\"name\":\"Accueil\",\"item\":\"https:\\\/\\\/bale.ch\\\/journal\\\/\"},{\"@type\":\"ListItem\",\"position\":2,\"name\":\"Quaranti\u00e8me foire de L\u00f6rrach: tout ce qu&rsquo;il faut savoir sur la Regio Messe 2026\"}]},{\"@type\":\"WebSite\",\"@id\":\"https:\\\/\\\/bale.ch\\\/journal\\\/#website\",\"url\":\"https:\\\/\\\/bale.ch\\\/journal\\\/\",\"name\":\"Journal de B\u00e2le et Gen\u00e8ve\",\"description\":\"M\u00e9dia transfrontalier d&#039;actualit\u00e9s - News\",\"publisher\":{\"@id\":\"https:\\\/\\\/bale.ch\\\/journal\\\/#organization\"},\"potentialAction\":[{\"@type\":\"SearchAction\",\"target\":{\"@type\":\"EntryPoint\",\"urlTemplate\":\"https:\\\/\\\/bale.ch\\\/journal\\\/?s={search_term_string}\"},\"query-input\":{\"@type\":\"PropertyValueSpecification\",\"valueRequired\":true,\"valueName\":\"search_term_string\"}}],\"inLanguage\":\"fr-FR\"},{\"@type\":\"Organization\",\"@id\":\"https:\\\/\\\/bale.ch\\\/journal\\\/#organization\",\"name\":\"Journal de B\u00e2le et Gen\u00e8ve\",\"url\":\"https:\\\/\\\/bale.ch\\\/journal\\\/\",\"logo\":{\"@type\":\"ImageObject\",\"inLanguage\":\"fr-FR\",\"@id\":\"https:\\\/\\\/bale.ch\\\/journal\\\/#\\\/schema\\\/logo\\\/image\\\/\",\"url\":\"https:\\\/\\\/bale.ch\\\/journal\\\/wp-content\\\/uploads\\\/2023\\\/07\\\/journaldebale_logo_2023_nb.png\",\"contentUrl\":\"https:\\\/\\\/bale.ch\\\/journal\\\/wp-content\\\/uploads\\\/2023\\\/07\\\/journaldebale_logo_2023_nb.png\",\"width\":371,\"height\":127,\"caption\":\"Journal de B\u00e2le et Gen\u00e8ve\"},\"image\":{\"@id\":\"https:\\\/\\\/bale.ch\\\/journal\\\/#\\\/schema\\\/logo\\\/image\\\/\"}},{\"@type\":\"Person\",\"@id\":\"https:\\\/\\\/bale.ch\\\/journal\\\/#\\\/schema\\\/person\\\/03ced978db3b7a5274c5cef003f352f5\",\"name\":\"La R\u00e9daction\",\"image\":{\"@type\":\"ImageObject\",\"inLanguage\":\"fr-FR\",\"@id\":\"https:\\\/\\\/secure.gravatar.com\\\/avatar\\\/d1327e2ce8d2b860112f968a3f34686c9bdda7a463a1502cdd1070ac9d88cf1e?s=96&d=mm&r=g\",\"url\":\"https:\\\/\\\/secure.gravatar.com\\\/avatar\\\/d1327e2ce8d2b860112f968a3f34686c9bdda7a463a1502cdd1070ac9d88cf1e?s=96&d=mm&r=g\",\"contentUrl\":\"https:\\\/\\\/secure.gravatar.com\\\/avatar\\\/d1327e2ce8d2b860112f968a3f34686c9bdda7a463a1502cdd1070ac9d88cf1e?s=96&d=mm&r=g\",\"caption\":\"La R\u00e9daction\"},\"url\":\"https:\\\/\\\/bale.ch\\\/journal\\\/author\\\/laredaction\\\/\"}]}<\/script>\n<!-- \/ Yoast SEO plugin. -->","yoast_head_json":{"title":"Quaranti\u00e8me foire de L\u00f6rrach: tout ce qu'il faut savoir sur la Regio Messe 2026 - Journal de B\u00e2le et Gen\u00e8ve","robots":{"index":"index","follow":"follow","max-snippet":"max-snippet:-1","max-image-preview":"max-image-preview:large","max-video-preview":"max-video-preview:-1"},"canonical":"https:\/\/bale.ch\/journal\/40e-foire-de-loerrach-regiomesse\/","og_locale":"fr_FR","og_type":"article","og_title":"Quaranti\u00e8me foire de L\u00f6rrach: tout ce qu'il faut savoir sur la Regio Messe 2026 - Journal de B\u00e2le et Gen\u00e8ve","og_description":"B\u00c2LE TRINATIONALE \u00ab\u00a0Une foire pour ceux qui veulent avoir des informations, des conseils, du divertissement et du plaisir\u00a0\u00bb, c\u2019est ainsi que l\u2019organisateur promeut la quaranti\u00e8me foire r\u00e9gionale de L\u00f6rrach. Elle Continuer la lecture","og_url":"https:\/\/bale.ch\/journal\/40e-foire-de-loerrach-regiomesse\/","og_site_name":"Journal de B\u00e2le et Gen\u00e8ve","article_published_time":"2026-04-13T10:38:25+00:00","article_modified_time":"2026-05-03T07:38:01+00:00","og_image":[{"width":1024,"height":611,"url":"https:\/\/bale.ch\/journal\/wp-content\/uploads\/2026\/04\/regiomesse_loerrach-1024x611.png","type":"image\/png"}],"author":"La R\u00e9daction","twitter_card":"summary_large_image","twitter_misc":{"\u00c9crit par":"La R\u00e9daction","Dur\u00e9e de lecture estim\u00e9e":"2 minutes"},"schema":{"@context":"https:\/\/schema.org","@graph":[{"@type":"Article","@id":"https:\/\/bale.ch\/journal\/40e-foire-de-loerrach-regiomesse\/#article","isPartOf":{"@id":"https:\/\/bale.ch\/journal\/40e-foire-de-loerrach-regiomesse\/"},"author":{"name":"La R\u00e9daction","@id":"https:\/\/bale.ch\/journal\/#\/schema\/person\/03ced978db3b7a5274c5cef003f352f5"},"headline":"Quaranti\u00e8me foire de L\u00f6rrach: tout ce qu&rsquo;il faut savoir sur la Regio Messe 2026","datePublished":"2026-04-13T10:38:25+00:00","dateModified":"2026-05-03T07:38:01+00:00","mainEntityOfPage":{"@id":"https:\/\/bale.ch\/journal\/40e-foire-de-loerrach-regiomesse\/"},"wordCount":437,"publisher":{"@id":"https:\/\/bale.ch\/journal\/#organization"},"image":{"@id":"https:\/\/bale.ch\/journal\/40e-foire-de-loerrach-regiomesse\/#primaryimage"},"thumbnailUrl":"https:\/\/bale.ch\/journal\/wp-content\/uploads\/2026\/04\/regiomesse_loerrach.png","keywords":["Foire de L\u00f6rrach","L\u00f6rrach","Regiomesse"],"articleSection":["Actualit\u00e9s","B\u00e2le Trinationale","Sortir"],"inLanguage":"fr-FR"},{"@type":"WebPage","@id":"https:\/\/bale.ch\/journal\/40e-foire-de-loerrach-regiomesse\/","url":"https:\/\/bale.ch\/journal\/40e-foire-de-loerrach-regiomesse\/","name":"Quaranti\u00e8me foire de L\u00f6rrach: tout ce qu'il faut savoir sur la Regio Messe 2026 - Journal de B\u00e2le et Gen\u00e8ve","isPartOf":{"@id":"https:\/\/bale.ch\/journal\/#website"},"primaryImageOfPage":{"@id":"https:\/\/bale.ch\/journal\/40e-foire-de-loerrach-regiomesse\/#primaryimage"},"image":{"@id":"https:\/\/bale.ch\/journal\/40e-foire-de-loerrach-regiomesse\/#primaryimage"},"thumbnailUrl":"https:\/\/bale.ch\/journal\/wp-content\/uploads\/2026\/04\/regiomesse_loerrach.png","datePublished":"2026-04-13T10:38:25+00:00","dateModified":"2026-05-03T07:38:01+00:00","breadcrumb":{"@id":"https:\/\/bale.ch\/journal\/40e-foire-de-loerrach-regiomesse\/#breadcrumb"},"inLanguage":"fr-FR","potentialAction":[{"@type":"ReadAction","target":["https:\/\/bale.ch\/journal\/40e-foire-de-loerrach-regiomesse\/"]}]},{"@type":"ImageObject","inLanguage":"fr-FR","@id":"https:\/\/bale.ch\/journal\/40e-foire-de-loerrach-regiomesse\/#primaryimage","url":"https:\/\/bale.ch\/journal\/wp-content\/uploads\/2026\/04\/regiomesse_loerrach.png","contentUrl":"https:\/\/bale.ch\/journal\/wp-content\/uploads\/2026\/04\/regiomesse_loerrach.png","width":1500,"height":895},{"@type":"BreadcrumbList","@id":"https:\/\/bale.ch\/journal\/40e-foire-de-loerrach-regiomesse\/#breadcrumb","itemListElement":[{"@type":"ListItem","position":1,"name":"Accueil","item":"https:\/\/bale.ch\/journal\/"},{"@type":"ListItem","position":2,"name":"Quaranti\u00e8me foire de L\u00f6rrach: tout ce qu&rsquo;il faut savoir sur la Regio Messe 2026"}]},{"@type":"WebSite","@id":"https:\/\/bale.ch\/journal\/#website","url":"https:\/\/bale.ch\/journal\/","name":"Journal de B\u00e2le et Gen\u00e8ve","description":"M\u00e9dia transfrontalier d&#039;actualit\u00e9s - News","publisher":{"@id":"https:\/\/bale.ch\/journal\/#organization"},"potentialAction":[{"@type":"SearchAction","target":{"@type":"EntryPoint","urlTemplate":"https:\/\/bale.ch\/journal\/?s={search_term_string}"},"query-input":{"@type":"PropertyValueSpecification","valueRequired":true,"valueName":"search_term_string"}}],"inLanguage":"fr-FR"},{"@type":"Organization","@id":"https:\/\/bale.ch\/journal\/#organization","name":"Journal de B\u00e2le et Gen\u00e8ve","url":"https:\/\/bale.ch\/journal\/","logo":{"@type":"ImageObject","inLanguage":"fr-FR","@id":"https:\/\/bale.ch\/journal\/#\/schema\/logo\/image\/","url":"https:\/\/bale.ch\/journal\/wp-content\/uploads\/2023\/07\/journaldebale_logo_2023_nb.png","contentUrl":"https:\/\/bale.ch\/journal\/wp-content\/uploads\/2023\/07\/journaldebale_logo_2023_nb.png","width":371,"height":127,"caption":"Journal de B\u00e2le et Gen\u00e8ve"},"image":{"@id":"https:\/\/bale.ch\/journal\/#\/schema\/logo\/image\/"}},{"@type":"Person","@id":"https:\/\/bale.ch\/journal\/#\/schema\/person\/03ced978db3b7a5274c5cef003f352f5","name":"La R\u00e9daction","image":{"@type":"ImageObject","inLanguage":"fr-FR","@id":"https:\/\/secure.gravatar.com\/avatar\/d1327e2ce8d2b860112f968a3f34686c9bdda7a463a1502cdd1070ac9d88cf1e?s=96&d=mm&r=g","url":"https:\/\/secure.gravatar.com\/avatar\/d1327e2ce8d2b860112f968a3f34686c9bdda7a463a1502cdd1070ac9d88cf1e?s=96&d=mm&r=g","contentUrl":"https:\/\/secure.gravatar.com\/avatar\/d1327e2ce8d2b860112f968a3f34686c9bdda7a463a1502cdd1070ac9d88cf1e?s=96&d=mm&r=g","caption":"La R\u00e9daction"},"url":"https:\/\/bale.ch\/journal\/author\/laredaction\/"}]}},"_links":{"self":[{"href":"https:\/\/bale.ch\/journal\/wp-json\/wp\/v2\/posts\/3864","targetHints":{"allow":["GET"]}}],"collection":[{"href":"https:\/\/bale.ch\/journal\/wp-json\/wp\/v2\/posts"}],"about":[{"href":"https:\/\/bale.ch\/journal\/wp-json\/wp\/v2\/types\/post"}],"author":[{"embeddable":true,"href":"https:\/\/bale.ch\/journal\/wp-json\/wp\/v2\/users\/2"}],"replies":[{"embeddable":true,"href":"https:\/\/bale.ch\/journal\/wp-json\/wp\/v2\/comments?post=3864"}],"version-history":[{"count":8,"href":"https:\/\/bale.ch\/journal\/wp-json\/wp\/v2\/posts\/3864\/revisions"}],"predecessor-version":[{"id":3939,"href":"https:\/\/bale.ch\/journal\/wp-json\/wp\/v2\/posts\/3864\/revisions\/3939"}],"wp:featuredmedia":[{"embeddable":true,"href":"https:\/\/bale.ch\/journal\/wp-json\/wp\/v2\/media\/3866"}],"wp:attachment":[{"href":"https:\/\/bale.ch\/journal\/wp-json\/wp\/v2\/media?parent=3864"}],"wp:term":[{"taxonomy":"category","embeddable":true,"href":"https:\/\/bale.ch\/journal\/wp-json\/wp\/v2\/categories?post=3864"},{"taxonomy":"post_tag","embeddable":true,"href":"https:\/\/bale.ch\/journal\/wp-json\/wp\/v2\/tags?post=3864"}],"curies":[{"name":"wp","href":"https:\/\/api.w.org\/{rel}","templated":true}]}}