{"id":3881,"date":"2026-04-12T16:35:00","date_gmt":"2026-04-12T16:35:00","guid":{"rendered":"https:\/\/bale.ch\/journal\/?p=3881"},"modified":"2026-05-03T07:38:33","modified_gmt":"2026-05-03T07:38:33","slug":"geneve-musee-illusions","status":"publish","type":"post","link":"https:\/\/bale.ch\/journal\/geneve-musee-illusions\/","title":{"rendered":"Gen\u00e8ve inaugure son Mus\u00e9e des illusions, entre science et divertissement"},"content":{"rendered":"\n<p class=\"wp-block-paragraph\"><strong>Un nouveau lieu culturel vient enrichir l\u2019offre de loisirs genevoise. Le Museum of Illusions Gen\u00e8ve a ouvert ses portes le 11 avril 2026, au c\u0153ur des Rues Basses, attirant d\u00e9j\u00e0 curieux, familles et touristes en qu\u00eate d\u2019exp\u00e9riences originales.<\/strong><\/p>\n\n\n\n<p class=\"wp-block-paragraph\">Ce concept, n\u00e9 en Croatie et d\u00e9clin\u00e9 dans plusieurs grandes villes \u00e0 travers le monde, repose sur un principe simple : tromper les sens pour mieux comprendre les m\u00e9canismes de la perception. \u00c0 Gen\u00e8ve, le mus\u00e9e propose un parcours immersif d\u2019une quarantaine d\u2019installations interactives, m\u00ealant illusions d\u2019optique, jeux de miroirs et exp\u00e9riences sensorielles.<\/p>\n\n\n\n<p class=\"wp-block-paragraph\">Parmi les attractions phares, le tunnel vortex \u2014 un cylindre en rotation donnant l\u2019impression de perdre l\u2019\u00e9quilibre \u2014 rencontre un franc succ\u00e8s. Autre incontournable : la c\u00e9l\u00e8bre chaise de Beuchet, qui joue avec les perspectives et donne l\u2019illusion de changer de taille. Les visiteurs peuvent \u00e9galement \u00e9voluer dans des pi\u00e8ces invers\u00e9es ou d\u00e9form\u00e9es, o\u00f9 les rep\u00e8res habituels disparaissent.<\/p><div id=\"crieu-364642199\" class=\"crieu-content crieu-entity-placement\"><script async src=\"\/\/pagead2.googlesyndication.com\/pagead\/js\/adsbygoogle.js?client=ca-pub-5271584769416742\" crossorigin=\"anonymous\"><\/script><ins class=\"adsbygoogle\" style=\"display:block;\" data-ad-client=\"ca-pub-5271584769416742\" \ndata-ad-slot=\"9321250718\" \ndata-ad-format=\"auto\"><\/ins>\n<script> \n(adsbygoogle = window.adsbygoogle || []).push({}); \n<\/script>\n<\/div>\n\n\n\n<p class=\"wp-block-paragraph\">Contrairement aux institutions mus\u00e9ales traditionnelles, ici, il est permis \u2014 et m\u00eame recommand\u00e9 \u2014 de toucher, tester et photographier. \u00ab L\u2019id\u00e9e est de rendre la science accessible \u00e0 tous, en passant par le jeu et l\u2019\u00e9tonnement \u00bb, expliquent les responsables du site. Le lieu mise ainsi sur une approche p\u00e9dagogique ludique, \u00e0 mi-chemin entre exposition scientifique et parc d\u2019attractions indoor.<\/p>\n\n\n\n<p class=\"wp-block-paragraph\">Install\u00e9 sur plusieurs centaines de m\u00e8tres carr\u00e9s, le mus\u00e9e s\u2019adresse \u00e0 un large public. La visite, d\u2019une dur\u00e9e moyenne d\u2019une heure, s\u00e9duit autant les enfants que les adultes. L\u2019aspect visuel et interactif en fait \u00e9galement un espace pris\u00e9 pour les r\u00e9seaux sociaux, o\u00f9 les visiteurs multiplient clich\u00e9s et vid\u00e9os spectaculaires.<\/p>\n\n\n\n<p class=\"wp-block-paragraph\">Avec cette ouverture, Gen\u00e8ve confirme son int\u00e9r\u00eat pour des formats culturels innovants, capables de renouveler l\u2019exp\u00e9rience mus\u00e9ale. Dans un contexte o\u00f9 les institutions cherchent \u00e0 attirer un public plus large, le Mus\u00e9e des illusions s\u2019impose comme un exemple de cette \u00e9volution, conjuguant savoir et divertissement.<\/p>\n\n\n\n<p class=\"wp-block-paragraph\">Reste \u00e0 savoir si ce succ\u00e8s annonc\u00e9 s\u2019inscrira dans la dur\u00e9e. Mais une chose est s\u00fbre : \u00e0 peine inaugur\u00e9, le lieu donne d\u00e9j\u00e0 le tournis \u2014 au sens propre comme au figur\u00e9.<\/p>\n<div id=\"crieu-3870685982\" class=\"crieu-apres-le-contenu crieu-entity-placement\" style=\"margin-left: auto;margin-right: auto;text-align: center;\"><script async src=\"\/\/pagead2.googlesyndication.com\/pagead\/js\/adsbygoogle.js?client=ca-pub-5271584769416742\" crossorigin=\"anonymous\"><\/script><ins class=\"adsbygoogle\" style=\"display:block;\" data-ad-client=\"ca-pub-5271584769416742\" \ndata-ad-slot=\"9321250718\" \ndata-ad-format=\"auto\"><\/ins>\n<script> \n(adsbygoogle = window.adsbygoogle || []).push({}); \n<\/script>\n<\/div>","protected":false},"excerpt":{"rendered":"<p>Un nouveau lieu culturel vient enrichir l\u2019offre de loisirs genevoise. Le Museum of Illusions Gen\u00e8ve a ouvert ses portes le 11 avril 2026, au c\u0153ur des Rues Basses, attirant d\u00e9j\u00e0 <a href=\"https:\/\/bale.ch\/journal\/geneve-musee-illusions\/\" class=\"read-more button-fancy -red\"><span class=\"btn-arrow\"><\/span><span class=\"twp-read-more text\">Continuer la lecture<\/span><\/a><\/p>\n","protected":false},"author":2,"featured_media":3882,"comment_status":"closed","ping_status":"closed","sticky":false,"template":"","format":"standard","meta":{"footnotes":""},"categories":[103,4,18],"tags":[74,36],"class_list":["post-3881","post","type-post","status-publish","format-standard","has-post-thumbnail","hentry","category-actu","category-grand-geneve","category-sortir","tag-geneve","tag-musee"],"yoast_head":"<!-- This site is optimized with the Yoast SEO plugin v28.3 - https:\/\/yoast.com\/product\/yoast-seo-wordpress\/ -->\n<title>Gen\u00e8ve inaugure son Mus\u00e9e des illusions, entre science et divertissement - Journal de B\u00e2le et Gen\u00e8ve<\/title>\n<meta name=\"robots\" content=\"index, follow, max-snippet:-1, max-image-preview:large, max-video-preview:-1\" \/>\n<link rel=\"canonical\" href=\"https:\/\/bale.ch\/journal\/geneve-musee-illusions\/\" \/>\n<meta property=\"og:locale\" content=\"fr_FR\" \/>\n<meta property=\"og:type\" content=\"article\" \/>\n<meta property=\"og:title\" content=\"Gen\u00e8ve inaugure son Mus\u00e9e des illusions, entre science et divertissement - Journal de B\u00e2le et Gen\u00e8ve\" \/>\n<meta property=\"og:description\" content=\"Un nouveau lieu culturel vient enrichir l\u2019offre de loisirs genevoise. Le Museum of Illusions Gen\u00e8ve a ouvert ses portes le 11 avril 2026, au c\u0153ur des Rues Basses, attirant d\u00e9j\u00e0 Continuer la lecture\" \/>\n<meta property=\"og:url\" content=\"https:\/\/bale.ch\/journal\/geneve-musee-illusions\/\" \/>\n<meta property=\"og:site_name\" content=\"Journal de B\u00e2le et Gen\u00e8ve\" \/>\n<meta property=\"article:published_time\" content=\"2026-04-12T16:35:00+00:00\" \/>\n<meta property=\"article:modified_time\" content=\"2026-05-03T07:38:33+00:00\" \/>\n<meta property=\"og:image\" content=\"https:\/\/bale.ch\/journal\/wp-content\/uploads\/2026\/04\/Walk-in-kaleidoscope-scaled.jpg\" \/>\n\t<meta property=\"og:image:width\" content=\"2560\" \/>\n\t<meta property=\"og:image:height\" content=\"1748\" \/>\n\t<meta property=\"og:image:type\" content=\"image\/jpeg\" \/>\n<meta name=\"author\" content=\"La R\u00e9daction\" \/>\n<meta name=\"twitter:card\" content=\"summary_large_image\" \/>\n<meta name=\"twitter:label1\" content=\"\u00c9crit par\" \/>\n\t<meta name=\"twitter:data1\" content=\"La R\u00e9daction\" \/>\n\t<meta name=\"twitter:label2\" content=\"Dur\u00e9e de lecture estim\u00e9e\" \/>\n\t<meta name=\"twitter:data2\" content=\"2 minutes\" \/>\n<script type=\"application\/ld+json\" class=\"yoast-schema-graph\">{\"@context\":\"https:\\\/\\\/schema.org\",\"@graph\":[{\"@type\":\"Article\",\"@id\":\"https:\\\/\\\/bale.ch\\\/journal\\\/geneve-musee-illusions\\\/#article\",\"isPartOf\":{\"@id\":\"https:\\\/\\\/bale.ch\\\/journal\\\/geneve-musee-illusions\\\/\"},\"author\":{\"name\":\"La R\u00e9daction\",\"@id\":\"https:\\\/\\\/bale.ch\\\/journal\\\/#\\\/schema\\\/person\\\/03ced978db3b7a5274c5cef003f352f5\"},\"headline\":\"Gen\u00e8ve inaugure son Mus\u00e9e des illusions, entre science et divertissement\",\"datePublished\":\"2026-04-12T16:35:00+00:00\",\"dateModified\":\"2026-05-03T07:38:33+00:00\",\"mainEntityOfPage\":{\"@id\":\"https:\\\/\\\/bale.ch\\\/journal\\\/geneve-musee-illusions\\\/\"},\"wordCount\":388,\"publisher\":{\"@id\":\"https:\\\/\\\/bale.ch\\\/journal\\\/#organization\"},\"image\":{\"@id\":\"https:\\\/\\\/bale.ch\\\/journal\\\/geneve-musee-illusions\\\/#primaryimage\"},\"thumbnailUrl\":\"https:\\\/\\\/bale.ch\\\/journal\\\/wp-content\\\/uploads\\\/2026\\\/04\\\/Walk-in-kaleidoscope-scaled.jpg\",\"keywords\":[\"Gen\u00e8ve\",\"Mus\u00e9e\"],\"articleSection\":[\"Actualit\u00e9s\",\"Grand Gen\u00e8ve\",\"Sortir\"],\"inLanguage\":\"fr-FR\"},{\"@type\":\"WebPage\",\"@id\":\"https:\\\/\\\/bale.ch\\\/journal\\\/geneve-musee-illusions\\\/\",\"url\":\"https:\\\/\\\/bale.ch\\\/journal\\\/geneve-musee-illusions\\\/\",\"name\":\"Gen\u00e8ve inaugure son Mus\u00e9e des illusions, entre science et divertissement - Journal de B\u00e2le et Gen\u00e8ve\",\"isPartOf\":{\"@id\":\"https:\\\/\\\/bale.ch\\\/journal\\\/#website\"},\"primaryImageOfPage\":{\"@id\":\"https:\\\/\\\/bale.ch\\\/journal\\\/geneve-musee-illusions\\\/#primaryimage\"},\"image\":{\"@id\":\"https:\\\/\\\/bale.ch\\\/journal\\\/geneve-musee-illusions\\\/#primaryimage\"},\"thumbnailUrl\":\"https:\\\/\\\/bale.ch\\\/journal\\\/wp-content\\\/uploads\\\/2026\\\/04\\\/Walk-in-kaleidoscope-scaled.jpg\",\"datePublished\":\"2026-04-12T16:35:00+00:00\",\"dateModified\":\"2026-05-03T07:38:33+00:00\",\"breadcrumb\":{\"@id\":\"https:\\\/\\\/bale.ch\\\/journal\\\/geneve-musee-illusions\\\/#breadcrumb\"},\"inLanguage\":\"fr-FR\",\"potentialAction\":[{\"@type\":\"ReadAction\",\"target\":[\"https:\\\/\\\/bale.ch\\\/journal\\\/geneve-musee-illusions\\\/\"]}]},{\"@type\":\"ImageObject\",\"inLanguage\":\"fr-FR\",\"@id\":\"https:\\\/\\\/bale.ch\\\/journal\\\/geneve-musee-illusions\\\/#primaryimage\",\"url\":\"https:\\\/\\\/bale.ch\\\/journal\\\/wp-content\\\/uploads\\\/2026\\\/04\\\/Walk-in-kaleidoscope-scaled.jpg\",\"contentUrl\":\"https:\\\/\\\/bale.ch\\\/journal\\\/wp-content\\\/uploads\\\/2026\\\/04\\\/Walk-in-kaleidoscope-scaled.jpg\",\"width\":2560,\"height\":1748},{\"@type\":\"BreadcrumbList\",\"@id\":\"https:\\\/\\\/bale.ch\\\/journal\\\/geneve-musee-illusions\\\/#breadcrumb\",\"itemListElement\":[{\"@type\":\"ListItem\",\"position\":1,\"name\":\"Accueil\",\"item\":\"https:\\\/\\\/bale.ch\\\/journal\\\/\"},{\"@type\":\"ListItem\",\"position\":2,\"name\":\"Gen\u00e8ve inaugure son Mus\u00e9e des illusions, entre science et divertissement\"}]},{\"@type\":\"WebSite\",\"@id\":\"https:\\\/\\\/bale.ch\\\/journal\\\/#website\",\"url\":\"https:\\\/\\\/bale.ch\\\/journal\\\/\",\"name\":\"Journal de B\u00e2le et Gen\u00e8ve\",\"description\":\"M\u00e9dia transfrontalier d&#039;actualit\u00e9s - News\",\"publisher\":{\"@id\":\"https:\\\/\\\/bale.ch\\\/journal\\\/#organization\"},\"potentialAction\":[{\"@type\":\"SearchAction\",\"target\":{\"@type\":\"EntryPoint\",\"urlTemplate\":\"https:\\\/\\\/bale.ch\\\/journal\\\/?s={search_term_string}\"},\"query-input\":{\"@type\":\"PropertyValueSpecification\",\"valueRequired\":true,\"valueName\":\"search_term_string\"}}],\"inLanguage\":\"fr-FR\"},{\"@type\":\"Organization\",\"@id\":\"https:\\\/\\\/bale.ch\\\/journal\\\/#organization\",\"name\":\"Journal de B\u00e2le et Gen\u00e8ve\",\"url\":\"https:\\\/\\\/bale.ch\\\/journal\\\/\",\"logo\":{\"@type\":\"ImageObject\",\"inLanguage\":\"fr-FR\",\"@id\":\"https:\\\/\\\/bale.ch\\\/journal\\\/#\\\/schema\\\/logo\\\/image\\\/\",\"url\":\"https:\\\/\\\/bale.ch\\\/journal\\\/wp-content\\\/uploads\\\/2023\\\/07\\\/journaldebale_logo_2023_nb.png\",\"contentUrl\":\"https:\\\/\\\/bale.ch\\\/journal\\\/wp-content\\\/uploads\\\/2023\\\/07\\\/journaldebale_logo_2023_nb.png\",\"width\":371,\"height\":127,\"caption\":\"Journal de B\u00e2le et Gen\u00e8ve\"},\"image\":{\"@id\":\"https:\\\/\\\/bale.ch\\\/journal\\\/#\\\/schema\\\/logo\\\/image\\\/\"}},{\"@type\":\"Person\",\"@id\":\"https:\\\/\\\/bale.ch\\\/journal\\\/#\\\/schema\\\/person\\\/03ced978db3b7a5274c5cef003f352f5\",\"name\":\"La R\u00e9daction\",\"image\":{\"@type\":\"ImageObject\",\"inLanguage\":\"fr-FR\",\"@id\":\"https:\\\/\\\/secure.gravatar.com\\\/avatar\\\/d1327e2ce8d2b860112f968a3f34686c9bdda7a463a1502cdd1070ac9d88cf1e?s=96&d=mm&r=g\",\"url\":\"https:\\\/\\\/secure.gravatar.com\\\/avatar\\\/d1327e2ce8d2b860112f968a3f34686c9bdda7a463a1502cdd1070ac9d88cf1e?s=96&d=mm&r=g\",\"contentUrl\":\"https:\\\/\\\/secure.gravatar.com\\\/avatar\\\/d1327e2ce8d2b860112f968a3f34686c9bdda7a463a1502cdd1070ac9d88cf1e?s=96&d=mm&r=g\",\"caption\":\"La R\u00e9daction\"},\"url\":\"https:\\\/\\\/bale.ch\\\/journal\\\/author\\\/laredaction\\\/\"}]}<\/script>\n<!-- \/ Yoast SEO plugin. -->","yoast_head_json":{"title":"Gen\u00e8ve inaugure son Mus\u00e9e des illusions, entre science et divertissement - Journal de B\u00e2le et Gen\u00e8ve","robots":{"index":"index","follow":"follow","max-snippet":"max-snippet:-1","max-image-preview":"max-image-preview:large","max-video-preview":"max-video-preview:-1"},"canonical":"https:\/\/bale.ch\/journal\/geneve-musee-illusions\/","og_locale":"fr_FR","og_type":"article","og_title":"Gen\u00e8ve inaugure son Mus\u00e9e des illusions, entre science et divertissement - Journal de B\u00e2le et Gen\u00e8ve","og_description":"Un nouveau lieu culturel vient enrichir l\u2019offre de loisirs genevoise. Le Museum of Illusions Gen\u00e8ve a ouvert ses portes le 11 avril 2026, au c\u0153ur des Rues Basses, attirant d\u00e9j\u00e0 Continuer la lecture","og_url":"https:\/\/bale.ch\/journal\/geneve-musee-illusions\/","og_site_name":"Journal de B\u00e2le et Gen\u00e8ve","article_published_time":"2026-04-12T16:35:00+00:00","article_modified_time":"2026-05-03T07:38:33+00:00","og_image":[{"width":2560,"height":1748,"url":"https:\/\/bale.ch\/journal\/wp-content\/uploads\/2026\/04\/Walk-in-kaleidoscope-scaled.jpg","type":"image\/jpeg"}],"author":"La R\u00e9daction","twitter_card":"summary_large_image","twitter_misc":{"\u00c9crit par":"La R\u00e9daction","Dur\u00e9e de lecture estim\u00e9e":"2 minutes"},"schema":{"@context":"https:\/\/schema.org","@graph":[{"@type":"Article","@id":"https:\/\/bale.ch\/journal\/geneve-musee-illusions\/#article","isPartOf":{"@id":"https:\/\/bale.ch\/journal\/geneve-musee-illusions\/"},"author":{"name":"La R\u00e9daction","@id":"https:\/\/bale.ch\/journal\/#\/schema\/person\/03ced978db3b7a5274c5cef003f352f5"},"headline":"Gen\u00e8ve inaugure son Mus\u00e9e des illusions, entre science et divertissement","datePublished":"2026-04-12T16:35:00+00:00","dateModified":"2026-05-03T07:38:33+00:00","mainEntityOfPage":{"@id":"https:\/\/bale.ch\/journal\/geneve-musee-illusions\/"},"wordCount":388,"publisher":{"@id":"https:\/\/bale.ch\/journal\/#organization"},"image":{"@id":"https:\/\/bale.ch\/journal\/geneve-musee-illusions\/#primaryimage"},"thumbnailUrl":"https:\/\/bale.ch\/journal\/wp-content\/uploads\/2026\/04\/Walk-in-kaleidoscope-scaled.jpg","keywords":["Gen\u00e8ve","Mus\u00e9e"],"articleSection":["Actualit\u00e9s","Grand Gen\u00e8ve","Sortir"],"inLanguage":"fr-FR"},{"@type":"WebPage","@id":"https:\/\/bale.ch\/journal\/geneve-musee-illusions\/","url":"https:\/\/bale.ch\/journal\/geneve-musee-illusions\/","name":"Gen\u00e8ve inaugure son Mus\u00e9e des illusions, entre science et divertissement - Journal de B\u00e2le et Gen\u00e8ve","isPartOf":{"@id":"https:\/\/bale.ch\/journal\/#website"},"primaryImageOfPage":{"@id":"https:\/\/bale.ch\/journal\/geneve-musee-illusions\/#primaryimage"},"image":{"@id":"https:\/\/bale.ch\/journal\/geneve-musee-illusions\/#primaryimage"},"thumbnailUrl":"https:\/\/bale.ch\/journal\/wp-content\/uploads\/2026\/04\/Walk-in-kaleidoscope-scaled.jpg","datePublished":"2026-04-12T16:35:00+00:00","dateModified":"2026-05-03T07:38:33+00:00","breadcrumb":{"@id":"https:\/\/bale.ch\/journal\/geneve-musee-illusions\/#breadcrumb"},"inLanguage":"fr-FR","potentialAction":[{"@type":"ReadAction","target":["https:\/\/bale.ch\/journal\/geneve-musee-illusions\/"]}]},{"@type":"ImageObject","inLanguage":"fr-FR","@id":"https:\/\/bale.ch\/journal\/geneve-musee-illusions\/#primaryimage","url":"https:\/\/bale.ch\/journal\/wp-content\/uploads\/2026\/04\/Walk-in-kaleidoscope-scaled.jpg","contentUrl":"https:\/\/bale.ch\/journal\/wp-content\/uploads\/2026\/04\/Walk-in-kaleidoscope-scaled.jpg","width":2560,"height":1748},{"@type":"BreadcrumbList","@id":"https:\/\/bale.ch\/journal\/geneve-musee-illusions\/#breadcrumb","itemListElement":[{"@type":"ListItem","position":1,"name":"Accueil","item":"https:\/\/bale.ch\/journal\/"},{"@type":"ListItem","position":2,"name":"Gen\u00e8ve inaugure son Mus\u00e9e des illusions, entre science et divertissement"}]},{"@type":"WebSite","@id":"https:\/\/bale.ch\/journal\/#website","url":"https:\/\/bale.ch\/journal\/","name":"Journal de B\u00e2le et Gen\u00e8ve","description":"M\u00e9dia transfrontalier d&#039;actualit\u00e9s - News","publisher":{"@id":"https:\/\/bale.ch\/journal\/#organization"},"potentialAction":[{"@type":"SearchAction","target":{"@type":"EntryPoint","urlTemplate":"https:\/\/bale.ch\/journal\/?s={search_term_string}"},"query-input":{"@type":"PropertyValueSpecification","valueRequired":true,"valueName":"search_term_string"}}],"inLanguage":"fr-FR"},{"@type":"Organization","@id":"https:\/\/bale.ch\/journal\/#organization","name":"Journal de B\u00e2le et Gen\u00e8ve","url":"https:\/\/bale.ch\/journal\/","logo":{"@type":"ImageObject","inLanguage":"fr-FR","@id":"https:\/\/bale.ch\/journal\/#\/schema\/logo\/image\/","url":"https:\/\/bale.ch\/journal\/wp-content\/uploads\/2023\/07\/journaldebale_logo_2023_nb.png","contentUrl":"https:\/\/bale.ch\/journal\/wp-content\/uploads\/2023\/07\/journaldebale_logo_2023_nb.png","width":371,"height":127,"caption":"Journal de B\u00e2le et Gen\u00e8ve"},"image":{"@id":"https:\/\/bale.ch\/journal\/#\/schema\/logo\/image\/"}},{"@type":"Person","@id":"https:\/\/bale.ch\/journal\/#\/schema\/person\/03ced978db3b7a5274c5cef003f352f5","name":"La R\u00e9daction","image":{"@type":"ImageObject","inLanguage":"fr-FR","@id":"https:\/\/secure.gravatar.com\/avatar\/d1327e2ce8d2b860112f968a3f34686c9bdda7a463a1502cdd1070ac9d88cf1e?s=96&d=mm&r=g","url":"https:\/\/secure.gravatar.com\/avatar\/d1327e2ce8d2b860112f968a3f34686c9bdda7a463a1502cdd1070ac9d88cf1e?s=96&d=mm&r=g","contentUrl":"https:\/\/secure.gravatar.com\/avatar\/d1327e2ce8d2b860112f968a3f34686c9bdda7a463a1502cdd1070ac9d88cf1e?s=96&d=mm&r=g","caption":"La R\u00e9daction"},"url":"https:\/\/bale.ch\/journal\/author\/laredaction\/"}]}},"_links":{"self":[{"href":"https:\/\/bale.ch\/journal\/wp-json\/wp\/v2\/posts\/3881","targetHints":{"allow":["GET"]}}],"collection":[{"href":"https:\/\/bale.ch\/journal\/wp-json\/wp\/v2\/posts"}],"about":[{"href":"https:\/\/bale.ch\/journal\/wp-json\/wp\/v2\/types\/post"}],"author":[{"embeddable":true,"href":"https:\/\/bale.ch\/journal\/wp-json\/wp\/v2\/users\/2"}],"replies":[{"embeddable":true,"href":"https:\/\/bale.ch\/journal\/wp-json\/wp\/v2\/comments?post=3881"}],"version-history":[{"count":1,"href":"https:\/\/bale.ch\/journal\/wp-json\/wp\/v2\/posts\/3881\/revisions"}],"predecessor-version":[{"id":3883,"href":"https:\/\/bale.ch\/journal\/wp-json\/wp\/v2\/posts\/3881\/revisions\/3883"}],"wp:featuredmedia":[{"embeddable":true,"href":"https:\/\/bale.ch\/journal\/wp-json\/wp\/v2\/media\/3882"}],"wp:attachment":[{"href":"https:\/\/bale.ch\/journal\/wp-json\/wp\/v2\/media?parent=3881"}],"wp:term":[{"taxonomy":"category","embeddable":true,"href":"https:\/\/bale.ch\/journal\/wp-json\/wp\/v2\/categories?post=3881"},{"taxonomy":"post_tag","embeddable":true,"href":"https:\/\/bale.ch\/journal\/wp-json\/wp\/v2\/tags?post=3881"}],"curies":[{"name":"wp","href":"https:\/\/api.w.org\/{rel}","templated":true}]}}