{"id":3909,"date":"2026-04-18T18:49:06","date_gmt":"2026-04-18T18:49:06","guid":{"rendered":"https:\/\/bale.ch\/journal\/?p=3909"},"modified":"2026-04-20T06:47:12","modified_gmt":"2026-04-20T06:47:12","slug":"bale-mulhouse-aeroport-8-nouvelles-destinations-pour-lete-2026","status":"publish","type":"post","link":"https:\/\/bale.ch\/journal\/bale-mulhouse-aeroport-8-nouvelles-destinations-pour-lete-2026\/","title":{"rendered":"B\u00e2le-Mulhouse A\u00e9roport: 8 nouvelles destinations pour l&rsquo;\u00e9t\u00e9 2026"},"content":{"rendered":"\n<p class=\"wp-block-paragraph\"><strong>L&rsquo;Europe pourrait subir des annulations de vols d&rsquo;ici la fin du mois de mai en raison d&rsquo;une p\u00e9nurie de carburant d&rsquo;aviation, pourtant, cela n&rsquo;affecte pas l&rsquo;optimisme de l&rsquo;EuroAirport qui annonce huit nouvelles destinations.<\/strong><\/p>\n\n\n\n<p class=\"wp-block-paragraph\">L\u2019EuroAirport, l&rsquo;a\u00e9roport de la r\u00e9gion des Trois fronti\u00e8res, propose des vols vers plus de cent destinations avec plus de trente compagnies a\u00e9riennes, ainsi que de nombreuses correspondances via des hubs internationaux, principalement vers l\u2019Europe et le bassin m\u00e9diterran\u00e9en.&nbsp;Dans le&nbsp;plan de vol pour l\u2019\u00e9t\u00e9 2026 valable du 29 mars au 31 octobre 2026, plusieurs nouvelles destinations sont propos\u00e9es pendant la saison estivale: Bodrum, Chisinau, Lille, Poznan ainsi que Stockholm, Tirgu Mure\u0219 en Transylvanie et Varsovie.<\/p>\n\n\n\n<h3 class=\"wp-block-heading\"><strong>Offre \u00e9largie sur les lignes existantes<\/strong><\/h3>\n\n\n\n<p class=\"wp-block-paragraph\">Cet \u00e9t\u00e9, la fr\u00e9quence de vols devrait \u00eatre augment\u00e9e sur plusieurs lignes, notamment vers Hurghada avec Nesma Airlines, Nile Air et SkyUp, ainsi que vers Izmir avec AJet. Par ailleurs, Eurowings, Norwegian et Lufthansa veulent \u00e9tendre leur offre gr\u00e2ce \u00e0 des fr\u00e9quences suppl\u00e9mentaires et l\u2019utilisation d\u2019avions de plus grande capacit\u00e9.<\/p><div id=\"crieu-1249277785\" class=\"crieu-content crieu-entity-placement\"><script async src=\"\/\/pagead2.googlesyndication.com\/pagead\/js\/adsbygoogle.js?client=ca-pub-5271584769416742\" crossorigin=\"anonymous\"><\/script><ins class=\"adsbygoogle\" style=\"display:block;\" data-ad-client=\"ca-pub-5271584769416742\" \ndata-ad-slot=\"9321250718\" \ndata-ad-format=\"auto\"><\/ins>\n<script> \n(adsbygoogle = window.adsbygoogle || []).push({}); \n<\/script>\n<\/div>\n\n\n\n<h3 class=\"wp-block-heading\"><strong>De nombreuses possibilit\u00e9s de correspondances via des hubs internationaux<\/strong><strong><\/strong><\/h3>\n\n\n\n<p class=\"wp-block-paragraph\">Plusieurs compagnies a\u00e9riennes proposent des correspondances via leurs hubs internationaux&nbsp;:&nbsp;Air France (Paris), Austrian Airlines (Vienne), British Airways (Londres), flydubai (Dubai), KLM (Amsterdam), Lufthansa (Francfort et Munich), Norwegian (Copenhague), AJet, Pegasus Airlines et Turkish Airlines (Istanbul) ainsi que Vueling (Barcelone).<\/p>\n\n\n\n<h3 class=\"wp-block-heading\"><strong>Bornes d\u2019enregistrement en libre-service<\/strong><\/h3>\n\n\n\n<p class=\"wp-block-paragraph\">Depuis mi-f\u00e9vrier 2026, l\u2019EuroAirport d\u00e9ploie progressivement des bornes d\u2019enregistrement et de d\u00e9p\u00f4t bagages en libre-service (Self Bag Drop) pour certaines compagnies a\u00e9riennes.<\/p>\n\n\n\n<p class=\"wp-block-paragraph\">Parall\u00e8lement, le Hall 3 a \u00e9t\u00e9 temporairement ferm\u00e9 afin de proc\u00e9der \u00e0 sa modernisation, incluant l\u2019installation de nouvelles bornes d\u2019enregistrement. \u00c0 partir de fin mai 2026, les quatre halls d\u2019enregistrement seront \u00e0 nouveau enti\u00e8rement op\u00e9rationnels.<\/p>\n\n\n\n<p class=\"wp-block-paragraph\">Cette modernisation vise \u00e0 rendre le processus d\u2019enregistrement plus autonome, plus efficace et \u00e0 am\u00e9liorer le confort des passagers.<\/p>\n<div id=\"crieu-490703514\" class=\"crieu-apres-le-contenu crieu-entity-placement\" style=\"margin-left: auto;margin-right: auto;text-align: center;\"><script async src=\"\/\/pagead2.googlesyndication.com\/pagead\/js\/adsbygoogle.js?client=ca-pub-5271584769416742\" crossorigin=\"anonymous\"><\/script><ins class=\"adsbygoogle\" style=\"display:block;\" data-ad-client=\"ca-pub-5271584769416742\" \ndata-ad-slot=\"9321250718\" \ndata-ad-format=\"auto\"><\/ins>\n<script> \n(adsbygoogle = window.adsbygoogle || []).push({}); \n<\/script>\n<\/div>","protected":false},"excerpt":{"rendered":"<p>L&rsquo;Europe pourrait subir des annulations de vols d&rsquo;ici la fin du mois de mai en raison d&rsquo;une p\u00e9nurie de carburant d&rsquo;aviation, pourtant, cela n&rsquo;affecte pas l&rsquo;optimisme de l&rsquo;EuroAirport qui annonce <a href=\"https:\/\/bale.ch\/journal\/bale-mulhouse-aeroport-8-nouvelles-destinations-pour-lete-2026\/\" class=\"read-more button-fancy -red\"><span class=\"btn-arrow\"><\/span><span class=\"twp-read-more text\">Continuer la lecture<\/span><\/a><\/p>\n","protected":false},"author":43,"featured_media":3532,"comment_status":"closed","ping_status":"closed","sticky":false,"template":"","format":"standard","meta":{"footnotes":""},"categories":[103,7],"tags":[72,125],"class_list":["post-3909","post","type-post","status-publish","format-standard","has-post-thumbnail","hentry","category-actu","category-bale","tag-aeroport","tag-euroairport"],"yoast_head":"<!-- This site is optimized with the Yoast SEO plugin v28.3 - https:\/\/yoast.com\/product\/yoast-seo-wordpress\/ -->\n<title>B\u00e2le-Mulhouse A\u00e9roport: 8 nouvelles destinations pour l&#039;\u00e9t\u00e9 2026 - Journal de B\u00e2le et Gen\u00e8ve<\/title>\n<meta name=\"robots\" content=\"index, follow, max-snippet:-1, max-image-preview:large, max-video-preview:-1\" \/>\n<link rel=\"canonical\" href=\"https:\/\/bale.ch\/journal\/bale-mulhouse-aeroport-8-nouvelles-destinations-pour-lete-2026\/\" \/>\n<meta property=\"og:locale\" content=\"fr_FR\" \/>\n<meta property=\"og:type\" content=\"article\" \/>\n<meta property=\"og:title\" content=\"B\u00e2le-Mulhouse A\u00e9roport: 8 nouvelles destinations pour l&#039;\u00e9t\u00e9 2026 - Journal de B\u00e2le et Gen\u00e8ve\" \/>\n<meta property=\"og:description\" content=\"L&rsquo;Europe pourrait subir des annulations de vols d&rsquo;ici la fin du mois de mai en raison d&rsquo;une p\u00e9nurie de carburant d&rsquo;aviation, pourtant, cela n&rsquo;affecte pas l&rsquo;optimisme de l&rsquo;EuroAirport qui annonce Continuer la lecture\" \/>\n<meta property=\"og:url\" content=\"https:\/\/bale.ch\/journal\/bale-mulhouse-aeroport-8-nouvelles-destinations-pour-lete-2026\/\" \/>\n<meta property=\"og:site_name\" content=\"Journal de B\u00e2le et Gen\u00e8ve\" \/>\n<meta property=\"article:published_time\" content=\"2026-04-18T18:49:06+00:00\" \/>\n<meta property=\"article:modified_time\" content=\"2026-04-20T06:47:12+00:00\" \/>\n<meta property=\"og:image\" content=\"https:\/\/bale.ch\/journal\/wp-content\/uploads\/2024\/06\/euroairport_aeroport_flughafen_basel_bale_mulhouse_75.jpg\" \/>\n\t<meta property=\"og:image:width\" content=\"900\" \/>\n\t<meta property=\"og:image:height\" content=\"484\" \/>\n\t<meta property=\"og:image:type\" content=\"image\/jpeg\" \/>\n<meta name=\"author\" content=\"Elodie Silva\" \/>\n<meta name=\"twitter:card\" content=\"summary_large_image\" \/>\n<meta name=\"twitter:label1\" content=\"\u00c9crit par\" \/>\n\t<meta name=\"twitter:data1\" content=\"Elodie Silva\" \/>\n\t<meta name=\"twitter:label2\" content=\"Dur\u00e9e de lecture estim\u00e9e\" \/>\n\t<meta name=\"twitter:data2\" content=\"2 minutes\" \/>\n<script type=\"application\/ld+json\" class=\"yoast-schema-graph\">{\"@context\":\"https:\\\/\\\/schema.org\",\"@graph\":[{\"@type\":\"Article\",\"@id\":\"https:\\\/\\\/bale.ch\\\/journal\\\/bale-mulhouse-aeroport-8-nouvelles-destinations-pour-lete-2026\\\/#article\",\"isPartOf\":{\"@id\":\"https:\\\/\\\/bale.ch\\\/journal\\\/bale-mulhouse-aeroport-8-nouvelles-destinations-pour-lete-2026\\\/\"},\"author\":{\"name\":\"Elodie Silva\",\"@id\":\"https:\\\/\\\/bale.ch\\\/journal\\\/#\\\/schema\\\/person\\\/e3e5eeffae523f19b12d7057ced45a2b\"},\"headline\":\"B\u00e2le-Mulhouse A\u00e9roport: 8 nouvelles destinations pour l&rsquo;\u00e9t\u00e9 2026\",\"datePublished\":\"2026-04-18T18:49:06+00:00\",\"dateModified\":\"2026-04-20T06:47:12+00:00\",\"mainEntityOfPage\":{\"@id\":\"https:\\\/\\\/bale.ch\\\/journal\\\/bale-mulhouse-aeroport-8-nouvelles-destinations-pour-lete-2026\\\/\"},\"wordCount\":339,\"publisher\":{\"@id\":\"https:\\\/\\\/bale.ch\\\/journal\\\/#organization\"},\"image\":{\"@id\":\"https:\\\/\\\/bale.ch\\\/journal\\\/bale-mulhouse-aeroport-8-nouvelles-destinations-pour-lete-2026\\\/#primaryimage\"},\"thumbnailUrl\":\"https:\\\/\\\/bale.ch\\\/journal\\\/wp-content\\\/uploads\\\/2024\\\/06\\\/euroairport_aeroport_flughafen_basel_bale_mulhouse_75.jpg\",\"keywords\":[\"A\u00e9roport\",\"Euroairport\"],\"articleSection\":[\"Actualit\u00e9s\",\"B\u00e2le Trinationale\"],\"inLanguage\":\"fr-FR\"},{\"@type\":\"WebPage\",\"@id\":\"https:\\\/\\\/bale.ch\\\/journal\\\/bale-mulhouse-aeroport-8-nouvelles-destinations-pour-lete-2026\\\/\",\"url\":\"https:\\\/\\\/bale.ch\\\/journal\\\/bale-mulhouse-aeroport-8-nouvelles-destinations-pour-lete-2026\\\/\",\"name\":\"B\u00e2le-Mulhouse A\u00e9roport: 8 nouvelles destinations pour l'\u00e9t\u00e9 2026 - Journal de B\u00e2le et Gen\u00e8ve\",\"isPartOf\":{\"@id\":\"https:\\\/\\\/bale.ch\\\/journal\\\/#website\"},\"primaryImageOfPage\":{\"@id\":\"https:\\\/\\\/bale.ch\\\/journal\\\/bale-mulhouse-aeroport-8-nouvelles-destinations-pour-lete-2026\\\/#primaryimage\"},\"image\":{\"@id\":\"https:\\\/\\\/bale.ch\\\/journal\\\/bale-mulhouse-aeroport-8-nouvelles-destinations-pour-lete-2026\\\/#primaryimage\"},\"thumbnailUrl\":\"https:\\\/\\\/bale.ch\\\/journal\\\/wp-content\\\/uploads\\\/2024\\\/06\\\/euroairport_aeroport_flughafen_basel_bale_mulhouse_75.jpg\",\"datePublished\":\"2026-04-18T18:49:06+00:00\",\"dateModified\":\"2026-04-20T06:47:12+00:00\",\"breadcrumb\":{\"@id\":\"https:\\\/\\\/bale.ch\\\/journal\\\/bale-mulhouse-aeroport-8-nouvelles-destinations-pour-lete-2026\\\/#breadcrumb\"},\"inLanguage\":\"fr-FR\",\"potentialAction\":[{\"@type\":\"ReadAction\",\"target\":[\"https:\\\/\\\/bale.ch\\\/journal\\\/bale-mulhouse-aeroport-8-nouvelles-destinations-pour-lete-2026\\\/\"]}]},{\"@type\":\"ImageObject\",\"inLanguage\":\"fr-FR\",\"@id\":\"https:\\\/\\\/bale.ch\\\/journal\\\/bale-mulhouse-aeroport-8-nouvelles-destinations-pour-lete-2026\\\/#primaryimage\",\"url\":\"https:\\\/\\\/bale.ch\\\/journal\\\/wp-content\\\/uploads\\\/2024\\\/06\\\/euroairport_aeroport_flughafen_basel_bale_mulhouse_75.jpg\",\"contentUrl\":\"https:\\\/\\\/bale.ch\\\/journal\\\/wp-content\\\/uploads\\\/2024\\\/06\\\/euroairport_aeroport_flughafen_basel_bale_mulhouse_75.jpg\",\"width\":900,\"height\":484},{\"@type\":\"BreadcrumbList\",\"@id\":\"https:\\\/\\\/bale.ch\\\/journal\\\/bale-mulhouse-aeroport-8-nouvelles-destinations-pour-lete-2026\\\/#breadcrumb\",\"itemListElement\":[{\"@type\":\"ListItem\",\"position\":1,\"name\":\"Accueil\",\"item\":\"https:\\\/\\\/bale.ch\\\/journal\\\/\"},{\"@type\":\"ListItem\",\"position\":2,\"name\":\"B\u00e2le-Mulhouse A\u00e9roport: 8 nouvelles destinations pour l&rsquo;\u00e9t\u00e9 2026\"}]},{\"@type\":\"WebSite\",\"@id\":\"https:\\\/\\\/bale.ch\\\/journal\\\/#website\",\"url\":\"https:\\\/\\\/bale.ch\\\/journal\\\/\",\"name\":\"Journal de B\u00e2le et Gen\u00e8ve\",\"description\":\"M\u00e9dia transfrontalier d&#039;actualit\u00e9s - News\",\"publisher\":{\"@id\":\"https:\\\/\\\/bale.ch\\\/journal\\\/#organization\"},\"potentialAction\":[{\"@type\":\"SearchAction\",\"target\":{\"@type\":\"EntryPoint\",\"urlTemplate\":\"https:\\\/\\\/bale.ch\\\/journal\\\/?s={search_term_string}\"},\"query-input\":{\"@type\":\"PropertyValueSpecification\",\"valueRequired\":true,\"valueName\":\"search_term_string\"}}],\"inLanguage\":\"fr-FR\"},{\"@type\":\"Organization\",\"@id\":\"https:\\\/\\\/bale.ch\\\/journal\\\/#organization\",\"name\":\"Journal de B\u00e2le et Gen\u00e8ve\",\"url\":\"https:\\\/\\\/bale.ch\\\/journal\\\/\",\"logo\":{\"@type\":\"ImageObject\",\"inLanguage\":\"fr-FR\",\"@id\":\"https:\\\/\\\/bale.ch\\\/journal\\\/#\\\/schema\\\/logo\\\/image\\\/\",\"url\":\"https:\\\/\\\/bale.ch\\\/journal\\\/wp-content\\\/uploads\\\/2023\\\/07\\\/journaldebale_logo_2023_nb.png\",\"contentUrl\":\"https:\\\/\\\/bale.ch\\\/journal\\\/wp-content\\\/uploads\\\/2023\\\/07\\\/journaldebale_logo_2023_nb.png\",\"width\":371,\"height\":127,\"caption\":\"Journal de B\u00e2le et Gen\u00e8ve\"},\"image\":{\"@id\":\"https:\\\/\\\/bale.ch\\\/journal\\\/#\\\/schema\\\/logo\\\/image\\\/\"}},{\"@type\":\"Person\",\"@id\":\"https:\\\/\\\/bale.ch\\\/journal\\\/#\\\/schema\\\/person\\\/e3e5eeffae523f19b12d7057ced45a2b\",\"name\":\"Elodie Silva\",\"image\":{\"@type\":\"ImageObject\",\"inLanguage\":\"fr-FR\",\"@id\":\"https:\\\/\\\/secure.gravatar.com\\\/avatar\\\/f76593021159ecd3226293e7c461386bfd009157e6c549bc9b418d0a2db47041?s=96&d=mm&r=g\",\"url\":\"https:\\\/\\\/secure.gravatar.com\\\/avatar\\\/f76593021159ecd3226293e7c461386bfd009157e6c549bc9b418d0a2db47041?s=96&d=mm&r=g\",\"contentUrl\":\"https:\\\/\\\/secure.gravatar.com\\\/avatar\\\/f76593021159ecd3226293e7c461386bfd009157e6c549bc9b418d0a2db47041?s=96&d=mm&r=g\",\"caption\":\"Elodie Silva\"},\"url\":\"https:\\\/\\\/bale.ch\\\/journal\\\/author\\\/elodiesilva\\\/\"}]}<\/script>\n<!-- \/ Yoast SEO plugin. -->","yoast_head_json":{"title":"B\u00e2le-Mulhouse A\u00e9roport: 8 nouvelles destinations pour l'\u00e9t\u00e9 2026 - Journal de B\u00e2le et Gen\u00e8ve","robots":{"index":"index","follow":"follow","max-snippet":"max-snippet:-1","max-image-preview":"max-image-preview:large","max-video-preview":"max-video-preview:-1"},"canonical":"https:\/\/bale.ch\/journal\/bale-mulhouse-aeroport-8-nouvelles-destinations-pour-lete-2026\/","og_locale":"fr_FR","og_type":"article","og_title":"B\u00e2le-Mulhouse A\u00e9roport: 8 nouvelles destinations pour l'\u00e9t\u00e9 2026 - Journal de B\u00e2le et Gen\u00e8ve","og_description":"L&rsquo;Europe pourrait subir des annulations de vols d&rsquo;ici la fin du mois de mai en raison d&rsquo;une p\u00e9nurie de carburant d&rsquo;aviation, pourtant, cela n&rsquo;affecte pas l&rsquo;optimisme de l&rsquo;EuroAirport qui annonce Continuer la lecture","og_url":"https:\/\/bale.ch\/journal\/bale-mulhouse-aeroport-8-nouvelles-destinations-pour-lete-2026\/","og_site_name":"Journal de B\u00e2le et Gen\u00e8ve","article_published_time":"2026-04-18T18:49:06+00:00","article_modified_time":"2026-04-20T06:47:12+00:00","og_image":[{"width":900,"height":484,"url":"https:\/\/bale.ch\/journal\/wp-content\/uploads\/2024\/06\/euroairport_aeroport_flughafen_basel_bale_mulhouse_75.jpg","type":"image\/jpeg"}],"author":"Elodie Silva","twitter_card":"summary_large_image","twitter_misc":{"\u00c9crit par":"Elodie Silva","Dur\u00e9e de lecture estim\u00e9e":"2 minutes"},"schema":{"@context":"https:\/\/schema.org","@graph":[{"@type":"Article","@id":"https:\/\/bale.ch\/journal\/bale-mulhouse-aeroport-8-nouvelles-destinations-pour-lete-2026\/#article","isPartOf":{"@id":"https:\/\/bale.ch\/journal\/bale-mulhouse-aeroport-8-nouvelles-destinations-pour-lete-2026\/"},"author":{"name":"Elodie Silva","@id":"https:\/\/bale.ch\/journal\/#\/schema\/person\/e3e5eeffae523f19b12d7057ced45a2b"},"headline":"B\u00e2le-Mulhouse A\u00e9roport: 8 nouvelles destinations pour l&rsquo;\u00e9t\u00e9 2026","datePublished":"2026-04-18T18:49:06+00:00","dateModified":"2026-04-20T06:47:12+00:00","mainEntityOfPage":{"@id":"https:\/\/bale.ch\/journal\/bale-mulhouse-aeroport-8-nouvelles-destinations-pour-lete-2026\/"},"wordCount":339,"publisher":{"@id":"https:\/\/bale.ch\/journal\/#organization"},"image":{"@id":"https:\/\/bale.ch\/journal\/bale-mulhouse-aeroport-8-nouvelles-destinations-pour-lete-2026\/#primaryimage"},"thumbnailUrl":"https:\/\/bale.ch\/journal\/wp-content\/uploads\/2024\/06\/euroairport_aeroport_flughafen_basel_bale_mulhouse_75.jpg","keywords":["A\u00e9roport","Euroairport"],"articleSection":["Actualit\u00e9s","B\u00e2le Trinationale"],"inLanguage":"fr-FR"},{"@type":"WebPage","@id":"https:\/\/bale.ch\/journal\/bale-mulhouse-aeroport-8-nouvelles-destinations-pour-lete-2026\/","url":"https:\/\/bale.ch\/journal\/bale-mulhouse-aeroport-8-nouvelles-destinations-pour-lete-2026\/","name":"B\u00e2le-Mulhouse A\u00e9roport: 8 nouvelles destinations pour l'\u00e9t\u00e9 2026 - Journal de B\u00e2le et Gen\u00e8ve","isPartOf":{"@id":"https:\/\/bale.ch\/journal\/#website"},"primaryImageOfPage":{"@id":"https:\/\/bale.ch\/journal\/bale-mulhouse-aeroport-8-nouvelles-destinations-pour-lete-2026\/#primaryimage"},"image":{"@id":"https:\/\/bale.ch\/journal\/bale-mulhouse-aeroport-8-nouvelles-destinations-pour-lete-2026\/#primaryimage"},"thumbnailUrl":"https:\/\/bale.ch\/journal\/wp-content\/uploads\/2024\/06\/euroairport_aeroport_flughafen_basel_bale_mulhouse_75.jpg","datePublished":"2026-04-18T18:49:06+00:00","dateModified":"2026-04-20T06:47:12+00:00","breadcrumb":{"@id":"https:\/\/bale.ch\/journal\/bale-mulhouse-aeroport-8-nouvelles-destinations-pour-lete-2026\/#breadcrumb"},"inLanguage":"fr-FR","potentialAction":[{"@type":"ReadAction","target":["https:\/\/bale.ch\/journal\/bale-mulhouse-aeroport-8-nouvelles-destinations-pour-lete-2026\/"]}]},{"@type":"ImageObject","inLanguage":"fr-FR","@id":"https:\/\/bale.ch\/journal\/bale-mulhouse-aeroport-8-nouvelles-destinations-pour-lete-2026\/#primaryimage","url":"https:\/\/bale.ch\/journal\/wp-content\/uploads\/2024\/06\/euroairport_aeroport_flughafen_basel_bale_mulhouse_75.jpg","contentUrl":"https:\/\/bale.ch\/journal\/wp-content\/uploads\/2024\/06\/euroairport_aeroport_flughafen_basel_bale_mulhouse_75.jpg","width":900,"height":484},{"@type":"BreadcrumbList","@id":"https:\/\/bale.ch\/journal\/bale-mulhouse-aeroport-8-nouvelles-destinations-pour-lete-2026\/#breadcrumb","itemListElement":[{"@type":"ListItem","position":1,"name":"Accueil","item":"https:\/\/bale.ch\/journal\/"},{"@type":"ListItem","position":2,"name":"B\u00e2le-Mulhouse A\u00e9roport: 8 nouvelles destinations pour l&rsquo;\u00e9t\u00e9 2026"}]},{"@type":"WebSite","@id":"https:\/\/bale.ch\/journal\/#website","url":"https:\/\/bale.ch\/journal\/","name":"Journal de B\u00e2le et Gen\u00e8ve","description":"M\u00e9dia transfrontalier d&#039;actualit\u00e9s - News","publisher":{"@id":"https:\/\/bale.ch\/journal\/#organization"},"potentialAction":[{"@type":"SearchAction","target":{"@type":"EntryPoint","urlTemplate":"https:\/\/bale.ch\/journal\/?s={search_term_string}"},"query-input":{"@type":"PropertyValueSpecification","valueRequired":true,"valueName":"search_term_string"}}],"inLanguage":"fr-FR"},{"@type":"Organization","@id":"https:\/\/bale.ch\/journal\/#organization","name":"Journal de B\u00e2le et Gen\u00e8ve","url":"https:\/\/bale.ch\/journal\/","logo":{"@type":"ImageObject","inLanguage":"fr-FR","@id":"https:\/\/bale.ch\/journal\/#\/schema\/logo\/image\/","url":"https:\/\/bale.ch\/journal\/wp-content\/uploads\/2023\/07\/journaldebale_logo_2023_nb.png","contentUrl":"https:\/\/bale.ch\/journal\/wp-content\/uploads\/2023\/07\/journaldebale_logo_2023_nb.png","width":371,"height":127,"caption":"Journal de B\u00e2le et Gen\u00e8ve"},"image":{"@id":"https:\/\/bale.ch\/journal\/#\/schema\/logo\/image\/"}},{"@type":"Person","@id":"https:\/\/bale.ch\/journal\/#\/schema\/person\/e3e5eeffae523f19b12d7057ced45a2b","name":"Elodie Silva","image":{"@type":"ImageObject","inLanguage":"fr-FR","@id":"https:\/\/secure.gravatar.com\/avatar\/f76593021159ecd3226293e7c461386bfd009157e6c549bc9b418d0a2db47041?s=96&d=mm&r=g","url":"https:\/\/secure.gravatar.com\/avatar\/f76593021159ecd3226293e7c461386bfd009157e6c549bc9b418d0a2db47041?s=96&d=mm&r=g","contentUrl":"https:\/\/secure.gravatar.com\/avatar\/f76593021159ecd3226293e7c461386bfd009157e6c549bc9b418d0a2db47041?s=96&d=mm&r=g","caption":"Elodie Silva"},"url":"https:\/\/bale.ch\/journal\/author\/elodiesilva\/"}]}},"_links":{"self":[{"href":"https:\/\/bale.ch\/journal\/wp-json\/wp\/v2\/posts\/3909","targetHints":{"allow":["GET"]}}],"collection":[{"href":"https:\/\/bale.ch\/journal\/wp-json\/wp\/v2\/posts"}],"about":[{"href":"https:\/\/bale.ch\/journal\/wp-json\/wp\/v2\/types\/post"}],"author":[{"embeddable":true,"href":"https:\/\/bale.ch\/journal\/wp-json\/wp\/v2\/users\/43"}],"replies":[{"embeddable":true,"href":"https:\/\/bale.ch\/journal\/wp-json\/wp\/v2\/comments?post=3909"}],"version-history":[{"count":3,"href":"https:\/\/bale.ch\/journal\/wp-json\/wp\/v2\/posts\/3909\/revisions"}],"predecessor-version":[{"id":3937,"href":"https:\/\/bale.ch\/journal\/wp-json\/wp\/v2\/posts\/3909\/revisions\/3937"}],"wp:featuredmedia":[{"embeddable":true,"href":"https:\/\/bale.ch\/journal\/wp-json\/wp\/v2\/media\/3532"}],"wp:attachment":[{"href":"https:\/\/bale.ch\/journal\/wp-json\/wp\/v2\/media?parent=3909"}],"wp:term":[{"taxonomy":"category","embeddable":true,"href":"https:\/\/bale.ch\/journal\/wp-json\/wp\/v2\/categories?post=3909"},{"taxonomy":"post_tag","embeddable":true,"href":"https:\/\/bale.ch\/journal\/wp-json\/wp\/v2\/tags?post=3909"}],"curies":[{"name":"wp","href":"https:\/\/api.w.org\/{rel}","templated":true}]}}