{"id":3966,"date":"2026-04-24T11:30:51","date_gmt":"2026-04-24T11:30:51","guid":{"rendered":"https:\/\/bale.ch\/journal\/?p=3966"},"modified":"2026-05-03T07:34:16","modified_gmt":"2026-05-03T07:34:16","slug":"festival-des-sens-weil-am-rhein-dreilaendergarten","status":"publish","type":"post","link":"https:\/\/bale.ch\/journal\/festival-des-sens-weil-am-rhein-dreilaendergarten\/","title":{"rendered":"Le Festival des Sens d\u00e9m\u00e9nage au Jardin des Trois Pays de Weil am Rhein"},"content":{"rendered":"\n<p class=\"wp-block-paragraph\">B\u00c2LE TRINATIONALE \u2014 <strong>Le rendez-vous est devenu incontournable dans la r\u00e9gion des trois fronti\u00e8res. Du 1er au 3 mai 2026, la ville de Weil am Rhein accueille la 30e \u00e9dition du Festival des Sens, un march\u00e9 de la poterie avec des artisans et cr\u00e9ateurs, qui attire chaque ann\u00e9e un public venu de Suisse, de France et d\u2019Allemagne.<\/strong><\/p>\n\n\n\n<p class=\"wp-block-paragraph\">Nouveau site, plus d&rsquo;espace et une vraie diversit\u00e9 internationale \u2013 le march\u00e9 d\u00e9marre avec un grand nouveau d\u00e9part, puisqu&rsquo;il aura lieu pour la premi\u00e8re fois au DreiL\u00e4nderGarten (Jardin des Trois Pays, <em>ndlr<\/em>). Plus de cent artisans d&rsquo;Allemagne et d&rsquo;Europe y pr\u00e9senteront leur travail, selon l&rsquo;organisateur.<\/p>\n\n\n\n<p class=\"wp-block-paragraph\">Install\u00e9 dans le cadre verdoyant du Dreil\u00e4ndergarten, l\u2019\u00e9v\u00e9nement r\u00e9unit une centaine d\u2019exposants sp\u00e9cialis\u00e9s dans la c\u00e9ramique, mais aussi dans d\u2019autres formes d\u2019artisanat et de cr\u00e9ation artistique. Potiers, sculpteurs, bijoutiers ou encore artistes textiles viennent y pr\u00e9senter leurs \u0153uvres, souvent r\u00e9alis\u00e9es \u00e0 la main, dans une ambiance conviviale et accessible.<\/p><div id=\"crieu-3543312541\" class=\"crieu-content crieu-entity-placement\"><script async src=\"\/\/pagead2.googlesyndication.com\/pagead\/js\/adsbygoogle.js?client=ca-pub-5271584769416742\" crossorigin=\"anonymous\"><\/script><ins class=\"adsbygoogle\" style=\"display:block;\" data-ad-client=\"ca-pub-5271584769416742\" \ndata-ad-slot=\"9321250718\" \ndata-ad-format=\"auto\"><\/ins>\n<script> \n(adsbygoogle = window.adsbygoogle || []).push({}); \n<\/script>\n<\/div>\n\n\n\n<p class=\"wp-block-paragraph\">Au fil des ann\u00e9es, le march\u00e9 s\u2019est impos\u00e9 comme un moment fort du printemps dans la r\u00e9gion b\u00e2loise. Sa long\u00e9vit\u00e9 t\u00e9moigne de l\u2019int\u00e9r\u00eat du public pour l\u2019artisanat d\u2019art, mais aussi de la vitalit\u00e9 culturelle d\u2019un territoire o\u00f9 les influences se croisent. Situ\u00e9 \u00e0 quelques kilom\u00e8tres de B\u00e2le et \u00e0 proximit\u00e9 imm\u00e9diate de la fronti\u00e8re fran\u00e7aise, Weil am Rhein b\u00e9n\u00e9ficie d\u2019une position id\u00e9ale pour attirer un public international.<\/p>\n\n\n\n<p class=\"wp-block-paragraph\">Au-del\u00e0 de la simple exposition-vente, le <em>T\u00f6pfer- und K\u00fcnstlermarkt<\/em> se veut \u00e9galement un lieu de rencontre. Les visiteurs peuvent \u00e9changer directement avec les cr\u00e9ateurs, d\u00e9couvrir les techniques de fabrication et parfois assister \u00e0 des d\u00e9monstrations. Une dimension p\u00e9dagogique qui contribue \u00e0 rapprocher le public du travail artisanal.<\/p>\n\n\n\n<p class=\"wp-block-paragraph\">Pour cette \u00e9dition anniversaire, les organisateurs promettent une programmation \u00e9largie et une attention particuli\u00e8re port\u00e9e \u00e0 la diversit\u00e9 des pratiques artistiques. Dans un cadre propice \u00e0 la promenade, entre stands color\u00e9s et animations, l\u2019\u00e9v\u00e9nement s\u2019annonce une nouvelle fois comme un moment festif et culturel au c\u0153ur de la r\u00e9gion trinationale.<\/p>\n\n\n\n<p class=\"wp-block-paragraph\"><em>Du vendredi 1er au dimanche 3 mai 2026 de 11h \u00e0 18h<\/em><\/p>\n<div id=\"crieu-2883754216\" class=\"crieu-apres-le-contenu crieu-entity-placement\" style=\"margin-left: auto;margin-right: auto;text-align: center;\"><script async src=\"\/\/pagead2.googlesyndication.com\/pagead\/js\/adsbygoogle.js?client=ca-pub-5271584769416742\" crossorigin=\"anonymous\"><\/script><ins class=\"adsbygoogle\" style=\"display:block;\" data-ad-client=\"ca-pub-5271584769416742\" \ndata-ad-slot=\"9321250718\" \ndata-ad-format=\"auto\"><\/ins>\n<script> \n(adsbygoogle = window.adsbygoogle || []).push({}); \n<\/script>\n<\/div>","protected":false},"excerpt":{"rendered":"<p>B\u00c2LE TRINATIONALE \u2014 Le rendez-vous est devenu incontournable dans la r\u00e9gion des trois fronti\u00e8res. Du 1er au 3 mai 2026, la ville de Weil am Rhein accueille la 30e \u00e9dition <a href=\"https:\/\/bale.ch\/journal\/festival-des-sens-weil-am-rhein-dreilaendergarten\/\" class=\"read-more button-fancy -red\"><span class=\"btn-arrow\"><\/span><span class=\"twp-read-more text\">Continuer la lecture<\/span><\/a><\/p>\n","protected":false},"author":2,"featured_media":3967,"comment_status":"closed","ping_status":"closed","sticky":false,"template":"","format":"standard","meta":{"footnotes":""},"categories":[103,7,18],"tags":[60,93,269],"class_list":["post-3966","post","type-post","status-publish","format-standard","has-post-thumbnail","hentry","category-actu","category-bale","category-sortir","tag-bale","tag-festival","tag-weil-am-rhein"],"yoast_head":"<!-- This site is optimized with the Yoast SEO plugin v28.3 - https:\/\/yoast.com\/product\/yoast-seo-wordpress\/ -->\n<title>Le Festival des Sens d\u00e9m\u00e9nage au Jardin des Trois Pays de Weil am Rhein - Journal de B\u00e2le et Gen\u00e8ve<\/title>\n<meta name=\"description\" content=\"Le rendez-vous est devenu incontournable dans la r\u00e9gion des trois fronti\u00e8res. Du 1er au 3 mai 2026, la ville de Weil am Rhein accueille la 30e \u00e9dition du Festival des Sens, un march\u00e9 de la poterie avec des artisans et cr\u00e9ateurs, qui attire chaque ann\u00e9e un public venu de Suisse, de France et d\u2019Allemagne.\" \/>\n<meta name=\"robots\" content=\"index, follow, max-snippet:-1, max-image-preview:large, max-video-preview:-1\" \/>\n<link rel=\"canonical\" href=\"https:\/\/bale.ch\/journal\/festival-des-sens-weil-am-rhein-dreilaendergarten\/\" \/>\n<meta property=\"og:locale\" content=\"fr_FR\" \/>\n<meta property=\"og:type\" content=\"article\" \/>\n<meta property=\"og:title\" content=\"Le Festival des Sens d\u00e9m\u00e9nage au Jardin des Trois Pays de Weil am Rhein - Journal de B\u00e2le et Gen\u00e8ve\" \/>\n<meta property=\"og:description\" content=\"Le rendez-vous est devenu incontournable dans la r\u00e9gion des trois fronti\u00e8res. Du 1er au 3 mai 2026, la ville de Weil am Rhein accueille la 30e \u00e9dition du Festival des Sens, un march\u00e9 de la poterie avec des artisans et cr\u00e9ateurs, qui attire chaque ann\u00e9e un public venu de Suisse, de France et d\u2019Allemagne.\" \/>\n<meta property=\"og:url\" content=\"https:\/\/bale.ch\/journal\/festival-des-sens-weil-am-rhein-dreilaendergarten\/\" \/>\n<meta property=\"og:site_name\" content=\"Journal de B\u00e2le et Gen\u00e8ve\" \/>\n<meta property=\"article:published_time\" content=\"2026-04-24T11:30:51+00:00\" \/>\n<meta property=\"article:modified_time\" content=\"2026-05-03T07:34:16+00:00\" \/>\n<meta property=\"og:image\" content=\"https:\/\/bale.ch\/journal\/wp-content\/uploads\/2026\/04\/Festival_der_Sinne.webp\" \/>\n\t<meta property=\"og:image:width\" content=\"980\" \/>\n\t<meta property=\"og:image:height\" content=\"551\" \/>\n\t<meta property=\"og:image:type\" content=\"image\/webp\" \/>\n<meta name=\"author\" content=\"La R\u00e9daction\" \/>\n<meta name=\"twitter:card\" content=\"summary_large_image\" \/>\n<meta name=\"twitter:label1\" content=\"\u00c9crit par\" \/>\n\t<meta name=\"twitter:data1\" content=\"La R\u00e9daction\" \/>\n\t<meta name=\"twitter:label2\" content=\"Dur\u00e9e de lecture estim\u00e9e\" \/>\n\t<meta name=\"twitter:data2\" content=\"2 minutes\" \/>\n<script type=\"application\/ld+json\" class=\"yoast-schema-graph\">{\"@context\":\"https:\\\/\\\/schema.org\",\"@graph\":[{\"@type\":\"Article\",\"@id\":\"https:\\\/\\\/bale.ch\\\/journal\\\/festival-des-sens-weil-am-rhein-dreilaendergarten\\\/#article\",\"isPartOf\":{\"@id\":\"https:\\\/\\\/bale.ch\\\/journal\\\/festival-des-sens-weil-am-rhein-dreilaendergarten\\\/\"},\"author\":{\"name\":\"La R\u00e9daction\",\"@id\":\"https:\\\/\\\/bale.ch\\\/journal\\\/#\\\/schema\\\/person\\\/03ced978db3b7a5274c5cef003f352f5\"},\"headline\":\"Le Festival des Sens d\u00e9m\u00e9nage au Jardin des Trois Pays de Weil am Rhein\",\"datePublished\":\"2026-04-24T11:30:51+00:00\",\"dateModified\":\"2026-05-03T07:34:16+00:00\",\"mainEntityOfPage\":{\"@id\":\"https:\\\/\\\/bale.ch\\\/journal\\\/festival-des-sens-weil-am-rhein-dreilaendergarten\\\/\"},\"wordCount\":394,\"publisher\":{\"@id\":\"https:\\\/\\\/bale.ch\\\/journal\\\/#organization\"},\"image\":{\"@id\":\"https:\\\/\\\/bale.ch\\\/journal\\\/festival-des-sens-weil-am-rhein-dreilaendergarten\\\/#primaryimage\"},\"thumbnailUrl\":\"https:\\\/\\\/bale.ch\\\/journal\\\/wp-content\\\/uploads\\\/2026\\\/04\\\/Festival_der_Sinne.webp\",\"keywords\":[\"B\u00e2le\",\"festival\",\"Weil am Rhein\"],\"articleSection\":[\"Actualit\u00e9s\",\"B\u00e2le Trinationale\",\"Sortir\"],\"inLanguage\":\"fr-FR\"},{\"@type\":\"WebPage\",\"@id\":\"https:\\\/\\\/bale.ch\\\/journal\\\/festival-des-sens-weil-am-rhein-dreilaendergarten\\\/\",\"url\":\"https:\\\/\\\/bale.ch\\\/journal\\\/festival-des-sens-weil-am-rhein-dreilaendergarten\\\/\",\"name\":\"Le Festival des Sens d\u00e9m\u00e9nage au Jardin des Trois Pays de Weil am Rhein - Journal de B\u00e2le et Gen\u00e8ve\",\"isPartOf\":{\"@id\":\"https:\\\/\\\/bale.ch\\\/journal\\\/#website\"},\"primaryImageOfPage\":{\"@id\":\"https:\\\/\\\/bale.ch\\\/journal\\\/festival-des-sens-weil-am-rhein-dreilaendergarten\\\/#primaryimage\"},\"image\":{\"@id\":\"https:\\\/\\\/bale.ch\\\/journal\\\/festival-des-sens-weil-am-rhein-dreilaendergarten\\\/#primaryimage\"},\"thumbnailUrl\":\"https:\\\/\\\/bale.ch\\\/journal\\\/wp-content\\\/uploads\\\/2026\\\/04\\\/Festival_der_Sinne.webp\",\"datePublished\":\"2026-04-24T11:30:51+00:00\",\"dateModified\":\"2026-05-03T07:34:16+00:00\",\"description\":\"Le rendez-vous est devenu incontournable dans la r\u00e9gion des trois fronti\u00e8res. Du 1er au 3 mai 2026, la ville de Weil am Rhein accueille la 30e \u00e9dition du Festival des Sens, un march\u00e9 de la poterie avec des artisans et cr\u00e9ateurs, qui attire chaque ann\u00e9e un public venu de Suisse, de France et d\u2019Allemagne.\",\"breadcrumb\":{\"@id\":\"https:\\\/\\\/bale.ch\\\/journal\\\/festival-des-sens-weil-am-rhein-dreilaendergarten\\\/#breadcrumb\"},\"inLanguage\":\"fr-FR\",\"potentialAction\":[{\"@type\":\"ReadAction\",\"target\":[\"https:\\\/\\\/bale.ch\\\/journal\\\/festival-des-sens-weil-am-rhein-dreilaendergarten\\\/\"]}]},{\"@type\":\"ImageObject\",\"inLanguage\":\"fr-FR\",\"@id\":\"https:\\\/\\\/bale.ch\\\/journal\\\/festival-des-sens-weil-am-rhein-dreilaendergarten\\\/#primaryimage\",\"url\":\"https:\\\/\\\/bale.ch\\\/journal\\\/wp-content\\\/uploads\\\/2026\\\/04\\\/Festival_der_Sinne.webp\",\"contentUrl\":\"https:\\\/\\\/bale.ch\\\/journal\\\/wp-content\\\/uploads\\\/2026\\\/04\\\/Festival_der_Sinne.webp\",\"width\":980,\"height\":551},{\"@type\":\"BreadcrumbList\",\"@id\":\"https:\\\/\\\/bale.ch\\\/journal\\\/festival-des-sens-weil-am-rhein-dreilaendergarten\\\/#breadcrumb\",\"itemListElement\":[{\"@type\":\"ListItem\",\"position\":1,\"name\":\"Accueil\",\"item\":\"https:\\\/\\\/bale.ch\\\/journal\\\/\"},{\"@type\":\"ListItem\",\"position\":2,\"name\":\"Le Festival des Sens d\u00e9m\u00e9nage au Jardin des Trois Pays de Weil am Rhein\"}]},{\"@type\":\"WebSite\",\"@id\":\"https:\\\/\\\/bale.ch\\\/journal\\\/#website\",\"url\":\"https:\\\/\\\/bale.ch\\\/journal\\\/\",\"name\":\"Journal de B\u00e2le et Gen\u00e8ve\",\"description\":\"M\u00e9dia transfrontalier d&#039;actualit\u00e9s - News\",\"publisher\":{\"@id\":\"https:\\\/\\\/bale.ch\\\/journal\\\/#organization\"},\"potentialAction\":[{\"@type\":\"SearchAction\",\"target\":{\"@type\":\"EntryPoint\",\"urlTemplate\":\"https:\\\/\\\/bale.ch\\\/journal\\\/?s={search_term_string}\"},\"query-input\":{\"@type\":\"PropertyValueSpecification\",\"valueRequired\":true,\"valueName\":\"search_term_string\"}}],\"inLanguage\":\"fr-FR\"},{\"@type\":\"Organization\",\"@id\":\"https:\\\/\\\/bale.ch\\\/journal\\\/#organization\",\"name\":\"Journal de B\u00e2le et Gen\u00e8ve\",\"url\":\"https:\\\/\\\/bale.ch\\\/journal\\\/\",\"logo\":{\"@type\":\"ImageObject\",\"inLanguage\":\"fr-FR\",\"@id\":\"https:\\\/\\\/bale.ch\\\/journal\\\/#\\\/schema\\\/logo\\\/image\\\/\",\"url\":\"https:\\\/\\\/bale.ch\\\/journal\\\/wp-content\\\/uploads\\\/2023\\\/07\\\/journaldebale_logo_2023_nb.png\",\"contentUrl\":\"https:\\\/\\\/bale.ch\\\/journal\\\/wp-content\\\/uploads\\\/2023\\\/07\\\/journaldebale_logo_2023_nb.png\",\"width\":371,\"height\":127,\"caption\":\"Journal de B\u00e2le et Gen\u00e8ve\"},\"image\":{\"@id\":\"https:\\\/\\\/bale.ch\\\/journal\\\/#\\\/schema\\\/logo\\\/image\\\/\"}},{\"@type\":\"Person\",\"@id\":\"https:\\\/\\\/bale.ch\\\/journal\\\/#\\\/schema\\\/person\\\/03ced978db3b7a5274c5cef003f352f5\",\"name\":\"La R\u00e9daction\",\"image\":{\"@type\":\"ImageObject\",\"inLanguage\":\"fr-FR\",\"@id\":\"https:\\\/\\\/secure.gravatar.com\\\/avatar\\\/d1327e2ce8d2b860112f968a3f34686c9bdda7a463a1502cdd1070ac9d88cf1e?s=96&d=mm&r=g\",\"url\":\"https:\\\/\\\/secure.gravatar.com\\\/avatar\\\/d1327e2ce8d2b860112f968a3f34686c9bdda7a463a1502cdd1070ac9d88cf1e?s=96&d=mm&r=g\",\"contentUrl\":\"https:\\\/\\\/secure.gravatar.com\\\/avatar\\\/d1327e2ce8d2b860112f968a3f34686c9bdda7a463a1502cdd1070ac9d88cf1e?s=96&d=mm&r=g\",\"caption\":\"La R\u00e9daction\"},\"url\":\"https:\\\/\\\/bale.ch\\\/journal\\\/author\\\/laredaction\\\/\"}]}<\/script>\n<!-- \/ Yoast SEO plugin. -->","yoast_head_json":{"title":"Le Festival des Sens d\u00e9m\u00e9nage au Jardin des Trois Pays de Weil am Rhein - Journal de B\u00e2le et Gen\u00e8ve","description":"Le rendez-vous est devenu incontournable dans la r\u00e9gion des trois fronti\u00e8res. Du 1er au 3 mai 2026, la ville de Weil am Rhein accueille la 30e \u00e9dition du Festival des Sens, un march\u00e9 de la poterie avec des artisans et cr\u00e9ateurs, qui attire chaque ann\u00e9e un public venu de Suisse, de France et d\u2019Allemagne.","robots":{"index":"index","follow":"follow","max-snippet":"max-snippet:-1","max-image-preview":"max-image-preview:large","max-video-preview":"max-video-preview:-1"},"canonical":"https:\/\/bale.ch\/journal\/festival-des-sens-weil-am-rhein-dreilaendergarten\/","og_locale":"fr_FR","og_type":"article","og_title":"Le Festival des Sens d\u00e9m\u00e9nage au Jardin des Trois Pays de Weil am Rhein - Journal de B\u00e2le et Gen\u00e8ve","og_description":"Le rendez-vous est devenu incontournable dans la r\u00e9gion des trois fronti\u00e8res. Du 1er au 3 mai 2026, la ville de Weil am Rhein accueille la 30e \u00e9dition du Festival des Sens, un march\u00e9 de la poterie avec des artisans et cr\u00e9ateurs, qui attire chaque ann\u00e9e un public venu de Suisse, de France et d\u2019Allemagne.","og_url":"https:\/\/bale.ch\/journal\/festival-des-sens-weil-am-rhein-dreilaendergarten\/","og_site_name":"Journal de B\u00e2le et Gen\u00e8ve","article_published_time":"2026-04-24T11:30:51+00:00","article_modified_time":"2026-05-03T07:34:16+00:00","og_image":[{"width":980,"height":551,"url":"https:\/\/bale.ch\/journal\/wp-content\/uploads\/2026\/04\/Festival_der_Sinne.webp","type":"image\/webp"}],"author":"La R\u00e9daction","twitter_card":"summary_large_image","twitter_misc":{"\u00c9crit par":"La R\u00e9daction","Dur\u00e9e de lecture estim\u00e9e":"2 minutes"},"schema":{"@context":"https:\/\/schema.org","@graph":[{"@type":"Article","@id":"https:\/\/bale.ch\/journal\/festival-des-sens-weil-am-rhein-dreilaendergarten\/#article","isPartOf":{"@id":"https:\/\/bale.ch\/journal\/festival-des-sens-weil-am-rhein-dreilaendergarten\/"},"author":{"name":"La R\u00e9daction","@id":"https:\/\/bale.ch\/journal\/#\/schema\/person\/03ced978db3b7a5274c5cef003f352f5"},"headline":"Le Festival des Sens d\u00e9m\u00e9nage au Jardin des Trois Pays de Weil am Rhein","datePublished":"2026-04-24T11:30:51+00:00","dateModified":"2026-05-03T07:34:16+00:00","mainEntityOfPage":{"@id":"https:\/\/bale.ch\/journal\/festival-des-sens-weil-am-rhein-dreilaendergarten\/"},"wordCount":394,"publisher":{"@id":"https:\/\/bale.ch\/journal\/#organization"},"image":{"@id":"https:\/\/bale.ch\/journal\/festival-des-sens-weil-am-rhein-dreilaendergarten\/#primaryimage"},"thumbnailUrl":"https:\/\/bale.ch\/journal\/wp-content\/uploads\/2026\/04\/Festival_der_Sinne.webp","keywords":["B\u00e2le","festival","Weil am Rhein"],"articleSection":["Actualit\u00e9s","B\u00e2le Trinationale","Sortir"],"inLanguage":"fr-FR"},{"@type":"WebPage","@id":"https:\/\/bale.ch\/journal\/festival-des-sens-weil-am-rhein-dreilaendergarten\/","url":"https:\/\/bale.ch\/journal\/festival-des-sens-weil-am-rhein-dreilaendergarten\/","name":"Le Festival des Sens d\u00e9m\u00e9nage au Jardin des Trois Pays de Weil am Rhein - Journal de B\u00e2le et Gen\u00e8ve","isPartOf":{"@id":"https:\/\/bale.ch\/journal\/#website"},"primaryImageOfPage":{"@id":"https:\/\/bale.ch\/journal\/festival-des-sens-weil-am-rhein-dreilaendergarten\/#primaryimage"},"image":{"@id":"https:\/\/bale.ch\/journal\/festival-des-sens-weil-am-rhein-dreilaendergarten\/#primaryimage"},"thumbnailUrl":"https:\/\/bale.ch\/journal\/wp-content\/uploads\/2026\/04\/Festival_der_Sinne.webp","datePublished":"2026-04-24T11:30:51+00:00","dateModified":"2026-05-03T07:34:16+00:00","description":"Le rendez-vous est devenu incontournable dans la r\u00e9gion des trois fronti\u00e8res. Du 1er au 3 mai 2026, la ville de Weil am Rhein accueille la 30e \u00e9dition du Festival des Sens, un march\u00e9 de la poterie avec des artisans et cr\u00e9ateurs, qui attire chaque ann\u00e9e un public venu de Suisse, de France et d\u2019Allemagne.","breadcrumb":{"@id":"https:\/\/bale.ch\/journal\/festival-des-sens-weil-am-rhein-dreilaendergarten\/#breadcrumb"},"inLanguage":"fr-FR","potentialAction":[{"@type":"ReadAction","target":["https:\/\/bale.ch\/journal\/festival-des-sens-weil-am-rhein-dreilaendergarten\/"]}]},{"@type":"ImageObject","inLanguage":"fr-FR","@id":"https:\/\/bale.ch\/journal\/festival-des-sens-weil-am-rhein-dreilaendergarten\/#primaryimage","url":"https:\/\/bale.ch\/journal\/wp-content\/uploads\/2026\/04\/Festival_der_Sinne.webp","contentUrl":"https:\/\/bale.ch\/journal\/wp-content\/uploads\/2026\/04\/Festival_der_Sinne.webp","width":980,"height":551},{"@type":"BreadcrumbList","@id":"https:\/\/bale.ch\/journal\/festival-des-sens-weil-am-rhein-dreilaendergarten\/#breadcrumb","itemListElement":[{"@type":"ListItem","position":1,"name":"Accueil","item":"https:\/\/bale.ch\/journal\/"},{"@type":"ListItem","position":2,"name":"Le Festival des Sens d\u00e9m\u00e9nage au Jardin des Trois Pays de Weil am Rhein"}]},{"@type":"WebSite","@id":"https:\/\/bale.ch\/journal\/#website","url":"https:\/\/bale.ch\/journal\/","name":"Journal de B\u00e2le et Gen\u00e8ve","description":"M\u00e9dia transfrontalier d&#039;actualit\u00e9s - News","publisher":{"@id":"https:\/\/bale.ch\/journal\/#organization"},"potentialAction":[{"@type":"SearchAction","target":{"@type":"EntryPoint","urlTemplate":"https:\/\/bale.ch\/journal\/?s={search_term_string}"},"query-input":{"@type":"PropertyValueSpecification","valueRequired":true,"valueName":"search_term_string"}}],"inLanguage":"fr-FR"},{"@type":"Organization","@id":"https:\/\/bale.ch\/journal\/#organization","name":"Journal de B\u00e2le et Gen\u00e8ve","url":"https:\/\/bale.ch\/journal\/","logo":{"@type":"ImageObject","inLanguage":"fr-FR","@id":"https:\/\/bale.ch\/journal\/#\/schema\/logo\/image\/","url":"https:\/\/bale.ch\/journal\/wp-content\/uploads\/2023\/07\/journaldebale_logo_2023_nb.png","contentUrl":"https:\/\/bale.ch\/journal\/wp-content\/uploads\/2023\/07\/journaldebale_logo_2023_nb.png","width":371,"height":127,"caption":"Journal de B\u00e2le et Gen\u00e8ve"},"image":{"@id":"https:\/\/bale.ch\/journal\/#\/schema\/logo\/image\/"}},{"@type":"Person","@id":"https:\/\/bale.ch\/journal\/#\/schema\/person\/03ced978db3b7a5274c5cef003f352f5","name":"La R\u00e9daction","image":{"@type":"ImageObject","inLanguage":"fr-FR","@id":"https:\/\/secure.gravatar.com\/avatar\/d1327e2ce8d2b860112f968a3f34686c9bdda7a463a1502cdd1070ac9d88cf1e?s=96&d=mm&r=g","url":"https:\/\/secure.gravatar.com\/avatar\/d1327e2ce8d2b860112f968a3f34686c9bdda7a463a1502cdd1070ac9d88cf1e?s=96&d=mm&r=g","contentUrl":"https:\/\/secure.gravatar.com\/avatar\/d1327e2ce8d2b860112f968a3f34686c9bdda7a463a1502cdd1070ac9d88cf1e?s=96&d=mm&r=g","caption":"La R\u00e9daction"},"url":"https:\/\/bale.ch\/journal\/author\/laredaction\/"}]}},"_links":{"self":[{"href":"https:\/\/bale.ch\/journal\/wp-json\/wp\/v2\/posts\/3966","targetHints":{"allow":["GET"]}}],"collection":[{"href":"https:\/\/bale.ch\/journal\/wp-json\/wp\/v2\/posts"}],"about":[{"href":"https:\/\/bale.ch\/journal\/wp-json\/wp\/v2\/types\/post"}],"author":[{"embeddable":true,"href":"https:\/\/bale.ch\/journal\/wp-json\/wp\/v2\/users\/2"}],"replies":[{"embeddable":true,"href":"https:\/\/bale.ch\/journal\/wp-json\/wp\/v2\/comments?post=3966"}],"version-history":[{"count":3,"href":"https:\/\/bale.ch\/journal\/wp-json\/wp\/v2\/posts\/3966\/revisions"}],"predecessor-version":[{"id":4000,"href":"https:\/\/bale.ch\/journal\/wp-json\/wp\/v2\/posts\/3966\/revisions\/4000"}],"wp:featuredmedia":[{"embeddable":true,"href":"https:\/\/bale.ch\/journal\/wp-json\/wp\/v2\/media\/3967"}],"wp:attachment":[{"href":"https:\/\/bale.ch\/journal\/wp-json\/wp\/v2\/media?parent=3966"}],"wp:term":[{"taxonomy":"category","embeddable":true,"href":"https:\/\/bale.ch\/journal\/wp-json\/wp\/v2\/categories?post=3966"},{"taxonomy":"post_tag","embeddable":true,"href":"https:\/\/bale.ch\/journal\/wp-json\/wp\/v2\/tags?post=3966"}],"curies":[{"name":"wp","href":"https:\/\/api.w.org\/{rel}","templated":true}]}}