{"id":3971,"date":"2026-04-25T14:50:54","date_gmt":"2026-04-25T14:50:54","guid":{"rendered":"https:\/\/bale.ch\/journal\/?p=3971"},"modified":"2026-05-03T07:32:29","modified_gmt":"2026-05-03T07:32:29","slug":"bale-rame-train-transfrontalier-construite","status":"publish","type":"post","link":"https:\/\/bale.ch\/journal\/bale-rame-train-transfrontalier-construite\/","title":{"rendered":"\u00c0 B\u00e2le, la premi\u00e8re rame du train transfrontalier Trireno est sortie d&rsquo;usine"},"content":{"rendered":"\n<p class=\"wp-block-paragraph\"><strong>Une \u00e9tape concr\u00e8te vient d\u2019\u00eatre franchie dans le d\u00e9veloppement des mobilit\u00e9s autour de B\u00e2le. La construction du premier train destin\u00e9 au futur S-Bahn (RER) trinational est d\u00e9sormais achev\u00e9e, les premiers tests peuvent commencer, illustrant le passage progressif d\u2019un projet longtemps th\u00e9orique \u00e0 une r\u00e9alit\u00e9 tangible pour les habitants de la r\u00e9gion des trois fronti\u00e8res.<\/strong><\/p>\n\n\n\n<p class=\"wp-block-paragraph\">Ce nouveau mat\u00e9riel roulant s\u2019inscrit dans le cadre du <strong>projet Trireno<\/strong>. Dans une r\u00e9gion o\u00f9 des dizaines de milliers de frontaliers circulent chaque jour, l\u2019objectif est de proposer une alternative cr\u00e9dible \u00e0 la voiture individuelle en am\u00e9liorant et en mettant en coh\u00e9rence de lignes existantes, avec une augmentation des fr\u00e9quences et des liaisons directes. \u00c0 terme, il doit permettre de connecter efficacement l\u2019Alsace, le nord-ouest de la Suisse et le sud de l\u2019Allemagne, dans une logique de r\u00e9seau int\u00e9gr\u00e9.<\/p>\n\n\n\n<p class=\"wp-block-paragraph\">Le premier train r\u00e9cemment achev\u00e9 fait partie d\u2019une s\u00e9rie de 33 rames de nouvelle g\u00e9n\u00e9ration command\u00e9es par les Chemins de fer f\u00e9d\u00e9raux suisses au constructeur Stadler Rail. Ces trains de type Evo FLIRT, sp\u00e9cialement con\u00e7us pour les besoins du S-Bahn trinational. Fabriqu\u00e9es principalement en Suisse, ces rames sont adapt\u00e9es \u00e0 la circulation transfrontali\u00e8re et constituent un \u00e9l\u00e9ment cl\u00e9 du d\u00e9veloppement du r\u00e9seau.<\/p><div id=\"crieu-2995377919\" class=\"crieu-content crieu-entity-placement\"><script async src=\"\/\/pagead2.googlesyndication.com\/pagead\/js\/adsbygoogle.js?client=ca-pub-5271584769416742\" crossorigin=\"anonymous\"><\/script><ins class=\"adsbygoogle\" style=\"display:block;\" data-ad-client=\"ca-pub-5271584769416742\" \ndata-ad-slot=\"9321250718\" \ndata-ad-format=\"auto\"><\/ins>\n<script> \n(adsbygoogle = window.adsbygoogle || []).push({}); \n<\/script>\n<\/div>\n\n\n\n<figure class=\"wp-block-image size-large\"><a href=\"https:\/\/bale.ch\/journal\/wp-content\/uploads\/2026\/04\/Flirt-Evo-France-RABe-532-201-1_Stadler_24-04-26.jpg\"><img loading=\"lazy\" decoding=\"async\" width=\"1024\" height=\"682\" src=\"https:\/\/bale.ch\/journal\/wp-content\/uploads\/2026\/04\/Flirt-Evo-France-RABe-532-201-1_Stadler_24-04-26-1024x682.jpg\" alt=\"\" class=\"wp-image-3973\" srcset=\"https:\/\/bale.ch\/journal\/wp-content\/uploads\/2026\/04\/Flirt-Evo-France-RABe-532-201-1_Stadler_24-04-26-1024x682.jpg 1024w, https:\/\/bale.ch\/journal\/wp-content\/uploads\/2026\/04\/Flirt-Evo-France-RABe-532-201-1_Stadler_24-04-26-300x200.jpg 300w, https:\/\/bale.ch\/journal\/wp-content\/uploads\/2026\/04\/Flirt-Evo-France-RABe-532-201-1_Stadler_24-04-26-768x512.jpg 768w, https:\/\/bale.ch\/journal\/wp-content\/uploads\/2026\/04\/Flirt-Evo-France-RABe-532-201-1_Stadler_24-04-26-1536x1024.jpg 1536w, https:\/\/bale.ch\/journal\/wp-content\/uploads\/2026\/04\/Flirt-Evo-France-RABe-532-201-1_Stadler_24-04-26-900x600.jpg 900w, https:\/\/bale.ch\/journal\/wp-content\/uploads\/2026\/04\/Flirt-Evo-France-RABe-532-201-1_Stadler_24-04-26.jpg 2000w\" sizes=\"auto, (max-width: 1024px) 100vw, 1024px\" \/><\/a><\/figure>\n\n\n\n<p class=\"wp-block-paragraph\">Parmi les axes structurants figure la <strong>ligne S2 du S-Bahn trinational de B\u00e2le<\/strong>, appel\u00e9e \u00e0 relier directement Mulhouse \u00e0 B\u00e2le, puis au reste du r\u00e9seau suisse. Cette ligne doit jouer un r\u00f4le cl\u00e9 dans les d\u00e9placements quotidiens entre la France et la Suisse, avec des fr\u00e9quences renforc\u00e9es et des trajets sans correspondance. Chaque jour, 60\u2019000 navetteurs op\u00e8rent dans le triangle frontalier de la Suisse, de la France, de l\u2019Allemagne \u2013 30\u2019000 navetteurs \u00e0 eux seuls entre l\u2019Alsace et le nord-ouest de la Suisse. Parmi ceux-ci, environ nonante pour cent ont utilis\u00e9 la voiture.<\/p>\n<div id=\"crieu-2449166564\" class=\"crieu-apres-le-contenu crieu-entity-placement\" style=\"margin-left: auto;margin-right: auto;text-align: center;\"><script async src=\"\/\/pagead2.googlesyndication.com\/pagead\/js\/adsbygoogle.js?client=ca-pub-5271584769416742\" crossorigin=\"anonymous\"><\/script><ins class=\"adsbygoogle\" style=\"display:block;\" data-ad-client=\"ca-pub-5271584769416742\" \ndata-ad-slot=\"9321250718\" \ndata-ad-format=\"auto\"><\/ins>\n<script> \n(adsbygoogle = window.adsbygoogle || []).push({}); \n<\/script>\n<\/div>","protected":false},"excerpt":{"rendered":"<p>Une \u00e9tape concr\u00e8te vient d\u2019\u00eatre franchie dans le d\u00e9veloppement des mobilit\u00e9s autour de B\u00e2le. La construction du premier train destin\u00e9 au futur S-Bahn (RER) trinational est d\u00e9sormais achev\u00e9e, les premiers <a href=\"https:\/\/bale.ch\/journal\/bale-rame-train-transfrontalier-construite\/\" class=\"read-more button-fancy -red\"><span class=\"btn-arrow\"><\/span><span class=\"twp-read-more text\">Continuer la lecture<\/span><\/a><\/p>\n","protected":false},"author":43,"featured_media":3972,"comment_status":"closed","ping_status":"closed","sticky":false,"template":"","format":"standard","meta":{"footnotes":""},"categories":[103,7],"tags":[60,262,125,100,270,35],"class_list":["post-3971","post","type-post","status-publish","format-standard","has-post-thumbnail","hentry","category-actu","category-bale","tag-bale","tag-bale-mulhouse-aeroport","tag-euroairport","tag-mulhouse","tag-s-bahn","tag-transports"],"yoast_head":"<!-- This site is optimized with the Yoast SEO plugin v28.3 - https:\/\/yoast.com\/product\/yoast-seo-wordpress\/ -->\n<title>\u00c0 B\u00e2le, la premi\u00e8re rame du train transfrontalier Trireno est sortie d&#039;usine - Journal de B\u00e2le et Gen\u00e8ve<\/title>\n<meta name=\"description\" content=\"d\u00e9veloppement des mobilit\u00e9s autour de B\u00e2le. La construction du premier train destin\u00e9 au futur S-Bahn (RER) trinational est d\u00e9sormais achev\u00e9e\" \/>\n<meta name=\"robots\" content=\"index, follow, max-snippet:-1, max-image-preview:large, max-video-preview:-1\" \/>\n<link rel=\"canonical\" href=\"https:\/\/bale.ch\/journal\/bale-rame-train-transfrontalier-construite\/\" \/>\n<meta property=\"og:locale\" content=\"fr_FR\" \/>\n<meta property=\"og:type\" content=\"article\" \/>\n<meta property=\"og:title\" content=\"\u00c0 B\u00e2le, la premi\u00e8re rame du train transfrontalier Trireno est sortie d&#039;usine - Journal de B\u00e2le et Gen\u00e8ve\" \/>\n<meta property=\"og:description\" content=\"d\u00e9veloppement des mobilit\u00e9s autour de B\u00e2le. La construction du premier train destin\u00e9 au futur S-Bahn (RER) trinational est d\u00e9sormais achev\u00e9e\" \/>\n<meta property=\"og:url\" content=\"https:\/\/bale.ch\/journal\/bale-rame-train-transfrontalier-construite\/\" \/>\n<meta property=\"og:site_name\" content=\"Journal de B\u00e2le et Gen\u00e8ve\" \/>\n<meta property=\"article:published_time\" content=\"2026-04-25T14:50:54+00:00\" \/>\n<meta property=\"article:modified_time\" content=\"2026-05-03T07:32:29+00:00\" \/>\n<meta property=\"og:image\" content=\"https:\/\/bale.ch\/journal\/wp-content\/uploads\/2026\/04\/Flirt-Evo-France-suisse-bale-trireno.jpg\" \/>\n\t<meta property=\"og:image:width\" content=\"1536\" \/>\n\t<meta property=\"og:image:height\" content=\"527\" \/>\n\t<meta property=\"og:image:type\" content=\"image\/jpeg\" \/>\n<meta name=\"author\" content=\"Elodie Silva\" \/>\n<meta name=\"twitter:card\" content=\"summary_large_image\" \/>\n<meta name=\"twitter:label1\" content=\"\u00c9crit par\" \/>\n\t<meta name=\"twitter:data1\" content=\"Elodie Silva\" \/>\n\t<meta name=\"twitter:label2\" content=\"Dur\u00e9e de lecture estim\u00e9e\" \/>\n\t<meta name=\"twitter:data2\" content=\"2 minutes\" \/>\n<script type=\"application\/ld+json\" class=\"yoast-schema-graph\">{\"@context\":\"https:\\\/\\\/schema.org\",\"@graph\":[{\"@type\":\"Article\",\"@id\":\"https:\\\/\\\/bale.ch\\\/journal\\\/bale-rame-train-transfrontalier-construite\\\/#article\",\"isPartOf\":{\"@id\":\"https:\\\/\\\/bale.ch\\\/journal\\\/bale-rame-train-transfrontalier-construite\\\/\"},\"author\":{\"name\":\"Elodie Silva\",\"@id\":\"https:\\\/\\\/bale.ch\\\/journal\\\/#\\\/schema\\\/person\\\/e3e5eeffae523f19b12d7057ced45a2b\"},\"headline\":\"\u00c0 B\u00e2le, la premi\u00e8re rame du train transfrontalier Trireno est sortie d&rsquo;usine\",\"datePublished\":\"2026-04-25T14:50:54+00:00\",\"dateModified\":\"2026-05-03T07:32:29+00:00\",\"mainEntityOfPage\":{\"@id\":\"https:\\\/\\\/bale.ch\\\/journal\\\/bale-rame-train-transfrontalier-construite\\\/\"},\"wordCount\":342,\"publisher\":{\"@id\":\"https:\\\/\\\/bale.ch\\\/journal\\\/#organization\"},\"image\":{\"@id\":\"https:\\\/\\\/bale.ch\\\/journal\\\/bale-rame-train-transfrontalier-construite\\\/#primaryimage\"},\"thumbnailUrl\":\"https:\\\/\\\/bale.ch\\\/journal\\\/wp-content\\\/uploads\\\/2026\\\/04\\\/Flirt-Evo-France-suisse-bale-trireno.jpg\",\"keywords\":[\"B\u00e2le\",\"B\u00e2le Mulhouse A\u00e9roport\",\"Euroairport\",\"mulhouse\",\"s-bahn\",\"Transports\"],\"articleSection\":[\"Actualit\u00e9s\",\"B\u00e2le Trinationale\"],\"inLanguage\":\"fr-FR\"},{\"@type\":\"WebPage\",\"@id\":\"https:\\\/\\\/bale.ch\\\/journal\\\/bale-rame-train-transfrontalier-construite\\\/\",\"url\":\"https:\\\/\\\/bale.ch\\\/journal\\\/bale-rame-train-transfrontalier-construite\\\/\",\"name\":\"\u00c0 B\u00e2le, la premi\u00e8re rame du train transfrontalier Trireno est sortie d'usine - Journal de B\u00e2le et Gen\u00e8ve\",\"isPartOf\":{\"@id\":\"https:\\\/\\\/bale.ch\\\/journal\\\/#website\"},\"primaryImageOfPage\":{\"@id\":\"https:\\\/\\\/bale.ch\\\/journal\\\/bale-rame-train-transfrontalier-construite\\\/#primaryimage\"},\"image\":{\"@id\":\"https:\\\/\\\/bale.ch\\\/journal\\\/bale-rame-train-transfrontalier-construite\\\/#primaryimage\"},\"thumbnailUrl\":\"https:\\\/\\\/bale.ch\\\/journal\\\/wp-content\\\/uploads\\\/2026\\\/04\\\/Flirt-Evo-France-suisse-bale-trireno.jpg\",\"datePublished\":\"2026-04-25T14:50:54+00:00\",\"dateModified\":\"2026-05-03T07:32:29+00:00\",\"description\":\"d\u00e9veloppement des mobilit\u00e9s autour de B\u00e2le. La construction du premier train destin\u00e9 au futur S-Bahn (RER) trinational est d\u00e9sormais achev\u00e9e\",\"breadcrumb\":{\"@id\":\"https:\\\/\\\/bale.ch\\\/journal\\\/bale-rame-train-transfrontalier-construite\\\/#breadcrumb\"},\"inLanguage\":\"fr-FR\",\"potentialAction\":[{\"@type\":\"ReadAction\",\"target\":[\"https:\\\/\\\/bale.ch\\\/journal\\\/bale-rame-train-transfrontalier-construite\\\/\"]}]},{\"@type\":\"ImageObject\",\"inLanguage\":\"fr-FR\",\"@id\":\"https:\\\/\\\/bale.ch\\\/journal\\\/bale-rame-train-transfrontalier-construite\\\/#primaryimage\",\"url\":\"https:\\\/\\\/bale.ch\\\/journal\\\/wp-content\\\/uploads\\\/2026\\\/04\\\/Flirt-Evo-France-suisse-bale-trireno.jpg\",\"contentUrl\":\"https:\\\/\\\/bale.ch\\\/journal\\\/wp-content\\\/uploads\\\/2026\\\/04\\\/Flirt-Evo-France-suisse-bale-trireno.jpg\",\"width\":1536,\"height\":527},{\"@type\":\"BreadcrumbList\",\"@id\":\"https:\\\/\\\/bale.ch\\\/journal\\\/bale-rame-train-transfrontalier-construite\\\/#breadcrumb\",\"itemListElement\":[{\"@type\":\"ListItem\",\"position\":1,\"name\":\"Accueil\",\"item\":\"https:\\\/\\\/bale.ch\\\/journal\\\/\"},{\"@type\":\"ListItem\",\"position\":2,\"name\":\"\u00c0 B\u00e2le, la premi\u00e8re rame du train transfrontalier Trireno est sortie d&rsquo;usine\"}]},{\"@type\":\"WebSite\",\"@id\":\"https:\\\/\\\/bale.ch\\\/journal\\\/#website\",\"url\":\"https:\\\/\\\/bale.ch\\\/journal\\\/\",\"name\":\"Journal de B\u00e2le et Gen\u00e8ve\",\"description\":\"M\u00e9dia transfrontalier d&#039;actualit\u00e9s - News\",\"publisher\":{\"@id\":\"https:\\\/\\\/bale.ch\\\/journal\\\/#organization\"},\"potentialAction\":[{\"@type\":\"SearchAction\",\"target\":{\"@type\":\"EntryPoint\",\"urlTemplate\":\"https:\\\/\\\/bale.ch\\\/journal\\\/?s={search_term_string}\"},\"query-input\":{\"@type\":\"PropertyValueSpecification\",\"valueRequired\":true,\"valueName\":\"search_term_string\"}}],\"inLanguage\":\"fr-FR\"},{\"@type\":\"Organization\",\"@id\":\"https:\\\/\\\/bale.ch\\\/journal\\\/#organization\",\"name\":\"Journal de B\u00e2le et Gen\u00e8ve\",\"url\":\"https:\\\/\\\/bale.ch\\\/journal\\\/\",\"logo\":{\"@type\":\"ImageObject\",\"inLanguage\":\"fr-FR\",\"@id\":\"https:\\\/\\\/bale.ch\\\/journal\\\/#\\\/schema\\\/logo\\\/image\\\/\",\"url\":\"https:\\\/\\\/bale.ch\\\/journal\\\/wp-content\\\/uploads\\\/2023\\\/07\\\/journaldebale_logo_2023_nb.png\",\"contentUrl\":\"https:\\\/\\\/bale.ch\\\/journal\\\/wp-content\\\/uploads\\\/2023\\\/07\\\/journaldebale_logo_2023_nb.png\",\"width\":371,\"height\":127,\"caption\":\"Journal de B\u00e2le et Gen\u00e8ve\"},\"image\":{\"@id\":\"https:\\\/\\\/bale.ch\\\/journal\\\/#\\\/schema\\\/logo\\\/image\\\/\"}},{\"@type\":\"Person\",\"@id\":\"https:\\\/\\\/bale.ch\\\/journal\\\/#\\\/schema\\\/person\\\/e3e5eeffae523f19b12d7057ced45a2b\",\"name\":\"Elodie Silva\",\"image\":{\"@type\":\"ImageObject\",\"inLanguage\":\"fr-FR\",\"@id\":\"https:\\\/\\\/secure.gravatar.com\\\/avatar\\\/f76593021159ecd3226293e7c461386bfd009157e6c549bc9b418d0a2db47041?s=96&d=mm&r=g\",\"url\":\"https:\\\/\\\/secure.gravatar.com\\\/avatar\\\/f76593021159ecd3226293e7c461386bfd009157e6c549bc9b418d0a2db47041?s=96&d=mm&r=g\",\"contentUrl\":\"https:\\\/\\\/secure.gravatar.com\\\/avatar\\\/f76593021159ecd3226293e7c461386bfd009157e6c549bc9b418d0a2db47041?s=96&d=mm&r=g\",\"caption\":\"Elodie Silva\"},\"url\":\"https:\\\/\\\/bale.ch\\\/journal\\\/author\\\/elodiesilva\\\/\"}]}<\/script>\n<!-- \/ Yoast SEO plugin. -->","yoast_head_json":{"title":"\u00c0 B\u00e2le, la premi\u00e8re rame du train transfrontalier Trireno est sortie d'usine - Journal de B\u00e2le et Gen\u00e8ve","description":"d\u00e9veloppement des mobilit\u00e9s autour de B\u00e2le. La construction du premier train destin\u00e9 au futur S-Bahn (RER) trinational est d\u00e9sormais achev\u00e9e","robots":{"index":"index","follow":"follow","max-snippet":"max-snippet:-1","max-image-preview":"max-image-preview:large","max-video-preview":"max-video-preview:-1"},"canonical":"https:\/\/bale.ch\/journal\/bale-rame-train-transfrontalier-construite\/","og_locale":"fr_FR","og_type":"article","og_title":"\u00c0 B\u00e2le, la premi\u00e8re rame du train transfrontalier Trireno est sortie d'usine - Journal de B\u00e2le et Gen\u00e8ve","og_description":"d\u00e9veloppement des mobilit\u00e9s autour de B\u00e2le. La construction du premier train destin\u00e9 au futur S-Bahn (RER) trinational est d\u00e9sormais achev\u00e9e","og_url":"https:\/\/bale.ch\/journal\/bale-rame-train-transfrontalier-construite\/","og_site_name":"Journal de B\u00e2le et Gen\u00e8ve","article_published_time":"2026-04-25T14:50:54+00:00","article_modified_time":"2026-05-03T07:32:29+00:00","og_image":[{"width":1536,"height":527,"url":"https:\/\/bale.ch\/journal\/wp-content\/uploads\/2026\/04\/Flirt-Evo-France-suisse-bale-trireno.jpg","type":"image\/jpeg"}],"author":"Elodie Silva","twitter_card":"summary_large_image","twitter_misc":{"\u00c9crit par":"Elodie Silva","Dur\u00e9e de lecture estim\u00e9e":"2 minutes"},"schema":{"@context":"https:\/\/schema.org","@graph":[{"@type":"Article","@id":"https:\/\/bale.ch\/journal\/bale-rame-train-transfrontalier-construite\/#article","isPartOf":{"@id":"https:\/\/bale.ch\/journal\/bale-rame-train-transfrontalier-construite\/"},"author":{"name":"Elodie Silva","@id":"https:\/\/bale.ch\/journal\/#\/schema\/person\/e3e5eeffae523f19b12d7057ced45a2b"},"headline":"\u00c0 B\u00e2le, la premi\u00e8re rame du train transfrontalier Trireno est sortie d&rsquo;usine","datePublished":"2026-04-25T14:50:54+00:00","dateModified":"2026-05-03T07:32:29+00:00","mainEntityOfPage":{"@id":"https:\/\/bale.ch\/journal\/bale-rame-train-transfrontalier-construite\/"},"wordCount":342,"publisher":{"@id":"https:\/\/bale.ch\/journal\/#organization"},"image":{"@id":"https:\/\/bale.ch\/journal\/bale-rame-train-transfrontalier-construite\/#primaryimage"},"thumbnailUrl":"https:\/\/bale.ch\/journal\/wp-content\/uploads\/2026\/04\/Flirt-Evo-France-suisse-bale-trireno.jpg","keywords":["B\u00e2le","B\u00e2le Mulhouse A\u00e9roport","Euroairport","mulhouse","s-bahn","Transports"],"articleSection":["Actualit\u00e9s","B\u00e2le Trinationale"],"inLanguage":"fr-FR"},{"@type":"WebPage","@id":"https:\/\/bale.ch\/journal\/bale-rame-train-transfrontalier-construite\/","url":"https:\/\/bale.ch\/journal\/bale-rame-train-transfrontalier-construite\/","name":"\u00c0 B\u00e2le, la premi\u00e8re rame du train transfrontalier Trireno est sortie d'usine - Journal de B\u00e2le et Gen\u00e8ve","isPartOf":{"@id":"https:\/\/bale.ch\/journal\/#website"},"primaryImageOfPage":{"@id":"https:\/\/bale.ch\/journal\/bale-rame-train-transfrontalier-construite\/#primaryimage"},"image":{"@id":"https:\/\/bale.ch\/journal\/bale-rame-train-transfrontalier-construite\/#primaryimage"},"thumbnailUrl":"https:\/\/bale.ch\/journal\/wp-content\/uploads\/2026\/04\/Flirt-Evo-France-suisse-bale-trireno.jpg","datePublished":"2026-04-25T14:50:54+00:00","dateModified":"2026-05-03T07:32:29+00:00","description":"d\u00e9veloppement des mobilit\u00e9s autour de B\u00e2le. La construction du premier train destin\u00e9 au futur S-Bahn (RER) trinational est d\u00e9sormais achev\u00e9e","breadcrumb":{"@id":"https:\/\/bale.ch\/journal\/bale-rame-train-transfrontalier-construite\/#breadcrumb"},"inLanguage":"fr-FR","potentialAction":[{"@type":"ReadAction","target":["https:\/\/bale.ch\/journal\/bale-rame-train-transfrontalier-construite\/"]}]},{"@type":"ImageObject","inLanguage":"fr-FR","@id":"https:\/\/bale.ch\/journal\/bale-rame-train-transfrontalier-construite\/#primaryimage","url":"https:\/\/bale.ch\/journal\/wp-content\/uploads\/2026\/04\/Flirt-Evo-France-suisse-bale-trireno.jpg","contentUrl":"https:\/\/bale.ch\/journal\/wp-content\/uploads\/2026\/04\/Flirt-Evo-France-suisse-bale-trireno.jpg","width":1536,"height":527},{"@type":"BreadcrumbList","@id":"https:\/\/bale.ch\/journal\/bale-rame-train-transfrontalier-construite\/#breadcrumb","itemListElement":[{"@type":"ListItem","position":1,"name":"Accueil","item":"https:\/\/bale.ch\/journal\/"},{"@type":"ListItem","position":2,"name":"\u00c0 B\u00e2le, la premi\u00e8re rame du train transfrontalier Trireno est sortie d&rsquo;usine"}]},{"@type":"WebSite","@id":"https:\/\/bale.ch\/journal\/#website","url":"https:\/\/bale.ch\/journal\/","name":"Journal de B\u00e2le et Gen\u00e8ve","description":"M\u00e9dia transfrontalier d&#039;actualit\u00e9s - News","publisher":{"@id":"https:\/\/bale.ch\/journal\/#organization"},"potentialAction":[{"@type":"SearchAction","target":{"@type":"EntryPoint","urlTemplate":"https:\/\/bale.ch\/journal\/?s={search_term_string}"},"query-input":{"@type":"PropertyValueSpecification","valueRequired":true,"valueName":"search_term_string"}}],"inLanguage":"fr-FR"},{"@type":"Organization","@id":"https:\/\/bale.ch\/journal\/#organization","name":"Journal de B\u00e2le et Gen\u00e8ve","url":"https:\/\/bale.ch\/journal\/","logo":{"@type":"ImageObject","inLanguage":"fr-FR","@id":"https:\/\/bale.ch\/journal\/#\/schema\/logo\/image\/","url":"https:\/\/bale.ch\/journal\/wp-content\/uploads\/2023\/07\/journaldebale_logo_2023_nb.png","contentUrl":"https:\/\/bale.ch\/journal\/wp-content\/uploads\/2023\/07\/journaldebale_logo_2023_nb.png","width":371,"height":127,"caption":"Journal de B\u00e2le et Gen\u00e8ve"},"image":{"@id":"https:\/\/bale.ch\/journal\/#\/schema\/logo\/image\/"}},{"@type":"Person","@id":"https:\/\/bale.ch\/journal\/#\/schema\/person\/e3e5eeffae523f19b12d7057ced45a2b","name":"Elodie Silva","image":{"@type":"ImageObject","inLanguage":"fr-FR","@id":"https:\/\/secure.gravatar.com\/avatar\/f76593021159ecd3226293e7c461386bfd009157e6c549bc9b418d0a2db47041?s=96&d=mm&r=g","url":"https:\/\/secure.gravatar.com\/avatar\/f76593021159ecd3226293e7c461386bfd009157e6c549bc9b418d0a2db47041?s=96&d=mm&r=g","contentUrl":"https:\/\/secure.gravatar.com\/avatar\/f76593021159ecd3226293e7c461386bfd009157e6c549bc9b418d0a2db47041?s=96&d=mm&r=g","caption":"Elodie Silva"},"url":"https:\/\/bale.ch\/journal\/author\/elodiesilva\/"}]}},"_links":{"self":[{"href":"https:\/\/bale.ch\/journal\/wp-json\/wp\/v2\/posts\/3971","targetHints":{"allow":["GET"]}}],"collection":[{"href":"https:\/\/bale.ch\/journal\/wp-json\/wp\/v2\/posts"}],"about":[{"href":"https:\/\/bale.ch\/journal\/wp-json\/wp\/v2\/types\/post"}],"author":[{"embeddable":true,"href":"https:\/\/bale.ch\/journal\/wp-json\/wp\/v2\/users\/43"}],"replies":[{"embeddable":true,"href":"https:\/\/bale.ch\/journal\/wp-json\/wp\/v2\/comments?post=3971"}],"version-history":[{"count":2,"href":"https:\/\/bale.ch\/journal\/wp-json\/wp\/v2\/posts\/3971\/revisions"}],"predecessor-version":[{"id":3976,"href":"https:\/\/bale.ch\/journal\/wp-json\/wp\/v2\/posts\/3971\/revisions\/3976"}],"wp:featuredmedia":[{"embeddable":true,"href":"https:\/\/bale.ch\/journal\/wp-json\/wp\/v2\/media\/3972"}],"wp:attachment":[{"href":"https:\/\/bale.ch\/journal\/wp-json\/wp\/v2\/media?parent=3971"}],"wp:term":[{"taxonomy":"category","embeddable":true,"href":"https:\/\/bale.ch\/journal\/wp-json\/wp\/v2\/categories?post=3971"},{"taxonomy":"post_tag","embeddable":true,"href":"https:\/\/bale.ch\/journal\/wp-json\/wp\/v2\/tags?post=3971"}],"curies":[{"name":"wp","href":"https:\/\/api.w.org\/{rel}","templated":true}]}}