{"id":3986,"date":"2026-04-28T15:04:55","date_gmt":"2026-04-28T15:04:55","guid":{"rendered":"https:\/\/bale.ch\/journal\/?p=3986"},"modified":"2026-05-03T07:28:51","modified_gmt":"2026-05-03T07:28:51","slug":"lpiscine-therapeutique-felix-platter-ouverte-public","status":"publish","type":"post","link":"https:\/\/bale.ch\/journal\/lpiscine-therapeutique-felix-platter-ouverte-public\/","title":{"rendered":"La piscine th\u00e9rapeutique Felix Platter \u00e0 B\u00e2le reste ouverte au public"},"content":{"rendered":"\n<p class=\"wp-block-paragraph\"><strong>Bonne nouvelle pour les habitants : la piscine th\u00e9rapeutique du Felix Platter-Spital continuera d\u2019accueillir le public. Une d\u00e9cision valid\u00e9e politiquement, qui confirme le r\u00f4le hybride de cette infrastructure, \u00e0 la fois outil de soin et \u00e9quipement accessible \u00e0 la population.<\/strong><\/p>\n\n\n\n<p class=\"wp-block-paragraph\">Situ\u00e9e au sein de cet \u00e9tablissement sp\u00e9cialis\u00e9 en m\u00e9decine du vieillissement, la piscine est avant tout d\u00e9di\u00e9e \u00e0 la r\u00e9\u00e9ducation. Chauff\u00e9e et con\u00e7ue pour des exercices en douceur, elle est utilis\u00e9e dans le cadre de th\u00e9rapies physiques. Mais depuis plusieurs ann\u00e9es, elle est \u00e9galement ouverte au public pour des activit\u00e9s comme l\u2019aquagym ou la natation douce, dans une logique d\u2019int\u00e9gration de l\u2019h\u00f4pital dans la vie du quartier.<\/p>\n\n\n\n<p class=\"wp-block-paragraph\">Le maintien de l\u2019acc\u00e8s public n\u2019allait pas de soi. La question a fait l\u2019objet de discussions au sein du parlement cantonal de B\u00e2le, notamment en raison des co\u00fbts d\u2019exploitation et des priorit\u00e9s de l\u2019\u00e9tablissement hospitalier.<\/p><div id=\"crieu-3694518430\" class=\"crieu-content crieu-entity-placement\"><script async src=\"\/\/pagead2.googlesyndication.com\/pagead\/js\/adsbygoogle.js?client=ca-pub-5271584769416742\" crossorigin=\"anonymous\"><\/script><ins class=\"adsbygoogle\" style=\"display:block;\" data-ad-client=\"ca-pub-5271584769416742\" \ndata-ad-slot=\"9321250718\" \ndata-ad-format=\"auto\"><\/ins>\n<script> \n(adsbygoogle = window.adsbygoogle || []).push({}); \n<\/script>\n<\/div>\n\n\n\n<p class=\"wp-block-paragraph\">Finalement, les \u00e9lus ont choisi de <strong>maintenir l\u2019ouverture au public<\/strong>, \u00e0 l\u2019issue d\u2019un vote favorable. Cette d\u00e9cision traduit une volont\u00e9 politique de pr\u00e9server une offre accessible \u00e0 la population, au-del\u00e0 du strict cadre m\u00e9dical.<\/p>\n\n\n\n<p class=\"wp-block-paragraph\">Plusieurs arguments ont pes\u00e9 dans le d\u00e9bat comme manque d\u2019infrastructures aquatiques dans certains quartiers, le r\u00f4le de la piscine dans la pr\u00e9vention et la sant\u00e9 publique ou encore l\u2019importance d\u2019un acc\u00e8s facilit\u00e9 pour les personnes \u00e2g\u00e9es ou en r\u00e9\u00e9ducation.<\/p>\n\n\n\n<p class=\"wp-block-paragraph\">Le maintien de l\u2019acc\u00e8s public r\u00e9pond \u00e0 une attente forte des habitants et des usagers r\u00e9guliers. Dans une ville o\u00f9 la baignade dans le Rhin d\u00e9pend des saisons, les piscines couvertes restent essentielles pour une pratique toute l\u2019ann\u00e9e. La piscine du Felix Platter offre en particulier une alternative adapt\u00e9e \u00e0 un public large, notamment les seniors ou les personnes en convalescence.<\/p>\n\n\n\n<h2 class=\"wp-block-heading\">Entre sant\u00e9 publique et usage collectif<\/h2>\n\n\n\n<p class=\"wp-block-paragraph\">Cette ouverture s\u2019inscrit dans une tendance plus large : celle d\u2019infrastructures de sant\u00e9 qui participent aussi \u00e0 la pr\u00e9vention et au bien-\u00eatre. Dans le cas du Felix Platter, cela correspond pleinement \u00e0 la mission de l\u2019\u00e9tablissement, centr\u00e9e sur la mobilit\u00e9 et la qualit\u00e9 de vie des patients.<\/p>\n\n\n\n<p class=\"wp-block-paragraph\">Reste d\u00e9sormais \u00e0 organiser la cohabitation entre les usages m\u00e9dicaux et l\u2019accueil du public. Cela passe par une gestion fine des horaires et des capacit\u00e9s.<\/p>\n<div id=\"crieu-2318375058\" class=\"crieu-apres-le-contenu crieu-entity-placement\" style=\"margin-left: auto;margin-right: auto;text-align: center;\"><script async src=\"\/\/pagead2.googlesyndication.com\/pagead\/js\/adsbygoogle.js?client=ca-pub-5271584769416742\" crossorigin=\"anonymous\"><\/script><ins class=\"adsbygoogle\" style=\"display:block;\" data-ad-client=\"ca-pub-5271584769416742\" \ndata-ad-slot=\"9321250718\" \ndata-ad-format=\"auto\"><\/ins>\n<script> \n(adsbygoogle = window.adsbygoogle || []).push({}); \n<\/script>\n<\/div>","protected":false},"excerpt":{"rendered":"<p>Bonne nouvelle pour les habitants : la piscine th\u00e9rapeutique du Felix Platter-Spital continuera d\u2019accueillir le public. Une d\u00e9cision valid\u00e9e politiquement, qui confirme le r\u00f4le hybride de cette infrastructure, \u00e0 la <a href=\"https:\/\/bale.ch\/journal\/lpiscine-therapeutique-felix-platter-ouverte-public\/\" class=\"read-more button-fancy -red\"><span class=\"btn-arrow\"><\/span><span class=\"twp-read-more text\">Continuer la lecture<\/span><\/a><\/p>\n","protected":false},"author":2,"featured_media":3988,"comment_status":"closed","ping_status":"closed","sticky":false,"template":"","format":"standard","meta":{"footnotes":""},"categories":[103,7],"tags":[60],"class_list":["post-3986","post","type-post","status-publish","format-standard","has-post-thumbnail","hentry","category-actu","category-bale","tag-bale"],"yoast_head":"<!-- This site is optimized with the Yoast SEO plugin v28.3 - https:\/\/yoast.com\/product\/yoast-seo-wordpress\/ -->\n<title>La piscine th\u00e9rapeutique Felix Platter \u00e0 B\u00e2le reste ouverte au public - Journal de B\u00e2le et Gen\u00e8ve<\/title>\n<meta name=\"description\" content=\"la piscine th\u00e9rapeutique du Felix Platter-Spital continuera d\u2019accueillir le public\" \/>\n<meta name=\"robots\" content=\"index, follow, max-snippet:-1, max-image-preview:large, max-video-preview:-1\" \/>\n<link rel=\"canonical\" href=\"https:\/\/bale.ch\/journal\/lpiscine-therapeutique-felix-platter-ouverte-public\/\" \/>\n<meta property=\"og:locale\" content=\"fr_FR\" \/>\n<meta property=\"og:type\" content=\"article\" \/>\n<meta property=\"og:title\" content=\"La piscine th\u00e9rapeutique Felix Platter \u00e0 B\u00e2le reste ouverte au public - Journal de B\u00e2le et Gen\u00e8ve\" \/>\n<meta property=\"og:description\" content=\"la piscine th\u00e9rapeutique du Felix Platter-Spital continuera d\u2019accueillir le public\" \/>\n<meta property=\"og:url\" content=\"https:\/\/bale.ch\/journal\/lpiscine-therapeutique-felix-platter-ouverte-public\/\" \/>\n<meta property=\"og:site_name\" content=\"Journal de B\u00e2le et Gen\u00e8ve\" \/>\n<meta property=\"article:published_time\" content=\"2026-04-28T15:04:55+00:00\" \/>\n<meta property=\"article:modified_time\" content=\"2026-05-03T07:28:51+00:00\" \/>\n<meta property=\"og:image\" content=\"https:\/\/bale.ch\/journal\/wp-content\/uploads\/2026\/04\/journaldebale_image.png\" \/>\n\t<meta property=\"og:image:width\" content=\"1055\" \/>\n\t<meta property=\"og:image:height\" content=\"568\" \/>\n\t<meta property=\"og:image:type\" content=\"image\/png\" \/>\n<meta name=\"author\" content=\"La R\u00e9daction\" \/>\n<meta name=\"twitter:card\" content=\"summary_large_image\" \/>\n<meta name=\"twitter:label1\" content=\"\u00c9crit par\" \/>\n\t<meta name=\"twitter:data1\" content=\"La R\u00e9daction\" \/>\n\t<meta name=\"twitter:label2\" content=\"Dur\u00e9e de lecture estim\u00e9e\" \/>\n\t<meta name=\"twitter:data2\" content=\"3 minutes\" \/>\n<script type=\"application\/ld+json\" class=\"yoast-schema-graph\">{\"@context\":\"https:\\\/\\\/schema.org\",\"@graph\":[{\"@type\":\"Article\",\"@id\":\"https:\\\/\\\/bale.ch\\\/journal\\\/lpiscine-therapeutique-felix-platter-ouverte-public\\\/#article\",\"isPartOf\":{\"@id\":\"https:\\\/\\\/bale.ch\\\/journal\\\/lpiscine-therapeutique-felix-platter-ouverte-public\\\/\"},\"author\":{\"name\":\"La R\u00e9daction\",\"@id\":\"https:\\\/\\\/bale.ch\\\/journal\\\/#\\\/schema\\\/person\\\/03ced978db3b7a5274c5cef003f352f5\"},\"headline\":\"La piscine th\u00e9rapeutique Felix Platter \u00e0 B\u00e2le reste ouverte au public\",\"datePublished\":\"2026-04-28T15:04:55+00:00\",\"dateModified\":\"2026-05-03T07:28:51+00:00\",\"mainEntityOfPage\":{\"@id\":\"https:\\\/\\\/bale.ch\\\/journal\\\/lpiscine-therapeutique-felix-platter-ouverte-public\\\/\"},\"wordCount\":418,\"publisher\":{\"@id\":\"https:\\\/\\\/bale.ch\\\/journal\\\/#organization\"},\"image\":{\"@id\":\"https:\\\/\\\/bale.ch\\\/journal\\\/lpiscine-therapeutique-felix-platter-ouverte-public\\\/#primaryimage\"},\"thumbnailUrl\":\"https:\\\/\\\/bale.ch\\\/journal\\\/wp-content\\\/uploads\\\/2026\\\/04\\\/journaldebale_image.png\",\"keywords\":[\"B\u00e2le\"],\"articleSection\":[\"Actualit\u00e9s\",\"B\u00e2le Trinationale\"],\"inLanguage\":\"fr-FR\"},{\"@type\":\"WebPage\",\"@id\":\"https:\\\/\\\/bale.ch\\\/journal\\\/lpiscine-therapeutique-felix-platter-ouverte-public\\\/\",\"url\":\"https:\\\/\\\/bale.ch\\\/journal\\\/lpiscine-therapeutique-felix-platter-ouverte-public\\\/\",\"name\":\"La piscine th\u00e9rapeutique Felix Platter \u00e0 B\u00e2le reste ouverte au public - Journal de B\u00e2le et Gen\u00e8ve\",\"isPartOf\":{\"@id\":\"https:\\\/\\\/bale.ch\\\/journal\\\/#website\"},\"primaryImageOfPage\":{\"@id\":\"https:\\\/\\\/bale.ch\\\/journal\\\/lpiscine-therapeutique-felix-platter-ouverte-public\\\/#primaryimage\"},\"image\":{\"@id\":\"https:\\\/\\\/bale.ch\\\/journal\\\/lpiscine-therapeutique-felix-platter-ouverte-public\\\/#primaryimage\"},\"thumbnailUrl\":\"https:\\\/\\\/bale.ch\\\/journal\\\/wp-content\\\/uploads\\\/2026\\\/04\\\/journaldebale_image.png\",\"datePublished\":\"2026-04-28T15:04:55+00:00\",\"dateModified\":\"2026-05-03T07:28:51+00:00\",\"description\":\"la piscine th\u00e9rapeutique du Felix Platter-Spital continuera d\u2019accueillir le public\",\"breadcrumb\":{\"@id\":\"https:\\\/\\\/bale.ch\\\/journal\\\/lpiscine-therapeutique-felix-platter-ouverte-public\\\/#breadcrumb\"},\"inLanguage\":\"fr-FR\",\"potentialAction\":[{\"@type\":\"ReadAction\",\"target\":[\"https:\\\/\\\/bale.ch\\\/journal\\\/lpiscine-therapeutique-felix-platter-ouverte-public\\\/\"]}]},{\"@type\":\"ImageObject\",\"inLanguage\":\"fr-FR\",\"@id\":\"https:\\\/\\\/bale.ch\\\/journal\\\/lpiscine-therapeutique-felix-platter-ouverte-public\\\/#primaryimage\",\"url\":\"https:\\\/\\\/bale.ch\\\/journal\\\/wp-content\\\/uploads\\\/2026\\\/04\\\/journaldebale_image.png\",\"contentUrl\":\"https:\\\/\\\/bale.ch\\\/journal\\\/wp-content\\\/uploads\\\/2026\\\/04\\\/journaldebale_image.png\",\"width\":1055,\"height\":568},{\"@type\":\"BreadcrumbList\",\"@id\":\"https:\\\/\\\/bale.ch\\\/journal\\\/lpiscine-therapeutique-felix-platter-ouverte-public\\\/#breadcrumb\",\"itemListElement\":[{\"@type\":\"ListItem\",\"position\":1,\"name\":\"Accueil\",\"item\":\"https:\\\/\\\/bale.ch\\\/journal\\\/\"},{\"@type\":\"ListItem\",\"position\":2,\"name\":\"La piscine th\u00e9rapeutique Felix Platter \u00e0 B\u00e2le reste ouverte au public\"}]},{\"@type\":\"WebSite\",\"@id\":\"https:\\\/\\\/bale.ch\\\/journal\\\/#website\",\"url\":\"https:\\\/\\\/bale.ch\\\/journal\\\/\",\"name\":\"Journal de B\u00e2le et Gen\u00e8ve\",\"description\":\"M\u00e9dia transfrontalier d&#039;actualit\u00e9s - News\",\"publisher\":{\"@id\":\"https:\\\/\\\/bale.ch\\\/journal\\\/#organization\"},\"potentialAction\":[{\"@type\":\"SearchAction\",\"target\":{\"@type\":\"EntryPoint\",\"urlTemplate\":\"https:\\\/\\\/bale.ch\\\/journal\\\/?s={search_term_string}\"},\"query-input\":{\"@type\":\"PropertyValueSpecification\",\"valueRequired\":true,\"valueName\":\"search_term_string\"}}],\"inLanguage\":\"fr-FR\"},{\"@type\":\"Organization\",\"@id\":\"https:\\\/\\\/bale.ch\\\/journal\\\/#organization\",\"name\":\"Journal de B\u00e2le et Gen\u00e8ve\",\"url\":\"https:\\\/\\\/bale.ch\\\/journal\\\/\",\"logo\":{\"@type\":\"ImageObject\",\"inLanguage\":\"fr-FR\",\"@id\":\"https:\\\/\\\/bale.ch\\\/journal\\\/#\\\/schema\\\/logo\\\/image\\\/\",\"url\":\"https:\\\/\\\/bale.ch\\\/journal\\\/wp-content\\\/uploads\\\/2023\\\/07\\\/journaldebale_logo_2023_nb.png\",\"contentUrl\":\"https:\\\/\\\/bale.ch\\\/journal\\\/wp-content\\\/uploads\\\/2023\\\/07\\\/journaldebale_logo_2023_nb.png\",\"width\":371,\"height\":127,\"caption\":\"Journal de B\u00e2le et Gen\u00e8ve\"},\"image\":{\"@id\":\"https:\\\/\\\/bale.ch\\\/journal\\\/#\\\/schema\\\/logo\\\/image\\\/\"}},{\"@type\":\"Person\",\"@id\":\"https:\\\/\\\/bale.ch\\\/journal\\\/#\\\/schema\\\/person\\\/03ced978db3b7a5274c5cef003f352f5\",\"name\":\"La R\u00e9daction\",\"image\":{\"@type\":\"ImageObject\",\"inLanguage\":\"fr-FR\",\"@id\":\"https:\\\/\\\/secure.gravatar.com\\\/avatar\\\/d1327e2ce8d2b860112f968a3f34686c9bdda7a463a1502cdd1070ac9d88cf1e?s=96&d=mm&r=g\",\"url\":\"https:\\\/\\\/secure.gravatar.com\\\/avatar\\\/d1327e2ce8d2b860112f968a3f34686c9bdda7a463a1502cdd1070ac9d88cf1e?s=96&d=mm&r=g\",\"contentUrl\":\"https:\\\/\\\/secure.gravatar.com\\\/avatar\\\/d1327e2ce8d2b860112f968a3f34686c9bdda7a463a1502cdd1070ac9d88cf1e?s=96&d=mm&r=g\",\"caption\":\"La R\u00e9daction\"},\"url\":\"https:\\\/\\\/bale.ch\\\/journal\\\/author\\\/laredaction\\\/\"}]}<\/script>\n<!-- \/ Yoast SEO plugin. -->","yoast_head_json":{"title":"La piscine th\u00e9rapeutique Felix Platter \u00e0 B\u00e2le reste ouverte au public - Journal de B\u00e2le et Gen\u00e8ve","description":"la piscine th\u00e9rapeutique du Felix Platter-Spital continuera d\u2019accueillir le public","robots":{"index":"index","follow":"follow","max-snippet":"max-snippet:-1","max-image-preview":"max-image-preview:large","max-video-preview":"max-video-preview:-1"},"canonical":"https:\/\/bale.ch\/journal\/lpiscine-therapeutique-felix-platter-ouverte-public\/","og_locale":"fr_FR","og_type":"article","og_title":"La piscine th\u00e9rapeutique Felix Platter \u00e0 B\u00e2le reste ouverte au public - Journal de B\u00e2le et Gen\u00e8ve","og_description":"la piscine th\u00e9rapeutique du Felix Platter-Spital continuera d\u2019accueillir le public","og_url":"https:\/\/bale.ch\/journal\/lpiscine-therapeutique-felix-platter-ouverte-public\/","og_site_name":"Journal de B\u00e2le et Gen\u00e8ve","article_published_time":"2026-04-28T15:04:55+00:00","article_modified_time":"2026-05-03T07:28:51+00:00","og_image":[{"width":1055,"height":568,"url":"https:\/\/bale.ch\/journal\/wp-content\/uploads\/2026\/04\/journaldebale_image.png","type":"image\/png"}],"author":"La R\u00e9daction","twitter_card":"summary_large_image","twitter_misc":{"\u00c9crit par":"La R\u00e9daction","Dur\u00e9e de lecture estim\u00e9e":"3 minutes"},"schema":{"@context":"https:\/\/schema.org","@graph":[{"@type":"Article","@id":"https:\/\/bale.ch\/journal\/lpiscine-therapeutique-felix-platter-ouverte-public\/#article","isPartOf":{"@id":"https:\/\/bale.ch\/journal\/lpiscine-therapeutique-felix-platter-ouverte-public\/"},"author":{"name":"La R\u00e9daction","@id":"https:\/\/bale.ch\/journal\/#\/schema\/person\/03ced978db3b7a5274c5cef003f352f5"},"headline":"La piscine th\u00e9rapeutique Felix Platter \u00e0 B\u00e2le reste ouverte au public","datePublished":"2026-04-28T15:04:55+00:00","dateModified":"2026-05-03T07:28:51+00:00","mainEntityOfPage":{"@id":"https:\/\/bale.ch\/journal\/lpiscine-therapeutique-felix-platter-ouverte-public\/"},"wordCount":418,"publisher":{"@id":"https:\/\/bale.ch\/journal\/#organization"},"image":{"@id":"https:\/\/bale.ch\/journal\/lpiscine-therapeutique-felix-platter-ouverte-public\/#primaryimage"},"thumbnailUrl":"https:\/\/bale.ch\/journal\/wp-content\/uploads\/2026\/04\/journaldebale_image.png","keywords":["B\u00e2le"],"articleSection":["Actualit\u00e9s","B\u00e2le Trinationale"],"inLanguage":"fr-FR"},{"@type":"WebPage","@id":"https:\/\/bale.ch\/journal\/lpiscine-therapeutique-felix-platter-ouverte-public\/","url":"https:\/\/bale.ch\/journal\/lpiscine-therapeutique-felix-platter-ouverte-public\/","name":"La piscine th\u00e9rapeutique Felix Platter \u00e0 B\u00e2le reste ouverte au public - Journal de B\u00e2le et Gen\u00e8ve","isPartOf":{"@id":"https:\/\/bale.ch\/journal\/#website"},"primaryImageOfPage":{"@id":"https:\/\/bale.ch\/journal\/lpiscine-therapeutique-felix-platter-ouverte-public\/#primaryimage"},"image":{"@id":"https:\/\/bale.ch\/journal\/lpiscine-therapeutique-felix-platter-ouverte-public\/#primaryimage"},"thumbnailUrl":"https:\/\/bale.ch\/journal\/wp-content\/uploads\/2026\/04\/journaldebale_image.png","datePublished":"2026-04-28T15:04:55+00:00","dateModified":"2026-05-03T07:28:51+00:00","description":"la piscine th\u00e9rapeutique du Felix Platter-Spital continuera d\u2019accueillir le public","breadcrumb":{"@id":"https:\/\/bale.ch\/journal\/lpiscine-therapeutique-felix-platter-ouverte-public\/#breadcrumb"},"inLanguage":"fr-FR","potentialAction":[{"@type":"ReadAction","target":["https:\/\/bale.ch\/journal\/lpiscine-therapeutique-felix-platter-ouverte-public\/"]}]},{"@type":"ImageObject","inLanguage":"fr-FR","@id":"https:\/\/bale.ch\/journal\/lpiscine-therapeutique-felix-platter-ouverte-public\/#primaryimage","url":"https:\/\/bale.ch\/journal\/wp-content\/uploads\/2026\/04\/journaldebale_image.png","contentUrl":"https:\/\/bale.ch\/journal\/wp-content\/uploads\/2026\/04\/journaldebale_image.png","width":1055,"height":568},{"@type":"BreadcrumbList","@id":"https:\/\/bale.ch\/journal\/lpiscine-therapeutique-felix-platter-ouverte-public\/#breadcrumb","itemListElement":[{"@type":"ListItem","position":1,"name":"Accueil","item":"https:\/\/bale.ch\/journal\/"},{"@type":"ListItem","position":2,"name":"La piscine th\u00e9rapeutique Felix Platter \u00e0 B\u00e2le reste ouverte au public"}]},{"@type":"WebSite","@id":"https:\/\/bale.ch\/journal\/#website","url":"https:\/\/bale.ch\/journal\/","name":"Journal de B\u00e2le et Gen\u00e8ve","description":"M\u00e9dia transfrontalier d&#039;actualit\u00e9s - News","publisher":{"@id":"https:\/\/bale.ch\/journal\/#organization"},"potentialAction":[{"@type":"SearchAction","target":{"@type":"EntryPoint","urlTemplate":"https:\/\/bale.ch\/journal\/?s={search_term_string}"},"query-input":{"@type":"PropertyValueSpecification","valueRequired":true,"valueName":"search_term_string"}}],"inLanguage":"fr-FR"},{"@type":"Organization","@id":"https:\/\/bale.ch\/journal\/#organization","name":"Journal de B\u00e2le et Gen\u00e8ve","url":"https:\/\/bale.ch\/journal\/","logo":{"@type":"ImageObject","inLanguage":"fr-FR","@id":"https:\/\/bale.ch\/journal\/#\/schema\/logo\/image\/","url":"https:\/\/bale.ch\/journal\/wp-content\/uploads\/2023\/07\/journaldebale_logo_2023_nb.png","contentUrl":"https:\/\/bale.ch\/journal\/wp-content\/uploads\/2023\/07\/journaldebale_logo_2023_nb.png","width":371,"height":127,"caption":"Journal de B\u00e2le et Gen\u00e8ve"},"image":{"@id":"https:\/\/bale.ch\/journal\/#\/schema\/logo\/image\/"}},{"@type":"Person","@id":"https:\/\/bale.ch\/journal\/#\/schema\/person\/03ced978db3b7a5274c5cef003f352f5","name":"La R\u00e9daction","image":{"@type":"ImageObject","inLanguage":"fr-FR","@id":"https:\/\/secure.gravatar.com\/avatar\/d1327e2ce8d2b860112f968a3f34686c9bdda7a463a1502cdd1070ac9d88cf1e?s=96&d=mm&r=g","url":"https:\/\/secure.gravatar.com\/avatar\/d1327e2ce8d2b860112f968a3f34686c9bdda7a463a1502cdd1070ac9d88cf1e?s=96&d=mm&r=g","contentUrl":"https:\/\/secure.gravatar.com\/avatar\/d1327e2ce8d2b860112f968a3f34686c9bdda7a463a1502cdd1070ac9d88cf1e?s=96&d=mm&r=g","caption":"La R\u00e9daction"},"url":"https:\/\/bale.ch\/journal\/author\/laredaction\/"}]}},"_links":{"self":[{"href":"https:\/\/bale.ch\/journal\/wp-json\/wp\/v2\/posts\/3986","targetHints":{"allow":["GET"]}}],"collection":[{"href":"https:\/\/bale.ch\/journal\/wp-json\/wp\/v2\/posts"}],"about":[{"href":"https:\/\/bale.ch\/journal\/wp-json\/wp\/v2\/types\/post"}],"author":[{"embeddable":true,"href":"https:\/\/bale.ch\/journal\/wp-json\/wp\/v2\/users\/2"}],"replies":[{"embeddable":true,"href":"https:\/\/bale.ch\/journal\/wp-json\/wp\/v2\/comments?post=3986"}],"version-history":[{"count":1,"href":"https:\/\/bale.ch\/journal\/wp-json\/wp\/v2\/posts\/3986\/revisions"}],"predecessor-version":[{"id":3987,"href":"https:\/\/bale.ch\/journal\/wp-json\/wp\/v2\/posts\/3986\/revisions\/3987"}],"wp:featuredmedia":[{"embeddable":true,"href":"https:\/\/bale.ch\/journal\/wp-json\/wp\/v2\/media\/3988"}],"wp:attachment":[{"href":"https:\/\/bale.ch\/journal\/wp-json\/wp\/v2\/media?parent=3986"}],"wp:term":[{"taxonomy":"category","embeddable":true,"href":"https:\/\/bale.ch\/journal\/wp-json\/wp\/v2\/categories?post=3986"},{"taxonomy":"post_tag","embeddable":true,"href":"https:\/\/bale.ch\/journal\/wp-json\/wp\/v2\/tags?post=3986"}],"curies":[{"name":"wp","href":"https:\/\/api.w.org\/{rel}","templated":true}]}}