{"id":3989,"date":"2026-04-30T08:18:30","date_gmt":"2026-04-30T08:18:30","guid":{"rendered":"https:\/\/bale.ch\/journal\/?p=3989"},"modified":"2026-05-03T07:27:13","modified_gmt":"2026-05-03T07:27:13","slug":"cooperation-euroairport-euroregion-basiliensis-bale-mulhouse-freiburg","status":"publish","type":"post","link":"https:\/\/bale.ch\/journal\/cooperation-euroairport-euroregion-basiliensis-bale-mulhouse-freiburg\/","title":{"rendered":"Entre coop\u00e9ration et enjeux politiques: l\u2019EuroAirport au c\u0153ur des d\u00e9bats r\u00e9gionaux"},"content":{"rendered":"\n<p class=\"wp-block-paragraph\"><strong>\u00c0 l\u2019occasion de sa soixante-troisi\u00e8me assembl\u00e9e g\u00e9n\u00e9rale, l\u2019organisation Regio Basiliensis a mis en lumi\u00e8re les enjeux majeurs qui traversent la r\u00e9gion des Trois Pays. Au centre des discussions : l\u2019avenir des infrastructures de transport, le r\u00f4le strat\u00e9gique de l\u2019EuroAirport B\u00e2le-Mulhouse-Fribourg et les relations entre la Suisse et l\u2019Union europ\u00e9enne.<\/strong><\/p>\n\n\n\n<p class=\"wp-block-paragraph\">\u00c0 l\u2019heure o\u00f9 <strong>l\u2019a\u00e9roport c\u00e9l\u00e8bre ses huitante ans<\/strong>, les intervenants ont rappel\u00e9 son r\u00f4le central dans le fonctionnement de la r\u00e9gion. L\u2019EuroAirport constitue un exemple rare en Europe de coop\u00e9ration binationale entre la France et la Suisse, \u00e0 la fois plateforme de transport, moteur \u00e9conomique et important employeur.<\/p>\n\n\n\n<p class=\"wp-block-paragraph\">Lors d\u2019une table ronde r\u00e9unissant notamment le directeur de l\u2019a\u00e9roport, Tobias Markert, et le directeur de la Chambre de commerce des Deux-B\u00e2le, Martin D\u00e4twyler, plusieurs enjeux ont \u00e9t\u00e9 \u00e9voqu\u00e9s : le d\u00e9veloppement du fret, les perspectives de raccordement ferroviaire, mais aussi les relations avec les communes voisines et la soci\u00e9t\u00e9 civile.<\/p><div id=\"crieu-4285413815\" class=\"crieu-content crieu-entity-placement\"><script async src=\"\/\/pagead2.googlesyndication.com\/pagead\/js\/adsbygoogle.js?client=ca-pub-5271584769416742\" crossorigin=\"anonymous\"><\/script><ins class=\"adsbygoogle\" style=\"display:block;\" data-ad-client=\"ca-pub-5271584769416742\" \ndata-ad-slot=\"9321250718\" \ndata-ad-format=\"auto\"><\/ins>\n<script> \n(adsbygoogle = window.adsbygoogle || []).push({}); \n<\/script>\n<\/div>\n\n\n\n<p class=\"wp-block-paragraph\">Tous ont soulign\u00e9 la n\u00e9cessit\u00e9 de maintenir une coop\u00e9ration \u00e9troite pour garantir la comp\u00e9titivit\u00e9 internationale de la r\u00e9gion.<\/p>\n\n\n\n<h2 class=\"wp-block-heading\">Des transports au c\u0153ur du d\u00e9veloppement r\u00e9gional<\/h2>\n\n\n\n<p class=\"wp-block-paragraph\">Au-del\u00e0 de l\u2019a\u00e9roport, la question des infrastructures de transport a \u00e9t\u00e9 identifi\u00e9e comme un levier essentiel pour la mobilit\u00e9 et la croissance \u00e9conomique dans le Rhin sup\u00e9rieur. Dans cette r\u00e9gion fortement interconnect\u00e9e, les r\u00e9seaux de transport ne sont pas seulement des outils logistiques : ils incarnent concr\u00e8tement la coop\u00e9ration transfrontali\u00e8re.<\/p>\n\n\n\n<p class=\"wp-block-paragraph\">La fluidit\u00e9 des \u00e9changes entre la Suisse, la France et l\u2019Allemagne est en effet consid\u00e9r\u00e9e comme un facteur cl\u00e9 d\u2019attractivit\u00e9 pour les entreprises et les travailleurs.<\/p>\n\n\n\n<p class=\"wp-block-paragraph\">L\u2019assembl\u00e9e a \u00e9galement pris position sur un sujet plus politique : les relations entre la Suisse et l\u2019Union europ\u00e9enne.<\/p>\n\n\n\n<p class=\"wp-block-paragraph\">Sa pr\u00e9sidente, Kathrin Amacker, a insist\u00e9 sur leur importance pour l\u2019\u00e9conomie et la recherche, particuli\u00e8rement dans les r\u00e9gions frontali\u00e8res. L\u2019organisation soutient ainsi le paquet \u00ab Bilat\u00e9rales III \u00bb, adopt\u00e9 par le Conseil f\u00e9d\u00e9ral, qui vise \u00e0 stabiliser les relations avec l\u2019UE.<\/p>\n\n\n\n<p class=\"wp-block-paragraph\">Dans ce contexte, elle s\u2019oppose clairement \u00e0 l\u2019initiative populaire <em>\u00ab\u00a0Pas de Suisse \u00e0 10 millions\u00a0\u00bb<\/em>, soumise \u00e0 votation le 14 juin. Selon elle, cette initiative remet en cause la libre circulation des personnes, un pilier des relations bilat\u00e9rales et du dynamisme \u00e9conomique du pays.<\/p>\n\n\n\n<h2 class=\"wp-block-heading\">Favoriser le dialogue europ\u00e9en<\/h2>\n\n\n\n<p class=\"wp-block-paragraph\">Soucieuse de nourrir le d\u00e9bat public, la Regio Basiliensis a \u00e9galement lanc\u00e9 un nouveau format de discussion intitul\u00e9 <em>\u00ab\u00a0baseltalks \u2013 Parlons d\u2019Europe!\u00a0\u00bb<\/em>. Ce cycle de rencontres, dont la prochaine \u00e9dition est pr\u00e9vue le 29 octobre 2026, r\u00e9unira des acteurs politiques, \u00e9conomiques et culturels pour d\u00e9battre des enjeux europ\u00e9ens.<\/p>\n\n\n\n<p class=\"wp-block-paragraph\">Entre enjeux \u00e9conomiques, mobilit\u00e9 et d\u00e9bats politiques, cette assembl\u00e9e g\u00e9n\u00e9rale illustre les d\u00e9fis propres \u00e0 une r\u00e9gion transfrontali\u00e8re comme celle de B\u00e2le.<\/p>\n\n\n\n<p class=\"wp-block-paragraph\">\u00c0 la crois\u00e9e des int\u00e9r\u00eats nationaux et europ\u00e9ens, son d\u00e9veloppement d\u00e9pend plus que jamais de la qualit\u00e9 de la coop\u00e9ration entre ses diff\u00e9rents partenaires.<\/p>\n<div id=\"crieu-732643231\" class=\"crieu-apres-le-contenu crieu-entity-placement\" style=\"margin-left: auto;margin-right: auto;text-align: center;\"><script async src=\"\/\/pagead2.googlesyndication.com\/pagead\/js\/adsbygoogle.js?client=ca-pub-5271584769416742\" crossorigin=\"anonymous\"><\/script><ins class=\"adsbygoogle\" style=\"display:block;\" data-ad-client=\"ca-pub-5271584769416742\" \ndata-ad-slot=\"9321250718\" \ndata-ad-format=\"auto\"><\/ins>\n<script> \n(adsbygoogle = window.adsbygoogle || []).push({}); \n<\/script>\n<\/div>","protected":false},"excerpt":{"rendered":"<p>\u00c0 l\u2019occasion de sa soixante-troisi\u00e8me assembl\u00e9e g\u00e9n\u00e9rale, l\u2019organisation Regio Basiliensis a mis en lumi\u00e8re les enjeux majeurs qui traversent la r\u00e9gion des Trois Pays. Au centre des discussions : l\u2019avenir <a href=\"https:\/\/bale.ch\/journal\/cooperation-euroairport-euroregion-basiliensis-bale-mulhouse-freiburg\/\" class=\"read-more button-fancy -red\"><span class=\"btn-arrow\"><\/span><span class=\"twp-read-more text\">Continuer la lecture<\/span><\/a><\/p>\n","protected":false},"author":2,"featured_media":3990,"comment_status":"closed","ping_status":"closed","sticky":false,"template":"","format":"standard","meta":{"footnotes":""},"categories":[103,7],"tags":[72,60,125],"class_list":["post-3989","post","type-post","status-publish","format-standard","has-post-thumbnail","hentry","category-actu","category-bale","tag-aeroport","tag-bale","tag-euroairport"],"yoast_head":"<!-- This site is optimized with the Yoast SEO plugin v28.3 - https:\/\/yoast.com\/product\/yoast-seo-wordpress\/ -->\n<title>Entre coop\u00e9ration et enjeux politiques: l\u2019EuroAirport au c\u0153ur des d\u00e9bats r\u00e9gionaux - Journal de B\u00e2le et Gen\u00e8ve<\/title>\n<meta name=\"description\" content=\"Regio Basiliensis met en lumi\u00e8re les enjeux dans la r\u00e9gion des Trois Pays., comme l\u2019avenir des transports, le r\u00f4le de l\u2019a\u00e9roport de B\u00e2le-Mulhouse-Fribourg\" \/>\n<meta name=\"robots\" content=\"index, follow, max-snippet:-1, max-image-preview:large, max-video-preview:-1\" \/>\n<link rel=\"canonical\" href=\"https:\/\/bale.ch\/journal\/cooperation-euroairport-euroregion-basiliensis-bale-mulhouse-freiburg\/\" \/>\n<meta property=\"og:locale\" content=\"fr_FR\" \/>\n<meta property=\"og:type\" content=\"article\" \/>\n<meta property=\"og:title\" content=\"Entre coop\u00e9ration et enjeux politiques: l\u2019EuroAirport au c\u0153ur des d\u00e9bats r\u00e9gionaux - Journal de B\u00e2le et Gen\u00e8ve\" \/>\n<meta property=\"og:description\" content=\"Regio Basiliensis met en lumi\u00e8re les enjeux dans la r\u00e9gion des Trois Pays., comme l\u2019avenir des transports, le r\u00f4le de l\u2019a\u00e9roport de B\u00e2le-Mulhouse-Fribourg\" \/>\n<meta property=\"og:url\" content=\"https:\/\/bale.ch\/journal\/cooperation-euroairport-euroregion-basiliensis-bale-mulhouse-freiburg\/\" \/>\n<meta property=\"og:site_name\" content=\"Journal de B\u00e2le et Gen\u00e8ve\" \/>\n<meta property=\"article:published_time\" content=\"2026-04-30T08:18:30+00:00\" \/>\n<meta property=\"article:modified_time\" content=\"2026-05-03T07:27:13+00:00\" \/>\n<meta property=\"og:image\" content=\"https:\/\/bale.ch\/journal\/wp-content\/uploads\/2026\/04\/JUN_3818_JuriJunkov_RegioBasiliensis-scaled.jpg\" \/>\n\t<meta property=\"og:image:width\" content=\"2560\" \/>\n\t<meta property=\"og:image:height\" content=\"1707\" \/>\n\t<meta property=\"og:image:type\" content=\"image\/jpeg\" \/>\n<meta name=\"author\" content=\"La R\u00e9daction\" \/>\n<meta name=\"twitter:card\" content=\"summary_large_image\" \/>\n<meta name=\"twitter:label1\" content=\"\u00c9crit par\" \/>\n\t<meta name=\"twitter:data1\" content=\"La R\u00e9daction\" \/>\n\t<meta name=\"twitter:label2\" content=\"Dur\u00e9e de lecture estim\u00e9e\" \/>\n\t<meta name=\"twitter:data2\" content=\"3 minutes\" \/>\n<script type=\"application\/ld+json\" class=\"yoast-schema-graph\">{\"@context\":\"https:\\\/\\\/schema.org\",\"@graph\":[{\"@type\":\"Article\",\"@id\":\"https:\\\/\\\/bale.ch\\\/journal\\\/cooperation-euroairport-euroregion-basiliensis-bale-mulhouse-freiburg\\\/#article\",\"isPartOf\":{\"@id\":\"https:\\\/\\\/bale.ch\\\/journal\\\/cooperation-euroairport-euroregion-basiliensis-bale-mulhouse-freiburg\\\/\"},\"author\":{\"name\":\"La R\u00e9daction\",\"@id\":\"https:\\\/\\\/bale.ch\\\/journal\\\/#\\\/schema\\\/person\\\/03ced978db3b7a5274c5cef003f352f5\"},\"headline\":\"Entre coop\u00e9ration et enjeux politiques: l\u2019EuroAirport au c\u0153ur des d\u00e9bats r\u00e9gionaux\",\"datePublished\":\"2026-04-30T08:18:30+00:00\",\"dateModified\":\"2026-05-03T07:27:13+00:00\",\"mainEntityOfPage\":{\"@id\":\"https:\\\/\\\/bale.ch\\\/journal\\\/cooperation-euroairport-euroregion-basiliensis-bale-mulhouse-freiburg\\\/\"},\"wordCount\":541,\"publisher\":{\"@id\":\"https:\\\/\\\/bale.ch\\\/journal\\\/#organization\"},\"image\":{\"@id\":\"https:\\\/\\\/bale.ch\\\/journal\\\/cooperation-euroairport-euroregion-basiliensis-bale-mulhouse-freiburg\\\/#primaryimage\"},\"thumbnailUrl\":\"https:\\\/\\\/bale.ch\\\/journal\\\/wp-content\\\/uploads\\\/2026\\\/04\\\/JUN_3818_JuriJunkov_RegioBasiliensis-scaled.jpg\",\"keywords\":[\"A\u00e9roport\",\"B\u00e2le\",\"Euroairport\"],\"articleSection\":[\"Actualit\u00e9s\",\"B\u00e2le Trinationale\"],\"inLanguage\":\"fr-FR\"},{\"@type\":\"WebPage\",\"@id\":\"https:\\\/\\\/bale.ch\\\/journal\\\/cooperation-euroairport-euroregion-basiliensis-bale-mulhouse-freiburg\\\/\",\"url\":\"https:\\\/\\\/bale.ch\\\/journal\\\/cooperation-euroairport-euroregion-basiliensis-bale-mulhouse-freiburg\\\/\",\"name\":\"Entre coop\u00e9ration et enjeux politiques: l\u2019EuroAirport au c\u0153ur des d\u00e9bats r\u00e9gionaux - Journal de B\u00e2le et Gen\u00e8ve\",\"isPartOf\":{\"@id\":\"https:\\\/\\\/bale.ch\\\/journal\\\/#website\"},\"primaryImageOfPage\":{\"@id\":\"https:\\\/\\\/bale.ch\\\/journal\\\/cooperation-euroairport-euroregion-basiliensis-bale-mulhouse-freiburg\\\/#primaryimage\"},\"image\":{\"@id\":\"https:\\\/\\\/bale.ch\\\/journal\\\/cooperation-euroairport-euroregion-basiliensis-bale-mulhouse-freiburg\\\/#primaryimage\"},\"thumbnailUrl\":\"https:\\\/\\\/bale.ch\\\/journal\\\/wp-content\\\/uploads\\\/2026\\\/04\\\/JUN_3818_JuriJunkov_RegioBasiliensis-scaled.jpg\",\"datePublished\":\"2026-04-30T08:18:30+00:00\",\"dateModified\":\"2026-05-03T07:27:13+00:00\",\"description\":\"Regio Basiliensis met en lumi\u00e8re les enjeux dans la r\u00e9gion des Trois Pays., comme l\u2019avenir des transports, le r\u00f4le de l\u2019a\u00e9roport de B\u00e2le-Mulhouse-Fribourg\",\"breadcrumb\":{\"@id\":\"https:\\\/\\\/bale.ch\\\/journal\\\/cooperation-euroairport-euroregion-basiliensis-bale-mulhouse-freiburg\\\/#breadcrumb\"},\"inLanguage\":\"fr-FR\",\"potentialAction\":[{\"@type\":\"ReadAction\",\"target\":[\"https:\\\/\\\/bale.ch\\\/journal\\\/cooperation-euroairport-euroregion-basiliensis-bale-mulhouse-freiburg\\\/\"]}]},{\"@type\":\"ImageObject\",\"inLanguage\":\"fr-FR\",\"@id\":\"https:\\\/\\\/bale.ch\\\/journal\\\/cooperation-euroairport-euroregion-basiliensis-bale-mulhouse-freiburg\\\/#primaryimage\",\"url\":\"https:\\\/\\\/bale.ch\\\/journal\\\/wp-content\\\/uploads\\\/2026\\\/04\\\/JUN_3818_JuriJunkov_RegioBasiliensis-scaled.jpg\",\"contentUrl\":\"https:\\\/\\\/bale.ch\\\/journal\\\/wp-content\\\/uploads\\\/2026\\\/04\\\/JUN_3818_JuriJunkov_RegioBasiliensis-scaled.jpg\",\"width\":2560,\"height\":1707,\"caption\":\"GV-Regio Basiliensis 2026, Foto Juri Junkov, Pestalozzistra\u00dfe 53, 79540 L\u00f6rrach, Mobil: +49 171 7410128, fotodesign@junkov.com, www.junkov.com\"},{\"@type\":\"BreadcrumbList\",\"@id\":\"https:\\\/\\\/bale.ch\\\/journal\\\/cooperation-euroairport-euroregion-basiliensis-bale-mulhouse-freiburg\\\/#breadcrumb\",\"itemListElement\":[{\"@type\":\"ListItem\",\"position\":1,\"name\":\"Accueil\",\"item\":\"https:\\\/\\\/bale.ch\\\/journal\\\/\"},{\"@type\":\"ListItem\",\"position\":2,\"name\":\"Entre coop\u00e9ration et enjeux politiques: l\u2019EuroAirport au c\u0153ur des d\u00e9bats r\u00e9gionaux\"}]},{\"@type\":\"WebSite\",\"@id\":\"https:\\\/\\\/bale.ch\\\/journal\\\/#website\",\"url\":\"https:\\\/\\\/bale.ch\\\/journal\\\/\",\"name\":\"Journal de B\u00e2le et Gen\u00e8ve\",\"description\":\"M\u00e9dia transfrontalier d&#039;actualit\u00e9s - News\",\"publisher\":{\"@id\":\"https:\\\/\\\/bale.ch\\\/journal\\\/#organization\"},\"potentialAction\":[{\"@type\":\"SearchAction\",\"target\":{\"@type\":\"EntryPoint\",\"urlTemplate\":\"https:\\\/\\\/bale.ch\\\/journal\\\/?s={search_term_string}\"},\"query-input\":{\"@type\":\"PropertyValueSpecification\",\"valueRequired\":true,\"valueName\":\"search_term_string\"}}],\"inLanguage\":\"fr-FR\"},{\"@type\":\"Organization\",\"@id\":\"https:\\\/\\\/bale.ch\\\/journal\\\/#organization\",\"name\":\"Journal de B\u00e2le et Gen\u00e8ve\",\"url\":\"https:\\\/\\\/bale.ch\\\/journal\\\/\",\"logo\":{\"@type\":\"ImageObject\",\"inLanguage\":\"fr-FR\",\"@id\":\"https:\\\/\\\/bale.ch\\\/journal\\\/#\\\/schema\\\/logo\\\/image\\\/\",\"url\":\"https:\\\/\\\/bale.ch\\\/journal\\\/wp-content\\\/uploads\\\/2023\\\/07\\\/journaldebale_logo_2023_nb.png\",\"contentUrl\":\"https:\\\/\\\/bale.ch\\\/journal\\\/wp-content\\\/uploads\\\/2023\\\/07\\\/journaldebale_logo_2023_nb.png\",\"width\":371,\"height\":127,\"caption\":\"Journal de B\u00e2le et Gen\u00e8ve\"},\"image\":{\"@id\":\"https:\\\/\\\/bale.ch\\\/journal\\\/#\\\/schema\\\/logo\\\/image\\\/\"}},{\"@type\":\"Person\",\"@id\":\"https:\\\/\\\/bale.ch\\\/journal\\\/#\\\/schema\\\/person\\\/03ced978db3b7a5274c5cef003f352f5\",\"name\":\"La R\u00e9daction\",\"image\":{\"@type\":\"ImageObject\",\"inLanguage\":\"fr-FR\",\"@id\":\"https:\\\/\\\/secure.gravatar.com\\\/avatar\\\/d1327e2ce8d2b860112f968a3f34686c9bdda7a463a1502cdd1070ac9d88cf1e?s=96&d=mm&r=g\",\"url\":\"https:\\\/\\\/secure.gravatar.com\\\/avatar\\\/d1327e2ce8d2b860112f968a3f34686c9bdda7a463a1502cdd1070ac9d88cf1e?s=96&d=mm&r=g\",\"contentUrl\":\"https:\\\/\\\/secure.gravatar.com\\\/avatar\\\/d1327e2ce8d2b860112f968a3f34686c9bdda7a463a1502cdd1070ac9d88cf1e?s=96&d=mm&r=g\",\"caption\":\"La R\u00e9daction\"},\"url\":\"https:\\\/\\\/bale.ch\\\/journal\\\/author\\\/laredaction\\\/\"}]}<\/script>\n<!-- \/ Yoast SEO plugin. -->","yoast_head_json":{"title":"Entre coop\u00e9ration et enjeux politiques: l\u2019EuroAirport au c\u0153ur des d\u00e9bats r\u00e9gionaux - Journal de B\u00e2le et Gen\u00e8ve","description":"Regio Basiliensis met en lumi\u00e8re les enjeux dans la r\u00e9gion des Trois Pays., comme l\u2019avenir des transports, le r\u00f4le de l\u2019a\u00e9roport de B\u00e2le-Mulhouse-Fribourg","robots":{"index":"index","follow":"follow","max-snippet":"max-snippet:-1","max-image-preview":"max-image-preview:large","max-video-preview":"max-video-preview:-1"},"canonical":"https:\/\/bale.ch\/journal\/cooperation-euroairport-euroregion-basiliensis-bale-mulhouse-freiburg\/","og_locale":"fr_FR","og_type":"article","og_title":"Entre coop\u00e9ration et enjeux politiques: l\u2019EuroAirport au c\u0153ur des d\u00e9bats r\u00e9gionaux - Journal de B\u00e2le et Gen\u00e8ve","og_description":"Regio Basiliensis met en lumi\u00e8re les enjeux dans la r\u00e9gion des Trois Pays., comme l\u2019avenir des transports, le r\u00f4le de l\u2019a\u00e9roport de B\u00e2le-Mulhouse-Fribourg","og_url":"https:\/\/bale.ch\/journal\/cooperation-euroairport-euroregion-basiliensis-bale-mulhouse-freiburg\/","og_site_name":"Journal de B\u00e2le et Gen\u00e8ve","article_published_time":"2026-04-30T08:18:30+00:00","article_modified_time":"2026-05-03T07:27:13+00:00","og_image":[{"width":2560,"height":1707,"url":"https:\/\/bale.ch\/journal\/wp-content\/uploads\/2026\/04\/JUN_3818_JuriJunkov_RegioBasiliensis-scaled.jpg","type":"image\/jpeg"}],"author":"La R\u00e9daction","twitter_card":"summary_large_image","twitter_misc":{"\u00c9crit par":"La R\u00e9daction","Dur\u00e9e de lecture estim\u00e9e":"3 minutes"},"schema":{"@context":"https:\/\/schema.org","@graph":[{"@type":"Article","@id":"https:\/\/bale.ch\/journal\/cooperation-euroairport-euroregion-basiliensis-bale-mulhouse-freiburg\/#article","isPartOf":{"@id":"https:\/\/bale.ch\/journal\/cooperation-euroairport-euroregion-basiliensis-bale-mulhouse-freiburg\/"},"author":{"name":"La R\u00e9daction","@id":"https:\/\/bale.ch\/journal\/#\/schema\/person\/03ced978db3b7a5274c5cef003f352f5"},"headline":"Entre coop\u00e9ration et enjeux politiques: l\u2019EuroAirport au c\u0153ur des d\u00e9bats r\u00e9gionaux","datePublished":"2026-04-30T08:18:30+00:00","dateModified":"2026-05-03T07:27:13+00:00","mainEntityOfPage":{"@id":"https:\/\/bale.ch\/journal\/cooperation-euroairport-euroregion-basiliensis-bale-mulhouse-freiburg\/"},"wordCount":541,"publisher":{"@id":"https:\/\/bale.ch\/journal\/#organization"},"image":{"@id":"https:\/\/bale.ch\/journal\/cooperation-euroairport-euroregion-basiliensis-bale-mulhouse-freiburg\/#primaryimage"},"thumbnailUrl":"https:\/\/bale.ch\/journal\/wp-content\/uploads\/2026\/04\/JUN_3818_JuriJunkov_RegioBasiliensis-scaled.jpg","keywords":["A\u00e9roport","B\u00e2le","Euroairport"],"articleSection":["Actualit\u00e9s","B\u00e2le Trinationale"],"inLanguage":"fr-FR"},{"@type":"WebPage","@id":"https:\/\/bale.ch\/journal\/cooperation-euroairport-euroregion-basiliensis-bale-mulhouse-freiburg\/","url":"https:\/\/bale.ch\/journal\/cooperation-euroairport-euroregion-basiliensis-bale-mulhouse-freiburg\/","name":"Entre coop\u00e9ration et enjeux politiques: l\u2019EuroAirport au c\u0153ur des d\u00e9bats r\u00e9gionaux - Journal de B\u00e2le et Gen\u00e8ve","isPartOf":{"@id":"https:\/\/bale.ch\/journal\/#website"},"primaryImageOfPage":{"@id":"https:\/\/bale.ch\/journal\/cooperation-euroairport-euroregion-basiliensis-bale-mulhouse-freiburg\/#primaryimage"},"image":{"@id":"https:\/\/bale.ch\/journal\/cooperation-euroairport-euroregion-basiliensis-bale-mulhouse-freiburg\/#primaryimage"},"thumbnailUrl":"https:\/\/bale.ch\/journal\/wp-content\/uploads\/2026\/04\/JUN_3818_JuriJunkov_RegioBasiliensis-scaled.jpg","datePublished":"2026-04-30T08:18:30+00:00","dateModified":"2026-05-03T07:27:13+00:00","description":"Regio Basiliensis met en lumi\u00e8re les enjeux dans la r\u00e9gion des Trois Pays., comme l\u2019avenir des transports, le r\u00f4le de l\u2019a\u00e9roport de B\u00e2le-Mulhouse-Fribourg","breadcrumb":{"@id":"https:\/\/bale.ch\/journal\/cooperation-euroairport-euroregion-basiliensis-bale-mulhouse-freiburg\/#breadcrumb"},"inLanguage":"fr-FR","potentialAction":[{"@type":"ReadAction","target":["https:\/\/bale.ch\/journal\/cooperation-euroairport-euroregion-basiliensis-bale-mulhouse-freiburg\/"]}]},{"@type":"ImageObject","inLanguage":"fr-FR","@id":"https:\/\/bale.ch\/journal\/cooperation-euroairport-euroregion-basiliensis-bale-mulhouse-freiburg\/#primaryimage","url":"https:\/\/bale.ch\/journal\/wp-content\/uploads\/2026\/04\/JUN_3818_JuriJunkov_RegioBasiliensis-scaled.jpg","contentUrl":"https:\/\/bale.ch\/journal\/wp-content\/uploads\/2026\/04\/JUN_3818_JuriJunkov_RegioBasiliensis-scaled.jpg","width":2560,"height":1707,"caption":"GV-Regio Basiliensis 2026, Foto Juri Junkov, Pestalozzistra\u00dfe 53, 79540 L\u00f6rrach, Mobil: +49 171 7410128, fotodesign@junkov.com, www.junkov.com"},{"@type":"BreadcrumbList","@id":"https:\/\/bale.ch\/journal\/cooperation-euroairport-euroregion-basiliensis-bale-mulhouse-freiburg\/#breadcrumb","itemListElement":[{"@type":"ListItem","position":1,"name":"Accueil","item":"https:\/\/bale.ch\/journal\/"},{"@type":"ListItem","position":2,"name":"Entre coop\u00e9ration et enjeux politiques: l\u2019EuroAirport au c\u0153ur des d\u00e9bats r\u00e9gionaux"}]},{"@type":"WebSite","@id":"https:\/\/bale.ch\/journal\/#website","url":"https:\/\/bale.ch\/journal\/","name":"Journal de B\u00e2le et Gen\u00e8ve","description":"M\u00e9dia transfrontalier d&#039;actualit\u00e9s - News","publisher":{"@id":"https:\/\/bale.ch\/journal\/#organization"},"potentialAction":[{"@type":"SearchAction","target":{"@type":"EntryPoint","urlTemplate":"https:\/\/bale.ch\/journal\/?s={search_term_string}"},"query-input":{"@type":"PropertyValueSpecification","valueRequired":true,"valueName":"search_term_string"}}],"inLanguage":"fr-FR"},{"@type":"Organization","@id":"https:\/\/bale.ch\/journal\/#organization","name":"Journal de B\u00e2le et Gen\u00e8ve","url":"https:\/\/bale.ch\/journal\/","logo":{"@type":"ImageObject","inLanguage":"fr-FR","@id":"https:\/\/bale.ch\/journal\/#\/schema\/logo\/image\/","url":"https:\/\/bale.ch\/journal\/wp-content\/uploads\/2023\/07\/journaldebale_logo_2023_nb.png","contentUrl":"https:\/\/bale.ch\/journal\/wp-content\/uploads\/2023\/07\/journaldebale_logo_2023_nb.png","width":371,"height":127,"caption":"Journal de B\u00e2le et Gen\u00e8ve"},"image":{"@id":"https:\/\/bale.ch\/journal\/#\/schema\/logo\/image\/"}},{"@type":"Person","@id":"https:\/\/bale.ch\/journal\/#\/schema\/person\/03ced978db3b7a5274c5cef003f352f5","name":"La R\u00e9daction","image":{"@type":"ImageObject","inLanguage":"fr-FR","@id":"https:\/\/secure.gravatar.com\/avatar\/d1327e2ce8d2b860112f968a3f34686c9bdda7a463a1502cdd1070ac9d88cf1e?s=96&d=mm&r=g","url":"https:\/\/secure.gravatar.com\/avatar\/d1327e2ce8d2b860112f968a3f34686c9bdda7a463a1502cdd1070ac9d88cf1e?s=96&d=mm&r=g","contentUrl":"https:\/\/secure.gravatar.com\/avatar\/d1327e2ce8d2b860112f968a3f34686c9bdda7a463a1502cdd1070ac9d88cf1e?s=96&d=mm&r=g","caption":"La R\u00e9daction"},"url":"https:\/\/bale.ch\/journal\/author\/laredaction\/"}]}},"_links":{"self":[{"href":"https:\/\/bale.ch\/journal\/wp-json\/wp\/v2\/posts\/3989","targetHints":{"allow":["GET"]}}],"collection":[{"href":"https:\/\/bale.ch\/journal\/wp-json\/wp\/v2\/posts"}],"about":[{"href":"https:\/\/bale.ch\/journal\/wp-json\/wp\/v2\/types\/post"}],"author":[{"embeddable":true,"href":"https:\/\/bale.ch\/journal\/wp-json\/wp\/v2\/users\/2"}],"replies":[{"embeddable":true,"href":"https:\/\/bale.ch\/journal\/wp-json\/wp\/v2\/comments?post=3989"}],"version-history":[{"count":3,"href":"https:\/\/bale.ch\/journal\/wp-json\/wp\/v2\/posts\/3989\/revisions"}],"predecessor-version":[{"id":3998,"href":"https:\/\/bale.ch\/journal\/wp-json\/wp\/v2\/posts\/3989\/revisions\/3998"}],"wp:featuredmedia":[{"embeddable":true,"href":"https:\/\/bale.ch\/journal\/wp-json\/wp\/v2\/media\/3990"}],"wp:attachment":[{"href":"https:\/\/bale.ch\/journal\/wp-json\/wp\/v2\/media?parent=3989"}],"wp:term":[{"taxonomy":"category","embeddable":true,"href":"https:\/\/bale.ch\/journal\/wp-json\/wp\/v2\/categories?post=3989"},{"taxonomy":"post_tag","embeddable":true,"href":"https:\/\/bale.ch\/journal\/wp-json\/wp\/v2\/tags?post=3989"}],"curies":[{"name":"wp","href":"https:\/\/api.w.org\/{rel}","templated":true}]}}