{"id":3993,"date":"2026-05-01T15:00:59","date_gmt":"2026-05-01T15:00:59","guid":{"rendered":"https:\/\/bale.ch\/journal\/?p=3993"},"modified":"2026-05-03T07:28:14","modified_gmt":"2026-05-03T07:28:14","slug":"un-dreiland-spaziergang-pour-celebrer-leurope-au-coeur-des-trois-frontieres","status":"publish","type":"post","link":"https:\/\/bale.ch\/journal\/un-dreiland-spaziergang-pour-celebrer-leurope-au-coeur-des-trois-frontieres\/","title":{"rendered":"Un \u201cDreiland-Spaziergang\u201d pour c\u00e9l\u00e9brer l\u2019Europe au c\u0153ur des trois fronti\u00e8res"},"content":{"rendered":"\n<p class=\"wp-block-paragraph\"><em>B\u00e2le \/ Huningue \/ Weil am Rhein<\/em> \u2014 <strong>\u00c0 l\u2019occasion de la Journ\u00e9e de l\u2019Europe, le 9 mai 2026, une initiative originale invite les habitants de la r\u00e9gion des trois fronti\u00e8res \u00e0 parcourir concr\u00e8tement ce territoire transfrontalier. Baptis\u00e9e \u00ab\u00a0Dreiland-Spaziergang\u00a0\u00bb, cette promenade trinationale propose de relier \u00e0 pied la Suisse, la France et l\u2019Allemagne le long du Rhin, dans une d\u00e9marche \u00e0 la fois conviviale et symbolique.<\/strong><\/p>\n\n\n\n<p class=\"wp-block-paragraph\">Le parcours, d\u2019environ quatre kilom\u00e8tres, d\u00e9butera \u00e0 Dreirosenbr\u00fccke pour rejoindre Weil am Rhein, en passant par Huningue. Accessible \u00e0 tous et sans inscription, la marche se d\u00e9roulera entre 10h et 14h et s\u2019ach\u00e8vera au Rheinpark, \u00e0 proximit\u00e9 de la passerelle des Trois Pays.<\/p>\n\n\n\n<p class=\"wp-block-paragraph\">Plus qu\u2019une simple balade, l\u2019\u00e9v\u00e9nement se veut une immersion dans l\u2019histoire et la r\u00e9alit\u00e9 contemporaine du Rhin sup\u00e9rieur. Tout au long du trajet, six \u00e9tapes permettront d\u2019aborder diff\u00e9rents aspects de cette r\u00e9gion singuli\u00e8re, o\u00f9 les fronti\u00e8res ont tour \u00e0 tour s\u00e9par\u00e9 et rapproch\u00e9 les populations. Intervenants locaux, historiens et acteurs du territoire proposeront des \u00e9clairages sur les p\u00e9riodes de fermeture des fronti\u00e8res, les dynamiques actuelles de coop\u00e9ration et les projets urbains en cours, notamment autour du d\u00e9veloppement du secteur \u00ab 3Land \u00bb.<\/p><div id=\"crieu-224336489\" class=\"crieu-content crieu-entity-placement\"><script async src=\"\/\/pagead2.googlesyndication.com\/pagead\/js\/adsbygoogle.js?client=ca-pub-5271584769416742\" crossorigin=\"anonymous\"><\/script><ins class=\"adsbygoogle\" style=\"display:block;\" data-ad-client=\"ca-pub-5271584769416742\" \ndata-ad-slot=\"9321250718\" \ndata-ad-format=\"auto\"><\/ins>\n<script> \n(adsbygoogle = window.adsbygoogle || []).push({}); \n<\/script>\n<\/div>\n\n\n\n<p class=\"wp-block-paragraph\">La manifestation rendra \u00e9galement hommage \u00e0 Johann Peter Hebel, figure importante de la culture r\u00e9gionale, \u00e0 l\u2019occasion du bicentenaire de sa disparition. Une mani\u00e8re de rappeler que l\u2019identit\u00e9 du territoire s\u2019est construite bien au-del\u00e0 des fronti\u00e8res nationales.<\/p>\n\n\n\n<p class=\"wp-block-paragraph\">Organis\u00e9 avec le soutien de plusieurs acteurs transfrontaliers, dont la Regio Basiliensis et la Europa-Union L\u00f6rrach, l\u2019\u00e9v\u00e9nement porte aussi un message politique. Dans une r\u00e9gion o\u00f9 les habitants franchissent quotidiennement les fronti\u00e8res pour travailler, \u00e9tudier ou se d\u00e9placer, il entend illustrer concr\u00e8tement ce que signifie la coop\u00e9ration europ\u00e9enne.<\/p>\n\n\n\n<p class=\"wp-block-paragraph\">Plusieurs personnalit\u00e9s publiques sont attendues, soulignant l\u2019importance accord\u00e9e \u00e0 cette initiative. La promenade se conclura par un ap\u00e9ritif trinational, moment d\u2019\u00e9change et de convivialit\u00e9 entre participants venus des trois pays.<\/p>\n\n\n\n<p class=\"wp-block-paragraph\">Dans ce territoire o\u00f9 l\u2019Europe se vit au quotidien, cette marche le long du Rhin appara\u00eet comme une mani\u00e8re simple mais forte de rappeler que les fronti\u00e8res, si elles existent toujours, peuvent aussi devenir des points de rencontre.<br><br>Toutes les infos sur <a href=\"https:\/\/eu-loerrach.eu\/termin\/grenzenlose-vielfalt-dreiland-spaziergang-am-rhein\/\"><strong>eu-loerrach.eu<\/strong><\/a><\/p>\n<div id=\"crieu-3411192096\" class=\"crieu-apres-le-contenu crieu-entity-placement\" style=\"margin-left: auto;margin-right: auto;text-align: center;\"><script async src=\"\/\/pagead2.googlesyndication.com\/pagead\/js\/adsbygoogle.js?client=ca-pub-5271584769416742\" crossorigin=\"anonymous\"><\/script><ins class=\"adsbygoogle\" style=\"display:block;\" data-ad-client=\"ca-pub-5271584769416742\" \ndata-ad-slot=\"9321250718\" \ndata-ad-format=\"auto\"><\/ins>\n<script> \n(adsbygoogle = window.adsbygoogle || []).push({}); \n<\/script>\n<\/div>","protected":false},"excerpt":{"rendered":"<p>B\u00e2le \/ Huningue \/ Weil am Rhein \u2014 \u00c0 l\u2019occasion de la Journ\u00e9e de l\u2019Europe, le 9 mai 2026, une initiative originale invite les habitants de la r\u00e9gion des trois <a href=\"https:\/\/bale.ch\/journal\/un-dreiland-spaziergang-pour-celebrer-leurope-au-coeur-des-trois-frontieres\/\" class=\"read-more button-fancy -red\"><span class=\"btn-arrow\"><\/span><span class=\"twp-read-more text\">Continuer la lecture<\/span><\/a><\/p>\n","protected":false},"author":2,"featured_media":3994,"comment_status":"closed","ping_status":"closed","sticky":false,"template":"","format":"standard","meta":{"footnotes":""},"categories":[103,7],"tags":[60,123,238,261,269],"class_list":["post-3993","post","type-post","status-publish","format-standard","has-post-thumbnail","hentry","category-actu","category-bale","tag-bale","tag-basel","tag-huningue","tag-lorrach","tag-weil-am-rhein"],"yoast_head":"<!-- This site is optimized with the Yoast SEO plugin v28.3 - https:\/\/yoast.com\/product\/yoast-seo-wordpress\/ -->\n<title>Un \u201cDreiland-Spaziergang\u201d pour c\u00e9l\u00e9brer l\u2019Europe au c\u0153ur des trois fronti\u00e8res - Journal de B\u00e2le et Gen\u00e8ve<\/title>\n<meta name=\"description\" content=\"B\u00e2le, Huningue, Weil am Rhein: une promenade trinationale propose de relier \u00e0 pied la Suisse, la France et l\u2019Allemagne le long du Rhin\" \/>\n<meta name=\"robots\" content=\"index, follow, max-snippet:-1, max-image-preview:large, max-video-preview:-1\" \/>\n<link rel=\"canonical\" href=\"https:\/\/bale.ch\/journal\/un-dreiland-spaziergang-pour-celebrer-leurope-au-coeur-des-trois-frontieres\/\" \/>\n<meta property=\"og:locale\" content=\"fr_FR\" \/>\n<meta property=\"og:type\" content=\"article\" \/>\n<meta property=\"og:title\" content=\"Un \u201cDreiland-Spaziergang\u201d pour c\u00e9l\u00e9brer l\u2019Europe au c\u0153ur des trois fronti\u00e8res - Journal de B\u00e2le et Gen\u00e8ve\" \/>\n<meta property=\"og:description\" content=\"B\u00e2le, Huningue, Weil am Rhein: une promenade trinationale propose de relier \u00e0 pied la Suisse, la France et l\u2019Allemagne le long du Rhin\" \/>\n<meta property=\"og:url\" content=\"https:\/\/bale.ch\/journal\/un-dreiland-spaziergang-pour-celebrer-leurope-au-coeur-des-trois-frontieres\/\" \/>\n<meta property=\"og:site_name\" content=\"Journal de B\u00e2le et Gen\u00e8ve\" \/>\n<meta property=\"article:published_time\" content=\"2026-05-01T15:00:59+00:00\" \/>\n<meta property=\"article:modified_time\" content=\"2026-05-03T07:28:14+00:00\" \/>\n<meta property=\"og:image\" content=\"https:\/\/bale.ch\/journal\/wp-content\/uploads\/2026\/05\/Weil_am_Rhein_-_Dreilanderbrucke10.jpg\" \/>\n\t<meta property=\"og:image:width\" content=\"2496\" \/>\n\t<meta property=\"og:image:height\" content=\"1704\" \/>\n\t<meta property=\"og:image:type\" content=\"image\/jpeg\" \/>\n<meta name=\"author\" content=\"La R\u00e9daction\" \/>\n<meta name=\"twitter:card\" content=\"summary_large_image\" \/>\n<meta name=\"twitter:label1\" content=\"\u00c9crit par\" \/>\n\t<meta name=\"twitter:data1\" content=\"La R\u00e9daction\" \/>\n\t<meta name=\"twitter:label2\" content=\"Dur\u00e9e de lecture estim\u00e9e\" \/>\n\t<meta name=\"twitter:data2\" content=\"2 minutes\" \/>\n<script type=\"application\/ld+json\" class=\"yoast-schema-graph\">{\"@context\":\"https:\\\/\\\/schema.org\",\"@graph\":[{\"@type\":\"Article\",\"@id\":\"https:\\\/\\\/bale.ch\\\/journal\\\/un-dreiland-spaziergang-pour-celebrer-leurope-au-coeur-des-trois-frontieres\\\/#article\",\"isPartOf\":{\"@id\":\"https:\\\/\\\/bale.ch\\\/journal\\\/un-dreiland-spaziergang-pour-celebrer-leurope-au-coeur-des-trois-frontieres\\\/\"},\"author\":{\"name\":\"La R\u00e9daction\",\"@id\":\"https:\\\/\\\/bale.ch\\\/journal\\\/#\\\/schema\\\/person\\\/03ced978db3b7a5274c5cef003f352f5\"},\"headline\":\"Un \u201cDreiland-Spaziergang\u201d pour c\u00e9l\u00e9brer l\u2019Europe au c\u0153ur des trois fronti\u00e8res\",\"datePublished\":\"2026-05-01T15:00:59+00:00\",\"dateModified\":\"2026-05-03T07:28:14+00:00\",\"mainEntityOfPage\":{\"@id\":\"https:\\\/\\\/bale.ch\\\/journal\\\/un-dreiland-spaziergang-pour-celebrer-leurope-au-coeur-des-trois-frontieres\\\/\"},\"wordCount\":404,\"publisher\":{\"@id\":\"https:\\\/\\\/bale.ch\\\/journal\\\/#organization\"},\"image\":{\"@id\":\"https:\\\/\\\/bale.ch\\\/journal\\\/un-dreiland-spaziergang-pour-celebrer-leurope-au-coeur-des-trois-frontieres\\\/#primaryimage\"},\"thumbnailUrl\":\"https:\\\/\\\/bale.ch\\\/journal\\\/wp-content\\\/uploads\\\/2026\\\/05\\\/Weil_am_Rhein_-_Dreilanderbrucke10.jpg\",\"keywords\":[\"B\u00e2le\",\"Basel\",\"Huningue\",\"L\u00f6rrach\",\"Weil am Rhein\"],\"articleSection\":[\"Actualit\u00e9s\",\"B\u00e2le Trinationale\"],\"inLanguage\":\"fr-FR\"},{\"@type\":\"WebPage\",\"@id\":\"https:\\\/\\\/bale.ch\\\/journal\\\/un-dreiland-spaziergang-pour-celebrer-leurope-au-coeur-des-trois-frontieres\\\/\",\"url\":\"https:\\\/\\\/bale.ch\\\/journal\\\/un-dreiland-spaziergang-pour-celebrer-leurope-au-coeur-des-trois-frontieres\\\/\",\"name\":\"Un \u201cDreiland-Spaziergang\u201d pour c\u00e9l\u00e9brer l\u2019Europe au c\u0153ur des trois fronti\u00e8res - Journal de B\u00e2le et Gen\u00e8ve\",\"isPartOf\":{\"@id\":\"https:\\\/\\\/bale.ch\\\/journal\\\/#website\"},\"primaryImageOfPage\":{\"@id\":\"https:\\\/\\\/bale.ch\\\/journal\\\/un-dreiland-spaziergang-pour-celebrer-leurope-au-coeur-des-trois-frontieres\\\/#primaryimage\"},\"image\":{\"@id\":\"https:\\\/\\\/bale.ch\\\/journal\\\/un-dreiland-spaziergang-pour-celebrer-leurope-au-coeur-des-trois-frontieres\\\/#primaryimage\"},\"thumbnailUrl\":\"https:\\\/\\\/bale.ch\\\/journal\\\/wp-content\\\/uploads\\\/2026\\\/05\\\/Weil_am_Rhein_-_Dreilanderbrucke10.jpg\",\"datePublished\":\"2026-05-01T15:00:59+00:00\",\"dateModified\":\"2026-05-03T07:28:14+00:00\",\"description\":\"B\u00e2le, Huningue, Weil am Rhein: une promenade trinationale propose de relier \u00e0 pied la Suisse, la France et l\u2019Allemagne le long du Rhin\",\"breadcrumb\":{\"@id\":\"https:\\\/\\\/bale.ch\\\/journal\\\/un-dreiland-spaziergang-pour-celebrer-leurope-au-coeur-des-trois-frontieres\\\/#breadcrumb\"},\"inLanguage\":\"fr-FR\",\"potentialAction\":[{\"@type\":\"ReadAction\",\"target\":[\"https:\\\/\\\/bale.ch\\\/journal\\\/un-dreiland-spaziergang-pour-celebrer-leurope-au-coeur-des-trois-frontieres\\\/\"]}]},{\"@type\":\"ImageObject\",\"inLanguage\":\"fr-FR\",\"@id\":\"https:\\\/\\\/bale.ch\\\/journal\\\/un-dreiland-spaziergang-pour-celebrer-leurope-au-coeur-des-trois-frontieres\\\/#primaryimage\",\"url\":\"https:\\\/\\\/bale.ch\\\/journal\\\/wp-content\\\/uploads\\\/2026\\\/05\\\/Weil_am_Rhein_-_Dreilanderbrucke10.jpg\",\"contentUrl\":\"https:\\\/\\\/bale.ch\\\/journal\\\/wp-content\\\/uploads\\\/2026\\\/05\\\/Weil_am_Rhein_-_Dreilanderbrucke10.jpg\",\"width\":2496,\"height\":1704,\"caption\":\"Copyleft Wladyslaw\"},{\"@type\":\"BreadcrumbList\",\"@id\":\"https:\\\/\\\/bale.ch\\\/journal\\\/un-dreiland-spaziergang-pour-celebrer-leurope-au-coeur-des-trois-frontieres\\\/#breadcrumb\",\"itemListElement\":[{\"@type\":\"ListItem\",\"position\":1,\"name\":\"Accueil\",\"item\":\"https:\\\/\\\/bale.ch\\\/journal\\\/\"},{\"@type\":\"ListItem\",\"position\":2,\"name\":\"Un \u201cDreiland-Spaziergang\u201d pour c\u00e9l\u00e9brer l\u2019Europe au c\u0153ur des trois fronti\u00e8res\"}]},{\"@type\":\"WebSite\",\"@id\":\"https:\\\/\\\/bale.ch\\\/journal\\\/#website\",\"url\":\"https:\\\/\\\/bale.ch\\\/journal\\\/\",\"name\":\"Journal de B\u00e2le et Gen\u00e8ve\",\"description\":\"M\u00e9dia transfrontalier d&#039;actualit\u00e9s - News\",\"publisher\":{\"@id\":\"https:\\\/\\\/bale.ch\\\/journal\\\/#organization\"},\"potentialAction\":[{\"@type\":\"SearchAction\",\"target\":{\"@type\":\"EntryPoint\",\"urlTemplate\":\"https:\\\/\\\/bale.ch\\\/journal\\\/?s={search_term_string}\"},\"query-input\":{\"@type\":\"PropertyValueSpecification\",\"valueRequired\":true,\"valueName\":\"search_term_string\"}}],\"inLanguage\":\"fr-FR\"},{\"@type\":\"Organization\",\"@id\":\"https:\\\/\\\/bale.ch\\\/journal\\\/#organization\",\"name\":\"Journal de B\u00e2le et Gen\u00e8ve\",\"url\":\"https:\\\/\\\/bale.ch\\\/journal\\\/\",\"logo\":{\"@type\":\"ImageObject\",\"inLanguage\":\"fr-FR\",\"@id\":\"https:\\\/\\\/bale.ch\\\/journal\\\/#\\\/schema\\\/logo\\\/image\\\/\",\"url\":\"https:\\\/\\\/bale.ch\\\/journal\\\/wp-content\\\/uploads\\\/2023\\\/07\\\/journaldebale_logo_2023_nb.png\",\"contentUrl\":\"https:\\\/\\\/bale.ch\\\/journal\\\/wp-content\\\/uploads\\\/2023\\\/07\\\/journaldebale_logo_2023_nb.png\",\"width\":371,\"height\":127,\"caption\":\"Journal de B\u00e2le et Gen\u00e8ve\"},\"image\":{\"@id\":\"https:\\\/\\\/bale.ch\\\/journal\\\/#\\\/schema\\\/logo\\\/image\\\/\"}},{\"@type\":\"Person\",\"@id\":\"https:\\\/\\\/bale.ch\\\/journal\\\/#\\\/schema\\\/person\\\/03ced978db3b7a5274c5cef003f352f5\",\"name\":\"La R\u00e9daction\",\"image\":{\"@type\":\"ImageObject\",\"inLanguage\":\"fr-FR\",\"@id\":\"https:\\\/\\\/secure.gravatar.com\\\/avatar\\\/d1327e2ce8d2b860112f968a3f34686c9bdda7a463a1502cdd1070ac9d88cf1e?s=96&d=mm&r=g\",\"url\":\"https:\\\/\\\/secure.gravatar.com\\\/avatar\\\/d1327e2ce8d2b860112f968a3f34686c9bdda7a463a1502cdd1070ac9d88cf1e?s=96&d=mm&r=g\",\"contentUrl\":\"https:\\\/\\\/secure.gravatar.com\\\/avatar\\\/d1327e2ce8d2b860112f968a3f34686c9bdda7a463a1502cdd1070ac9d88cf1e?s=96&d=mm&r=g\",\"caption\":\"La R\u00e9daction\"},\"url\":\"https:\\\/\\\/bale.ch\\\/journal\\\/author\\\/laredaction\\\/\"}]}<\/script>\n<!-- \/ Yoast SEO plugin. -->","yoast_head_json":{"title":"Un \u201cDreiland-Spaziergang\u201d pour c\u00e9l\u00e9brer l\u2019Europe au c\u0153ur des trois fronti\u00e8res - Journal de B\u00e2le et Gen\u00e8ve","description":"B\u00e2le, Huningue, Weil am Rhein: une promenade trinationale propose de relier \u00e0 pied la Suisse, la France et l\u2019Allemagne le long du Rhin","robots":{"index":"index","follow":"follow","max-snippet":"max-snippet:-1","max-image-preview":"max-image-preview:large","max-video-preview":"max-video-preview:-1"},"canonical":"https:\/\/bale.ch\/journal\/un-dreiland-spaziergang-pour-celebrer-leurope-au-coeur-des-trois-frontieres\/","og_locale":"fr_FR","og_type":"article","og_title":"Un \u201cDreiland-Spaziergang\u201d pour c\u00e9l\u00e9brer l\u2019Europe au c\u0153ur des trois fronti\u00e8res - Journal de B\u00e2le et Gen\u00e8ve","og_description":"B\u00e2le, Huningue, Weil am Rhein: une promenade trinationale propose de relier \u00e0 pied la Suisse, la France et l\u2019Allemagne le long du Rhin","og_url":"https:\/\/bale.ch\/journal\/un-dreiland-spaziergang-pour-celebrer-leurope-au-coeur-des-trois-frontieres\/","og_site_name":"Journal de B\u00e2le et Gen\u00e8ve","article_published_time":"2026-05-01T15:00:59+00:00","article_modified_time":"2026-05-03T07:28:14+00:00","og_image":[{"width":2496,"height":1704,"url":"https:\/\/bale.ch\/journal\/wp-content\/uploads\/2026\/05\/Weil_am_Rhein_-_Dreilanderbrucke10.jpg","type":"image\/jpeg"}],"author":"La R\u00e9daction","twitter_card":"summary_large_image","twitter_misc":{"\u00c9crit par":"La R\u00e9daction","Dur\u00e9e de lecture estim\u00e9e":"2 minutes"},"schema":{"@context":"https:\/\/schema.org","@graph":[{"@type":"Article","@id":"https:\/\/bale.ch\/journal\/un-dreiland-spaziergang-pour-celebrer-leurope-au-coeur-des-trois-frontieres\/#article","isPartOf":{"@id":"https:\/\/bale.ch\/journal\/un-dreiland-spaziergang-pour-celebrer-leurope-au-coeur-des-trois-frontieres\/"},"author":{"name":"La R\u00e9daction","@id":"https:\/\/bale.ch\/journal\/#\/schema\/person\/03ced978db3b7a5274c5cef003f352f5"},"headline":"Un \u201cDreiland-Spaziergang\u201d pour c\u00e9l\u00e9brer l\u2019Europe au c\u0153ur des trois fronti\u00e8res","datePublished":"2026-05-01T15:00:59+00:00","dateModified":"2026-05-03T07:28:14+00:00","mainEntityOfPage":{"@id":"https:\/\/bale.ch\/journal\/un-dreiland-spaziergang-pour-celebrer-leurope-au-coeur-des-trois-frontieres\/"},"wordCount":404,"publisher":{"@id":"https:\/\/bale.ch\/journal\/#organization"},"image":{"@id":"https:\/\/bale.ch\/journal\/un-dreiland-spaziergang-pour-celebrer-leurope-au-coeur-des-trois-frontieres\/#primaryimage"},"thumbnailUrl":"https:\/\/bale.ch\/journal\/wp-content\/uploads\/2026\/05\/Weil_am_Rhein_-_Dreilanderbrucke10.jpg","keywords":["B\u00e2le","Basel","Huningue","L\u00f6rrach","Weil am Rhein"],"articleSection":["Actualit\u00e9s","B\u00e2le Trinationale"],"inLanguage":"fr-FR"},{"@type":"WebPage","@id":"https:\/\/bale.ch\/journal\/un-dreiland-spaziergang-pour-celebrer-leurope-au-coeur-des-trois-frontieres\/","url":"https:\/\/bale.ch\/journal\/un-dreiland-spaziergang-pour-celebrer-leurope-au-coeur-des-trois-frontieres\/","name":"Un \u201cDreiland-Spaziergang\u201d pour c\u00e9l\u00e9brer l\u2019Europe au c\u0153ur des trois fronti\u00e8res - Journal de B\u00e2le et Gen\u00e8ve","isPartOf":{"@id":"https:\/\/bale.ch\/journal\/#website"},"primaryImageOfPage":{"@id":"https:\/\/bale.ch\/journal\/un-dreiland-spaziergang-pour-celebrer-leurope-au-coeur-des-trois-frontieres\/#primaryimage"},"image":{"@id":"https:\/\/bale.ch\/journal\/un-dreiland-spaziergang-pour-celebrer-leurope-au-coeur-des-trois-frontieres\/#primaryimage"},"thumbnailUrl":"https:\/\/bale.ch\/journal\/wp-content\/uploads\/2026\/05\/Weil_am_Rhein_-_Dreilanderbrucke10.jpg","datePublished":"2026-05-01T15:00:59+00:00","dateModified":"2026-05-03T07:28:14+00:00","description":"B\u00e2le, Huningue, Weil am Rhein: une promenade trinationale propose de relier \u00e0 pied la Suisse, la France et l\u2019Allemagne le long du Rhin","breadcrumb":{"@id":"https:\/\/bale.ch\/journal\/un-dreiland-spaziergang-pour-celebrer-leurope-au-coeur-des-trois-frontieres\/#breadcrumb"},"inLanguage":"fr-FR","potentialAction":[{"@type":"ReadAction","target":["https:\/\/bale.ch\/journal\/un-dreiland-spaziergang-pour-celebrer-leurope-au-coeur-des-trois-frontieres\/"]}]},{"@type":"ImageObject","inLanguage":"fr-FR","@id":"https:\/\/bale.ch\/journal\/un-dreiland-spaziergang-pour-celebrer-leurope-au-coeur-des-trois-frontieres\/#primaryimage","url":"https:\/\/bale.ch\/journal\/wp-content\/uploads\/2026\/05\/Weil_am_Rhein_-_Dreilanderbrucke10.jpg","contentUrl":"https:\/\/bale.ch\/journal\/wp-content\/uploads\/2026\/05\/Weil_am_Rhein_-_Dreilanderbrucke10.jpg","width":2496,"height":1704,"caption":"Copyleft Wladyslaw"},{"@type":"BreadcrumbList","@id":"https:\/\/bale.ch\/journal\/un-dreiland-spaziergang-pour-celebrer-leurope-au-coeur-des-trois-frontieres\/#breadcrumb","itemListElement":[{"@type":"ListItem","position":1,"name":"Accueil","item":"https:\/\/bale.ch\/journal\/"},{"@type":"ListItem","position":2,"name":"Un \u201cDreiland-Spaziergang\u201d pour c\u00e9l\u00e9brer l\u2019Europe au c\u0153ur des trois fronti\u00e8res"}]},{"@type":"WebSite","@id":"https:\/\/bale.ch\/journal\/#website","url":"https:\/\/bale.ch\/journal\/","name":"Journal de B\u00e2le et Gen\u00e8ve","description":"M\u00e9dia transfrontalier d&#039;actualit\u00e9s - News","publisher":{"@id":"https:\/\/bale.ch\/journal\/#organization"},"potentialAction":[{"@type":"SearchAction","target":{"@type":"EntryPoint","urlTemplate":"https:\/\/bale.ch\/journal\/?s={search_term_string}"},"query-input":{"@type":"PropertyValueSpecification","valueRequired":true,"valueName":"search_term_string"}}],"inLanguage":"fr-FR"},{"@type":"Organization","@id":"https:\/\/bale.ch\/journal\/#organization","name":"Journal de B\u00e2le et Gen\u00e8ve","url":"https:\/\/bale.ch\/journal\/","logo":{"@type":"ImageObject","inLanguage":"fr-FR","@id":"https:\/\/bale.ch\/journal\/#\/schema\/logo\/image\/","url":"https:\/\/bale.ch\/journal\/wp-content\/uploads\/2023\/07\/journaldebale_logo_2023_nb.png","contentUrl":"https:\/\/bale.ch\/journal\/wp-content\/uploads\/2023\/07\/journaldebale_logo_2023_nb.png","width":371,"height":127,"caption":"Journal de B\u00e2le et Gen\u00e8ve"},"image":{"@id":"https:\/\/bale.ch\/journal\/#\/schema\/logo\/image\/"}},{"@type":"Person","@id":"https:\/\/bale.ch\/journal\/#\/schema\/person\/03ced978db3b7a5274c5cef003f352f5","name":"La R\u00e9daction","image":{"@type":"ImageObject","inLanguage":"fr-FR","@id":"https:\/\/secure.gravatar.com\/avatar\/d1327e2ce8d2b860112f968a3f34686c9bdda7a463a1502cdd1070ac9d88cf1e?s=96&d=mm&r=g","url":"https:\/\/secure.gravatar.com\/avatar\/d1327e2ce8d2b860112f968a3f34686c9bdda7a463a1502cdd1070ac9d88cf1e?s=96&d=mm&r=g","contentUrl":"https:\/\/secure.gravatar.com\/avatar\/d1327e2ce8d2b860112f968a3f34686c9bdda7a463a1502cdd1070ac9d88cf1e?s=96&d=mm&r=g","caption":"La R\u00e9daction"},"url":"https:\/\/bale.ch\/journal\/author\/laredaction\/"}]}},"_links":{"self":[{"href":"https:\/\/bale.ch\/journal\/wp-json\/wp\/v2\/posts\/3993","targetHints":{"allow":["GET"]}}],"collection":[{"href":"https:\/\/bale.ch\/journal\/wp-json\/wp\/v2\/posts"}],"about":[{"href":"https:\/\/bale.ch\/journal\/wp-json\/wp\/v2\/types\/post"}],"author":[{"embeddable":true,"href":"https:\/\/bale.ch\/journal\/wp-json\/wp\/v2\/users\/2"}],"replies":[{"embeddable":true,"href":"https:\/\/bale.ch\/journal\/wp-json\/wp\/v2\/comments?post=3993"}],"version-history":[{"count":1,"href":"https:\/\/bale.ch\/journal\/wp-json\/wp\/v2\/posts\/3993\/revisions"}],"predecessor-version":[{"id":3995,"href":"https:\/\/bale.ch\/journal\/wp-json\/wp\/v2\/posts\/3993\/revisions\/3995"}],"wp:featuredmedia":[{"embeddable":true,"href":"https:\/\/bale.ch\/journal\/wp-json\/wp\/v2\/media\/3994"}],"wp:attachment":[{"href":"https:\/\/bale.ch\/journal\/wp-json\/wp\/v2\/media?parent=3993"}],"wp:term":[{"taxonomy":"category","embeddable":true,"href":"https:\/\/bale.ch\/journal\/wp-json\/wp\/v2\/categories?post=3993"},{"taxonomy":"post_tag","embeddable":true,"href":"https:\/\/bale.ch\/journal\/wp-json\/wp\/v2\/tags?post=3993"}],"curies":[{"name":"wp","href":"https:\/\/api.w.org\/{rel}","templated":true}]}}