{"id":4030,"date":"2026-05-06T15:15:02","date_gmt":"2026-05-06T15:15:02","guid":{"rendered":"https:\/\/bale.ch\/journal\/?p=4030"},"modified":"2026-05-06T15:17:50","modified_gmt":"2026-05-06T15:17:50","slug":"scene-ella-fitzgerald-2026-30-ans-musiques","status":"publish","type":"post","link":"https:\/\/bale.ch\/journal\/scene-ella-fitzgerald-2026-30-ans-musiques\/","title":{"rendered":"Sc\u00e8ne Ella Fitzgerald 2026: 30 ans de musiques vivantes entre m\u00e9moire et renouveau"},"content":{"rendered":"\n<p class=\"wp-block-paragraph\"><em>Gen\u00e8ve<\/em> \u2014 <strong>Du 19 juin au 21 ao\u00fbt 2026, la Sc\u00e8ne Ella Fitzgerald c\u00e9l\u00e8bre ses 30 ans d\u2019installation au Parc de la Grange. Trois d\u00e9cennies de concerts gratuits en plein air, devenus un rendez-vous incontournable de l\u2019\u00e9t\u00e9 genevois, que cette \u00e9dition anniversaire entend marquer avec une programmation particuli\u00e8rement riche et ouverte sur le monde.<\/strong><\/p>\n\n\n\n<p class=\"wp-block-paragraph\">D\u00e8s la soir\u00e9e d\u2019ouverture, organis\u00e9e dans le cadre de la F\u00eate de la musique, le ton est donn\u00e9. Le groupe genevois <strong>En Talla<\/strong> lance les festivit\u00e9s avec une salsa solaire, avant de laisser place \u00e0 <strong>La Dame Blanche<\/strong>, dont l\u2019univers m\u00eale hip-hop, cumbia et influences afro-cubaines. Une entr\u00e9e en mati\u00e8re festive et engag\u00e9e, qui annonce une saison plac\u00e9e sous le signe du m\u00e9tissage.<\/p>\n\n\n\n<p class=\"wp-block-paragraph\">Au fil des 26 soir\u00e9es programm\u00e9es tout au long de l\u2019\u00e9t\u00e9, la sc\u00e8ne navigue entre les genres et les continents. La soul chaleureuse de <strong>Thee Sacred Souls<\/strong> c\u00f4toie les paysages sonores d\u00e9licats d\u2019<strong>Arooj Aftab<\/strong>, tandis que le pianiste sud-africain<strong> Nduduzo Makhathini<\/strong> apporte une touche de jazz spirituel. Dans un autre registre, les Sud-Cor\u00e9ens d\u2019ADG7 revisitent les traditions musicales de leur pays, illustrant l\u2019ouverture internationale du festival.<\/p><div id=\"crieu-1406571068\" class=\"crieu-content crieu-entity-placement\"><script async src=\"\/\/pagead2.googlesyndication.com\/pagead\/js\/adsbygoogle.js?client=ca-pub-5271584769416742\" crossorigin=\"anonymous\"><\/script><ins class=\"adsbygoogle\" style=\"display:block;\" data-ad-client=\"ca-pub-5271584769416742\" \ndata-ad-slot=\"9321250718\" \ndata-ad-format=\"auto\"><\/ins>\n<script> \n(adsbygoogle = window.adsbygoogle || []).push({}); \n<\/script>\n<\/div>\n\n\n\n<p class=\"wp-block-paragraph\">L\u2019\u00e9nergie collective n\u2019est pas en reste, avec des performances marqu\u00e9es par la transe et la puissance sc\u00e9nique. Les rythmes afro-colombiens de <strong>Ghetto Kumb\u00e9<\/strong>, l\u2019afro-psych\u00e9d\u00e9lisme de <strong>BCUC<\/strong> ou encore les sonorit\u00e9s engag\u00e9es de<strong> Bia Ferreira<\/strong> participent \u00e0 cette dynamique. Dans une veine diff\u00e9rente, le groupe <strong>HENGE<\/strong> propose une exp\u00e9rience plus d\u00e9cal\u00e9e, entre science-fiction et performance musicale.<\/p>\n\n\n\n<p class=\"wp-block-paragraph\">La programmation fait aussi la part belle aux grandes voix et aux univers plus intimistes, avec notamment <strong>S\u00edlvia P\u00e9rez Cruz<\/strong>, le duo <strong>Birds on a Wire<\/strong>, ou encore la po\u00e9tesse et musicienne <strong>Aja Monet<\/strong>, qui m\u00eale jazz et spoken word.<\/p>\n\n\n\n<p class=\"wp-block-paragraph\">La sc\u00e8ne locale n\u2019est pas en reste. Le rappeur genevois <strong>Di-Meh<\/strong> se produira avec un live band et des invit\u00e9s, tandis que la chanteuse <strong>NNAVY<\/strong> apportera sa neo-soul lumineuse. Le batteur <strong>Arthur Hnatek<\/strong> explorera quant \u00e0 lui les fronti\u00e8res entre musique \u00e9lectronique et improvisation, preuve de la vitalit\u00e9 de la sc\u00e8ne r\u00e9gionale.<\/p>\n\n\n\n<p class=\"wp-block-paragraph\">La musique classique trouve \u00e9galement sa place dans cette programmation \u00e9clectique. L\u2019Orchestre de la Suisse Romande, le <strong>Quatuor Ardeo<\/strong> avec <strong>Pascal Moragu\u00e8s<\/strong> ou encore <strong>l\u2019Orchestre de Chambre de Gen\u00e8ve<\/strong> participent \u00e0 cette ouverture, aux c\u00f4t\u00e9s de projets plus contemporains comme l\u2019interpr\u00e9tation de <em>Music for 18 Musicians<\/em> de Steve Reich par <strong>EKLEKTO<\/strong> et l\u2019<strong>Ensemble Contrechamps<\/strong>.<\/p>\n\n\n\n<p class=\"wp-block-paragraph\">Au-del\u00e0 des noms, c\u2019est une certaine id\u00e9e de la musique qui traverse cette \u00e9dition : une musique en mouvement, sans fronti\u00e8res, o\u00f9 les traditions dialoguent avec les formes contemporaines. Entre reggae avec<strong>Groundation<\/strong>, pop italienne avec <strong>Giorgio Poi<\/strong>, ou encore les polyphonies de <strong>La M\u00f2ssa<\/strong>, la Sc\u00e8ne Ella Fitzgerald continue de brouiller les lignes.<\/p>\n\n\n\n<p class=\"wp-block-paragraph\">Gratuite, sans r\u00e9servation et ouverte \u00e0 toutes et tous, la manifestation reste fid\u00e8le \u00e0 son ADN. Trente ans apr\u00e8s sa cr\u00e9ation, elle confirme sa place \u00e0 part dans le paysage culturel genevois : un espace o\u00f9 la musique se partage librement, entre d\u00e9couvertes, \u00e9motions et soir\u00e9es d\u2019\u00e9t\u00e9 au bord des arbres du parc.<\/p>\n\n\n\n<p class=\"wp-block-paragraph\">Toutes les infos sur <a href=\"https:\/\/evenements.geneve.ch\/scene-ellafitzgerald\/\"><strong>e<\/strong><\/a><a href=\"https:\/\/evenements.geneve.ch\/scene-ellafitzgerald\/\" target=\"_blank\" rel=\"noreferrer noopener\"><strong>venements.geneve.ch<\/strong><\/a><\/p>\n\n\n\n<p class=\"wp-block-paragraph\"><em>Photo d&rsquo;archive &#8211; Ana Tijoux par Sofia Dominguez, Gen\u00e8ve 2019.<\/em><\/p>\n<div id=\"crieu-315689817\" class=\"crieu-apres-le-contenu crieu-entity-placement\" style=\"margin-left: auto;margin-right: auto;text-align: center;\"><script async src=\"\/\/pagead2.googlesyndication.com\/pagead\/js\/adsbygoogle.js?client=ca-pub-5271584769416742\" crossorigin=\"anonymous\"><\/script><ins class=\"adsbygoogle\" style=\"display:block;\" data-ad-client=\"ca-pub-5271584769416742\" \ndata-ad-slot=\"9321250718\" \ndata-ad-format=\"auto\"><\/ins>\n<script> \n(adsbygoogle = window.adsbygoogle || []).push({}); \n<\/script>\n<\/div>","protected":false},"excerpt":{"rendered":"<p>Gen\u00e8ve \u2014 Du 19 juin au 21 ao\u00fbt 2026, la Sc\u00e8ne Ella Fitzgerald c\u00e9l\u00e8bre ses 30 ans d\u2019installation au Parc de la Grange. Trois d\u00e9cennies de concerts gratuits en plein <a href=\"https:\/\/bale.ch\/journal\/scene-ella-fitzgerald-2026-30-ans-musiques\/\" class=\"read-more button-fancy -red\"><span class=\"btn-arrow\"><\/span><span class=\"twp-read-more text\">Continuer la lecture<\/span><\/a><\/p>\n","protected":false},"author":2,"featured_media":2263,"comment_status":"closed","ping_status":"closed","sticky":false,"template":"","format":"standard","meta":{"footnotes":""},"categories":[103,4,18],"tags":[93,74,136],"class_list":["post-4030","post","type-post","status-publish","format-standard","has-post-thumbnail","hentry","category-actu","category-grand-geneve","category-sortir","tag-festival","tag-geneve","tag-musique"],"yoast_head":"<!-- This site is optimized with the Yoast SEO plugin v28.3 - https:\/\/yoast.com\/product\/yoast-seo-wordpress\/ -->\n<title>Sc\u00e8ne Ella Fitzgerald 2026: 30 ans de musiques vivantes entre m\u00e9moire et renouveau - Journal de B\u00e2le et Gen\u00e8ve<\/title>\n<meta name=\"description\" content=\"Du 19 juin au 21 ao\u00fbt 2026, la Sc\u00e8ne Ella Fitzgerald c\u00e9l\u00e8bre ses 30 ans d\u2019installation au Parc de la Grange. Trois d\u00e9cennies de concerts gratuits en plein air\" \/>\n<meta name=\"robots\" content=\"index, follow, max-snippet:-1, max-image-preview:large, max-video-preview:-1\" \/>\n<link rel=\"canonical\" href=\"https:\/\/bale.ch\/journal\/scene-ella-fitzgerald-2026-30-ans-musiques\/\" \/>\n<meta property=\"og:locale\" content=\"fr_FR\" \/>\n<meta property=\"og:type\" content=\"article\" \/>\n<meta property=\"og:title\" content=\"Sc\u00e8ne Ella Fitzgerald 2026: 30 ans de musiques vivantes entre m\u00e9moire et renouveau - Journal de B\u00e2le et Gen\u00e8ve\" \/>\n<meta property=\"og:description\" content=\"Du 19 juin au 21 ao\u00fbt 2026, la Sc\u00e8ne Ella Fitzgerald c\u00e9l\u00e8bre ses 30 ans d\u2019installation au Parc de la Grange. Trois d\u00e9cennies de concerts gratuits en plein air\" \/>\n<meta property=\"og:url\" content=\"https:\/\/bale.ch\/journal\/scene-ella-fitzgerald-2026-30-ans-musiques\/\" \/>\n<meta property=\"og:site_name\" content=\"Journal de B\u00e2le et Gen\u00e8ve\" \/>\n<meta property=\"article:published_time\" content=\"2026-05-06T15:15:02+00:00\" \/>\n<meta property=\"article:modified_time\" content=\"2026-05-06T15:17:50+00:00\" \/>\n<meta property=\"og:image\" content=\"https:\/\/bale.ch\/journal\/wp-content\/uploads\/2019\/07\/ana_tijoux_geneve_ginebra_suiza.jpg\" \/>\n\t<meta property=\"og:image:width\" content=\"900\" \/>\n\t<meta property=\"og:image:height\" content=\"484\" \/>\n\t<meta property=\"og:image:type\" content=\"image\/jpeg\" \/>\n<meta name=\"author\" content=\"La R\u00e9daction\" \/>\n<meta name=\"twitter:card\" content=\"summary_large_image\" \/>\n<meta name=\"twitter:label1\" content=\"\u00c9crit par\" \/>\n\t<meta name=\"twitter:data1\" content=\"La R\u00e9daction\" \/>\n\t<meta name=\"twitter:label2\" content=\"Dur\u00e9e de lecture estim\u00e9e\" \/>\n\t<meta name=\"twitter:data2\" content=\"3 minutes\" \/>\n<script type=\"application\/ld+json\" class=\"yoast-schema-graph\">{\"@context\":\"https:\\\/\\\/schema.org\",\"@graph\":[{\"@type\":\"Article\",\"@id\":\"https:\\\/\\\/bale.ch\\\/journal\\\/scene-ella-fitzgerald-2026-30-ans-musiques\\\/#article\",\"isPartOf\":{\"@id\":\"https:\\\/\\\/bale.ch\\\/journal\\\/scene-ella-fitzgerald-2026-30-ans-musiques\\\/\"},\"author\":{\"name\":\"La R\u00e9daction\",\"@id\":\"https:\\\/\\\/bale.ch\\\/journal\\\/#\\\/schema\\\/person\\\/03ced978db3b7a5274c5cef003f352f5\"},\"headline\":\"Sc\u00e8ne Ella Fitzgerald 2026: 30 ans de musiques vivantes entre m\u00e9moire et renouveau\",\"datePublished\":\"2026-05-06T15:15:02+00:00\",\"dateModified\":\"2026-05-06T15:17:50+00:00\",\"mainEntityOfPage\":{\"@id\":\"https:\\\/\\\/bale.ch\\\/journal\\\/scene-ella-fitzgerald-2026-30-ans-musiques\\\/\"},\"wordCount\":582,\"publisher\":{\"@id\":\"https:\\\/\\\/bale.ch\\\/journal\\\/#organization\"},\"image\":{\"@id\":\"https:\\\/\\\/bale.ch\\\/journal\\\/scene-ella-fitzgerald-2026-30-ans-musiques\\\/#primaryimage\"},\"thumbnailUrl\":\"https:\\\/\\\/bale.ch\\\/journal\\\/wp-content\\\/uploads\\\/2019\\\/07\\\/ana_tijoux_geneve_ginebra_suiza.jpg\",\"keywords\":[\"festival\",\"Gen\u00e8ve\",\"Musique\"],\"articleSection\":[\"Actualit\u00e9s\",\"Grand Gen\u00e8ve\",\"Sortir\"],\"inLanguage\":\"fr-FR\"},{\"@type\":\"WebPage\",\"@id\":\"https:\\\/\\\/bale.ch\\\/journal\\\/scene-ella-fitzgerald-2026-30-ans-musiques\\\/\",\"url\":\"https:\\\/\\\/bale.ch\\\/journal\\\/scene-ella-fitzgerald-2026-30-ans-musiques\\\/\",\"name\":\"Sc\u00e8ne Ella Fitzgerald 2026: 30 ans de musiques vivantes entre m\u00e9moire et renouveau - Journal de B\u00e2le et Gen\u00e8ve\",\"isPartOf\":{\"@id\":\"https:\\\/\\\/bale.ch\\\/journal\\\/#website\"},\"primaryImageOfPage\":{\"@id\":\"https:\\\/\\\/bale.ch\\\/journal\\\/scene-ella-fitzgerald-2026-30-ans-musiques\\\/#primaryimage\"},\"image\":{\"@id\":\"https:\\\/\\\/bale.ch\\\/journal\\\/scene-ella-fitzgerald-2026-30-ans-musiques\\\/#primaryimage\"},\"thumbnailUrl\":\"https:\\\/\\\/bale.ch\\\/journal\\\/wp-content\\\/uploads\\\/2019\\\/07\\\/ana_tijoux_geneve_ginebra_suiza.jpg\",\"datePublished\":\"2026-05-06T15:15:02+00:00\",\"dateModified\":\"2026-05-06T15:17:50+00:00\",\"description\":\"Du 19 juin au 21 ao\u00fbt 2026, la Sc\u00e8ne Ella Fitzgerald c\u00e9l\u00e8bre ses 30 ans d\u2019installation au Parc de la Grange. Trois d\u00e9cennies de concerts gratuits en plein air\",\"breadcrumb\":{\"@id\":\"https:\\\/\\\/bale.ch\\\/journal\\\/scene-ella-fitzgerald-2026-30-ans-musiques\\\/#breadcrumb\"},\"inLanguage\":\"fr-FR\",\"potentialAction\":[{\"@type\":\"ReadAction\",\"target\":[\"https:\\\/\\\/bale.ch\\\/journal\\\/scene-ella-fitzgerald-2026-30-ans-musiques\\\/\"]}]},{\"@type\":\"ImageObject\",\"inLanguage\":\"fr-FR\",\"@id\":\"https:\\\/\\\/bale.ch\\\/journal\\\/scene-ella-fitzgerald-2026-30-ans-musiques\\\/#primaryimage\",\"url\":\"https:\\\/\\\/bale.ch\\\/journal\\\/wp-content\\\/uploads\\\/2019\\\/07\\\/ana_tijoux_geneve_ginebra_suiza.jpg\",\"contentUrl\":\"https:\\\/\\\/bale.ch\\\/journal\\\/wp-content\\\/uploads\\\/2019\\\/07\\\/ana_tijoux_geneve_ginebra_suiza.jpg\",\"width\":900,\"height\":484},{\"@type\":\"BreadcrumbList\",\"@id\":\"https:\\\/\\\/bale.ch\\\/journal\\\/scene-ella-fitzgerald-2026-30-ans-musiques\\\/#breadcrumb\",\"itemListElement\":[{\"@type\":\"ListItem\",\"position\":1,\"name\":\"Accueil\",\"item\":\"https:\\\/\\\/bale.ch\\\/journal\\\/\"},{\"@type\":\"ListItem\",\"position\":2,\"name\":\"Sc\u00e8ne Ella Fitzgerald 2026: 30 ans de musiques vivantes entre m\u00e9moire et renouveau\"}]},{\"@type\":\"WebSite\",\"@id\":\"https:\\\/\\\/bale.ch\\\/journal\\\/#website\",\"url\":\"https:\\\/\\\/bale.ch\\\/journal\\\/\",\"name\":\"Journal de B\u00e2le et Gen\u00e8ve\",\"description\":\"M\u00e9dia transfrontalier d&#039;actualit\u00e9s - News\",\"publisher\":{\"@id\":\"https:\\\/\\\/bale.ch\\\/journal\\\/#organization\"},\"potentialAction\":[{\"@type\":\"SearchAction\",\"target\":{\"@type\":\"EntryPoint\",\"urlTemplate\":\"https:\\\/\\\/bale.ch\\\/journal\\\/?s={search_term_string}\"},\"query-input\":{\"@type\":\"PropertyValueSpecification\",\"valueRequired\":true,\"valueName\":\"search_term_string\"}}],\"inLanguage\":\"fr-FR\"},{\"@type\":\"Organization\",\"@id\":\"https:\\\/\\\/bale.ch\\\/journal\\\/#organization\",\"name\":\"Journal de B\u00e2le et Gen\u00e8ve\",\"url\":\"https:\\\/\\\/bale.ch\\\/journal\\\/\",\"logo\":{\"@type\":\"ImageObject\",\"inLanguage\":\"fr-FR\",\"@id\":\"https:\\\/\\\/bale.ch\\\/journal\\\/#\\\/schema\\\/logo\\\/image\\\/\",\"url\":\"https:\\\/\\\/bale.ch\\\/journal\\\/wp-content\\\/uploads\\\/2023\\\/07\\\/journaldebale_logo_2023_nb.png\",\"contentUrl\":\"https:\\\/\\\/bale.ch\\\/journal\\\/wp-content\\\/uploads\\\/2023\\\/07\\\/journaldebale_logo_2023_nb.png\",\"width\":371,\"height\":127,\"caption\":\"Journal de B\u00e2le et Gen\u00e8ve\"},\"image\":{\"@id\":\"https:\\\/\\\/bale.ch\\\/journal\\\/#\\\/schema\\\/logo\\\/image\\\/\"}},{\"@type\":\"Person\",\"@id\":\"https:\\\/\\\/bale.ch\\\/journal\\\/#\\\/schema\\\/person\\\/03ced978db3b7a5274c5cef003f352f5\",\"name\":\"La R\u00e9daction\",\"image\":{\"@type\":\"ImageObject\",\"inLanguage\":\"fr-FR\",\"@id\":\"https:\\\/\\\/secure.gravatar.com\\\/avatar\\\/d1327e2ce8d2b860112f968a3f34686c9bdda7a463a1502cdd1070ac9d88cf1e?s=96&d=mm&r=g\",\"url\":\"https:\\\/\\\/secure.gravatar.com\\\/avatar\\\/d1327e2ce8d2b860112f968a3f34686c9bdda7a463a1502cdd1070ac9d88cf1e?s=96&d=mm&r=g\",\"contentUrl\":\"https:\\\/\\\/secure.gravatar.com\\\/avatar\\\/d1327e2ce8d2b860112f968a3f34686c9bdda7a463a1502cdd1070ac9d88cf1e?s=96&d=mm&r=g\",\"caption\":\"La R\u00e9daction\"},\"url\":\"https:\\\/\\\/bale.ch\\\/journal\\\/author\\\/laredaction\\\/\"}]}<\/script>\n<!-- \/ Yoast SEO plugin. -->","yoast_head_json":{"title":"Sc\u00e8ne Ella Fitzgerald 2026: 30 ans de musiques vivantes entre m\u00e9moire et renouveau - Journal de B\u00e2le et Gen\u00e8ve","description":"Du 19 juin au 21 ao\u00fbt 2026, la Sc\u00e8ne Ella Fitzgerald c\u00e9l\u00e8bre ses 30 ans d\u2019installation au Parc de la Grange. Trois d\u00e9cennies de concerts gratuits en plein air","robots":{"index":"index","follow":"follow","max-snippet":"max-snippet:-1","max-image-preview":"max-image-preview:large","max-video-preview":"max-video-preview:-1"},"canonical":"https:\/\/bale.ch\/journal\/scene-ella-fitzgerald-2026-30-ans-musiques\/","og_locale":"fr_FR","og_type":"article","og_title":"Sc\u00e8ne Ella Fitzgerald 2026: 30 ans de musiques vivantes entre m\u00e9moire et renouveau - Journal de B\u00e2le et Gen\u00e8ve","og_description":"Du 19 juin au 21 ao\u00fbt 2026, la Sc\u00e8ne Ella Fitzgerald c\u00e9l\u00e8bre ses 30 ans d\u2019installation au Parc de la Grange. Trois d\u00e9cennies de concerts gratuits en plein air","og_url":"https:\/\/bale.ch\/journal\/scene-ella-fitzgerald-2026-30-ans-musiques\/","og_site_name":"Journal de B\u00e2le et Gen\u00e8ve","article_published_time":"2026-05-06T15:15:02+00:00","article_modified_time":"2026-05-06T15:17:50+00:00","og_image":[{"width":900,"height":484,"url":"https:\/\/bale.ch\/journal\/wp-content\/uploads\/2019\/07\/ana_tijoux_geneve_ginebra_suiza.jpg","type":"image\/jpeg"}],"author":"La R\u00e9daction","twitter_card":"summary_large_image","twitter_misc":{"\u00c9crit par":"La R\u00e9daction","Dur\u00e9e de lecture estim\u00e9e":"3 minutes"},"schema":{"@context":"https:\/\/schema.org","@graph":[{"@type":"Article","@id":"https:\/\/bale.ch\/journal\/scene-ella-fitzgerald-2026-30-ans-musiques\/#article","isPartOf":{"@id":"https:\/\/bale.ch\/journal\/scene-ella-fitzgerald-2026-30-ans-musiques\/"},"author":{"name":"La R\u00e9daction","@id":"https:\/\/bale.ch\/journal\/#\/schema\/person\/03ced978db3b7a5274c5cef003f352f5"},"headline":"Sc\u00e8ne Ella Fitzgerald 2026: 30 ans de musiques vivantes entre m\u00e9moire et renouveau","datePublished":"2026-05-06T15:15:02+00:00","dateModified":"2026-05-06T15:17:50+00:00","mainEntityOfPage":{"@id":"https:\/\/bale.ch\/journal\/scene-ella-fitzgerald-2026-30-ans-musiques\/"},"wordCount":582,"publisher":{"@id":"https:\/\/bale.ch\/journal\/#organization"},"image":{"@id":"https:\/\/bale.ch\/journal\/scene-ella-fitzgerald-2026-30-ans-musiques\/#primaryimage"},"thumbnailUrl":"https:\/\/bale.ch\/journal\/wp-content\/uploads\/2019\/07\/ana_tijoux_geneve_ginebra_suiza.jpg","keywords":["festival","Gen\u00e8ve","Musique"],"articleSection":["Actualit\u00e9s","Grand Gen\u00e8ve","Sortir"],"inLanguage":"fr-FR"},{"@type":"WebPage","@id":"https:\/\/bale.ch\/journal\/scene-ella-fitzgerald-2026-30-ans-musiques\/","url":"https:\/\/bale.ch\/journal\/scene-ella-fitzgerald-2026-30-ans-musiques\/","name":"Sc\u00e8ne Ella Fitzgerald 2026: 30 ans de musiques vivantes entre m\u00e9moire et renouveau - Journal de B\u00e2le et Gen\u00e8ve","isPartOf":{"@id":"https:\/\/bale.ch\/journal\/#website"},"primaryImageOfPage":{"@id":"https:\/\/bale.ch\/journal\/scene-ella-fitzgerald-2026-30-ans-musiques\/#primaryimage"},"image":{"@id":"https:\/\/bale.ch\/journal\/scene-ella-fitzgerald-2026-30-ans-musiques\/#primaryimage"},"thumbnailUrl":"https:\/\/bale.ch\/journal\/wp-content\/uploads\/2019\/07\/ana_tijoux_geneve_ginebra_suiza.jpg","datePublished":"2026-05-06T15:15:02+00:00","dateModified":"2026-05-06T15:17:50+00:00","description":"Du 19 juin au 21 ao\u00fbt 2026, la Sc\u00e8ne Ella Fitzgerald c\u00e9l\u00e8bre ses 30 ans d\u2019installation au Parc de la Grange. Trois d\u00e9cennies de concerts gratuits en plein air","breadcrumb":{"@id":"https:\/\/bale.ch\/journal\/scene-ella-fitzgerald-2026-30-ans-musiques\/#breadcrumb"},"inLanguage":"fr-FR","potentialAction":[{"@type":"ReadAction","target":["https:\/\/bale.ch\/journal\/scene-ella-fitzgerald-2026-30-ans-musiques\/"]}]},{"@type":"ImageObject","inLanguage":"fr-FR","@id":"https:\/\/bale.ch\/journal\/scene-ella-fitzgerald-2026-30-ans-musiques\/#primaryimage","url":"https:\/\/bale.ch\/journal\/wp-content\/uploads\/2019\/07\/ana_tijoux_geneve_ginebra_suiza.jpg","contentUrl":"https:\/\/bale.ch\/journal\/wp-content\/uploads\/2019\/07\/ana_tijoux_geneve_ginebra_suiza.jpg","width":900,"height":484},{"@type":"BreadcrumbList","@id":"https:\/\/bale.ch\/journal\/scene-ella-fitzgerald-2026-30-ans-musiques\/#breadcrumb","itemListElement":[{"@type":"ListItem","position":1,"name":"Accueil","item":"https:\/\/bale.ch\/journal\/"},{"@type":"ListItem","position":2,"name":"Sc\u00e8ne Ella Fitzgerald 2026: 30 ans de musiques vivantes entre m\u00e9moire et renouveau"}]},{"@type":"WebSite","@id":"https:\/\/bale.ch\/journal\/#website","url":"https:\/\/bale.ch\/journal\/","name":"Journal de B\u00e2le et Gen\u00e8ve","description":"M\u00e9dia transfrontalier d&#039;actualit\u00e9s - News","publisher":{"@id":"https:\/\/bale.ch\/journal\/#organization"},"potentialAction":[{"@type":"SearchAction","target":{"@type":"EntryPoint","urlTemplate":"https:\/\/bale.ch\/journal\/?s={search_term_string}"},"query-input":{"@type":"PropertyValueSpecification","valueRequired":true,"valueName":"search_term_string"}}],"inLanguage":"fr-FR"},{"@type":"Organization","@id":"https:\/\/bale.ch\/journal\/#organization","name":"Journal de B\u00e2le et Gen\u00e8ve","url":"https:\/\/bale.ch\/journal\/","logo":{"@type":"ImageObject","inLanguage":"fr-FR","@id":"https:\/\/bale.ch\/journal\/#\/schema\/logo\/image\/","url":"https:\/\/bale.ch\/journal\/wp-content\/uploads\/2023\/07\/journaldebale_logo_2023_nb.png","contentUrl":"https:\/\/bale.ch\/journal\/wp-content\/uploads\/2023\/07\/journaldebale_logo_2023_nb.png","width":371,"height":127,"caption":"Journal de B\u00e2le et Gen\u00e8ve"},"image":{"@id":"https:\/\/bale.ch\/journal\/#\/schema\/logo\/image\/"}},{"@type":"Person","@id":"https:\/\/bale.ch\/journal\/#\/schema\/person\/03ced978db3b7a5274c5cef003f352f5","name":"La R\u00e9daction","image":{"@type":"ImageObject","inLanguage":"fr-FR","@id":"https:\/\/secure.gravatar.com\/avatar\/d1327e2ce8d2b860112f968a3f34686c9bdda7a463a1502cdd1070ac9d88cf1e?s=96&d=mm&r=g","url":"https:\/\/secure.gravatar.com\/avatar\/d1327e2ce8d2b860112f968a3f34686c9bdda7a463a1502cdd1070ac9d88cf1e?s=96&d=mm&r=g","contentUrl":"https:\/\/secure.gravatar.com\/avatar\/d1327e2ce8d2b860112f968a3f34686c9bdda7a463a1502cdd1070ac9d88cf1e?s=96&d=mm&r=g","caption":"La R\u00e9daction"},"url":"https:\/\/bale.ch\/journal\/author\/laredaction\/"}]}},"_links":{"self":[{"href":"https:\/\/bale.ch\/journal\/wp-json\/wp\/v2\/posts\/4030","targetHints":{"allow":["GET"]}}],"collection":[{"href":"https:\/\/bale.ch\/journal\/wp-json\/wp\/v2\/posts"}],"about":[{"href":"https:\/\/bale.ch\/journal\/wp-json\/wp\/v2\/types\/post"}],"author":[{"embeddable":true,"href":"https:\/\/bale.ch\/journal\/wp-json\/wp\/v2\/users\/2"}],"replies":[{"embeddable":true,"href":"https:\/\/bale.ch\/journal\/wp-json\/wp\/v2\/comments?post=4030"}],"version-history":[{"count":4,"href":"https:\/\/bale.ch\/journal\/wp-json\/wp\/v2\/posts\/4030\/revisions"}],"predecessor-version":[{"id":4034,"href":"https:\/\/bale.ch\/journal\/wp-json\/wp\/v2\/posts\/4030\/revisions\/4034"}],"wp:featuredmedia":[{"embeddable":true,"href":"https:\/\/bale.ch\/journal\/wp-json\/wp\/v2\/media\/2263"}],"wp:attachment":[{"href":"https:\/\/bale.ch\/journal\/wp-json\/wp\/v2\/media?parent=4030"}],"wp:term":[{"taxonomy":"category","embeddable":true,"href":"https:\/\/bale.ch\/journal\/wp-json\/wp\/v2\/categories?post=4030"},{"taxonomy":"post_tag","embeddable":true,"href":"https:\/\/bale.ch\/journal\/wp-json\/wp\/v2\/tags?post=4030"}],"curies":[{"name":"wp","href":"https:\/\/api.w.org\/{rel}","templated":true}]}}