{"id":4036,"date":"2026-05-06T15:51:29","date_gmt":"2026-05-06T15:51:29","guid":{"rendered":"https:\/\/bale.ch\/journal\/?p=4036"},"modified":"2026-05-06T15:51:35","modified_gmt":"2026-05-06T15:51:35","slug":"bale-ville-nouveau-plan-velo-consultation-publique","status":"publish","type":"post","link":"https:\/\/bale.ch\/journal\/bale-ville-nouveau-plan-velo-consultation-publique\/","title":{"rendered":"\u00c0 B\u00e2le, un nouveau plan v\u00e9lo mis en consultation publique"},"content":{"rendered":"\n<p class=\"wp-block-paragraph\"><em>B\u00e2le-Ville<\/em> \u2014 <strong>Le canton de B\u00e2le-Ville franchit une nouvelle \u00e9tape dans sa politique de mobilit\u00e9 douce. Le gouvernement cantonal a annonc\u00e9 l\u2019ouverture d\u2019une consultation publique autour du nouveau plan directeur partiel pour le v\u00e9lo, avec l\u2019ambition de d\u00e9velopper un r\u00e9seau cyclable plus s\u00fbr, continu et attractif dans les ann\u00e9es \u00e0 venir.<\/strong><\/p>\n\n\n\n<p class=\"wp-block-paragraph\">Ce document strat\u00e9gique, appel\u00e9 \u00ab plan directeur v\u00e9lo \u00bb, d\u00e9finit concr\u00e8tement les futures infrastructures : trac\u00e9s des itin\u00e9raires cyclables, emplacements des stationnements et grandes orientations en mati\u00e8re de mobilit\u00e9. Il doit servir de base \u00e0 l\u2019ensemble des am\u00e9nagements \u00e0 venir dans le canton.<\/p>\n\n\n\n<h2 class=\"wp-block-heading\">Un r\u00e9seau cyclable plus coh\u00e9rent et s\u00e9curis\u00e9<\/h2>\n\n\n\n<p class=\"wp-block-paragraph\">L\u2019objectif affich\u00e9 est clair : permettre \u00e0 B\u00e2le de disposer d\u2019un r\u00e9seau cyclable continu, confortable et s\u00e9curis\u00e9 \u00e0 l\u2019\u00e9chelle de toute la ville. Le plan pr\u00e9cise o\u00f9 passeront les principales liaisons et comment elles seront organis\u00e9es, tout en fixant des standards de qualit\u00e9 pour les infrastructures.<\/p><div id=\"crieu-3202381573\" class=\"crieu-content crieu-entity-placement\"><script async src=\"\/\/pagead2.googlesyndication.com\/pagead\/js\/adsbygoogle.js?client=ca-pub-5271584769416742\" crossorigin=\"anonymous\"><\/script><ins class=\"adsbygoogle\" style=\"display:block;\" data-ad-client=\"ca-pub-5271584769416742\" \ndata-ad-slot=\"9321250718\" \ndata-ad-format=\"auto\"><\/ins>\n<script> \n(adsbygoogle = window.adsbygoogle || []).push({}); \n<\/script>\n<\/div>\n\n\n\n<p class=\"wp-block-paragraph\">Cette r\u00e9vision s\u2019inscrit dans un contexte plus large. Depuis 2023, la Suisse s\u2019est dot\u00e9e d\u2019une loi f\u00e9d\u00e9rale sur les voies cyclables, qui oblige les cantons \u00e0 planifier des r\u00e9seaux complets d\u2019ici 2027 et \u00e0 les r\u00e9aliser au plus tard en 2042.<\/p>\n\n\n\n<p class=\"wp-block-paragraph\">\u00c0 B\u00e2le, cette dynamique a \u00e9t\u00e9 renforc\u00e9e en 2025 par un vote populaire en faveur du d\u00e9veloppement des \u00ab axes cyclables prioritaires \u00bb, avec l\u2019objectif de cr\u00e9er au moins 40 kilom\u00e8tres de liaisons principales dans les dix prochaines ann\u00e9es.<\/p>\n\n\n\n<h2 class=\"wp-block-heading\">Une consultation ouverte jusqu\u2019en ao\u00fbt<\/h2>\n\n\n\n<p class=\"wp-block-paragraph\">La population, les associations et les acteurs concern\u00e9s sont d\u00e9sormais invit\u00e9s \u00e0 s\u2019exprimer sur ce projet. La phase de consultation publique est ouverte jusqu\u2019au 6 ao\u00fbt 2026.<\/p>\n\n\n\n<p class=\"wp-block-paragraph\">Les contributions recueillies seront ensuite analys\u00e9es par les autorit\u00e9s cantonales, avant une version finale du plan et sa mise en \u0153uvre progressive.<\/p>\n\n\n\n<h2 class=\"wp-block-heading\">Un enjeu cl\u00e9 pour la mobilit\u00e9 et le climat<\/h2>\n\n\n\n<p class=\"wp-block-paragraph\">Le d\u00e9veloppement du v\u00e9lo s\u2019inscrit dans une strat\u00e9gie plus large de transition \u00e9cologique et de qualit\u00e9 de vie urbaine. \u00c0 B\u00e2le, o\u00f9 le v\u00e9lo occupe d\u00e9j\u00e0 une place importante dans les d\u00e9placements quotidiens, les autorit\u00e9s souhaitent renforcer encore ce mode de transport, consid\u00e9r\u00e9 comme peu polluant, peu encombrant et b\u00e9n\u00e9fique pour la sant\u00e9.<\/p>\n\n\n\n<p class=\"wp-block-paragraph\">Avec ce nouveau plan, le canton entend structurer durablement son r\u00e9seau cyclable et accompagner l\u2019\u00e9volution des pratiques de mobilit\u00e9, dans une ville o\u00f9 la place de la voiture est de plus en plus questionn\u00e9e.<\/p>\n\n\n\n<p class=\"wp-block-paragraph\"><em>Photo Archive &#8211; Alban Lavy<\/em><\/p>\n<div id=\"crieu-1832739657\" class=\"crieu-apres-le-contenu crieu-entity-placement\" style=\"margin-left: auto;margin-right: auto;text-align: center;\"><script async src=\"\/\/pagead2.googlesyndication.com\/pagead\/js\/adsbygoogle.js?client=ca-pub-5271584769416742\" crossorigin=\"anonymous\"><\/script><ins class=\"adsbygoogle\" style=\"display:block;\" data-ad-client=\"ca-pub-5271584769416742\" \ndata-ad-slot=\"9321250718\" \ndata-ad-format=\"auto\"><\/ins>\n<script> \n(adsbygoogle = window.adsbygoogle || []).push({}); \n<\/script>\n<\/div>","protected":false},"excerpt":{"rendered":"<p>B\u00e2le-Ville \u2014 Le canton de B\u00e2le-Ville franchit une nouvelle \u00e9tape dans sa politique de mobilit\u00e9 douce. Le gouvernement cantonal a annonc\u00e9 l\u2019ouverture d\u2019une consultation publique autour du nouveau plan directeur <a href=\"https:\/\/bale.ch\/journal\/bale-ville-nouveau-plan-velo-consultation-publique\/\" class=\"read-more button-fancy -red\"><span class=\"btn-arrow\"><\/span><span class=\"twp-read-more text\">Continuer la lecture<\/span><\/a><\/p>\n","protected":false},"author":2,"featured_media":4037,"comment_status":"closed","ping_status":"closed","sticky":false,"template":"","format":"standard","meta":{"footnotes":""},"categories":[103,7],"tags":[60,195,278],"class_list":["post-4036","post","type-post","status-publish","format-standard","has-post-thumbnail","hentry","category-actu","category-bale","tag-bale","tag-basel-stadt","tag-velo"],"yoast_head":"<!-- This site is optimized with the Yoast SEO plugin v28.3 - https:\/\/yoast.com\/product\/yoast-seo-wordpress\/ -->\n<title>\u00c0 B\u00e2le, un nouveau plan v\u00e9lo mis en consultation publique - Journal de B\u00e2le et Gen\u00e8ve<\/title>\n<meta name=\"robots\" content=\"index, follow, max-snippet:-1, max-image-preview:large, max-video-preview:-1\" \/>\n<link rel=\"canonical\" href=\"https:\/\/bale.ch\/journal\/bale-ville-nouveau-plan-velo-consultation-publique\/\" \/>\n<meta property=\"og:locale\" content=\"fr_FR\" \/>\n<meta property=\"og:type\" content=\"article\" \/>\n<meta property=\"og:title\" content=\"\u00c0 B\u00e2le, un nouveau plan v\u00e9lo mis en consultation publique - Journal de B\u00e2le et Gen\u00e8ve\" \/>\n<meta property=\"og:description\" content=\"B\u00e2le-Ville \u2014 Le canton de B\u00e2le-Ville franchit une nouvelle \u00e9tape dans sa politique de mobilit\u00e9 douce. Le gouvernement cantonal a annonc\u00e9 l\u2019ouverture d\u2019une consultation publique autour du nouveau plan directeur Continuer la lecture\" \/>\n<meta property=\"og:url\" content=\"https:\/\/bale.ch\/journal\/bale-ville-nouveau-plan-velo-consultation-publique\/\" \/>\n<meta property=\"og:site_name\" content=\"Journal de B\u00e2le et Gen\u00e8ve\" \/>\n<meta property=\"article:published_time\" content=\"2026-05-06T15:51:29+00:00\" \/>\n<meta property=\"article:modified_time\" content=\"2026-05-06T15:51:35+00:00\" \/>\n<meta property=\"og:image\" content=\"https:\/\/bale.ch\/journal\/wp-content\/uploads\/2026\/05\/bale_basel_velo_fahrrad.png\" \/>\n\t<meta property=\"og:image:width\" content=\"900\" \/>\n\t<meta property=\"og:image:height\" content=\"484\" \/>\n\t<meta property=\"og:image:type\" content=\"image\/png\" \/>\n<meta name=\"author\" content=\"La R\u00e9daction\" \/>\n<meta name=\"twitter:card\" content=\"summary_large_image\" \/>\n<meta name=\"twitter:label1\" content=\"\u00c9crit par\" \/>\n\t<meta name=\"twitter:data1\" content=\"La R\u00e9daction\" \/>\n\t<meta name=\"twitter:label2\" content=\"Dur\u00e9e de lecture estim\u00e9e\" \/>\n\t<meta name=\"twitter:data2\" content=\"3 minutes\" \/>\n<script type=\"application\/ld+json\" class=\"yoast-schema-graph\">{\"@context\":\"https:\\\/\\\/schema.org\",\"@graph\":[{\"@type\":\"Article\",\"@id\":\"https:\\\/\\\/bale.ch\\\/journal\\\/bale-ville-nouveau-plan-velo-consultation-publique\\\/#article\",\"isPartOf\":{\"@id\":\"https:\\\/\\\/bale.ch\\\/journal\\\/bale-ville-nouveau-plan-velo-consultation-publique\\\/\"},\"author\":{\"name\":\"La R\u00e9daction\",\"@id\":\"https:\\\/\\\/bale.ch\\\/journal\\\/#\\\/schema\\\/person\\\/03ced978db3b7a5274c5cef003f352f5\"},\"headline\":\"\u00c0 B\u00e2le, un nouveau plan v\u00e9lo mis en consultation publique\",\"datePublished\":\"2026-05-06T15:51:29+00:00\",\"dateModified\":\"2026-05-06T15:51:35+00:00\",\"mainEntityOfPage\":{\"@id\":\"https:\\\/\\\/bale.ch\\\/journal\\\/bale-ville-nouveau-plan-velo-consultation-publique\\\/\"},\"wordCount\":441,\"publisher\":{\"@id\":\"https:\\\/\\\/bale.ch\\\/journal\\\/#organization\"},\"image\":{\"@id\":\"https:\\\/\\\/bale.ch\\\/journal\\\/bale-ville-nouveau-plan-velo-consultation-publique\\\/#primaryimage\"},\"thumbnailUrl\":\"https:\\\/\\\/bale.ch\\\/journal\\\/wp-content\\\/uploads\\\/2026\\\/05\\\/bale_basel_velo_fahrrad.png\",\"keywords\":[\"B\u00e2le\",\"Basel Stadt\",\"V\u00e9lo\"],\"articleSection\":[\"Actualit\u00e9s\",\"B\u00e2le Trinationale\"],\"inLanguage\":\"fr-FR\"},{\"@type\":\"WebPage\",\"@id\":\"https:\\\/\\\/bale.ch\\\/journal\\\/bale-ville-nouveau-plan-velo-consultation-publique\\\/\",\"url\":\"https:\\\/\\\/bale.ch\\\/journal\\\/bale-ville-nouveau-plan-velo-consultation-publique\\\/\",\"name\":\"\u00c0 B\u00e2le, un nouveau plan v\u00e9lo mis en consultation publique - Journal de B\u00e2le et Gen\u00e8ve\",\"isPartOf\":{\"@id\":\"https:\\\/\\\/bale.ch\\\/journal\\\/#website\"},\"primaryImageOfPage\":{\"@id\":\"https:\\\/\\\/bale.ch\\\/journal\\\/bale-ville-nouveau-plan-velo-consultation-publique\\\/#primaryimage\"},\"image\":{\"@id\":\"https:\\\/\\\/bale.ch\\\/journal\\\/bale-ville-nouveau-plan-velo-consultation-publique\\\/#primaryimage\"},\"thumbnailUrl\":\"https:\\\/\\\/bale.ch\\\/journal\\\/wp-content\\\/uploads\\\/2026\\\/05\\\/bale_basel_velo_fahrrad.png\",\"datePublished\":\"2026-05-06T15:51:29+00:00\",\"dateModified\":\"2026-05-06T15:51:35+00:00\",\"breadcrumb\":{\"@id\":\"https:\\\/\\\/bale.ch\\\/journal\\\/bale-ville-nouveau-plan-velo-consultation-publique\\\/#breadcrumb\"},\"inLanguage\":\"fr-FR\",\"potentialAction\":[{\"@type\":\"ReadAction\",\"target\":[\"https:\\\/\\\/bale.ch\\\/journal\\\/bale-ville-nouveau-plan-velo-consultation-publique\\\/\"]}]},{\"@type\":\"ImageObject\",\"inLanguage\":\"fr-FR\",\"@id\":\"https:\\\/\\\/bale.ch\\\/journal\\\/bale-ville-nouveau-plan-velo-consultation-publique\\\/#primaryimage\",\"url\":\"https:\\\/\\\/bale.ch\\\/journal\\\/wp-content\\\/uploads\\\/2026\\\/05\\\/bale_basel_velo_fahrrad.png\",\"contentUrl\":\"https:\\\/\\\/bale.ch\\\/journal\\\/wp-content\\\/uploads\\\/2026\\\/05\\\/bale_basel_velo_fahrrad.png\",\"width\":900,\"height\":484},{\"@type\":\"BreadcrumbList\",\"@id\":\"https:\\\/\\\/bale.ch\\\/journal\\\/bale-ville-nouveau-plan-velo-consultation-publique\\\/#breadcrumb\",\"itemListElement\":[{\"@type\":\"ListItem\",\"position\":1,\"name\":\"Accueil\",\"item\":\"https:\\\/\\\/bale.ch\\\/journal\\\/\"},{\"@type\":\"ListItem\",\"position\":2,\"name\":\"\u00c0 B\u00e2le, un nouveau plan v\u00e9lo mis en consultation publique\"}]},{\"@type\":\"WebSite\",\"@id\":\"https:\\\/\\\/bale.ch\\\/journal\\\/#website\",\"url\":\"https:\\\/\\\/bale.ch\\\/journal\\\/\",\"name\":\"Journal de B\u00e2le et Gen\u00e8ve\",\"description\":\"M\u00e9dia transfrontalier d&#039;actualit\u00e9s - News\",\"publisher\":{\"@id\":\"https:\\\/\\\/bale.ch\\\/journal\\\/#organization\"},\"potentialAction\":[{\"@type\":\"SearchAction\",\"target\":{\"@type\":\"EntryPoint\",\"urlTemplate\":\"https:\\\/\\\/bale.ch\\\/journal\\\/?s={search_term_string}\"},\"query-input\":{\"@type\":\"PropertyValueSpecification\",\"valueRequired\":true,\"valueName\":\"search_term_string\"}}],\"inLanguage\":\"fr-FR\"},{\"@type\":\"Organization\",\"@id\":\"https:\\\/\\\/bale.ch\\\/journal\\\/#organization\",\"name\":\"Journal de B\u00e2le et Gen\u00e8ve\",\"url\":\"https:\\\/\\\/bale.ch\\\/journal\\\/\",\"logo\":{\"@type\":\"ImageObject\",\"inLanguage\":\"fr-FR\",\"@id\":\"https:\\\/\\\/bale.ch\\\/journal\\\/#\\\/schema\\\/logo\\\/image\\\/\",\"url\":\"https:\\\/\\\/bale.ch\\\/journal\\\/wp-content\\\/uploads\\\/2023\\\/07\\\/journaldebale_logo_2023_nb.png\",\"contentUrl\":\"https:\\\/\\\/bale.ch\\\/journal\\\/wp-content\\\/uploads\\\/2023\\\/07\\\/journaldebale_logo_2023_nb.png\",\"width\":371,\"height\":127,\"caption\":\"Journal de B\u00e2le et Gen\u00e8ve\"},\"image\":{\"@id\":\"https:\\\/\\\/bale.ch\\\/journal\\\/#\\\/schema\\\/logo\\\/image\\\/\"}},{\"@type\":\"Person\",\"@id\":\"https:\\\/\\\/bale.ch\\\/journal\\\/#\\\/schema\\\/person\\\/03ced978db3b7a5274c5cef003f352f5\",\"name\":\"La R\u00e9daction\",\"image\":{\"@type\":\"ImageObject\",\"inLanguage\":\"fr-FR\",\"@id\":\"https:\\\/\\\/secure.gravatar.com\\\/avatar\\\/d1327e2ce8d2b860112f968a3f34686c9bdda7a463a1502cdd1070ac9d88cf1e?s=96&d=mm&r=g\",\"url\":\"https:\\\/\\\/secure.gravatar.com\\\/avatar\\\/d1327e2ce8d2b860112f968a3f34686c9bdda7a463a1502cdd1070ac9d88cf1e?s=96&d=mm&r=g\",\"contentUrl\":\"https:\\\/\\\/secure.gravatar.com\\\/avatar\\\/d1327e2ce8d2b860112f968a3f34686c9bdda7a463a1502cdd1070ac9d88cf1e?s=96&d=mm&r=g\",\"caption\":\"La R\u00e9daction\"},\"url\":\"https:\\\/\\\/bale.ch\\\/journal\\\/author\\\/laredaction\\\/\"}]}<\/script>\n<!-- \/ Yoast SEO plugin. -->","yoast_head_json":{"title":"\u00c0 B\u00e2le, un nouveau plan v\u00e9lo mis en consultation publique - Journal de B\u00e2le et Gen\u00e8ve","robots":{"index":"index","follow":"follow","max-snippet":"max-snippet:-1","max-image-preview":"max-image-preview:large","max-video-preview":"max-video-preview:-1"},"canonical":"https:\/\/bale.ch\/journal\/bale-ville-nouveau-plan-velo-consultation-publique\/","og_locale":"fr_FR","og_type":"article","og_title":"\u00c0 B\u00e2le, un nouveau plan v\u00e9lo mis en consultation publique - Journal de B\u00e2le et Gen\u00e8ve","og_description":"B\u00e2le-Ville \u2014 Le canton de B\u00e2le-Ville franchit une nouvelle \u00e9tape dans sa politique de mobilit\u00e9 douce. Le gouvernement cantonal a annonc\u00e9 l\u2019ouverture d\u2019une consultation publique autour du nouveau plan directeur Continuer la lecture","og_url":"https:\/\/bale.ch\/journal\/bale-ville-nouveau-plan-velo-consultation-publique\/","og_site_name":"Journal de B\u00e2le et Gen\u00e8ve","article_published_time":"2026-05-06T15:51:29+00:00","article_modified_time":"2026-05-06T15:51:35+00:00","og_image":[{"width":900,"height":484,"url":"https:\/\/bale.ch\/journal\/wp-content\/uploads\/2026\/05\/bale_basel_velo_fahrrad.png","type":"image\/png"}],"author":"La R\u00e9daction","twitter_card":"summary_large_image","twitter_misc":{"\u00c9crit par":"La R\u00e9daction","Dur\u00e9e de lecture estim\u00e9e":"3 minutes"},"schema":{"@context":"https:\/\/schema.org","@graph":[{"@type":"Article","@id":"https:\/\/bale.ch\/journal\/bale-ville-nouveau-plan-velo-consultation-publique\/#article","isPartOf":{"@id":"https:\/\/bale.ch\/journal\/bale-ville-nouveau-plan-velo-consultation-publique\/"},"author":{"name":"La R\u00e9daction","@id":"https:\/\/bale.ch\/journal\/#\/schema\/person\/03ced978db3b7a5274c5cef003f352f5"},"headline":"\u00c0 B\u00e2le, un nouveau plan v\u00e9lo mis en consultation publique","datePublished":"2026-05-06T15:51:29+00:00","dateModified":"2026-05-06T15:51:35+00:00","mainEntityOfPage":{"@id":"https:\/\/bale.ch\/journal\/bale-ville-nouveau-plan-velo-consultation-publique\/"},"wordCount":441,"publisher":{"@id":"https:\/\/bale.ch\/journal\/#organization"},"image":{"@id":"https:\/\/bale.ch\/journal\/bale-ville-nouveau-plan-velo-consultation-publique\/#primaryimage"},"thumbnailUrl":"https:\/\/bale.ch\/journal\/wp-content\/uploads\/2026\/05\/bale_basel_velo_fahrrad.png","keywords":["B\u00e2le","Basel Stadt","V\u00e9lo"],"articleSection":["Actualit\u00e9s","B\u00e2le Trinationale"],"inLanguage":"fr-FR"},{"@type":"WebPage","@id":"https:\/\/bale.ch\/journal\/bale-ville-nouveau-plan-velo-consultation-publique\/","url":"https:\/\/bale.ch\/journal\/bale-ville-nouveau-plan-velo-consultation-publique\/","name":"\u00c0 B\u00e2le, un nouveau plan v\u00e9lo mis en consultation publique - Journal de B\u00e2le et Gen\u00e8ve","isPartOf":{"@id":"https:\/\/bale.ch\/journal\/#website"},"primaryImageOfPage":{"@id":"https:\/\/bale.ch\/journal\/bale-ville-nouveau-plan-velo-consultation-publique\/#primaryimage"},"image":{"@id":"https:\/\/bale.ch\/journal\/bale-ville-nouveau-plan-velo-consultation-publique\/#primaryimage"},"thumbnailUrl":"https:\/\/bale.ch\/journal\/wp-content\/uploads\/2026\/05\/bale_basel_velo_fahrrad.png","datePublished":"2026-05-06T15:51:29+00:00","dateModified":"2026-05-06T15:51:35+00:00","breadcrumb":{"@id":"https:\/\/bale.ch\/journal\/bale-ville-nouveau-plan-velo-consultation-publique\/#breadcrumb"},"inLanguage":"fr-FR","potentialAction":[{"@type":"ReadAction","target":["https:\/\/bale.ch\/journal\/bale-ville-nouveau-plan-velo-consultation-publique\/"]}]},{"@type":"ImageObject","inLanguage":"fr-FR","@id":"https:\/\/bale.ch\/journal\/bale-ville-nouveau-plan-velo-consultation-publique\/#primaryimage","url":"https:\/\/bale.ch\/journal\/wp-content\/uploads\/2026\/05\/bale_basel_velo_fahrrad.png","contentUrl":"https:\/\/bale.ch\/journal\/wp-content\/uploads\/2026\/05\/bale_basel_velo_fahrrad.png","width":900,"height":484},{"@type":"BreadcrumbList","@id":"https:\/\/bale.ch\/journal\/bale-ville-nouveau-plan-velo-consultation-publique\/#breadcrumb","itemListElement":[{"@type":"ListItem","position":1,"name":"Accueil","item":"https:\/\/bale.ch\/journal\/"},{"@type":"ListItem","position":2,"name":"\u00c0 B\u00e2le, un nouveau plan v\u00e9lo mis en consultation publique"}]},{"@type":"WebSite","@id":"https:\/\/bale.ch\/journal\/#website","url":"https:\/\/bale.ch\/journal\/","name":"Journal de B\u00e2le et Gen\u00e8ve","description":"M\u00e9dia transfrontalier d&#039;actualit\u00e9s - News","publisher":{"@id":"https:\/\/bale.ch\/journal\/#organization"},"potentialAction":[{"@type":"SearchAction","target":{"@type":"EntryPoint","urlTemplate":"https:\/\/bale.ch\/journal\/?s={search_term_string}"},"query-input":{"@type":"PropertyValueSpecification","valueRequired":true,"valueName":"search_term_string"}}],"inLanguage":"fr-FR"},{"@type":"Organization","@id":"https:\/\/bale.ch\/journal\/#organization","name":"Journal de B\u00e2le et Gen\u00e8ve","url":"https:\/\/bale.ch\/journal\/","logo":{"@type":"ImageObject","inLanguage":"fr-FR","@id":"https:\/\/bale.ch\/journal\/#\/schema\/logo\/image\/","url":"https:\/\/bale.ch\/journal\/wp-content\/uploads\/2023\/07\/journaldebale_logo_2023_nb.png","contentUrl":"https:\/\/bale.ch\/journal\/wp-content\/uploads\/2023\/07\/journaldebale_logo_2023_nb.png","width":371,"height":127,"caption":"Journal de B\u00e2le et Gen\u00e8ve"},"image":{"@id":"https:\/\/bale.ch\/journal\/#\/schema\/logo\/image\/"}},{"@type":"Person","@id":"https:\/\/bale.ch\/journal\/#\/schema\/person\/03ced978db3b7a5274c5cef003f352f5","name":"La R\u00e9daction","image":{"@type":"ImageObject","inLanguage":"fr-FR","@id":"https:\/\/secure.gravatar.com\/avatar\/d1327e2ce8d2b860112f968a3f34686c9bdda7a463a1502cdd1070ac9d88cf1e?s=96&d=mm&r=g","url":"https:\/\/secure.gravatar.com\/avatar\/d1327e2ce8d2b860112f968a3f34686c9bdda7a463a1502cdd1070ac9d88cf1e?s=96&d=mm&r=g","contentUrl":"https:\/\/secure.gravatar.com\/avatar\/d1327e2ce8d2b860112f968a3f34686c9bdda7a463a1502cdd1070ac9d88cf1e?s=96&d=mm&r=g","caption":"La R\u00e9daction"},"url":"https:\/\/bale.ch\/journal\/author\/laredaction\/"}]}},"_links":{"self":[{"href":"https:\/\/bale.ch\/journal\/wp-json\/wp\/v2\/posts\/4036","targetHints":{"allow":["GET"]}}],"collection":[{"href":"https:\/\/bale.ch\/journal\/wp-json\/wp\/v2\/posts"}],"about":[{"href":"https:\/\/bale.ch\/journal\/wp-json\/wp\/v2\/types\/post"}],"author":[{"embeddable":true,"href":"https:\/\/bale.ch\/journal\/wp-json\/wp\/v2\/users\/2"}],"replies":[{"embeddable":true,"href":"https:\/\/bale.ch\/journal\/wp-json\/wp\/v2\/comments?post=4036"}],"version-history":[{"count":1,"href":"https:\/\/bale.ch\/journal\/wp-json\/wp\/v2\/posts\/4036\/revisions"}],"predecessor-version":[{"id":4038,"href":"https:\/\/bale.ch\/journal\/wp-json\/wp\/v2\/posts\/4036\/revisions\/4038"}],"wp:featuredmedia":[{"embeddable":true,"href":"https:\/\/bale.ch\/journal\/wp-json\/wp\/v2\/media\/4037"}],"wp:attachment":[{"href":"https:\/\/bale.ch\/journal\/wp-json\/wp\/v2\/media?parent=4036"}],"wp:term":[{"taxonomy":"category","embeddable":true,"href":"https:\/\/bale.ch\/journal\/wp-json\/wp\/v2\/categories?post=4036"},{"taxonomy":"post_tag","embeddable":true,"href":"https:\/\/bale.ch\/journal\/wp-json\/wp\/v2\/tags?post=4036"}],"curies":[{"name":"wp","href":"https:\/\/api.w.org\/{rel}","templated":true}]}}