{"id":4041,"date":"2026-05-10T12:10:10","date_gmt":"2026-05-10T12:10:10","guid":{"rendered":"https:\/\/bale.ch\/journal\/?p=4041"},"modified":"2026-05-10T12:10:13","modified_gmt":"2026-05-10T12:10:13","slug":"bale-programme-bike-care-basel","status":"publish","type":"post","link":"https:\/\/bale.ch\/journal\/bale-programme-bike-care-basel\/","title":{"rendered":"\u00c0 B\u00e2le, le programme \u00ab Bike Care \u00bb remet les v\u00e9los en \u00e9tat avant l\u2019\u00e9t\u00e9"},"content":{"rendered":"\n<p class=\"wp-block-paragraph\"><strong>Avec l\u2019arriv\u00e9e des beaux jours et l\u2019augmentation du trafic cycliste, le canton de B\u00e2le relance son op\u00e9ration \u00ab Bike Care Basel \u00bb, destin\u00e9e \u00e0 encourager l\u2019usage du v\u00e9lo en proposant de petites r\u00e9parations et des contr\u00f4les techniques gratuits.<\/strong><\/p>\n\n\n\n<p class=\"wp-block-paragraph\">Port\u00e9e par le d\u00e9partement cantonal de la mobilit\u00e9, cette initiative vise \u00e0 remettre en \u00e9tat les v\u00e9los du quotidien et \u00e0 sensibiliser les habitants \u00e0 l\u2019entretien de leur mat\u00e9riel. Pendant plusieurs semaines, des ateliers mobiles s\u2019installeront dans diff\u00e9rents quartiers de la ville pour effectuer des v\u00e9rifications rapides : freins, \u00e9clairage, pression des pneus, cha\u00eene ou encore r\u00e9glages de base. Les r\u00e9parations plus importantes seront, elles, redirig\u00e9es vers des ateliers sp\u00e9cialis\u00e9s.<\/p>\n\n\n\n<p class=\"wp-block-paragraph\">Le <strong><a href=\"https:\/\/www.basel-unterwegs.ch\/events-aktionen\/bikecare\/\" target=\"_blank\" rel=\"noreferrer noopener\">programme<\/a><\/strong> s\u2019adresse avant tout aux cyclistes urbains qui utilisent leur v\u00e9lo quotidiennement, mais n\u2019ont pas toujours le temps ou les moyens de r\u00e9aliser un entretien r\u00e9gulier. Les autorit\u00e9s soulignent que de nombreux accidents ou probl\u00e8mes de circulation pourraient \u00eatre \u00e9vit\u00e9s gr\u00e2ce \u00e0 des contr\u00f4les simples et r\u00e9guliers.<\/p><div id=\"crieu-4219353036\" class=\"crieu-content crieu-entity-placement\"><script async src=\"\/\/pagead2.googlesyndication.com\/pagead\/js\/adsbygoogle.js?client=ca-pub-5271584769416742\" crossorigin=\"anonymous\"><\/script><ins class=\"adsbygoogle\" style=\"display:block;\" data-ad-client=\"ca-pub-5271584769416742\" \ndata-ad-slot=\"9321250718\" \ndata-ad-format=\"auto\"><\/ins>\n<script> \n(adsbygoogle = window.adsbygoogle || []).push({}); \n<\/script>\n<\/div>\n\n\n\n<p class=\"wp-block-paragraph\">Cette campagne s\u2019inscrit dans une strat\u00e9gie plus large de promotion du v\u00e9lo \u00e0 B\u00e2le. La ville cherche depuis plusieurs ann\u00e9es \u00e0 renforcer la place de la mobilit\u00e9 douce dans l\u2019espace public, notamment \u00e0 travers le d\u00e9veloppement d\u2019infrastructures cyclables, la cr\u00e9ation d\u2019axes prioritaires et diverses actions de sensibilisation.<\/p>\n\n\n\n<p class=\"wp-block-paragraph\">Le succ\u00e8s du v\u00e9lo \u00e0 B\u00e2le est d\u00e9j\u00e0 visible dans les habitudes de d\u00e9placement : la bicyclette y repr\u00e9sente une part importante des trajets quotidiens, notamment pour les d\u00e9placements courts. Avec \u00ab Bike Care Basel \u00bb, les autorit\u00e9s veulent non seulement am\u00e9liorer la s\u00e9curit\u00e9 des usagers, mais aussi encourager davantage d\u2019habitants \u00e0 utiliser leur v\u00e9lo au quotidien.<\/p>\n\n\n\n<p class=\"wp-block-paragraph\">Au-del\u00e0 de l\u2019aspect pratique, l\u2019op\u00e9ration entend aussi cr\u00e9er un contact direct avec les habitants. Les ateliers deviennent des lieux d\u2019\u00e9change autour de la mobilit\u00e9, o\u00f9 les cyclistes peuvent poser des questions, obtenir des conseils ou discuter des am\u00e9nagements urbains.<\/p>\n\n\n\n<p class=\"wp-block-paragraph\">Dans une ville qui mise de plus en plus sur les transports durables, cette initiative illustre la volont\u00e9 des autorit\u00e9s de soutenir concr\u00e8tement les usages du v\u00e9lo, non seulement par les infrastructures, mais aussi par des services de proximit\u00e9.<\/p>\n<div id=\"crieu-1761503137\" class=\"crieu-apres-le-contenu crieu-entity-placement\" style=\"margin-left: auto;margin-right: auto;text-align: center;\"><script async src=\"\/\/pagead2.googlesyndication.com\/pagead\/js\/adsbygoogle.js?client=ca-pub-5271584769416742\" crossorigin=\"anonymous\"><\/script><ins class=\"adsbygoogle\" style=\"display:block;\" data-ad-client=\"ca-pub-5271584769416742\" \ndata-ad-slot=\"9321250718\" \ndata-ad-format=\"auto\"><\/ins>\n<script> \n(adsbygoogle = window.adsbygoogle || []).push({}); \n<\/script>\n<\/div>","protected":false},"excerpt":{"rendered":"<p>Avec l\u2019arriv\u00e9e des beaux jours et l\u2019augmentation du trafic cycliste, le canton de B\u00e2le relance son op\u00e9ration \u00ab Bike Care Basel \u00bb, destin\u00e9e \u00e0 encourager l\u2019usage du v\u00e9lo en proposant <a href=\"https:\/\/bale.ch\/journal\/bale-programme-bike-care-basel\/\" class=\"read-more button-fancy -red\"><span class=\"btn-arrow\"><\/span><span class=\"twp-read-more text\">Continuer la lecture<\/span><\/a><\/p>\n","protected":false},"author":2,"featured_media":4042,"comment_status":"closed","ping_status":"closed","sticky":false,"template":"","format":"standard","meta":{"footnotes":""},"categories":[103,7],"tags":[60,123,280,279,35,278],"class_list":["post-4041","post","type-post","status-publish","format-standard","has-post-thumbnail","hentry","category-actu","category-bale","tag-bale","tag-basel","tag-mobilite-douce","tag-mobilites","tag-transports","tag-velo"],"yoast_head":"<!-- This site is optimized with the Yoast SEO plugin v28.3 - https:\/\/yoast.com\/product\/yoast-seo-wordpress\/ -->\n<title>\u00c0 B\u00e2le, le programme \u00ab Bike Care \u00bb remet les v\u00e9los en \u00e9tat avant l\u2019\u00e9t\u00e9 - Journal de B\u00e2le et Gen\u00e8ve<\/title>\n<meta name=\"robots\" content=\"index, follow, max-snippet:-1, max-image-preview:large, max-video-preview:-1\" \/>\n<link rel=\"canonical\" href=\"https:\/\/bale.ch\/journal\/bale-programme-bike-care-basel\/\" \/>\n<meta property=\"og:locale\" content=\"fr_FR\" \/>\n<meta property=\"og:type\" content=\"article\" \/>\n<meta property=\"og:title\" content=\"\u00c0 B\u00e2le, le programme \u00ab Bike Care \u00bb remet les v\u00e9los en \u00e9tat avant l\u2019\u00e9t\u00e9 - Journal de B\u00e2le et Gen\u00e8ve\" \/>\n<meta property=\"og:description\" content=\"Avec l\u2019arriv\u00e9e des beaux jours et l\u2019augmentation du trafic cycliste, le canton de B\u00e2le relance son op\u00e9ration \u00ab Bike Care Basel \u00bb, destin\u00e9e \u00e0 encourager l\u2019usage du v\u00e9lo en proposant Continuer la lecture\" \/>\n<meta property=\"og:url\" content=\"https:\/\/bale.ch\/journal\/bale-programme-bike-care-basel\/\" \/>\n<meta property=\"og:site_name\" content=\"Journal de B\u00e2le et Gen\u00e8ve\" \/>\n<meta property=\"article:published_time\" content=\"2026-05-10T12:10:10+00:00\" \/>\n<meta property=\"article:modified_time\" content=\"2026-05-10T12:10:13+00:00\" \/>\n<meta property=\"og:image\" content=\"https:\/\/bale.ch\/journal\/wp-content\/uploads\/2026\/05\/bikecare-1.jpg\" \/>\n\t<meta property=\"og:image:width\" content=\"1600\" \/>\n\t<meta property=\"og:image:height\" content=\"800\" \/>\n\t<meta property=\"og:image:type\" content=\"image\/jpeg\" \/>\n<meta name=\"author\" content=\"La R\u00e9daction\" \/>\n<meta name=\"twitter:card\" content=\"summary_large_image\" \/>\n<meta name=\"twitter:label1\" content=\"\u00c9crit par\" \/>\n\t<meta name=\"twitter:data1\" content=\"La R\u00e9daction\" \/>\n\t<meta name=\"twitter:label2\" content=\"Dur\u00e9e de lecture estim\u00e9e\" \/>\n\t<meta name=\"twitter:data2\" content=\"2 minutes\" \/>\n<script type=\"application\/ld+json\" class=\"yoast-schema-graph\">{\"@context\":\"https:\\\/\\\/schema.org\",\"@graph\":[{\"@type\":\"Article\",\"@id\":\"https:\\\/\\\/bale.ch\\\/journal\\\/bale-programme-bike-care-basel\\\/#article\",\"isPartOf\":{\"@id\":\"https:\\\/\\\/bale.ch\\\/journal\\\/bale-programme-bike-care-basel\\\/\"},\"author\":{\"name\":\"La R\u00e9daction\",\"@id\":\"https:\\\/\\\/bale.ch\\\/journal\\\/#\\\/schema\\\/person\\\/03ced978db3b7a5274c5cef003f352f5\"},\"headline\":\"\u00c0 B\u00e2le, le programme \u00ab Bike Care \u00bb remet les v\u00e9los en \u00e9tat avant l\u2019\u00e9t\u00e9\",\"datePublished\":\"2026-05-10T12:10:10+00:00\",\"dateModified\":\"2026-05-10T12:10:13+00:00\",\"mainEntityOfPage\":{\"@id\":\"https:\\\/\\\/bale.ch\\\/journal\\\/bale-programme-bike-care-basel\\\/\"},\"wordCount\":403,\"publisher\":{\"@id\":\"https:\\\/\\\/bale.ch\\\/journal\\\/#organization\"},\"image\":{\"@id\":\"https:\\\/\\\/bale.ch\\\/journal\\\/bale-programme-bike-care-basel\\\/#primaryimage\"},\"thumbnailUrl\":\"https:\\\/\\\/bale.ch\\\/journal\\\/wp-content\\\/uploads\\\/2026\\\/05\\\/bikecare-1.jpg\",\"keywords\":[\"B\u00e2le\",\"Basel\",\"Mobilit\u00e9 douce\",\"Mobilit\u00e9s\",\"Transports\",\"V\u00e9lo\"],\"articleSection\":[\"Actualit\u00e9s\",\"B\u00e2le Trinationale\"],\"inLanguage\":\"fr-FR\"},{\"@type\":\"WebPage\",\"@id\":\"https:\\\/\\\/bale.ch\\\/journal\\\/bale-programme-bike-care-basel\\\/\",\"url\":\"https:\\\/\\\/bale.ch\\\/journal\\\/bale-programme-bike-care-basel\\\/\",\"name\":\"\u00c0 B\u00e2le, le programme \u00ab Bike Care \u00bb remet les v\u00e9los en \u00e9tat avant l\u2019\u00e9t\u00e9 - Journal de B\u00e2le et Gen\u00e8ve\",\"isPartOf\":{\"@id\":\"https:\\\/\\\/bale.ch\\\/journal\\\/#website\"},\"primaryImageOfPage\":{\"@id\":\"https:\\\/\\\/bale.ch\\\/journal\\\/bale-programme-bike-care-basel\\\/#primaryimage\"},\"image\":{\"@id\":\"https:\\\/\\\/bale.ch\\\/journal\\\/bale-programme-bike-care-basel\\\/#primaryimage\"},\"thumbnailUrl\":\"https:\\\/\\\/bale.ch\\\/journal\\\/wp-content\\\/uploads\\\/2026\\\/05\\\/bikecare-1.jpg\",\"datePublished\":\"2026-05-10T12:10:10+00:00\",\"dateModified\":\"2026-05-10T12:10:13+00:00\",\"breadcrumb\":{\"@id\":\"https:\\\/\\\/bale.ch\\\/journal\\\/bale-programme-bike-care-basel\\\/#breadcrumb\"},\"inLanguage\":\"fr-FR\",\"potentialAction\":[{\"@type\":\"ReadAction\",\"target\":[\"https:\\\/\\\/bale.ch\\\/journal\\\/bale-programme-bike-care-basel\\\/\"]}]},{\"@type\":\"ImageObject\",\"inLanguage\":\"fr-FR\",\"@id\":\"https:\\\/\\\/bale.ch\\\/journal\\\/bale-programme-bike-care-basel\\\/#primaryimage\",\"url\":\"https:\\\/\\\/bale.ch\\\/journal\\\/wp-content\\\/uploads\\\/2026\\\/05\\\/bikecare-1.jpg\",\"contentUrl\":\"https:\\\/\\\/bale.ch\\\/journal\\\/wp-content\\\/uploads\\\/2026\\\/05\\\/bikecare-1.jpg\",\"width\":1600,\"height\":800},{\"@type\":\"BreadcrumbList\",\"@id\":\"https:\\\/\\\/bale.ch\\\/journal\\\/bale-programme-bike-care-basel\\\/#breadcrumb\",\"itemListElement\":[{\"@type\":\"ListItem\",\"position\":1,\"name\":\"Accueil\",\"item\":\"https:\\\/\\\/bale.ch\\\/journal\\\/\"},{\"@type\":\"ListItem\",\"position\":2,\"name\":\"\u00c0 B\u00e2le, le programme \u00ab Bike Care \u00bb remet les v\u00e9los en \u00e9tat avant l\u2019\u00e9t\u00e9\"}]},{\"@type\":\"WebSite\",\"@id\":\"https:\\\/\\\/bale.ch\\\/journal\\\/#website\",\"url\":\"https:\\\/\\\/bale.ch\\\/journal\\\/\",\"name\":\"Journal de B\u00e2le et Gen\u00e8ve\",\"description\":\"M\u00e9dia transfrontalier d&#039;actualit\u00e9s - News\",\"publisher\":{\"@id\":\"https:\\\/\\\/bale.ch\\\/journal\\\/#organization\"},\"potentialAction\":[{\"@type\":\"SearchAction\",\"target\":{\"@type\":\"EntryPoint\",\"urlTemplate\":\"https:\\\/\\\/bale.ch\\\/journal\\\/?s={search_term_string}\"},\"query-input\":{\"@type\":\"PropertyValueSpecification\",\"valueRequired\":true,\"valueName\":\"search_term_string\"}}],\"inLanguage\":\"fr-FR\"},{\"@type\":\"Organization\",\"@id\":\"https:\\\/\\\/bale.ch\\\/journal\\\/#organization\",\"name\":\"Journal de B\u00e2le et Gen\u00e8ve\",\"url\":\"https:\\\/\\\/bale.ch\\\/journal\\\/\",\"logo\":{\"@type\":\"ImageObject\",\"inLanguage\":\"fr-FR\",\"@id\":\"https:\\\/\\\/bale.ch\\\/journal\\\/#\\\/schema\\\/logo\\\/image\\\/\",\"url\":\"https:\\\/\\\/bale.ch\\\/journal\\\/wp-content\\\/uploads\\\/2023\\\/07\\\/journaldebale_logo_2023_nb.png\",\"contentUrl\":\"https:\\\/\\\/bale.ch\\\/journal\\\/wp-content\\\/uploads\\\/2023\\\/07\\\/journaldebale_logo_2023_nb.png\",\"width\":371,\"height\":127,\"caption\":\"Journal de B\u00e2le et Gen\u00e8ve\"},\"image\":{\"@id\":\"https:\\\/\\\/bale.ch\\\/journal\\\/#\\\/schema\\\/logo\\\/image\\\/\"}},{\"@type\":\"Person\",\"@id\":\"https:\\\/\\\/bale.ch\\\/journal\\\/#\\\/schema\\\/person\\\/03ced978db3b7a5274c5cef003f352f5\",\"name\":\"La R\u00e9daction\",\"image\":{\"@type\":\"ImageObject\",\"inLanguage\":\"fr-FR\",\"@id\":\"https:\\\/\\\/secure.gravatar.com\\\/avatar\\\/d1327e2ce8d2b860112f968a3f34686c9bdda7a463a1502cdd1070ac9d88cf1e?s=96&d=mm&r=g\",\"url\":\"https:\\\/\\\/secure.gravatar.com\\\/avatar\\\/d1327e2ce8d2b860112f968a3f34686c9bdda7a463a1502cdd1070ac9d88cf1e?s=96&d=mm&r=g\",\"contentUrl\":\"https:\\\/\\\/secure.gravatar.com\\\/avatar\\\/d1327e2ce8d2b860112f968a3f34686c9bdda7a463a1502cdd1070ac9d88cf1e?s=96&d=mm&r=g\",\"caption\":\"La R\u00e9daction\"},\"url\":\"https:\\\/\\\/bale.ch\\\/journal\\\/author\\\/laredaction\\\/\"}]}<\/script>\n<!-- \/ Yoast SEO plugin. -->","yoast_head_json":{"title":"\u00c0 B\u00e2le, le programme \u00ab Bike Care \u00bb remet les v\u00e9los en \u00e9tat avant l\u2019\u00e9t\u00e9 - Journal de B\u00e2le et Gen\u00e8ve","robots":{"index":"index","follow":"follow","max-snippet":"max-snippet:-1","max-image-preview":"max-image-preview:large","max-video-preview":"max-video-preview:-1"},"canonical":"https:\/\/bale.ch\/journal\/bale-programme-bike-care-basel\/","og_locale":"fr_FR","og_type":"article","og_title":"\u00c0 B\u00e2le, le programme \u00ab Bike Care \u00bb remet les v\u00e9los en \u00e9tat avant l\u2019\u00e9t\u00e9 - Journal de B\u00e2le et Gen\u00e8ve","og_description":"Avec l\u2019arriv\u00e9e des beaux jours et l\u2019augmentation du trafic cycliste, le canton de B\u00e2le relance son op\u00e9ration \u00ab Bike Care Basel \u00bb, destin\u00e9e \u00e0 encourager l\u2019usage du v\u00e9lo en proposant Continuer la lecture","og_url":"https:\/\/bale.ch\/journal\/bale-programme-bike-care-basel\/","og_site_name":"Journal de B\u00e2le et Gen\u00e8ve","article_published_time":"2026-05-10T12:10:10+00:00","article_modified_time":"2026-05-10T12:10:13+00:00","og_image":[{"width":1600,"height":800,"url":"https:\/\/bale.ch\/journal\/wp-content\/uploads\/2026\/05\/bikecare-1.jpg","type":"image\/jpeg"}],"author":"La R\u00e9daction","twitter_card":"summary_large_image","twitter_misc":{"\u00c9crit par":"La R\u00e9daction","Dur\u00e9e de lecture estim\u00e9e":"2 minutes"},"schema":{"@context":"https:\/\/schema.org","@graph":[{"@type":"Article","@id":"https:\/\/bale.ch\/journal\/bale-programme-bike-care-basel\/#article","isPartOf":{"@id":"https:\/\/bale.ch\/journal\/bale-programme-bike-care-basel\/"},"author":{"name":"La R\u00e9daction","@id":"https:\/\/bale.ch\/journal\/#\/schema\/person\/03ced978db3b7a5274c5cef003f352f5"},"headline":"\u00c0 B\u00e2le, le programme \u00ab Bike Care \u00bb remet les v\u00e9los en \u00e9tat avant l\u2019\u00e9t\u00e9","datePublished":"2026-05-10T12:10:10+00:00","dateModified":"2026-05-10T12:10:13+00:00","mainEntityOfPage":{"@id":"https:\/\/bale.ch\/journal\/bale-programme-bike-care-basel\/"},"wordCount":403,"publisher":{"@id":"https:\/\/bale.ch\/journal\/#organization"},"image":{"@id":"https:\/\/bale.ch\/journal\/bale-programme-bike-care-basel\/#primaryimage"},"thumbnailUrl":"https:\/\/bale.ch\/journal\/wp-content\/uploads\/2026\/05\/bikecare-1.jpg","keywords":["B\u00e2le","Basel","Mobilit\u00e9 douce","Mobilit\u00e9s","Transports","V\u00e9lo"],"articleSection":["Actualit\u00e9s","B\u00e2le Trinationale"],"inLanguage":"fr-FR"},{"@type":"WebPage","@id":"https:\/\/bale.ch\/journal\/bale-programme-bike-care-basel\/","url":"https:\/\/bale.ch\/journal\/bale-programme-bike-care-basel\/","name":"\u00c0 B\u00e2le, le programme \u00ab Bike Care \u00bb remet les v\u00e9los en \u00e9tat avant l\u2019\u00e9t\u00e9 - Journal de B\u00e2le et Gen\u00e8ve","isPartOf":{"@id":"https:\/\/bale.ch\/journal\/#website"},"primaryImageOfPage":{"@id":"https:\/\/bale.ch\/journal\/bale-programme-bike-care-basel\/#primaryimage"},"image":{"@id":"https:\/\/bale.ch\/journal\/bale-programme-bike-care-basel\/#primaryimage"},"thumbnailUrl":"https:\/\/bale.ch\/journal\/wp-content\/uploads\/2026\/05\/bikecare-1.jpg","datePublished":"2026-05-10T12:10:10+00:00","dateModified":"2026-05-10T12:10:13+00:00","breadcrumb":{"@id":"https:\/\/bale.ch\/journal\/bale-programme-bike-care-basel\/#breadcrumb"},"inLanguage":"fr-FR","potentialAction":[{"@type":"ReadAction","target":["https:\/\/bale.ch\/journal\/bale-programme-bike-care-basel\/"]}]},{"@type":"ImageObject","inLanguage":"fr-FR","@id":"https:\/\/bale.ch\/journal\/bale-programme-bike-care-basel\/#primaryimage","url":"https:\/\/bale.ch\/journal\/wp-content\/uploads\/2026\/05\/bikecare-1.jpg","contentUrl":"https:\/\/bale.ch\/journal\/wp-content\/uploads\/2026\/05\/bikecare-1.jpg","width":1600,"height":800},{"@type":"BreadcrumbList","@id":"https:\/\/bale.ch\/journal\/bale-programme-bike-care-basel\/#breadcrumb","itemListElement":[{"@type":"ListItem","position":1,"name":"Accueil","item":"https:\/\/bale.ch\/journal\/"},{"@type":"ListItem","position":2,"name":"\u00c0 B\u00e2le, le programme \u00ab Bike Care \u00bb remet les v\u00e9los en \u00e9tat avant l\u2019\u00e9t\u00e9"}]},{"@type":"WebSite","@id":"https:\/\/bale.ch\/journal\/#website","url":"https:\/\/bale.ch\/journal\/","name":"Journal de B\u00e2le et Gen\u00e8ve","description":"M\u00e9dia transfrontalier d&#039;actualit\u00e9s - News","publisher":{"@id":"https:\/\/bale.ch\/journal\/#organization"},"potentialAction":[{"@type":"SearchAction","target":{"@type":"EntryPoint","urlTemplate":"https:\/\/bale.ch\/journal\/?s={search_term_string}"},"query-input":{"@type":"PropertyValueSpecification","valueRequired":true,"valueName":"search_term_string"}}],"inLanguage":"fr-FR"},{"@type":"Organization","@id":"https:\/\/bale.ch\/journal\/#organization","name":"Journal de B\u00e2le et Gen\u00e8ve","url":"https:\/\/bale.ch\/journal\/","logo":{"@type":"ImageObject","inLanguage":"fr-FR","@id":"https:\/\/bale.ch\/journal\/#\/schema\/logo\/image\/","url":"https:\/\/bale.ch\/journal\/wp-content\/uploads\/2023\/07\/journaldebale_logo_2023_nb.png","contentUrl":"https:\/\/bale.ch\/journal\/wp-content\/uploads\/2023\/07\/journaldebale_logo_2023_nb.png","width":371,"height":127,"caption":"Journal de B\u00e2le et Gen\u00e8ve"},"image":{"@id":"https:\/\/bale.ch\/journal\/#\/schema\/logo\/image\/"}},{"@type":"Person","@id":"https:\/\/bale.ch\/journal\/#\/schema\/person\/03ced978db3b7a5274c5cef003f352f5","name":"La R\u00e9daction","image":{"@type":"ImageObject","inLanguage":"fr-FR","@id":"https:\/\/secure.gravatar.com\/avatar\/d1327e2ce8d2b860112f968a3f34686c9bdda7a463a1502cdd1070ac9d88cf1e?s=96&d=mm&r=g","url":"https:\/\/secure.gravatar.com\/avatar\/d1327e2ce8d2b860112f968a3f34686c9bdda7a463a1502cdd1070ac9d88cf1e?s=96&d=mm&r=g","contentUrl":"https:\/\/secure.gravatar.com\/avatar\/d1327e2ce8d2b860112f968a3f34686c9bdda7a463a1502cdd1070ac9d88cf1e?s=96&d=mm&r=g","caption":"La R\u00e9daction"},"url":"https:\/\/bale.ch\/journal\/author\/laredaction\/"}]}},"_links":{"self":[{"href":"https:\/\/bale.ch\/journal\/wp-json\/wp\/v2\/posts\/4041","targetHints":{"allow":["GET"]}}],"collection":[{"href":"https:\/\/bale.ch\/journal\/wp-json\/wp\/v2\/posts"}],"about":[{"href":"https:\/\/bale.ch\/journal\/wp-json\/wp\/v2\/types\/post"}],"author":[{"embeddable":true,"href":"https:\/\/bale.ch\/journal\/wp-json\/wp\/v2\/users\/2"}],"replies":[{"embeddable":true,"href":"https:\/\/bale.ch\/journal\/wp-json\/wp\/v2\/comments?post=4041"}],"version-history":[{"count":1,"href":"https:\/\/bale.ch\/journal\/wp-json\/wp\/v2\/posts\/4041\/revisions"}],"predecessor-version":[{"id":4043,"href":"https:\/\/bale.ch\/journal\/wp-json\/wp\/v2\/posts\/4041\/revisions\/4043"}],"wp:featuredmedia":[{"embeddable":true,"href":"https:\/\/bale.ch\/journal\/wp-json\/wp\/v2\/media\/4042"}],"wp:attachment":[{"href":"https:\/\/bale.ch\/journal\/wp-json\/wp\/v2\/media?parent=4041"}],"wp:term":[{"taxonomy":"category","embeddable":true,"href":"https:\/\/bale.ch\/journal\/wp-json\/wp\/v2\/categories?post=4041"},{"taxonomy":"post_tag","embeddable":true,"href":"https:\/\/bale.ch\/journal\/wp-json\/wp\/v2\/tags?post=4041"}],"curies":[{"name":"wp","href":"https:\/\/api.w.org\/{rel}","templated":true}]}}