{"id":4048,"date":"2026-05-10T12:43:48","date_gmt":"2026-05-10T12:43:48","guid":{"rendered":"https:\/\/bale.ch\/journal\/?p=4048"},"modified":"2026-05-10T12:43:50","modified_gmt":"2026-05-10T12:43:50","slug":"barometre-velo-bale-geneve-critique-cyclistes-suisse","status":"publish","type":"post","link":"https:\/\/bale.ch\/journal\/barometre-velo-bale-geneve-critique-cyclistes-suisse\/","title":{"rendered":"Barom\u00e8tre v\u00e9lo: B\u00e2le salu\u00e9e, Gen\u00e8ve critiqu\u00e9e par les cyclistes suisses"},"content":{"rendered":"\n<p class=\"wp-block-paragraph\"><strong>Les cyclistes suisses dressent un constat contrast\u00e9 de leurs villes. Dans son nouveau barom\u00e8tre national, PRO VELO Suisse met en lumi\u00e8re des \u00e9carts importants entre les agglom\u00e9rations, notamment entre B\u00e2le et Gen\u00e8ve. Si B\u00e2le appara\u00eet comme l\u2019une des villes les plus avanc\u00e9es du pays en mati\u00e8re de mobilit\u00e9 cyclable, Gen\u00e8ve continue d\u2019\u00eatre jug\u00e9e s\u00e9v\u00e8rement par de nombreux usagers.<\/strong><\/p>\n\n\n\n<p class=\"wp-block-paragraph\">L\u2019enqu\u00eate, r\u00e9alis\u00e9e aupr\u00e8s de milliers de cyclistes dans toute la Suisse, montre que B\u00e2le b\u00e9n\u00e9ficie d\u2019une image globalement positive. Les participants saluent un r\u00e9seau relativement dense, une place importante accord\u00e9e au v\u00e9lo dans l\u2019espace public et des infrastructures mieux int\u00e9gr\u00e9es que dans beaucoup d\u2019autres grandes villes. La culture cyclable y est ancienne et les autorit\u00e9s ont multipli\u00e9 ces derni\u00e8res ann\u00e9es les am\u00e9nagements d\u00e9di\u00e9s : axes prioritaires, stationnements, mesures de r\u00e9duction du trafic automobile ou encore d\u00e9veloppement des connexions transfrontali\u00e8res.<\/p>\n\n\n\n<p class=\"wp-block-paragraph\">Mais m\u00eame \u00e0 B\u00e2le, les critiques persistent. Les usagers demandent davantage de continuit\u00e9 entre les diff\u00e9rents itin\u00e9raires et d\u00e9noncent certains points noirs, notamment aux grands carrefours ou dans les zones o\u00f9 v\u00e9los et tramways doivent partager l\u2019espace.<\/p><div id=\"crieu-3095716001\" class=\"crieu-content crieu-entity-placement\"><script async src=\"\/\/pagead2.googlesyndication.com\/pagead\/js\/adsbygoogle.js?client=ca-pub-5271584769416742\" crossorigin=\"anonymous\"><\/script><ins class=\"adsbygoogle\" style=\"display:block;\" data-ad-client=\"ca-pub-5271584769416742\" \ndata-ad-slot=\"9321250718\" \ndata-ad-format=\"auto\"><\/ins>\n<script> \n(adsbygoogle = window.adsbygoogle || []).push({}); \n<\/script>\n<\/div>\n\n\n\n<h2 class=\"wp-block-heading\">Gen\u00e8ve pire ville suisse pour les cyclistes<\/h2>\n\n\n\n<p class=\"wp-block-paragraph\"><strong>\u00c0 Gen\u00e8ve, le ton est nettement plus s\u00e9v\u00e8re.<\/strong> Malgr\u00e9 plusieurs projets lanc\u00e9s depuis la pand\u00e9mie et la cr\u00e9ation de nouvelles pistes cyclables, beaucoup de r\u00e9pondants jugent les infrastructures insuffisantes et mal s\u00e9curis\u00e9es. Les critiques portent surtout sur le caract\u00e8re fragment\u00e9 du r\u00e9seau, les interruptions fr\u00e9quentes des pistes et la difficult\u00e9 de circuler dans un trafic automobile dense.<\/p>\n\n\n\n<p class=\"wp-block-paragraph\">Les cyclistes genevois \u00e9voquent aussi un manque de lisibilit\u00e9 des itin\u00e9raires et des conflits r\u00e9guliers avec voitures, bus ou pi\u00e9tons. Dans certains quartiers centraux, l\u2019espace disponible reste limit\u00e9, ce qui complique la cr\u00e9ation de v\u00e9ritables axes s\u00e9curis\u00e9s.<\/p>\n\n\n\n<p class=\"wp-block-paragraph\">Pour PRO VELO Suisse, ce contraste illustre deux rythmes diff\u00e9rents dans le d\u00e9veloppement des politiques cyclables urbaines. Alors que B\u00e2le semble entrer dans une phase d\u2019am\u00e9lioration qualitative de son r\u00e9seau, Gen\u00e8ve reste confront\u00e9e \u00e0 des d\u00e9bats plus fondamentaux sur le partage de l\u2019espace public et la place de la voiture en ville.<\/p>\n\n\n\n<p class=\"wp-block-paragraph\">L\u2019association estime toutefois que les attentes augmentent partout en Suisse. Avec la progression du v\u00e9lo dans les d\u00e9placements quotidiens, les usagers ne r\u00e9clament plus seulement quelques pistes suppl\u00e9mentaires, mais des r\u00e9seaux coh\u00e9rents, continus et r\u00e9ellement s\u00e9curis\u00e9s.<\/p>\n\n\n\n<p class=\"wp-block-paragraph\">Le sujet est devenu d\u2019autant plus important depuis l\u2019entr\u00e9e en vigueur de la loi f\u00e9d\u00e9rale sur les voies cyclables, qui oblige d\u00e9sormais cantons et communes \u00e0 planifier des infrastructures adapt\u00e9es dans les prochaines ann\u00e9es.<\/p>\n\n\n\n<p class=\"wp-block-paragraph\">Au-del\u00e0 du classement entre villes, le barom\u00e8tre montre surtout une \u00e9volution profonde des habitudes de mobilit\u00e9 : le v\u00e9lo s\u2019impose progressivement comme un mode de transport central dans les grandes agglom\u00e9rations suisses \u2014 et les citoyens attendent d\u00e9sormais que les infrastructures suivent.<\/p>\n\n\n\n<p class=\"wp-block-paragraph\"><\/p>\n<div id=\"crieu-3097131205\" class=\"crieu-apres-le-contenu crieu-entity-placement\" style=\"margin-left: auto;margin-right: auto;text-align: center;\"><script async src=\"\/\/pagead2.googlesyndication.com\/pagead\/js\/adsbygoogle.js?client=ca-pub-5271584769416742\" crossorigin=\"anonymous\"><\/script><ins class=\"adsbygoogle\" style=\"display:block;\" data-ad-client=\"ca-pub-5271584769416742\" \ndata-ad-slot=\"9321250718\" \ndata-ad-format=\"auto\"><\/ins>\n<script> \n(adsbygoogle = window.adsbygoogle || []).push({}); \n<\/script>\n<\/div>","protected":false},"excerpt":{"rendered":"<p>Les cyclistes suisses dressent un constat contrast\u00e9 de leurs villes. Dans son nouveau barom\u00e8tre national, PRO VELO Suisse met en lumi\u00e8re des \u00e9carts importants entre les agglom\u00e9rations, notamment entre B\u00e2le <a href=\"https:\/\/bale.ch\/journal\/barometre-velo-bale-geneve-critique-cyclistes-suisse\/\" class=\"read-more button-fancy -red\"><span class=\"btn-arrow\"><\/span><span class=\"twp-read-more text\">Continuer la lecture<\/span><\/a><\/p>\n","protected":false},"author":2,"featured_media":4049,"comment_status":"closed","ping_status":"closed","sticky":false,"template":"","format":"standard","meta":{"footnotes":""},"categories":[103,7,4],"tags":[60,195,74,280,278],"class_list":["post-4048","post","type-post","status-publish","format-standard","has-post-thumbnail","hentry","category-actu","category-bale","category-grand-geneve","tag-bale","tag-basel-stadt","tag-geneve","tag-mobilite-douce","tag-velo"],"yoast_head":"<!-- This site is optimized with the Yoast SEO plugin v28.3 - https:\/\/yoast.com\/product\/yoast-seo-wordpress\/ -->\n<title>Barom\u00e8tre v\u00e9lo: B\u00e2le salu\u00e9e, Gen\u00e8ve critiqu\u00e9e par les cyclistes suisses - Journal de B\u00e2le et Gen\u00e8ve<\/title>\n<meta name=\"robots\" content=\"index, follow, max-snippet:-1, max-image-preview:large, max-video-preview:-1\" \/>\n<link rel=\"canonical\" href=\"https:\/\/bale.ch\/journal\/barometre-velo-bale-geneve-critique-cyclistes-suisse\/\" \/>\n<meta property=\"og:locale\" content=\"fr_FR\" \/>\n<meta property=\"og:type\" content=\"article\" \/>\n<meta property=\"og:title\" content=\"Barom\u00e8tre v\u00e9lo: B\u00e2le salu\u00e9e, Gen\u00e8ve critiqu\u00e9e par les cyclistes suisses - Journal de B\u00e2le et Gen\u00e8ve\" \/>\n<meta property=\"og:description\" content=\"Les cyclistes suisses dressent un constat contrast\u00e9 de leurs villes. Dans son nouveau barom\u00e8tre national, PRO VELO Suisse met en lumi\u00e8re des \u00e9carts importants entre les agglom\u00e9rations, notamment entre B\u00e2le Continuer la lecture\" \/>\n<meta property=\"og:url\" content=\"https:\/\/bale.ch\/journal\/barometre-velo-bale-geneve-critique-cyclistes-suisse\/\" \/>\n<meta property=\"og:site_name\" content=\"Journal de B\u00e2le et Gen\u00e8ve\" \/>\n<meta property=\"article:published_time\" content=\"2026-05-10T12:43:48+00:00\" \/>\n<meta property=\"article:modified_time\" content=\"2026-05-10T12:43:50+00:00\" \/>\n<meta property=\"og:image\" content=\"https:\/\/bale.ch\/journal\/wp-content\/uploads\/2026\/05\/provelo_photo-scaled.jpg\" \/>\n\t<meta property=\"og:image:width\" content=\"2560\" \/>\n\t<meta property=\"og:image:height\" content=\"1920\" \/>\n\t<meta property=\"og:image:type\" content=\"image\/jpeg\" \/>\n<meta name=\"author\" content=\"La R\u00e9daction\" \/>\n<meta name=\"twitter:card\" content=\"summary_large_image\" \/>\n<meta name=\"twitter:label1\" content=\"\u00c9crit par\" \/>\n\t<meta name=\"twitter:data1\" content=\"La R\u00e9daction\" \/>\n\t<meta name=\"twitter:label2\" content=\"Dur\u00e9e de lecture estim\u00e9e\" \/>\n\t<meta name=\"twitter:data2\" content=\"3 minutes\" \/>\n<script type=\"application\/ld+json\" class=\"yoast-schema-graph\">{\"@context\":\"https:\\\/\\\/schema.org\",\"@graph\":[{\"@type\":\"Article\",\"@id\":\"https:\\\/\\\/bale.ch\\\/journal\\\/barometre-velo-bale-geneve-critique-cyclistes-suisse\\\/#article\",\"isPartOf\":{\"@id\":\"https:\\\/\\\/bale.ch\\\/journal\\\/barometre-velo-bale-geneve-critique-cyclistes-suisse\\\/\"},\"author\":{\"name\":\"La R\u00e9daction\",\"@id\":\"https:\\\/\\\/bale.ch\\\/journal\\\/#\\\/schema\\\/person\\\/03ced978db3b7a5274c5cef003f352f5\"},\"headline\":\"Barom\u00e8tre v\u00e9lo: B\u00e2le salu\u00e9e, Gen\u00e8ve critiqu\u00e9e par les cyclistes suisses\",\"datePublished\":\"2026-05-10T12:43:48+00:00\",\"dateModified\":\"2026-05-10T12:43:50+00:00\",\"mainEntityOfPage\":{\"@id\":\"https:\\\/\\\/bale.ch\\\/journal\\\/barometre-velo-bale-geneve-critique-cyclistes-suisse\\\/\"},\"wordCount\":549,\"publisher\":{\"@id\":\"https:\\\/\\\/bale.ch\\\/journal\\\/#organization\"},\"image\":{\"@id\":\"https:\\\/\\\/bale.ch\\\/journal\\\/barometre-velo-bale-geneve-critique-cyclistes-suisse\\\/#primaryimage\"},\"thumbnailUrl\":\"https:\\\/\\\/bale.ch\\\/journal\\\/wp-content\\\/uploads\\\/2026\\\/05\\\/provelo_photo-scaled.jpg\",\"keywords\":[\"B\u00e2le\",\"Basel Stadt\",\"Gen\u00e8ve\",\"Mobilit\u00e9 douce\",\"V\u00e9lo\"],\"articleSection\":[\"Actualit\u00e9s\",\"B\u00e2le Trinationale\",\"Grand Gen\u00e8ve\"],\"inLanguage\":\"fr-FR\"},{\"@type\":\"WebPage\",\"@id\":\"https:\\\/\\\/bale.ch\\\/journal\\\/barometre-velo-bale-geneve-critique-cyclistes-suisse\\\/\",\"url\":\"https:\\\/\\\/bale.ch\\\/journal\\\/barometre-velo-bale-geneve-critique-cyclistes-suisse\\\/\",\"name\":\"Barom\u00e8tre v\u00e9lo: B\u00e2le salu\u00e9e, Gen\u00e8ve critiqu\u00e9e par les cyclistes suisses - Journal de B\u00e2le et Gen\u00e8ve\",\"isPartOf\":{\"@id\":\"https:\\\/\\\/bale.ch\\\/journal\\\/#website\"},\"primaryImageOfPage\":{\"@id\":\"https:\\\/\\\/bale.ch\\\/journal\\\/barometre-velo-bale-geneve-critique-cyclistes-suisse\\\/#primaryimage\"},\"image\":{\"@id\":\"https:\\\/\\\/bale.ch\\\/journal\\\/barometre-velo-bale-geneve-critique-cyclistes-suisse\\\/#primaryimage\"},\"thumbnailUrl\":\"https:\\\/\\\/bale.ch\\\/journal\\\/wp-content\\\/uploads\\\/2026\\\/05\\\/provelo_photo-scaled.jpg\",\"datePublished\":\"2026-05-10T12:43:48+00:00\",\"dateModified\":\"2026-05-10T12:43:50+00:00\",\"breadcrumb\":{\"@id\":\"https:\\\/\\\/bale.ch\\\/journal\\\/barometre-velo-bale-geneve-critique-cyclistes-suisse\\\/#breadcrumb\"},\"inLanguage\":\"fr-FR\",\"potentialAction\":[{\"@type\":\"ReadAction\",\"target\":[\"https:\\\/\\\/bale.ch\\\/journal\\\/barometre-velo-bale-geneve-critique-cyclistes-suisse\\\/\"]}]},{\"@type\":\"ImageObject\",\"inLanguage\":\"fr-FR\",\"@id\":\"https:\\\/\\\/bale.ch\\\/journal\\\/barometre-velo-bale-geneve-critique-cyclistes-suisse\\\/#primaryimage\",\"url\":\"https:\\\/\\\/bale.ch\\\/journal\\\/wp-content\\\/uploads\\\/2026\\\/05\\\/provelo_photo-scaled.jpg\",\"contentUrl\":\"https:\\\/\\\/bale.ch\\\/journal\\\/wp-content\\\/uploads\\\/2026\\\/05\\\/provelo_photo-scaled.jpg\",\"width\":2560,\"height\":1920},{\"@type\":\"BreadcrumbList\",\"@id\":\"https:\\\/\\\/bale.ch\\\/journal\\\/barometre-velo-bale-geneve-critique-cyclistes-suisse\\\/#breadcrumb\",\"itemListElement\":[{\"@type\":\"ListItem\",\"position\":1,\"name\":\"Accueil\",\"item\":\"https:\\\/\\\/bale.ch\\\/journal\\\/\"},{\"@type\":\"ListItem\",\"position\":2,\"name\":\"Barom\u00e8tre v\u00e9lo: B\u00e2le salu\u00e9e, Gen\u00e8ve critiqu\u00e9e par les cyclistes suisses\"}]},{\"@type\":\"WebSite\",\"@id\":\"https:\\\/\\\/bale.ch\\\/journal\\\/#website\",\"url\":\"https:\\\/\\\/bale.ch\\\/journal\\\/\",\"name\":\"Journal de B\u00e2le et Gen\u00e8ve\",\"description\":\"M\u00e9dia transfrontalier d&#039;actualit\u00e9s - News\",\"publisher\":{\"@id\":\"https:\\\/\\\/bale.ch\\\/journal\\\/#organization\"},\"potentialAction\":[{\"@type\":\"SearchAction\",\"target\":{\"@type\":\"EntryPoint\",\"urlTemplate\":\"https:\\\/\\\/bale.ch\\\/journal\\\/?s={search_term_string}\"},\"query-input\":{\"@type\":\"PropertyValueSpecification\",\"valueRequired\":true,\"valueName\":\"search_term_string\"}}],\"inLanguage\":\"fr-FR\"},{\"@type\":\"Organization\",\"@id\":\"https:\\\/\\\/bale.ch\\\/journal\\\/#organization\",\"name\":\"Journal de B\u00e2le et Gen\u00e8ve\",\"url\":\"https:\\\/\\\/bale.ch\\\/journal\\\/\",\"logo\":{\"@type\":\"ImageObject\",\"inLanguage\":\"fr-FR\",\"@id\":\"https:\\\/\\\/bale.ch\\\/journal\\\/#\\\/schema\\\/logo\\\/image\\\/\",\"url\":\"https:\\\/\\\/bale.ch\\\/journal\\\/wp-content\\\/uploads\\\/2023\\\/07\\\/journaldebale_logo_2023_nb.png\",\"contentUrl\":\"https:\\\/\\\/bale.ch\\\/journal\\\/wp-content\\\/uploads\\\/2023\\\/07\\\/journaldebale_logo_2023_nb.png\",\"width\":371,\"height\":127,\"caption\":\"Journal de B\u00e2le et Gen\u00e8ve\"},\"image\":{\"@id\":\"https:\\\/\\\/bale.ch\\\/journal\\\/#\\\/schema\\\/logo\\\/image\\\/\"}},{\"@type\":\"Person\",\"@id\":\"https:\\\/\\\/bale.ch\\\/journal\\\/#\\\/schema\\\/person\\\/03ced978db3b7a5274c5cef003f352f5\",\"name\":\"La R\u00e9daction\",\"image\":{\"@type\":\"ImageObject\",\"inLanguage\":\"fr-FR\",\"@id\":\"https:\\\/\\\/secure.gravatar.com\\\/avatar\\\/d1327e2ce8d2b860112f968a3f34686c9bdda7a463a1502cdd1070ac9d88cf1e?s=96&d=mm&r=g\",\"url\":\"https:\\\/\\\/secure.gravatar.com\\\/avatar\\\/d1327e2ce8d2b860112f968a3f34686c9bdda7a463a1502cdd1070ac9d88cf1e?s=96&d=mm&r=g\",\"contentUrl\":\"https:\\\/\\\/secure.gravatar.com\\\/avatar\\\/d1327e2ce8d2b860112f968a3f34686c9bdda7a463a1502cdd1070ac9d88cf1e?s=96&d=mm&r=g\",\"caption\":\"La R\u00e9daction\"},\"url\":\"https:\\\/\\\/bale.ch\\\/journal\\\/author\\\/laredaction\\\/\"}]}<\/script>\n<!-- \/ Yoast SEO plugin. -->","yoast_head_json":{"title":"Barom\u00e8tre v\u00e9lo: B\u00e2le salu\u00e9e, Gen\u00e8ve critiqu\u00e9e par les cyclistes suisses - Journal de B\u00e2le et Gen\u00e8ve","robots":{"index":"index","follow":"follow","max-snippet":"max-snippet:-1","max-image-preview":"max-image-preview:large","max-video-preview":"max-video-preview:-1"},"canonical":"https:\/\/bale.ch\/journal\/barometre-velo-bale-geneve-critique-cyclistes-suisse\/","og_locale":"fr_FR","og_type":"article","og_title":"Barom\u00e8tre v\u00e9lo: B\u00e2le salu\u00e9e, Gen\u00e8ve critiqu\u00e9e par les cyclistes suisses - Journal de B\u00e2le et Gen\u00e8ve","og_description":"Les cyclistes suisses dressent un constat contrast\u00e9 de leurs villes. Dans son nouveau barom\u00e8tre national, PRO VELO Suisse met en lumi\u00e8re des \u00e9carts importants entre les agglom\u00e9rations, notamment entre B\u00e2le Continuer la lecture","og_url":"https:\/\/bale.ch\/journal\/barometre-velo-bale-geneve-critique-cyclistes-suisse\/","og_site_name":"Journal de B\u00e2le et Gen\u00e8ve","article_published_time":"2026-05-10T12:43:48+00:00","article_modified_time":"2026-05-10T12:43:50+00:00","og_image":[{"width":2560,"height":1920,"url":"https:\/\/bale.ch\/journal\/wp-content\/uploads\/2026\/05\/provelo_photo-scaled.jpg","type":"image\/jpeg"}],"author":"La R\u00e9daction","twitter_card":"summary_large_image","twitter_misc":{"\u00c9crit par":"La R\u00e9daction","Dur\u00e9e de lecture estim\u00e9e":"3 minutes"},"schema":{"@context":"https:\/\/schema.org","@graph":[{"@type":"Article","@id":"https:\/\/bale.ch\/journal\/barometre-velo-bale-geneve-critique-cyclistes-suisse\/#article","isPartOf":{"@id":"https:\/\/bale.ch\/journal\/barometre-velo-bale-geneve-critique-cyclistes-suisse\/"},"author":{"name":"La R\u00e9daction","@id":"https:\/\/bale.ch\/journal\/#\/schema\/person\/03ced978db3b7a5274c5cef003f352f5"},"headline":"Barom\u00e8tre v\u00e9lo: B\u00e2le salu\u00e9e, Gen\u00e8ve critiqu\u00e9e par les cyclistes suisses","datePublished":"2026-05-10T12:43:48+00:00","dateModified":"2026-05-10T12:43:50+00:00","mainEntityOfPage":{"@id":"https:\/\/bale.ch\/journal\/barometre-velo-bale-geneve-critique-cyclistes-suisse\/"},"wordCount":549,"publisher":{"@id":"https:\/\/bale.ch\/journal\/#organization"},"image":{"@id":"https:\/\/bale.ch\/journal\/barometre-velo-bale-geneve-critique-cyclistes-suisse\/#primaryimage"},"thumbnailUrl":"https:\/\/bale.ch\/journal\/wp-content\/uploads\/2026\/05\/provelo_photo-scaled.jpg","keywords":["B\u00e2le","Basel Stadt","Gen\u00e8ve","Mobilit\u00e9 douce","V\u00e9lo"],"articleSection":["Actualit\u00e9s","B\u00e2le Trinationale","Grand Gen\u00e8ve"],"inLanguage":"fr-FR"},{"@type":"WebPage","@id":"https:\/\/bale.ch\/journal\/barometre-velo-bale-geneve-critique-cyclistes-suisse\/","url":"https:\/\/bale.ch\/journal\/barometre-velo-bale-geneve-critique-cyclistes-suisse\/","name":"Barom\u00e8tre v\u00e9lo: B\u00e2le salu\u00e9e, Gen\u00e8ve critiqu\u00e9e par les cyclistes suisses - Journal de B\u00e2le et Gen\u00e8ve","isPartOf":{"@id":"https:\/\/bale.ch\/journal\/#website"},"primaryImageOfPage":{"@id":"https:\/\/bale.ch\/journal\/barometre-velo-bale-geneve-critique-cyclistes-suisse\/#primaryimage"},"image":{"@id":"https:\/\/bale.ch\/journal\/barometre-velo-bale-geneve-critique-cyclistes-suisse\/#primaryimage"},"thumbnailUrl":"https:\/\/bale.ch\/journal\/wp-content\/uploads\/2026\/05\/provelo_photo-scaled.jpg","datePublished":"2026-05-10T12:43:48+00:00","dateModified":"2026-05-10T12:43:50+00:00","breadcrumb":{"@id":"https:\/\/bale.ch\/journal\/barometre-velo-bale-geneve-critique-cyclistes-suisse\/#breadcrumb"},"inLanguage":"fr-FR","potentialAction":[{"@type":"ReadAction","target":["https:\/\/bale.ch\/journal\/barometre-velo-bale-geneve-critique-cyclistes-suisse\/"]}]},{"@type":"ImageObject","inLanguage":"fr-FR","@id":"https:\/\/bale.ch\/journal\/barometre-velo-bale-geneve-critique-cyclistes-suisse\/#primaryimage","url":"https:\/\/bale.ch\/journal\/wp-content\/uploads\/2026\/05\/provelo_photo-scaled.jpg","contentUrl":"https:\/\/bale.ch\/journal\/wp-content\/uploads\/2026\/05\/provelo_photo-scaled.jpg","width":2560,"height":1920},{"@type":"BreadcrumbList","@id":"https:\/\/bale.ch\/journal\/barometre-velo-bale-geneve-critique-cyclistes-suisse\/#breadcrumb","itemListElement":[{"@type":"ListItem","position":1,"name":"Accueil","item":"https:\/\/bale.ch\/journal\/"},{"@type":"ListItem","position":2,"name":"Barom\u00e8tre v\u00e9lo: B\u00e2le salu\u00e9e, Gen\u00e8ve critiqu\u00e9e par les cyclistes suisses"}]},{"@type":"WebSite","@id":"https:\/\/bale.ch\/journal\/#website","url":"https:\/\/bale.ch\/journal\/","name":"Journal de B\u00e2le et Gen\u00e8ve","description":"M\u00e9dia transfrontalier d&#039;actualit\u00e9s - News","publisher":{"@id":"https:\/\/bale.ch\/journal\/#organization"},"potentialAction":[{"@type":"SearchAction","target":{"@type":"EntryPoint","urlTemplate":"https:\/\/bale.ch\/journal\/?s={search_term_string}"},"query-input":{"@type":"PropertyValueSpecification","valueRequired":true,"valueName":"search_term_string"}}],"inLanguage":"fr-FR"},{"@type":"Organization","@id":"https:\/\/bale.ch\/journal\/#organization","name":"Journal de B\u00e2le et Gen\u00e8ve","url":"https:\/\/bale.ch\/journal\/","logo":{"@type":"ImageObject","inLanguage":"fr-FR","@id":"https:\/\/bale.ch\/journal\/#\/schema\/logo\/image\/","url":"https:\/\/bale.ch\/journal\/wp-content\/uploads\/2023\/07\/journaldebale_logo_2023_nb.png","contentUrl":"https:\/\/bale.ch\/journal\/wp-content\/uploads\/2023\/07\/journaldebale_logo_2023_nb.png","width":371,"height":127,"caption":"Journal de B\u00e2le et Gen\u00e8ve"},"image":{"@id":"https:\/\/bale.ch\/journal\/#\/schema\/logo\/image\/"}},{"@type":"Person","@id":"https:\/\/bale.ch\/journal\/#\/schema\/person\/03ced978db3b7a5274c5cef003f352f5","name":"La R\u00e9daction","image":{"@type":"ImageObject","inLanguage":"fr-FR","@id":"https:\/\/secure.gravatar.com\/avatar\/d1327e2ce8d2b860112f968a3f34686c9bdda7a463a1502cdd1070ac9d88cf1e?s=96&d=mm&r=g","url":"https:\/\/secure.gravatar.com\/avatar\/d1327e2ce8d2b860112f968a3f34686c9bdda7a463a1502cdd1070ac9d88cf1e?s=96&d=mm&r=g","contentUrl":"https:\/\/secure.gravatar.com\/avatar\/d1327e2ce8d2b860112f968a3f34686c9bdda7a463a1502cdd1070ac9d88cf1e?s=96&d=mm&r=g","caption":"La R\u00e9daction"},"url":"https:\/\/bale.ch\/journal\/author\/laredaction\/"}]}},"_links":{"self":[{"href":"https:\/\/bale.ch\/journal\/wp-json\/wp\/v2\/posts\/4048","targetHints":{"allow":["GET"]}}],"collection":[{"href":"https:\/\/bale.ch\/journal\/wp-json\/wp\/v2\/posts"}],"about":[{"href":"https:\/\/bale.ch\/journal\/wp-json\/wp\/v2\/types\/post"}],"author":[{"embeddable":true,"href":"https:\/\/bale.ch\/journal\/wp-json\/wp\/v2\/users\/2"}],"replies":[{"embeddable":true,"href":"https:\/\/bale.ch\/journal\/wp-json\/wp\/v2\/comments?post=4048"}],"version-history":[{"count":1,"href":"https:\/\/bale.ch\/journal\/wp-json\/wp\/v2\/posts\/4048\/revisions"}],"predecessor-version":[{"id":4050,"href":"https:\/\/bale.ch\/journal\/wp-json\/wp\/v2\/posts\/4048\/revisions\/4050"}],"wp:featuredmedia":[{"embeddable":true,"href":"https:\/\/bale.ch\/journal\/wp-json\/wp\/v2\/media\/4049"}],"wp:attachment":[{"href":"https:\/\/bale.ch\/journal\/wp-json\/wp\/v2\/media?parent=4048"}],"wp:term":[{"taxonomy":"category","embeddable":true,"href":"https:\/\/bale.ch\/journal\/wp-json\/wp\/v2\/categories?post=4048"},{"taxonomy":"post_tag","embeddable":true,"href":"https:\/\/bale.ch\/journal\/wp-json\/wp\/v2\/tags?post=4048"}],"curies":[{"name":"wp","href":"https:\/\/api.w.org\/{rel}","templated":true}]}}