{"id":4070,"date":"2026-05-23T07:09:28","date_gmt":"2026-05-23T07:09:28","guid":{"rendered":"https:\/\/bale.ch\/journal\/?p=4070"},"modified":"2026-05-23T11:23:38","modified_gmt":"2026-05-23T11:23:38","slug":"bale-exposition-histoire-ville-alimentation","status":"publish","type":"post","link":"https:\/\/bale.ch\/journal\/bale-exposition-histoire-ville-alimentation\/","title":{"rendered":"\u00c0 B\u00e2le, une exposition raconte l\u2019histoire de la ville\u2026 \u00e0 travers son assiette"},"content":{"rendered":"\n<p class=\"wp-block-paragraph\"><strong>Et si l\u2019on racontait l\u2019histoire d\u2019une ville par ce qu\u2019elle mange ? \u00c0 partir du 23 mai 2026, le Museum Kleines Klingental propose une plong\u00e9e originale dans l\u2019histoire sociale et culturelle de B\u00e2le avec l\u2019exposition \u00ab Basel auf dem Teller \u2013 Kulinarische Stadtgeschichte(n) \u00bb (\u00ab B\u00e2le dans l\u2019assiette \u2013 histoires culinaires de la ville \u00bb). Jusqu\u2019au 21 mars 2027, le mus\u00e9e invite le public \u00e0 explorer plusieurs si\u00e8cles de traditions alimentaires, de transformations urbaines et d\u2019\u00e9volutions sociales \u00e0 travers la cuisine b\u00e2loise.<\/strong><\/p>\n\n\n\n<p class=\"wp-block-paragraph\">L\u2019exposition commence par un ouvrage embl\u00e9matique, la <em>Basler Kochschule<\/em> (\u00ab \u00c9cole de cuisine b\u00e2loise \u00bb), un livre de recettes publi\u00e9 en 1877 qui sert ici de point de d\u00e9part \u00e0 un voyage dans les habitudes alimentaires locales. \u00c0 travers objets, archives, photographies et r\u00e9cits du quotidien, le parcours retrace l\u2019histoire des sp\u00e9cialit\u00e9s b\u00e2loises, du commerce alimentaire et des mutations de la ville.<\/p>\n\n\n\n<p class=\"wp-block-paragraph\">On y d\u00e9couvre notamment comment certaines sp\u00e9cialit\u00e9s aujourd\u2019hui incontournables sont n\u00e9es dans les boulangeries et confiseries locales, souvent li\u00e9es aux grands rendez-vous populaires comme la Basler Fasnacht ou la foire d\u2019automne de B\u00e2le. Les c\u00e9l\u00e8bres p\u00e2tisseries, biscuits et douceurs locales racontent autant une histoire du go\u00fbt qu\u2019un rapport \u00e0 la f\u00eate, \u00e0 la sociabilit\u00e9 et \u00e0 l\u2019identit\u00e9 urbaine. Une photographie des ann\u00e9es 1950 montrant une vendeuse de <em>Rosekiechli<\/em> \u2014 p\u00e2tisserie traditionnelle servie \u00e0 la Herbstmesse \u2014 figure parmi les images embl\u00e9matiques de l\u2019exposition.<\/p><div id=\"crieu-1930871406\" class=\"crieu-content crieu-entity-placement\"><script async src=\"\/\/pagead2.googlesyndication.com\/pagead\/js\/adsbygoogle.js?client=ca-pub-5271584769416742\" crossorigin=\"anonymous\"><\/script><ins class=\"adsbygoogle\" style=\"display:block;\" data-ad-client=\"ca-pub-5271584769416742\" \ndata-ad-slot=\"9321250718\" \ndata-ad-format=\"auto\"><\/ins>\n<script> \n(adsbygoogle = window.adsbygoogle || []).push({}); \n<\/script>\n<\/div>\n\n\n\n<p class=\"wp-block-paragraph\">Mais l\u2019exposition ne s\u2019arr\u00eate pas aux plaisirs de table. Elle revient aussi sur des p\u00e9riodes plus difficiles, notamment les rationnements alimentaires durant les deux guerres mondiales. Malgr\u00e9 les r\u00e9formes agricoles du XIXe si\u00e8cle, rappelle le mus\u00e9e, une partie importante de la population b\u00e2loise a longtemps v\u00e9cu avec une alimentation simple, parfois pr\u00e9caire. L\u2019histoire de l\u2019aide aux plus d\u00e9munis et des cuisines sociales fait aussi partie du r\u00e9cit propos\u00e9.<\/p>\n\n\n\n<p class=\"wp-block-paragraph\">Autre angle explor\u00e9 : l\u2019\u00e9volution du commerce alimentaire. Avant l\u2019essor des supermarch\u00e9s, les habitants achetaient fruits, l\u00e9gumes et produits frais dans l\u2019espace public ou dans de petits commerces de quartier. Puis vinrent les cha\u00eenes de magasins, les camions de vente itin\u00e9rants de la Migros dans les ann\u00e9es 1930 et, apr\u00e8s-guerre, les premiers commerces en libre-service qui ont profond\u00e9ment transform\u00e9 la consommation quotidienne.<\/p>\n\n\n\n<p class=\"wp-block-paragraph\">L\u2019exposition s\u2019int\u00e9resse \u00e9galement au r\u00f4le de l\u2019industrie dans la r\u00e9volution alimentaire b\u00e2loise. Le mus\u00e9e rappelle par exemple qu\u2019une innovation devenue banale aujourd\u2019hui est n\u00e9e \u00e0 B\u00e2le en 1934 : le premier tube de moutarde au monde, symbole des bouleversements industriels qui ont chang\u00e9 les fa\u00e7ons de produire, conserver et consommer les aliments.<\/p>\n\n\n\n<p class=\"wp-block-paragraph\">Enfin, le parcours \u00e9tablit un lien avec le pr\u00e9sent. Veganisme, lutte contre le gaspillage alimentaire, retour aux produits r\u00e9gionaux ou influences internationales : la sc\u00e8ne gastronomique b\u00e2loise contemporaine est pr\u00e9sent\u00e9e comme le prolongement d\u2019une histoire culinaire toujours en mouvement. L\u2019exposition sera accompagn\u00e9e de visites et d\u2019\u00e9v\u00e9nements th\u00e9matiques tout au long de l\u2019ann\u00e9e.<\/p>\n\n\n\n<p class=\"wp-block-paragraph\">Pr\u00e9sent\u00e9e au bord du Rhin dans le b\u00e2timent historique du Klingental, cette exposition propose ainsi une autre mani\u00e8re de raconter B\u00e2le : non pas seulement par son architecture ou ses institutions, mais par ce que ses habitants ont cuisin\u00e9, partag\u00e9 \u2014 et parfois d\u00fb rationner \u2014 au fil des g\u00e9n\u00e9rations.<\/p>\n\n\n\n<p class=\"wp-block-paragraph\"><em>Du 23 mai 2026 au 21 mars 2027<br>Mus\u00e9e Kleines Klingental (MKK)<br>Unterer Rheinweg 26 &#8211; B\u00e2le<\/em><\/p>\n\n\n\n<p class=\"wp-block-paragraph\">Plus d&rsquo;infos <strong><a href=\"https:\/\/www.mkk.ch\/sonderausstellungen\/\">ici<\/a><\/strong><\/p>\n<div id=\"crieu-178602246\" class=\"crieu-apres-le-contenu crieu-entity-placement\" style=\"margin-left: auto;margin-right: auto;text-align: center;\"><script async src=\"\/\/pagead2.googlesyndication.com\/pagead\/js\/adsbygoogle.js?client=ca-pub-5271584769416742\" crossorigin=\"anonymous\"><\/script><ins class=\"adsbygoogle\" style=\"display:block;\" data-ad-client=\"ca-pub-5271584769416742\" \ndata-ad-slot=\"9321250718\" \ndata-ad-format=\"auto\"><\/ins>\n<script> \n(adsbygoogle = window.adsbygoogle || []).push({}); \n<\/script>\n<\/div>","protected":false},"excerpt":{"rendered":"<p>Et si l\u2019on racontait l\u2019histoire d\u2019une ville par ce qu\u2019elle mange ? \u00c0 partir du 23 mai 2026, le Museum Kleines Klingental propose une plong\u00e9e originale dans l\u2019histoire sociale et <a href=\"https:\/\/bale.ch\/journal\/bale-exposition-histoire-ville-alimentation\/\" class=\"read-more button-fancy -red\"><span class=\"btn-arrow\"><\/span><span class=\"twp-read-more text\">Continuer la lecture<\/span><\/a><\/p>\n","protected":false},"author":2,"featured_media":4071,"comment_status":"closed","ping_status":"closed","sticky":false,"template":"","format":"standard","meta":{"footnotes":""},"categories":[103,7,18],"tags":[286,60,123,36],"class_list":["post-4070","post","type-post","status-publish","format-standard","has-post-thumbnail","hentry","category-actu","category-bale","category-sortir","tag-alimentation","tag-bale","tag-basel","tag-musee"],"yoast_head":"<!-- This site is optimized with the Yoast SEO plugin v28.3 - https:\/\/yoast.com\/product\/yoast-seo-wordpress\/ -->\n<title>\u00c0 B\u00e2le, une exposition raconte l\u2019histoire de la ville\u2026 \u00e0 travers son assiette - Journal de B\u00e2le et Gen\u00e8ve<\/title>\n<meta name=\"robots\" content=\"index, follow, max-snippet:-1, max-image-preview:large, max-video-preview:-1\" \/>\n<link rel=\"canonical\" href=\"https:\/\/bale.ch\/journal\/bale-exposition-histoire-ville-alimentation\/\" \/>\n<meta property=\"og:locale\" content=\"fr_FR\" \/>\n<meta property=\"og:type\" content=\"article\" \/>\n<meta property=\"og:title\" content=\"\u00c0 B\u00e2le, une exposition raconte l\u2019histoire de la ville\u2026 \u00e0 travers son assiette - Journal de B\u00e2le et Gen\u00e8ve\" \/>\n<meta property=\"og:description\" content=\"Et si l\u2019on racontait l\u2019histoire d\u2019une ville par ce qu\u2019elle mange ? \u00c0 partir du 23 mai 2026, le Museum Kleines Klingental propose une plong\u00e9e originale dans l\u2019histoire sociale et Continuer la lecture\" \/>\n<meta property=\"og:url\" content=\"https:\/\/bale.ch\/journal\/bale-exposition-histoire-ville-alimentation\/\" \/>\n<meta property=\"og:site_name\" content=\"Journal de B\u00e2le et Gen\u00e8ve\" \/>\n<meta property=\"article:published_time\" content=\"2026-05-23T07:09:28+00:00\" \/>\n<meta property=\"article:modified_time\" content=\"2026-05-23T11:23:38+00:00\" \/>\n<meta name=\"author\" content=\"La R\u00e9daction\" \/>\n<meta name=\"twitter:card\" content=\"summary_large_image\" \/>\n<meta name=\"twitter:label1\" content=\"\u00c9crit par\" \/>\n\t<meta name=\"twitter:data1\" content=\"La R\u00e9daction\" \/>\n\t<meta name=\"twitter:label2\" content=\"Dur\u00e9e de lecture estim\u00e9e\" \/>\n\t<meta name=\"twitter:data2\" content=\"3 minutes\" \/>\n<script type=\"application\/ld+json\" class=\"yoast-schema-graph\">{\"@context\":\"https:\\\/\\\/schema.org\",\"@graph\":[{\"@type\":\"Article\",\"@id\":\"https:\\\/\\\/bale.ch\\\/journal\\\/bale-exposition-histoire-ville-alimentation\\\/#article\",\"isPartOf\":{\"@id\":\"https:\\\/\\\/bale.ch\\\/journal\\\/bale-exposition-histoire-ville-alimentation\\\/\"},\"author\":{\"name\":\"La R\u00e9daction\",\"@id\":\"https:\\\/\\\/bale.ch\\\/journal\\\/#\\\/schema\\\/person\\\/03ced978db3b7a5274c5cef003f352f5\"},\"headline\":\"\u00c0 B\u00e2le, une exposition raconte l\u2019histoire de la ville\u2026 \u00e0 travers son assiette\",\"datePublished\":\"2026-05-23T07:09:28+00:00\",\"dateModified\":\"2026-05-23T11:23:38+00:00\",\"mainEntityOfPage\":{\"@id\":\"https:\\\/\\\/bale.ch\\\/journal\\\/bale-exposition-histoire-ville-alimentation\\\/\"},\"wordCount\":609,\"publisher\":{\"@id\":\"https:\\\/\\\/bale.ch\\\/journal\\\/#organization\"},\"image\":{\"@id\":\"https:\\\/\\\/bale.ch\\\/journal\\\/bale-exposition-histoire-ville-alimentation\\\/#primaryimage\"},\"thumbnailUrl\":\"https:\\\/\\\/bale.ch\\\/journal\\\/wp-content\\\/uploads\\\/2026\\\/05\\\/basel_auf_dem_teller.avif\",\"keywords\":[\"Alimentation\",\"B\u00e2le\",\"Basel\",\"Mus\u00e9e\"],\"articleSection\":[\"Actualit\u00e9s\",\"B\u00e2le Trinationale\",\"Sortir\"],\"inLanguage\":\"fr-FR\"},{\"@type\":\"WebPage\",\"@id\":\"https:\\\/\\\/bale.ch\\\/journal\\\/bale-exposition-histoire-ville-alimentation\\\/\",\"url\":\"https:\\\/\\\/bale.ch\\\/journal\\\/bale-exposition-histoire-ville-alimentation\\\/\",\"name\":\"\u00c0 B\u00e2le, une exposition raconte l\u2019histoire de la ville\u2026 \u00e0 travers son assiette - Journal de B\u00e2le et Gen\u00e8ve\",\"isPartOf\":{\"@id\":\"https:\\\/\\\/bale.ch\\\/journal\\\/#website\"},\"primaryImageOfPage\":{\"@id\":\"https:\\\/\\\/bale.ch\\\/journal\\\/bale-exposition-histoire-ville-alimentation\\\/#primaryimage\"},\"image\":{\"@id\":\"https:\\\/\\\/bale.ch\\\/journal\\\/bale-exposition-histoire-ville-alimentation\\\/#primaryimage\"},\"thumbnailUrl\":\"https:\\\/\\\/bale.ch\\\/journal\\\/wp-content\\\/uploads\\\/2026\\\/05\\\/basel_auf_dem_teller.avif\",\"datePublished\":\"2026-05-23T07:09:28+00:00\",\"dateModified\":\"2026-05-23T11:23:38+00:00\",\"breadcrumb\":{\"@id\":\"https:\\\/\\\/bale.ch\\\/journal\\\/bale-exposition-histoire-ville-alimentation\\\/#breadcrumb\"},\"inLanguage\":\"fr-FR\",\"potentialAction\":[{\"@type\":\"ReadAction\",\"target\":[\"https:\\\/\\\/bale.ch\\\/journal\\\/bale-exposition-histoire-ville-alimentation\\\/\"]}]},{\"@type\":\"ImageObject\",\"inLanguage\":\"fr-FR\",\"@id\":\"https:\\\/\\\/bale.ch\\\/journal\\\/bale-exposition-histoire-ville-alimentation\\\/#primaryimage\",\"url\":\"https:\\\/\\\/bale.ch\\\/journal\\\/wp-content\\\/uploads\\\/2026\\\/05\\\/basel_auf_dem_teller.avif\",\"contentUrl\":\"https:\\\/\\\/bale.ch\\\/journal\\\/wp-content\\\/uploads\\\/2026\\\/05\\\/basel_auf_dem_teller.avif\",\"width\":1120,\"height\":560},{\"@type\":\"BreadcrumbList\",\"@id\":\"https:\\\/\\\/bale.ch\\\/journal\\\/bale-exposition-histoire-ville-alimentation\\\/#breadcrumb\",\"itemListElement\":[{\"@type\":\"ListItem\",\"position\":1,\"name\":\"Accueil\",\"item\":\"https:\\\/\\\/bale.ch\\\/journal\\\/\"},{\"@type\":\"ListItem\",\"position\":2,\"name\":\"\u00c0 B\u00e2le, une exposition raconte l\u2019histoire de la ville\u2026 \u00e0 travers son assiette\"}]},{\"@type\":\"WebSite\",\"@id\":\"https:\\\/\\\/bale.ch\\\/journal\\\/#website\",\"url\":\"https:\\\/\\\/bale.ch\\\/journal\\\/\",\"name\":\"Journal de B\u00e2le et Gen\u00e8ve\",\"description\":\"M\u00e9dia transfrontalier d&#039;actualit\u00e9s - News\",\"publisher\":{\"@id\":\"https:\\\/\\\/bale.ch\\\/journal\\\/#organization\"},\"potentialAction\":[{\"@type\":\"SearchAction\",\"target\":{\"@type\":\"EntryPoint\",\"urlTemplate\":\"https:\\\/\\\/bale.ch\\\/journal\\\/?s={search_term_string}\"},\"query-input\":{\"@type\":\"PropertyValueSpecification\",\"valueRequired\":true,\"valueName\":\"search_term_string\"}}],\"inLanguage\":\"fr-FR\"},{\"@type\":\"Organization\",\"@id\":\"https:\\\/\\\/bale.ch\\\/journal\\\/#organization\",\"name\":\"Journal de B\u00e2le et Gen\u00e8ve\",\"url\":\"https:\\\/\\\/bale.ch\\\/journal\\\/\",\"logo\":{\"@type\":\"ImageObject\",\"inLanguage\":\"fr-FR\",\"@id\":\"https:\\\/\\\/bale.ch\\\/journal\\\/#\\\/schema\\\/logo\\\/image\\\/\",\"url\":\"https:\\\/\\\/bale.ch\\\/journal\\\/wp-content\\\/uploads\\\/2023\\\/07\\\/journaldebale_logo_2023_nb.png\",\"contentUrl\":\"https:\\\/\\\/bale.ch\\\/journal\\\/wp-content\\\/uploads\\\/2023\\\/07\\\/journaldebale_logo_2023_nb.png\",\"width\":371,\"height\":127,\"caption\":\"Journal de B\u00e2le et Gen\u00e8ve\"},\"image\":{\"@id\":\"https:\\\/\\\/bale.ch\\\/journal\\\/#\\\/schema\\\/logo\\\/image\\\/\"}},{\"@type\":\"Person\",\"@id\":\"https:\\\/\\\/bale.ch\\\/journal\\\/#\\\/schema\\\/person\\\/03ced978db3b7a5274c5cef003f352f5\",\"name\":\"La R\u00e9daction\",\"image\":{\"@type\":\"ImageObject\",\"inLanguage\":\"fr-FR\",\"@id\":\"https:\\\/\\\/secure.gravatar.com\\\/avatar\\\/d1327e2ce8d2b860112f968a3f34686c9bdda7a463a1502cdd1070ac9d88cf1e?s=96&d=mm&r=g\",\"url\":\"https:\\\/\\\/secure.gravatar.com\\\/avatar\\\/d1327e2ce8d2b860112f968a3f34686c9bdda7a463a1502cdd1070ac9d88cf1e?s=96&d=mm&r=g\",\"contentUrl\":\"https:\\\/\\\/secure.gravatar.com\\\/avatar\\\/d1327e2ce8d2b860112f968a3f34686c9bdda7a463a1502cdd1070ac9d88cf1e?s=96&d=mm&r=g\",\"caption\":\"La R\u00e9daction\"},\"url\":\"https:\\\/\\\/bale.ch\\\/journal\\\/author\\\/laredaction\\\/\"}]}<\/script>\n<!-- \/ Yoast SEO plugin. -->","yoast_head_json":{"title":"\u00c0 B\u00e2le, une exposition raconte l\u2019histoire de la ville\u2026 \u00e0 travers son assiette - Journal de B\u00e2le et Gen\u00e8ve","robots":{"index":"index","follow":"follow","max-snippet":"max-snippet:-1","max-image-preview":"max-image-preview:large","max-video-preview":"max-video-preview:-1"},"canonical":"https:\/\/bale.ch\/journal\/bale-exposition-histoire-ville-alimentation\/","og_locale":"fr_FR","og_type":"article","og_title":"\u00c0 B\u00e2le, une exposition raconte l\u2019histoire de la ville\u2026 \u00e0 travers son assiette - Journal de B\u00e2le et Gen\u00e8ve","og_description":"Et si l\u2019on racontait l\u2019histoire d\u2019une ville par ce qu\u2019elle mange ? \u00c0 partir du 23 mai 2026, le Museum Kleines Klingental propose une plong\u00e9e originale dans l\u2019histoire sociale et Continuer la lecture","og_url":"https:\/\/bale.ch\/journal\/bale-exposition-histoire-ville-alimentation\/","og_site_name":"Journal de B\u00e2le et Gen\u00e8ve","article_published_time":"2026-05-23T07:09:28+00:00","article_modified_time":"2026-05-23T11:23:38+00:00","author":"La R\u00e9daction","twitter_card":"summary_large_image","twitter_misc":{"\u00c9crit par":"La R\u00e9daction","Dur\u00e9e de lecture estim\u00e9e":"3 minutes"},"schema":{"@context":"https:\/\/schema.org","@graph":[{"@type":"Article","@id":"https:\/\/bale.ch\/journal\/bale-exposition-histoire-ville-alimentation\/#article","isPartOf":{"@id":"https:\/\/bale.ch\/journal\/bale-exposition-histoire-ville-alimentation\/"},"author":{"name":"La R\u00e9daction","@id":"https:\/\/bale.ch\/journal\/#\/schema\/person\/03ced978db3b7a5274c5cef003f352f5"},"headline":"\u00c0 B\u00e2le, une exposition raconte l\u2019histoire de la ville\u2026 \u00e0 travers son assiette","datePublished":"2026-05-23T07:09:28+00:00","dateModified":"2026-05-23T11:23:38+00:00","mainEntityOfPage":{"@id":"https:\/\/bale.ch\/journal\/bale-exposition-histoire-ville-alimentation\/"},"wordCount":609,"publisher":{"@id":"https:\/\/bale.ch\/journal\/#organization"},"image":{"@id":"https:\/\/bale.ch\/journal\/bale-exposition-histoire-ville-alimentation\/#primaryimage"},"thumbnailUrl":"https:\/\/bale.ch\/journal\/wp-content\/uploads\/2026\/05\/basel_auf_dem_teller.avif","keywords":["Alimentation","B\u00e2le","Basel","Mus\u00e9e"],"articleSection":["Actualit\u00e9s","B\u00e2le Trinationale","Sortir"],"inLanguage":"fr-FR"},{"@type":"WebPage","@id":"https:\/\/bale.ch\/journal\/bale-exposition-histoire-ville-alimentation\/","url":"https:\/\/bale.ch\/journal\/bale-exposition-histoire-ville-alimentation\/","name":"\u00c0 B\u00e2le, une exposition raconte l\u2019histoire de la ville\u2026 \u00e0 travers son assiette - Journal de B\u00e2le et Gen\u00e8ve","isPartOf":{"@id":"https:\/\/bale.ch\/journal\/#website"},"primaryImageOfPage":{"@id":"https:\/\/bale.ch\/journal\/bale-exposition-histoire-ville-alimentation\/#primaryimage"},"image":{"@id":"https:\/\/bale.ch\/journal\/bale-exposition-histoire-ville-alimentation\/#primaryimage"},"thumbnailUrl":"https:\/\/bale.ch\/journal\/wp-content\/uploads\/2026\/05\/basel_auf_dem_teller.avif","datePublished":"2026-05-23T07:09:28+00:00","dateModified":"2026-05-23T11:23:38+00:00","breadcrumb":{"@id":"https:\/\/bale.ch\/journal\/bale-exposition-histoire-ville-alimentation\/#breadcrumb"},"inLanguage":"fr-FR","potentialAction":[{"@type":"ReadAction","target":["https:\/\/bale.ch\/journal\/bale-exposition-histoire-ville-alimentation\/"]}]},{"@type":"ImageObject","inLanguage":"fr-FR","@id":"https:\/\/bale.ch\/journal\/bale-exposition-histoire-ville-alimentation\/#primaryimage","url":"https:\/\/bale.ch\/journal\/wp-content\/uploads\/2026\/05\/basel_auf_dem_teller.avif","contentUrl":"https:\/\/bale.ch\/journal\/wp-content\/uploads\/2026\/05\/basel_auf_dem_teller.avif","width":1120,"height":560},{"@type":"BreadcrumbList","@id":"https:\/\/bale.ch\/journal\/bale-exposition-histoire-ville-alimentation\/#breadcrumb","itemListElement":[{"@type":"ListItem","position":1,"name":"Accueil","item":"https:\/\/bale.ch\/journal\/"},{"@type":"ListItem","position":2,"name":"\u00c0 B\u00e2le, une exposition raconte l\u2019histoire de la ville\u2026 \u00e0 travers son assiette"}]},{"@type":"WebSite","@id":"https:\/\/bale.ch\/journal\/#website","url":"https:\/\/bale.ch\/journal\/","name":"Journal de B\u00e2le et Gen\u00e8ve","description":"M\u00e9dia transfrontalier d&#039;actualit\u00e9s - News","publisher":{"@id":"https:\/\/bale.ch\/journal\/#organization"},"potentialAction":[{"@type":"SearchAction","target":{"@type":"EntryPoint","urlTemplate":"https:\/\/bale.ch\/journal\/?s={search_term_string}"},"query-input":{"@type":"PropertyValueSpecification","valueRequired":true,"valueName":"search_term_string"}}],"inLanguage":"fr-FR"},{"@type":"Organization","@id":"https:\/\/bale.ch\/journal\/#organization","name":"Journal de B\u00e2le et Gen\u00e8ve","url":"https:\/\/bale.ch\/journal\/","logo":{"@type":"ImageObject","inLanguage":"fr-FR","@id":"https:\/\/bale.ch\/journal\/#\/schema\/logo\/image\/","url":"https:\/\/bale.ch\/journal\/wp-content\/uploads\/2023\/07\/journaldebale_logo_2023_nb.png","contentUrl":"https:\/\/bale.ch\/journal\/wp-content\/uploads\/2023\/07\/journaldebale_logo_2023_nb.png","width":371,"height":127,"caption":"Journal de B\u00e2le et Gen\u00e8ve"},"image":{"@id":"https:\/\/bale.ch\/journal\/#\/schema\/logo\/image\/"}},{"@type":"Person","@id":"https:\/\/bale.ch\/journal\/#\/schema\/person\/03ced978db3b7a5274c5cef003f352f5","name":"La R\u00e9daction","image":{"@type":"ImageObject","inLanguage":"fr-FR","@id":"https:\/\/secure.gravatar.com\/avatar\/d1327e2ce8d2b860112f968a3f34686c9bdda7a463a1502cdd1070ac9d88cf1e?s=96&d=mm&r=g","url":"https:\/\/secure.gravatar.com\/avatar\/d1327e2ce8d2b860112f968a3f34686c9bdda7a463a1502cdd1070ac9d88cf1e?s=96&d=mm&r=g","contentUrl":"https:\/\/secure.gravatar.com\/avatar\/d1327e2ce8d2b860112f968a3f34686c9bdda7a463a1502cdd1070ac9d88cf1e?s=96&d=mm&r=g","caption":"La R\u00e9daction"},"url":"https:\/\/bale.ch\/journal\/author\/laredaction\/"}]}},"_links":{"self":[{"href":"https:\/\/bale.ch\/journal\/wp-json\/wp\/v2\/posts\/4070","targetHints":{"allow":["GET"]}}],"collection":[{"href":"https:\/\/bale.ch\/journal\/wp-json\/wp\/v2\/posts"}],"about":[{"href":"https:\/\/bale.ch\/journal\/wp-json\/wp\/v2\/types\/post"}],"author":[{"embeddable":true,"href":"https:\/\/bale.ch\/journal\/wp-json\/wp\/v2\/users\/2"}],"replies":[{"embeddable":true,"href":"https:\/\/bale.ch\/journal\/wp-json\/wp\/v2\/comments?post=4070"}],"version-history":[{"count":2,"href":"https:\/\/bale.ch\/journal\/wp-json\/wp\/v2\/posts\/4070\/revisions"}],"predecessor-version":[{"id":4080,"href":"https:\/\/bale.ch\/journal\/wp-json\/wp\/v2\/posts\/4070\/revisions\/4080"}],"wp:featuredmedia":[{"embeddable":true,"href":"https:\/\/bale.ch\/journal\/wp-json\/wp\/v2\/media\/4071"}],"wp:attachment":[{"href":"https:\/\/bale.ch\/journal\/wp-json\/wp\/v2\/media?parent=4070"}],"wp:term":[{"taxonomy":"category","embeddable":true,"href":"https:\/\/bale.ch\/journal\/wp-json\/wp\/v2\/categories?post=4070"},{"taxonomy":"post_tag","embeddable":true,"href":"https:\/\/bale.ch\/journal\/wp-json\/wp\/v2\/tags?post=4070"}],"curies":[{"name":"wp","href":"https:\/\/api.w.org\/{rel}","templated":true}]}}