{"id":408,"date":"2016-03-14T16:06:23","date_gmt":"2016-03-14T16:06:23","guid":{"rendered":"http:\/\/bale.ch\/journal\/?p=408"},"modified":"2016-03-15T14:55:35","modified_gmt":"2016-03-15T14:55:35","slug":"les-emigres-theatre-fusterie","status":"publish","type":"post","link":"https:\/\/bale.ch\/journal\/les-emigres-theatre-fusterie\/","title":{"rendered":"Les \u00c9migr\u00e9s au Temple de la Fusterie"},"content":{"rendered":"<p><strong>La pi\u00e8ce de Slawomir Mrozek transforme le Temple de la Fusterie en lieu d&rsquo;asile, comme il le fut lors de la r\u00e9vocation de l&rsquo;Edit de Nantes par Louis XIV.<!--more--><\/strong><\/p>\n<p>Pologne, deux hommes face \u00e0 face dans \u00a0le temple. Ils viennent d&rsquo;y \u00eatre transf\u00e9r\u00e9s. Ils ont \u00e9migr\u00e9s du m\u00eame pays, mais les motifs de leur d\u00e9part divergent. AA (Jacques Ma\u00eetre), intellectuel, fr\u00e9quentait sans doute l&rsquo;\u00e9lite dans son pays, et a certainement d\u00fb fuir pour des motifs politiques. XX (Vincent Jacquet), ouvrier, a tent\u00e9 sa chance comme des milliers de migrants \u00e9conomiques. Il a laiss\u00e9 sa famille au pays, et esp\u00e8re lui offrir une vie meilleure. Leurs points communs : une langue, une origine. Mais ce qui frappe, ce sont leurs nombreuses divergences \u00e9clatant en dents de scie \u00e0 intervalles r\u00e9guliers. Ils s&rsquo;affrontent, se r\u00e9confortent, se d\u00e9testent, se bousculent dans ce que l&rsquo;on pourrait ramener \u00e0 une lutte des classes minimaliste. Deux hommes repr\u00e9sentant \u00e0 eux seuls deux classes.<\/p>\n<p>L&rsquo;intellectuel th\u00e9orise sans comprendre un centi\u00e8me de la condition de l&rsquo;ouvrier, ni ses r\u00eaves, ni ses envies. Il dispose de tout l&rsquo;argent dont il a besoin. Ses mains ne sont pas ab\u00eem\u00e9es. L&rsquo;ouvrier travaille toujours plus pour gagner plus s&rsquo;imaginant qu&rsquo;il rentrera au pays tel l&rsquo;enfant prodigue et qu&rsquo;il y sera accueilli en h\u00e9ros. Entre les deux, un Polonais (Nicolas Fortini) fait des apparitions, nous rappelant que les deux hommes se trouvent en terre \u00e9trang\u00e8re, que la solitude les envahit de plus en plus et que la solidarit\u00e9 prend un tout autre sens lorsque c&rsquo;est sa propre peau qu&rsquo;il faut sauver.<\/p><div id=\"crieu-3426381065\" class=\"crieu-content crieu-entity-placement\"><script async src=\"\/\/pagead2.googlesyndication.com\/pagead\/js\/adsbygoogle.js?client=ca-pub-5271584769416742\" crossorigin=\"anonymous\"><\/script><ins class=\"adsbygoogle\" style=\"display:block;\" data-ad-client=\"ca-pub-5271584769416742\" \ndata-ad-slot=\"9321250718\" \ndata-ad-format=\"auto\"><\/ins>\n<script> \n(adsbygoogle = window.adsbygoogle || []).push({}); \n<\/script>\n<\/div>\n<p>Certaines des situations \u00e9voquant la farce, vous font osciller entre sourire et consternation. Les personnages r\u00e9v\u00e8lent les facettes multiples d&rsquo;une humanit\u00e9 \u00e0 la d\u00e9rive et \u00e0 la merci de l&rsquo;argent. Finalement, un \u00e9migr\u00e9 reste et demeure un \u00eatre complexe emportant de par le monde une histoire qui le d\u00e9passe et \u00e0 laquelle il ne saurait \u00e9chapper.<\/p>\n<p>La pi\u00e8ce Les \u00c9migr\u00e9s de Slawomir Mrozek interpr\u00e9t\u00e9e par la Compagnie Virgule, cr\u00e9\u00e9e en 2012 par Vincent Jacquet et Nicolas Fortini, est mise en sc\u00e8ne par Jacques Ma\u00eetre. Elle se joue au Temple de la Fusterie jusqu&rsquo;au 18 mars. Elle y sera reprise en juin.<\/p>\n<p>R\u00e9servations : 078 882 78 28<br \/>\nEspace Fusterie, Place de la Fusterie, Gen\u00e8ve<br \/>\nPlein tarif CHF 25.-<br \/>\nTarif r\u00e9duit CHF 18.-<\/p>\n<p><a href=\"http:\/\/www.compagnievirgule.ch\" target=\"_blank\">compagnievirgule.ch<\/a><\/p>\n<div id=\"crieu-3370769405\" class=\"crieu-apres-le-contenu crieu-entity-placement\" style=\"margin-left: auto;margin-right: auto;text-align: center;\"><script async src=\"\/\/pagead2.googlesyndication.com\/pagead\/js\/adsbygoogle.js?client=ca-pub-5271584769416742\" crossorigin=\"anonymous\"><\/script><ins class=\"adsbygoogle\" style=\"display:block;\" data-ad-client=\"ca-pub-5271584769416742\" \ndata-ad-slot=\"9321250718\" \ndata-ad-format=\"auto\"><\/ins>\n<script> \n(adsbygoogle = window.adsbygoogle || []).push({}); \n<\/script>\n<\/div>","protected":false},"excerpt":{"rendered":"<p>La pi\u00e8ce de Slawomir Mrozek transforme le Temple de la Fusterie en lieu d&rsquo;asile, comme il le fut lors de la r\u00e9vocation de l&rsquo;Edit de Nantes par Louis XIV.<\/p>\n","protected":false},"author":5,"featured_media":409,"comment_status":"closed","ping_status":"closed","sticky":false,"template":"","format":"standard","meta":{"footnotes":""},"categories":[10,4],"tags":[],"class_list":["post-408","post","type-post","status-publish","format-standard","has-post-thumbnail","hentry","category-culture","category-grand-geneve"],"yoast_head":"<!-- This site is optimized with the Yoast SEO plugin v28.3 - https:\/\/yoast.com\/product\/yoast-seo-wordpress\/ -->\n<title>Les \u00c9migr\u00e9s au Temple de la Fusterie - Journal de B\u00e2le et Gen\u00e8ve<\/title>\n<meta name=\"robots\" content=\"index, follow, max-snippet:-1, max-image-preview:large, max-video-preview:-1\" \/>\n<link rel=\"canonical\" href=\"https:\/\/bale.ch\/journal\/les-emigres-theatre-fusterie\/\" \/>\n<meta property=\"og:locale\" content=\"fr_FR\" \/>\n<meta property=\"og:type\" content=\"article\" \/>\n<meta property=\"og:title\" content=\"Les \u00c9migr\u00e9s au Temple de la Fusterie - Journal de B\u00e2le et Gen\u00e8ve\" \/>\n<meta property=\"og:description\" content=\"La pi\u00e8ce de Slawomir Mrozek transforme le Temple de la Fusterie en lieu d&rsquo;asile, comme il le fut lors de la r\u00e9vocation de l&rsquo;Edit de Nantes par Louis XIV.\" \/>\n<meta property=\"og:url\" content=\"https:\/\/bale.ch\/journal\/les-emigres-theatre-fusterie\/\" \/>\n<meta property=\"og:site_name\" content=\"Journal de B\u00e2le et Gen\u00e8ve\" \/>\n<meta property=\"article:published_time\" content=\"2016-03-14T16:06:23+00:00\" \/>\n<meta property=\"article:modified_time\" content=\"2016-03-15T14:55:35+00:00\" \/>\n<meta property=\"og:image\" content=\"https:\/\/bale.ch\/journal\/wp-content\/uploads\/2016\/03\/emigres_geneve.jpg\" \/>\n\t<meta property=\"og:image:width\" content=\"1000\" \/>\n\t<meta property=\"og:image:height\" content=\"563\" \/>\n\t<meta property=\"og:image:type\" content=\"image\/jpeg\" \/>\n<meta name=\"author\" content=\"Natacha de Santignac\" \/>\n<meta name=\"twitter:card\" content=\"summary_large_image\" \/>\n<meta name=\"twitter:label1\" content=\"\u00c9crit par\" \/>\n\t<meta name=\"twitter:data1\" content=\"Natacha de Santignac\" \/>\n\t<meta name=\"twitter:label2\" content=\"Dur\u00e9e de lecture estim\u00e9e\" \/>\n\t<meta name=\"twitter:data2\" content=\"2 minutes\" \/>\n<script type=\"application\/ld+json\" class=\"yoast-schema-graph\">{\"@context\":\"https:\\\/\\\/schema.org\",\"@graph\":[{\"@type\":\"Article\",\"@id\":\"https:\\\/\\\/bale.ch\\\/journal\\\/les-emigres-theatre-fusterie\\\/#article\",\"isPartOf\":{\"@id\":\"https:\\\/\\\/bale.ch\\\/journal\\\/les-emigres-theatre-fusterie\\\/\"},\"author\":{\"name\":\"Natacha de Santignac\",\"@id\":\"https:\\\/\\\/bale.ch\\\/journal\\\/#\\\/schema\\\/person\\\/c9c2f300463adf9091a28673ecb80750\"},\"headline\":\"Les \u00c9migr\u00e9s au Temple de la Fusterie\",\"datePublished\":\"2016-03-14T16:06:23+00:00\",\"dateModified\":\"2016-03-15T14:55:35+00:00\",\"mainEntityOfPage\":{\"@id\":\"https:\\\/\\\/bale.ch\\\/journal\\\/les-emigres-theatre-fusterie\\\/\"},\"wordCount\":429,\"publisher\":{\"@id\":\"https:\\\/\\\/bale.ch\\\/journal\\\/#organization\"},\"image\":{\"@id\":\"https:\\\/\\\/bale.ch\\\/journal\\\/les-emigres-theatre-fusterie\\\/#primaryimage\"},\"thumbnailUrl\":\"https:\\\/\\\/bale.ch\\\/journal\\\/wp-content\\\/uploads\\\/2016\\\/03\\\/emigres_geneve.jpg\",\"articleSection\":[\"Culture\",\"Grand Gen\u00e8ve\"],\"inLanguage\":\"fr-FR\"},{\"@type\":\"WebPage\",\"@id\":\"https:\\\/\\\/bale.ch\\\/journal\\\/les-emigres-theatre-fusterie\\\/\",\"url\":\"https:\\\/\\\/bale.ch\\\/journal\\\/les-emigres-theatre-fusterie\\\/\",\"name\":\"Les \u00c9migr\u00e9s au Temple de la Fusterie - Journal de B\u00e2le et Gen\u00e8ve\",\"isPartOf\":{\"@id\":\"https:\\\/\\\/bale.ch\\\/journal\\\/#website\"},\"primaryImageOfPage\":{\"@id\":\"https:\\\/\\\/bale.ch\\\/journal\\\/les-emigres-theatre-fusterie\\\/#primaryimage\"},\"image\":{\"@id\":\"https:\\\/\\\/bale.ch\\\/journal\\\/les-emigres-theatre-fusterie\\\/#primaryimage\"},\"thumbnailUrl\":\"https:\\\/\\\/bale.ch\\\/journal\\\/wp-content\\\/uploads\\\/2016\\\/03\\\/emigres_geneve.jpg\",\"datePublished\":\"2016-03-14T16:06:23+00:00\",\"dateModified\":\"2016-03-15T14:55:35+00:00\",\"breadcrumb\":{\"@id\":\"https:\\\/\\\/bale.ch\\\/journal\\\/les-emigres-theatre-fusterie\\\/#breadcrumb\"},\"inLanguage\":\"fr-FR\",\"potentialAction\":[{\"@type\":\"ReadAction\",\"target\":[\"https:\\\/\\\/bale.ch\\\/journal\\\/les-emigres-theatre-fusterie\\\/\"]}]},{\"@type\":\"ImageObject\",\"inLanguage\":\"fr-FR\",\"@id\":\"https:\\\/\\\/bale.ch\\\/journal\\\/les-emigres-theatre-fusterie\\\/#primaryimage\",\"url\":\"https:\\\/\\\/bale.ch\\\/journal\\\/wp-content\\\/uploads\\\/2016\\\/03\\\/emigres_geneve.jpg\",\"contentUrl\":\"https:\\\/\\\/bale.ch\\\/journal\\\/wp-content\\\/uploads\\\/2016\\\/03\\\/emigres_geneve.jpg\",\"width\":1000,\"height\":563,\"caption\":\"Photo Natacha de Santignac\"},{\"@type\":\"BreadcrumbList\",\"@id\":\"https:\\\/\\\/bale.ch\\\/journal\\\/les-emigres-theatre-fusterie\\\/#breadcrumb\",\"itemListElement\":[{\"@type\":\"ListItem\",\"position\":1,\"name\":\"Accueil\",\"item\":\"https:\\\/\\\/bale.ch\\\/journal\\\/\"},{\"@type\":\"ListItem\",\"position\":2,\"name\":\"Les \u00c9migr\u00e9s au Temple de la Fusterie\"}]},{\"@type\":\"WebSite\",\"@id\":\"https:\\\/\\\/bale.ch\\\/journal\\\/#website\",\"url\":\"https:\\\/\\\/bale.ch\\\/journal\\\/\",\"name\":\"Journal de B\u00e2le et Gen\u00e8ve\",\"description\":\"M\u00e9dia transfrontalier d&#039;actualit\u00e9s - News\",\"publisher\":{\"@id\":\"https:\\\/\\\/bale.ch\\\/journal\\\/#organization\"},\"potentialAction\":[{\"@type\":\"SearchAction\",\"target\":{\"@type\":\"EntryPoint\",\"urlTemplate\":\"https:\\\/\\\/bale.ch\\\/journal\\\/?s={search_term_string}\"},\"query-input\":{\"@type\":\"PropertyValueSpecification\",\"valueRequired\":true,\"valueName\":\"search_term_string\"}}],\"inLanguage\":\"fr-FR\"},{\"@type\":\"Organization\",\"@id\":\"https:\\\/\\\/bale.ch\\\/journal\\\/#organization\",\"name\":\"Journal de B\u00e2le et Gen\u00e8ve\",\"url\":\"https:\\\/\\\/bale.ch\\\/journal\\\/\",\"logo\":{\"@type\":\"ImageObject\",\"inLanguage\":\"fr-FR\",\"@id\":\"https:\\\/\\\/bale.ch\\\/journal\\\/#\\\/schema\\\/logo\\\/image\\\/\",\"url\":\"https:\\\/\\\/bale.ch\\\/journal\\\/wp-content\\\/uploads\\\/2023\\\/07\\\/journaldebale_logo_2023_nb.png\",\"contentUrl\":\"https:\\\/\\\/bale.ch\\\/journal\\\/wp-content\\\/uploads\\\/2023\\\/07\\\/journaldebale_logo_2023_nb.png\",\"width\":371,\"height\":127,\"caption\":\"Journal de B\u00e2le et Gen\u00e8ve\"},\"image\":{\"@id\":\"https:\\\/\\\/bale.ch\\\/journal\\\/#\\\/schema\\\/logo\\\/image\\\/\"}},{\"@type\":\"Person\",\"@id\":\"https:\\\/\\\/bale.ch\\\/journal\\\/#\\\/schema\\\/person\\\/c9c2f300463adf9091a28673ecb80750\",\"name\":\"Natacha de Santignac\",\"image\":{\"@type\":\"ImageObject\",\"inLanguage\":\"fr-FR\",\"@id\":\"https:\\\/\\\/secure.gravatar.com\\\/avatar\\\/bf2e26e0c999fa3e29ea55d852a513d13a609e3bf13537baf6fcc8306b6a0cdf?s=96&d=mm&r=g\",\"url\":\"https:\\\/\\\/secure.gravatar.com\\\/avatar\\\/bf2e26e0c999fa3e29ea55d852a513d13a609e3bf13537baf6fcc8306b6a0cdf?s=96&d=mm&r=g\",\"contentUrl\":\"https:\\\/\\\/secure.gravatar.com\\\/avatar\\\/bf2e26e0c999fa3e29ea55d852a513d13a609e3bf13537baf6fcc8306b6a0cdf?s=96&d=mm&r=g\",\"caption\":\"Natacha de Santignac\"},\"description\":\"kaleidoscopes.ch\",\"sameAs\":[\"http:\\\/\\\/kaleidoscopes.ch\"],\"url\":\"https:\\\/\\\/bale.ch\\\/journal\\\/author\\\/nds\\\/\"}]}<\/script>\n<!-- \/ Yoast SEO plugin. -->","yoast_head_json":{"title":"Les \u00c9migr\u00e9s au Temple de la Fusterie - Journal de B\u00e2le et Gen\u00e8ve","robots":{"index":"index","follow":"follow","max-snippet":"max-snippet:-1","max-image-preview":"max-image-preview:large","max-video-preview":"max-video-preview:-1"},"canonical":"https:\/\/bale.ch\/journal\/les-emigres-theatre-fusterie\/","og_locale":"fr_FR","og_type":"article","og_title":"Les \u00c9migr\u00e9s au Temple de la Fusterie - Journal de B\u00e2le et Gen\u00e8ve","og_description":"La pi\u00e8ce de Slawomir Mrozek transforme le Temple de la Fusterie en lieu d&rsquo;asile, comme il le fut lors de la r\u00e9vocation de l&rsquo;Edit de Nantes par Louis XIV.","og_url":"https:\/\/bale.ch\/journal\/les-emigres-theatre-fusterie\/","og_site_name":"Journal de B\u00e2le et Gen\u00e8ve","article_published_time":"2016-03-14T16:06:23+00:00","article_modified_time":"2016-03-15T14:55:35+00:00","og_image":[{"width":1000,"height":563,"url":"https:\/\/bale.ch\/journal\/wp-content\/uploads\/2016\/03\/emigres_geneve.jpg","type":"image\/jpeg"}],"author":"Natacha de Santignac","twitter_card":"summary_large_image","twitter_misc":{"\u00c9crit par":"Natacha de Santignac","Dur\u00e9e de lecture estim\u00e9e":"2 minutes"},"schema":{"@context":"https:\/\/schema.org","@graph":[{"@type":"Article","@id":"https:\/\/bale.ch\/journal\/les-emigres-theatre-fusterie\/#article","isPartOf":{"@id":"https:\/\/bale.ch\/journal\/les-emigres-theatre-fusterie\/"},"author":{"name":"Natacha de Santignac","@id":"https:\/\/bale.ch\/journal\/#\/schema\/person\/c9c2f300463adf9091a28673ecb80750"},"headline":"Les \u00c9migr\u00e9s au Temple de la Fusterie","datePublished":"2016-03-14T16:06:23+00:00","dateModified":"2016-03-15T14:55:35+00:00","mainEntityOfPage":{"@id":"https:\/\/bale.ch\/journal\/les-emigres-theatre-fusterie\/"},"wordCount":429,"publisher":{"@id":"https:\/\/bale.ch\/journal\/#organization"},"image":{"@id":"https:\/\/bale.ch\/journal\/les-emigres-theatre-fusterie\/#primaryimage"},"thumbnailUrl":"https:\/\/bale.ch\/journal\/wp-content\/uploads\/2016\/03\/emigres_geneve.jpg","articleSection":["Culture","Grand Gen\u00e8ve"],"inLanguage":"fr-FR"},{"@type":"WebPage","@id":"https:\/\/bale.ch\/journal\/les-emigres-theatre-fusterie\/","url":"https:\/\/bale.ch\/journal\/les-emigres-theatre-fusterie\/","name":"Les \u00c9migr\u00e9s au Temple de la Fusterie - Journal de B\u00e2le et Gen\u00e8ve","isPartOf":{"@id":"https:\/\/bale.ch\/journal\/#website"},"primaryImageOfPage":{"@id":"https:\/\/bale.ch\/journal\/les-emigres-theatre-fusterie\/#primaryimage"},"image":{"@id":"https:\/\/bale.ch\/journal\/les-emigres-theatre-fusterie\/#primaryimage"},"thumbnailUrl":"https:\/\/bale.ch\/journal\/wp-content\/uploads\/2016\/03\/emigres_geneve.jpg","datePublished":"2016-03-14T16:06:23+00:00","dateModified":"2016-03-15T14:55:35+00:00","breadcrumb":{"@id":"https:\/\/bale.ch\/journal\/les-emigres-theatre-fusterie\/#breadcrumb"},"inLanguage":"fr-FR","potentialAction":[{"@type":"ReadAction","target":["https:\/\/bale.ch\/journal\/les-emigres-theatre-fusterie\/"]}]},{"@type":"ImageObject","inLanguage":"fr-FR","@id":"https:\/\/bale.ch\/journal\/les-emigres-theatre-fusterie\/#primaryimage","url":"https:\/\/bale.ch\/journal\/wp-content\/uploads\/2016\/03\/emigres_geneve.jpg","contentUrl":"https:\/\/bale.ch\/journal\/wp-content\/uploads\/2016\/03\/emigres_geneve.jpg","width":1000,"height":563,"caption":"Photo Natacha de Santignac"},{"@type":"BreadcrumbList","@id":"https:\/\/bale.ch\/journal\/les-emigres-theatre-fusterie\/#breadcrumb","itemListElement":[{"@type":"ListItem","position":1,"name":"Accueil","item":"https:\/\/bale.ch\/journal\/"},{"@type":"ListItem","position":2,"name":"Les \u00c9migr\u00e9s au Temple de la Fusterie"}]},{"@type":"WebSite","@id":"https:\/\/bale.ch\/journal\/#website","url":"https:\/\/bale.ch\/journal\/","name":"Journal de B\u00e2le et Gen\u00e8ve","description":"M\u00e9dia transfrontalier d&#039;actualit\u00e9s - News","publisher":{"@id":"https:\/\/bale.ch\/journal\/#organization"},"potentialAction":[{"@type":"SearchAction","target":{"@type":"EntryPoint","urlTemplate":"https:\/\/bale.ch\/journal\/?s={search_term_string}"},"query-input":{"@type":"PropertyValueSpecification","valueRequired":true,"valueName":"search_term_string"}}],"inLanguage":"fr-FR"},{"@type":"Organization","@id":"https:\/\/bale.ch\/journal\/#organization","name":"Journal de B\u00e2le et Gen\u00e8ve","url":"https:\/\/bale.ch\/journal\/","logo":{"@type":"ImageObject","inLanguage":"fr-FR","@id":"https:\/\/bale.ch\/journal\/#\/schema\/logo\/image\/","url":"https:\/\/bale.ch\/journal\/wp-content\/uploads\/2023\/07\/journaldebale_logo_2023_nb.png","contentUrl":"https:\/\/bale.ch\/journal\/wp-content\/uploads\/2023\/07\/journaldebale_logo_2023_nb.png","width":371,"height":127,"caption":"Journal de B\u00e2le et Gen\u00e8ve"},"image":{"@id":"https:\/\/bale.ch\/journal\/#\/schema\/logo\/image\/"}},{"@type":"Person","@id":"https:\/\/bale.ch\/journal\/#\/schema\/person\/c9c2f300463adf9091a28673ecb80750","name":"Natacha de Santignac","image":{"@type":"ImageObject","inLanguage":"fr-FR","@id":"https:\/\/secure.gravatar.com\/avatar\/bf2e26e0c999fa3e29ea55d852a513d13a609e3bf13537baf6fcc8306b6a0cdf?s=96&d=mm&r=g","url":"https:\/\/secure.gravatar.com\/avatar\/bf2e26e0c999fa3e29ea55d852a513d13a609e3bf13537baf6fcc8306b6a0cdf?s=96&d=mm&r=g","contentUrl":"https:\/\/secure.gravatar.com\/avatar\/bf2e26e0c999fa3e29ea55d852a513d13a609e3bf13537baf6fcc8306b6a0cdf?s=96&d=mm&r=g","caption":"Natacha de Santignac"},"description":"kaleidoscopes.ch","sameAs":["http:\/\/kaleidoscopes.ch"],"url":"https:\/\/bale.ch\/journal\/author\/nds\/"}]}},"_links":{"self":[{"href":"https:\/\/bale.ch\/journal\/wp-json\/wp\/v2\/posts\/408","targetHints":{"allow":["GET"]}}],"collection":[{"href":"https:\/\/bale.ch\/journal\/wp-json\/wp\/v2\/posts"}],"about":[{"href":"https:\/\/bale.ch\/journal\/wp-json\/wp\/v2\/types\/post"}],"author":[{"embeddable":true,"href":"https:\/\/bale.ch\/journal\/wp-json\/wp\/v2\/users\/5"}],"replies":[{"embeddable":true,"href":"https:\/\/bale.ch\/journal\/wp-json\/wp\/v2\/comments?post=408"}],"version-history":[{"count":4,"href":"https:\/\/bale.ch\/journal\/wp-json\/wp\/v2\/posts\/408\/revisions"}],"predecessor-version":[{"id":414,"href":"https:\/\/bale.ch\/journal\/wp-json\/wp\/v2\/posts\/408\/revisions\/414"}],"wp:featuredmedia":[{"embeddable":true,"href":"https:\/\/bale.ch\/journal\/wp-json\/wp\/v2\/media\/409"}],"wp:attachment":[{"href":"https:\/\/bale.ch\/journal\/wp-json\/wp\/v2\/media?parent=408"}],"wp:term":[{"taxonomy":"category","embeddable":true,"href":"https:\/\/bale.ch\/journal\/wp-json\/wp\/v2\/categories?post=408"},{"taxonomy":"post_tag","embeddable":true,"href":"https:\/\/bale.ch\/journal\/wp-json\/wp\/v2\/tags?post=408"}],"curies":[{"name":"wp","href":"https:\/\/api.w.org\/{rel}","templated":true}]}}