{"id":4093,"date":"2026-06-07T11:34:00","date_gmt":"2026-06-07T11:34:00","guid":{"rendered":"https:\/\/bale.ch\/journal\/?p=4093"},"modified":"2026-06-07T11:34:06","modified_gmt":"2026-06-07T11:34:06","slug":"bale-zones-de-rencontre-quartiers","status":"publish","type":"post","link":"https:\/\/bale.ch\/journal\/bale-zones-de-rencontre-quartiers\/","title":{"rendered":"\u00c0 B\u00e2le, les \u00ab zones de rencontre \u00bb transforment progressivement les quartiers"},"content":{"rendered":"\n<p class=\"wp-block-paragraph\"><strong>Moins de vitesse, plus de vie de quartier : depuis plus de vingt ans, B\u00e2le d\u00e9veloppe un r\u00e9seau de \u00ab Begegnungszonen \u00bb, ou zones de rencontre, destin\u00e9es \u00e0 redonner de l\u2019espace aux habitants dans les rues r\u00e9sidentielles. Entre s\u00e9curit\u00e9 routi\u00e8re, convivialit\u00e9 et v\u00e9g\u00e9talisation, ces am\u00e9nagements sont devenus un \u00e9l\u00e9ment caract\u00e9ristique du paysage urbain b\u00e2lois.<\/strong><\/p>\n\n\n\n<p class=\"wp-block-paragraph\">Dans de nombreuses rues de B\u00e2le, les enfants jouent \u00e0 la craie sur la chauss\u00e9e, des voisins discutent sur un banc \u00e0 l\u2019ombre d\u2019un arbre et les cyclistes circulent au pas. Ces sc\u00e8nes sont rendues possibles par les \u00ab Begegnungszonen \u00bb, des zones de rencontre o\u00f9 les pi\u00e9tons sont prioritaires sur l\u2019ensemble des autres usagers et o\u00f9 la vitesse est limit\u00e9e \u00e0 20 km\/h.<\/p>\n\n\n\n<p class=\"wp-block-paragraph\">L\u2019objectif est simple : transformer certaines rues de quartier en v\u00e9ritables espaces de vie plut\u00f4t qu\u2019en simples axes de circulation. Le canton de B\u00e2le-Ville pr\u00e9sente ces zones comme des lieux de rencontre, de jeu et de d\u00e9tente qui contribuent \u00e0 am\u00e9liorer la qualit\u00e9 de vie dans les quartiers r\u00e9sidentiels. Elles permettent notamment aux habitants de se r\u00e9approprier l\u2019espace public et aux enfants de jouer plus librement \u00e0 proximit\u00e9 de leur domicile.<\/p><div id=\"crieu-560127959\" class=\"crieu-content crieu-entity-placement\"><script async src=\"\/\/pagead2.googlesyndication.com\/pagead\/js\/adsbygoogle.js?client=ca-pub-5271584769416742\" crossorigin=\"anonymous\"><\/script><ins class=\"adsbygoogle\" style=\"display:block;\" data-ad-client=\"ca-pub-5271584769416742\" \ndata-ad-slot=\"9321250718\" \ndata-ad-format=\"auto\"><\/ins>\n<script> \n(adsbygoogle = window.adsbygoogle || []).push({}); \n<\/script>\n<\/div>\n\n\n\n<p class=\"wp-block-paragraph\">Le concept n\u2019est pas nouveau. Les premi\u00e8res zones de rencontre ont \u00e9t\u00e9 am\u00e9nag\u00e9es \u00e0 B\u00e2le au d\u00e9but des ann\u00e9es 2000, apr\u00e8s une modification de la l\u00e9gislation f\u00e9d\u00e9rale suisse. La ville fait aujourd\u2019hui figure de pionni\u00e8re dans ce domaine. Plus de 90 zones de rencontre ont d\u00e9j\u00e0 \u00e9t\u00e9 cr\u00e9\u00e9es dans les quartiers b\u00e2lois \u00e0 la demande des habitants.<\/p>\n\n\n\n<p class=\"wp-block-paragraph\">Contrairement \u00e0 une zone 30 classique, la priorit\u00e9 y est invers\u00e9e : les pi\u00e9tons peuvent circuler sur toute la largeur de la rue et b\u00e9n\u00e9ficient de la priorit\u00e9 sur les voitures et les v\u00e9los. Le stationnement reste autoris\u00e9, mais uniquement aux emplacements signal\u00e9s.<\/p>\n\n\n\n<p class=\"wp-block-paragraph\">La cr\u00e9ation d\u2019une zone de rencontre repose d\u2019ailleurs largement sur l\u2019initiative citoyenne. Les riverains doivent d\u00e9poser une demande et recueillir le soutien d\u2019au moins un tiers des m\u00e9nages de la rue concern\u00e9e. Le canton \u00e9labore ensuite un projet qui est soumis \u00e0 consultation. Pour \u00eatre r\u00e9alis\u00e9, celui-ci doit obtenir l\u2019approbation des deux tiers des m\u00e9nages du tron\u00e7on concern\u00e9. Entre la demande initiale et l\u2019am\u00e9nagement effectif, il faut g\u00e9n\u00e9ralement compter environ un an et demi.<\/p>\n\n\n\n<p class=\"wp-block-paragraph\">Au fil des ann\u00e9es, ces espaces ont \u00e9galement \u00e9volu\u00e9. Depuis 2025, le D\u00e9partement des constructions et des transports teste un nouveau mobilier urbain dans certaines rues, notamment dans les quartiers de Birkenstrasse et de G\u00f6schenenstrasse. Les nouveaux am\u00e9nagements comprennent des bancs modulables, des bacs plant\u00e9s de grands arbustes et des dispositifs permettant d\u2019installer des voiles d\u2019ombrage. Le canton souhaite ainsi renforcer la v\u00e9g\u00e9talisation et rendre ces espaces encore plus agr\u00e9ables \u00e0 vivre tout en exp\u00e9rimentant des mat\u00e9riaux de construction \u00e0 faible empreinte carbone.<\/p>\n\n\n\n<p class=\"wp-block-paragraph\">Au-del\u00e0 de leur dimension urbanistique, les zones de rencontre illustrent une \u00e9volution plus large des politiques de mobilit\u00e9 \u00e0 B\u00e2le. Dans une ville qui mise fortement sur les transports publics, la marche et le v\u00e9lo, elles participent \u00e0 la r\u00e9duction du trafic de transit dans les quartiers r\u00e9sidentiels et \u00e0 la cr\u00e9ation d\u2019espaces publics davantage tourn\u00e9s vers les habitants.<\/p>\n\n\n\n<p class=\"wp-block-paragraph\">Si ces transformations suscitent parfois des d\u00e9bats, notamment sur la place de la voiture et du stationnement, elles s\u2019inscrivent dans une tendance observ\u00e9e dans de nombreuses villes europ\u00e9ennes : faire de la rue un lieu de vie partag\u00e9 plut\u00f4t qu\u2019un simple espace d\u00e9di\u00e9 \u00e0 la circulation.<\/p>\n\n\n\n<h2 class=\"wp-block-heading\">Cet article pourrait vous int\u00e9resser:<\/h2>\n\n\n\n<figure class=\"wp-block-embed is-type-wp-embed is-provider-journal-de-b-le-et-gen-ve wp-block-embed-journal-de-b-le-et-gen-ve\"><div class=\"wp-block-embed__wrapper\">\n<blockquote class=\"wp-embedded-content\" data-secret=\"1J79AY7ccV\"><a href=\"https:\/\/bale.ch\/journal\/bale-ville-nouveau-plan-velo-consultation-publique\/\">\u00c0 B\u00e2le, un nouveau plan v\u00e9lo mis en consultation publique<\/a><\/blockquote><iframe loading=\"lazy\" class=\"wp-embedded-content\" sandbox=\"allow-scripts\" security=\"restricted\" style=\"position: absolute; visibility: hidden;\" title=\"\u00ab\u00a0\u00c0 B\u00e2le, un nouveau plan v\u00e9lo mis en consultation publique\u00a0\u00bb \u2014 Journal de B\u00e2le et Gen\u00e8ve\" src=\"https:\/\/bale.ch\/journal\/bale-ville-nouveau-plan-velo-consultation-publique\/embed\/#?secret=UmNysLs0sL#?secret=1J79AY7ccV\" data-secret=\"1J79AY7ccV\" width=\"600\" height=\"338\" frameborder=\"0\" marginwidth=\"0\" marginheight=\"0\" scrolling=\"no\"><\/iframe>\n<\/div><\/figure>\n<div id=\"crieu-1678719124\" class=\"crieu-apres-le-contenu crieu-entity-placement\" style=\"margin-left: auto;margin-right: auto;text-align: center;\"><script async src=\"\/\/pagead2.googlesyndication.com\/pagead\/js\/adsbygoogle.js?client=ca-pub-5271584769416742\" crossorigin=\"anonymous\"><\/script><ins class=\"adsbygoogle\" style=\"display:block;\" data-ad-client=\"ca-pub-5271584769416742\" \ndata-ad-slot=\"9321250718\" \ndata-ad-format=\"auto\"><\/ins>\n<script> \n(adsbygoogle = window.adsbygoogle || []).push({}); \n<\/script>\n<\/div>","protected":false},"excerpt":{"rendered":"<p>Moins de vitesse, plus de vie de quartier : depuis plus de vingt ans, B\u00e2le d\u00e9veloppe un r\u00e9seau de \u00ab Begegnungszonen \u00bb, ou zones de rencontre, destin\u00e9es \u00e0 redonner de <a href=\"https:\/\/bale.ch\/journal\/bale-zones-de-rencontre-quartiers\/\" class=\"read-more button-fancy -red\"><span class=\"btn-arrow\"><\/span><span class=\"twp-read-more text\">Continuer la lecture<\/span><\/a><\/p>\n","protected":false},"author":2,"featured_media":4094,"comment_status":"closed","ping_status":"closed","sticky":false,"template":"","format":"standard","meta":{"footnotes":""},"categories":[7],"tags":[60],"class_list":["post-4093","post","type-post","status-publish","format-standard","has-post-thumbnail","hentry","category-bale","tag-bale"],"yoast_head":"<!-- This site is optimized with the Yoast SEO plugin v28.3 - https:\/\/yoast.com\/product\/yoast-seo-wordpress\/ -->\n<title>\u00c0 B\u00e2le, les \u00ab zones de rencontre \u00bb transforment progressivement les quartiers - Journal de B\u00e2le et Gen\u00e8ve<\/title>\n<meta name=\"robots\" content=\"index, follow, max-snippet:-1, max-image-preview:large, max-video-preview:-1\" \/>\n<link rel=\"canonical\" href=\"https:\/\/bale.ch\/journal\/bale-zones-de-rencontre-quartiers\/\" \/>\n<meta property=\"og:locale\" content=\"fr_FR\" \/>\n<meta property=\"og:type\" content=\"article\" \/>\n<meta property=\"og:title\" content=\"\u00c0 B\u00e2le, les \u00ab zones de rencontre \u00bb transforment progressivement les quartiers - Journal de B\u00e2le et Gen\u00e8ve\" \/>\n<meta property=\"og:description\" content=\"Moins de vitesse, plus de vie de quartier : depuis plus de vingt ans, B\u00e2le d\u00e9veloppe un r\u00e9seau de \u00ab Begegnungszonen \u00bb, ou zones de rencontre, destin\u00e9es \u00e0 redonner de Continuer la lecture\" \/>\n<meta property=\"og:url\" content=\"https:\/\/bale.ch\/journal\/bale-zones-de-rencontre-quartiers\/\" \/>\n<meta property=\"og:site_name\" content=\"Journal de B\u00e2le et Gen\u00e8ve\" \/>\n<meta property=\"article:published_time\" content=\"2026-06-07T11:34:00+00:00\" \/>\n<meta property=\"article:modified_time\" content=\"2026-06-07T11:34:06+00:00\" \/>\n<meta property=\"og:image\" content=\"https:\/\/bale.ch\/journal\/wp-content\/uploads\/2026\/06\/Capture-decran-2026-06-07-133156.png\" \/>\n\t<meta property=\"og:image:width\" content=\"942\" \/>\n\t<meta property=\"og:image:height\" content=\"562\" \/>\n\t<meta property=\"og:image:type\" content=\"image\/png\" \/>\n<meta name=\"author\" content=\"La R\u00e9daction\" \/>\n<meta name=\"twitter:card\" content=\"summary_large_image\" \/>\n<meta name=\"twitter:label1\" content=\"\u00c9crit par\" \/>\n\t<meta name=\"twitter:data1\" content=\"La R\u00e9daction\" \/>\n\t<meta name=\"twitter:label2\" content=\"Dur\u00e9e de lecture estim\u00e9e\" \/>\n\t<meta name=\"twitter:data2\" content=\"4 minutes\" \/>\n<script type=\"application\/ld+json\" class=\"yoast-schema-graph\">{\"@context\":\"https:\\\/\\\/schema.org\",\"@graph\":[{\"@type\":\"Article\",\"@id\":\"https:\\\/\\\/bale.ch\\\/journal\\\/bale-zones-de-rencontre-quartiers\\\/#article\",\"isPartOf\":{\"@id\":\"https:\\\/\\\/bale.ch\\\/journal\\\/bale-zones-de-rencontre-quartiers\\\/\"},\"author\":{\"name\":\"La R\u00e9daction\",\"@id\":\"https:\\\/\\\/bale.ch\\\/journal\\\/#\\\/schema\\\/person\\\/03ced978db3b7a5274c5cef003f352f5\"},\"headline\":\"\u00c0 B\u00e2le, les \u00ab zones de rencontre \u00bb transforment progressivement les quartiers\",\"datePublished\":\"2026-06-07T11:34:00+00:00\",\"dateModified\":\"2026-06-07T11:34:06+00:00\",\"mainEntityOfPage\":{\"@id\":\"https:\\\/\\\/bale.ch\\\/journal\\\/bale-zones-de-rencontre-quartiers\\\/\"},\"wordCount\":641,\"publisher\":{\"@id\":\"https:\\\/\\\/bale.ch\\\/journal\\\/#organization\"},\"image\":{\"@id\":\"https:\\\/\\\/bale.ch\\\/journal\\\/bale-zones-de-rencontre-quartiers\\\/#primaryimage\"},\"thumbnailUrl\":\"https:\\\/\\\/bale.ch\\\/journal\\\/wp-content\\\/uploads\\\/2026\\\/06\\\/Capture-decran-2026-06-07-133156.png\",\"keywords\":[\"B\u00e2le\"],\"articleSection\":[\"B\u00e2le Trinationale\"],\"inLanguage\":\"fr-FR\"},{\"@type\":\"WebPage\",\"@id\":\"https:\\\/\\\/bale.ch\\\/journal\\\/bale-zones-de-rencontre-quartiers\\\/\",\"url\":\"https:\\\/\\\/bale.ch\\\/journal\\\/bale-zones-de-rencontre-quartiers\\\/\",\"name\":\"\u00c0 B\u00e2le, les \u00ab zones de rencontre \u00bb transforment progressivement les quartiers - Journal de B\u00e2le et Gen\u00e8ve\",\"isPartOf\":{\"@id\":\"https:\\\/\\\/bale.ch\\\/journal\\\/#website\"},\"primaryImageOfPage\":{\"@id\":\"https:\\\/\\\/bale.ch\\\/journal\\\/bale-zones-de-rencontre-quartiers\\\/#primaryimage\"},\"image\":{\"@id\":\"https:\\\/\\\/bale.ch\\\/journal\\\/bale-zones-de-rencontre-quartiers\\\/#primaryimage\"},\"thumbnailUrl\":\"https:\\\/\\\/bale.ch\\\/journal\\\/wp-content\\\/uploads\\\/2026\\\/06\\\/Capture-decran-2026-06-07-133156.png\",\"datePublished\":\"2026-06-07T11:34:00+00:00\",\"dateModified\":\"2026-06-07T11:34:06+00:00\",\"breadcrumb\":{\"@id\":\"https:\\\/\\\/bale.ch\\\/journal\\\/bale-zones-de-rencontre-quartiers\\\/#breadcrumb\"},\"inLanguage\":\"fr-FR\",\"potentialAction\":[{\"@type\":\"ReadAction\",\"target\":[\"https:\\\/\\\/bale.ch\\\/journal\\\/bale-zones-de-rencontre-quartiers\\\/\"]}]},{\"@type\":\"ImageObject\",\"inLanguage\":\"fr-FR\",\"@id\":\"https:\\\/\\\/bale.ch\\\/journal\\\/bale-zones-de-rencontre-quartiers\\\/#primaryimage\",\"url\":\"https:\\\/\\\/bale.ch\\\/journal\\\/wp-content\\\/uploads\\\/2026\\\/06\\\/Capture-decran-2026-06-07-133156.png\",\"contentUrl\":\"https:\\\/\\\/bale.ch\\\/journal\\\/wp-content\\\/uploads\\\/2026\\\/06\\\/Capture-decran-2026-06-07-133156.png\",\"width\":942,\"height\":562},{\"@type\":\"BreadcrumbList\",\"@id\":\"https:\\\/\\\/bale.ch\\\/journal\\\/bale-zones-de-rencontre-quartiers\\\/#breadcrumb\",\"itemListElement\":[{\"@type\":\"ListItem\",\"position\":1,\"name\":\"Accueil\",\"item\":\"https:\\\/\\\/bale.ch\\\/journal\\\/\"},{\"@type\":\"ListItem\",\"position\":2,\"name\":\"\u00c0 B\u00e2le, les \u00ab zones de rencontre \u00bb transforment progressivement les quartiers\"}]},{\"@type\":\"WebSite\",\"@id\":\"https:\\\/\\\/bale.ch\\\/journal\\\/#website\",\"url\":\"https:\\\/\\\/bale.ch\\\/journal\\\/\",\"name\":\"Journal de B\u00e2le et Gen\u00e8ve\",\"description\":\"M\u00e9dia transfrontalier d&#039;actualit\u00e9s - News\",\"publisher\":{\"@id\":\"https:\\\/\\\/bale.ch\\\/journal\\\/#organization\"},\"potentialAction\":[{\"@type\":\"SearchAction\",\"target\":{\"@type\":\"EntryPoint\",\"urlTemplate\":\"https:\\\/\\\/bale.ch\\\/journal\\\/?s={search_term_string}\"},\"query-input\":{\"@type\":\"PropertyValueSpecification\",\"valueRequired\":true,\"valueName\":\"search_term_string\"}}],\"inLanguage\":\"fr-FR\"},{\"@type\":\"Organization\",\"@id\":\"https:\\\/\\\/bale.ch\\\/journal\\\/#organization\",\"name\":\"Journal de B\u00e2le et Gen\u00e8ve\",\"url\":\"https:\\\/\\\/bale.ch\\\/journal\\\/\",\"logo\":{\"@type\":\"ImageObject\",\"inLanguage\":\"fr-FR\",\"@id\":\"https:\\\/\\\/bale.ch\\\/journal\\\/#\\\/schema\\\/logo\\\/image\\\/\",\"url\":\"https:\\\/\\\/bale.ch\\\/journal\\\/wp-content\\\/uploads\\\/2023\\\/07\\\/journaldebale_logo_2023_nb.png\",\"contentUrl\":\"https:\\\/\\\/bale.ch\\\/journal\\\/wp-content\\\/uploads\\\/2023\\\/07\\\/journaldebale_logo_2023_nb.png\",\"width\":371,\"height\":127,\"caption\":\"Journal de B\u00e2le et Gen\u00e8ve\"},\"image\":{\"@id\":\"https:\\\/\\\/bale.ch\\\/journal\\\/#\\\/schema\\\/logo\\\/image\\\/\"}},{\"@type\":\"Person\",\"@id\":\"https:\\\/\\\/bale.ch\\\/journal\\\/#\\\/schema\\\/person\\\/03ced978db3b7a5274c5cef003f352f5\",\"name\":\"La R\u00e9daction\",\"image\":{\"@type\":\"ImageObject\",\"inLanguage\":\"fr-FR\",\"@id\":\"https:\\\/\\\/secure.gravatar.com\\\/avatar\\\/d1327e2ce8d2b860112f968a3f34686c9bdda7a463a1502cdd1070ac9d88cf1e?s=96&d=mm&r=g\",\"url\":\"https:\\\/\\\/secure.gravatar.com\\\/avatar\\\/d1327e2ce8d2b860112f968a3f34686c9bdda7a463a1502cdd1070ac9d88cf1e?s=96&d=mm&r=g\",\"contentUrl\":\"https:\\\/\\\/secure.gravatar.com\\\/avatar\\\/d1327e2ce8d2b860112f968a3f34686c9bdda7a463a1502cdd1070ac9d88cf1e?s=96&d=mm&r=g\",\"caption\":\"La R\u00e9daction\"},\"url\":\"https:\\\/\\\/bale.ch\\\/journal\\\/author\\\/laredaction\\\/\"}]}<\/script>\n<!-- \/ Yoast SEO plugin. -->","yoast_head_json":{"title":"\u00c0 B\u00e2le, les \u00ab zones de rencontre \u00bb transforment progressivement les quartiers - Journal de B\u00e2le et Gen\u00e8ve","robots":{"index":"index","follow":"follow","max-snippet":"max-snippet:-1","max-image-preview":"max-image-preview:large","max-video-preview":"max-video-preview:-1"},"canonical":"https:\/\/bale.ch\/journal\/bale-zones-de-rencontre-quartiers\/","og_locale":"fr_FR","og_type":"article","og_title":"\u00c0 B\u00e2le, les \u00ab zones de rencontre \u00bb transforment progressivement les quartiers - Journal de B\u00e2le et Gen\u00e8ve","og_description":"Moins de vitesse, plus de vie de quartier : depuis plus de vingt ans, B\u00e2le d\u00e9veloppe un r\u00e9seau de \u00ab Begegnungszonen \u00bb, ou zones de rencontre, destin\u00e9es \u00e0 redonner de Continuer la lecture","og_url":"https:\/\/bale.ch\/journal\/bale-zones-de-rencontre-quartiers\/","og_site_name":"Journal de B\u00e2le et Gen\u00e8ve","article_published_time":"2026-06-07T11:34:00+00:00","article_modified_time":"2026-06-07T11:34:06+00:00","og_image":[{"width":942,"height":562,"url":"https:\/\/bale.ch\/journal\/wp-content\/uploads\/2026\/06\/Capture-decran-2026-06-07-133156.png","type":"image\/png"}],"author":"La R\u00e9daction","twitter_card":"summary_large_image","twitter_misc":{"\u00c9crit par":"La R\u00e9daction","Dur\u00e9e de lecture estim\u00e9e":"4 minutes"},"schema":{"@context":"https:\/\/schema.org","@graph":[{"@type":"Article","@id":"https:\/\/bale.ch\/journal\/bale-zones-de-rencontre-quartiers\/#article","isPartOf":{"@id":"https:\/\/bale.ch\/journal\/bale-zones-de-rencontre-quartiers\/"},"author":{"name":"La R\u00e9daction","@id":"https:\/\/bale.ch\/journal\/#\/schema\/person\/03ced978db3b7a5274c5cef003f352f5"},"headline":"\u00c0 B\u00e2le, les \u00ab zones de rencontre \u00bb transforment progressivement les quartiers","datePublished":"2026-06-07T11:34:00+00:00","dateModified":"2026-06-07T11:34:06+00:00","mainEntityOfPage":{"@id":"https:\/\/bale.ch\/journal\/bale-zones-de-rencontre-quartiers\/"},"wordCount":641,"publisher":{"@id":"https:\/\/bale.ch\/journal\/#organization"},"image":{"@id":"https:\/\/bale.ch\/journal\/bale-zones-de-rencontre-quartiers\/#primaryimage"},"thumbnailUrl":"https:\/\/bale.ch\/journal\/wp-content\/uploads\/2026\/06\/Capture-decran-2026-06-07-133156.png","keywords":["B\u00e2le"],"articleSection":["B\u00e2le Trinationale"],"inLanguage":"fr-FR"},{"@type":"WebPage","@id":"https:\/\/bale.ch\/journal\/bale-zones-de-rencontre-quartiers\/","url":"https:\/\/bale.ch\/journal\/bale-zones-de-rencontre-quartiers\/","name":"\u00c0 B\u00e2le, les \u00ab zones de rencontre \u00bb transforment progressivement les quartiers - Journal de B\u00e2le et Gen\u00e8ve","isPartOf":{"@id":"https:\/\/bale.ch\/journal\/#website"},"primaryImageOfPage":{"@id":"https:\/\/bale.ch\/journal\/bale-zones-de-rencontre-quartiers\/#primaryimage"},"image":{"@id":"https:\/\/bale.ch\/journal\/bale-zones-de-rencontre-quartiers\/#primaryimage"},"thumbnailUrl":"https:\/\/bale.ch\/journal\/wp-content\/uploads\/2026\/06\/Capture-decran-2026-06-07-133156.png","datePublished":"2026-06-07T11:34:00+00:00","dateModified":"2026-06-07T11:34:06+00:00","breadcrumb":{"@id":"https:\/\/bale.ch\/journal\/bale-zones-de-rencontre-quartiers\/#breadcrumb"},"inLanguage":"fr-FR","potentialAction":[{"@type":"ReadAction","target":["https:\/\/bale.ch\/journal\/bale-zones-de-rencontre-quartiers\/"]}]},{"@type":"ImageObject","inLanguage":"fr-FR","@id":"https:\/\/bale.ch\/journal\/bale-zones-de-rencontre-quartiers\/#primaryimage","url":"https:\/\/bale.ch\/journal\/wp-content\/uploads\/2026\/06\/Capture-decran-2026-06-07-133156.png","contentUrl":"https:\/\/bale.ch\/journal\/wp-content\/uploads\/2026\/06\/Capture-decran-2026-06-07-133156.png","width":942,"height":562},{"@type":"BreadcrumbList","@id":"https:\/\/bale.ch\/journal\/bale-zones-de-rencontre-quartiers\/#breadcrumb","itemListElement":[{"@type":"ListItem","position":1,"name":"Accueil","item":"https:\/\/bale.ch\/journal\/"},{"@type":"ListItem","position":2,"name":"\u00c0 B\u00e2le, les \u00ab zones de rencontre \u00bb transforment progressivement les quartiers"}]},{"@type":"WebSite","@id":"https:\/\/bale.ch\/journal\/#website","url":"https:\/\/bale.ch\/journal\/","name":"Journal de B\u00e2le et Gen\u00e8ve","description":"M\u00e9dia transfrontalier d&#039;actualit\u00e9s - News","publisher":{"@id":"https:\/\/bale.ch\/journal\/#organization"},"potentialAction":[{"@type":"SearchAction","target":{"@type":"EntryPoint","urlTemplate":"https:\/\/bale.ch\/journal\/?s={search_term_string}"},"query-input":{"@type":"PropertyValueSpecification","valueRequired":true,"valueName":"search_term_string"}}],"inLanguage":"fr-FR"},{"@type":"Organization","@id":"https:\/\/bale.ch\/journal\/#organization","name":"Journal de B\u00e2le et Gen\u00e8ve","url":"https:\/\/bale.ch\/journal\/","logo":{"@type":"ImageObject","inLanguage":"fr-FR","@id":"https:\/\/bale.ch\/journal\/#\/schema\/logo\/image\/","url":"https:\/\/bale.ch\/journal\/wp-content\/uploads\/2023\/07\/journaldebale_logo_2023_nb.png","contentUrl":"https:\/\/bale.ch\/journal\/wp-content\/uploads\/2023\/07\/journaldebale_logo_2023_nb.png","width":371,"height":127,"caption":"Journal de B\u00e2le et Gen\u00e8ve"},"image":{"@id":"https:\/\/bale.ch\/journal\/#\/schema\/logo\/image\/"}},{"@type":"Person","@id":"https:\/\/bale.ch\/journal\/#\/schema\/person\/03ced978db3b7a5274c5cef003f352f5","name":"La R\u00e9daction","image":{"@type":"ImageObject","inLanguage":"fr-FR","@id":"https:\/\/secure.gravatar.com\/avatar\/d1327e2ce8d2b860112f968a3f34686c9bdda7a463a1502cdd1070ac9d88cf1e?s=96&d=mm&r=g","url":"https:\/\/secure.gravatar.com\/avatar\/d1327e2ce8d2b860112f968a3f34686c9bdda7a463a1502cdd1070ac9d88cf1e?s=96&d=mm&r=g","contentUrl":"https:\/\/secure.gravatar.com\/avatar\/d1327e2ce8d2b860112f968a3f34686c9bdda7a463a1502cdd1070ac9d88cf1e?s=96&d=mm&r=g","caption":"La R\u00e9daction"},"url":"https:\/\/bale.ch\/journal\/author\/laredaction\/"}]}},"_links":{"self":[{"href":"https:\/\/bale.ch\/journal\/wp-json\/wp\/v2\/posts\/4093","targetHints":{"allow":["GET"]}}],"collection":[{"href":"https:\/\/bale.ch\/journal\/wp-json\/wp\/v2\/posts"}],"about":[{"href":"https:\/\/bale.ch\/journal\/wp-json\/wp\/v2\/types\/post"}],"author":[{"embeddable":true,"href":"https:\/\/bale.ch\/journal\/wp-json\/wp\/v2\/users\/2"}],"replies":[{"embeddable":true,"href":"https:\/\/bale.ch\/journal\/wp-json\/wp\/v2\/comments?post=4093"}],"version-history":[{"count":1,"href":"https:\/\/bale.ch\/journal\/wp-json\/wp\/v2\/posts\/4093\/revisions"}],"predecessor-version":[{"id":4095,"href":"https:\/\/bale.ch\/journal\/wp-json\/wp\/v2\/posts\/4093\/revisions\/4095"}],"wp:featuredmedia":[{"embeddable":true,"href":"https:\/\/bale.ch\/journal\/wp-json\/wp\/v2\/media\/4094"}],"wp:attachment":[{"href":"https:\/\/bale.ch\/journal\/wp-json\/wp\/v2\/media?parent=4093"}],"wp:term":[{"taxonomy":"category","embeddable":true,"href":"https:\/\/bale.ch\/journal\/wp-json\/wp\/v2\/categories?post=4093"},{"taxonomy":"post_tag","embeddable":true,"href":"https:\/\/bale.ch\/journal\/wp-json\/wp\/v2\/tags?post=4093"}],"curies":[{"name":"wp","href":"https:\/\/api.w.org\/{rel}","templated":true}]}}