{"id":4096,"date":"2026-06-07T11:42:06","date_gmt":"2026-06-07T11:42:06","guid":{"rendered":"https:\/\/bale.ch\/journal\/?p=4096"},"modified":"2026-06-07T11:44:02","modified_gmt":"2026-06-07T11:44:02","slug":"superblocks-balois-revolution-urbaine","status":"publish","type":"post","link":"https:\/\/bale.ch\/journal\/superblocks-balois-revolution-urbaine\/","title":{"rendered":"Les \u00ab superblocks \u00bb b\u00e2lois redessinent la ville: r\u00e9volution urbaine ou laboratoire controvers\u00e9?"},"content":{"rendered":"\n<p class=\"wp-block-paragraph\"><strong>Moins de voitures, davantage d\u2019espaces de rencontre, plus de verdure et de vie de quartier : depuis plusieurs mois, B\u00e2le exp\u00e9rimente un concept urbain encore in\u00e9dit en Suisse \u00e0 cette \u00e9chelle, celui des \u00ab superblocks \u00bb. Inspir\u00e9e de Barcelone, cette approche vise \u00e0 transformer certaines rues r\u00e9sidentielles en espaces davantage tourn\u00e9s vers les habitants que vers le trafic automobile. Une exp\u00e9rience qui suscite autant d\u2019enthousiasme que de d\u00e9bats.<\/strong><\/p>\n\n\n\n<p class=\"wp-block-paragraph\">Depuis l\u2019\u00e9t\u00e9 2025, le canton de B\u00e2le-Ville teste deux superblocks dans les quartiers du St. Johann et du Matth\u00e4us. L&rsquo;objectif est de d\u00e9terminer si ce mod\u00e8le, d\u00e9j\u00e0 adopt\u00e9 dans plusieurs villes europ\u00e9ennes, peut contribuer \u00e0 am\u00e9liorer la qualit\u00e9 de vie dans les quartiers dens\u00e9ment urbanis\u00e9s. Les projets pilotes doivent durer un an avant de faire l&rsquo;objet d&rsquo;une \u00e9valuation compl\u00e8te.<\/p>\n\n\n\n<p class=\"wp-block-paragraph\">Le principe est relativement simple. Dans un superblock, les rues de quartier restent accessibles aux riverains, aux services d&rsquo;urgence, aux livraisons et aux taxis, mais le trafic de transit est fortement limit\u00e9. Les pi\u00e9tons deviennent prioritaires et la vitesse maximale est r\u00e9duite \u00e0 20 km\/h. Des espaces auparavant consacr\u00e9s \u00e0 la circulation ou au stationnement peuvent \u00eatre transform\u00e9s en lieux de rencontre, de jeux ou de d\u00e9tente.<\/p><div id=\"crieu-3145241667\" class=\"crieu-content crieu-entity-placement\"><script async src=\"\/\/pagead2.googlesyndication.com\/pagead\/js\/adsbygoogle.js?client=ca-pub-5271584769416742\" crossorigin=\"anonymous\"><\/script><ins class=\"adsbygoogle\" style=\"display:block;\" data-ad-client=\"ca-pub-5271584769416742\" \ndata-ad-slot=\"9321250718\" \ndata-ad-format=\"auto\"><\/ins>\n<script> \n(adsbygoogle = window.adsbygoogle || []).push({}); \n<\/script>\n<\/div>\n\n\n\n<p class=\"wp-block-paragraph\">L&rsquo;id\u00e9e est n\u00e9e \u00e0 Barcelone, o\u00f9 plusieurs \u00eelots urbains ont \u00e9t\u00e9 regroup\u00e9s afin de r\u00e9duire le trafic automobile au c\u0153ur des quartiers. Selon les urbanistes, les superblocks permettent de diminuer le bruit, d&rsquo;am\u00e9liorer la s\u00e9curit\u00e9 routi\u00e8re, de lutter contre les \u00eelots de chaleur et de favoriser les d\u00e9placements \u00e0 pied ou \u00e0 v\u00e9lo. Le mod\u00e8le s&rsquo;est depuis export\u00e9 dans plusieurs villes europ\u00e9ennes.<\/p>\n\n\n\n<figure class=\"wp-block-image size-large\"><a href=\"https:\/\/bale.ch\/journal\/wp-content\/uploads\/2026\/06\/Superblock_Graphic_2025.jpg\"><img loading=\"lazy\" decoding=\"async\" width=\"1024\" height=\"562\" src=\"https:\/\/bale.ch\/journal\/wp-content\/uploads\/2026\/06\/Superblock_Graphic_2025-1024x562.jpg\" alt=\"\" class=\"wp-image-4098\" srcset=\"https:\/\/bale.ch\/journal\/wp-content\/uploads\/2026\/06\/Superblock_Graphic_2025-1024x562.jpg 1024w, https:\/\/bale.ch\/journal\/wp-content\/uploads\/2026\/06\/Superblock_Graphic_2025-300x165.jpg 300w, https:\/\/bale.ch\/journal\/wp-content\/uploads\/2026\/06\/Superblock_Graphic_2025-768x422.jpg 768w, https:\/\/bale.ch\/journal\/wp-content\/uploads\/2026\/06\/Superblock_Graphic_2025.jpg 1100w\" sizes=\"auto, (max-width: 1024px) 100vw, 1024px\" \/><\/a><\/figure>\n\n\n\n<p class=\"wp-block-paragraph\">\u00c0 B\u00e2le, les projets du St. Johann et du Matth\u00e4us ont \u00e9t\u00e9 d\u00e9velopp\u00e9s dans le cadre d&rsquo;une d\u00e9marche participative. Les habitants ont \u00e9t\u00e9 associ\u00e9s au choix du mobilier urbain, des espaces de rencontre et des usages temporaires. Bancs, plantations mobiles, zones de jeux ou espaces de convivialit\u00e9 ont ainsi fait leur apparition dans certaines rues. Pour cette phase de test, aucun arbre n&rsquo;a toutefois \u00e9t\u00e9 plant\u00e9 et aucune rue n&rsquo;a \u00e9t\u00e9 d\u00e9simperm\u00e9abilis\u00e9e : le canton a choisi des installations temporaires afin de pouvoir adapter ou retirer les am\u00e9nagements si n\u00e9cessaire.<\/p>\n\n\n\n<p class=\"wp-block-paragraph\">Ces exp\u00e9rimentations s&rsquo;inscrivent dans une strat\u00e9gie plus large de transition urbaine. Face au changement climatique, \u00e0 la densification de la ville et aux enjeux de sant\u00e9 publique, les autorit\u00e9s b\u00e2loises cherchent \u00e0 rendre les quartiers plus r\u00e9silients et agr\u00e9ables \u00e0 vivre. Les superblocks viennent ainsi compl\u00e9ter d&rsquo;autres politiques men\u00e9es ces derni\u00e8res ann\u00e9es, comme le d\u00e9veloppement du v\u00e9lo, la cr\u00e9ation de zones de rencontre ou la v\u00e9g\u00e9talisation de l&rsquo;espace public.<\/p>\n\n\n\n<p class=\"wp-block-paragraph\">Mais le projet ne fait pas l&rsquo;unanimit\u00e9. Certains habitants et commer\u00e7ants d\u00e9noncent la suppression de places de stationnement et craignent un report du trafic dans les rues voisines. Des recours ont \u00e9t\u00e9 d\u00e9pos\u00e9s et plusieurs associations critiquent ce qu&rsquo;elles consid\u00e8rent comme une r\u00e9duction excessive de la place de la voiture dans une ville d\u00e9j\u00e0 fortement contrainte en mati\u00e8re de stationnement.<\/p>\n\n\n\n<p class=\"wp-block-paragraph\">\u00c0 l&rsquo;inverse, les d\u00e9fenseurs du projet estiment que les premiers mois d&rsquo;exp\u00e9rimentation montrent un potentiel important pour am\u00e9liorer la vie de quartier. Plusieurs associations militent d\u00e9j\u00e0 pour p\u00e9renniser les am\u00e9nagements et \u00e9tendre le mod\u00e8le \u00e0 d&rsquo;autres secteurs de la ville.<\/p>\n\n\n\n<p class=\"wp-block-paragraph\">L&rsquo;ann\u00e9e 2026 sera donc d\u00e9terminante. Les r\u00e9sultats du suivi scientifique, des enqu\u00eates aupr\u00e8s des habitants et des mesures de trafic doivent permettre au gouvernement b\u00e2lois de d\u00e9cider si les superblocks resteront une exp\u00e9rimentation ponctuelle ou deviendront un nouvel outil d&rsquo;am\u00e9nagement urbain \u00e0 grande \u00e9chelle.<\/p>\n\n\n\n<p class=\"wp-block-paragraph\">Pour de nombreux observateurs, l&rsquo;enjeu d\u00e9passe d&rsquo;ailleurs largement les deux quartiers concern\u00e9s. Derri\u00e8re les bancs, les bacs \u00e0 fleurs et les limitations de vitesse, c&rsquo;est une question plus fondamentale qui se pose : quelle place accorder \u00e0 la voiture dans la ville du XXIe si\u00e8cle? Zurich, Gen\u00e8ve et Lausanne observent attentivement les r\u00e9sultats de l&rsquo;exp\u00e9rience b\u00e2loise.<\/p>\n\n\n\n<h2 class=\"wp-block-heading\">Cet article pourrait vous int\u00e9resser:<\/h2>\n\n\n\n<figure class=\"wp-block-embed is-type-wp-embed is-provider-journal-de-b-le-et-gen-ve wp-block-embed-journal-de-b-le-et-gen-ve\"><div class=\"wp-block-embed__wrapper\">\n<blockquote class=\"wp-embedded-content\" data-secret=\"1zklGEnxt7\"><a href=\"https:\/\/bale.ch\/journal\/bale-zones-de-rencontre-quartiers\/\">\u00c0 B\u00e2le, les \u00ab zones de rencontre \u00bb transforment progressivement les quartiers<\/a><\/blockquote><iframe loading=\"lazy\" class=\"wp-embedded-content\" sandbox=\"allow-scripts\" security=\"restricted\" style=\"position: absolute; visibility: hidden;\" title=\"\u00ab\u00a0\u00c0 B\u00e2le, les \u00ab zones de rencontre \u00bb transforment progressivement les quartiers\u00a0\u00bb \u2014 Journal de B\u00e2le et Gen\u00e8ve\" src=\"https:\/\/bale.ch\/journal\/bale-zones-de-rencontre-quartiers\/embed\/#?secret=C0vp4VVmUN#?secret=1zklGEnxt7\" data-secret=\"1zklGEnxt7\" width=\"600\" height=\"338\" frameborder=\"0\" marginwidth=\"0\" marginheight=\"0\" scrolling=\"no\"><\/iframe>\n<\/div><\/figure>\n<div id=\"crieu-1176960740\" class=\"crieu-apres-le-contenu crieu-entity-placement\" style=\"margin-left: auto;margin-right: auto;text-align: center;\"><script async src=\"\/\/pagead2.googlesyndication.com\/pagead\/js\/adsbygoogle.js?client=ca-pub-5271584769416742\" crossorigin=\"anonymous\"><\/script><ins class=\"adsbygoogle\" style=\"display:block;\" data-ad-client=\"ca-pub-5271584769416742\" \ndata-ad-slot=\"9321250718\" \ndata-ad-format=\"auto\"><\/ins>\n<script> \n(adsbygoogle = window.adsbygoogle || []).push({}); \n<\/script>\n<\/div>","protected":false},"excerpt":{"rendered":"<p>Moins de voitures, davantage d\u2019espaces de rencontre, plus de verdure et de vie de quartier : depuis plusieurs mois, B\u00e2le exp\u00e9rimente un concept urbain encore in\u00e9dit en Suisse \u00e0 cette <a href=\"https:\/\/bale.ch\/journal\/superblocks-balois-revolution-urbaine\/\" class=\"read-more button-fancy -red\"><span class=\"btn-arrow\"><\/span><span class=\"twp-read-more text\">Continuer la lecture<\/span><\/a><\/p>\n","protected":false},"author":2,"featured_media":4097,"comment_status":"closed","ping_status":"closed","sticky":false,"template":"","format":"standard","meta":{"footnotes":""},"categories":[7],"tags":[60,81],"class_list":["post-4096","post","type-post","status-publish","format-standard","has-post-thumbnail","hentry","category-bale","tag-bale","tag-urbanisme"],"yoast_head":"<!-- This site is optimized with the Yoast SEO plugin v28.3 - https:\/\/yoast.com\/product\/yoast-seo-wordpress\/ -->\n<title>Les \u00ab superblocks \u00bb b\u00e2lois redessinent la ville: r\u00e9volution urbaine ou laboratoire controvers\u00e9? - Journal de B\u00e2le et Gen\u00e8ve<\/title>\n<meta name=\"robots\" content=\"index, follow, max-snippet:-1, max-image-preview:large, max-video-preview:-1\" \/>\n<link rel=\"canonical\" href=\"https:\/\/bale.ch\/journal\/superblocks-balois-revolution-urbaine\/\" \/>\n<meta property=\"og:locale\" content=\"fr_FR\" \/>\n<meta property=\"og:type\" content=\"article\" \/>\n<meta property=\"og:title\" content=\"Les \u00ab superblocks \u00bb b\u00e2lois redessinent la ville: r\u00e9volution urbaine ou laboratoire controvers\u00e9? - Journal de B\u00e2le et Gen\u00e8ve\" \/>\n<meta property=\"og:description\" content=\"Moins de voitures, davantage d\u2019espaces de rencontre, plus de verdure et de vie de quartier : depuis plusieurs mois, B\u00e2le exp\u00e9rimente un concept urbain encore in\u00e9dit en Suisse \u00e0 cette Continuer la lecture\" \/>\n<meta property=\"og:url\" content=\"https:\/\/bale.ch\/journal\/superblocks-balois-revolution-urbaine\/\" \/>\n<meta property=\"og:site_name\" content=\"Journal de B\u00e2le et Gen\u00e8ve\" \/>\n<meta property=\"article:published_time\" content=\"2026-06-07T11:42:06+00:00\" \/>\n<meta property=\"article:modified_time\" content=\"2026-06-07T11:44:02+00:00\" \/>\n<meta property=\"og:image\" content=\"https:\/\/bale.ch\/journal\/wp-content\/uploads\/2026\/06\/Superblock_Basel_Umrissplan_2025_.jpg\" \/>\n\t<meta property=\"og:image:width\" content=\"1280\" \/>\n\t<meta property=\"og:image:height\" content=\"640\" \/>\n\t<meta property=\"og:image:type\" content=\"image\/jpeg\" \/>\n<meta name=\"author\" content=\"La R\u00e9daction\" \/>\n<meta name=\"twitter:card\" content=\"summary_large_image\" \/>\n<meta name=\"twitter:label1\" content=\"\u00c9crit par\" \/>\n\t<meta name=\"twitter:data1\" content=\"La R\u00e9daction\" \/>\n\t<meta name=\"twitter:label2\" content=\"Dur\u00e9e de lecture estim\u00e9e\" \/>\n\t<meta name=\"twitter:data2\" content=\"4 minutes\" \/>\n<script type=\"application\/ld+json\" class=\"yoast-schema-graph\">{\"@context\":\"https:\\\/\\\/schema.org\",\"@graph\":[{\"@type\":\"Article\",\"@id\":\"https:\\\/\\\/bale.ch\\\/journal\\\/superblocks-balois-revolution-urbaine\\\/#article\",\"isPartOf\":{\"@id\":\"https:\\\/\\\/bale.ch\\\/journal\\\/superblocks-balois-revolution-urbaine\\\/\"},\"author\":{\"name\":\"La R\u00e9daction\",\"@id\":\"https:\\\/\\\/bale.ch\\\/journal\\\/#\\\/schema\\\/person\\\/03ced978db3b7a5274c5cef003f352f5\"},\"headline\":\"Les \u00ab superblocks \u00bb b\u00e2lois redessinent la ville: r\u00e9volution urbaine ou laboratoire controvers\u00e9?\",\"datePublished\":\"2026-06-07T11:42:06+00:00\",\"dateModified\":\"2026-06-07T11:44:02+00:00\",\"mainEntityOfPage\":{\"@id\":\"https:\\\/\\\/bale.ch\\\/journal\\\/superblocks-balois-revolution-urbaine\\\/\"},\"wordCount\":735,\"publisher\":{\"@id\":\"https:\\\/\\\/bale.ch\\\/journal\\\/#organization\"},\"image\":{\"@id\":\"https:\\\/\\\/bale.ch\\\/journal\\\/superblocks-balois-revolution-urbaine\\\/#primaryimage\"},\"thumbnailUrl\":\"https:\\\/\\\/bale.ch\\\/journal\\\/wp-content\\\/uploads\\\/2026\\\/06\\\/Superblock_Basel_Umrissplan_2025_.jpg\",\"keywords\":[\"B\u00e2le\",\"urbanisme\"],\"articleSection\":[\"B\u00e2le Trinationale\"],\"inLanguage\":\"fr-FR\"},{\"@type\":\"WebPage\",\"@id\":\"https:\\\/\\\/bale.ch\\\/journal\\\/superblocks-balois-revolution-urbaine\\\/\",\"url\":\"https:\\\/\\\/bale.ch\\\/journal\\\/superblocks-balois-revolution-urbaine\\\/\",\"name\":\"Les \u00ab superblocks \u00bb b\u00e2lois redessinent la ville: r\u00e9volution urbaine ou laboratoire controvers\u00e9? - Journal de B\u00e2le et Gen\u00e8ve\",\"isPartOf\":{\"@id\":\"https:\\\/\\\/bale.ch\\\/journal\\\/#website\"},\"primaryImageOfPage\":{\"@id\":\"https:\\\/\\\/bale.ch\\\/journal\\\/superblocks-balois-revolution-urbaine\\\/#primaryimage\"},\"image\":{\"@id\":\"https:\\\/\\\/bale.ch\\\/journal\\\/superblocks-balois-revolution-urbaine\\\/#primaryimage\"},\"thumbnailUrl\":\"https:\\\/\\\/bale.ch\\\/journal\\\/wp-content\\\/uploads\\\/2026\\\/06\\\/Superblock_Basel_Umrissplan_2025_.jpg\",\"datePublished\":\"2026-06-07T11:42:06+00:00\",\"dateModified\":\"2026-06-07T11:44:02+00:00\",\"breadcrumb\":{\"@id\":\"https:\\\/\\\/bale.ch\\\/journal\\\/superblocks-balois-revolution-urbaine\\\/#breadcrumb\"},\"inLanguage\":\"fr-FR\",\"potentialAction\":[{\"@type\":\"ReadAction\",\"target\":[\"https:\\\/\\\/bale.ch\\\/journal\\\/superblocks-balois-revolution-urbaine\\\/\"]}]},{\"@type\":\"ImageObject\",\"inLanguage\":\"fr-FR\",\"@id\":\"https:\\\/\\\/bale.ch\\\/journal\\\/superblocks-balois-revolution-urbaine\\\/#primaryimage\",\"url\":\"https:\\\/\\\/bale.ch\\\/journal\\\/wp-content\\\/uploads\\\/2026\\\/06\\\/Superblock_Basel_Umrissplan_2025_.jpg\",\"contentUrl\":\"https:\\\/\\\/bale.ch\\\/journal\\\/wp-content\\\/uploads\\\/2026\\\/06\\\/Superblock_Basel_Umrissplan_2025_.jpg\",\"width\":1280,\"height\":640},{\"@type\":\"BreadcrumbList\",\"@id\":\"https:\\\/\\\/bale.ch\\\/journal\\\/superblocks-balois-revolution-urbaine\\\/#breadcrumb\",\"itemListElement\":[{\"@type\":\"ListItem\",\"position\":1,\"name\":\"Accueil\",\"item\":\"https:\\\/\\\/bale.ch\\\/journal\\\/\"},{\"@type\":\"ListItem\",\"position\":2,\"name\":\"Les \u00ab superblocks \u00bb b\u00e2lois redessinent la ville: r\u00e9volution urbaine ou laboratoire controvers\u00e9?\"}]},{\"@type\":\"WebSite\",\"@id\":\"https:\\\/\\\/bale.ch\\\/journal\\\/#website\",\"url\":\"https:\\\/\\\/bale.ch\\\/journal\\\/\",\"name\":\"Journal de B\u00e2le et Gen\u00e8ve\",\"description\":\"M\u00e9dia transfrontalier d&#039;actualit\u00e9s - News\",\"publisher\":{\"@id\":\"https:\\\/\\\/bale.ch\\\/journal\\\/#organization\"},\"potentialAction\":[{\"@type\":\"SearchAction\",\"target\":{\"@type\":\"EntryPoint\",\"urlTemplate\":\"https:\\\/\\\/bale.ch\\\/journal\\\/?s={search_term_string}\"},\"query-input\":{\"@type\":\"PropertyValueSpecification\",\"valueRequired\":true,\"valueName\":\"search_term_string\"}}],\"inLanguage\":\"fr-FR\"},{\"@type\":\"Organization\",\"@id\":\"https:\\\/\\\/bale.ch\\\/journal\\\/#organization\",\"name\":\"Journal de B\u00e2le et Gen\u00e8ve\",\"url\":\"https:\\\/\\\/bale.ch\\\/journal\\\/\",\"logo\":{\"@type\":\"ImageObject\",\"inLanguage\":\"fr-FR\",\"@id\":\"https:\\\/\\\/bale.ch\\\/journal\\\/#\\\/schema\\\/logo\\\/image\\\/\",\"url\":\"https:\\\/\\\/bale.ch\\\/journal\\\/wp-content\\\/uploads\\\/2023\\\/07\\\/journaldebale_logo_2023_nb.png\",\"contentUrl\":\"https:\\\/\\\/bale.ch\\\/journal\\\/wp-content\\\/uploads\\\/2023\\\/07\\\/journaldebale_logo_2023_nb.png\",\"width\":371,\"height\":127,\"caption\":\"Journal de B\u00e2le et Gen\u00e8ve\"},\"image\":{\"@id\":\"https:\\\/\\\/bale.ch\\\/journal\\\/#\\\/schema\\\/logo\\\/image\\\/\"}},{\"@type\":\"Person\",\"@id\":\"https:\\\/\\\/bale.ch\\\/journal\\\/#\\\/schema\\\/person\\\/03ced978db3b7a5274c5cef003f352f5\",\"name\":\"La R\u00e9daction\",\"image\":{\"@type\":\"ImageObject\",\"inLanguage\":\"fr-FR\",\"@id\":\"https:\\\/\\\/secure.gravatar.com\\\/avatar\\\/d1327e2ce8d2b860112f968a3f34686c9bdda7a463a1502cdd1070ac9d88cf1e?s=96&d=mm&r=g\",\"url\":\"https:\\\/\\\/secure.gravatar.com\\\/avatar\\\/d1327e2ce8d2b860112f968a3f34686c9bdda7a463a1502cdd1070ac9d88cf1e?s=96&d=mm&r=g\",\"contentUrl\":\"https:\\\/\\\/secure.gravatar.com\\\/avatar\\\/d1327e2ce8d2b860112f968a3f34686c9bdda7a463a1502cdd1070ac9d88cf1e?s=96&d=mm&r=g\",\"caption\":\"La R\u00e9daction\"},\"url\":\"https:\\\/\\\/bale.ch\\\/journal\\\/author\\\/laredaction\\\/\"}]}<\/script>\n<!-- \/ Yoast SEO plugin. -->","yoast_head_json":{"title":"Les \u00ab superblocks \u00bb b\u00e2lois redessinent la ville: r\u00e9volution urbaine ou laboratoire controvers\u00e9? - Journal de B\u00e2le et Gen\u00e8ve","robots":{"index":"index","follow":"follow","max-snippet":"max-snippet:-1","max-image-preview":"max-image-preview:large","max-video-preview":"max-video-preview:-1"},"canonical":"https:\/\/bale.ch\/journal\/superblocks-balois-revolution-urbaine\/","og_locale":"fr_FR","og_type":"article","og_title":"Les \u00ab superblocks \u00bb b\u00e2lois redessinent la ville: r\u00e9volution urbaine ou laboratoire controvers\u00e9? - Journal de B\u00e2le et Gen\u00e8ve","og_description":"Moins de voitures, davantage d\u2019espaces de rencontre, plus de verdure et de vie de quartier : depuis plusieurs mois, B\u00e2le exp\u00e9rimente un concept urbain encore in\u00e9dit en Suisse \u00e0 cette Continuer la lecture","og_url":"https:\/\/bale.ch\/journal\/superblocks-balois-revolution-urbaine\/","og_site_name":"Journal de B\u00e2le et Gen\u00e8ve","article_published_time":"2026-06-07T11:42:06+00:00","article_modified_time":"2026-06-07T11:44:02+00:00","og_image":[{"width":1280,"height":640,"url":"https:\/\/bale.ch\/journal\/wp-content\/uploads\/2026\/06\/Superblock_Basel_Umrissplan_2025_.jpg","type":"image\/jpeg"}],"author":"La R\u00e9daction","twitter_card":"summary_large_image","twitter_misc":{"\u00c9crit par":"La R\u00e9daction","Dur\u00e9e de lecture estim\u00e9e":"4 minutes"},"schema":{"@context":"https:\/\/schema.org","@graph":[{"@type":"Article","@id":"https:\/\/bale.ch\/journal\/superblocks-balois-revolution-urbaine\/#article","isPartOf":{"@id":"https:\/\/bale.ch\/journal\/superblocks-balois-revolution-urbaine\/"},"author":{"name":"La R\u00e9daction","@id":"https:\/\/bale.ch\/journal\/#\/schema\/person\/03ced978db3b7a5274c5cef003f352f5"},"headline":"Les \u00ab superblocks \u00bb b\u00e2lois redessinent la ville: r\u00e9volution urbaine ou laboratoire controvers\u00e9?","datePublished":"2026-06-07T11:42:06+00:00","dateModified":"2026-06-07T11:44:02+00:00","mainEntityOfPage":{"@id":"https:\/\/bale.ch\/journal\/superblocks-balois-revolution-urbaine\/"},"wordCount":735,"publisher":{"@id":"https:\/\/bale.ch\/journal\/#organization"},"image":{"@id":"https:\/\/bale.ch\/journal\/superblocks-balois-revolution-urbaine\/#primaryimage"},"thumbnailUrl":"https:\/\/bale.ch\/journal\/wp-content\/uploads\/2026\/06\/Superblock_Basel_Umrissplan_2025_.jpg","keywords":["B\u00e2le","urbanisme"],"articleSection":["B\u00e2le Trinationale"],"inLanguage":"fr-FR"},{"@type":"WebPage","@id":"https:\/\/bale.ch\/journal\/superblocks-balois-revolution-urbaine\/","url":"https:\/\/bale.ch\/journal\/superblocks-balois-revolution-urbaine\/","name":"Les \u00ab superblocks \u00bb b\u00e2lois redessinent la ville: r\u00e9volution urbaine ou laboratoire controvers\u00e9? - Journal de B\u00e2le et Gen\u00e8ve","isPartOf":{"@id":"https:\/\/bale.ch\/journal\/#website"},"primaryImageOfPage":{"@id":"https:\/\/bale.ch\/journal\/superblocks-balois-revolution-urbaine\/#primaryimage"},"image":{"@id":"https:\/\/bale.ch\/journal\/superblocks-balois-revolution-urbaine\/#primaryimage"},"thumbnailUrl":"https:\/\/bale.ch\/journal\/wp-content\/uploads\/2026\/06\/Superblock_Basel_Umrissplan_2025_.jpg","datePublished":"2026-06-07T11:42:06+00:00","dateModified":"2026-06-07T11:44:02+00:00","breadcrumb":{"@id":"https:\/\/bale.ch\/journal\/superblocks-balois-revolution-urbaine\/#breadcrumb"},"inLanguage":"fr-FR","potentialAction":[{"@type":"ReadAction","target":["https:\/\/bale.ch\/journal\/superblocks-balois-revolution-urbaine\/"]}]},{"@type":"ImageObject","inLanguage":"fr-FR","@id":"https:\/\/bale.ch\/journal\/superblocks-balois-revolution-urbaine\/#primaryimage","url":"https:\/\/bale.ch\/journal\/wp-content\/uploads\/2026\/06\/Superblock_Basel_Umrissplan_2025_.jpg","contentUrl":"https:\/\/bale.ch\/journal\/wp-content\/uploads\/2026\/06\/Superblock_Basel_Umrissplan_2025_.jpg","width":1280,"height":640},{"@type":"BreadcrumbList","@id":"https:\/\/bale.ch\/journal\/superblocks-balois-revolution-urbaine\/#breadcrumb","itemListElement":[{"@type":"ListItem","position":1,"name":"Accueil","item":"https:\/\/bale.ch\/journal\/"},{"@type":"ListItem","position":2,"name":"Les \u00ab superblocks \u00bb b\u00e2lois redessinent la ville: r\u00e9volution urbaine ou laboratoire controvers\u00e9?"}]},{"@type":"WebSite","@id":"https:\/\/bale.ch\/journal\/#website","url":"https:\/\/bale.ch\/journal\/","name":"Journal de B\u00e2le et Gen\u00e8ve","description":"M\u00e9dia transfrontalier d&#039;actualit\u00e9s - News","publisher":{"@id":"https:\/\/bale.ch\/journal\/#organization"},"potentialAction":[{"@type":"SearchAction","target":{"@type":"EntryPoint","urlTemplate":"https:\/\/bale.ch\/journal\/?s={search_term_string}"},"query-input":{"@type":"PropertyValueSpecification","valueRequired":true,"valueName":"search_term_string"}}],"inLanguage":"fr-FR"},{"@type":"Organization","@id":"https:\/\/bale.ch\/journal\/#organization","name":"Journal de B\u00e2le et Gen\u00e8ve","url":"https:\/\/bale.ch\/journal\/","logo":{"@type":"ImageObject","inLanguage":"fr-FR","@id":"https:\/\/bale.ch\/journal\/#\/schema\/logo\/image\/","url":"https:\/\/bale.ch\/journal\/wp-content\/uploads\/2023\/07\/journaldebale_logo_2023_nb.png","contentUrl":"https:\/\/bale.ch\/journal\/wp-content\/uploads\/2023\/07\/journaldebale_logo_2023_nb.png","width":371,"height":127,"caption":"Journal de B\u00e2le et Gen\u00e8ve"},"image":{"@id":"https:\/\/bale.ch\/journal\/#\/schema\/logo\/image\/"}},{"@type":"Person","@id":"https:\/\/bale.ch\/journal\/#\/schema\/person\/03ced978db3b7a5274c5cef003f352f5","name":"La R\u00e9daction","image":{"@type":"ImageObject","inLanguage":"fr-FR","@id":"https:\/\/secure.gravatar.com\/avatar\/d1327e2ce8d2b860112f968a3f34686c9bdda7a463a1502cdd1070ac9d88cf1e?s=96&d=mm&r=g","url":"https:\/\/secure.gravatar.com\/avatar\/d1327e2ce8d2b860112f968a3f34686c9bdda7a463a1502cdd1070ac9d88cf1e?s=96&d=mm&r=g","contentUrl":"https:\/\/secure.gravatar.com\/avatar\/d1327e2ce8d2b860112f968a3f34686c9bdda7a463a1502cdd1070ac9d88cf1e?s=96&d=mm&r=g","caption":"La R\u00e9daction"},"url":"https:\/\/bale.ch\/journal\/author\/laredaction\/"}]}},"_links":{"self":[{"href":"https:\/\/bale.ch\/journal\/wp-json\/wp\/v2\/posts\/4096","targetHints":{"allow":["GET"]}}],"collection":[{"href":"https:\/\/bale.ch\/journal\/wp-json\/wp\/v2\/posts"}],"about":[{"href":"https:\/\/bale.ch\/journal\/wp-json\/wp\/v2\/types\/post"}],"author":[{"embeddable":true,"href":"https:\/\/bale.ch\/journal\/wp-json\/wp\/v2\/users\/2"}],"replies":[{"embeddable":true,"href":"https:\/\/bale.ch\/journal\/wp-json\/wp\/v2\/comments?post=4096"}],"version-history":[{"count":2,"href":"https:\/\/bale.ch\/journal\/wp-json\/wp\/v2\/posts\/4096\/revisions"}],"predecessor-version":[{"id":4100,"href":"https:\/\/bale.ch\/journal\/wp-json\/wp\/v2\/posts\/4096\/revisions\/4100"}],"wp:featuredmedia":[{"embeddable":true,"href":"https:\/\/bale.ch\/journal\/wp-json\/wp\/v2\/media\/4097"}],"wp:attachment":[{"href":"https:\/\/bale.ch\/journal\/wp-json\/wp\/v2\/media?parent=4096"}],"wp:term":[{"taxonomy":"category","embeddable":true,"href":"https:\/\/bale.ch\/journal\/wp-json\/wp\/v2\/categories?post=4096"},{"taxonomy":"post_tag","embeddable":true,"href":"https:\/\/bale.ch\/journal\/wp-json\/wp\/v2\/tags?post=4096"}],"curies":[{"name":"wp","href":"https:\/\/api.w.org\/{rel}","templated":true}]}}